{"id":4204,"date":"2020-11-17T22:18:15","date_gmt":"2020-11-18T05:18:15","guid":{"rendered":"https:\/\/soledaddurazo.com\/?p=4204"},"modified":"2020-11-17T22:18:15","modified_gmt":"2020-11-18T05:18:15","slug":"diabetes-complica-gravemente-covid-19","status":"publish","type":"post","link":"https:\/\/soledaddurazo.com\/blog\/2020\/11\/17\/diabetes-complica-gravemente-covid-19\/","title":{"rendered":"Diabetes complica gravemente Covid-19"},"content":{"rendered":"<p>La diabetes ha cobrado muchas vidas en personas que se han contagiado de COVID-19, es considerada otra pandemia, pues afecta a millones de personas y se asocia a enfermedades como obesidad e hipertensi\u00f3n, que est\u00e1n entre las principales causas de muerte en el pa\u00eds, destac\u00f3 Enrique Clausen Iberri.<\/p>\n<p>El secretario de Salud llam\u00f3 a la poblaci\u00f3n a hacer conciencia a quienes viven con diabetes y adem\u00e1s tienen sobrepeso u obesidad a cambiar h\u00e1bitos y mejorar su estilo de vida, ya que la prevenci\u00f3n es el mejor tratamiento de las enfermedades.<\/p>\n<p>\u201cAl igual que usar cubrebocas, lavarse frecuentemente las manos, y guardar sana distancia para protegernos del Covid, tambi\u00e9n hay regla de tres para cuidarte si padeces diabetes: comer saludablemente, hacer ejercicio y medir contantemente tu glucosa y seguir el tratamiento m\u00e9dico\u201d, indic\u00f3.<\/p>\n<p>Clausen Iberri mencion\u00f3 que el cuerpo es la principal herramienta de trabajo de una persona, por lo que es importante prevenir a atenderlo cuando este ya se encuentre enfermo.<\/p>\n<p>\u201cRecuerda que nuestro cuerpo es nuestra principal herramienta de trabajo, pues es lo que nos lleva y trae a todas partes, por lo que siempre ser\u00e1 mucho mejor tratarlo bien, que curarlo cuando ya est\u00e9 enfermo\u201d, se\u00f1al\u00f3.<\/p>\n<p>Hoy se confirmaron 3 decesos por COVID-19 en 3 hombres, residentes de: San Luis R\u00edo Colorado 2, y Cajeme 1; acumul\u00e1ndose 3 mil 257 defunciones.<\/p>\n<p>Este d\u00eda se suman 133 nuevos casos por Covid, en 74 mujeres y 59 hombres, acumul\u00e1ndose 40 mil 106 casos en total, residentes de: Hermosillo 79; Nogales 21; Cananea 14; Nacozari de Garc\u00eda 3; Moctezuma, Navojoa, Empalme y San Luis R\u00edo Colorado 2 cada uno; Santa Ana, Bavi\u00e1cora, \u00c1lamos, Cumpas, Ures, Agua Prieta, Villa Hidalgo y Cajeme 1 cada uno.<\/p>\n<p>Se confirmaron 3 casos pedi\u00e1tricos; en 3 ni\u00f1as, con los que se acumulan 797 en total y se confirm\u00f3 1 caso en una mujer embarazada; llegando a un total de 287.<\/p>\n<p>A la fecha, se han recuperado 34 mil 766 personas de COVID-19 en Sonora, mientras que la ocupaci\u00f3n hospitalaria en instituciones p\u00fablicas es de 36% y en instituciones privadas es de 74%.<\/p>\n","protected":false},"excerpt":{"rendered":"<p>La diabetes ha cobrado muchas vidas en personas que se han contagiado de COVID-19, es considerada otra pandemia, pues afecta a millones de personas y se asocia a enfermedades como obesidad e hipertensi\u00f3n, que est\u00e1n entre las principales causas de muerte en el pa\u00eds, destac\u00f3 Enrique Clausen Iberri. El secretario de Salud llam\u00f3 a la [&hellip;]<\/p>\n","protected":false},"author":1,"featured_media":4205,"comment_status":"open","ping_status":"open","sticky":false,"template":"","format":"standard","meta":{"footnotes":""},"categories":[159],"tags":[],"class_list":["post"],"yoast_head":" \n<title>Diabetes complica gravemente Covid-19 - Periodista SoledadDurazo.com<\/title>\n<meta name=\"robots\" content=\"index, follow, max-snippet:-1, max-image-preview:large, max-video-preview:-1\" \/>\n<link rel=\"canonical\" href=\"https:\/\/soledaddurazo.com\/blog\/2020\/11\/17\/diabetes-complica-gravemente-covid-19\/\" \/>\n<meta property=\"og:locale\" content=\"es_MX\" \/>\n<meta property=\"og:type\" content=\"article\" \/>\n<meta property=\"og:title\" content=\"Diabetes complica gravemente Covid-19\" \/>\n<meta property=\"og:description\" content=\"La diabetes ha cobrado muchas vidas en personas que se han contagiado de COVID-19, es considerada otra pandemia, pues afecta a millones de personas y se asocia a enfermedades como obesidad e hipertensi\u00f3n, que est\u00e1n entre las principales causas de muerte en el pa\u00eds, destac\u00f3 Enrique Clausen Iberri. El secretario de Salud llam\u00f3 a la [&hellip;]\" \/>\n<meta property=\"og:url\" content=\"https:\/\/soledaddurazo.com\/blog\/2020\/11\/17\/diabetes-complica-gravemente-covid-19\/\" \/>\n<meta property=\"og:site_name\" content=\"Periodista SoledadDurazo.com\" \/>\n<meta property=\"article:publisher\" content=\"https:\/\/www.facebook.com\/soledad.durazo.9\/\" \/>\n<meta property=\"article:published_time\" content=\"2020-11-18T05:18:15+00:00\" \/>\n<meta property=\"og:image\" content=\"https:\/\/soledaddurazo.com\/storage\/2020\/11\/coronavirus-la-diabetes-tiene-mas-riesgo-asociado-que-cancer-o-tabaquismo-9697.jpg\" \/>\n\t<meta property=\"og:image:width\" content=\"620\" \/>\n\t<meta property=\"og:image:height\" content=\"368\" \/>\n<meta name=\"twitter:card\" content=\"summary_large_image\" \/>\n<meta name=\"twitter:creator\" content=\"@SoledadDurazo\" \/>\n<meta name=\"twitter:site\" content=\"@SoledadDurazo\" \/>\n<meta name=\"twitter:label1\" content=\"Escrito por\" \/>\n\t<meta name=\"twitter:data1\" content=\"Redacci\u00f3n\" \/>\n\t<meta name=\"twitter:label2\" content=\"Tiempo de lectura\" \/>\n\t<meta name=\"twitter:data2\" content=\"2 minutos\" \/>\n<script type=\"application\/ld+json\" class=\"yoast-schema-graph\">{\"@context\":\"https:\/\/schema.org\",\"@graph\":[{\"@type\":\"Organization\",\"@id\":\"https:\/\/soledaddurazo.com\/#organization\",\"name\":\"Soledad Durazo\",\"url\":\"https:\/\/soledaddurazo.com\/\",\"sameAs\":[\"https:\/\/www.facebook.com\/soledad.durazo.9\/\",\"https:\/\/www.instagram.com\/soledaddurazo\",\"https:\/\/www.youtube.com\/channel\/UC9yGPw8-Vbl_B2XNkRwPS-w\",\"https:\/\/twitter.com\/SoledadDurazo\"],\"logo\":{\"@type\":\"ImageObject\",\"@id\":\"https:\/\/soledaddurazo.com\/#logo\",\"inLanguage\":\"es\",\"url\":\"https:\/\/soledaddurazo.com\/storage\/2021\/11\/nllp-720x375-1-2.png\",\"contentUrl\":\"https:\/\/soledaddurazo.com\/storage\/2021\/11\/nllp-720x375-1-2.png\",\"width\":720,\"height\":375,\"caption\":\"Soledad Durazo\"},\"image\":{\"@id\":\"https:\/\/soledaddurazo.com\/#logo\"}},{\"@type\":\"WebSite\",\"@id\":\"https:\/\/soledaddurazo.com\/#website\",\"url\":\"https:\/\/soledaddurazo.com\/\",\"name\":\"Periodista SoledadDurazo.com\",\"description\":\"Periodista sonorense. Directora de www.SoledadDurazo.com Columnista, conductora de radio y Tv. Catedr\\u00e1tica en la UNISON\",\"publisher\":{\"@id\":\"https:\/\/soledaddurazo.com\/#organization\"},\"potentialAction\":[{\"@type\":\"SearchAction\",\"target\":{\"@type\":\"EntryPoint\",\"urlTemplate\":\"https:\/\/soledaddurazo.com\/?s={search_term_string}\"},\"query-input\":\"required name=search_term_string\"}],\"inLanguage\":\"es\"},{\"@type\":\"ImageObject\",\"@id\":\"https:\/\/soledaddurazo.com\/blog\/2020\/11\/17\/diabetes-complica-gravemente-covid-19\/#primaryimage\",\"inLanguage\":\"es\",\"url\":\"https:\/\/soledaddurazo.com\/storage\/2020\/11\/coronavirus-la-diabetes-tiene-mas-riesgo-asociado-que-cancer-o-tabaquismo-9697.jpg\",\"contentUrl\":\"https:\/\/soledaddurazo.com\/storage\/2020\/11\/coronavirus-la-diabetes-tiene-mas-riesgo-asociado-que-cancer-o-tabaquismo-9697.jpg\",\"width\":620,\"height\":368},{\"@type\":\"WebPage\",\"@id\":\"https:\/\/soledaddurazo.com\/blog\/2020\/11\/17\/diabetes-complica-gravemente-covid-19\/#webpage\",\"url\":\"https:\/\/soledaddurazo.com\/blog\/2020\/11\/17\/diabetes-complica-gravemente-covid-19\/\",\"name\":\"Diabetes complica gravemente Covid-19 - Periodista SoledadDurazo.com\",\"isPartOf\":{\"@id\":\"https:\/\/soledaddurazo.com\/#website\"},\"primaryImageOfPage\":{\"@id\":\"https:\/\/soledaddurazo.com\/blog\/2020\/11\/17\/diabetes-complica-gravemente-covid-19\/#primaryimage\"},\"datePublished\":\"2020-11-18T05:18:15+00:00\",\"dateModified\":\"2020-11-18T05:18:15+00:00\",\"breadcrumb\":{\"@id\":\"https:\/\/soledaddurazo.com\/blog\/2020\/11\/17\/diabetes-complica-gravemente-covid-19\/#breadcrumb\"},\"inLanguage\":\"es\",\"potentialAction\":[{\"@type\":\"ReadAction\",\"target\":[\"https:\/\/soledaddurazo.com\/blog\/2020\/11\/17\/diabetes-complica-gravemente-covid-19\/\"]}]},{\"@type\":\"BreadcrumbList\",\"@id\":\"https:\/\/soledaddurazo.com\/blog\/2020\/11\/17\/diabetes-complica-gravemente-covid-19\/#breadcrumb\",\"itemListElement\":[{\"@type\":\"ListItem\",\"position\":1,\"name\":\"Home\",\"item\":\"https:\/\/soledaddurazo.com\/\"},{\"@type\":\"ListItem\",\"position\":2,\"name\":\"Diabetes complica gravemente Covid-19\"}]},{\"@type\":\"Article\",\"@id\":\"https:\/\/soledaddurazo.com\/blog\/2020\/11\/17\/diabetes-complica-gravemente-covid-19\/#article\",\"isPartOf\":{\"@id\":\"https:\/\/soledaddurazo.com\/blog\/2020\/11\/17\/diabetes-complica-gravemente-covid-19\/#webpage\"},\"author\":{\"@id\":\"https:\/\/soledaddurazo.com\/#\/schema\/person\/822d8e13aa288585e6546f179853758b\"},\"headline\":\"Diabetes complica gravemente Covid-19\",\"datePublished\":\"2020-11-18T05:18:15+00:00\",\"dateModified\":\"2020-11-18T05:18:15+00:00\",\"mainEntityOfPage\":{\"@id\":\"https:\/\/soledaddurazo.com\/blog\/2020\/11\/17\/diabetes-complica-gravemente-covid-19\/#webpage\"},\"wordCount\":345,\"commentCount\":0,\"publisher\":{\"@id\":\"https:\/\/soledaddurazo.com\/#organization\"},\"image\":{\"@id\":\"https:\/\/soledaddurazo.com\/blog\/2020\/11\/17\/diabetes-complica-gravemente-covid-19\/#primaryimage\"},\"thumbnailUrl\":\"https:\/\/soledaddurazo.com\/storage\/2020\/11\/coronavirus-la-diabetes-tiene-mas-riesgo-asociado-que-cancer-o-tabaquismo-9697.jpg\",\"articleSection\":[\"Mi Sonora\"],\"inLanguage\":\"es\",\"potentialAction\":[{\"@type\":\"CommentAction\",\"name\":\"Comment\",\"target\":[\"https:\/\/soledaddurazo.com\/blog\/2020\/11\/17\/diabetes-complica-gravemente-covid-19\/#respond\"]}]},{\"@type\":\"Person\",\"@id\":\"https:\/\/soledaddurazo.com\/#\/schema\/person\/822d8e13aa288585e6546f179853758b\",\"name\":\"Redacci\\u00f3n\",\"image\":{\"@type\":\"ImageObject\",\"@id\":\"https:\/\/soledaddurazo.com\/#personlogo\",\"inLanguage\":\"es\",\"url\":\"https:\/\/secure.gravatar.com\/avatar\/c4e193752f756fd61f04deebed3a3a20dc188d37edb53682d313ac57f2725d54?s=96&d=mm&r=g\",\"contentUrl\":\"https:\/\/secure.gravatar.com\/avatar\/c4e193752f756fd61f04deebed3a3a20dc188d37edb53682d313ac57f2725d54?s=96&d=mm&r=g\",\"caption\":\"Redacci\\u00f3n\"},\"sameAs\":[\"https:\/\/soledaddurazo.com\"]}]}<\/script>\n ","yoast_head_json":{"title":"Diabetes complica gravemente Covid-19 - Periodista SoledadDurazo.com","robots":{"index":"index","follow":"follow","max-snippet":"max-snippet:-1","max-image-preview":"max-image-preview:large","max-video-preview":"max-video-preview:-1"},"canonical":"https:\/\/soledaddurazo.com\/blog\/2020\/11\/17\/diabetes-complica-gravemente-covid-19\/","og_locale":"es_MX","og_type":"article","og_title":"Diabetes complica gravemente Covid-19","og_description":"La diabetes ha cobrado muchas vidas en personas que se han contagiado de COVID-19, es considerada otra pandemia, pues afecta a millones de personas y se asocia a enfermedades como obesidad e hipertensi\u00f3n, que est\u00e1n entre las principales causas de muerte en el pa\u00eds, destac\u00f3 Enrique Clausen Iberri. El secretario de Salud llam\u00f3 a la [&hellip;]","og_url":"https:\/\/soledaddurazo.com\/blog\/2020\/11\/17\/diabetes-complica-gravemente-covid-19\/","og_site_name":"Periodista SoledadDurazo.com","article_publisher":"https:\/\/www.facebook.com\/soledad.durazo.9\/","article_published_time":"2020-11-18T05:18:15+00:00","og_image":[{"width":620,"height":368,"url":"https:\/\/soledaddurazo.com\/storage\/2020\/11\/coronavirus-la-diabetes-tiene-mas-riesgo-asociado-que-cancer-o-tabaquismo-9697.jpg","type":"image\/jpeg"}],"twitter_card":"summary_large_image","twitter_creator":"@SoledadDurazo","twitter_site":"@SoledadDurazo","twitter_misc":{"Escrito por":"Redacci\u00f3n","Tiempo de lectura":"2 minutos"},"schema":{"@context":"https:\/\/schema.org","@graph":[{"@type":"Organization","@id":"https:\/\/soledaddurazo.com\/#organization","name":"Soledad Durazo","url":"https:\/\/soledaddurazo.com\/","sameAs":["https:\/\/www.facebook.com\/soledad.durazo.9\/","https:\/\/www.instagram.com\/soledaddurazo","https:\/\/www.youtube.com\/channel\/UC9yGPw8-Vbl_B2XNkRwPS-w","https:\/\/twitter.com\/SoledadDurazo"],"logo":{"@type":"ImageObject","@id":"https:\/\/soledaddurazo.com\/#logo","inLanguage":"es","url":"https:\/\/soledaddurazo.com\/storage\/2021\/11\/nllp-720x375-1-2.png","contentUrl":"https:\/\/soledaddurazo.com\/storage\/2021\/11\/nllp-720x375-1-2.png","width":720,"height":375,"caption":"Soledad Durazo"},"image":{"@id":"https:\/\/soledaddurazo.com\/#logo"}},{"@type":"WebSite","@id":"https:\/\/soledaddurazo.com\/#website","url":"https:\/\/soledaddurazo.com\/","name":"Periodista SoledadDurazo.com","description":"Periodista sonorense. Directora de www.SoledadDurazo.com Columnista, conductora de radio y Tv. Catedr\u00e1tica en la UNISON","publisher":{"@id":"https:\/\/soledaddurazo.com\/#organization"},"potentialAction":[{"@type":"SearchAction","target":{"@type":"EntryPoint","urlTemplate":"https:\/\/soledaddurazo.com\/?s={search_term_string}"},"query-input":"required name=search_term_string"}],"inLanguage":"es"},{"@type":"ImageObject","@id":"https:\/\/soledaddurazo.com\/blog\/2020\/11\/17\/diabetes-complica-gravemente-covid-19\/#primaryimage","inLanguage":"es","url":"https:\/\/soledaddurazo.com\/storage\/2020\/11\/coronavirus-la-diabetes-tiene-mas-riesgo-asociado-que-cancer-o-tabaquismo-9697.jpg","contentUrl":"https:\/\/soledaddurazo.com\/storage\/2020\/11\/coronavirus-la-diabetes-tiene-mas-riesgo-asociado-que-cancer-o-tabaquismo-9697.jpg","width":620,"height":368},{"@type":"WebPage","@id":"https:\/\/soledaddurazo.com\/blog\/2020\/11\/17\/diabetes-complica-gravemente-covid-19\/#webpage","url":"https:\/\/soledaddurazo.com\/blog\/2020\/11\/17\/diabetes-complica-gravemente-covid-19\/","name":"Diabetes complica gravemente Covid-19 - Periodista SoledadDurazo.com","isPartOf":{"@id":"https:\/\/soledaddurazo.com\/#website"},"primaryImageOfPage":{"@id":"https:\/\/soledaddurazo.com\/blog\/2020\/11\/17\/diabetes-complica-gravemente-covid-19\/#primaryimage"},"datePublished":"2020-11-18T05:18:15+00:00","dateModified":"2020-11-18T05:18:15+00:00","breadcrumb":{"@id":"https:\/\/soledaddurazo.com\/blog\/2020\/11\/17\/diabetes-complica-gravemente-covid-19\/#breadcrumb"},"inLanguage":"es","potentialAction":[{"@type":"ReadAction","target":["https:\/\/soledaddurazo.com\/blog\/2020\/11\/17\/diabetes-complica-gravemente-covid-19\/"]}]},{"@type":"BreadcrumbList","@id":"https:\/\/soledaddurazo.com\/blog\/2020\/11\/17\/diabetes-complica-gravemente-covid-19\/#breadcrumb","itemListElement":[{"@type":"ListItem","position":1,"name":"Home","item":"https:\/\/soledaddurazo.com\/"},{"@type":"ListItem","position":2,"name":"Diabetes complica gravemente Covid-19"}]},{"@type":"Article","@id":"https:\/\/soledaddurazo.com\/blog\/2020\/11\/17\/diabetes-complica-gravemente-covid-19\/#article","isPartOf":{"@id":"https:\/\/soledaddurazo.com\/blog\/2020\/11\/17\/diabetes-complica-gravemente-covid-19\/#webpage"},"author":{"@id":"https:\/\/soledaddurazo.com\/#\/schema\/person\/822d8e13aa288585e6546f179853758b"},"headline":"Diabetes complica gravemente Covid-19","datePublished":"2020-11-18T05:18:15+00:00","dateModified":"2020-11-18T05:18:15+00:00","mainEntityOfPage":{"@id":"https:\/\/soledaddurazo.com\/blog\/2020\/11\/17\/diabetes-complica-gravemente-covid-19\/#webpage"},"wordCount":345,"commentCount":0,"publisher":{"@id":"https:\/\/soledaddurazo.com\/#organization"},"image":{"@id":"https:\/\/soledaddurazo.com\/blog\/2020\/11\/17\/diabetes-complica-gravemente-covid-19\/#primaryimage"},"thumbnailUrl":"https:\/\/soledaddurazo.com\/storage\/2020\/11\/coronavirus-la-diabetes-tiene-mas-riesgo-asociado-que-cancer-o-tabaquismo-9697.jpg","articleSection":["Mi Sonora"],"inLanguage":"es","potentialAction":[{"@type":"CommentAction","name":"Comment","target":["https:\/\/soledaddurazo.com\/blog\/2020\/11\/17\/diabetes-complica-gravemente-covid-19\/#respond"]}]},{"@type":"Person","@id":"https:\/\/soledaddurazo.com\/#\/schema\/person\/822d8e13aa288585e6546f179853758b","name":"Redacci\u00f3n","image":{"@type":"ImageObject","@id":"https:\/\/soledaddurazo.com\/#personlogo","inLanguage":"es","url":"https:\/\/secure.gravatar.com\/avatar\/c4e193752f756fd61f04deebed3a3a20dc188d37edb53682d313ac57f2725d54?s=96&d=mm&r=g","contentUrl":"https:\/\/secure.gravatar.com\/avatar\/c4e193752f756fd61f04deebed3a3a20dc188d37edb53682d313ac57f2725d54?s=96&d=mm&r=g","caption":"Redacci\u00f3n"},"sameAs":["https:\/\/soledaddurazo.com"]}]}},"_links":{"self":[{"href":"https:\/\/soledaddurazo.com\/api\/wp\/v2\/posts\/4204","targetHints":{"allow":["GET"]}}],"collection":[{"href":"https:\/\/soledaddurazo.com\/api\/wp\/v2\/posts"}],"about":[{"href":"https:\/\/soledaddurazo.com\/api\/wp\/v2\/types\/post"}],"author":[{"embeddable":true,"href":"https:\/\/soledaddurazo.com\/api\/wp\/v2\/users\/1"}],"replies":[{"embeddable":true,"href":"https:\/\/soledaddurazo.com\/api\/wp\/v2\/comments?post=4204"}],"version-history":[{"count":1,"href":"https:\/\/soledaddurazo.com\/api\/wp\/v2\/posts\/4204\/revisions"}],"predecessor-version":[{"id":4206,"href":"https:\/\/soledaddurazo.com\/api\/wp\/v2\/posts\/4204\/revisions\/4206"}],"wp:featuredmedia":[{"embeddable":true,"href":"https:\/\/soledaddurazo.com\/api\/wp\/v2\/media\/4205"}],"wp:attachment":[{"href":"https:\/\/soledaddurazo.com\/api\/wp\/v2\/media?parent=4204"}],"wp:term":[{"taxonomy":"category","embeddable":true,"href":"https:\/\/soledaddurazo.com\/api\/wp\/v2\/categories?post=4204"},{"taxonomy":"post_tag","embeddable":true,"href":"https:\/\/soledaddurazo.com\/api\/wp\/v2\/tags?post=4204"}],"curies":[{"name":"wp","href":"https:\/\/api.w.org\/{rel}","templated":true}]}}