{"id":4164,"date":"2020-11-16T19:26:50","date_gmt":"2020-11-17T02:26:50","guid":{"rendered":"https:\/\/soledaddurazo.com\/?p=4164"},"modified":"2020-11-16T19:26:50","modified_gmt":"2020-11-17T02:26:50","slug":"marcan-nuevas-inversiones-un-antes-y-un-despues-en-el-desarrollo-del-sur-de-sonora-jorge-vidal-ahumada","status":"publish","type":"post","link":"https:\/\/soledaddurazo.com\/blog\/2020\/11\/16\/marcan-nuevas-inversiones-un-antes-y-un-despues-en-el-desarrollo-del-sur-de-sonora-jorge-vidal-ahumada\/","title":{"rendered":"Marcan nuevas inversiones un antes y un despu\u00e9s en el desarrollo del sur de Sonora: Jorge Vidal Ahumada"},"content":{"rendered":"<p><span style=\"font-family: Arial, Helvetica, sans-serif; font-size: small;\">Con proyectos de inversi\u00f3n como los de SkyBridge y la ampliaci\u00f3n de la planta de Constellation Brands en Cajeme, hay un antes y un despu\u00e9s en el desarrollo de este municipio, as\u00ed como en el sur de la entidad, destac\u00f3 Jorge Vidal Ahumada al sostener un encuentro con empresarios de la regi\u00f3n.<\/p>\n<p>El secretario de Econom\u00eda destac\u00f3 que el Gobierno del Estado ha sido un facilitador para que m\u00e1s empresas se establezcan en Sonora y se conviertan en generadores de fuentes de empleos en beneficio de las y los sonorenses.<\/p>\n<p>\u201cSiempre he tenido muy buen contacto con el empresariado del sur del estado y hoy que est\u00e1n presentando los inversionistas este gran proyecto no podr\u00eda ser la excepci\u00f3n, todos muy entusiastas y con ganas de coadyuvar en la cristalizaci\u00f3n de este objetivo\u201d, indic\u00f3.<\/p>\n<p>Vidal Ahumada a\u00f1adi\u00f3 que los inversionistas del proyecto SkyBridge adquirieron ya 50 hect\u00e1reas en el Parque Industrial de Tecnolog\u00eda Avanzada de Manufactura, con lo cual se demuestra la confianza que hay en la entidad para el desarrollo de la industria.<\/p>\n<p>\u201cEl mensaje es de seguir jalando parejo, yo creo que Sonora debe trabajar unido porque solamente as\u00ed vamos a poder avanzar, creo que no debemos de dividirnos, pero no debemos de perder de vista el objetivo de tratar cada quien de poner un granito de arena para que a Sonora le vaya mejor, tenga mejor futuro, y sobre todo no desanimar las m\u00faltiples inversiones que ya traemos que son una realidad\u201d, se\u00f1al\u00f3.<\/p>\n<p>Acompa\u00f1ado de Omar Guill\u00e9n Partida, subsecretario de Impulso a la Comercializaci\u00f3n, el secretario de Econom\u00eda visit\u00f3 la planta de Constellation Brands, para corroborar el proyecto de expansi\u00f3n que se traducir\u00e1 en empleos para las y los sonorenses y producir\u00e1 el desarrollo en la regi\u00f3n sur de la entidad.<\/p>\n<p>\u201cPara nosotros es impulsar el sur del estado, despu\u00e9s de Constellation, que va muy bien, ya anunciaron la inversi\u00f3n de 200 millones de d\u00f3lares m\u00e1s, est\u00e1n contratando ya 500 personas permanentes, no en la obra, va muy bien Constellation, la idea es presentarles m\u00e1s oportunidades de desarrollo regional del sur del estado, como es el caso este\u201d, destac\u00f3.<\/p>\n<p>Omar Reyes Garc\u00eda, director del proyecto de expansi\u00f3n de Constellation Brands, reconoci\u00f3 las facilidades brindadas por parte del Gobierno del Estado para trabajar en Cajeme, donde se emplea actualmente a 4 mil personas.<\/p>\n<p>\u201cEstamos trabajando aqu\u00ed, utilizando la mano de obra que tenemos, aproximadamente 4 mil personas en el sitio, m\u00e1s de 300 empresas trabajando tambi\u00e9n para el proyecto y hemos encontrado todas las condiciones para poder hacerlo, es un lugar id\u00f3neo por la ubicaci\u00f3n y por las facilidades que nos han otorgado\u201d, coment\u00f3.<\/p>\n<p>Ignacio Burgos, gerente de la planta, resalt\u00f3 que uno de los principales motivos para establecerse en Sonora y continuar con una expansi\u00f3n es la calidad de mano de obra en la entidad, la cual coloca a su empresa competitivamente a nivel nacional e internacional.<\/p>\n<p>\u201cParte de la decisi\u00f3n de estar aqu\u00ed en Sonora es precisamente la mano de obra, tenemos mano de obra calificada, la planta que est\u00e1 operando tiene niveles de excelencia avanzada a nivel nacional y mundial, realmente la gente ha sido la diferencia para tener todo esto que tenemos\u201d, dijo<\/span><\/p>\n","protected":false},"excerpt":{"rendered":"<p>Con proyectos de inversi\u00f3n como los de SkyBridge y la ampliaci\u00f3n de la planta de Constellation Brands en Cajeme, hay un antes y un despu\u00e9s en el desarrollo de este municipio, as\u00ed como en el sur de la entidad, destac\u00f3 Jorge Vidal Ahumada al sostener un encuentro con empresarios de la regi\u00f3n. El secretario de [&hellip;]<\/p>\n","protected":false},"author":1,"featured_media":4165,"comment_status":"open","ping_status":"open","sticky":false,"template":"","format":"standard","meta":{"footnotes":""},"categories":[159],"tags":[],"class_list":["post"],"yoast_head":" \n<title>Marcan nuevas inversiones un antes y un despu\u00e9s en el desarrollo del sur de Sonora: Jorge Vidal Ahumada - Periodista SoledadDurazo.com<\/title>\n<meta name=\"robots\" content=\"index, follow, max-snippet:-1, max-image-preview:large, max-video-preview:-1\" \/>\n<link rel=\"canonical\" href=\"https:\/\/soledaddurazo.com\/blog\/2020\/11\/16\/marcan-nuevas-inversiones-un-antes-y-un-despues-en-el-desarrollo-del-sur-de-sonora-jorge-vidal-ahumada\/\" \/>\n<meta property=\"og:locale\" content=\"es_MX\" \/>\n<meta property=\"og:type\" content=\"article\" \/>\n<meta property=\"og:title\" content=\"Marcan nuevas inversiones un antes y un despu\u00e9s en el desarrollo del sur de Sonora: Jorge Vidal Ahumada\" \/>\n<meta property=\"og:description\" content=\"Con proyectos de inversi\u00f3n como los de SkyBridge y la ampliaci\u00f3n de la planta de Constellation Brands en Cajeme, hay un antes y un despu\u00e9s en el desarrollo de este municipio, as\u00ed como en el sur de la entidad, destac\u00f3 Jorge Vidal Ahumada al sostener un encuentro con empresarios de la regi\u00f3n. El secretario de [&hellip;]\" \/>\n<meta property=\"og:url\" content=\"https:\/\/soledaddurazo.com\/blog\/2020\/11\/16\/marcan-nuevas-inversiones-un-antes-y-un-despues-en-el-desarrollo-del-sur-de-sonora-jorge-vidal-ahumada\/\" \/>\n<meta property=\"og:site_name\" content=\"Periodista SoledadDurazo.com\" \/>\n<meta property=\"article:publisher\" content=\"https:\/\/www.facebook.com\/soledad.durazo.9\/\" \/>\n<meta property=\"article:published_time\" content=\"2020-11-17T02:26:50+00:00\" \/>\n<meta property=\"og:image\" content=\"https:\/\/soledaddurazo.com\/storage\/2020\/11\/1120114b.jpg\" \/>\n\t<meta property=\"og:image:width\" content=\"2300\" \/>\n\t<meta property=\"og:image:height\" content=\"1483\" \/>\n<meta name=\"twitter:card\" content=\"summary_large_image\" \/>\n<meta name=\"twitter:creator\" content=\"@SoledadDurazo\" \/>\n<meta name=\"twitter:site\" content=\"@SoledadDurazo\" \/>\n<meta name=\"twitter:label1\" content=\"Escrito por\" \/>\n\t<meta name=\"twitter:data1\" content=\"Redacci\u00f3n\" \/>\n\t<meta name=\"twitter:label2\" content=\"Tiempo de lectura\" \/>\n\t<meta name=\"twitter:data2\" content=\"3 minutos\" \/>\n<script type=\"application\/ld+json\" class=\"yoast-schema-graph\">{\"@context\":\"https:\/\/schema.org\",\"@graph\":[{\"@type\":\"Organization\",\"@id\":\"https:\/\/soledaddurazo.com\/#organization\",\"name\":\"Soledad Durazo\",\"url\":\"https:\/\/soledaddurazo.com\/\",\"sameAs\":[\"https:\/\/www.facebook.com\/soledad.durazo.9\/\",\"https:\/\/www.instagram.com\/soledaddurazo\",\"https:\/\/www.youtube.com\/channel\/UC9yGPw8-Vbl_B2XNkRwPS-w\",\"https:\/\/twitter.com\/SoledadDurazo\"],\"logo\":{\"@type\":\"ImageObject\",\"@id\":\"https:\/\/soledaddurazo.com\/#logo\",\"inLanguage\":\"es\",\"url\":\"https:\/\/soledaddurazo.com\/storage\/2021\/11\/nllp-720x375-1-2.png\",\"contentUrl\":\"https:\/\/soledaddurazo.com\/storage\/2021\/11\/nllp-720x375-1-2.png\",\"width\":720,\"height\":375,\"caption\":\"Soledad Durazo\"},\"image\":{\"@id\":\"https:\/\/soledaddurazo.com\/#logo\"}},{\"@type\":\"WebSite\",\"@id\":\"https:\/\/soledaddurazo.com\/#website\",\"url\":\"https:\/\/soledaddurazo.com\/\",\"name\":\"Periodista SoledadDurazo.com\",\"description\":\"Periodista sonorense. Directora de www.SoledadDurazo.com Columnista, conductora de radio y Tv. Catedr\\u00e1tica en la UNISON\",\"publisher\":{\"@id\":\"https:\/\/soledaddurazo.com\/#organization\"},\"potentialAction\":[{\"@type\":\"SearchAction\",\"target\":{\"@type\":\"EntryPoint\",\"urlTemplate\":\"https:\/\/soledaddurazo.com\/?s={search_term_string}\"},\"query-input\":\"required name=search_term_string\"}],\"inLanguage\":\"es\"},{\"@type\":\"ImageObject\",\"@id\":\"https:\/\/soledaddurazo.com\/blog\/2020\/11\/16\/marcan-nuevas-inversiones-un-antes-y-un-despues-en-el-desarrollo-del-sur-de-sonora-jorge-vidal-ahumada\/#primaryimage\",\"inLanguage\":\"es\",\"url\":\"https:\/\/soledaddurazo.com\/storage\/2020\/11\/1120114b.jpg\",\"contentUrl\":\"https:\/\/soledaddurazo.com\/storage\/2020\/11\/1120114b.jpg\",\"width\":2300,\"height\":1483},{\"@type\":\"WebPage\",\"@id\":\"https:\/\/soledaddurazo.com\/blog\/2020\/11\/16\/marcan-nuevas-inversiones-un-antes-y-un-despues-en-el-desarrollo-del-sur-de-sonora-jorge-vidal-ahumada\/#webpage\",\"url\":\"https:\/\/soledaddurazo.com\/blog\/2020\/11\/16\/marcan-nuevas-inversiones-un-antes-y-un-despues-en-el-desarrollo-del-sur-de-sonora-jorge-vidal-ahumada\/\",\"name\":\"Marcan nuevas inversiones un antes y un despu\\u00e9s en el desarrollo del sur de Sonora: Jorge Vidal Ahumada - Periodista SoledadDurazo.com\",\"isPartOf\":{\"@id\":\"https:\/\/soledaddurazo.com\/#website\"},\"primaryImageOfPage\":{\"@id\":\"https:\/\/soledaddurazo.com\/blog\/2020\/11\/16\/marcan-nuevas-inversiones-un-antes-y-un-despues-en-el-desarrollo-del-sur-de-sonora-jorge-vidal-ahumada\/#primaryimage\"},\"datePublished\":\"2020-11-17T02:26:50+00:00\",\"dateModified\":\"2020-11-17T02:26:50+00:00\",\"breadcrumb\":{\"@id\":\"https:\/\/soledaddurazo.com\/blog\/2020\/11\/16\/marcan-nuevas-inversiones-un-antes-y-un-despues-en-el-desarrollo-del-sur-de-sonora-jorge-vidal-ahumada\/#breadcrumb\"},\"inLanguage\":\"es\",\"potentialAction\":[{\"@type\":\"ReadAction\",\"target\":[\"https:\/\/soledaddurazo.com\/blog\/2020\/11\/16\/marcan-nuevas-inversiones-un-antes-y-un-despues-en-el-desarrollo-del-sur-de-sonora-jorge-vidal-ahumada\/\"]}]},{\"@type\":\"BreadcrumbList\",\"@id\":\"https:\/\/soledaddurazo.com\/blog\/2020\/11\/16\/marcan-nuevas-inversiones-un-antes-y-un-despues-en-el-desarrollo-del-sur-de-sonora-jorge-vidal-ahumada\/#breadcrumb\",\"itemListElement\":[{\"@type\":\"ListItem\",\"position\":1,\"name\":\"Home\",\"item\":\"https:\/\/soledaddurazo.com\/\"},{\"@type\":\"ListItem\",\"position\":2,\"name\":\"Marcan nuevas inversiones un antes y un despu\\u00e9s en el desarrollo del sur de Sonora: Jorge Vidal Ahumada\"}]},{\"@type\":\"Article\",\"@id\":\"https:\/\/soledaddurazo.com\/blog\/2020\/11\/16\/marcan-nuevas-inversiones-un-antes-y-un-despues-en-el-desarrollo-del-sur-de-sonora-jorge-vidal-ahumada\/#article\",\"isPartOf\":{\"@id\":\"https:\/\/soledaddurazo.com\/blog\/2020\/11\/16\/marcan-nuevas-inversiones-un-antes-y-un-despues-en-el-desarrollo-del-sur-de-sonora-jorge-vidal-ahumada\/#webpage\"},\"author\":{\"@id\":\"https:\/\/soledaddurazo.com\/#\/schema\/person\/822d8e13aa288585e6546f179853758b\"},\"headline\":\"Marcan nuevas inversiones un antes y un despu\\u00e9s en el desarrollo del sur de Sonora: Jorge Vidal Ahumada\",\"datePublished\":\"2020-11-17T02:26:50+00:00\",\"dateModified\":\"2020-11-17T02:26:50+00:00\",\"mainEntityOfPage\":{\"@id\":\"https:\/\/soledaddurazo.com\/blog\/2020\/11\/16\/marcan-nuevas-inversiones-un-antes-y-un-despues-en-el-desarrollo-del-sur-de-sonora-jorge-vidal-ahumada\/#webpage\"},\"wordCount\":576,\"commentCount\":0,\"publisher\":{\"@id\":\"https:\/\/soledaddurazo.com\/#organization\"},\"image\":{\"@id\":\"https:\/\/soledaddurazo.com\/blog\/2020\/11\/16\/marcan-nuevas-inversiones-un-antes-y-un-despues-en-el-desarrollo-del-sur-de-sonora-jorge-vidal-ahumada\/#primaryimage\"},\"thumbnailUrl\":\"https:\/\/soledaddurazo.com\/storage\/2020\/11\/1120114b.jpg\",\"articleSection\":[\"Mi Sonora\"],\"inLanguage\":\"es\",\"potentialAction\":[{\"@type\":\"CommentAction\",\"name\":\"Comment\",\"target\":[\"https:\/\/soledaddurazo.com\/blog\/2020\/11\/16\/marcan-nuevas-inversiones-un-antes-y-un-despues-en-el-desarrollo-del-sur-de-sonora-jorge-vidal-ahumada\/#respond\"]}]},{\"@type\":\"Person\",\"@id\":\"https:\/\/soledaddurazo.com\/#\/schema\/person\/822d8e13aa288585e6546f179853758b\",\"name\":\"Redacci\\u00f3n\",\"image\":{\"@type\":\"ImageObject\",\"@id\":\"https:\/\/soledaddurazo.com\/#personlogo\",\"inLanguage\":\"es\",\"url\":\"https:\/\/secure.gravatar.com\/avatar\/c4e193752f756fd61f04deebed3a3a20dc188d37edb53682d313ac57f2725d54?s=96&d=mm&r=g\",\"contentUrl\":\"https:\/\/secure.gravatar.com\/avatar\/c4e193752f756fd61f04deebed3a3a20dc188d37edb53682d313ac57f2725d54?s=96&d=mm&r=g\",\"caption\":\"Redacci\\u00f3n\"},\"sameAs\":[\"https:\/\/soledaddurazo.com\"]}]}<\/script>\n ","yoast_head_json":{"title":"Marcan nuevas inversiones un antes y un despu\u00e9s en el desarrollo del sur de Sonora: Jorge Vidal Ahumada - Periodista SoledadDurazo.com","robots":{"index":"index","follow":"follow","max-snippet":"max-snippet:-1","max-image-preview":"max-image-preview:large","max-video-preview":"max-video-preview:-1"},"canonical":"https:\/\/soledaddurazo.com\/blog\/2020\/11\/16\/marcan-nuevas-inversiones-un-antes-y-un-despues-en-el-desarrollo-del-sur-de-sonora-jorge-vidal-ahumada\/","og_locale":"es_MX","og_type":"article","og_title":"Marcan nuevas inversiones un antes y un despu\u00e9s en el desarrollo del sur de Sonora: Jorge Vidal Ahumada","og_description":"Con proyectos de inversi\u00f3n como los de SkyBridge y la ampliaci\u00f3n de la planta de Constellation Brands en Cajeme, hay un antes y un despu\u00e9s en el desarrollo de este municipio, as\u00ed como en el sur de la entidad, destac\u00f3 Jorge Vidal Ahumada al sostener un encuentro con empresarios de la regi\u00f3n. El secretario de [&hellip;]","og_url":"https:\/\/soledaddurazo.com\/blog\/2020\/11\/16\/marcan-nuevas-inversiones-un-antes-y-un-despues-en-el-desarrollo-del-sur-de-sonora-jorge-vidal-ahumada\/","og_site_name":"Periodista SoledadDurazo.com","article_publisher":"https:\/\/www.facebook.com\/soledad.durazo.9\/","article_published_time":"2020-11-17T02:26:50+00:00","og_image":[{"width":2300,"height":1483,"url":"https:\/\/soledaddurazo.com\/storage\/2020\/11\/1120114b.jpg","type":"image\/jpeg"}],"twitter_card":"summary_large_image","twitter_creator":"@SoledadDurazo","twitter_site":"@SoledadDurazo","twitter_misc":{"Escrito por":"Redacci\u00f3n","Tiempo de lectura":"3 minutos"},"schema":{"@context":"https:\/\/schema.org","@graph":[{"@type":"Organization","@id":"https:\/\/soledaddurazo.com\/#organization","name":"Soledad Durazo","url":"https:\/\/soledaddurazo.com\/","sameAs":["https:\/\/www.facebook.com\/soledad.durazo.9\/","https:\/\/www.instagram.com\/soledaddurazo","https:\/\/www.youtube.com\/channel\/UC9yGPw8-Vbl_B2XNkRwPS-w","https:\/\/twitter.com\/SoledadDurazo"],"logo":{"@type":"ImageObject","@id":"https:\/\/soledaddurazo.com\/#logo","inLanguage":"es","url":"https:\/\/soledaddurazo.com\/storage\/2021\/11\/nllp-720x375-1-2.png","contentUrl":"https:\/\/soledaddurazo.com\/storage\/2021\/11\/nllp-720x375-1-2.png","width":720,"height":375,"caption":"Soledad Durazo"},"image":{"@id":"https:\/\/soledaddurazo.com\/#logo"}},{"@type":"WebSite","@id":"https:\/\/soledaddurazo.com\/#website","url":"https:\/\/soledaddurazo.com\/","name":"Periodista SoledadDurazo.com","description":"Periodista sonorense. Directora de www.SoledadDurazo.com Columnista, conductora de radio y Tv. Catedr\u00e1tica en la UNISON","publisher":{"@id":"https:\/\/soledaddurazo.com\/#organization"},"potentialAction":[{"@type":"SearchAction","target":{"@type":"EntryPoint","urlTemplate":"https:\/\/soledaddurazo.com\/?s={search_term_string}"},"query-input":"required name=search_term_string"}],"inLanguage":"es"},{"@type":"ImageObject","@id":"https:\/\/soledaddurazo.com\/blog\/2020\/11\/16\/marcan-nuevas-inversiones-un-antes-y-un-despues-en-el-desarrollo-del-sur-de-sonora-jorge-vidal-ahumada\/#primaryimage","inLanguage":"es","url":"https:\/\/soledaddurazo.com\/storage\/2020\/11\/1120114b.jpg","contentUrl":"https:\/\/soledaddurazo.com\/storage\/2020\/11\/1120114b.jpg","width":2300,"height":1483},{"@type":"WebPage","@id":"https:\/\/soledaddurazo.com\/blog\/2020\/11\/16\/marcan-nuevas-inversiones-un-antes-y-un-despues-en-el-desarrollo-del-sur-de-sonora-jorge-vidal-ahumada\/#webpage","url":"https:\/\/soledaddurazo.com\/blog\/2020\/11\/16\/marcan-nuevas-inversiones-un-antes-y-un-despues-en-el-desarrollo-del-sur-de-sonora-jorge-vidal-ahumada\/","name":"Marcan nuevas inversiones un antes y un despu\u00e9s en el desarrollo del sur de Sonora: Jorge Vidal Ahumada - Periodista SoledadDurazo.com","isPartOf":{"@id":"https:\/\/soledaddurazo.com\/#website"},"primaryImageOfPage":{"@id":"https:\/\/soledaddurazo.com\/blog\/2020\/11\/16\/marcan-nuevas-inversiones-un-antes-y-un-despues-en-el-desarrollo-del-sur-de-sonora-jorge-vidal-ahumada\/#primaryimage"},"datePublished":"2020-11-17T02:26:50+00:00","dateModified":"2020-11-17T02:26:50+00:00","breadcrumb":{"@id":"https:\/\/soledaddurazo.com\/blog\/2020\/11\/16\/marcan-nuevas-inversiones-un-antes-y-un-despues-en-el-desarrollo-del-sur-de-sonora-jorge-vidal-ahumada\/#breadcrumb"},"inLanguage":"es","potentialAction":[{"@type":"ReadAction","target":["https:\/\/soledaddurazo.com\/blog\/2020\/11\/16\/marcan-nuevas-inversiones-un-antes-y-un-despues-en-el-desarrollo-del-sur-de-sonora-jorge-vidal-ahumada\/"]}]},{"@type":"BreadcrumbList","@id":"https:\/\/soledaddurazo.com\/blog\/2020\/11\/16\/marcan-nuevas-inversiones-un-antes-y-un-despues-en-el-desarrollo-del-sur-de-sonora-jorge-vidal-ahumada\/#breadcrumb","itemListElement":[{"@type":"ListItem","position":1,"name":"Home","item":"https:\/\/soledaddurazo.com\/"},{"@type":"ListItem","position":2,"name":"Marcan nuevas inversiones un antes y un despu\u00e9s en el desarrollo del sur de Sonora: Jorge Vidal Ahumada"}]},{"@type":"Article","@id":"https:\/\/soledaddurazo.com\/blog\/2020\/11\/16\/marcan-nuevas-inversiones-un-antes-y-un-despues-en-el-desarrollo-del-sur-de-sonora-jorge-vidal-ahumada\/#article","isPartOf":{"@id":"https:\/\/soledaddurazo.com\/blog\/2020\/11\/16\/marcan-nuevas-inversiones-un-antes-y-un-despues-en-el-desarrollo-del-sur-de-sonora-jorge-vidal-ahumada\/#webpage"},"author":{"@id":"https:\/\/soledaddurazo.com\/#\/schema\/person\/822d8e13aa288585e6546f179853758b"},"headline":"Marcan nuevas inversiones un antes y un despu\u00e9s en el desarrollo del sur de Sonora: Jorge Vidal Ahumada","datePublished":"2020-11-17T02:26:50+00:00","dateModified":"2020-11-17T02:26:50+00:00","mainEntityOfPage":{"@id":"https:\/\/soledaddurazo.com\/blog\/2020\/11\/16\/marcan-nuevas-inversiones-un-antes-y-un-despues-en-el-desarrollo-del-sur-de-sonora-jorge-vidal-ahumada\/#webpage"},"wordCount":576,"commentCount":0,"publisher":{"@id":"https:\/\/soledaddurazo.com\/#organization"},"image":{"@id":"https:\/\/soledaddurazo.com\/blog\/2020\/11\/16\/marcan-nuevas-inversiones-un-antes-y-un-despues-en-el-desarrollo-del-sur-de-sonora-jorge-vidal-ahumada\/#primaryimage"},"thumbnailUrl":"https:\/\/soledaddurazo.com\/storage\/2020\/11\/1120114b.jpg","articleSection":["Mi Sonora"],"inLanguage":"es","potentialAction":[{"@type":"CommentAction","name":"Comment","target":["https:\/\/soledaddurazo.com\/blog\/2020\/11\/16\/marcan-nuevas-inversiones-un-antes-y-un-despues-en-el-desarrollo-del-sur-de-sonora-jorge-vidal-ahumada\/#respond"]}]},{"@type":"Person","@id":"https:\/\/soledaddurazo.com\/#\/schema\/person\/822d8e13aa288585e6546f179853758b","name":"Redacci\u00f3n","image":{"@type":"ImageObject","@id":"https:\/\/soledaddurazo.com\/#personlogo","inLanguage":"es","url":"https:\/\/secure.gravatar.com\/avatar\/c4e193752f756fd61f04deebed3a3a20dc188d37edb53682d313ac57f2725d54?s=96&d=mm&r=g","contentUrl":"https:\/\/secure.gravatar.com\/avatar\/c4e193752f756fd61f04deebed3a3a20dc188d37edb53682d313ac57f2725d54?s=96&d=mm&r=g","caption":"Redacci\u00f3n"},"sameAs":["https:\/\/soledaddurazo.com"]}]}},"_links":{"self":[{"href":"https:\/\/soledaddurazo.com\/api\/wp\/v2\/posts\/4164","targetHints":{"allow":["GET"]}}],"collection":[{"href":"https:\/\/soledaddurazo.com\/api\/wp\/v2\/posts"}],"about":[{"href":"https:\/\/soledaddurazo.com\/api\/wp\/v2\/types\/post"}],"author":[{"embeddable":true,"href":"https:\/\/soledaddurazo.com\/api\/wp\/v2\/users\/1"}],"replies":[{"embeddable":true,"href":"https:\/\/soledaddurazo.com\/api\/wp\/v2\/comments?post=4164"}],"version-history":[{"count":1,"href":"https:\/\/soledaddurazo.com\/api\/wp\/v2\/posts\/4164\/revisions"}],"predecessor-version":[{"id":4166,"href":"https:\/\/soledaddurazo.com\/api\/wp\/v2\/posts\/4164\/revisions\/4166"}],"wp:featuredmedia":[{"embeddable":true,"href":"https:\/\/soledaddurazo.com\/api\/wp\/v2\/media\/4165"}],"wp:attachment":[{"href":"https:\/\/soledaddurazo.com\/api\/wp\/v2\/media?parent=4164"}],"wp:term":[{"taxonomy":"category","embeddable":true,"href":"https:\/\/soledaddurazo.com\/api\/wp\/v2\/categories?post=4164"},{"taxonomy":"post_tag","embeddable":true,"href":"https:\/\/soledaddurazo.com\/api\/wp\/v2\/tags?post=4164"}],"curies":[{"name":"wp","href":"https:\/\/api.w.org\/{rel}","templated":true}]}}