{"id":3820,"date":"2020-10-28T21:41:29","date_gmt":"2020-10-29T04:41:29","guid":{"rendered":"https:\/\/soledaddurazo.com\/?p=3820"},"modified":"2020-10-28T21:41:29","modified_gmt":"2020-10-29T04:41:29","slug":"cuenta-parque-copacabana-con-alumbrado-publico","status":"publish","type":"post","link":"https:\/\/soledaddurazo.com\/blog\/2020\/10\/28\/cuenta-parque-copacabana-con-alumbrado-publico\/","title":{"rendered":"Cuenta Parque Copacabana con alumbrado p\u00fablico"},"content":{"rendered":"<p>Luego de 6 a\u00f1os de espera, las practicantes de zumba y otras modalidades de activaci\u00f3n f\u00edsica que acuden al parque Copacabana pueden sentirse m\u00e1s seguras y c\u00f3modas, gracias a que la alcaldesa Celida L\u00f3pez C\u00e1rdenas instruy\u00f3 les instalaran el alumbrado p\u00fablico que hab\u00edan estado solicitando.<br \/>\n<b><\/b><\/p>\n<p>Acompa\u00f1ada por Karem Valles Sampedro, Directora de Atenci\u00f3n a la Mujer y Soraida Mesinas Reyes, Directora de Alumbrado P\u00fablico, la Presidenta Municipal se reuni\u00f3 la tarde noche del martes con las solicitantes del apoyo municipal, a quienes agradeci\u00f3 su paciencia. Las invit\u00f3 a cuidar la infraestructura que les posibilita ejercitarse en un espacio iluminado.<\/p>\n<p>Hace aproximadamente un mes, las vecinas de la colonia Olivares y dem\u00e1s usuarias del parque Copacabana se incorporaron formalmente al programa de activaci\u00f3n f\u00edsica y defensa personal \u201cTransf\u00f3rmate y Prot\u00e9gete Mujer, con pr\u00e1cticas de lunes a jueves, de las 18:30 a las 19:30 horas.<\/p>\n<p>En este espacio se instalaron 2 reflectores de 200 watts en el \u00e1rea del domo; se retir\u00f3 un farol antiguo y se sustituy\u00f3 por otro LED de 50 watts; fueron rehabilitadas las l\u00edneas sulfatadas y rotas en los registros existentes\u00a0 y se repusieron 5 tapas en postes met\u00e1licos, a la vez que se hizo una reconversi\u00f3n, inform\u00f3 la Direcci\u00f3n de Alumbrado P\u00fablico Municipal.<\/p>\n","protected":false},"excerpt":{"rendered":"<p>Luego de 6 a\u00f1os de espera, las practicantes de zumba y otras modalidades de activaci\u00f3n f\u00edsica que acuden al parque Copacabana pueden sentirse m\u00e1s seguras y c\u00f3modas, gracias a que la alcaldesa Celida L\u00f3pez C\u00e1rdenas instruy\u00f3 les instalaran el alumbrado p\u00fablico que hab\u00edan estado solicitando. Acompa\u00f1ada por Karem Valles Sampedro, Directora de Atenci\u00f3n a la [&hellip;]<\/p>\n","protected":false},"author":1,"featured_media":3821,"comment_status":"open","ping_status":"open","sticky":false,"template":"","format":"standard","meta":{"footnotes":""},"categories":[159],"tags":[],"class_list":["post"],"yoast_head":" \n<title>Cuenta Parque Copacabana con alumbrado p\u00fablico - Periodista SoledadDurazo.com<\/title>\n<meta name=\"robots\" content=\"index, follow, max-snippet:-1, max-image-preview:large, max-video-preview:-1\" \/>\n<link rel=\"canonical\" href=\"https:\/\/soledaddurazo.com\/blog\/2020\/10\/28\/cuenta-parque-copacabana-con-alumbrado-publico\/\" \/>\n<meta property=\"og:locale\" content=\"es_MX\" \/>\n<meta property=\"og:type\" content=\"article\" \/>\n<meta property=\"og:title\" content=\"Cuenta Parque Copacabana con alumbrado p\u00fablico\" \/>\n<meta property=\"og:description\" content=\"Luego de 6 a\u00f1os de espera, las practicantes de zumba y otras modalidades de activaci\u00f3n f\u00edsica que acuden al parque Copacabana pueden sentirse m\u00e1s seguras y c\u00f3modas, gracias a que la alcaldesa Celida L\u00f3pez C\u00e1rdenas instruy\u00f3 les instalaran el alumbrado p\u00fablico que hab\u00edan estado solicitando. Acompa\u00f1ada por Karem Valles Sampedro, Directora de Atenci\u00f3n a la [&hellip;]\" \/>\n<meta property=\"og:url\" content=\"https:\/\/soledaddurazo.com\/blog\/2020\/10\/28\/cuenta-parque-copacabana-con-alumbrado-publico\/\" \/>\n<meta property=\"og:site_name\" content=\"Periodista SoledadDurazo.com\" \/>\n<meta property=\"article:publisher\" content=\"https:\/\/www.facebook.com\/soledad.durazo.9\/\" \/>\n<meta property=\"article:published_time\" content=\"2020-10-29T04:41:29+00:00\" \/>\n<meta property=\"og:image\" content=\"https:\/\/soledaddurazo.com\/storage\/2020\/10\/CLC-COPACABANA-3.jpeg\" \/>\n\t<meta property=\"og:image:width\" content=\"878\" \/>\n\t<meta property=\"og:image:height\" content=\"657\" \/>\n<meta name=\"twitter:card\" content=\"summary_large_image\" \/>\n<meta name=\"twitter:creator\" content=\"@SoledadDurazo\" \/>\n<meta name=\"twitter:site\" content=\"@SoledadDurazo\" \/>\n<meta name=\"twitter:label1\" content=\"Escrito por\" \/>\n\t<meta name=\"twitter:data1\" content=\"Redacci\u00f3n\" \/>\n\t<meta name=\"twitter:label2\" content=\"Tiempo de lectura\" \/>\n\t<meta name=\"twitter:data2\" content=\"1 minuto\" \/>\n<script type=\"application\/ld+json\" class=\"yoast-schema-graph\">{\"@context\":\"https:\/\/schema.org\",\"@graph\":[{\"@type\":\"Organization\",\"@id\":\"https:\/\/soledaddurazo.com\/#organization\",\"name\":\"Soledad Durazo\",\"url\":\"https:\/\/soledaddurazo.com\/\",\"sameAs\":[\"https:\/\/www.facebook.com\/soledad.durazo.9\/\",\"https:\/\/www.instagram.com\/soledaddurazo\",\"https:\/\/www.youtube.com\/channel\/UC9yGPw8-Vbl_B2XNkRwPS-w\",\"https:\/\/twitter.com\/SoledadDurazo\"],\"logo\":{\"@type\":\"ImageObject\",\"@id\":\"https:\/\/soledaddurazo.com\/#logo\",\"inLanguage\":\"es\",\"url\":\"https:\/\/soledaddurazo.com\/storage\/2021\/11\/nllp-720x375-1-2.png\",\"contentUrl\":\"https:\/\/soledaddurazo.com\/storage\/2021\/11\/nllp-720x375-1-2.png\",\"width\":720,\"height\":375,\"caption\":\"Soledad Durazo\"},\"image\":{\"@id\":\"https:\/\/soledaddurazo.com\/#logo\"}},{\"@type\":\"WebSite\",\"@id\":\"https:\/\/soledaddurazo.com\/#website\",\"url\":\"https:\/\/soledaddurazo.com\/\",\"name\":\"Periodista SoledadDurazo.com\",\"description\":\"Periodista sonorense. Directora de www.SoledadDurazo.com Columnista, conductora de radio y Tv. Catedr\\u00e1tica en la UNISON\",\"publisher\":{\"@id\":\"https:\/\/soledaddurazo.com\/#organization\"},\"potentialAction\":[{\"@type\":\"SearchAction\",\"target\":{\"@type\":\"EntryPoint\",\"urlTemplate\":\"https:\/\/soledaddurazo.com\/?s={search_term_string}\"},\"query-input\":\"required name=search_term_string\"}],\"inLanguage\":\"es\"},{\"@type\":\"ImageObject\",\"@id\":\"https:\/\/soledaddurazo.com\/blog\/2020\/10\/28\/cuenta-parque-copacabana-con-alumbrado-publico\/#primaryimage\",\"inLanguage\":\"es\",\"url\":\"https:\/\/soledaddurazo.com\/storage\/2020\/10\/CLC-COPACABANA-3.jpeg\",\"contentUrl\":\"https:\/\/soledaddurazo.com\/storage\/2020\/10\/CLC-COPACABANA-3.jpeg\",\"width\":878,\"height\":657},{\"@type\":\"WebPage\",\"@id\":\"https:\/\/soledaddurazo.com\/blog\/2020\/10\/28\/cuenta-parque-copacabana-con-alumbrado-publico\/#webpage\",\"url\":\"https:\/\/soledaddurazo.com\/blog\/2020\/10\/28\/cuenta-parque-copacabana-con-alumbrado-publico\/\",\"name\":\"Cuenta Parque Copacabana con alumbrado p\\u00fablico - Periodista SoledadDurazo.com\",\"isPartOf\":{\"@id\":\"https:\/\/soledaddurazo.com\/#website\"},\"primaryImageOfPage\":{\"@id\":\"https:\/\/soledaddurazo.com\/blog\/2020\/10\/28\/cuenta-parque-copacabana-con-alumbrado-publico\/#primaryimage\"},\"datePublished\":\"2020-10-29T04:41:29+00:00\",\"dateModified\":\"2020-10-29T04:41:29+00:00\",\"breadcrumb\":{\"@id\":\"https:\/\/soledaddurazo.com\/blog\/2020\/10\/28\/cuenta-parque-copacabana-con-alumbrado-publico\/#breadcrumb\"},\"inLanguage\":\"es\",\"potentialAction\":[{\"@type\":\"ReadAction\",\"target\":[\"https:\/\/soledaddurazo.com\/blog\/2020\/10\/28\/cuenta-parque-copacabana-con-alumbrado-publico\/\"]}]},{\"@type\":\"BreadcrumbList\",\"@id\":\"https:\/\/soledaddurazo.com\/blog\/2020\/10\/28\/cuenta-parque-copacabana-con-alumbrado-publico\/#breadcrumb\",\"itemListElement\":[{\"@type\":\"ListItem\",\"position\":1,\"name\":\"Home\",\"item\":\"https:\/\/soledaddurazo.com\/\"},{\"@type\":\"ListItem\",\"position\":2,\"name\":\"Cuenta Parque Copacabana con alumbrado p\\u00fablico\"}]},{\"@type\":\"Article\",\"@id\":\"https:\/\/soledaddurazo.com\/blog\/2020\/10\/28\/cuenta-parque-copacabana-con-alumbrado-publico\/#article\",\"isPartOf\":{\"@id\":\"https:\/\/soledaddurazo.com\/blog\/2020\/10\/28\/cuenta-parque-copacabana-con-alumbrado-publico\/#webpage\"},\"author\":{\"@id\":\"https:\/\/soledaddurazo.com\/#\/schema\/person\/822d8e13aa288585e6546f179853758b\"},\"headline\":\"Cuenta Parque Copacabana con alumbrado p\\u00fablico\",\"datePublished\":\"2020-10-29T04:41:29+00:00\",\"dateModified\":\"2020-10-29T04:41:29+00:00\",\"mainEntityOfPage\":{\"@id\":\"https:\/\/soledaddurazo.com\/blog\/2020\/10\/28\/cuenta-parque-copacabana-con-alumbrado-publico\/#webpage\"},\"wordCount\":229,\"commentCount\":0,\"publisher\":{\"@id\":\"https:\/\/soledaddurazo.com\/#organization\"},\"image\":{\"@id\":\"https:\/\/soledaddurazo.com\/blog\/2020\/10\/28\/cuenta-parque-copacabana-con-alumbrado-publico\/#primaryimage\"},\"thumbnailUrl\":\"https:\/\/soledaddurazo.com\/storage\/2020\/10\/CLC-COPACABANA-3.jpeg\",\"articleSection\":[\"Mi Sonora\"],\"inLanguage\":\"es\",\"potentialAction\":[{\"@type\":\"CommentAction\",\"name\":\"Comment\",\"target\":[\"https:\/\/soledaddurazo.com\/blog\/2020\/10\/28\/cuenta-parque-copacabana-con-alumbrado-publico\/#respond\"]}]},{\"@type\":\"Person\",\"@id\":\"https:\/\/soledaddurazo.com\/#\/schema\/person\/822d8e13aa288585e6546f179853758b\",\"name\":\"Redacci\\u00f3n\",\"image\":{\"@type\":\"ImageObject\",\"@id\":\"https:\/\/soledaddurazo.com\/#personlogo\",\"inLanguage\":\"es\",\"url\":\"https:\/\/secure.gravatar.com\/avatar\/c4e193752f756fd61f04deebed3a3a20dc188d37edb53682d313ac57f2725d54?s=96&d=mm&r=g\",\"contentUrl\":\"https:\/\/secure.gravatar.com\/avatar\/c4e193752f756fd61f04deebed3a3a20dc188d37edb53682d313ac57f2725d54?s=96&d=mm&r=g\",\"caption\":\"Redacci\\u00f3n\"},\"sameAs\":[\"https:\/\/soledaddurazo.com\"]}]}<\/script>\n ","yoast_head_json":{"title":"Cuenta Parque Copacabana con alumbrado p\u00fablico - Periodista SoledadDurazo.com","robots":{"index":"index","follow":"follow","max-snippet":"max-snippet:-1","max-image-preview":"max-image-preview:large","max-video-preview":"max-video-preview:-1"},"canonical":"https:\/\/soledaddurazo.com\/blog\/2020\/10\/28\/cuenta-parque-copacabana-con-alumbrado-publico\/","og_locale":"es_MX","og_type":"article","og_title":"Cuenta Parque Copacabana con alumbrado p\u00fablico","og_description":"Luego de 6 a\u00f1os de espera, las practicantes de zumba y otras modalidades de activaci\u00f3n f\u00edsica que acuden al parque Copacabana pueden sentirse m\u00e1s seguras y c\u00f3modas, gracias a que la alcaldesa Celida L\u00f3pez C\u00e1rdenas instruy\u00f3 les instalaran el alumbrado p\u00fablico que hab\u00edan estado solicitando. Acompa\u00f1ada por Karem Valles Sampedro, Directora de Atenci\u00f3n a la [&hellip;]","og_url":"https:\/\/soledaddurazo.com\/blog\/2020\/10\/28\/cuenta-parque-copacabana-con-alumbrado-publico\/","og_site_name":"Periodista SoledadDurazo.com","article_publisher":"https:\/\/www.facebook.com\/soledad.durazo.9\/","article_published_time":"2020-10-29T04:41:29+00:00","og_image":[{"width":878,"height":657,"url":"https:\/\/soledaddurazo.com\/storage\/2020\/10\/CLC-COPACABANA-3.jpeg","type":"image\/jpeg"}],"twitter_card":"summary_large_image","twitter_creator":"@SoledadDurazo","twitter_site":"@SoledadDurazo","twitter_misc":{"Escrito por":"Redacci\u00f3n","Tiempo de lectura":"1 minuto"},"schema":{"@context":"https:\/\/schema.org","@graph":[{"@type":"Organization","@id":"https:\/\/soledaddurazo.com\/#organization","name":"Soledad Durazo","url":"https:\/\/soledaddurazo.com\/","sameAs":["https:\/\/www.facebook.com\/soledad.durazo.9\/","https:\/\/www.instagram.com\/soledaddurazo","https:\/\/www.youtube.com\/channel\/UC9yGPw8-Vbl_B2XNkRwPS-w","https:\/\/twitter.com\/SoledadDurazo"],"logo":{"@type":"ImageObject","@id":"https:\/\/soledaddurazo.com\/#logo","inLanguage":"es","url":"https:\/\/soledaddurazo.com\/storage\/2021\/11\/nllp-720x375-1-2.png","contentUrl":"https:\/\/soledaddurazo.com\/storage\/2021\/11\/nllp-720x375-1-2.png","width":720,"height":375,"caption":"Soledad Durazo"},"image":{"@id":"https:\/\/soledaddurazo.com\/#logo"}},{"@type":"WebSite","@id":"https:\/\/soledaddurazo.com\/#website","url":"https:\/\/soledaddurazo.com\/","name":"Periodista SoledadDurazo.com","description":"Periodista sonorense. Directora de www.SoledadDurazo.com Columnista, conductora de radio y Tv. Catedr\u00e1tica en la UNISON","publisher":{"@id":"https:\/\/soledaddurazo.com\/#organization"},"potentialAction":[{"@type":"SearchAction","target":{"@type":"EntryPoint","urlTemplate":"https:\/\/soledaddurazo.com\/?s={search_term_string}"},"query-input":"required name=search_term_string"}],"inLanguage":"es"},{"@type":"ImageObject","@id":"https:\/\/soledaddurazo.com\/blog\/2020\/10\/28\/cuenta-parque-copacabana-con-alumbrado-publico\/#primaryimage","inLanguage":"es","url":"https:\/\/soledaddurazo.com\/storage\/2020\/10\/CLC-COPACABANA-3.jpeg","contentUrl":"https:\/\/soledaddurazo.com\/storage\/2020\/10\/CLC-COPACABANA-3.jpeg","width":878,"height":657},{"@type":"WebPage","@id":"https:\/\/soledaddurazo.com\/blog\/2020\/10\/28\/cuenta-parque-copacabana-con-alumbrado-publico\/#webpage","url":"https:\/\/soledaddurazo.com\/blog\/2020\/10\/28\/cuenta-parque-copacabana-con-alumbrado-publico\/","name":"Cuenta Parque Copacabana con alumbrado p\u00fablico - Periodista SoledadDurazo.com","isPartOf":{"@id":"https:\/\/soledaddurazo.com\/#website"},"primaryImageOfPage":{"@id":"https:\/\/soledaddurazo.com\/blog\/2020\/10\/28\/cuenta-parque-copacabana-con-alumbrado-publico\/#primaryimage"},"datePublished":"2020-10-29T04:41:29+00:00","dateModified":"2020-10-29T04:41:29+00:00","breadcrumb":{"@id":"https:\/\/soledaddurazo.com\/blog\/2020\/10\/28\/cuenta-parque-copacabana-con-alumbrado-publico\/#breadcrumb"},"inLanguage":"es","potentialAction":[{"@type":"ReadAction","target":["https:\/\/soledaddurazo.com\/blog\/2020\/10\/28\/cuenta-parque-copacabana-con-alumbrado-publico\/"]}]},{"@type":"BreadcrumbList","@id":"https:\/\/soledaddurazo.com\/blog\/2020\/10\/28\/cuenta-parque-copacabana-con-alumbrado-publico\/#breadcrumb","itemListElement":[{"@type":"ListItem","position":1,"name":"Home","item":"https:\/\/soledaddurazo.com\/"},{"@type":"ListItem","position":2,"name":"Cuenta Parque Copacabana con alumbrado p\u00fablico"}]},{"@type":"Article","@id":"https:\/\/soledaddurazo.com\/blog\/2020\/10\/28\/cuenta-parque-copacabana-con-alumbrado-publico\/#article","isPartOf":{"@id":"https:\/\/soledaddurazo.com\/blog\/2020\/10\/28\/cuenta-parque-copacabana-con-alumbrado-publico\/#webpage"},"author":{"@id":"https:\/\/soledaddurazo.com\/#\/schema\/person\/822d8e13aa288585e6546f179853758b"},"headline":"Cuenta Parque Copacabana con alumbrado p\u00fablico","datePublished":"2020-10-29T04:41:29+00:00","dateModified":"2020-10-29T04:41:29+00:00","mainEntityOfPage":{"@id":"https:\/\/soledaddurazo.com\/blog\/2020\/10\/28\/cuenta-parque-copacabana-con-alumbrado-publico\/#webpage"},"wordCount":229,"commentCount":0,"publisher":{"@id":"https:\/\/soledaddurazo.com\/#organization"},"image":{"@id":"https:\/\/soledaddurazo.com\/blog\/2020\/10\/28\/cuenta-parque-copacabana-con-alumbrado-publico\/#primaryimage"},"thumbnailUrl":"https:\/\/soledaddurazo.com\/storage\/2020\/10\/CLC-COPACABANA-3.jpeg","articleSection":["Mi Sonora"],"inLanguage":"es","potentialAction":[{"@type":"CommentAction","name":"Comment","target":["https:\/\/soledaddurazo.com\/blog\/2020\/10\/28\/cuenta-parque-copacabana-con-alumbrado-publico\/#respond"]}]},{"@type":"Person","@id":"https:\/\/soledaddurazo.com\/#\/schema\/person\/822d8e13aa288585e6546f179853758b","name":"Redacci\u00f3n","image":{"@type":"ImageObject","@id":"https:\/\/soledaddurazo.com\/#personlogo","inLanguage":"es","url":"https:\/\/secure.gravatar.com\/avatar\/c4e193752f756fd61f04deebed3a3a20dc188d37edb53682d313ac57f2725d54?s=96&d=mm&r=g","contentUrl":"https:\/\/secure.gravatar.com\/avatar\/c4e193752f756fd61f04deebed3a3a20dc188d37edb53682d313ac57f2725d54?s=96&d=mm&r=g","caption":"Redacci\u00f3n"},"sameAs":["https:\/\/soledaddurazo.com"]}]}},"_links":{"self":[{"href":"https:\/\/soledaddurazo.com\/api\/wp\/v2\/posts\/3820","targetHints":{"allow":["GET"]}}],"collection":[{"href":"https:\/\/soledaddurazo.com\/api\/wp\/v2\/posts"}],"about":[{"href":"https:\/\/soledaddurazo.com\/api\/wp\/v2\/types\/post"}],"author":[{"embeddable":true,"href":"https:\/\/soledaddurazo.com\/api\/wp\/v2\/users\/1"}],"replies":[{"embeddable":true,"href":"https:\/\/soledaddurazo.com\/api\/wp\/v2\/comments?post=3820"}],"version-history":[{"count":1,"href":"https:\/\/soledaddurazo.com\/api\/wp\/v2\/posts\/3820\/revisions"}],"predecessor-version":[{"id":3822,"href":"https:\/\/soledaddurazo.com\/api\/wp\/v2\/posts\/3820\/revisions\/3822"}],"wp:featuredmedia":[{"embeddable":true,"href":"https:\/\/soledaddurazo.com\/api\/wp\/v2\/media\/3821"}],"wp:attachment":[{"href":"https:\/\/soledaddurazo.com\/api\/wp\/v2\/media?parent=3820"}],"wp:term":[{"taxonomy":"category","embeddable":true,"href":"https:\/\/soledaddurazo.com\/api\/wp\/v2\/categories?post=3820"},{"taxonomy":"post_tag","embeddable":true,"href":"https:\/\/soledaddurazo.com\/api\/wp\/v2\/tags?post=3820"}],"curies":[{"name":"wp","href":"https:\/\/api.w.org\/{rel}","templated":true}]}}