{"id":3691,"date":"2020-10-22T22:57:02","date_gmt":"2020-10-23T05:57:02","guid":{"rendered":"https:\/\/soledaddurazo.com\/?p=3691"},"modified":"2020-10-22T22:57:02","modified_gmt":"2020-10-23T05:57:02","slug":"buscan-se-reconozca-el-poderio-de-las-mujeres-sonorenses","status":"publish","type":"post","link":"https:\/\/soledaddurazo.com\/blog\/2020\/10\/22\/buscan-se-reconozca-el-poderio-de-las-mujeres-sonorenses\/","title":{"rendered":"Buscan se reconozca el poder\u00edo de las mujeres sonorenses"},"content":{"rendered":"<p><span style=\"font-size: large;\">Proyectos de ley para instituir una presea que reconozca el poder\u00edo de las mujeres sonorenses, y de justicia y cultura c\u00edvica del Estado de Sonora, se presentaron durante la sesi\u00f3n ordinaria del Pleno del\u00a0<span class=\"il\">Congreso<\/span>\u00a0y ser\u00e1n estudiadas por las comisiones para la Igualdad de G\u00e9nero, y de Justicia y Derechos Humanos, respectivamente.<\/span><\/p>\n<p><span style=\"font-size: large;\">\u00a0<\/span><\/p>\n<p><span style=\"font-size: large;\">Esta plenaria se realiz\u00f3 de manera virtual, conforme al Acuerdo aprobado el pasado 6 de octubre por la Comisi\u00f3n de R\u00e9gimen Interno y Concertaci\u00f3n Pol\u00edtica, CRICP. La primera iniciativa fue presentada por la diputada Mar\u00eda Alicia Gayt\u00e1n S\u00e1nchez, con proyecto de ley que instituye la presea del poder\u00edo de las mujeres sonorenses.<\/span><\/p>\n<p><span style=\"font-size: large;\">\u00a0<\/span><\/p>\n<p><span style=\"font-size: large;\">Expuso que el objetivo fundamental es honrar a destacadas mujeres que han sobresalido en la vida de Sonora, y que han luchado y siguen luchando en diversos foros p\u00fablicos o privados para conquistar espacios que permitan su desarrollo integral, entre otras cosas, dentro de la pol\u00edtica, la cultura, las ciencias y las artes, d\u00e1ndoles el reconocimiento individual y la cosecha leg\u00edtima de lo que a lo largo de su honrosa trayectoria han sembrado.<\/span><\/p>\n<p><span style=\"font-size: large;\">\u00a0<\/span><\/p>\n<p><span style=\"font-size: large;\">\u201cNo es una prerrogativa arbitraria, es m\u00e1s bien y acaso, una m\u00ednima compensaci\u00f3n y un ejercicio afirmativo que contrarreste las barreras a las que se han enfrentado: la discriminaci\u00f3n y exclusi\u00f3n social y\/o econ\u00f3mica, y que han impedido su inclusi\u00f3n plena a la sociedad, llev\u00e1ndolas a un estado de vulnerabilidad que socava su desarrollo\u201d, afirm\u00f3.<\/span><\/p>\n<p><span style=\"font-size: large;\">\u00a0<\/span><\/p>\n<p><span style=\"font-size: large;\">El proyecto de ley tiene como prop\u00f3sito honrar a destacadas mujeres que han sobresalido en la vida p\u00fablica o privada, en su lucha colectiva por la defensa y promoci\u00f3n de los derechos humanos de \u00e9stas o generar a su favor espacios de oportunidades y de trato digno entre mujeres y hombres, mediante la transformaci\u00f3n de las estructuras y el logro de la igualdad sustantiva entre ambos sexos, destac\u00f3 la legisladora.<\/span><\/p>\n<p><span style=\"font-size: large;\">\u00a0<\/span><\/p>\n<p><span style=\"font-size: large;\">Agreg\u00f3 que para determinar la entrega de dicho reconocimiento, el\u00a0<span class=\"il\">Congreso<\/span>\u00a0del Estado, por conducto de la Comisi\u00f3n para la Igualdad de G\u00e9nero, emitir\u00e1 una convocatoria p\u00fablica a fin de que cualquier ciudadano o ciudadana o, en su caso, los sectores sociales, organizaciones civiles, empresariales y no gubernamentales que tengan conocimiento de alguna mujer que pueda considerarse digna del reconocimiento y satisfaga los requisitos exigidos por la Ley, puedan postularla.<\/span><\/p>\n<p><span style=\"font-size: large;\">\u00a0<\/span><\/p>\n<p><span style=\"font-size: large;\">La presea se entregar\u00e1 a las mujeres que hayan destacado por su trayectoria en las siguientes \u00e1reas: pol\u00edtica sonorense; investigaci\u00f3n hist\u00f3rica o en cualquiera de las disciplinas art\u00edsticas, como pintura, teatro, danza y otras; trabajo social, y de obras asistenciales y filantr\u00f3picas; ciencias; docencia en cualquiera de los niveles educativos del Estado; funci\u00f3n p\u00fablica; \u00e1mbito jur\u00eddico; Literatura; Periodismo; y ramo empresarial.<\/span><\/p>\n<p><span style=\"font-size: large;\">\u00a0<\/span><\/p>\n<p><span style=\"font-size: large;\">En el siguiente punto del orden del d\u00eda, el diputado Luis Armando Alcal\u00e1 Alcaraz present\u00f3 una iniciativa con proyecto de ley de justicia y cultura c\u00edvica del Estado de Sonora, que tiene por objeto sentar las bases para la organizaci\u00f3n y el funcionamiento de la justicia c\u00edvica en la entidad, as\u00ed como establecer las acciones que deber\u00e1n llevar a cabo las autoridades para acercar mecanismos alternativos de resoluci\u00f3n de conflictos.<\/span><\/p>\n<p><span style=\"font-size: large;\">\u00a0<\/span><\/p>\n<p><span style=\"font-size: large;\">Record\u00f3 que en abril de 2018, la C\u00e1mara de Diputados del\u00a0<span class=\"il\">Congreso<\/span>\u00a0de la Uni\u00f3n aval\u00f3, con 344 votos, el dictamen que expide la Ley General de Justicia C\u00edvica e Itinerante, para establecer las acciones que deber\u00e1n llevar a cabo los tres \u00f3rdenes de gobierno en la resoluci\u00f3n de conflictos entre particulares, vecinales y comunales, y acercar tr\u00e1mites a poblaciones alejadas, de dif\u00edcil acceso y zonas marginales.<\/span><\/p>\n<p><span style=\"font-size: large;\">\u00a0<\/span><\/p>\n<p><span style=\"font-size: large;\">La Ley se\u00f1ala que las entidades federativas integrar\u00e1n un registro que contendr\u00e1 la informaci\u00f3n de personas sancionadas por la comisi\u00f3n de infracciones en materia de justicia c\u00edvica, y se conformar\u00e1 con los datos personales y de localizaci\u00f3n del infractor, infracci\u00f3n cometida, lugar de comisi\u00f3n, sanci\u00f3n impuesta y estado de su cumplimiento.<\/span><\/p>\n<p><span style=\"font-size: large;\">\u00a0<\/span><\/p>\n<p><span style=\"font-size: large;\">\u201cSe define a la cultura c\u00edvica como las reglas de comportamiento social que permiten una convivencia arm\u00f3nica entre los ciudadanos, en un marco de respeto a la dignidad y tranquilidad de las personas, a la preservaci\u00f3n de la seguridad ciudadana y la protecci\u00f3n del entorno urbano. Con la presente iniciativa se pretende corregir problem\u00e1ticas que existen en la materia y se consolida la justicia c\u00edvica como pieza fundamental de la justicia cotidiana\u201d, asever\u00f3.<\/span><\/p>\n<p><span style=\"font-size: large;\">\u00a0<\/span><\/p>\n<p><span style=\"font-size: large;\">Tambi\u00e9n se logra la difusi\u00f3n de la cultura c\u00edvica para la prevenci\u00f3n de conflictos vecinales y comunales, dijo Alcal\u00e1 Alcaraz, ya que se busca garantizar el acceso efectivo a la justicia y recuperar la seguridad ciudadana, pues en una sociedad en la que se ven cada vez m\u00e1s degradados los valores, es indispensable fomentar principios como la difusi\u00f3n de la cultura c\u00edvica para la prevenci\u00f3n de conflictos.<\/span><\/p>\n<p><span style=\"font-size: large;\">\u00a0<\/span><\/p>\n<p><span style=\"font-size: large;\">El proyecto de ley consta de 86 art\u00edculos y cinco t\u00edtulos: Disposiciones preliminares; De la cultura c\u00edvica y deberes ciudadanos; De las infracciones y sanciones; De los juzgados c\u00edvicos; y De los procedimientos.<\/span><\/p>\n<p><span style=\"font-size: large;\">\u00a0<\/span><\/p>\n<p><span style=\"font-size: large;\">El siguiente punto en el orden del d\u00eda fue la presentaci\u00f3n de un posicionamiento, por parte del diputado Filem\u00f3n Ortega Quintos, en relaci\u00f3n a la grave crisis que enfrentan los peque\u00f1os ganaderos de los municipios del Sur del Estado.<\/span><\/p>\n<p><span style=\"font-size: large;\">\u00a0<\/span><\/p>\n<p><span style=\"font-size: large;\">Antes de presentar dicho posicionamiento, el legislador solicit\u00f3 un aplauso para los m\u00e9dicos por su d\u00eda este viernes 23 de octubre y un minuto de silencio por todos los que han fallecido con motivo de la pandemia por el COVID-19.<\/span><\/p>\n<p><span style=\"font-size: large;\">\u00a0<\/span><\/p>\n<p><span style=\"font-size: large;\">Indic\u00f3 que en todo lo relacionado con el sector agropecuario deben implementarse apoyos de minerales, subsidio de granos, apoyos para la adquisici\u00f3n de sementales y reemplazo de vaquillas, ya que en el Sur del Estado la ganader\u00eda est\u00e1 orientada a una mayor producci\u00f3n sostenible y competitiva de carne y leche.<\/span><\/p>\n<p><span style=\"font-size: large;\">\u00a0<\/span><\/p>\n<p><span style=\"font-size: large;\">\u201cTambi\u00e9n se propone la coordinaci\u00f3n para llegar a un punto de acuerdo en el\u00a0<span class=\"il\">Congreso<\/span>\u00a0del Estado\u00a0\u00a0y en el\u00a0<span class=\"il\">Congreso<\/span>\u00a0de la Uni\u00f3n, para que se cree un fondo de apoyo a las inversiones que realicen los peque\u00f1os productores, donde se les apalanque con el resto de la inversi\u00f3n que les toca hacer. Mientras estos apoyos les lleguen, podr\u00e1n realizar el proyecto en sus costos\u201d, extern\u00f3.<\/span><\/p>\n<p><span style=\"font-size: large;\">\u00a0<\/span><\/p>\n<p><span style=\"font-size: large;\">Tambi\u00e9n solicitar\u00e1 a las instancias correspondientes que se potencialicen las ofertas de proyectos productivos, ya que los ganaderos del Sur de la entidad lo que piden son apoyos para la siembra de una hect\u00e1rea de alfalfa, un saco de semilla y cinco sacos de fertilizante, as\u00ed como bajar el precio del agua para que puedan salir adelante, puntualiz\u00f3 Ortega Quintos.<\/span><\/p>\n<p><span style=\"font-size: large;\">\u00a0<\/span><\/p>\n<p><span style=\"font-size: large;\">El Pleno sesionar\u00e1 de manera presencial el martes 27 de octubre, a las 10:00 horas.<\/span><\/p>\n","protected":false},"excerpt":{"rendered":"<p>Proyectos de ley para instituir una presea que reconozca el poder\u00edo de las mujeres sonorenses, y de justicia y cultura c\u00edvica del Estado de Sonora, se presentaron durante la sesi\u00f3n ordinaria del Pleno del\u00a0Congreso\u00a0y ser\u00e1n estudiadas por las comisiones para la Igualdad de G\u00e9nero, y de Justicia y Derechos Humanos, respectivamente. \u00a0 Esta plenaria se [&hellip;]<\/p>\n","protected":false},"author":1,"featured_media":3692,"comment_status":"open","ping_status":"open","sticky":false,"template":"","format":"standard","meta":{"footnotes":""},"categories":[159],"tags":[],"class_list":["post"],"yoast_head":" \n<title>Buscan se reconozca el poder\u00edo de las mujeres sonorenses - Periodista SoledadDurazo.com<\/title>\n<meta name=\"robots\" content=\"index, follow, max-snippet:-1, max-image-preview:large, max-video-preview:-1\" \/>\n<link rel=\"canonical\" href=\"https:\/\/soledaddurazo.com\/blog\/2020\/10\/22\/buscan-se-reconozca-el-poderio-de-las-mujeres-sonorenses\/\" \/>\n<meta property=\"og:locale\" content=\"es_MX\" \/>\n<meta property=\"og:type\" content=\"article\" \/>\n<meta property=\"og:title\" content=\"Buscan se reconozca el poder\u00edo de las mujeres sonorenses\" \/>\n<meta property=\"og:description\" content=\"Proyectos de ley para instituir una presea que reconozca el poder\u00edo de las mujeres sonorenses, y de justicia y cultura c\u00edvica del Estado de Sonora, se presentaron durante la sesi\u00f3n ordinaria del Pleno del\u00a0Congreso\u00a0y ser\u00e1n estudiadas por las comisiones para la Igualdad de G\u00e9nero, y de Justicia y Derechos Humanos, respectivamente. \u00a0 Esta plenaria se [&hellip;]\" \/>\n<meta property=\"og:url\" content=\"https:\/\/soledaddurazo.com\/blog\/2020\/10\/22\/buscan-se-reconozca-el-poderio-de-las-mujeres-sonorenses\/\" \/>\n<meta property=\"og:site_name\" content=\"Periodista SoledadDurazo.com\" \/>\n<meta property=\"article:publisher\" content=\"https:\/\/www.facebook.com\/soledad.durazo.9\/\" \/>\n<meta property=\"article:published_time\" content=\"2020-10-23T05:57:02+00:00\" \/>\n<meta property=\"og:image\" content=\"https:\/\/soledaddurazo.com\/storage\/2020\/10\/50517138323_2b9f460107_c.jpg\" \/>\n\t<meta property=\"og:image:width\" content=\"799\" \/>\n\t<meta property=\"og:image:height\" content=\"533\" \/>\n<meta name=\"twitter:card\" content=\"summary_large_image\" \/>\n<meta name=\"twitter:creator\" content=\"@SoledadDurazo\" \/>\n<meta name=\"twitter:site\" content=\"@SoledadDurazo\" \/>\n<meta name=\"twitter:label1\" content=\"Escrito por\" \/>\n\t<meta name=\"twitter:data1\" content=\"Redacci\u00f3n\" \/>\n\t<meta name=\"twitter:label2\" content=\"Tiempo de lectura\" \/>\n\t<meta name=\"twitter:data2\" content=\"6 minutos\" \/>\n<script type=\"application\/ld+json\" class=\"yoast-schema-graph\">{\"@context\":\"https:\/\/schema.org\",\"@graph\":[{\"@type\":\"Organization\",\"@id\":\"https:\/\/soledaddurazo.com\/#organization\",\"name\":\"Soledad Durazo\",\"url\":\"https:\/\/soledaddurazo.com\/\",\"sameAs\":[\"https:\/\/www.facebook.com\/soledad.durazo.9\/\",\"https:\/\/www.instagram.com\/soledaddurazo\",\"https:\/\/www.youtube.com\/channel\/UC9yGPw8-Vbl_B2XNkRwPS-w\",\"https:\/\/twitter.com\/SoledadDurazo\"],\"logo\":{\"@type\":\"ImageObject\",\"@id\":\"https:\/\/soledaddurazo.com\/#logo\",\"inLanguage\":\"es\",\"url\":\"https:\/\/soledaddurazo.com\/storage\/2021\/11\/nllp-720x375-1-2.png\",\"contentUrl\":\"https:\/\/soledaddurazo.com\/storage\/2021\/11\/nllp-720x375-1-2.png\",\"width\":720,\"height\":375,\"caption\":\"Soledad Durazo\"},\"image\":{\"@id\":\"https:\/\/soledaddurazo.com\/#logo\"}},{\"@type\":\"WebSite\",\"@id\":\"https:\/\/soledaddurazo.com\/#website\",\"url\":\"https:\/\/soledaddurazo.com\/\",\"name\":\"Periodista SoledadDurazo.com\",\"description\":\"Periodista sonorense. Directora de www.SoledadDurazo.com Columnista, conductora de radio y Tv. Catedr\\u00e1tica en la UNISON\",\"publisher\":{\"@id\":\"https:\/\/soledaddurazo.com\/#organization\"},\"potentialAction\":[{\"@type\":\"SearchAction\",\"target\":{\"@type\":\"EntryPoint\",\"urlTemplate\":\"https:\/\/soledaddurazo.com\/?s={search_term_string}\"},\"query-input\":\"required name=search_term_string\"}],\"inLanguage\":\"es\"},{\"@type\":\"ImageObject\",\"@id\":\"https:\/\/soledaddurazo.com\/blog\/2020\/10\/22\/buscan-se-reconozca-el-poderio-de-las-mujeres-sonorenses\/#primaryimage\",\"inLanguage\":\"es\",\"url\":\"https:\/\/soledaddurazo.com\/storage\/2020\/10\/50517138323_2b9f460107_c.jpg\",\"contentUrl\":\"https:\/\/soledaddurazo.com\/storage\/2020\/10\/50517138323_2b9f460107_c.jpg\",\"width\":799,\"height\":533},{\"@type\":\"WebPage\",\"@id\":\"https:\/\/soledaddurazo.com\/blog\/2020\/10\/22\/buscan-se-reconozca-el-poderio-de-las-mujeres-sonorenses\/#webpage\",\"url\":\"https:\/\/soledaddurazo.com\/blog\/2020\/10\/22\/buscan-se-reconozca-el-poderio-de-las-mujeres-sonorenses\/\",\"name\":\"Buscan se reconozca el poder\\u00edo de las mujeres sonorenses - Periodista SoledadDurazo.com\",\"isPartOf\":{\"@id\":\"https:\/\/soledaddurazo.com\/#website\"},\"primaryImageOfPage\":{\"@id\":\"https:\/\/soledaddurazo.com\/blog\/2020\/10\/22\/buscan-se-reconozca-el-poderio-de-las-mujeres-sonorenses\/#primaryimage\"},\"datePublished\":\"2020-10-23T05:57:02+00:00\",\"dateModified\":\"2020-10-23T05:57:02+00:00\",\"breadcrumb\":{\"@id\":\"https:\/\/soledaddurazo.com\/blog\/2020\/10\/22\/buscan-se-reconozca-el-poderio-de-las-mujeres-sonorenses\/#breadcrumb\"},\"inLanguage\":\"es\",\"potentialAction\":[{\"@type\":\"ReadAction\",\"target\":[\"https:\/\/soledaddurazo.com\/blog\/2020\/10\/22\/buscan-se-reconozca-el-poderio-de-las-mujeres-sonorenses\/\"]}]},{\"@type\":\"BreadcrumbList\",\"@id\":\"https:\/\/soledaddurazo.com\/blog\/2020\/10\/22\/buscan-se-reconozca-el-poderio-de-las-mujeres-sonorenses\/#breadcrumb\",\"itemListElement\":[{\"@type\":\"ListItem\",\"position\":1,\"name\":\"Home\",\"item\":\"https:\/\/soledaddurazo.com\/\"},{\"@type\":\"ListItem\",\"position\":2,\"name\":\"Buscan se reconozca el poder\\u00edo de las mujeres sonorenses\"}]},{\"@type\":\"Article\",\"@id\":\"https:\/\/soledaddurazo.com\/blog\/2020\/10\/22\/buscan-se-reconozca-el-poderio-de-las-mujeres-sonorenses\/#article\",\"isPartOf\":{\"@id\":\"https:\/\/soledaddurazo.com\/blog\/2020\/10\/22\/buscan-se-reconozca-el-poderio-de-las-mujeres-sonorenses\/#webpage\"},\"author\":{\"@id\":\"https:\/\/soledaddurazo.com\/#\/schema\/person\/822d8e13aa288585e6546f179853758b\"},\"headline\":\"Buscan se reconozca el poder\\u00edo de las mujeres sonorenses\",\"datePublished\":\"2020-10-23T05:57:02+00:00\",\"dateModified\":\"2020-10-23T05:57:02+00:00\",\"mainEntityOfPage\":{\"@id\":\"https:\/\/soledaddurazo.com\/blog\/2020\/10\/22\/buscan-se-reconozca-el-poderio-de-las-mujeres-sonorenses\/#webpage\"},\"wordCount\":1168,\"commentCount\":0,\"publisher\":{\"@id\":\"https:\/\/soledaddurazo.com\/#organization\"},\"image\":{\"@id\":\"https:\/\/soledaddurazo.com\/blog\/2020\/10\/22\/buscan-se-reconozca-el-poderio-de-las-mujeres-sonorenses\/#primaryimage\"},\"thumbnailUrl\":\"https:\/\/soledaddurazo.com\/storage\/2020\/10\/50517138323_2b9f460107_c.jpg\",\"articleSection\":[\"Mi Sonora\"],\"inLanguage\":\"es\",\"potentialAction\":[{\"@type\":\"CommentAction\",\"name\":\"Comment\",\"target\":[\"https:\/\/soledaddurazo.com\/blog\/2020\/10\/22\/buscan-se-reconozca-el-poderio-de-las-mujeres-sonorenses\/#respond\"]}]},{\"@type\":\"Person\",\"@id\":\"https:\/\/soledaddurazo.com\/#\/schema\/person\/822d8e13aa288585e6546f179853758b\",\"name\":\"Redacci\\u00f3n\",\"image\":{\"@type\":\"ImageObject\",\"@id\":\"https:\/\/soledaddurazo.com\/#personlogo\",\"inLanguage\":\"es\",\"url\":\"https:\/\/secure.gravatar.com\/avatar\/c4e193752f756fd61f04deebed3a3a20dc188d37edb53682d313ac57f2725d54?s=96&d=mm&r=g\",\"contentUrl\":\"https:\/\/secure.gravatar.com\/avatar\/c4e193752f756fd61f04deebed3a3a20dc188d37edb53682d313ac57f2725d54?s=96&d=mm&r=g\",\"caption\":\"Redacci\\u00f3n\"},\"sameAs\":[\"https:\/\/soledaddurazo.com\"]}]}<\/script>\n ","yoast_head_json":{"title":"Buscan se reconozca el poder\u00edo de las mujeres sonorenses - Periodista SoledadDurazo.com","robots":{"index":"index","follow":"follow","max-snippet":"max-snippet:-1","max-image-preview":"max-image-preview:large","max-video-preview":"max-video-preview:-1"},"canonical":"https:\/\/soledaddurazo.com\/blog\/2020\/10\/22\/buscan-se-reconozca-el-poderio-de-las-mujeres-sonorenses\/","og_locale":"es_MX","og_type":"article","og_title":"Buscan se reconozca el poder\u00edo de las mujeres sonorenses","og_description":"Proyectos de ley para instituir una presea que reconozca el poder\u00edo de las mujeres sonorenses, y de justicia y cultura c\u00edvica del Estado de Sonora, se presentaron durante la sesi\u00f3n ordinaria del Pleno del\u00a0Congreso\u00a0y ser\u00e1n estudiadas por las comisiones para la Igualdad de G\u00e9nero, y de Justicia y Derechos Humanos, respectivamente. \u00a0 Esta plenaria se [&hellip;]","og_url":"https:\/\/soledaddurazo.com\/blog\/2020\/10\/22\/buscan-se-reconozca-el-poderio-de-las-mujeres-sonorenses\/","og_site_name":"Periodista SoledadDurazo.com","article_publisher":"https:\/\/www.facebook.com\/soledad.durazo.9\/","article_published_time":"2020-10-23T05:57:02+00:00","og_image":[{"width":799,"height":533,"url":"https:\/\/soledaddurazo.com\/storage\/2020\/10\/50517138323_2b9f460107_c.jpg","type":"image\/jpeg"}],"twitter_card":"summary_large_image","twitter_creator":"@SoledadDurazo","twitter_site":"@SoledadDurazo","twitter_misc":{"Escrito por":"Redacci\u00f3n","Tiempo de lectura":"6 minutos"},"schema":{"@context":"https:\/\/schema.org","@graph":[{"@type":"Organization","@id":"https:\/\/soledaddurazo.com\/#organization","name":"Soledad Durazo","url":"https:\/\/soledaddurazo.com\/","sameAs":["https:\/\/www.facebook.com\/soledad.durazo.9\/","https:\/\/www.instagram.com\/soledaddurazo","https:\/\/www.youtube.com\/channel\/UC9yGPw8-Vbl_B2XNkRwPS-w","https:\/\/twitter.com\/SoledadDurazo"],"logo":{"@type":"ImageObject","@id":"https:\/\/soledaddurazo.com\/#logo","inLanguage":"es","url":"https:\/\/soledaddurazo.com\/storage\/2021\/11\/nllp-720x375-1-2.png","contentUrl":"https:\/\/soledaddurazo.com\/storage\/2021\/11\/nllp-720x375-1-2.png","width":720,"height":375,"caption":"Soledad Durazo"},"image":{"@id":"https:\/\/soledaddurazo.com\/#logo"}},{"@type":"WebSite","@id":"https:\/\/soledaddurazo.com\/#website","url":"https:\/\/soledaddurazo.com\/","name":"Periodista SoledadDurazo.com","description":"Periodista sonorense. Directora de www.SoledadDurazo.com Columnista, conductora de radio y Tv. Catedr\u00e1tica en la UNISON","publisher":{"@id":"https:\/\/soledaddurazo.com\/#organization"},"potentialAction":[{"@type":"SearchAction","target":{"@type":"EntryPoint","urlTemplate":"https:\/\/soledaddurazo.com\/?s={search_term_string}"},"query-input":"required name=search_term_string"}],"inLanguage":"es"},{"@type":"ImageObject","@id":"https:\/\/soledaddurazo.com\/blog\/2020\/10\/22\/buscan-se-reconozca-el-poderio-de-las-mujeres-sonorenses\/#primaryimage","inLanguage":"es","url":"https:\/\/soledaddurazo.com\/storage\/2020\/10\/50517138323_2b9f460107_c.jpg","contentUrl":"https:\/\/soledaddurazo.com\/storage\/2020\/10\/50517138323_2b9f460107_c.jpg","width":799,"height":533},{"@type":"WebPage","@id":"https:\/\/soledaddurazo.com\/blog\/2020\/10\/22\/buscan-se-reconozca-el-poderio-de-las-mujeres-sonorenses\/#webpage","url":"https:\/\/soledaddurazo.com\/blog\/2020\/10\/22\/buscan-se-reconozca-el-poderio-de-las-mujeres-sonorenses\/","name":"Buscan se reconozca el poder\u00edo de las mujeres sonorenses - Periodista SoledadDurazo.com","isPartOf":{"@id":"https:\/\/soledaddurazo.com\/#website"},"primaryImageOfPage":{"@id":"https:\/\/soledaddurazo.com\/blog\/2020\/10\/22\/buscan-se-reconozca-el-poderio-de-las-mujeres-sonorenses\/#primaryimage"},"datePublished":"2020-10-23T05:57:02+00:00","dateModified":"2020-10-23T05:57:02+00:00","breadcrumb":{"@id":"https:\/\/soledaddurazo.com\/blog\/2020\/10\/22\/buscan-se-reconozca-el-poderio-de-las-mujeres-sonorenses\/#breadcrumb"},"inLanguage":"es","potentialAction":[{"@type":"ReadAction","target":["https:\/\/soledaddurazo.com\/blog\/2020\/10\/22\/buscan-se-reconozca-el-poderio-de-las-mujeres-sonorenses\/"]}]},{"@type":"BreadcrumbList","@id":"https:\/\/soledaddurazo.com\/blog\/2020\/10\/22\/buscan-se-reconozca-el-poderio-de-las-mujeres-sonorenses\/#breadcrumb","itemListElement":[{"@type":"ListItem","position":1,"name":"Home","item":"https:\/\/soledaddurazo.com\/"},{"@type":"ListItem","position":2,"name":"Buscan se reconozca el poder\u00edo de las mujeres sonorenses"}]},{"@type":"Article","@id":"https:\/\/soledaddurazo.com\/blog\/2020\/10\/22\/buscan-se-reconozca-el-poderio-de-las-mujeres-sonorenses\/#article","isPartOf":{"@id":"https:\/\/soledaddurazo.com\/blog\/2020\/10\/22\/buscan-se-reconozca-el-poderio-de-las-mujeres-sonorenses\/#webpage"},"author":{"@id":"https:\/\/soledaddurazo.com\/#\/schema\/person\/822d8e13aa288585e6546f179853758b"},"headline":"Buscan se reconozca el poder\u00edo de las mujeres sonorenses","datePublished":"2020-10-23T05:57:02+00:00","dateModified":"2020-10-23T05:57:02+00:00","mainEntityOfPage":{"@id":"https:\/\/soledaddurazo.com\/blog\/2020\/10\/22\/buscan-se-reconozca-el-poderio-de-las-mujeres-sonorenses\/#webpage"},"wordCount":1168,"commentCount":0,"publisher":{"@id":"https:\/\/soledaddurazo.com\/#organization"},"image":{"@id":"https:\/\/soledaddurazo.com\/blog\/2020\/10\/22\/buscan-se-reconozca-el-poderio-de-las-mujeres-sonorenses\/#primaryimage"},"thumbnailUrl":"https:\/\/soledaddurazo.com\/storage\/2020\/10\/50517138323_2b9f460107_c.jpg","articleSection":["Mi Sonora"],"inLanguage":"es","potentialAction":[{"@type":"CommentAction","name":"Comment","target":["https:\/\/soledaddurazo.com\/blog\/2020\/10\/22\/buscan-se-reconozca-el-poderio-de-las-mujeres-sonorenses\/#respond"]}]},{"@type":"Person","@id":"https:\/\/soledaddurazo.com\/#\/schema\/person\/822d8e13aa288585e6546f179853758b","name":"Redacci\u00f3n","image":{"@type":"ImageObject","@id":"https:\/\/soledaddurazo.com\/#personlogo","inLanguage":"es","url":"https:\/\/secure.gravatar.com\/avatar\/c4e193752f756fd61f04deebed3a3a20dc188d37edb53682d313ac57f2725d54?s=96&d=mm&r=g","contentUrl":"https:\/\/secure.gravatar.com\/avatar\/c4e193752f756fd61f04deebed3a3a20dc188d37edb53682d313ac57f2725d54?s=96&d=mm&r=g","caption":"Redacci\u00f3n"},"sameAs":["https:\/\/soledaddurazo.com"]}]}},"_links":{"self":[{"href":"https:\/\/soledaddurazo.com\/api\/wp\/v2\/posts\/3691","targetHints":{"allow":["GET"]}}],"collection":[{"href":"https:\/\/soledaddurazo.com\/api\/wp\/v2\/posts"}],"about":[{"href":"https:\/\/soledaddurazo.com\/api\/wp\/v2\/types\/post"}],"author":[{"embeddable":true,"href":"https:\/\/soledaddurazo.com\/api\/wp\/v2\/users\/1"}],"replies":[{"embeddable":true,"href":"https:\/\/soledaddurazo.com\/api\/wp\/v2\/comments?post=3691"}],"version-history":[{"count":1,"href":"https:\/\/soledaddurazo.com\/api\/wp\/v2\/posts\/3691\/revisions"}],"predecessor-version":[{"id":3693,"href":"https:\/\/soledaddurazo.com\/api\/wp\/v2\/posts\/3691\/revisions\/3693"}],"wp:featuredmedia":[{"embeddable":true,"href":"https:\/\/soledaddurazo.com\/api\/wp\/v2\/media\/3692"}],"wp:attachment":[{"href":"https:\/\/soledaddurazo.com\/api\/wp\/v2\/media?parent=3691"}],"wp:term":[{"taxonomy":"category","embeddable":true,"href":"https:\/\/soledaddurazo.com\/api\/wp\/v2\/categories?post=3691"},{"taxonomy":"post_tag","embeddable":true,"href":"https:\/\/soledaddurazo.com\/api\/wp\/v2\/tags?post=3691"}],"curies":[{"name":"wp","href":"https:\/\/api.w.org\/{rel}","templated":true}]}}