{"id":3662,"date":"2020-10-21T20:33:56","date_gmt":"2020-10-22T03:33:56","guid":{"rendered":"https:\/\/soledaddurazo.com\/?p=3662"},"modified":"2020-10-21T20:33:56","modified_gmt":"2020-10-22T03:33:56","slug":"lleva-gobernadora-pavlovich-apoyos-a-habitantes-de-onavas-suaqui-grande-y-san-javier","status":"publish","type":"post","link":"https:\/\/soledaddurazo.com\/blog\/2020\/10\/21\/lleva-gobernadora-pavlovich-apoyos-a-habitantes-de-onavas-suaqui-grande-y-san-javier\/","title":{"rendered":"Lleva Gobernadora Pavlovich apoyos a habitantes de \u00d3navas, Suaqui Grande y San Javier"},"content":{"rendered":"<p>La regularizaci\u00f3n de lotes para familias de San Javier est\u00e1 avanzando y al momento, ya la mitad de las familias de esta comunidad cuentan con su terreno totalmente regularizado lo que les da certeza jur\u00eddica y seguridad de su patrimonio, con ello y la modernizaci\u00f3n del M\u00f3dulo Multideportivo que entregamos en Suaqui Grande y los apoyos en \u00d3navas estamos cumpliendo con hechos a los habitantes de esta regi\u00f3n, destac\u00f3 la gobernadora Claudia Pavlovich Arellano, al continuar con su sexta vuelta por el estado.<span class=\"im\"><\/p>\n<p>Al realizar su gira numero 427 por la entidad, donde entreg\u00f3 apoyos de internet, becas educativas y de cursos r\u00e1pido del Instituto de Capacitaci\u00f3n para el Trabajo (Icatson), paquetes alimentarios y escrituras de lotes, la gobernadora Claudia Pavlovich afirm\u00f3 que es muy importante que las familias cuenten con su vivienda regularizada ya que les da certeza jur\u00eddica. En el caso de San Javier, donde ya la mitad de las familias tiene sus lotes regularizados, se trata de una regularizaci\u00f3n integral, porque los terrenos cuentan con todos los servicios para que puedan construir un hogar.<\/p>\n<p>\u201cS\u00e9 que el problema de siempre es que no est\u00e9n regularizados los terrenos, que la gente no tenga una certeza jur\u00eddica que donde est\u00e1n viviendo es de ellos, y ya logramos regularizar de la mitad para arriba, medio San Javier ya est\u00e1 regularizado, la otra parte es terreno nacional, nos va a llevar m\u00e1s tiempo, porque es tema de la Federaci\u00f3n, pero ah\u00ed Carmen est\u00e1 haciendo todo lo que puede para dar resultados\u201d, expres\u00f3.<\/p>\n<p>Carmen Carballo Cabanillas, coordinadora ejecutiva de la Comisi\u00f3n Estatal de Bienes y Concesiones, explic\u00f3 que el municipio de San Javier se encuentra dividido a la mitad, una parte ya est\u00e1n totalmente regularizados con esta entrega de escrituras de parte de la gobernadora Pavlovich y la otra parte son terrenos nacionales, que siguen en gesti\u00f3n para poder lograr su regularizaci\u00f3n.<\/p>\n<p>En ese municipio, junto al presidente municipal C\u00e9sar Ruelas Leyva, la mandataria estatal visit\u00f3 la vivienda de Claudia Mercedes Valdez Cons, donde sus hijos Claudia Sof\u00eda y Manuel Ignacio, estudiantes de segundo y tercero de secundaria de la Telesecundaria 180, son beneficiarios del programa de internet por parte del Instituto de Becas y Cr\u00e9dito Educativo.<\/p>\n<p>Durante esta gira de trabajo, en la que estuvo acompa\u00f1ada de Manuel Puebla, titular de la Secretar\u00eda de Desarrollo Social; Yazmina Anaya Camargo, directora general del Instituto de Becas y Cr\u00e9dito Educativo; y Edmundo Campa Araiza, director general del Icatson, la gobernadora entreg\u00f3 becas acad\u00e9micas para alumnos de educaci\u00f3n b\u00e1sica, media superior y apoyos de internet y recorri\u00f3 calles del municipio para entregar paquetes alimentarios.<\/p>\n<p>En \u00d3navas, junto a la alcaldesa Elodia Guadalupe Carlton Avil\u00e9s, la mandataria estatal se\u00f1al\u00f3 que con la entrega de becas de cursos r\u00e1pido de Icatson, se beneficia a los sonorenses para que puedan desempe\u00f1arse en un oficio y mejorar su econom\u00eda familiar.<\/p>\n<p>\u201cMe da mucho gusto estar aqu\u00ed con estas becas de Icatson, es un programa muy bueno y nuevo que tenemos que son que ustedes aprendan un oficio en l\u00ednea\u201d, afirm\u00f3.<\/p>\n<p>Aqu\u00ed la gobernadora Pavlovich tambi\u00e9n entreg\u00f3 becas acad\u00e9micas para alumnos de primaria, secundaria, media superior y apoyos de internet; adem\u00e1s, visit\u00f3 el Centro de Salud de la localidad, supervis\u00f3 la rehabilitaci\u00f3n de la calle Aterrizaje y recorri\u00f3 diversas calles para la entrega de paquetes alimentarios.<\/p>\n<p>Por su parte, la alcaldesa de \u00d3navas, Elodia Guadalupe Carlton Avil\u00e9s, agradeci\u00f3 el apoyo y compromiso de la gobernadora Pavlovich con el municipio y se comprometi\u00f3 a seguir trabajando en coordinaci\u00f3n con el Gobierno del Estado para beneficiar a los habitantes del municipio.<\/p>\n<p><\/span>En Suaqui Grande, la gobernadora acompa\u00f1ada de Gertrudis Quintana Castillo, presidenta municipal, inaugur\u00f3 la modernizaci\u00f3n de la entrada principal de Suaqui Grande para beneficio de los visitantes; tambi\u00e9n inaugur\u00f3 el m\u00f3dulo del centro Multideportivo para apoyar a los deportistas de esta comunidad y casa por casa entreg\u00f3 paquetes alimentarios a personas beneficiadas.<\/p>\n","protected":false},"excerpt":{"rendered":"<p>La regularizaci\u00f3n de lotes para familias de San Javier est\u00e1 avanzando y al momento, ya la mitad de las familias de esta comunidad cuentan con su terreno totalmente regularizado lo que les da certeza jur\u00eddica y seguridad de su patrimonio, con ello y la modernizaci\u00f3n del M\u00f3dulo Multideportivo que entregamos en Suaqui Grande y los [&hellip;]<\/p>\n","protected":false},"author":1,"featured_media":3663,"comment_status":"open","ping_status":"open","sticky":false,"template":"","format":"standard","meta":{"footnotes":""},"categories":[159],"tags":[],"class_list":["post"],"yoast_head":" \n<title>Lleva Gobernadora Pavlovich apoyos a habitantes de \u00d3navas, Suaqui Grande y San Javier - Periodista SoledadDurazo.com<\/title>\n<meta name=\"robots\" content=\"index, follow, max-snippet:-1, max-image-preview:large, max-video-preview:-1\" \/>\n<link rel=\"canonical\" href=\"https:\/\/soledaddurazo.com\/blog\/2020\/10\/21\/lleva-gobernadora-pavlovich-apoyos-a-habitantes-de-onavas-suaqui-grande-y-san-javier\/\" \/>\n<meta property=\"og:locale\" content=\"es_MX\" \/>\n<meta property=\"og:type\" content=\"article\" \/>\n<meta property=\"og:title\" content=\"Lleva Gobernadora Pavlovich apoyos a habitantes de \u00d3navas, Suaqui Grande y San Javier\" \/>\n<meta property=\"og:description\" content=\"La regularizaci\u00f3n de lotes para familias de San Javier est\u00e1 avanzando y al momento, ya la mitad de las familias de esta comunidad cuentan con su terreno totalmente regularizado lo que les da certeza jur\u00eddica y seguridad de su patrimonio, con ello y la modernizaci\u00f3n del M\u00f3dulo Multideportivo que entregamos en Suaqui Grande y los [&hellip;]\" \/>\n<meta property=\"og:url\" content=\"https:\/\/soledaddurazo.com\/blog\/2020\/10\/21\/lleva-gobernadora-pavlovich-apoyos-a-habitantes-de-onavas-suaqui-grande-y-san-javier\/\" \/>\n<meta property=\"og:site_name\" content=\"Periodista SoledadDurazo.com\" \/>\n<meta property=\"article:publisher\" content=\"https:\/\/www.facebook.com\/soledad.durazo.9\/\" \/>\n<meta property=\"article:published_time\" content=\"2020-10-22T03:33:56+00:00\" \/>\n<meta property=\"og:image\" content=\"https:\/\/soledaddurazo.com\/storage\/2020\/10\/1020144d.jpg\" \/>\n\t<meta property=\"og:image:width\" content=\"2300\" \/>\n\t<meta property=\"og:image:height\" content=\"1614\" \/>\n<meta name=\"twitter:card\" content=\"summary_large_image\" \/>\n<meta name=\"twitter:creator\" content=\"@SoledadDurazo\" \/>\n<meta name=\"twitter:site\" content=\"@SoledadDurazo\" \/>\n<meta name=\"twitter:label1\" content=\"Escrito por\" \/>\n\t<meta name=\"twitter:data1\" content=\"Redacci\u00f3n\" \/>\n\t<meta name=\"twitter:label2\" content=\"Tiempo de lectura\" \/>\n\t<meta name=\"twitter:data2\" content=\"3 minutos\" \/>\n<script type=\"application\/ld+json\" class=\"yoast-schema-graph\">{\"@context\":\"https:\/\/schema.org\",\"@graph\":[{\"@type\":\"Organization\",\"@id\":\"https:\/\/soledaddurazo.com\/#organization\",\"name\":\"Soledad Durazo\",\"url\":\"https:\/\/soledaddurazo.com\/\",\"sameAs\":[\"https:\/\/www.facebook.com\/soledad.durazo.9\/\",\"https:\/\/www.instagram.com\/soledaddurazo\",\"https:\/\/www.youtube.com\/channel\/UC9yGPw8-Vbl_B2XNkRwPS-w\",\"https:\/\/twitter.com\/SoledadDurazo\"],\"logo\":{\"@type\":\"ImageObject\",\"@id\":\"https:\/\/soledaddurazo.com\/#logo\",\"inLanguage\":\"es\",\"url\":\"https:\/\/soledaddurazo.com\/storage\/2021\/11\/nllp-720x375-1-2.png\",\"contentUrl\":\"https:\/\/soledaddurazo.com\/storage\/2021\/11\/nllp-720x375-1-2.png\",\"width\":720,\"height\":375,\"caption\":\"Soledad Durazo\"},\"image\":{\"@id\":\"https:\/\/soledaddurazo.com\/#logo\"}},{\"@type\":\"WebSite\",\"@id\":\"https:\/\/soledaddurazo.com\/#website\",\"url\":\"https:\/\/soledaddurazo.com\/\",\"name\":\"Periodista SoledadDurazo.com\",\"description\":\"Periodista sonorense. Directora de www.SoledadDurazo.com Columnista, conductora de radio y Tv. Catedr\\u00e1tica en la UNISON\",\"publisher\":{\"@id\":\"https:\/\/soledaddurazo.com\/#organization\"},\"potentialAction\":[{\"@type\":\"SearchAction\",\"target\":{\"@type\":\"EntryPoint\",\"urlTemplate\":\"https:\/\/soledaddurazo.com\/?s={search_term_string}\"},\"query-input\":\"required name=search_term_string\"}],\"inLanguage\":\"es\"},{\"@type\":\"ImageObject\",\"@id\":\"https:\/\/soledaddurazo.com\/blog\/2020\/10\/21\/lleva-gobernadora-pavlovich-apoyos-a-habitantes-de-onavas-suaqui-grande-y-san-javier\/#primaryimage\",\"inLanguage\":\"es\",\"url\":\"https:\/\/soledaddurazo.com\/storage\/2020\/10\/1020144d.jpg\",\"contentUrl\":\"https:\/\/soledaddurazo.com\/storage\/2020\/10\/1020144d.jpg\",\"width\":2300,\"height\":1614},{\"@type\":\"WebPage\",\"@id\":\"https:\/\/soledaddurazo.com\/blog\/2020\/10\/21\/lleva-gobernadora-pavlovich-apoyos-a-habitantes-de-onavas-suaqui-grande-y-san-javier\/#webpage\",\"url\":\"https:\/\/soledaddurazo.com\/blog\/2020\/10\/21\/lleva-gobernadora-pavlovich-apoyos-a-habitantes-de-onavas-suaqui-grande-y-san-javier\/\",\"name\":\"Lleva Gobernadora Pavlovich apoyos a habitantes de \\u00d3navas, Suaqui Grande y San Javier - Periodista SoledadDurazo.com\",\"isPartOf\":{\"@id\":\"https:\/\/soledaddurazo.com\/#website\"},\"primaryImageOfPage\":{\"@id\":\"https:\/\/soledaddurazo.com\/blog\/2020\/10\/21\/lleva-gobernadora-pavlovich-apoyos-a-habitantes-de-onavas-suaqui-grande-y-san-javier\/#primaryimage\"},\"datePublished\":\"2020-10-22T03:33:56+00:00\",\"dateModified\":\"2020-10-22T03:33:56+00:00\",\"breadcrumb\":{\"@id\":\"https:\/\/soledaddurazo.com\/blog\/2020\/10\/21\/lleva-gobernadora-pavlovich-apoyos-a-habitantes-de-onavas-suaqui-grande-y-san-javier\/#breadcrumb\"},\"inLanguage\":\"es\",\"potentialAction\":[{\"@type\":\"ReadAction\",\"target\":[\"https:\/\/soledaddurazo.com\/blog\/2020\/10\/21\/lleva-gobernadora-pavlovich-apoyos-a-habitantes-de-onavas-suaqui-grande-y-san-javier\/\"]}]},{\"@type\":\"BreadcrumbList\",\"@id\":\"https:\/\/soledaddurazo.com\/blog\/2020\/10\/21\/lleva-gobernadora-pavlovich-apoyos-a-habitantes-de-onavas-suaqui-grande-y-san-javier\/#breadcrumb\",\"itemListElement\":[{\"@type\":\"ListItem\",\"position\":1,\"name\":\"Home\",\"item\":\"https:\/\/soledaddurazo.com\/\"},{\"@type\":\"ListItem\",\"position\":2,\"name\":\"Lleva Gobernadora Pavlovich apoyos a habitantes de \\u00d3navas, Suaqui Grande y San Javier\"}]},{\"@type\":\"Article\",\"@id\":\"https:\/\/soledaddurazo.com\/blog\/2020\/10\/21\/lleva-gobernadora-pavlovich-apoyos-a-habitantes-de-onavas-suaqui-grande-y-san-javier\/#article\",\"isPartOf\":{\"@id\":\"https:\/\/soledaddurazo.com\/blog\/2020\/10\/21\/lleva-gobernadora-pavlovich-apoyos-a-habitantes-de-onavas-suaqui-grande-y-san-javier\/#webpage\"},\"author\":{\"@id\":\"https:\/\/soledaddurazo.com\/#\/schema\/person\/822d8e13aa288585e6546f179853758b\"},\"headline\":\"Lleva Gobernadora Pavlovich apoyos a habitantes de \\u00d3navas, Suaqui Grande y San Javier\",\"datePublished\":\"2020-10-22T03:33:56+00:00\",\"dateModified\":\"2020-10-22T03:33:56+00:00\",\"mainEntityOfPage\":{\"@id\":\"https:\/\/soledaddurazo.com\/blog\/2020\/10\/21\/lleva-gobernadora-pavlovich-apoyos-a-habitantes-de-onavas-suaqui-grande-y-san-javier\/#webpage\"},\"wordCount\":696,\"commentCount\":0,\"publisher\":{\"@id\":\"https:\/\/soledaddurazo.com\/#organization\"},\"image\":{\"@id\":\"https:\/\/soledaddurazo.com\/blog\/2020\/10\/21\/lleva-gobernadora-pavlovich-apoyos-a-habitantes-de-onavas-suaqui-grande-y-san-javier\/#primaryimage\"},\"thumbnailUrl\":\"https:\/\/soledaddurazo.com\/storage\/2020\/10\/1020144d.jpg\",\"articleSection\":[\"Mi Sonora\"],\"inLanguage\":\"es\",\"potentialAction\":[{\"@type\":\"CommentAction\",\"name\":\"Comment\",\"target\":[\"https:\/\/soledaddurazo.com\/blog\/2020\/10\/21\/lleva-gobernadora-pavlovich-apoyos-a-habitantes-de-onavas-suaqui-grande-y-san-javier\/#respond\"]}]},{\"@type\":\"Person\",\"@id\":\"https:\/\/soledaddurazo.com\/#\/schema\/person\/822d8e13aa288585e6546f179853758b\",\"name\":\"Redacci\\u00f3n\",\"image\":{\"@type\":\"ImageObject\",\"@id\":\"https:\/\/soledaddurazo.com\/#personlogo\",\"inLanguage\":\"es\",\"url\":\"https:\/\/secure.gravatar.com\/avatar\/c4e193752f756fd61f04deebed3a3a20dc188d37edb53682d313ac57f2725d54?s=96&d=mm&r=g\",\"contentUrl\":\"https:\/\/secure.gravatar.com\/avatar\/c4e193752f756fd61f04deebed3a3a20dc188d37edb53682d313ac57f2725d54?s=96&d=mm&r=g\",\"caption\":\"Redacci\\u00f3n\"},\"sameAs\":[\"https:\/\/soledaddurazo.com\"]}]}<\/script>\n ","yoast_head_json":{"title":"Lleva Gobernadora Pavlovich apoyos a habitantes de \u00d3navas, Suaqui Grande y San Javier - Periodista SoledadDurazo.com","robots":{"index":"index","follow":"follow","max-snippet":"max-snippet:-1","max-image-preview":"max-image-preview:large","max-video-preview":"max-video-preview:-1"},"canonical":"https:\/\/soledaddurazo.com\/blog\/2020\/10\/21\/lleva-gobernadora-pavlovich-apoyos-a-habitantes-de-onavas-suaqui-grande-y-san-javier\/","og_locale":"es_MX","og_type":"article","og_title":"Lleva Gobernadora Pavlovich apoyos a habitantes de \u00d3navas, Suaqui Grande y San Javier","og_description":"La regularizaci\u00f3n de lotes para familias de San Javier est\u00e1 avanzando y al momento, ya la mitad de las familias de esta comunidad cuentan con su terreno totalmente regularizado lo que les da certeza jur\u00eddica y seguridad de su patrimonio, con ello y la modernizaci\u00f3n del M\u00f3dulo Multideportivo que entregamos en Suaqui Grande y los [&hellip;]","og_url":"https:\/\/soledaddurazo.com\/blog\/2020\/10\/21\/lleva-gobernadora-pavlovich-apoyos-a-habitantes-de-onavas-suaqui-grande-y-san-javier\/","og_site_name":"Periodista SoledadDurazo.com","article_publisher":"https:\/\/www.facebook.com\/soledad.durazo.9\/","article_published_time":"2020-10-22T03:33:56+00:00","og_image":[{"width":2300,"height":1614,"url":"https:\/\/soledaddurazo.com\/storage\/2020\/10\/1020144d.jpg","type":"image\/jpeg"}],"twitter_card":"summary_large_image","twitter_creator":"@SoledadDurazo","twitter_site":"@SoledadDurazo","twitter_misc":{"Escrito por":"Redacci\u00f3n","Tiempo de lectura":"3 minutos"},"schema":{"@context":"https:\/\/schema.org","@graph":[{"@type":"Organization","@id":"https:\/\/soledaddurazo.com\/#organization","name":"Soledad Durazo","url":"https:\/\/soledaddurazo.com\/","sameAs":["https:\/\/www.facebook.com\/soledad.durazo.9\/","https:\/\/www.instagram.com\/soledaddurazo","https:\/\/www.youtube.com\/channel\/UC9yGPw8-Vbl_B2XNkRwPS-w","https:\/\/twitter.com\/SoledadDurazo"],"logo":{"@type":"ImageObject","@id":"https:\/\/soledaddurazo.com\/#logo","inLanguage":"es","url":"https:\/\/soledaddurazo.com\/storage\/2021\/11\/nllp-720x375-1-2.png","contentUrl":"https:\/\/soledaddurazo.com\/storage\/2021\/11\/nllp-720x375-1-2.png","width":720,"height":375,"caption":"Soledad Durazo"},"image":{"@id":"https:\/\/soledaddurazo.com\/#logo"}},{"@type":"WebSite","@id":"https:\/\/soledaddurazo.com\/#website","url":"https:\/\/soledaddurazo.com\/","name":"Periodista SoledadDurazo.com","description":"Periodista sonorense. Directora de www.SoledadDurazo.com Columnista, conductora de radio y Tv. Catedr\u00e1tica en la UNISON","publisher":{"@id":"https:\/\/soledaddurazo.com\/#organization"},"potentialAction":[{"@type":"SearchAction","target":{"@type":"EntryPoint","urlTemplate":"https:\/\/soledaddurazo.com\/?s={search_term_string}"},"query-input":"required name=search_term_string"}],"inLanguage":"es"},{"@type":"ImageObject","@id":"https:\/\/soledaddurazo.com\/blog\/2020\/10\/21\/lleva-gobernadora-pavlovich-apoyos-a-habitantes-de-onavas-suaqui-grande-y-san-javier\/#primaryimage","inLanguage":"es","url":"https:\/\/soledaddurazo.com\/storage\/2020\/10\/1020144d.jpg","contentUrl":"https:\/\/soledaddurazo.com\/storage\/2020\/10\/1020144d.jpg","width":2300,"height":1614},{"@type":"WebPage","@id":"https:\/\/soledaddurazo.com\/blog\/2020\/10\/21\/lleva-gobernadora-pavlovich-apoyos-a-habitantes-de-onavas-suaqui-grande-y-san-javier\/#webpage","url":"https:\/\/soledaddurazo.com\/blog\/2020\/10\/21\/lleva-gobernadora-pavlovich-apoyos-a-habitantes-de-onavas-suaqui-grande-y-san-javier\/","name":"Lleva Gobernadora Pavlovich apoyos a habitantes de \u00d3navas, Suaqui Grande y San Javier - Periodista SoledadDurazo.com","isPartOf":{"@id":"https:\/\/soledaddurazo.com\/#website"},"primaryImageOfPage":{"@id":"https:\/\/soledaddurazo.com\/blog\/2020\/10\/21\/lleva-gobernadora-pavlovich-apoyos-a-habitantes-de-onavas-suaqui-grande-y-san-javier\/#primaryimage"},"datePublished":"2020-10-22T03:33:56+00:00","dateModified":"2020-10-22T03:33:56+00:00","breadcrumb":{"@id":"https:\/\/soledaddurazo.com\/blog\/2020\/10\/21\/lleva-gobernadora-pavlovich-apoyos-a-habitantes-de-onavas-suaqui-grande-y-san-javier\/#breadcrumb"},"inLanguage":"es","potentialAction":[{"@type":"ReadAction","target":["https:\/\/soledaddurazo.com\/blog\/2020\/10\/21\/lleva-gobernadora-pavlovich-apoyos-a-habitantes-de-onavas-suaqui-grande-y-san-javier\/"]}]},{"@type":"BreadcrumbList","@id":"https:\/\/soledaddurazo.com\/blog\/2020\/10\/21\/lleva-gobernadora-pavlovich-apoyos-a-habitantes-de-onavas-suaqui-grande-y-san-javier\/#breadcrumb","itemListElement":[{"@type":"ListItem","position":1,"name":"Home","item":"https:\/\/soledaddurazo.com\/"},{"@type":"ListItem","position":2,"name":"Lleva Gobernadora Pavlovich apoyos a habitantes de \u00d3navas, Suaqui Grande y San Javier"}]},{"@type":"Article","@id":"https:\/\/soledaddurazo.com\/blog\/2020\/10\/21\/lleva-gobernadora-pavlovich-apoyos-a-habitantes-de-onavas-suaqui-grande-y-san-javier\/#article","isPartOf":{"@id":"https:\/\/soledaddurazo.com\/blog\/2020\/10\/21\/lleva-gobernadora-pavlovich-apoyos-a-habitantes-de-onavas-suaqui-grande-y-san-javier\/#webpage"},"author":{"@id":"https:\/\/soledaddurazo.com\/#\/schema\/person\/822d8e13aa288585e6546f179853758b"},"headline":"Lleva Gobernadora Pavlovich apoyos a habitantes de \u00d3navas, Suaqui Grande y San Javier","datePublished":"2020-10-22T03:33:56+00:00","dateModified":"2020-10-22T03:33:56+00:00","mainEntityOfPage":{"@id":"https:\/\/soledaddurazo.com\/blog\/2020\/10\/21\/lleva-gobernadora-pavlovich-apoyos-a-habitantes-de-onavas-suaqui-grande-y-san-javier\/#webpage"},"wordCount":696,"commentCount":0,"publisher":{"@id":"https:\/\/soledaddurazo.com\/#organization"},"image":{"@id":"https:\/\/soledaddurazo.com\/blog\/2020\/10\/21\/lleva-gobernadora-pavlovich-apoyos-a-habitantes-de-onavas-suaqui-grande-y-san-javier\/#primaryimage"},"thumbnailUrl":"https:\/\/soledaddurazo.com\/storage\/2020\/10\/1020144d.jpg","articleSection":["Mi Sonora"],"inLanguage":"es","potentialAction":[{"@type":"CommentAction","name":"Comment","target":["https:\/\/soledaddurazo.com\/blog\/2020\/10\/21\/lleva-gobernadora-pavlovich-apoyos-a-habitantes-de-onavas-suaqui-grande-y-san-javier\/#respond"]}]},{"@type":"Person","@id":"https:\/\/soledaddurazo.com\/#\/schema\/person\/822d8e13aa288585e6546f179853758b","name":"Redacci\u00f3n","image":{"@type":"ImageObject","@id":"https:\/\/soledaddurazo.com\/#personlogo","inLanguage":"es","url":"https:\/\/secure.gravatar.com\/avatar\/c4e193752f756fd61f04deebed3a3a20dc188d37edb53682d313ac57f2725d54?s=96&d=mm&r=g","contentUrl":"https:\/\/secure.gravatar.com\/avatar\/c4e193752f756fd61f04deebed3a3a20dc188d37edb53682d313ac57f2725d54?s=96&d=mm&r=g","caption":"Redacci\u00f3n"},"sameAs":["https:\/\/soledaddurazo.com"]}]}},"_links":{"self":[{"href":"https:\/\/soledaddurazo.com\/api\/wp\/v2\/posts\/3662","targetHints":{"allow":["GET"]}}],"collection":[{"href":"https:\/\/soledaddurazo.com\/api\/wp\/v2\/posts"}],"about":[{"href":"https:\/\/soledaddurazo.com\/api\/wp\/v2\/types\/post"}],"author":[{"embeddable":true,"href":"https:\/\/soledaddurazo.com\/api\/wp\/v2\/users\/1"}],"replies":[{"embeddable":true,"href":"https:\/\/soledaddurazo.com\/api\/wp\/v2\/comments?post=3662"}],"version-history":[{"count":1,"href":"https:\/\/soledaddurazo.com\/api\/wp\/v2\/posts\/3662\/revisions"}],"predecessor-version":[{"id":3664,"href":"https:\/\/soledaddurazo.com\/api\/wp\/v2\/posts\/3662\/revisions\/3664"}],"wp:featuredmedia":[{"embeddable":true,"href":"https:\/\/soledaddurazo.com\/api\/wp\/v2\/media\/3663"}],"wp:attachment":[{"href":"https:\/\/soledaddurazo.com\/api\/wp\/v2\/media?parent=3662"}],"wp:term":[{"taxonomy":"category","embeddable":true,"href":"https:\/\/soledaddurazo.com\/api\/wp\/v2\/categories?post=3662"},{"taxonomy":"post_tag","embeddable":true,"href":"https:\/\/soledaddurazo.com\/api\/wp\/v2\/tags?post=3662"}],"curies":[{"name":"wp","href":"https:\/\/api.w.org\/{rel}","templated":true}]}}