{"id":3646,"date":"2020-10-28T21:40:41","date_gmt":"2020-10-29T04:40:41","guid":{"rendered":"https:\/\/soledaddurazo.com\/?p=3646"},"modified":"2020-10-28T21:35:36","modified_gmt":"2020-10-29T04:35:36","slug":"halloween-o-dia-de-muertos-una-la-otra-o-ambas","status":"publish","type":"post","link":"https:\/\/soledaddurazo.com\/blog\/2020\/10\/28\/halloween-o-dia-de-muertos-una-la-otra-o-ambas\/","title":{"rendered":"El d\u00eda de muertos no es m\u00e1s interesante que Halloween&#8230;"},"content":{"rendered":"<p>Los ni\u00f1os deben entender que hay diferentes celebraciones y costumbres, y sobre todo que ninguna es mejor que la otra.<\/p>\n<div class=\"msg Nth\">Desde peque\u00f1os, es conveniente ense\u00f1ar a los ni\u00f1os a respetar lo diverso y lo distinto, que hay diferentes culturas. Lo \u00fanico que hace diferentes a los seres humanos, son los valores, costumbres y tradiciones con las que convivimos.<\/div>\n<div class=\"msg Nth\"><\/div>\n<div class=\"msg Nth\">Los docentes y los padres desempe\u00f1amos un papel clave, ya que somos los responsables de que\u00a0<span class=\"Enhancement\"><span class=\"\">los ni\u00f1os aprendan acerca de su comunidad<\/span>\u00a0<\/span>(su gente, su entorno, sus costumbres y tradiciones), se identifiquen y se sientan orgullosos de su cultura.<\/div>\n<div><\/div>\n<div>\n<div class=\"msg Nth\">Una buena manera de transmitir los conocimientos sobre su comunidad, es a trav\u00e9s de esas historias que la hacen \u00fanica, de ah\u00ed la importancia de que los ni\u00f1os la conozcan.<\/div>\n<div class=\"msg Nth\"><\/div>\n<div class=\"msg Nth\">Aunque esta educaci\u00f3n comienza en el hogar, la escuela juega tambi\u00e9n un papel muy importante para afianzar lo aprendido en casa. Debemos trabajar juntos, padres y docentes, para inculcar las tradiciones transmitidas de generaci\u00f3n en generaci\u00f3n.<\/div>\n<div class=\"msg Nth\"><\/div>\n<div class=\"msg Nth\">Una tradici\u00f3n muy importante en nuestra cultura, pero que considero que ha perdido arraigo con el paso del tiempo, es el D\u00eda de Muertos, que es celebrada el 2 de noviembre para honrar a nuestros ancestros, coincidiendo con la celebraci\u00f3n cat\u00f3lica del D\u00eda de los Fieles Difuntos.<\/div>\n<div class=\"msg Nth\"><\/div>\n<div class=\"msg Nth\">Sabemos que la naturaleza de los ni\u00f1os es preguntar, son muy curiosos, y por ello es importante transmitirles de manera adecuada la importancia de esta festividad, y nosotros, como padres, podemos verla como una oportunidad para que los ni\u00f1os conozcan sobre las tradiciones de nuestros antepasados.<\/div>\n<div class=\"msg Nth\"><\/div>\n<div class=\"msg Nth\">Hay muchas tradiciones extranjeras, como Halloween\u00a0<em>,<\/em>\u00a0que se han mezclado con las tradiciones mexicanas. O incluso compiten.<\/div>\n<div class=\"msg Nth\"><\/div>\n<div class=\"msg Nth\">Halloween es una fiesta de origen celta que principalmente es celebrada en Estados Unidos y en general en los pa\u00edses anglosajones, pero que ha cobrado fuerza en muchos pa\u00edses m\u00e1s, entre ellos M\u00e9xico.\u00a0<span class=\"Enhancement\"><span class=\"\">Los ni\u00f1os usan disfraces y piden dulces puerta por puerta<\/span>\u00a0<\/span>. Originalmente supon\u00edan que el 31 de octubre los esp\u00edritus pod\u00edan salir de los cementerios y apoderarse de los cuerpos de los vivos para resucitar.<\/div>\n<div class=\"msg Nth\"><\/div>\n<div class=\"msg Nth\">Las dos tradiciones tienen en com\u00fan a la muerte, sin embargo ambas pueden festejarse, ya que ocurren en d\u00edas distintos. Puedes disfrazar y llevar a tu peque\u00f1o a pedir Halloween el 31 de octubre, pero tambi\u00e9n acercarlo, los d\u00edas 1 y 2 de noviembre, a la festividad del D\u00eda de Muertos.<\/div>\n<div class=\"msg Nth\"><\/div>\n<div class=\"msg Nth\">Yo estoy segura de que aunque festejemos Halloween, nuestras tradiciones jam\u00e1s desaparecer\u00e1n, ya que son parte de nuestra identidad. Y lo importante es que los ni\u00f1os tambi\u00e9n lo tengan claro. No se trata de dar a elegir, sino de explicar.<\/div>\n<div class=\"msg Nth\"><\/div>\n<div class=\"msg Nth\"><em>Las opiniones recogidas en este texto pertenecen exclusivamente a Tatiana Ar\u00e9valo Dupont.<\/em><\/div>\n<\/div>\n","protected":false},"excerpt":{"rendered":"<p>Los ni\u00f1os deben entender que hay diferentes celebraciones y costumbres, y sobre todo que ninguna es mejor que la otra. Desde peque\u00f1os, es conveniente ense\u00f1ar a los ni\u00f1os a respetar lo diverso y lo distinto, que hay diferentes culturas. Lo \u00fanico que hace diferentes a los seres humanos, son los valores, costumbres y tradiciones con [&hellip;]<\/p>\n","protected":false},"author":1,"featured_media":3647,"comment_status":"open","ping_status":"open","sticky":false,"template":"","format":"standard","meta":{"footnotes":""},"categories":[153],"tags":[],"class_list":["post"],"yoast_head":" \n<title>El d\u00eda de muertos no es m\u00e1s interesante que Halloween... - Periodista SoledadDurazo.com<\/title>\n<meta name=\"robots\" content=\"index, follow, max-snippet:-1, max-image-preview:large, max-video-preview:-1\" \/>\n<link rel=\"canonical\" href=\"https:\/\/soledaddurazo.com\/blog\/2020\/10\/28\/halloween-o-dia-de-muertos-una-la-otra-o-ambas\/\" \/>\n<meta property=\"og:locale\" content=\"es_MX\" \/>\n<meta property=\"og:type\" content=\"article\" \/>\n<meta property=\"og:title\" content=\"El d\u00eda de muertos no es m\u00e1s interesante que Halloween...\" \/>\n<meta property=\"og:description\" content=\"Los ni\u00f1os deben entender que hay diferentes celebraciones y costumbres, y sobre todo que ninguna es mejor que la otra. Desde peque\u00f1os, es conveniente ense\u00f1ar a los ni\u00f1os a respetar lo diverso y lo distinto, que hay diferentes culturas. Lo \u00fanico que hace diferentes a los seres humanos, son los valores, costumbres y tradiciones con [&hellip;]\" \/>\n<meta property=\"og:url\" content=\"https:\/\/soledaddurazo.com\/blog\/2020\/10\/28\/halloween-o-dia-de-muertos-una-la-otra-o-ambas\/\" \/>\n<meta property=\"og:site_name\" content=\"Periodista SoledadDurazo.com\" \/>\n<meta property=\"article:publisher\" content=\"https:\/\/www.facebook.com\/soledad.durazo.9\/\" \/>\n<meta property=\"article:published_time\" content=\"2020-10-29T04:40:41+00:00\" \/>\n<meta property=\"article:modified_time\" content=\"2020-10-29T04:35:36+00:00\" \/>\n<meta property=\"og:image\" content=\"https:\/\/soledaddurazo.com\/storage\/2020\/10\/descarga-1.jpg\" \/>\n\t<meta property=\"og:image:width\" content=\"800\" \/>\n\t<meta property=\"og:image:height\" content=\"450\" \/>\n<meta name=\"twitter:card\" content=\"summary_large_image\" \/>\n<meta name=\"twitter:creator\" content=\"@SoledadDurazo\" \/>\n<meta name=\"twitter:site\" content=\"@SoledadDurazo\" \/>\n<meta name=\"twitter:label1\" content=\"Escrito por\" \/>\n\t<meta name=\"twitter:data1\" content=\"Redacci\u00f3n\" \/>\n\t<meta name=\"twitter:label2\" content=\"Tiempo de lectura\" \/>\n\t<meta name=\"twitter:data2\" content=\"2 minutos\" \/>\n<script type=\"application\/ld+json\" class=\"yoast-schema-graph\">{\"@context\":\"https:\/\/schema.org\",\"@graph\":[{\"@type\":\"Organization\",\"@id\":\"https:\/\/soledaddurazo.com\/#organization\",\"name\":\"Soledad Durazo\",\"url\":\"https:\/\/soledaddurazo.com\/\",\"sameAs\":[\"https:\/\/www.facebook.com\/soledad.durazo.9\/\",\"https:\/\/www.instagram.com\/soledaddurazo\",\"https:\/\/www.youtube.com\/channel\/UC9yGPw8-Vbl_B2XNkRwPS-w\",\"https:\/\/twitter.com\/SoledadDurazo\"],\"logo\":{\"@type\":\"ImageObject\",\"@id\":\"https:\/\/soledaddurazo.com\/#logo\",\"inLanguage\":\"es\",\"url\":\"https:\/\/soledaddurazo.com\/storage\/2021\/11\/nllp-720x375-1-2.png\",\"contentUrl\":\"https:\/\/soledaddurazo.com\/storage\/2021\/11\/nllp-720x375-1-2.png\",\"width\":720,\"height\":375,\"caption\":\"Soledad Durazo\"},\"image\":{\"@id\":\"https:\/\/soledaddurazo.com\/#logo\"}},{\"@type\":\"WebSite\",\"@id\":\"https:\/\/soledaddurazo.com\/#website\",\"url\":\"https:\/\/soledaddurazo.com\/\",\"name\":\"Periodista SoledadDurazo.com\",\"description\":\"Periodista sonorense. Directora de www.SoledadDurazo.com Columnista, conductora de radio y Tv. Catedr\\u00e1tica en la UNISON\",\"publisher\":{\"@id\":\"https:\/\/soledaddurazo.com\/#organization\"},\"potentialAction\":[{\"@type\":\"SearchAction\",\"target\":{\"@type\":\"EntryPoint\",\"urlTemplate\":\"https:\/\/soledaddurazo.com\/?s={search_term_string}\"},\"query-input\":\"required name=search_term_string\"}],\"inLanguage\":\"es\"},{\"@type\":\"ImageObject\",\"@id\":\"https:\/\/soledaddurazo.com\/blog\/2020\/10\/28\/halloween-o-dia-de-muertos-una-la-otra-o-ambas\/#primaryimage\",\"inLanguage\":\"es\",\"url\":\"https:\/\/soledaddurazo.com\/storage\/2020\/10\/descarga-1.jpg\",\"contentUrl\":\"https:\/\/soledaddurazo.com\/storage\/2020\/10\/descarga-1.jpg\",\"width\":800,\"height\":450},{\"@type\":\"WebPage\",\"@id\":\"https:\/\/soledaddurazo.com\/blog\/2020\/10\/28\/halloween-o-dia-de-muertos-una-la-otra-o-ambas\/#webpage\",\"url\":\"https:\/\/soledaddurazo.com\/blog\/2020\/10\/28\/halloween-o-dia-de-muertos-una-la-otra-o-ambas\/\",\"name\":\"El d\\u00eda de muertos no es m\\u00e1s interesante que Halloween... - Periodista SoledadDurazo.com\",\"isPartOf\":{\"@id\":\"https:\/\/soledaddurazo.com\/#website\"},\"primaryImageOfPage\":{\"@id\":\"https:\/\/soledaddurazo.com\/blog\/2020\/10\/28\/halloween-o-dia-de-muertos-una-la-otra-o-ambas\/#primaryimage\"},\"datePublished\":\"2020-10-29T04:40:41+00:00\",\"dateModified\":\"2020-10-29T04:35:36+00:00\",\"breadcrumb\":{\"@id\":\"https:\/\/soledaddurazo.com\/blog\/2020\/10\/28\/halloween-o-dia-de-muertos-una-la-otra-o-ambas\/#breadcrumb\"},\"inLanguage\":\"es\",\"potentialAction\":[{\"@type\":\"ReadAction\",\"target\":[\"https:\/\/soledaddurazo.com\/blog\/2020\/10\/28\/halloween-o-dia-de-muertos-una-la-otra-o-ambas\/\"]}]},{\"@type\":\"BreadcrumbList\",\"@id\":\"https:\/\/soledaddurazo.com\/blog\/2020\/10\/28\/halloween-o-dia-de-muertos-una-la-otra-o-ambas\/#breadcrumb\",\"itemListElement\":[{\"@type\":\"ListItem\",\"position\":1,\"name\":\"Home\",\"item\":\"https:\/\/soledaddurazo.com\/\"},{\"@type\":\"ListItem\",\"position\":2,\"name\":\"El d\\u00eda de muertos no es m\\u00e1s interesante que Halloween&#8230;\"}]},{\"@type\":\"Article\",\"@id\":\"https:\/\/soledaddurazo.com\/blog\/2020\/10\/28\/halloween-o-dia-de-muertos-una-la-otra-o-ambas\/#article\",\"isPartOf\":{\"@id\":\"https:\/\/soledaddurazo.com\/blog\/2020\/10\/28\/halloween-o-dia-de-muertos-una-la-otra-o-ambas\/#webpage\"},\"author\":{\"@id\":\"https:\/\/soledaddurazo.com\/#\/schema\/person\/822d8e13aa288585e6546f179853758b\"},\"headline\":\"El d\\u00eda de muertos no es m\\u00e1s interesante que Halloween&#8230;\",\"datePublished\":\"2020-10-29T04:40:41+00:00\",\"dateModified\":\"2020-10-29T04:35:36+00:00\",\"mainEntityOfPage\":{\"@id\":\"https:\/\/soledaddurazo.com\/blog\/2020\/10\/28\/halloween-o-dia-de-muertos-una-la-otra-o-ambas\/#webpage\"},\"wordCount\":489,\"commentCount\":0,\"publisher\":{\"@id\":\"https:\/\/soledaddurazo.com\/#organization\"},\"image\":{\"@id\":\"https:\/\/soledaddurazo.com\/blog\/2020\/10\/28\/halloween-o-dia-de-muertos-una-la-otra-o-ambas\/#primaryimage\"},\"thumbnailUrl\":\"https:\/\/soledaddurazo.com\/storage\/2020\/10\/descarga-1.jpg\",\"articleSection\":[\"principal\"],\"inLanguage\":\"es\",\"potentialAction\":[{\"@type\":\"CommentAction\",\"name\":\"Comment\",\"target\":[\"https:\/\/soledaddurazo.com\/blog\/2020\/10\/28\/halloween-o-dia-de-muertos-una-la-otra-o-ambas\/#respond\"]}]},{\"@type\":\"Person\",\"@id\":\"https:\/\/soledaddurazo.com\/#\/schema\/person\/822d8e13aa288585e6546f179853758b\",\"name\":\"Redacci\\u00f3n\",\"image\":{\"@type\":\"ImageObject\",\"@id\":\"https:\/\/soledaddurazo.com\/#personlogo\",\"inLanguage\":\"es\",\"url\":\"https:\/\/secure.gravatar.com\/avatar\/c4e193752f756fd61f04deebed3a3a20dc188d37edb53682d313ac57f2725d54?s=96&d=mm&r=g\",\"contentUrl\":\"https:\/\/secure.gravatar.com\/avatar\/c4e193752f756fd61f04deebed3a3a20dc188d37edb53682d313ac57f2725d54?s=96&d=mm&r=g\",\"caption\":\"Redacci\\u00f3n\"},\"sameAs\":[\"https:\/\/soledaddurazo.com\"]}]}<\/script>\n ","yoast_head_json":{"title":"El d\u00eda de muertos no es m\u00e1s interesante que Halloween... - Periodista SoledadDurazo.com","robots":{"index":"index","follow":"follow","max-snippet":"max-snippet:-1","max-image-preview":"max-image-preview:large","max-video-preview":"max-video-preview:-1"},"canonical":"https:\/\/soledaddurazo.com\/blog\/2020\/10\/28\/halloween-o-dia-de-muertos-una-la-otra-o-ambas\/","og_locale":"es_MX","og_type":"article","og_title":"El d\u00eda de muertos no es m\u00e1s interesante que Halloween...","og_description":"Los ni\u00f1os deben entender que hay diferentes celebraciones y costumbres, y sobre todo que ninguna es mejor que la otra. Desde peque\u00f1os, es conveniente ense\u00f1ar a los ni\u00f1os a respetar lo diverso y lo distinto, que hay diferentes culturas. Lo \u00fanico que hace diferentes a los seres humanos, son los valores, costumbres y tradiciones con [&hellip;]","og_url":"https:\/\/soledaddurazo.com\/blog\/2020\/10\/28\/halloween-o-dia-de-muertos-una-la-otra-o-ambas\/","og_site_name":"Periodista SoledadDurazo.com","article_publisher":"https:\/\/www.facebook.com\/soledad.durazo.9\/","article_published_time":"2020-10-29T04:40:41+00:00","article_modified_time":"2020-10-29T04:35:36+00:00","og_image":[{"width":800,"height":450,"url":"https:\/\/soledaddurazo.com\/storage\/2020\/10\/descarga-1.jpg","type":"image\/jpeg"}],"twitter_card":"summary_large_image","twitter_creator":"@SoledadDurazo","twitter_site":"@SoledadDurazo","twitter_misc":{"Escrito por":"Redacci\u00f3n","Tiempo de lectura":"2 minutos"},"schema":{"@context":"https:\/\/schema.org","@graph":[{"@type":"Organization","@id":"https:\/\/soledaddurazo.com\/#organization","name":"Soledad Durazo","url":"https:\/\/soledaddurazo.com\/","sameAs":["https:\/\/www.facebook.com\/soledad.durazo.9\/","https:\/\/www.instagram.com\/soledaddurazo","https:\/\/www.youtube.com\/channel\/UC9yGPw8-Vbl_B2XNkRwPS-w","https:\/\/twitter.com\/SoledadDurazo"],"logo":{"@type":"ImageObject","@id":"https:\/\/soledaddurazo.com\/#logo","inLanguage":"es","url":"https:\/\/soledaddurazo.com\/storage\/2021\/11\/nllp-720x375-1-2.png","contentUrl":"https:\/\/soledaddurazo.com\/storage\/2021\/11\/nllp-720x375-1-2.png","width":720,"height":375,"caption":"Soledad Durazo"},"image":{"@id":"https:\/\/soledaddurazo.com\/#logo"}},{"@type":"WebSite","@id":"https:\/\/soledaddurazo.com\/#website","url":"https:\/\/soledaddurazo.com\/","name":"Periodista SoledadDurazo.com","description":"Periodista sonorense. Directora de www.SoledadDurazo.com Columnista, conductora de radio y Tv. Catedr\u00e1tica en la UNISON","publisher":{"@id":"https:\/\/soledaddurazo.com\/#organization"},"potentialAction":[{"@type":"SearchAction","target":{"@type":"EntryPoint","urlTemplate":"https:\/\/soledaddurazo.com\/?s={search_term_string}"},"query-input":"required name=search_term_string"}],"inLanguage":"es"},{"@type":"ImageObject","@id":"https:\/\/soledaddurazo.com\/blog\/2020\/10\/28\/halloween-o-dia-de-muertos-una-la-otra-o-ambas\/#primaryimage","inLanguage":"es","url":"https:\/\/soledaddurazo.com\/storage\/2020\/10\/descarga-1.jpg","contentUrl":"https:\/\/soledaddurazo.com\/storage\/2020\/10\/descarga-1.jpg","width":800,"height":450},{"@type":"WebPage","@id":"https:\/\/soledaddurazo.com\/blog\/2020\/10\/28\/halloween-o-dia-de-muertos-una-la-otra-o-ambas\/#webpage","url":"https:\/\/soledaddurazo.com\/blog\/2020\/10\/28\/halloween-o-dia-de-muertos-una-la-otra-o-ambas\/","name":"El d\u00eda de muertos no es m\u00e1s interesante que Halloween... - Periodista SoledadDurazo.com","isPartOf":{"@id":"https:\/\/soledaddurazo.com\/#website"},"primaryImageOfPage":{"@id":"https:\/\/soledaddurazo.com\/blog\/2020\/10\/28\/halloween-o-dia-de-muertos-una-la-otra-o-ambas\/#primaryimage"},"datePublished":"2020-10-29T04:40:41+00:00","dateModified":"2020-10-29T04:35:36+00:00","breadcrumb":{"@id":"https:\/\/soledaddurazo.com\/blog\/2020\/10\/28\/halloween-o-dia-de-muertos-una-la-otra-o-ambas\/#breadcrumb"},"inLanguage":"es","potentialAction":[{"@type":"ReadAction","target":["https:\/\/soledaddurazo.com\/blog\/2020\/10\/28\/halloween-o-dia-de-muertos-una-la-otra-o-ambas\/"]}]},{"@type":"BreadcrumbList","@id":"https:\/\/soledaddurazo.com\/blog\/2020\/10\/28\/halloween-o-dia-de-muertos-una-la-otra-o-ambas\/#breadcrumb","itemListElement":[{"@type":"ListItem","position":1,"name":"Home","item":"https:\/\/soledaddurazo.com\/"},{"@type":"ListItem","position":2,"name":"El d\u00eda de muertos no es m\u00e1s interesante que Halloween&#8230;"}]},{"@type":"Article","@id":"https:\/\/soledaddurazo.com\/blog\/2020\/10\/28\/halloween-o-dia-de-muertos-una-la-otra-o-ambas\/#article","isPartOf":{"@id":"https:\/\/soledaddurazo.com\/blog\/2020\/10\/28\/halloween-o-dia-de-muertos-una-la-otra-o-ambas\/#webpage"},"author":{"@id":"https:\/\/soledaddurazo.com\/#\/schema\/person\/822d8e13aa288585e6546f179853758b"},"headline":"El d\u00eda de muertos no es m\u00e1s interesante que Halloween&#8230;","datePublished":"2020-10-29T04:40:41+00:00","dateModified":"2020-10-29T04:35:36+00:00","mainEntityOfPage":{"@id":"https:\/\/soledaddurazo.com\/blog\/2020\/10\/28\/halloween-o-dia-de-muertos-una-la-otra-o-ambas\/#webpage"},"wordCount":489,"commentCount":0,"publisher":{"@id":"https:\/\/soledaddurazo.com\/#organization"},"image":{"@id":"https:\/\/soledaddurazo.com\/blog\/2020\/10\/28\/halloween-o-dia-de-muertos-una-la-otra-o-ambas\/#primaryimage"},"thumbnailUrl":"https:\/\/soledaddurazo.com\/storage\/2020\/10\/descarga-1.jpg","articleSection":["principal"],"inLanguage":"es","potentialAction":[{"@type":"CommentAction","name":"Comment","target":["https:\/\/soledaddurazo.com\/blog\/2020\/10\/28\/halloween-o-dia-de-muertos-una-la-otra-o-ambas\/#respond"]}]},{"@type":"Person","@id":"https:\/\/soledaddurazo.com\/#\/schema\/person\/822d8e13aa288585e6546f179853758b","name":"Redacci\u00f3n","image":{"@type":"ImageObject","@id":"https:\/\/soledaddurazo.com\/#personlogo","inLanguage":"es","url":"https:\/\/secure.gravatar.com\/avatar\/c4e193752f756fd61f04deebed3a3a20dc188d37edb53682d313ac57f2725d54?s=96&d=mm&r=g","contentUrl":"https:\/\/secure.gravatar.com\/avatar\/c4e193752f756fd61f04deebed3a3a20dc188d37edb53682d313ac57f2725d54?s=96&d=mm&r=g","caption":"Redacci\u00f3n"},"sameAs":["https:\/\/soledaddurazo.com"]}]}},"_links":{"self":[{"href":"https:\/\/soledaddurazo.com\/api\/wp\/v2\/posts\/3646","targetHints":{"allow":["GET"]}}],"collection":[{"href":"https:\/\/soledaddurazo.com\/api\/wp\/v2\/posts"}],"about":[{"href":"https:\/\/soledaddurazo.com\/api\/wp\/v2\/types\/post"}],"author":[{"embeddable":true,"href":"https:\/\/soledaddurazo.com\/api\/wp\/v2\/users\/1"}],"replies":[{"embeddable":true,"href":"https:\/\/soledaddurazo.com\/api\/wp\/v2\/comments?post=3646"}],"version-history":[{"count":3,"href":"https:\/\/soledaddurazo.com\/api\/wp\/v2\/posts\/3646\/revisions"}],"predecessor-version":[{"id":3652,"href":"https:\/\/soledaddurazo.com\/api\/wp\/v2\/posts\/3646\/revisions\/3652"}],"wp:featuredmedia":[{"embeddable":true,"href":"https:\/\/soledaddurazo.com\/api\/wp\/v2\/media\/3647"}],"wp:attachment":[{"href":"https:\/\/soledaddurazo.com\/api\/wp\/v2\/media?parent=3646"}],"wp:term":[{"taxonomy":"category","embeddable":true,"href":"https:\/\/soledaddurazo.com\/api\/wp\/v2\/categories?post=3646"},{"taxonomy":"post_tag","embeddable":true,"href":"https:\/\/soledaddurazo.com\/api\/wp\/v2\/tags?post=3646"}],"curies":[{"name":"wp","href":"https:\/\/api.w.org\/{rel}","templated":true}]}}