{"id":3591,"date":"2020-10-20T00:48:28","date_gmt":"2020-10-20T07:48:28","guid":{"rendered":"https:\/\/soledaddurazo.com\/?p=3591"},"modified":"2020-10-20T00:48:28","modified_gmt":"2020-10-20T07:48:28","slug":"concluye-capacitacion-de-jovenes-construyendo-el-futuro","status":"publish","type":"post","link":"https:\/\/soledaddurazo.com\/blog\/2020\/10\/20\/concluye-capacitacion-de-jovenes-construyendo-el-futuro\/","title":{"rendered":"Concluye capacitaci\u00f3n de &#8220;J\u00f3venes Construyendo el Futuro&#8221;"},"content":{"rendered":"<p>Brindar oportunidades para nuestros j\u00f3venes es la mejor herramienta que tenemos para alejarlos de malos pasos y que puedan construir un futuro promisorio para sus vidas y el entorno en el que viven, expres\u00f3 la gobernadora\u00a0<span class=\"il\">Claudia<\/span>\u00a0Pavlovich Arellano, al hacer entrega simb\u00f3lica de constancias a un primer grupo de becarios del programa federal J\u00f3venes Construyendo el Futuro que concluyeron su capacitaci\u00f3n en la Fiscal\u00eda General de Justicia en el Estado (FGJE).<\/p>\n<p>La mandataria estatal destac\u00f3 que, gracias a la excelente disposici\u00f3n de los operadores del Programa Federal en M\u00e9xico y Sonora y a la creaci\u00f3n de un reglamento interno de becarios por parte de la Fiscal\u00eda sonorense, 254 j\u00f3venes recibieron la capacitaci\u00f3n, de los cuales 106 ya la concluyeron y hoy recibieron su constancia, 50 de estos j\u00f3venes se encuentran en proceso de evaluaci\u00f3n para ser contratados como servidores p\u00fablicos y 16 de ellos ya est\u00e1n laborando en la FGJE, mientras que 26 de ellos se inscribieron en el programa de selecci\u00f3n para aspirar al cargo de perito, agente del Ministerio P\u00fablico y agente AMIC.<\/p>\n<p>\u201cEsta es una oportunidad que el gobierno federal est\u00e1 brindando y que aqu\u00ed, a trav\u00e9s de la Fiscal\u00eda, se est\u00e1 haciendo una realidad de construir justicia y de que ustedes sean j\u00f3venes preparados y que tengan la oportunidad de seguir con su carrera; que tengan la oportunidad de salir adelante\u201d, se\u00f1al\u00f3.<\/p>\n<p>La gobernadora\u00a0<span class=\"il\">Claudia<\/span>\u00a0Pavlovich, felicit\u00f3 a los j\u00f3venes becarios por continuar capacit\u00e1ndose para estar m\u00e1s preparados y poder encontrar una oportunidad laboral y agradeci\u00f3 a los 22 tutores del programa de becarios, destacados servidores p\u00fablicos de la Fiscal\u00eda General de Justicia del Estado de Sonora.<\/p>\n<p>\u201cS\u00e9 lo importante que es para ustedes la capacitaci\u00f3n, creo que lo que se ha hecho aqu\u00ed en la Fiscal\u00eda y lo que se est\u00e1 haciendo en J\u00f3venes Construyendo el Futuro y, en este caso, J\u00f3venes Construyendo Justicia, y esta carta de recomendaci\u00f3n que van a recibir de sus tutores que estuvieron pendientes de sus alumnos, por decirlo de alguna manera, j\u00f3venes con grandes ilusiones de salir adelante\u201d, expres\u00f3 la gobernadora Pavlovich.<\/p>\n<p><span class=\"il\">Claudia<\/span>\u00a0Indira Contreras C\u00f3rdova, Fiscal General del Estado, destac\u00f3 que en el programa Federal J\u00f3venes Construyendo el Futuro, encontraron una gran oportunidad de sumar y capacitar a estudiantes o egresados de nivel licenciatura, a descubrir su vocaci\u00f3n de servicio construyendo justicia.<\/p>\n<p>Explic\u00f3 que, mediante este sistema de becas, se ha logrado capacitar y detectar talentos j\u00f3venes para que desarrollen destrezas en tres especialidades de la procuraci\u00f3n de justicia, que son, ministerios p\u00fablicos, peritos y agentes ministeriales de investigaci\u00f3n criminal y atenci\u00f3n a v\u00edctimas.<\/p>\n<p>\u201cMis grandes preocupaciones y tristezas son c\u00f3mo seducen, enga\u00f1an y manipulan a nuestros j\u00f3venes: les venden la idea de que vivir\u00e1n en la holgura con lujos y poder si forman parte de grupos que se dedican a delinquir y hacer da\u00f1o a nuestra sociedad, cuando realmente estos criminales se mueven en pir\u00e1mide, viven con lujos los que est\u00e1n en la c\u00faspide, pero la base de la pir\u00e1mide la conforman j\u00f3venes desechables, que vemos en c\u00e1rceles a muy temprana edad, v\u00edctimas de homicidio o en la indigencia; todos tenemos el poder de decidir, decidamos entonces estar del lado de la justicia para tener buenas cosechas el d\u00eda de ma\u00f1ana\u201d, puntualiz\u00f3.<\/p>\n<p>Jorge Taddei Bringas, delegado de la secretar\u00eda del Bienestar del Gobierno de M\u00e9xico en Sonora, reconoci\u00f3 el apoyo que en la FGJE tom\u00f3 a este proyecto para que los j\u00f3venes becarios se capacitaran y tengan una mejor oportunidad laboral.<\/p>\n<p>\u201cLa Fiscal\u00eda General del Estado, la gobernadora\u00a0<span class=\"il\">Claudia<\/span>\u00a0Pavlovich est\u00e1n haciendo un gran trabajo, un gran esfuerzo, hemos participado con ellas en las mesas de seguridad, no es una situaci\u00f3n f\u00e1cil, pero hay que entrarle con las ganas, con el talento, con el entusiasmo, por eso es una oportunidad para quienes han tomado este curso, esta primera parte que los capacita para seguir adelante\u201d, se\u00f1al\u00f3.<\/p>\n<p>Presentes: Lilian Navarro Lucero, encargada del Programa J\u00f3venes Construyendo el Futuro en Sonora; y Rosa Elena Tapia V\u00e1squez, directora general de la Unidad de An\u00e1lisis, Monitoreo, Evaluaci\u00f3n y Seguimiento de Proyectos Especiales (UAMES) de la FGJE.<\/p>\n","protected":false},"excerpt":{"rendered":"<p>Brindar oportunidades para nuestros j\u00f3venes es la mejor herramienta que tenemos para alejarlos de malos pasos y que puedan construir un futuro promisorio para sus vidas y el entorno en el que viven, expres\u00f3 la gobernadora\u00a0Claudia\u00a0Pavlovich Arellano, al hacer entrega simb\u00f3lica de constancias a un primer grupo de becarios del programa federal J\u00f3venes Construyendo el [&hellip;]<\/p>\n","protected":false},"author":1,"featured_media":3592,"comment_status":"open","ping_status":"open","sticky":false,"template":"","format":"standard","meta":{"footnotes":""},"categories":[159],"tags":[],"class_list":["post"],"yoast_head":" \n<title>Concluye capacitaci\u00f3n de &quot;J\u00f3venes Construyendo el Futuro&quot; - Periodista SoledadDurazo.com<\/title>\n<meta name=\"robots\" content=\"index, follow, max-snippet:-1, max-image-preview:large, max-video-preview:-1\" \/>\n<link rel=\"canonical\" href=\"https:\/\/soledaddurazo.com\/blog\/2020\/10\/20\/concluye-capacitacion-de-jovenes-construyendo-el-futuro\/\" \/>\n<meta property=\"og:locale\" content=\"es_MX\" \/>\n<meta property=\"og:type\" content=\"article\" \/>\n<meta property=\"og:title\" content=\"Concluye capacitaci\u00f3n de &quot;J\u00f3venes Construyendo el Futuro&quot;\" \/>\n<meta property=\"og:description\" content=\"Brindar oportunidades para nuestros j\u00f3venes es la mejor herramienta que tenemos para alejarlos de malos pasos y que puedan construir un futuro promisorio para sus vidas y el entorno en el que viven, expres\u00f3 la gobernadora\u00a0Claudia\u00a0Pavlovich Arellano, al hacer entrega simb\u00f3lica de constancias a un primer grupo de becarios del programa federal J\u00f3venes Construyendo el [&hellip;]\" \/>\n<meta property=\"og:url\" content=\"https:\/\/soledaddurazo.com\/blog\/2020\/10\/20\/concluye-capacitacion-de-jovenes-construyendo-el-futuro\/\" \/>\n<meta property=\"og:site_name\" content=\"Periodista SoledadDurazo.com\" \/>\n<meta property=\"article:publisher\" content=\"https:\/\/www.facebook.com\/soledad.durazo.9\/\" \/>\n<meta property=\"article:published_time\" content=\"2020-10-20T07:48:28+00:00\" \/>\n<meta property=\"og:image\" content=\"https:\/\/soledaddurazo.com\/storage\/2020\/10\/1020129b-scaled.jpg\" \/>\n\t<meta property=\"og:image:width\" content=\"2560\" \/>\n\t<meta property=\"og:image:height\" content=\"1707\" \/>\n<meta name=\"twitter:card\" content=\"summary_large_image\" \/>\n<meta name=\"twitter:creator\" content=\"@SoledadDurazo\" \/>\n<meta name=\"twitter:site\" content=\"@SoledadDurazo\" \/>\n<meta name=\"twitter:label1\" content=\"Escrito por\" \/>\n\t<meta name=\"twitter:data1\" content=\"Redacci\u00f3n\" \/>\n\t<meta name=\"twitter:label2\" content=\"Tiempo de lectura\" \/>\n\t<meta name=\"twitter:data2\" content=\"4 minutos\" \/>\n<script type=\"application\/ld+json\" class=\"yoast-schema-graph\">{\"@context\":\"https:\/\/schema.org\",\"@graph\":[{\"@type\":\"Organization\",\"@id\":\"https:\/\/soledaddurazo.com\/#organization\",\"name\":\"Soledad Durazo\",\"url\":\"https:\/\/soledaddurazo.com\/\",\"sameAs\":[\"https:\/\/www.facebook.com\/soledad.durazo.9\/\",\"https:\/\/www.instagram.com\/soledaddurazo\",\"https:\/\/www.youtube.com\/channel\/UC9yGPw8-Vbl_B2XNkRwPS-w\",\"https:\/\/twitter.com\/SoledadDurazo\"],\"logo\":{\"@type\":\"ImageObject\",\"@id\":\"https:\/\/soledaddurazo.com\/#logo\",\"inLanguage\":\"es\",\"url\":\"https:\/\/soledaddurazo.com\/storage\/2021\/11\/nllp-720x375-1-2.png\",\"contentUrl\":\"https:\/\/soledaddurazo.com\/storage\/2021\/11\/nllp-720x375-1-2.png\",\"width\":720,\"height\":375,\"caption\":\"Soledad Durazo\"},\"image\":{\"@id\":\"https:\/\/soledaddurazo.com\/#logo\"}},{\"@type\":\"WebSite\",\"@id\":\"https:\/\/soledaddurazo.com\/#website\",\"url\":\"https:\/\/soledaddurazo.com\/\",\"name\":\"Periodista SoledadDurazo.com\",\"description\":\"Periodista sonorense. Directora de www.SoledadDurazo.com Columnista, conductora de radio y Tv. Catedr\\u00e1tica en la UNISON\",\"publisher\":{\"@id\":\"https:\/\/soledaddurazo.com\/#organization\"},\"potentialAction\":[{\"@type\":\"SearchAction\",\"target\":{\"@type\":\"EntryPoint\",\"urlTemplate\":\"https:\/\/soledaddurazo.com\/?s={search_term_string}\"},\"query-input\":\"required name=search_term_string\"}],\"inLanguage\":\"es\"},{\"@type\":\"ImageObject\",\"@id\":\"https:\/\/soledaddurazo.com\/blog\/2020\/10\/20\/concluye-capacitacion-de-jovenes-construyendo-el-futuro\/#primaryimage\",\"inLanguage\":\"es\",\"url\":\"https:\/\/soledaddurazo.com\/storage\/2020\/10\/1020129b-scaled.jpg\",\"contentUrl\":\"https:\/\/soledaddurazo.com\/storage\/2020\/10\/1020129b-scaled.jpg\",\"width\":2560,\"height\":1707},{\"@type\":\"WebPage\",\"@id\":\"https:\/\/soledaddurazo.com\/blog\/2020\/10\/20\/concluye-capacitacion-de-jovenes-construyendo-el-futuro\/#webpage\",\"url\":\"https:\/\/soledaddurazo.com\/blog\/2020\/10\/20\/concluye-capacitacion-de-jovenes-construyendo-el-futuro\/\",\"name\":\"Concluye capacitaci\\u00f3n de \\\"J\\u00f3venes Construyendo el Futuro\\\" - Periodista SoledadDurazo.com\",\"isPartOf\":{\"@id\":\"https:\/\/soledaddurazo.com\/#website\"},\"primaryImageOfPage\":{\"@id\":\"https:\/\/soledaddurazo.com\/blog\/2020\/10\/20\/concluye-capacitacion-de-jovenes-construyendo-el-futuro\/#primaryimage\"},\"datePublished\":\"2020-10-20T07:48:28+00:00\",\"dateModified\":\"2020-10-20T07:48:28+00:00\",\"breadcrumb\":{\"@id\":\"https:\/\/soledaddurazo.com\/blog\/2020\/10\/20\/concluye-capacitacion-de-jovenes-construyendo-el-futuro\/#breadcrumb\"},\"inLanguage\":\"es\",\"potentialAction\":[{\"@type\":\"ReadAction\",\"target\":[\"https:\/\/soledaddurazo.com\/blog\/2020\/10\/20\/concluye-capacitacion-de-jovenes-construyendo-el-futuro\/\"]}]},{\"@type\":\"BreadcrumbList\",\"@id\":\"https:\/\/soledaddurazo.com\/blog\/2020\/10\/20\/concluye-capacitacion-de-jovenes-construyendo-el-futuro\/#breadcrumb\",\"itemListElement\":[{\"@type\":\"ListItem\",\"position\":1,\"name\":\"Home\",\"item\":\"https:\/\/soledaddurazo.com\/\"},{\"@type\":\"ListItem\",\"position\":2,\"name\":\"Concluye capacitaci\\u00f3n de &#8220;J\\u00f3venes Construyendo el Futuro&#8221;\"}]},{\"@type\":\"Article\",\"@id\":\"https:\/\/soledaddurazo.com\/blog\/2020\/10\/20\/concluye-capacitacion-de-jovenes-construyendo-el-futuro\/#article\",\"isPartOf\":{\"@id\":\"https:\/\/soledaddurazo.com\/blog\/2020\/10\/20\/concluye-capacitacion-de-jovenes-construyendo-el-futuro\/#webpage\"},\"author\":{\"@id\":\"https:\/\/soledaddurazo.com\/#\/schema\/person\/822d8e13aa288585e6546f179853758b\"},\"headline\":\"Concluye capacitaci\\u00f3n de &#8220;J\\u00f3venes Construyendo el Futuro&#8221;\",\"datePublished\":\"2020-10-20T07:48:28+00:00\",\"dateModified\":\"2020-10-20T07:48:28+00:00\",\"mainEntityOfPage\":{\"@id\":\"https:\/\/soledaddurazo.com\/blog\/2020\/10\/20\/concluye-capacitacion-de-jovenes-construyendo-el-futuro\/#webpage\"},\"wordCount\":746,\"commentCount\":0,\"publisher\":{\"@id\":\"https:\/\/soledaddurazo.com\/#organization\"},\"image\":{\"@id\":\"https:\/\/soledaddurazo.com\/blog\/2020\/10\/20\/concluye-capacitacion-de-jovenes-construyendo-el-futuro\/#primaryimage\"},\"thumbnailUrl\":\"https:\/\/soledaddurazo.com\/storage\/2020\/10\/1020129b-scaled.jpg\",\"articleSection\":[\"Mi Sonora\"],\"inLanguage\":\"es\",\"potentialAction\":[{\"@type\":\"CommentAction\",\"name\":\"Comment\",\"target\":[\"https:\/\/soledaddurazo.com\/blog\/2020\/10\/20\/concluye-capacitacion-de-jovenes-construyendo-el-futuro\/#respond\"]}]},{\"@type\":\"Person\",\"@id\":\"https:\/\/soledaddurazo.com\/#\/schema\/person\/822d8e13aa288585e6546f179853758b\",\"name\":\"Redacci\\u00f3n\",\"image\":{\"@type\":\"ImageObject\",\"@id\":\"https:\/\/soledaddurazo.com\/#personlogo\",\"inLanguage\":\"es\",\"url\":\"https:\/\/secure.gravatar.com\/avatar\/c4e193752f756fd61f04deebed3a3a20dc188d37edb53682d313ac57f2725d54?s=96&d=mm&r=g\",\"contentUrl\":\"https:\/\/secure.gravatar.com\/avatar\/c4e193752f756fd61f04deebed3a3a20dc188d37edb53682d313ac57f2725d54?s=96&d=mm&r=g\",\"caption\":\"Redacci\\u00f3n\"},\"sameAs\":[\"https:\/\/soledaddurazo.com\"]}]}<\/script>\n ","yoast_head_json":{"title":"Concluye capacitaci\u00f3n de \"J\u00f3venes Construyendo el Futuro\" - Periodista SoledadDurazo.com","robots":{"index":"index","follow":"follow","max-snippet":"max-snippet:-1","max-image-preview":"max-image-preview:large","max-video-preview":"max-video-preview:-1"},"canonical":"https:\/\/soledaddurazo.com\/blog\/2020\/10\/20\/concluye-capacitacion-de-jovenes-construyendo-el-futuro\/","og_locale":"es_MX","og_type":"article","og_title":"Concluye capacitaci\u00f3n de \"J\u00f3venes Construyendo el Futuro\"","og_description":"Brindar oportunidades para nuestros j\u00f3venes es la mejor herramienta que tenemos para alejarlos de malos pasos y que puedan construir un futuro promisorio para sus vidas y el entorno en el que viven, expres\u00f3 la gobernadora\u00a0Claudia\u00a0Pavlovich Arellano, al hacer entrega simb\u00f3lica de constancias a un primer grupo de becarios del programa federal J\u00f3venes Construyendo el [&hellip;]","og_url":"https:\/\/soledaddurazo.com\/blog\/2020\/10\/20\/concluye-capacitacion-de-jovenes-construyendo-el-futuro\/","og_site_name":"Periodista SoledadDurazo.com","article_publisher":"https:\/\/www.facebook.com\/soledad.durazo.9\/","article_published_time":"2020-10-20T07:48:28+00:00","og_image":[{"width":2560,"height":1707,"url":"https:\/\/soledaddurazo.com\/storage\/2020\/10\/1020129b-scaled.jpg","type":"image\/jpeg"}],"twitter_card":"summary_large_image","twitter_creator":"@SoledadDurazo","twitter_site":"@SoledadDurazo","twitter_misc":{"Escrito por":"Redacci\u00f3n","Tiempo de lectura":"4 minutos"},"schema":{"@context":"https:\/\/schema.org","@graph":[{"@type":"Organization","@id":"https:\/\/soledaddurazo.com\/#organization","name":"Soledad Durazo","url":"https:\/\/soledaddurazo.com\/","sameAs":["https:\/\/www.facebook.com\/soledad.durazo.9\/","https:\/\/www.instagram.com\/soledaddurazo","https:\/\/www.youtube.com\/channel\/UC9yGPw8-Vbl_B2XNkRwPS-w","https:\/\/twitter.com\/SoledadDurazo"],"logo":{"@type":"ImageObject","@id":"https:\/\/soledaddurazo.com\/#logo","inLanguage":"es","url":"https:\/\/soledaddurazo.com\/storage\/2021\/11\/nllp-720x375-1-2.png","contentUrl":"https:\/\/soledaddurazo.com\/storage\/2021\/11\/nllp-720x375-1-2.png","width":720,"height":375,"caption":"Soledad Durazo"},"image":{"@id":"https:\/\/soledaddurazo.com\/#logo"}},{"@type":"WebSite","@id":"https:\/\/soledaddurazo.com\/#website","url":"https:\/\/soledaddurazo.com\/","name":"Periodista SoledadDurazo.com","description":"Periodista sonorense. Directora de www.SoledadDurazo.com Columnista, conductora de radio y Tv. Catedr\u00e1tica en la UNISON","publisher":{"@id":"https:\/\/soledaddurazo.com\/#organization"},"potentialAction":[{"@type":"SearchAction","target":{"@type":"EntryPoint","urlTemplate":"https:\/\/soledaddurazo.com\/?s={search_term_string}"},"query-input":"required name=search_term_string"}],"inLanguage":"es"},{"@type":"ImageObject","@id":"https:\/\/soledaddurazo.com\/blog\/2020\/10\/20\/concluye-capacitacion-de-jovenes-construyendo-el-futuro\/#primaryimage","inLanguage":"es","url":"https:\/\/soledaddurazo.com\/storage\/2020\/10\/1020129b-scaled.jpg","contentUrl":"https:\/\/soledaddurazo.com\/storage\/2020\/10\/1020129b-scaled.jpg","width":2560,"height":1707},{"@type":"WebPage","@id":"https:\/\/soledaddurazo.com\/blog\/2020\/10\/20\/concluye-capacitacion-de-jovenes-construyendo-el-futuro\/#webpage","url":"https:\/\/soledaddurazo.com\/blog\/2020\/10\/20\/concluye-capacitacion-de-jovenes-construyendo-el-futuro\/","name":"Concluye capacitaci\u00f3n de \"J\u00f3venes Construyendo el Futuro\" - Periodista SoledadDurazo.com","isPartOf":{"@id":"https:\/\/soledaddurazo.com\/#website"},"primaryImageOfPage":{"@id":"https:\/\/soledaddurazo.com\/blog\/2020\/10\/20\/concluye-capacitacion-de-jovenes-construyendo-el-futuro\/#primaryimage"},"datePublished":"2020-10-20T07:48:28+00:00","dateModified":"2020-10-20T07:48:28+00:00","breadcrumb":{"@id":"https:\/\/soledaddurazo.com\/blog\/2020\/10\/20\/concluye-capacitacion-de-jovenes-construyendo-el-futuro\/#breadcrumb"},"inLanguage":"es","potentialAction":[{"@type":"ReadAction","target":["https:\/\/soledaddurazo.com\/blog\/2020\/10\/20\/concluye-capacitacion-de-jovenes-construyendo-el-futuro\/"]}]},{"@type":"BreadcrumbList","@id":"https:\/\/soledaddurazo.com\/blog\/2020\/10\/20\/concluye-capacitacion-de-jovenes-construyendo-el-futuro\/#breadcrumb","itemListElement":[{"@type":"ListItem","position":1,"name":"Home","item":"https:\/\/soledaddurazo.com\/"},{"@type":"ListItem","position":2,"name":"Concluye capacitaci\u00f3n de &#8220;J\u00f3venes Construyendo el Futuro&#8221;"}]},{"@type":"Article","@id":"https:\/\/soledaddurazo.com\/blog\/2020\/10\/20\/concluye-capacitacion-de-jovenes-construyendo-el-futuro\/#article","isPartOf":{"@id":"https:\/\/soledaddurazo.com\/blog\/2020\/10\/20\/concluye-capacitacion-de-jovenes-construyendo-el-futuro\/#webpage"},"author":{"@id":"https:\/\/soledaddurazo.com\/#\/schema\/person\/822d8e13aa288585e6546f179853758b"},"headline":"Concluye capacitaci\u00f3n de &#8220;J\u00f3venes Construyendo el Futuro&#8221;","datePublished":"2020-10-20T07:48:28+00:00","dateModified":"2020-10-20T07:48:28+00:00","mainEntityOfPage":{"@id":"https:\/\/soledaddurazo.com\/blog\/2020\/10\/20\/concluye-capacitacion-de-jovenes-construyendo-el-futuro\/#webpage"},"wordCount":746,"commentCount":0,"publisher":{"@id":"https:\/\/soledaddurazo.com\/#organization"},"image":{"@id":"https:\/\/soledaddurazo.com\/blog\/2020\/10\/20\/concluye-capacitacion-de-jovenes-construyendo-el-futuro\/#primaryimage"},"thumbnailUrl":"https:\/\/soledaddurazo.com\/storage\/2020\/10\/1020129b-scaled.jpg","articleSection":["Mi Sonora"],"inLanguage":"es","potentialAction":[{"@type":"CommentAction","name":"Comment","target":["https:\/\/soledaddurazo.com\/blog\/2020\/10\/20\/concluye-capacitacion-de-jovenes-construyendo-el-futuro\/#respond"]}]},{"@type":"Person","@id":"https:\/\/soledaddurazo.com\/#\/schema\/person\/822d8e13aa288585e6546f179853758b","name":"Redacci\u00f3n","image":{"@type":"ImageObject","@id":"https:\/\/soledaddurazo.com\/#personlogo","inLanguage":"es","url":"https:\/\/secure.gravatar.com\/avatar\/c4e193752f756fd61f04deebed3a3a20dc188d37edb53682d313ac57f2725d54?s=96&d=mm&r=g","contentUrl":"https:\/\/secure.gravatar.com\/avatar\/c4e193752f756fd61f04deebed3a3a20dc188d37edb53682d313ac57f2725d54?s=96&d=mm&r=g","caption":"Redacci\u00f3n"},"sameAs":["https:\/\/soledaddurazo.com"]}]}},"_links":{"self":[{"href":"https:\/\/soledaddurazo.com\/api\/wp\/v2\/posts\/3591","targetHints":{"allow":["GET"]}}],"collection":[{"href":"https:\/\/soledaddurazo.com\/api\/wp\/v2\/posts"}],"about":[{"href":"https:\/\/soledaddurazo.com\/api\/wp\/v2\/types\/post"}],"author":[{"embeddable":true,"href":"https:\/\/soledaddurazo.com\/api\/wp\/v2\/users\/1"}],"replies":[{"embeddable":true,"href":"https:\/\/soledaddurazo.com\/api\/wp\/v2\/comments?post=3591"}],"version-history":[{"count":1,"href":"https:\/\/soledaddurazo.com\/api\/wp\/v2\/posts\/3591\/revisions"}],"predecessor-version":[{"id":3593,"href":"https:\/\/soledaddurazo.com\/api\/wp\/v2\/posts\/3591\/revisions\/3593"}],"wp:featuredmedia":[{"embeddable":true,"href":"https:\/\/soledaddurazo.com\/api\/wp\/v2\/media\/3592"}],"wp:attachment":[{"href":"https:\/\/soledaddurazo.com\/api\/wp\/v2\/media?parent=3591"}],"wp:term":[{"taxonomy":"category","embeddable":true,"href":"https:\/\/soledaddurazo.com\/api\/wp\/v2\/categories?post=3591"},{"taxonomy":"post_tag","embeddable":true,"href":"https:\/\/soledaddurazo.com\/api\/wp\/v2\/tags?post=3591"}],"curies":[{"name":"wp","href":"https:\/\/api.w.org\/{rel}","templated":true}]}}