{"id":3529,"date":"2020-10-18T18:36:39","date_gmt":"2020-10-19T01:36:39","guid":{"rendered":"https:\/\/soledaddurazo.com\/?p=3529"},"modified":"2020-10-18T18:38:10","modified_gmt":"2020-10-19T01:38:10","slug":"inventar-el-futuro","status":"publish","type":"post","link":"https:\/\/soledaddurazo.com\/blog\/2020\/10\/18\/inventar-el-futuro\/","title":{"rendered":"Inventar el futuro"},"content":{"rendered":"<p>Una de las facultades m\u00e1s misteriosas y complejas de la mente humana es su capacidad de imaginaci\u00f3n. La imaginaci\u00f3n ha sido una actividad que ciencia y filosof\u00eda han intentado definir desde los elementos que la construyen cerebral y biol\u00f3gicamente, hasta su fantasmal atributo en el psicoan\u00e1lisis. Todos estos esfuerzos humanos tratan de establecer el qu\u00e9 y para qu\u00e9 la imaginaci\u00f3n, sus beneficios y sus riesgos. S\u00ed, de hecho el fen\u00f3meno humano no es comprensible si no se toma en cuenta que la imaginaci\u00f3n lo ha determinado fundamentalmente, para bien y para mal. La imaginaci\u00f3n nos puesto en la Luna y al borde de la extinci\u00f3n. Se ha puesto a dise\u00f1ar partes del cuerpo e inventa como destruirlo m\u00e1s pronto. Medicina y armas. Drogas para bien, drogas para mal. Ciudades del futuro y\u2026las ciudades del presente. Autos cada vez m\u00e1s r\u00e1pidos y entretenimiento para aliviar el aburrimiento por llegar m\u00e1s pronto a casa. Computadoras cada vez m\u00e1s amplias en memoria, velocidad y acopio de informaci\u00f3n e ideas imaginarias propias de la edad media. En realidad la imaginaci\u00f3n libera y nos hace esclavos de ella misma.<\/p>\n<div dir=\"auto\" data-removefontsize=\"true\" data-originalcomputedfontsize=\"16\">\n<p dir=\"ltr\"><span data-originalfontsize=\"11pt\" data-originalcomputedfontsize=\"14.666666984558105\">Es cierto, la imaginaci\u00f3n es la que nos destruir\u00e1 y la que presuntamente nos salvar\u00e1. D\u00edgame Usted cuanta ficci\u00f3n, ciencia ficci\u00f3n en las pel\u00edculas y series televisivas la imaginaci\u00f3n nos presenta un futuro atractivo en inmensas ciudades que son destruidas por monstruosidades de todo tipo. \u00bfPor qu\u00e9 nos atrae tanto experimentar esa contradicci\u00f3n? \u00bfPor qu\u00e9 nuestra imaginaci\u00f3n es tan retorcida y trivial a la vez? \u00bfTendremos que aprender a gobernarla en ciertos temas o desatarla en otros? Gobernarla en temas de imaginaci\u00f3n pol\u00edtica, armament\u00edstica? Tenemos que imaginar un estado mental para aprender a equilibrarla, tanto a\u00a0 nivel personal como social?\u00a0<\/span><\/p>\n<p dir=\"ltr\"><span data-originalfontsize=\"11pt\" data-originalcomputedfontsize=\"14.666666984558105\">Veamos a d\u00f3nde nos ha llevado la modernidad, a gozar obsesivamente con un instrumento altamente sofisticado, producto de imaginaciones t\u00e9cnicas, a comodidades y soluciones tecnol\u00f3gicas como tu refrigerador, tu estufa, el boiler, y todos tus consumos y por otro lado a nuevos padecimientos nerviosos, corporales y espirituales. Imaginar soluciones de corte religioso, m\u00e1gico, esot\u00e9rico. Somos una especie curiosa que se atrap\u00f3 a s\u00ed misma imaginando libertades de toda naturaleza. Incluso imaginamos ideolog\u00edas y posiciones pol\u00edticas, s\u00ed tambi\u00e9n, que creen que tienen el camino de la sociedad bien controlado. Y no es cierto.\u00a0<\/span><\/p>\n<p dir=\"ltr\"><span data-originalfontsize=\"11pt\" data-originalcomputedfontsize=\"14.666666984558105\">Parece que el reto es ahora logar que el principio de realidad se libere de imaginaciones impertinentes y se ponga a imaginar las soluciones que realmente requiere la humanidad.\u00a0<\/span><\/p>\n<p dir=\"ltr\"><span data-originalfontsize=\"11pt\" data-originalcomputedfontsize=\"14.666666984558105\">Mientras tanto a la humanidad le ha llegado un colosal golpe de realidad que grandes grupos de personas creen que es una conspiraci\u00f3n con tintes de dominaci\u00f3n a\u00fan no creen. Esa bofetada al orgullo y la soberbia -(\u00bfle podemos decir as\u00ed?)- se llama COVID. Ya no se trata de que lo creamos o no porque los da\u00f1os ya se est\u00e1n acercando a la realidad de todas las familias. En forma econ\u00f3mica y de da\u00f1os a la salud. El mismo confinamiento dispara nuestras imaginaciones a campos cada vez m\u00e1s oscuros o creativos.\u00a0<\/span><\/p>\n<p dir=\"ltr\"><span data-originalfontsize=\"11pt\" data-originalcomputedfontsize=\"14.666666984558105\">Se pude decir que la contundencia de la realidad, los estragos, nucleares y colaterales de la crisis sanitaria s\u00f3lo se resolver\u00e1n con la creatividad y la imaginaci\u00f3n racional de los investigadores de la salud. S\u00ed racional, controlada por las v\u00edas cient\u00edficas. Y, por supuesto la crisis tendr\u00e1 que ser controlada por la imaginaci\u00f3n pol\u00edtica que tiene ante s\u00ed uno de los m\u00e1s grandes dilemas que se le ha\u00a0 presentado a la civilizaci\u00f3n actual.\u00a0<\/span><\/p>\n<p dir=\"ltr\"><span data-originalfontsize=\"11pt\" data-originalcomputedfontsize=\"14.666666984558105\">S\u00ed, ante la destrucci\u00f3n del futuro, ese futuro a veces rom\u00e1ntico, ingenuo, protector, se requiere contraernos en el tiempo para descifrar el presente e imaginar un futuro sometido a la racionalidad, a los ajustes de la austeridad, al pensamiento social. Deshacernos de los prejuicios que nos llevaron a estos extremos, deshacernos de necesidades creadas y que destruyen el ambiente. Orientar la imaginaci\u00f3n hacia la urgencia de sobrevivir sin las condiciones que nos impon\u00edan las ideolog\u00edas de mercado de consumo extremo, de discriminaci\u00f3n.\u00a0<\/span><\/p>\n<p dir=\"ltr\"><span data-originalfontsize=\"11pt\" data-originalcomputedfontsize=\"14.666666984558105\">Ahora s\u00ed, hay que quitarnos caretas y enfrentar el peso de lo real\u2026.con imaginaci\u00f3n.\u00a0<\/span><\/p>\n<p dir=\"ltr\"><span data-originalfontsize=\"11pt\" data-originalcomputedfontsize=\"14.666666984558105\">Le invito a leer algunas frases ingeniosas sobre este tema, seguro le servir\u00e1n, las recog\u00ed del campo de Internet:\u00a0<\/span><\/p>\n<p dir=\"ltr\"><span data-originalfontsize=\"11pt\" data-originalcomputedfontsize=\"14.666666984558105\">\u201cMuchas veces soy capaz de imaginarme 6 cosas imposibles antes de desayunar.\u201d<\/span><\/p>\n<p dir=\"ltr\"><span data-originalfontsize=\"11pt\" data-originalcomputedfontsize=\"14.666666984558105\">\u201cQuerida imaginaci\u00f3n, lo que amo sobre todo en ti es que no perdonas.\u201d<\/span><\/p>\n<p dir=\"ltr\"><span data-originalfontsize=\"11pt\" data-originalcomputedfontsize=\"14.666666984558105\">\u201cLos hombres que influyeron decisivamente en la historia, son aquellos que no esperaron que el mundo cambiara, sino que ellos decidieron cambiarlo. Ellos comprendieron que el \u00e9xito depende de mucha imaginaci\u00f3n, comprobada valent\u00eda y una \u00e9tica que los distingui\u00f3 como hombres \u00edntegros.\u201d<\/span><\/p>\n<p dir=\"ltr\"><span data-originalfontsize=\"11pt\" data-originalcomputedfontsize=\"14.666666984558105\">\u201cLa valent\u00eda es la capacidad de afrontar lo que se puede imaginar.\u201d<\/span><\/p>\n<p dir=\"ltr\"><span data-originalfontsize=\"11pt\" data-originalcomputedfontsize=\"14.666666984558105\">\u201cEl mejor automovilista es aquel que conduce con imaginaci\u00f3n&#8230; imagina que su familia va con \u00e9l en el auto.\u201d<\/span><\/p>\n<p dir=\"ltr\"><span data-originalfontsize=\"11pt\" data-originalcomputedfontsize=\"14.666666984558105\">\u201cLa imaginaci\u00f3n es como cruzar una puerta, donde deber\u00eda poner: Cuidado con el escal\u00f3n.\u201d<\/span><\/p>\n<p>&#8221; La imaginaci\u00f3n el camino de muchos sue\u00f1os, la perseverancia son los pies&#8221; Octavio Almada<\/p>\n<\/div>\n","protected":false},"excerpt":{"rendered":"<p>Una de las facultades m\u00e1s misteriosas y complejas de la mente humana es su capacidad de imaginaci\u00f3n. La imaginaci\u00f3n ha sido una actividad que ciencia y filosof\u00eda han intentado definir desde los elementos que la construyen cerebral y biol\u00f3gicamente, hasta su fantasmal atributo en el psicoan\u00e1lisis. Todos estos esfuerzos humanos tratan de establecer el qu\u00e9 [&hellip;]<\/p>\n","protected":false},"author":1,"featured_media":3329,"comment_status":"open","ping_status":"open","sticky":false,"template":"","format":"standard","meta":{"footnotes":""},"categories":[167],"tags":[],"class_list":["post"],"yoast_head":" \n<title>Inventar el futuro - Periodista SoledadDurazo.com<\/title>\n<meta name=\"robots\" content=\"index, follow, max-snippet:-1, max-image-preview:large, max-video-preview:-1\" \/>\n<link rel=\"canonical\" href=\"https:\/\/soledaddurazo.com\/blog\/2020\/10\/18\/inventar-el-futuro\/\" \/>\n<meta property=\"og:locale\" content=\"es_MX\" \/>\n<meta property=\"og:type\" content=\"article\" \/>\n<meta property=\"og:title\" content=\"Inventar el futuro\" \/>\n<meta property=\"og:description\" content=\"Una de las facultades m\u00e1s misteriosas y complejas de la mente humana es su capacidad de imaginaci\u00f3n. La imaginaci\u00f3n ha sido una actividad que ciencia y filosof\u00eda han intentado definir desde los elementos que la construyen cerebral y biol\u00f3gicamente, hasta su fantasmal atributo en el psicoan\u00e1lisis. Todos estos esfuerzos humanos tratan de establecer el qu\u00e9 [&hellip;]\" \/>\n<meta property=\"og:url\" content=\"https:\/\/soledaddurazo.com\/blog\/2020\/10\/18\/inventar-el-futuro\/\" \/>\n<meta property=\"og:site_name\" content=\"Periodista SoledadDurazo.com\" \/>\n<meta property=\"article:publisher\" content=\"https:\/\/www.facebook.com\/soledad.durazo.9\/\" \/>\n<meta property=\"article:published_time\" content=\"2020-10-19T01:36:39+00:00\" \/>\n<meta property=\"article:modified_time\" content=\"2020-10-19T01:38:10+00:00\" \/>\n<meta property=\"og:image\" content=\"https:\/\/soledaddurazo.com\/storage\/2020\/10\/FOTO-OCTAVIO-ALMADA.jpg\" \/>\n\t<meta property=\"og:image:width\" content=\"1000\" \/>\n\t<meta property=\"og:image:height\" content=\"1000\" \/>\n<meta name=\"twitter:card\" content=\"summary_large_image\" \/>\n<meta name=\"twitter:creator\" content=\"@SoledadDurazo\" \/>\n<meta name=\"twitter:site\" content=\"@SoledadDurazo\" \/>\n<meta name=\"twitter:label1\" content=\"Escrito por\" \/>\n\t<meta name=\"twitter:data1\" content=\"Redacci\u00f3n\" \/>\n\t<meta name=\"twitter:label2\" content=\"Tiempo de lectura\" \/>\n\t<meta name=\"twitter:data2\" content=\"4 minutos\" \/>\n<script type=\"application\/ld+json\" class=\"yoast-schema-graph\">{\"@context\":\"https:\/\/schema.org\",\"@graph\":[{\"@type\":\"Organization\",\"@id\":\"https:\/\/soledaddurazo.com\/#organization\",\"name\":\"Soledad Durazo\",\"url\":\"https:\/\/soledaddurazo.com\/\",\"sameAs\":[\"https:\/\/www.facebook.com\/soledad.durazo.9\/\",\"https:\/\/www.instagram.com\/soledaddurazo\",\"https:\/\/www.youtube.com\/channel\/UC9yGPw8-Vbl_B2XNkRwPS-w\",\"https:\/\/twitter.com\/SoledadDurazo\"],\"logo\":{\"@type\":\"ImageObject\",\"@id\":\"https:\/\/soledaddurazo.com\/#logo\",\"inLanguage\":\"es\",\"url\":\"https:\/\/soledaddurazo.com\/storage\/2021\/11\/nllp-720x375-1-2.png\",\"contentUrl\":\"https:\/\/soledaddurazo.com\/storage\/2021\/11\/nllp-720x375-1-2.png\",\"width\":720,\"height\":375,\"caption\":\"Soledad Durazo\"},\"image\":{\"@id\":\"https:\/\/soledaddurazo.com\/#logo\"}},{\"@type\":\"WebSite\",\"@id\":\"https:\/\/soledaddurazo.com\/#website\",\"url\":\"https:\/\/soledaddurazo.com\/\",\"name\":\"Periodista SoledadDurazo.com\",\"description\":\"Periodista sonorense. Directora de www.SoledadDurazo.com Columnista, conductora de radio y Tv. Catedr\\u00e1tica en la UNISON\",\"publisher\":{\"@id\":\"https:\/\/soledaddurazo.com\/#organization\"},\"potentialAction\":[{\"@type\":\"SearchAction\",\"target\":{\"@type\":\"EntryPoint\",\"urlTemplate\":\"https:\/\/soledaddurazo.com\/?s={search_term_string}\"},\"query-input\":\"required name=search_term_string\"}],\"inLanguage\":\"es\"},{\"@type\":\"ImageObject\",\"@id\":\"https:\/\/soledaddurazo.com\/blog\/2020\/10\/18\/inventar-el-futuro\/#primaryimage\",\"inLanguage\":\"es\",\"url\":\"https:\/\/soledaddurazo.com\/storage\/2020\/10\/FOTO-OCTAVIO-ALMADA.jpg\",\"contentUrl\":\"https:\/\/soledaddurazo.com\/storage\/2020\/10\/FOTO-OCTAVIO-ALMADA.jpg\",\"width\":1000,\"height\":1000},{\"@type\":\"WebPage\",\"@id\":\"https:\/\/soledaddurazo.com\/blog\/2020\/10\/18\/inventar-el-futuro\/#webpage\",\"url\":\"https:\/\/soledaddurazo.com\/blog\/2020\/10\/18\/inventar-el-futuro\/\",\"name\":\"Inventar el futuro - Periodista SoledadDurazo.com\",\"isPartOf\":{\"@id\":\"https:\/\/soledaddurazo.com\/#website\"},\"primaryImageOfPage\":{\"@id\":\"https:\/\/soledaddurazo.com\/blog\/2020\/10\/18\/inventar-el-futuro\/#primaryimage\"},\"datePublished\":\"2020-10-19T01:36:39+00:00\",\"dateModified\":\"2020-10-19T01:38:10+00:00\",\"breadcrumb\":{\"@id\":\"https:\/\/soledaddurazo.com\/blog\/2020\/10\/18\/inventar-el-futuro\/#breadcrumb\"},\"inLanguage\":\"es\",\"potentialAction\":[{\"@type\":\"ReadAction\",\"target\":[\"https:\/\/soledaddurazo.com\/blog\/2020\/10\/18\/inventar-el-futuro\/\"]}]},{\"@type\":\"BreadcrumbList\",\"@id\":\"https:\/\/soledaddurazo.com\/blog\/2020\/10\/18\/inventar-el-futuro\/#breadcrumb\",\"itemListElement\":[{\"@type\":\"ListItem\",\"position\":1,\"name\":\"Home\",\"item\":\"https:\/\/soledaddurazo.com\/\"},{\"@type\":\"ListItem\",\"position\":2,\"name\":\"Inventar el futuro\"}]},{\"@type\":\"Article\",\"@id\":\"https:\/\/soledaddurazo.com\/blog\/2020\/10\/18\/inventar-el-futuro\/#article\",\"isPartOf\":{\"@id\":\"https:\/\/soledaddurazo.com\/blog\/2020\/10\/18\/inventar-el-futuro\/#webpage\"},\"author\":{\"@id\":\"https:\/\/soledaddurazo.com\/#\/schema\/person\/822d8e13aa288585e6546f179853758b\"},\"headline\":\"Inventar el futuro\",\"datePublished\":\"2020-10-19T01:36:39+00:00\",\"dateModified\":\"2020-10-19T01:38:10+00:00\",\"mainEntityOfPage\":{\"@id\":\"https:\/\/soledaddurazo.com\/blog\/2020\/10\/18\/inventar-el-futuro\/#webpage\"},\"wordCount\":889,\"commentCount\":0,\"publisher\":{\"@id\":\"https:\/\/soledaddurazo.com\/#organization\"},\"image\":{\"@id\":\"https:\/\/soledaddurazo.com\/blog\/2020\/10\/18\/inventar-el-futuro\/#primaryimage\"},\"thumbnailUrl\":\"https:\/\/soledaddurazo.com\/storage\/2020\/10\/FOTO-OCTAVIO-ALMADA.jpg\",\"articleSection\":[\"El Cobanaro\"],\"inLanguage\":\"es\",\"potentialAction\":[{\"@type\":\"CommentAction\",\"name\":\"Comment\",\"target\":[\"https:\/\/soledaddurazo.com\/blog\/2020\/10\/18\/inventar-el-futuro\/#respond\"]}]},{\"@type\":\"Person\",\"@id\":\"https:\/\/soledaddurazo.com\/#\/schema\/person\/822d8e13aa288585e6546f179853758b\",\"name\":\"Redacci\\u00f3n\",\"image\":{\"@type\":\"ImageObject\",\"@id\":\"https:\/\/soledaddurazo.com\/#personlogo\",\"inLanguage\":\"es\",\"url\":\"https:\/\/secure.gravatar.com\/avatar\/c4e193752f756fd61f04deebed3a3a20dc188d37edb53682d313ac57f2725d54?s=96&d=mm&r=g\",\"contentUrl\":\"https:\/\/secure.gravatar.com\/avatar\/c4e193752f756fd61f04deebed3a3a20dc188d37edb53682d313ac57f2725d54?s=96&d=mm&r=g\",\"caption\":\"Redacci\\u00f3n\"},\"sameAs\":[\"https:\/\/soledaddurazo.com\"]}]}<\/script>\n ","yoast_head_json":{"title":"Inventar el futuro - Periodista SoledadDurazo.com","robots":{"index":"index","follow":"follow","max-snippet":"max-snippet:-1","max-image-preview":"max-image-preview:large","max-video-preview":"max-video-preview:-1"},"canonical":"https:\/\/soledaddurazo.com\/blog\/2020\/10\/18\/inventar-el-futuro\/","og_locale":"es_MX","og_type":"article","og_title":"Inventar el futuro","og_description":"Una de las facultades m\u00e1s misteriosas y complejas de la mente humana es su capacidad de imaginaci\u00f3n. La imaginaci\u00f3n ha sido una actividad que ciencia y filosof\u00eda han intentado definir desde los elementos que la construyen cerebral y biol\u00f3gicamente, hasta su fantasmal atributo en el psicoan\u00e1lisis. Todos estos esfuerzos humanos tratan de establecer el qu\u00e9 [&hellip;]","og_url":"https:\/\/soledaddurazo.com\/blog\/2020\/10\/18\/inventar-el-futuro\/","og_site_name":"Periodista SoledadDurazo.com","article_publisher":"https:\/\/www.facebook.com\/soledad.durazo.9\/","article_published_time":"2020-10-19T01:36:39+00:00","article_modified_time":"2020-10-19T01:38:10+00:00","og_image":[{"width":1000,"height":1000,"url":"https:\/\/soledaddurazo.com\/storage\/2020\/10\/FOTO-OCTAVIO-ALMADA.jpg","type":"image\/jpeg"}],"twitter_card":"summary_large_image","twitter_creator":"@SoledadDurazo","twitter_site":"@SoledadDurazo","twitter_misc":{"Escrito por":"Redacci\u00f3n","Tiempo de lectura":"4 minutos"},"schema":{"@context":"https:\/\/schema.org","@graph":[{"@type":"Organization","@id":"https:\/\/soledaddurazo.com\/#organization","name":"Soledad Durazo","url":"https:\/\/soledaddurazo.com\/","sameAs":["https:\/\/www.facebook.com\/soledad.durazo.9\/","https:\/\/www.instagram.com\/soledaddurazo","https:\/\/www.youtube.com\/channel\/UC9yGPw8-Vbl_B2XNkRwPS-w","https:\/\/twitter.com\/SoledadDurazo"],"logo":{"@type":"ImageObject","@id":"https:\/\/soledaddurazo.com\/#logo","inLanguage":"es","url":"https:\/\/soledaddurazo.com\/storage\/2021\/11\/nllp-720x375-1-2.png","contentUrl":"https:\/\/soledaddurazo.com\/storage\/2021\/11\/nllp-720x375-1-2.png","width":720,"height":375,"caption":"Soledad Durazo"},"image":{"@id":"https:\/\/soledaddurazo.com\/#logo"}},{"@type":"WebSite","@id":"https:\/\/soledaddurazo.com\/#website","url":"https:\/\/soledaddurazo.com\/","name":"Periodista SoledadDurazo.com","description":"Periodista sonorense. Directora de www.SoledadDurazo.com Columnista, conductora de radio y Tv. Catedr\u00e1tica en la UNISON","publisher":{"@id":"https:\/\/soledaddurazo.com\/#organization"},"potentialAction":[{"@type":"SearchAction","target":{"@type":"EntryPoint","urlTemplate":"https:\/\/soledaddurazo.com\/?s={search_term_string}"},"query-input":"required name=search_term_string"}],"inLanguage":"es"},{"@type":"ImageObject","@id":"https:\/\/soledaddurazo.com\/blog\/2020\/10\/18\/inventar-el-futuro\/#primaryimage","inLanguage":"es","url":"https:\/\/soledaddurazo.com\/storage\/2020\/10\/FOTO-OCTAVIO-ALMADA.jpg","contentUrl":"https:\/\/soledaddurazo.com\/storage\/2020\/10\/FOTO-OCTAVIO-ALMADA.jpg","width":1000,"height":1000},{"@type":"WebPage","@id":"https:\/\/soledaddurazo.com\/blog\/2020\/10\/18\/inventar-el-futuro\/#webpage","url":"https:\/\/soledaddurazo.com\/blog\/2020\/10\/18\/inventar-el-futuro\/","name":"Inventar el futuro - Periodista SoledadDurazo.com","isPartOf":{"@id":"https:\/\/soledaddurazo.com\/#website"},"primaryImageOfPage":{"@id":"https:\/\/soledaddurazo.com\/blog\/2020\/10\/18\/inventar-el-futuro\/#primaryimage"},"datePublished":"2020-10-19T01:36:39+00:00","dateModified":"2020-10-19T01:38:10+00:00","breadcrumb":{"@id":"https:\/\/soledaddurazo.com\/blog\/2020\/10\/18\/inventar-el-futuro\/#breadcrumb"},"inLanguage":"es","potentialAction":[{"@type":"ReadAction","target":["https:\/\/soledaddurazo.com\/blog\/2020\/10\/18\/inventar-el-futuro\/"]}]},{"@type":"BreadcrumbList","@id":"https:\/\/soledaddurazo.com\/blog\/2020\/10\/18\/inventar-el-futuro\/#breadcrumb","itemListElement":[{"@type":"ListItem","position":1,"name":"Home","item":"https:\/\/soledaddurazo.com\/"},{"@type":"ListItem","position":2,"name":"Inventar el futuro"}]},{"@type":"Article","@id":"https:\/\/soledaddurazo.com\/blog\/2020\/10\/18\/inventar-el-futuro\/#article","isPartOf":{"@id":"https:\/\/soledaddurazo.com\/blog\/2020\/10\/18\/inventar-el-futuro\/#webpage"},"author":{"@id":"https:\/\/soledaddurazo.com\/#\/schema\/person\/822d8e13aa288585e6546f179853758b"},"headline":"Inventar el futuro","datePublished":"2020-10-19T01:36:39+00:00","dateModified":"2020-10-19T01:38:10+00:00","mainEntityOfPage":{"@id":"https:\/\/soledaddurazo.com\/blog\/2020\/10\/18\/inventar-el-futuro\/#webpage"},"wordCount":889,"commentCount":0,"publisher":{"@id":"https:\/\/soledaddurazo.com\/#organization"},"image":{"@id":"https:\/\/soledaddurazo.com\/blog\/2020\/10\/18\/inventar-el-futuro\/#primaryimage"},"thumbnailUrl":"https:\/\/soledaddurazo.com\/storage\/2020\/10\/FOTO-OCTAVIO-ALMADA.jpg","articleSection":["El Cobanaro"],"inLanguage":"es","potentialAction":[{"@type":"CommentAction","name":"Comment","target":["https:\/\/soledaddurazo.com\/blog\/2020\/10\/18\/inventar-el-futuro\/#respond"]}]},{"@type":"Person","@id":"https:\/\/soledaddurazo.com\/#\/schema\/person\/822d8e13aa288585e6546f179853758b","name":"Redacci\u00f3n","image":{"@type":"ImageObject","@id":"https:\/\/soledaddurazo.com\/#personlogo","inLanguage":"es","url":"https:\/\/secure.gravatar.com\/avatar\/c4e193752f756fd61f04deebed3a3a20dc188d37edb53682d313ac57f2725d54?s=96&d=mm&r=g","contentUrl":"https:\/\/secure.gravatar.com\/avatar\/c4e193752f756fd61f04deebed3a3a20dc188d37edb53682d313ac57f2725d54?s=96&d=mm&r=g","caption":"Redacci\u00f3n"},"sameAs":["https:\/\/soledaddurazo.com"]}]}},"_links":{"self":[{"href":"https:\/\/soledaddurazo.com\/api\/wp\/v2\/posts\/3529","targetHints":{"allow":["GET"]}}],"collection":[{"href":"https:\/\/soledaddurazo.com\/api\/wp\/v2\/posts"}],"about":[{"href":"https:\/\/soledaddurazo.com\/api\/wp\/v2\/types\/post"}],"author":[{"embeddable":true,"href":"https:\/\/soledaddurazo.com\/api\/wp\/v2\/users\/1"}],"replies":[{"embeddable":true,"href":"https:\/\/soledaddurazo.com\/api\/wp\/v2\/comments?post=3529"}],"version-history":[{"count":2,"href":"https:\/\/soledaddurazo.com\/api\/wp\/v2\/posts\/3529\/revisions"}],"predecessor-version":[{"id":3531,"href":"https:\/\/soledaddurazo.com\/api\/wp\/v2\/posts\/3529\/revisions\/3531"}],"wp:featuredmedia":[{"embeddable":true,"href":"https:\/\/soledaddurazo.com\/api\/wp\/v2\/media\/3329"}],"wp:attachment":[{"href":"https:\/\/soledaddurazo.com\/api\/wp\/v2\/media?parent=3529"}],"wp:term":[{"taxonomy":"category","embeddable":true,"href":"https:\/\/soledaddurazo.com\/api\/wp\/v2\/categories?post=3529"},{"taxonomy":"post_tag","embeddable":true,"href":"https:\/\/soledaddurazo.com\/api\/wp\/v2\/tags?post=3529"}],"curies":[{"name":"wp","href":"https:\/\/api.w.org\/{rel}","templated":true}]}}