{"id":3515,"date":"2020-10-16T00:35:08","date_gmt":"2020-10-16T07:35:08","guid":{"rendered":"https:\/\/soledaddurazo.com\/?p=3515"},"modified":"2020-10-16T00:35:08","modified_gmt":"2020-10-16T07:35:08","slug":"ya-nacio-la-futura-presidenta-de-la-republica","status":"publish","type":"post","link":"https:\/\/soledaddurazo.com\/blog\/2020\/10\/16\/ya-nacio-la-futura-presidenta-de-la-republica\/","title":{"rendered":"Ya Naci\u00f3 La Futura Presidenta de la Rep\u00fablica"},"content":{"rendered":"<p><span class=\"s7\"><span class=\"bumpedFont15\">El nombre de la que ser\u00e1 la primera Presidenta de M\u00e9xico, no lo conozco. S\u00e9 que naci\u00f3 entre 1970 y 1980. <\/span><\/span><span class=\"s7\"><span class=\"bumpedFont15\">Puede surgir<\/span><\/span><span class=\"s7\"><span class=\"bumpedFont15\"> entre las activistas <\/span><\/span><span class=\"s7\"><span class=\"bumpedFont15\">feministas. Tal vez sea una de las j\u00f3venes con t\u00edtulo profesional, con experiencia legislativa o administrativa y particularmente con vocaci\u00f3n de servicio a la comunidad y amplia \u00a0sensibilidad pol\u00edtica. <\/span><\/span><span class=\"s7\"><span class=\"bumpedFont15\">En Am\u00e9rica Latina diez mujeres han conducido el gobierno de su pa\u00eds. La primer<\/span><\/span><span class=\"s7\"><span class=\"bumpedFont15\">a<\/span><\/span><span class=\"s7\"><span class=\"bumpedFont15\"> fue Violeta Barrios <\/span><\/span><span class=\"s7\"><span class=\"bumpedFont15\">Torres<\/span><\/span><span class=\"s7\"><span class=\"bumpedFont15\">, en 1974, en Nicaragua. La \u00faltima es Jeanine A\u00f1ez Ch\u00e1vez que en noviembre de 2019 se proclam\u00f3 presidenta<\/span><\/span><span class=\"s7\"><span class=\"bumpedFont15\">de Bolivia,<\/span><\/span><span class=\"s7\"><span class=\"bumpedFont15\"> a<\/span><\/span><span class=\"s7\"><span class=\"bumpedFont15\"> la ca\u00edda de Evo Morales y est\u00e1<\/span><\/span><span class=\"s7\"><span class=\"bumpedFont15\">en<\/span><\/span><span class=\"s7\"><span class=\"bumpedFont15\"> v\u00edas de realizar elecciones.<\/span><\/span><\/p>\n<p><span class=\"s7\"><span class=\"bumpedFont15\">En el r\u00e9gimen de los quince gobiernos sexenales, la apertura para la mujer ha sido muy restringida. El machismo se ha impuesto, a pesar de la lucha emprendida por las mujeres desde finales del Siglo XIX para log<\/span><\/span><span class=\"s7\"><span class=\"bumpedFont15\">r<\/span><\/span><span class=\"s7\"><span class=\"bumpedFont15\">ar la igualdad en derechos y obligaciones con los hombres. Recuerdo<\/span><\/span><span class=\"s7\"><span class=\"bumpedFont15\"> del pasaje en <\/span><\/span><span class=\"s7\"><span class=\"bumpedFont15\">que la duranguense Hermila Galindo<\/span><\/span><span class=\"s7\"><span class=\"bumpedFont15\"> Acosta, sorpresivamente <\/span><\/span><span class=\"s7\"><span class=\"bumpedFont15\">subi\u00f3 a la tribuna<\/span><\/span><span class=\"s7\"><span class=\"bumpedFont15\"> del Congreso Constituyente de Qu<\/span><\/span><span class=\"s7\"><span class=\"bumpedFont15\">er\u00e9taro y exigi\u00f3<\/span><\/span><span class=\"s7\"><span class=\"bumpedFont15\">, en 1917,<\/span><\/span><span class=\"s7\"><span class=\"bumpedFont15\"> que se otorgara<\/span><\/span><span class=\"s7\"><span class=\"bumpedFont15\"> la mujer el mismo trato ciudadano<\/span><\/span> <span class=\"s7\"><span class=\"bumpedFont15\">que a los del sexo opuesto, inclusive hay testimonio de una carta que entreg\u00f3 a los constituyentes, quienes poca o ninguna ate<\/span><\/span><span class=\"s7\"><span class=\"bumpedFont15\">nci\u00f3n dieron a esa intervenci\u00f3n ni a la misiva.<\/span><\/span><\/p>\n<p><span class=\"s7\"><span class=\"bumpedFont15\">Hasta ahora en nuestro pa\u00eds la participaci\u00f3n de la mujer ha sido muy limitada en<\/span><\/span><span class=\"s7\"><span class=\"bumpedFont15\"> cuanto a gubernaturas<\/span><\/span><span class=\"s7\"><span class=\"bumpedFont15\">, poco a poco se increment\u00f3 el n\u00famero de diputadas federales y locales al igual que<\/span><\/span><span class=\"s7\"><span class=\"bumpedFont15\"> el de las <\/span><\/span><span class=\"s7\"><span class=\"bumpedFont15\">electas para ocupar un esca\u00f1o senatorial. En las presidencias <\/span><\/span><span class=\"s7\"><span class=\"bumpedFont15\">municipales tambi\u00e9n aument\u00f3 la postulaci\u00f3n de candidatas. Sin embargo no han logrado los ciudadanos apostar por elegir a una Presidenta de la Rep\u00fablica. <\/span><\/span><span class=\"s7\"><span class=\"bumpedFont15\">De las seis<\/span><\/span><span class=\"s7\"><span class=\"bumpedFont15\"> que entraron a la lid<\/span><\/span><span class=\"s7\"><span class=\"bumpedFont15\">,<\/span><\/span><span class=\"s7\"><span class=\"bumpedFont15\">,<\/span><\/span><span class=\"s7\"><span class=\"bumpedFont15\"> solo una fue respaldada por casi 13 millones de votos y otra declin\u00f3 antes del d\u00eda de la votaci\u00f3n.<\/span><\/span><\/p>\n<p><span class=\"s5\"><span class=\"bumpedFont15\">UNA SALTILLENSE, LA PRIMERA<\/span><\/span><\/p>\n<p><span class=\"s7\"><span class=\"bumpedFont15\">A sus 55 a\u00f1os de edad y en plena b\u00fasqueda d<\/span><\/span><span class=\"s7\"><span class=\"bumpedFont15\">e uno de sus hijos, desaparecido<\/span><\/span><span class=\"s7\"><span class=\"bumpedFont15\"> siete a\u00f1os atr\u00e1s, la se\u00f1ora Mar\u00eda del Rosario Ibarra de la Garza, originaria de Satillo, Coahuila, fue postulada<\/span><\/span><span class=\"s7\"><span class=\"bumpedFont15\">, en 1982,<\/span><\/span><span class=\"s7\"><span class=\"bumpedFont15\"> por el Partido Revolucionario de los Trabajadores, PRT, para competir por la Presidencia de los Estados Unidos Mexicanos. <\/span><\/span><span class=\"s7\"><span class=\"bumpedFont15\">Obtuvo 416 mil 448 votos. Seis a\u00f1os despu\u00e9s el PRT lanz\u00f3<\/span><\/span><span class=\"s7\"><span class=\"bumpedFont15\">, nuevamente,<\/span><\/span><span class=\"s7\"><span class=\"bumpedFont15\"> la candidatura de la luchadora social que, para entonces, ya ten\u00eda muchos adeptos y seguidores en su causa. La votaci\u00f3n no le favoreci\u00f3, pues obtuvo<\/span><\/span><span class=\"s7\"><span class=\"bumpedFont15\"> 74 mil 857 sufragios<\/span><\/span><span class=\"s7\"><span class=\"bumpedFont15\">. Se uni\u00f3 a los otros candidatos derrotad<\/span><\/span><span class=\"s7\"><span class=\"bumpedFont15\">os y declararon fraude electora<\/span><\/span><span class=\"s7\"><span class=\"bumpedFont15\">l<\/span><\/span><span class=\"s7\"><span class=\"bumpedFont15\">.<\/span><\/span> <span class=\"s7\"><span class=\"bumpedFont15\">F<\/span><\/span><span class=\"s7\"><span class=\"bumpedFont15\">ue cuando \u201cse cay\u00f3 el sistema\u201d. El secretario de Gobernaci\u00f3n y presidente de la Comisi\u00f3n Federal Electoral era Manuel Bartlett D\u00edaz.<\/span><\/span><\/p>\n<p><span class=\"s7\"><span class=\"bumpedFont15\">La se\u00f1ora Rosario Ibarra de Piedra lleg\u00f3 al Senado de la Rep\u00fablica con el respaldo del Partido de la<\/span><\/span><span class=\"s7\"><span class=\"bumpedFont15\"> Revoluci\u00f3n<\/span><\/span><span class=\"s7\"><span class=\"bumpedFont15\"> Democr\u00e1tica y despu\u00e9s se cambi\u00f3 a la bancada del Partido del Trabajo. Ha recibido la Medalla Eduardo Neri de 1913 y la Belisario Dom\u00ednguez que otorgan las C\u00e1mara de Diputados y de Senadores, respectivamente. En cuatro a\u00f1os ha sido <\/span><\/span><span class=\"s7\"><span class=\"bumpedFont15\">incluida<\/span><\/span><span class=\"s7\"><span class=\"bumpedFont15\"> en la relaci\u00f3n de aspirantes al Premio Nobel de la Paz.<\/span><\/span><\/p>\n<p><span class=\"s5\"><span class=\"bumpedFont15\">EL PRI NO FIGUR\u00d3<\/span><\/span><\/p>\n<p><span class=\"s7\"><span class=\"bumpedFont15\">En los comicios presidenciales de los \u00faltimos 38 a\u00f1os, el Partido Revolucionario Institucional, el invencible PRI del Siglo XX, no consider\u00f3 a ninguna de sus militantes con la fuerza y personalidad <\/span><\/span><span class=\"s7\"><span class=\"bumpedFont15\">para alcanzar la titularidad del Poder Ejecutivo Federal, prefir<\/span><\/span><span class=\"s7\"><span class=\"bumpedFont15\">i\u00f3 apoyarlas para gobernadoras o encamina<\/span><\/span><span class=\"s7\"><span class=\"bumpedFont15\">rlas<\/span><\/span><span class=\"s7\"><span class=\"bumpedFont15\"> a <\/span><\/span><span class=\"s7\"><span class=\"bumpedFont15\">tareas legislativas. <\/span><\/span><\/p>\n<p><span class=\"s7\"><span class=\"bumpedFont15\">Par<\/span><\/span><span class=\"s7\"><span class=\"bumpedFont15\">a las elecciones de 1994, cuando fue asesinado el priista Luis Donaldo Colosio Murrieta<\/span><\/span><span class=\"s7\"><span class=\"bumpedFont15\">, <\/span><\/span><span class=\"s7\"><span class=\"bumpedFont15\">el Parti<\/span><\/span><span class=\"s7\"><span class=\"bumpedFont15\">do del Trabajo <\/span><\/span><span class=\"s7\"><span class=\"bumpedFont15\">decidi\u00f3 \u00a0promover a la sonorense, con carisma y preparaci\u00f3n pol\u00edtica, Cecilia Soto Gonz\u00e1lez. En el conteo de votos obtuvo 970 mil 121 y en esa misma contienda particip\u00f3 la hija del a\u00f1orado maestro Vicente Lombardo Toledano, Marcela Lombardo Otero, con la bandera del Partido Popular Socialista. En las urnas se contabilizaron 166,594 votos a su favor. Marcela es la \u00fanica de las candidatas que ha fallecido.<\/span><\/span><\/p>\n<p><span class=\"s7\"><span class=\"bumpedFont15\">Dora Patricia Mercado Castro, otra ilustre hija de Sonora, se inscribi\u00f3 en la contienda presidencial del 2006. Atractiva, de muy buen aspecto, risue\u00f1a<\/span><\/span><span class=\"s7\"><span class=\"bumpedFont15\">, particip\u00f3 <\/span><\/span><span class=\"s7\"><span class=\"bumpedFont15\">con la decisi\u00f3n de salir avante<\/span><\/span><span class=\"s7\"><span class=\"bumpedFont15\">,<\/span><\/span> <span class=\"s7\"><span class=\"bumpedFont15\">respaldada por el <\/span><\/span><span class=\"s7\"><span class=\"bumpedFont15\">Partido <\/span><\/span><span class=\"s7\"><span class=\"bumpedFont15\">Socialdem<\/span><\/span><span class=\"s7\"><span class=\"bumpedFont15\">\u00f3crata, del cual fue presidenta<\/span><\/span><span class=\"s7\"><span class=\"bumpedFont15\"> fundadora. <\/span><\/span><span class=\"s7\"><span class=\"bumpedFont15\">Consigui\u00f3 un peque\u00f1o triunfo al<\/span><\/span><span class=\"s7\"><span class=\"bumpedFont15\"> recibir m\u00e1s de un mill\u00f3n de votos, pues sum\u00f3 1 mill\u00f3n 128 mil 850 y en el 2012 la PANista Josefina Eugenia V\u00e1zquez Mota <\/span><\/span><span class=\"s7\"><span class=\"bumpedFont15\">qued\u00f3<\/span><\/span><span class=\"s7\"><span class=\"bumpedFont15\"> en un<\/span><\/span><span class=\"s7\"><span class=\"bumpedFont15\"> honroso<\/span><\/span><span class=\"s7\"><span class=\"bumpedFont15\"> segundo lugar<\/span><\/span><span class=\"s7\"><span class=\"bumpedFont15\">,<\/span><\/span><span class=\"s7\"><span class=\"bumpedFont15\"> con 12 millones 737 mil<\/span><\/span> <span class=\"s7\"><span class=\"bumpedFont15\">630 boletas tachadas a su favor.<\/span><\/span><span class=\"s7\"><span class=\"bumpedFont15\"> Naci\u00f3 en Teziutl\u00e1n, Puebla.<\/span><\/span><\/p>\n<p><span class=\"s7\"><span class=\"bumpedFont15\">Finalmente tenemos a la defe\u00f1a que milit\u00f3 en las filas del Partido Acci\u00f3n Nacional e inclusive fue legisladora, pero determin\u00f3 abandonarlo y emprender su aventura como candidata independiente en el pasado 2018. Unos aseguran que la sombra de su esposo Felip<\/span><\/span><span class=\"s7\"><span class=\"bumpedFont15\">e de Jes\u00fas Calder\u00f3n Hinojosa le<\/span><\/span><span class=\"s7\"><span class=\"bumpedFont15\"> da\u00f1\u00f3, por lo que Margarita Ester <\/span><\/span><span class=\"s7\"><span class=\"bumpedFont15\">Zavala G\u00f3mez del Campo determin\u00f3<\/span><\/span> <span class=\"s7\"><span class=\"bumpedFont15\">cortar su campa\u00f1a, no <\/span><\/span><span class=\"s7\"><span class=\"bumpedFont15\">se ali\u00f3<\/span><\/span><span class=\"s7\"><span class=\"bumpedFont15\"> a otro candidato. Trabaj\u00f3 en la organizaci\u00f3n del Partido M\u00e9xico Libre, pero no<\/span><\/span><span class=\"s7\"><span class=\"bumpedFont15\"> le han dado <\/span><\/span><span class=\"s7\"><span class=\"bumpedFont15\">el registro en el Instituto Nacional Electoral. <\/span><\/span><\/p>\n<p><span class=\"s5\"><span class=\"bumpedFont15\">\u00bfA QUI\u00c9N <\/span><\/span><span class=\"s5\"><span class=\"bumpedFont15\">APOYAR\u00cdA<\/span><\/span><a name=\"_GoBack\"><\/a><span class=\"s5\"><span class=\"bumpedFont15\"> USTED?<\/span><\/span><\/p>\n<p><span class=\"s7\"><span class=\"bumpedFont15\">No resulta nada f\u00e1cil formular un pron\u00f3stico en estos momentos. Los partidos pol\u00edticos, incluyendo al que est\u00e1 en el pod<\/span><\/span><span class=\"s7\"><span class=\"bumpedFont15\">er, porque los dirigentes no dan muestras de contemplar esa situaci\u00f3n. No hay se\u00f1ales de que est\u00e9n preparando a una posible candidata presidencial. El PRI replegado en un rinc\u00f3n, por el temor de que sus \u201cpr\u00f3ceres\u201d sean acusados de corruptos. Las corrientes diversas<\/span><\/span><span class=\"s7\"><span class=\"bumpedFont15\"> a<\/span><\/span><span class=\"s7\"><span class=\"bumpedFont15\">l interior del PA<\/span><\/span><span class=\"s7\"><span class=\"bumpedFont15\">N y<\/span><\/span><span class=\"s7\"><span class=\"bumpedFont15\"> las disputas por el control del poder no dan margen a una buena coordinaci\u00f3n para enfrentar nuevos combates electorales<\/span><\/span><span class=\"s7\"><span class=\"bumpedFont15\">.<\/span><\/span><span class=\"s7\"><span class=\"bumpedFont15\"> En cuanto a \u201clos chiquitos\u201d, donde ahora est\u00e1 el PRD, esperan a que les asilo para seguir en la n\u00f3mina del INE.<\/span><\/span><\/p>\n<p><span class=\"s7\"><span class=\"bumpedFont15\">Los noventa millones de electores est\u00e1n sumamente divididos. Hablar, comentar, escribir, el nombre de alguna dama para proyectarla hacia el nuevo sexenio<\/span><\/span><span class=\"s7\"><span class=\"bumpedFont15\">, es imposible<\/span><\/span><span class=\"s7\"><span class=\"bumpedFont15\">. Me dicen que hacerlo<\/span><\/span><span class=\"s7\"><span class=\"bumpedFont15\">,<\/span><\/span><span class=\"s7\"><span class=\"bumpedFont15\"> es agitar in\u00fatilmente el gallinero. Pero aun as\u00ed, \u00bfa qui\u00e9n apoyar\u00eda usted para Presidenta de M\u00e9xico?<\/span><\/span><\/p>\n<p><span class=\"s7\"><span class=\"bumpedFont15\">Le doy tres <\/span><\/span><span class=\"s7\"><span class=\"bumpedFont15\">nombres: <\/span><\/span><span class=\"s5\"><span class=\"bumpedFont15\">Claudia Sheinbaum Pardo, <\/span><\/span><span class=\"s7\"><span class=\"bumpedFont15\">jefa de Gobierno de la Ciudad de M\u00e9xico. <\/span><\/span><span class=\"s5\"><span class=\"bumpedFont15\">Josefina Eugenia V\u00e1zquez Mota<\/span><\/span><span class=\"s7\"><span class=\"bumpedFont15\">, senadora y <\/span><\/span><span class=\"s5\"><span class=\"bumpedFont15\">Claudia Artemiza Pavlovich Arellano, <\/span><\/span><span class=\"s7\"><span class=\"bumpedFont15\">gobernadora saliente de Sonora.<\/span><\/span><\/p>\n<p><span class=\"s5\"><span class=\"bumpedFont15\">jherrerav@live.com.mx<\/span><\/span><span class=\"s7\"><span class=\"bumpedFont15\"> \u00a0<\/span><\/span><\/p>\n","protected":false},"excerpt":{"rendered":"<p>El nombre de la que ser\u00e1 la primera Presidenta de M\u00e9xico, no lo conozco. S\u00e9 que naci\u00f3 entre 1970 y 1980. Puede surgir entre las activistas feministas. Tal vez sea una de las j\u00f3venes con t\u00edtulo profesional, con experiencia legislativa o administrativa y particularmente con vocaci\u00f3n de servicio a la comunidad y amplia \u00a0sensibilidad pol\u00edtica. [&hellip;]<\/p>\n","protected":false},"author":1,"featured_media":3516,"comment_status":"open","ping_status":"open","sticky":false,"template":"","format":"standard","meta":{"footnotes":""},"categories":[172],"tags":[],"class_list":["post"],"yoast_head":" \n<title>Ya Naci\u00f3 La Futura Presidenta de la Rep\u00fablica - Periodista SoledadDurazo.com<\/title>\n<meta name=\"robots\" content=\"index, follow, max-snippet:-1, max-image-preview:large, max-video-preview:-1\" \/>\n<link rel=\"canonical\" href=\"https:\/\/soledaddurazo.com\/blog\/2020\/10\/16\/ya-nacio-la-futura-presidenta-de-la-republica\/\" \/>\n<meta property=\"og:locale\" content=\"es_MX\" \/>\n<meta property=\"og:type\" content=\"article\" \/>\n<meta property=\"og:title\" content=\"Ya Naci\u00f3 La Futura Presidenta de la Rep\u00fablica\" \/>\n<meta property=\"og:description\" content=\"El nombre de la que ser\u00e1 la primera Presidenta de M\u00e9xico, no lo conozco. S\u00e9 que naci\u00f3 entre 1970 y 1980. Puede surgir entre las activistas feministas. Tal vez sea una de las j\u00f3venes con t\u00edtulo profesional, con experiencia legislativa o administrativa y particularmente con vocaci\u00f3n de servicio a la comunidad y amplia \u00a0sensibilidad pol\u00edtica. [&hellip;]\" \/>\n<meta property=\"og:url\" content=\"https:\/\/soledaddurazo.com\/blog\/2020\/10\/16\/ya-nacio-la-futura-presidenta-de-la-republica\/\" \/>\n<meta property=\"og:site_name\" content=\"Periodista SoledadDurazo.com\" \/>\n<meta property=\"article:publisher\" content=\"https:\/\/www.facebook.com\/soledad.durazo.9\/\" \/>\n<meta property=\"article:published_time\" content=\"2020-10-16T07:35:08+00:00\" \/>\n<meta property=\"og:image\" content=\"https:\/\/soledaddurazo.com\/storage\/2020\/10\/611CCBEE-51D2-4700-9B95-391F859ACE05.jpeg\" \/>\n\t<meta property=\"og:image:width\" content=\"204\" \/>\n\t<meta property=\"og:image:height\" content=\"266\" \/>\n<meta name=\"twitter:card\" content=\"summary_large_image\" \/>\n<meta name=\"twitter:creator\" content=\"@SoledadDurazo\" \/>\n<meta name=\"twitter:site\" content=\"@SoledadDurazo\" \/>\n<meta name=\"twitter:label1\" content=\"Escrito por\" \/>\n\t<meta name=\"twitter:data1\" content=\"Redacci\u00f3n\" \/>\n\t<meta name=\"twitter:label2\" content=\"Tiempo de lectura\" \/>\n\t<meta name=\"twitter:data2\" content=\"5 minutos\" \/>\n<script type=\"application\/ld+json\" class=\"yoast-schema-graph\">{\"@context\":\"https:\/\/schema.org\",\"@graph\":[{\"@type\":\"Organization\",\"@id\":\"https:\/\/soledaddurazo.com\/#organization\",\"name\":\"Soledad Durazo\",\"url\":\"https:\/\/soledaddurazo.com\/\",\"sameAs\":[\"https:\/\/www.facebook.com\/soledad.durazo.9\/\",\"https:\/\/www.instagram.com\/soledaddurazo\",\"https:\/\/www.youtube.com\/channel\/UC9yGPw8-Vbl_B2XNkRwPS-w\",\"https:\/\/twitter.com\/SoledadDurazo\"],\"logo\":{\"@type\":\"ImageObject\",\"@id\":\"https:\/\/soledaddurazo.com\/#logo\",\"inLanguage\":\"es\",\"url\":\"https:\/\/soledaddurazo.com\/storage\/2021\/11\/nllp-720x375-1-2.png\",\"contentUrl\":\"https:\/\/soledaddurazo.com\/storage\/2021\/11\/nllp-720x375-1-2.png\",\"width\":720,\"height\":375,\"caption\":\"Soledad Durazo\"},\"image\":{\"@id\":\"https:\/\/soledaddurazo.com\/#logo\"}},{\"@type\":\"WebSite\",\"@id\":\"https:\/\/soledaddurazo.com\/#website\",\"url\":\"https:\/\/soledaddurazo.com\/\",\"name\":\"Periodista SoledadDurazo.com\",\"description\":\"Periodista sonorense. Directora de www.SoledadDurazo.com Columnista, conductora de radio y Tv. Catedr\\u00e1tica en la UNISON\",\"publisher\":{\"@id\":\"https:\/\/soledaddurazo.com\/#organization\"},\"potentialAction\":[{\"@type\":\"SearchAction\",\"target\":{\"@type\":\"EntryPoint\",\"urlTemplate\":\"https:\/\/soledaddurazo.com\/?s={search_term_string}\"},\"query-input\":\"required name=search_term_string\"}],\"inLanguage\":\"es\"},{\"@type\":\"ImageObject\",\"@id\":\"https:\/\/soledaddurazo.com\/blog\/2020\/10\/16\/ya-nacio-la-futura-presidenta-de-la-republica\/#primaryimage\",\"inLanguage\":\"es\",\"url\":\"https:\/\/soledaddurazo.com\/storage\/2020\/10\/611CCBEE-51D2-4700-9B95-391F859ACE05.jpeg\",\"contentUrl\":\"https:\/\/soledaddurazo.com\/storage\/2020\/10\/611CCBEE-51D2-4700-9B95-391F859ACE05.jpeg\",\"width\":204,\"height\":266},{\"@type\":\"WebPage\",\"@id\":\"https:\/\/soledaddurazo.com\/blog\/2020\/10\/16\/ya-nacio-la-futura-presidenta-de-la-republica\/#webpage\",\"url\":\"https:\/\/soledaddurazo.com\/blog\/2020\/10\/16\/ya-nacio-la-futura-presidenta-de-la-republica\/\",\"name\":\"Ya Naci\\u00f3 La Futura Presidenta de la Rep\\u00fablica - Periodista SoledadDurazo.com\",\"isPartOf\":{\"@id\":\"https:\/\/soledaddurazo.com\/#website\"},\"primaryImageOfPage\":{\"@id\":\"https:\/\/soledaddurazo.com\/blog\/2020\/10\/16\/ya-nacio-la-futura-presidenta-de-la-republica\/#primaryimage\"},\"datePublished\":\"2020-10-16T07:35:08+00:00\",\"dateModified\":\"2020-10-16T07:35:08+00:00\",\"breadcrumb\":{\"@id\":\"https:\/\/soledaddurazo.com\/blog\/2020\/10\/16\/ya-nacio-la-futura-presidenta-de-la-republica\/#breadcrumb\"},\"inLanguage\":\"es\",\"potentialAction\":[{\"@type\":\"ReadAction\",\"target\":[\"https:\/\/soledaddurazo.com\/blog\/2020\/10\/16\/ya-nacio-la-futura-presidenta-de-la-republica\/\"]}]},{\"@type\":\"BreadcrumbList\",\"@id\":\"https:\/\/soledaddurazo.com\/blog\/2020\/10\/16\/ya-nacio-la-futura-presidenta-de-la-republica\/#breadcrumb\",\"itemListElement\":[{\"@type\":\"ListItem\",\"position\":1,\"name\":\"Home\",\"item\":\"https:\/\/soledaddurazo.com\/\"},{\"@type\":\"ListItem\",\"position\":2,\"name\":\"Ya Naci\\u00f3 La Futura Presidenta de la Rep\\u00fablica\"}]},{\"@type\":\"Article\",\"@id\":\"https:\/\/soledaddurazo.com\/blog\/2020\/10\/16\/ya-nacio-la-futura-presidenta-de-la-republica\/#article\",\"isPartOf\":{\"@id\":\"https:\/\/soledaddurazo.com\/blog\/2020\/10\/16\/ya-nacio-la-futura-presidenta-de-la-republica\/#webpage\"},\"author\":{\"@id\":\"https:\/\/soledaddurazo.com\/#\/schema\/person\/822d8e13aa288585e6546f179853758b\"},\"headline\":\"Ya Naci\\u00f3 La Futura Presidenta de la Rep\\u00fablica\",\"datePublished\":\"2020-10-16T07:35:08+00:00\",\"dateModified\":\"2020-10-16T07:35:08+00:00\",\"mainEntityOfPage\":{\"@id\":\"https:\/\/soledaddurazo.com\/blog\/2020\/10\/16\/ya-nacio-la-futura-presidenta-de-la-republica\/#webpage\"},\"wordCount\":1082,\"commentCount\":0,\"publisher\":{\"@id\":\"https:\/\/soledaddurazo.com\/#organization\"},\"image\":{\"@id\":\"https:\/\/soledaddurazo.com\/blog\/2020\/10\/16\/ya-nacio-la-futura-presidenta-de-la-republica\/#primaryimage\"},\"thumbnailUrl\":\"https:\/\/soledaddurazo.com\/storage\/2020\/10\/611CCBEE-51D2-4700-9B95-391F859ACE05.jpeg\",\"articleSection\":[\"Jorge Herrera\"],\"inLanguage\":\"es\",\"potentialAction\":[{\"@type\":\"CommentAction\",\"name\":\"Comment\",\"target\":[\"https:\/\/soledaddurazo.com\/blog\/2020\/10\/16\/ya-nacio-la-futura-presidenta-de-la-republica\/#respond\"]}]},{\"@type\":\"Person\",\"@id\":\"https:\/\/soledaddurazo.com\/#\/schema\/person\/822d8e13aa288585e6546f179853758b\",\"name\":\"Redacci\\u00f3n\",\"image\":{\"@type\":\"ImageObject\",\"@id\":\"https:\/\/soledaddurazo.com\/#personlogo\",\"inLanguage\":\"es\",\"url\":\"https:\/\/secure.gravatar.com\/avatar\/c4e193752f756fd61f04deebed3a3a20dc188d37edb53682d313ac57f2725d54?s=96&d=mm&r=g\",\"contentUrl\":\"https:\/\/secure.gravatar.com\/avatar\/c4e193752f756fd61f04deebed3a3a20dc188d37edb53682d313ac57f2725d54?s=96&d=mm&r=g\",\"caption\":\"Redacci\\u00f3n\"},\"sameAs\":[\"https:\/\/soledaddurazo.com\"]}]}<\/script>\n ","yoast_head_json":{"title":"Ya Naci\u00f3 La Futura Presidenta de la Rep\u00fablica - Periodista SoledadDurazo.com","robots":{"index":"index","follow":"follow","max-snippet":"max-snippet:-1","max-image-preview":"max-image-preview:large","max-video-preview":"max-video-preview:-1"},"canonical":"https:\/\/soledaddurazo.com\/blog\/2020\/10\/16\/ya-nacio-la-futura-presidenta-de-la-republica\/","og_locale":"es_MX","og_type":"article","og_title":"Ya Naci\u00f3 La Futura Presidenta de la Rep\u00fablica","og_description":"El nombre de la que ser\u00e1 la primera Presidenta de M\u00e9xico, no lo conozco. S\u00e9 que naci\u00f3 entre 1970 y 1980. Puede surgir entre las activistas feministas. Tal vez sea una de las j\u00f3venes con t\u00edtulo profesional, con experiencia legislativa o administrativa y particularmente con vocaci\u00f3n de servicio a la comunidad y amplia \u00a0sensibilidad pol\u00edtica. [&hellip;]","og_url":"https:\/\/soledaddurazo.com\/blog\/2020\/10\/16\/ya-nacio-la-futura-presidenta-de-la-republica\/","og_site_name":"Periodista SoledadDurazo.com","article_publisher":"https:\/\/www.facebook.com\/soledad.durazo.9\/","article_published_time":"2020-10-16T07:35:08+00:00","og_image":[{"width":204,"height":266,"url":"https:\/\/soledaddurazo.com\/storage\/2020\/10\/611CCBEE-51D2-4700-9B95-391F859ACE05.jpeg","type":"image\/jpeg"}],"twitter_card":"summary_large_image","twitter_creator":"@SoledadDurazo","twitter_site":"@SoledadDurazo","twitter_misc":{"Escrito por":"Redacci\u00f3n","Tiempo de lectura":"5 minutos"},"schema":{"@context":"https:\/\/schema.org","@graph":[{"@type":"Organization","@id":"https:\/\/soledaddurazo.com\/#organization","name":"Soledad Durazo","url":"https:\/\/soledaddurazo.com\/","sameAs":["https:\/\/www.facebook.com\/soledad.durazo.9\/","https:\/\/www.instagram.com\/soledaddurazo","https:\/\/www.youtube.com\/channel\/UC9yGPw8-Vbl_B2XNkRwPS-w","https:\/\/twitter.com\/SoledadDurazo"],"logo":{"@type":"ImageObject","@id":"https:\/\/soledaddurazo.com\/#logo","inLanguage":"es","url":"https:\/\/soledaddurazo.com\/storage\/2021\/11\/nllp-720x375-1-2.png","contentUrl":"https:\/\/soledaddurazo.com\/storage\/2021\/11\/nllp-720x375-1-2.png","width":720,"height":375,"caption":"Soledad Durazo"},"image":{"@id":"https:\/\/soledaddurazo.com\/#logo"}},{"@type":"WebSite","@id":"https:\/\/soledaddurazo.com\/#website","url":"https:\/\/soledaddurazo.com\/","name":"Periodista SoledadDurazo.com","description":"Periodista sonorense. Directora de www.SoledadDurazo.com Columnista, conductora de radio y Tv. Catedr\u00e1tica en la UNISON","publisher":{"@id":"https:\/\/soledaddurazo.com\/#organization"},"potentialAction":[{"@type":"SearchAction","target":{"@type":"EntryPoint","urlTemplate":"https:\/\/soledaddurazo.com\/?s={search_term_string}"},"query-input":"required name=search_term_string"}],"inLanguage":"es"},{"@type":"ImageObject","@id":"https:\/\/soledaddurazo.com\/blog\/2020\/10\/16\/ya-nacio-la-futura-presidenta-de-la-republica\/#primaryimage","inLanguage":"es","url":"https:\/\/soledaddurazo.com\/storage\/2020\/10\/611CCBEE-51D2-4700-9B95-391F859ACE05.jpeg","contentUrl":"https:\/\/soledaddurazo.com\/storage\/2020\/10\/611CCBEE-51D2-4700-9B95-391F859ACE05.jpeg","width":204,"height":266},{"@type":"WebPage","@id":"https:\/\/soledaddurazo.com\/blog\/2020\/10\/16\/ya-nacio-la-futura-presidenta-de-la-republica\/#webpage","url":"https:\/\/soledaddurazo.com\/blog\/2020\/10\/16\/ya-nacio-la-futura-presidenta-de-la-republica\/","name":"Ya Naci\u00f3 La Futura Presidenta de la Rep\u00fablica - Periodista SoledadDurazo.com","isPartOf":{"@id":"https:\/\/soledaddurazo.com\/#website"},"primaryImageOfPage":{"@id":"https:\/\/soledaddurazo.com\/blog\/2020\/10\/16\/ya-nacio-la-futura-presidenta-de-la-republica\/#primaryimage"},"datePublished":"2020-10-16T07:35:08+00:00","dateModified":"2020-10-16T07:35:08+00:00","breadcrumb":{"@id":"https:\/\/soledaddurazo.com\/blog\/2020\/10\/16\/ya-nacio-la-futura-presidenta-de-la-republica\/#breadcrumb"},"inLanguage":"es","potentialAction":[{"@type":"ReadAction","target":["https:\/\/soledaddurazo.com\/blog\/2020\/10\/16\/ya-nacio-la-futura-presidenta-de-la-republica\/"]}]},{"@type":"BreadcrumbList","@id":"https:\/\/soledaddurazo.com\/blog\/2020\/10\/16\/ya-nacio-la-futura-presidenta-de-la-republica\/#breadcrumb","itemListElement":[{"@type":"ListItem","position":1,"name":"Home","item":"https:\/\/soledaddurazo.com\/"},{"@type":"ListItem","position":2,"name":"Ya Naci\u00f3 La Futura Presidenta de la Rep\u00fablica"}]},{"@type":"Article","@id":"https:\/\/soledaddurazo.com\/blog\/2020\/10\/16\/ya-nacio-la-futura-presidenta-de-la-republica\/#article","isPartOf":{"@id":"https:\/\/soledaddurazo.com\/blog\/2020\/10\/16\/ya-nacio-la-futura-presidenta-de-la-republica\/#webpage"},"author":{"@id":"https:\/\/soledaddurazo.com\/#\/schema\/person\/822d8e13aa288585e6546f179853758b"},"headline":"Ya Naci\u00f3 La Futura Presidenta de la Rep\u00fablica","datePublished":"2020-10-16T07:35:08+00:00","dateModified":"2020-10-16T07:35:08+00:00","mainEntityOfPage":{"@id":"https:\/\/soledaddurazo.com\/blog\/2020\/10\/16\/ya-nacio-la-futura-presidenta-de-la-republica\/#webpage"},"wordCount":1082,"commentCount":0,"publisher":{"@id":"https:\/\/soledaddurazo.com\/#organization"},"image":{"@id":"https:\/\/soledaddurazo.com\/blog\/2020\/10\/16\/ya-nacio-la-futura-presidenta-de-la-republica\/#primaryimage"},"thumbnailUrl":"https:\/\/soledaddurazo.com\/storage\/2020\/10\/611CCBEE-51D2-4700-9B95-391F859ACE05.jpeg","articleSection":["Jorge Herrera"],"inLanguage":"es","potentialAction":[{"@type":"CommentAction","name":"Comment","target":["https:\/\/soledaddurazo.com\/blog\/2020\/10\/16\/ya-nacio-la-futura-presidenta-de-la-republica\/#respond"]}]},{"@type":"Person","@id":"https:\/\/soledaddurazo.com\/#\/schema\/person\/822d8e13aa288585e6546f179853758b","name":"Redacci\u00f3n","image":{"@type":"ImageObject","@id":"https:\/\/soledaddurazo.com\/#personlogo","inLanguage":"es","url":"https:\/\/secure.gravatar.com\/avatar\/c4e193752f756fd61f04deebed3a3a20dc188d37edb53682d313ac57f2725d54?s=96&d=mm&r=g","contentUrl":"https:\/\/secure.gravatar.com\/avatar\/c4e193752f756fd61f04deebed3a3a20dc188d37edb53682d313ac57f2725d54?s=96&d=mm&r=g","caption":"Redacci\u00f3n"},"sameAs":["https:\/\/soledaddurazo.com"]}]}},"_links":{"self":[{"href":"https:\/\/soledaddurazo.com\/api\/wp\/v2\/posts\/3515","targetHints":{"allow":["GET"]}}],"collection":[{"href":"https:\/\/soledaddurazo.com\/api\/wp\/v2\/posts"}],"about":[{"href":"https:\/\/soledaddurazo.com\/api\/wp\/v2\/types\/post"}],"author":[{"embeddable":true,"href":"https:\/\/soledaddurazo.com\/api\/wp\/v2\/users\/1"}],"replies":[{"embeddable":true,"href":"https:\/\/soledaddurazo.com\/api\/wp\/v2\/comments?post=3515"}],"version-history":[{"count":1,"href":"https:\/\/soledaddurazo.com\/api\/wp\/v2\/posts\/3515\/revisions"}],"predecessor-version":[{"id":3518,"href":"https:\/\/soledaddurazo.com\/api\/wp\/v2\/posts\/3515\/revisions\/3518"}],"wp:featuredmedia":[{"embeddable":true,"href":"https:\/\/soledaddurazo.com\/api\/wp\/v2\/media\/3516"}],"wp:attachment":[{"href":"https:\/\/soledaddurazo.com\/api\/wp\/v2\/media?parent=3515"}],"wp:term":[{"taxonomy":"category","embeddable":true,"href":"https:\/\/soledaddurazo.com\/api\/wp\/v2\/categories?post=3515"},{"taxonomy":"post_tag","embeddable":true,"href":"https:\/\/soledaddurazo.com\/api\/wp\/v2\/tags?post=3515"}],"curies":[{"name":"wp","href":"https:\/\/api.w.org\/{rel}","templated":true}]}}