{"id":3502,"date":"2020-10-15T22:12:26","date_gmt":"2020-10-16T05:12:26","guid":{"rendered":"https:\/\/soledaddurazo.com\/?p=3502"},"modified":"2020-10-15T22:12:26","modified_gmt":"2020-10-16T05:12:26","slug":"apoyara-gobernadora-a-ganaderos-con-programa-emergente-por-sequia","status":"publish","type":"post","link":"https:\/\/soledaddurazo.com\/blog\/2020\/10\/15\/apoyara-gobernadora-a-ganaderos-con-programa-emergente-por-sequia\/","title":{"rendered":"Apoyar\u00e1 Gobernadora a ganaderos con programa emergente por sequ\u00eda"},"content":{"rendered":"<p>Para enfrentar la grave situaci\u00f3n de sequ\u00eda que actualmente se vive en Sonora, la gobernadora Claudia Pavlovich Arellano instruy\u00f3 a la Secretar\u00eda de Agricultura, Ganader\u00eda, Recursos, Pesca y Acuacultura (Sagarhpa), destinar recursos a un fideicomiso para que a trav\u00e9s del Programa de Financiamiento de Capital de Trabajo para la Sequ\u00eda 2020, ganaderos sonorenses puedan contar con liquidez y hacer frente a la sequ\u00eda en sus unidades de producci\u00f3n.<\/p>\n<p>Jorge Guzm\u00e1n Nieves, secretario de Sagarhpa, subray\u00f3 que este programa emergente, instruido por la gobernadora Claudia Pavlovich, es derivado de las condiciones climatol\u00f3gicas adversas presentadas en Sonora, y con los cuales podr\u00e1n los rancheros hacer frente la problem\u00e1tica de escases de forrajes que, est\u00e1n provocando condiciones desfavorables para mantener una carga animal que, permita un desarrollo de la actividad para el sustento econ\u00f3mico de muchas familias.<\/p>\n<p>El Programa de Financiamiento de Capital de Trabajo para la Sequ\u00eda 2020 est\u00e1 dirigido a las Asociaciones Ganaderas Locales, legalmente constituidas, cuyas unidades de producci\u00f3n se encuentren en zonas con intensidad de Sequ\u00eda; D1, Sequ\u00eda Moderada; D2, Sequ\u00eda Severa; D3, Sequ\u00eda Extrema y D4, Sequ\u00eda excepcional, de acuerdo al \u00faltimo informe de sequ\u00eda publicado por la Comisi\u00f3n Nacional del Agua (Conagua).<\/p>\n<p>El plazo del cr\u00e9dito ser\u00e1 de ocho meses, la tasa de cero por ciento de inter\u00e9s durante los primeros cuatro meses del cr\u00e9dito, la tasa de inter\u00e9s interbancaria de equilibrio (TIIE), a 28 d\u00edas, m\u00e1s dos puntos a partir del quinto mes.<\/p>\n<p>Las garant\u00edas que se otorgaran para este tipo de cr\u00e9dito ser\u00e1 la misma vaca parida, la cual estar\u00e1 asegurada durante el per\u00edodo del cr\u00e9dito y por el monto del mismo solamente, el monto m\u00e1ximo ser\u00e1 de 2 mil pesos por cabeza, hasta 20 vientres por productor agremiado y finalmente, los requisitos espec\u00edficos podr\u00e1n ser consultados en la p\u00e1gina <a href=\"http:\/\/www.sagarhpa.sonora.gob.mx\/\" target=\"_blank\" rel=\"noopener noreferrer\" data-saferedirecturl=\"https:\/\/www.google.com\/url?q=http:\/\/www.sagarhpa.sonora.gob.mx&amp;source=gmail&amp;ust=1602890544702000&amp;usg=AFQjCNFtM32P9I73xgfjhNrkAazsJ_m3rg\" data-removefontsize=\"true\" data-originalcomputedfontsize=\"13\">www.sagarhpa.sonora.gob.mx<\/a><\/p>\n<p>&#8220;Cabe mencionar que, ante la grave sequ\u00eda que enfrenta la entidad, el Gobierno del Estado solicit\u00f3 ante instancias federales como SADER y Conagua, la declaratoria de emergencia, mismas que respondieron que sus criterios y pol\u00edticas no permiten de momento emitir la declaratoria de desastre para Sonora&#8221;, se\u00f1al\u00f3 Guzm\u00e1n Nieves.<\/p>\n","protected":false},"excerpt":{"rendered":"<p>Para enfrentar la grave situaci\u00f3n de sequ\u00eda que actualmente se vive en Sonora, la gobernadora Claudia Pavlovich Arellano instruy\u00f3 a la Secretar\u00eda de Agricultura, Ganader\u00eda, Recursos, Pesca y Acuacultura (Sagarhpa), destinar recursos a un fideicomiso para que a trav\u00e9s del Programa de Financiamiento de Capital de Trabajo para la Sequ\u00eda 2020, ganaderos sonorenses puedan contar [&hellip;]<\/p>\n","protected":false},"author":1,"featured_media":3503,"comment_status":"open","ping_status":"open","sticky":false,"template":"","format":"standard","meta":{"footnotes":""},"categories":[159],"tags":[],"class_list":["post"],"yoast_head":" \n<title>Apoyar\u00e1 Gobernadora a ganaderos con programa emergente por sequ\u00eda - Periodista SoledadDurazo.com<\/title>\n<meta name=\"robots\" content=\"index, follow, max-snippet:-1, max-image-preview:large, max-video-preview:-1\" \/>\n<link rel=\"canonical\" href=\"https:\/\/soledaddurazo.com\/blog\/2020\/10\/15\/apoyara-gobernadora-a-ganaderos-con-programa-emergente-por-sequia\/\" \/>\n<meta property=\"og:locale\" content=\"es_MX\" \/>\n<meta property=\"og:type\" content=\"article\" \/>\n<meta property=\"og:title\" content=\"Apoyar\u00e1 Gobernadora a ganaderos con programa emergente por sequ\u00eda\" \/>\n<meta property=\"og:description\" content=\"Para enfrentar la grave situaci\u00f3n de sequ\u00eda que actualmente se vive en Sonora, la gobernadora Claudia Pavlovich Arellano instruy\u00f3 a la Secretar\u00eda de Agricultura, Ganader\u00eda, Recursos, Pesca y Acuacultura (Sagarhpa), destinar recursos a un fideicomiso para que a trav\u00e9s del Programa de Financiamiento de Capital de Trabajo para la Sequ\u00eda 2020, ganaderos sonorenses puedan contar [&hellip;]\" \/>\n<meta property=\"og:url\" content=\"https:\/\/soledaddurazo.com\/blog\/2020\/10\/15\/apoyara-gobernadora-a-ganaderos-con-programa-emergente-por-sequia\/\" \/>\n<meta property=\"og:site_name\" content=\"Periodista SoledadDurazo.com\" \/>\n<meta property=\"article:publisher\" content=\"https:\/\/www.facebook.com\/soledad.durazo.9\/\" \/>\n<meta property=\"article:published_time\" content=\"2020-10-16T05:12:26+00:00\" \/>\n<meta property=\"og:image\" content=\"https:\/\/soledaddurazo.com\/storage\/2020\/10\/48F7EED5-6EF0-433F-A3C2-094D7CD1BBCA.jpeg\" \/>\n\t<meta property=\"og:image:width\" content=\"1280\" \/>\n\t<meta property=\"og:image:height\" content=\"851\" \/>\n<meta name=\"twitter:card\" content=\"summary_large_image\" \/>\n<meta name=\"twitter:creator\" content=\"@SoledadDurazo\" \/>\n<meta name=\"twitter:site\" content=\"@SoledadDurazo\" \/>\n<meta name=\"twitter:label1\" content=\"Escrito por\" \/>\n\t<meta name=\"twitter:data1\" content=\"Redacci\u00f3n\" \/>\n\t<meta name=\"twitter:label2\" content=\"Tiempo de lectura\" \/>\n\t<meta name=\"twitter:data2\" content=\"2 minutos\" \/>\n<script type=\"application\/ld+json\" class=\"yoast-schema-graph\">{\"@context\":\"https:\/\/schema.org\",\"@graph\":[{\"@type\":\"Organization\",\"@id\":\"https:\/\/soledaddurazo.com\/#organization\",\"name\":\"Soledad Durazo\",\"url\":\"https:\/\/soledaddurazo.com\/\",\"sameAs\":[\"https:\/\/www.facebook.com\/soledad.durazo.9\/\",\"https:\/\/www.instagram.com\/soledaddurazo\",\"https:\/\/www.youtube.com\/channel\/UC9yGPw8-Vbl_B2XNkRwPS-w\",\"https:\/\/twitter.com\/SoledadDurazo\"],\"logo\":{\"@type\":\"ImageObject\",\"@id\":\"https:\/\/soledaddurazo.com\/#logo\",\"inLanguage\":\"es\",\"url\":\"https:\/\/soledaddurazo.com\/storage\/2021\/11\/nllp-720x375-1-2.png\",\"contentUrl\":\"https:\/\/soledaddurazo.com\/storage\/2021\/11\/nllp-720x375-1-2.png\",\"width\":720,\"height\":375,\"caption\":\"Soledad Durazo\"},\"image\":{\"@id\":\"https:\/\/soledaddurazo.com\/#logo\"}},{\"@type\":\"WebSite\",\"@id\":\"https:\/\/soledaddurazo.com\/#website\",\"url\":\"https:\/\/soledaddurazo.com\/\",\"name\":\"Periodista SoledadDurazo.com\",\"description\":\"Periodista sonorense. Directora de www.SoledadDurazo.com Columnista, conductora de radio y Tv. Catedr\\u00e1tica en la UNISON\",\"publisher\":{\"@id\":\"https:\/\/soledaddurazo.com\/#organization\"},\"potentialAction\":[{\"@type\":\"SearchAction\",\"target\":{\"@type\":\"EntryPoint\",\"urlTemplate\":\"https:\/\/soledaddurazo.com\/?s={search_term_string}\"},\"query-input\":\"required name=search_term_string\"}],\"inLanguage\":\"es\"},{\"@type\":\"ImageObject\",\"@id\":\"https:\/\/soledaddurazo.com\/blog\/2020\/10\/15\/apoyara-gobernadora-a-ganaderos-con-programa-emergente-por-sequia\/#primaryimage\",\"inLanguage\":\"es\",\"url\":\"https:\/\/soledaddurazo.com\/storage\/2020\/10\/48F7EED5-6EF0-433F-A3C2-094D7CD1BBCA.jpeg\",\"contentUrl\":\"https:\/\/soledaddurazo.com\/storage\/2020\/10\/48F7EED5-6EF0-433F-A3C2-094D7CD1BBCA.jpeg\",\"width\":1280,\"height\":851},{\"@type\":\"WebPage\",\"@id\":\"https:\/\/soledaddurazo.com\/blog\/2020\/10\/15\/apoyara-gobernadora-a-ganaderos-con-programa-emergente-por-sequia\/#webpage\",\"url\":\"https:\/\/soledaddurazo.com\/blog\/2020\/10\/15\/apoyara-gobernadora-a-ganaderos-con-programa-emergente-por-sequia\/\",\"name\":\"Apoyar\\u00e1 Gobernadora a ganaderos con programa emergente por sequ\\u00eda - Periodista SoledadDurazo.com\",\"isPartOf\":{\"@id\":\"https:\/\/soledaddurazo.com\/#website\"},\"primaryImageOfPage\":{\"@id\":\"https:\/\/soledaddurazo.com\/blog\/2020\/10\/15\/apoyara-gobernadora-a-ganaderos-con-programa-emergente-por-sequia\/#primaryimage\"},\"datePublished\":\"2020-10-16T05:12:26+00:00\",\"dateModified\":\"2020-10-16T05:12:26+00:00\",\"breadcrumb\":{\"@id\":\"https:\/\/soledaddurazo.com\/blog\/2020\/10\/15\/apoyara-gobernadora-a-ganaderos-con-programa-emergente-por-sequia\/#breadcrumb\"},\"inLanguage\":\"es\",\"potentialAction\":[{\"@type\":\"ReadAction\",\"target\":[\"https:\/\/soledaddurazo.com\/blog\/2020\/10\/15\/apoyara-gobernadora-a-ganaderos-con-programa-emergente-por-sequia\/\"]}]},{\"@type\":\"BreadcrumbList\",\"@id\":\"https:\/\/soledaddurazo.com\/blog\/2020\/10\/15\/apoyara-gobernadora-a-ganaderos-con-programa-emergente-por-sequia\/#breadcrumb\",\"itemListElement\":[{\"@type\":\"ListItem\",\"position\":1,\"name\":\"Home\",\"item\":\"https:\/\/soledaddurazo.com\/\"},{\"@type\":\"ListItem\",\"position\":2,\"name\":\"Apoyar\\u00e1 Gobernadora a ganaderos con programa emergente por sequ\\u00eda\"}]},{\"@type\":\"Article\",\"@id\":\"https:\/\/soledaddurazo.com\/blog\/2020\/10\/15\/apoyara-gobernadora-a-ganaderos-con-programa-emergente-por-sequia\/#article\",\"isPartOf\":{\"@id\":\"https:\/\/soledaddurazo.com\/blog\/2020\/10\/15\/apoyara-gobernadora-a-ganaderos-con-programa-emergente-por-sequia\/#webpage\"},\"author\":{\"@id\":\"https:\/\/soledaddurazo.com\/#\/schema\/person\/822d8e13aa288585e6546f179853758b\"},\"headline\":\"Apoyar\\u00e1 Gobernadora a ganaderos con programa emergente por sequ\\u00eda\",\"datePublished\":\"2020-10-16T05:12:26+00:00\",\"dateModified\":\"2020-10-16T05:12:26+00:00\",\"mainEntityOfPage\":{\"@id\":\"https:\/\/soledaddurazo.com\/blog\/2020\/10\/15\/apoyara-gobernadora-a-ganaderos-con-programa-emergente-por-sequia\/#webpage\"},\"wordCount\":395,\"commentCount\":0,\"publisher\":{\"@id\":\"https:\/\/soledaddurazo.com\/#organization\"},\"image\":{\"@id\":\"https:\/\/soledaddurazo.com\/blog\/2020\/10\/15\/apoyara-gobernadora-a-ganaderos-con-programa-emergente-por-sequia\/#primaryimage\"},\"thumbnailUrl\":\"https:\/\/soledaddurazo.com\/storage\/2020\/10\/48F7EED5-6EF0-433F-A3C2-094D7CD1BBCA.jpeg\",\"articleSection\":[\"Mi Sonora\"],\"inLanguage\":\"es\",\"potentialAction\":[{\"@type\":\"CommentAction\",\"name\":\"Comment\",\"target\":[\"https:\/\/soledaddurazo.com\/blog\/2020\/10\/15\/apoyara-gobernadora-a-ganaderos-con-programa-emergente-por-sequia\/#respond\"]}]},{\"@type\":\"Person\",\"@id\":\"https:\/\/soledaddurazo.com\/#\/schema\/person\/822d8e13aa288585e6546f179853758b\",\"name\":\"Redacci\\u00f3n\",\"image\":{\"@type\":\"ImageObject\",\"@id\":\"https:\/\/soledaddurazo.com\/#personlogo\",\"inLanguage\":\"es\",\"url\":\"https:\/\/secure.gravatar.com\/avatar\/c4e193752f756fd61f04deebed3a3a20dc188d37edb53682d313ac57f2725d54?s=96&d=mm&r=g\",\"contentUrl\":\"https:\/\/secure.gravatar.com\/avatar\/c4e193752f756fd61f04deebed3a3a20dc188d37edb53682d313ac57f2725d54?s=96&d=mm&r=g\",\"caption\":\"Redacci\\u00f3n\"},\"sameAs\":[\"https:\/\/soledaddurazo.com\"]}]}<\/script>\n ","yoast_head_json":{"title":"Apoyar\u00e1 Gobernadora a ganaderos con programa emergente por sequ\u00eda - Periodista SoledadDurazo.com","robots":{"index":"index","follow":"follow","max-snippet":"max-snippet:-1","max-image-preview":"max-image-preview:large","max-video-preview":"max-video-preview:-1"},"canonical":"https:\/\/soledaddurazo.com\/blog\/2020\/10\/15\/apoyara-gobernadora-a-ganaderos-con-programa-emergente-por-sequia\/","og_locale":"es_MX","og_type":"article","og_title":"Apoyar\u00e1 Gobernadora a ganaderos con programa emergente por sequ\u00eda","og_description":"Para enfrentar la grave situaci\u00f3n de sequ\u00eda que actualmente se vive en Sonora, la gobernadora Claudia Pavlovich Arellano instruy\u00f3 a la Secretar\u00eda de Agricultura, Ganader\u00eda, Recursos, Pesca y Acuacultura (Sagarhpa), destinar recursos a un fideicomiso para que a trav\u00e9s del Programa de Financiamiento de Capital de Trabajo para la Sequ\u00eda 2020, ganaderos sonorenses puedan contar [&hellip;]","og_url":"https:\/\/soledaddurazo.com\/blog\/2020\/10\/15\/apoyara-gobernadora-a-ganaderos-con-programa-emergente-por-sequia\/","og_site_name":"Periodista SoledadDurazo.com","article_publisher":"https:\/\/www.facebook.com\/soledad.durazo.9\/","article_published_time":"2020-10-16T05:12:26+00:00","og_image":[{"width":1280,"height":851,"url":"https:\/\/soledaddurazo.com\/storage\/2020\/10\/48F7EED5-6EF0-433F-A3C2-094D7CD1BBCA.jpeg","type":"image\/jpeg"}],"twitter_card":"summary_large_image","twitter_creator":"@SoledadDurazo","twitter_site":"@SoledadDurazo","twitter_misc":{"Escrito por":"Redacci\u00f3n","Tiempo de lectura":"2 minutos"},"schema":{"@context":"https:\/\/schema.org","@graph":[{"@type":"Organization","@id":"https:\/\/soledaddurazo.com\/#organization","name":"Soledad Durazo","url":"https:\/\/soledaddurazo.com\/","sameAs":["https:\/\/www.facebook.com\/soledad.durazo.9\/","https:\/\/www.instagram.com\/soledaddurazo","https:\/\/www.youtube.com\/channel\/UC9yGPw8-Vbl_B2XNkRwPS-w","https:\/\/twitter.com\/SoledadDurazo"],"logo":{"@type":"ImageObject","@id":"https:\/\/soledaddurazo.com\/#logo","inLanguage":"es","url":"https:\/\/soledaddurazo.com\/storage\/2021\/11\/nllp-720x375-1-2.png","contentUrl":"https:\/\/soledaddurazo.com\/storage\/2021\/11\/nllp-720x375-1-2.png","width":720,"height":375,"caption":"Soledad Durazo"},"image":{"@id":"https:\/\/soledaddurazo.com\/#logo"}},{"@type":"WebSite","@id":"https:\/\/soledaddurazo.com\/#website","url":"https:\/\/soledaddurazo.com\/","name":"Periodista SoledadDurazo.com","description":"Periodista sonorense. Directora de www.SoledadDurazo.com Columnista, conductora de radio y Tv. Catedr\u00e1tica en la UNISON","publisher":{"@id":"https:\/\/soledaddurazo.com\/#organization"},"potentialAction":[{"@type":"SearchAction","target":{"@type":"EntryPoint","urlTemplate":"https:\/\/soledaddurazo.com\/?s={search_term_string}"},"query-input":"required name=search_term_string"}],"inLanguage":"es"},{"@type":"ImageObject","@id":"https:\/\/soledaddurazo.com\/blog\/2020\/10\/15\/apoyara-gobernadora-a-ganaderos-con-programa-emergente-por-sequia\/#primaryimage","inLanguage":"es","url":"https:\/\/soledaddurazo.com\/storage\/2020\/10\/48F7EED5-6EF0-433F-A3C2-094D7CD1BBCA.jpeg","contentUrl":"https:\/\/soledaddurazo.com\/storage\/2020\/10\/48F7EED5-6EF0-433F-A3C2-094D7CD1BBCA.jpeg","width":1280,"height":851},{"@type":"WebPage","@id":"https:\/\/soledaddurazo.com\/blog\/2020\/10\/15\/apoyara-gobernadora-a-ganaderos-con-programa-emergente-por-sequia\/#webpage","url":"https:\/\/soledaddurazo.com\/blog\/2020\/10\/15\/apoyara-gobernadora-a-ganaderos-con-programa-emergente-por-sequia\/","name":"Apoyar\u00e1 Gobernadora a ganaderos con programa emergente por sequ\u00eda - Periodista SoledadDurazo.com","isPartOf":{"@id":"https:\/\/soledaddurazo.com\/#website"},"primaryImageOfPage":{"@id":"https:\/\/soledaddurazo.com\/blog\/2020\/10\/15\/apoyara-gobernadora-a-ganaderos-con-programa-emergente-por-sequia\/#primaryimage"},"datePublished":"2020-10-16T05:12:26+00:00","dateModified":"2020-10-16T05:12:26+00:00","breadcrumb":{"@id":"https:\/\/soledaddurazo.com\/blog\/2020\/10\/15\/apoyara-gobernadora-a-ganaderos-con-programa-emergente-por-sequia\/#breadcrumb"},"inLanguage":"es","potentialAction":[{"@type":"ReadAction","target":["https:\/\/soledaddurazo.com\/blog\/2020\/10\/15\/apoyara-gobernadora-a-ganaderos-con-programa-emergente-por-sequia\/"]}]},{"@type":"BreadcrumbList","@id":"https:\/\/soledaddurazo.com\/blog\/2020\/10\/15\/apoyara-gobernadora-a-ganaderos-con-programa-emergente-por-sequia\/#breadcrumb","itemListElement":[{"@type":"ListItem","position":1,"name":"Home","item":"https:\/\/soledaddurazo.com\/"},{"@type":"ListItem","position":2,"name":"Apoyar\u00e1 Gobernadora a ganaderos con programa emergente por sequ\u00eda"}]},{"@type":"Article","@id":"https:\/\/soledaddurazo.com\/blog\/2020\/10\/15\/apoyara-gobernadora-a-ganaderos-con-programa-emergente-por-sequia\/#article","isPartOf":{"@id":"https:\/\/soledaddurazo.com\/blog\/2020\/10\/15\/apoyara-gobernadora-a-ganaderos-con-programa-emergente-por-sequia\/#webpage"},"author":{"@id":"https:\/\/soledaddurazo.com\/#\/schema\/person\/822d8e13aa288585e6546f179853758b"},"headline":"Apoyar\u00e1 Gobernadora a ganaderos con programa emergente por sequ\u00eda","datePublished":"2020-10-16T05:12:26+00:00","dateModified":"2020-10-16T05:12:26+00:00","mainEntityOfPage":{"@id":"https:\/\/soledaddurazo.com\/blog\/2020\/10\/15\/apoyara-gobernadora-a-ganaderos-con-programa-emergente-por-sequia\/#webpage"},"wordCount":395,"commentCount":0,"publisher":{"@id":"https:\/\/soledaddurazo.com\/#organization"},"image":{"@id":"https:\/\/soledaddurazo.com\/blog\/2020\/10\/15\/apoyara-gobernadora-a-ganaderos-con-programa-emergente-por-sequia\/#primaryimage"},"thumbnailUrl":"https:\/\/soledaddurazo.com\/storage\/2020\/10\/48F7EED5-6EF0-433F-A3C2-094D7CD1BBCA.jpeg","articleSection":["Mi Sonora"],"inLanguage":"es","potentialAction":[{"@type":"CommentAction","name":"Comment","target":["https:\/\/soledaddurazo.com\/blog\/2020\/10\/15\/apoyara-gobernadora-a-ganaderos-con-programa-emergente-por-sequia\/#respond"]}]},{"@type":"Person","@id":"https:\/\/soledaddurazo.com\/#\/schema\/person\/822d8e13aa288585e6546f179853758b","name":"Redacci\u00f3n","image":{"@type":"ImageObject","@id":"https:\/\/soledaddurazo.com\/#personlogo","inLanguage":"es","url":"https:\/\/secure.gravatar.com\/avatar\/c4e193752f756fd61f04deebed3a3a20dc188d37edb53682d313ac57f2725d54?s=96&d=mm&r=g","contentUrl":"https:\/\/secure.gravatar.com\/avatar\/c4e193752f756fd61f04deebed3a3a20dc188d37edb53682d313ac57f2725d54?s=96&d=mm&r=g","caption":"Redacci\u00f3n"},"sameAs":["https:\/\/soledaddurazo.com"]}]}},"_links":{"self":[{"href":"https:\/\/soledaddurazo.com\/api\/wp\/v2\/posts\/3502","targetHints":{"allow":["GET"]}}],"collection":[{"href":"https:\/\/soledaddurazo.com\/api\/wp\/v2\/posts"}],"about":[{"href":"https:\/\/soledaddurazo.com\/api\/wp\/v2\/types\/post"}],"author":[{"embeddable":true,"href":"https:\/\/soledaddurazo.com\/api\/wp\/v2\/users\/1"}],"replies":[{"embeddable":true,"href":"https:\/\/soledaddurazo.com\/api\/wp\/v2\/comments?post=3502"}],"version-history":[{"count":1,"href":"https:\/\/soledaddurazo.com\/api\/wp\/v2\/posts\/3502\/revisions"}],"predecessor-version":[{"id":3506,"href":"https:\/\/soledaddurazo.com\/api\/wp\/v2\/posts\/3502\/revisions\/3506"}],"wp:featuredmedia":[{"embeddable":true,"href":"https:\/\/soledaddurazo.com\/api\/wp\/v2\/media\/3503"}],"wp:attachment":[{"href":"https:\/\/soledaddurazo.com\/api\/wp\/v2\/media?parent=3502"}],"wp:term":[{"taxonomy":"category","embeddable":true,"href":"https:\/\/soledaddurazo.com\/api\/wp\/v2\/categories?post=3502"},{"taxonomy":"post_tag","embeddable":true,"href":"https:\/\/soledaddurazo.com\/api\/wp\/v2\/tags?post=3502"}],"curies":[{"name":"wp","href":"https:\/\/api.w.org\/{rel}","templated":true}]}}