{"id":3485,"date":"2020-10-15T01:42:03","date_gmt":"2020-10-15T08:42:03","guid":{"rendered":"https:\/\/soledaddurazo.com\/?p=3485"},"modified":"2020-10-15T01:42:03","modified_gmt":"2020-10-15T08:42:03","slug":"inversion-historica-de-62-mdp-para-miguel-aleman","status":"publish","type":"post","link":"https:\/\/soledaddurazo.com\/blog\/2020\/10\/15\/inversion-historica-de-62-mdp-para-miguel-aleman\/","title":{"rendered":"Inversio\u0301n histo\u0301rica de 62 mdp para Miguel Alema\u0301n"},"content":{"rendered":"<p>\u201cEn esta tierra se produce much\u00edsima riqueza, much\u00edsimos productos para consumo nacional y para importaci\u00f3n, y en esta comunidad es hora de que todos trabajemos para dignificar la vida de miles de familias\u201d, afirm\u00f3 la alcaldesa Celida L\u00f3pez C\u00e1rdenas, durante la gira de trabajo en la que anunci\u00f3 inversiones en obra p\u00fablica que suman m\u00e1s de 62 millones de pesos en Miguel Alem\u00e1n.<br \/>\n<b><\/b><\/p>\n<p>La Presidenta Municipal inici\u00f3 la jornada con el arranque de la construcci\u00f3n de la primera planta de tratamiento de aguas negras en esta poblaci\u00f3n, en la que se invertir\u00e1n 35 millones de pesos del Fondo de Aportaciones para la Infraestructura Social (FAIS), por lo que agradeci\u00f3 al Presidente de M\u00e9xico Andr\u00e9s Manuel L\u00f3pez Obrador por su apoyo con recursos federales para el Municipio.<\/p>\n<p>\u201cEl ver a los ni\u00f1os brincando en los charcos de aguas negras de drenaje que est\u00e1 colapsado ah\u00ed enfrente de sus casas fue muy doloroso, ver cuando llueve como se mezcla la lluvia con el agua de drenaje, las aguas negras, realmente fue algo que marc\u00f3 mi coraz\u00f3n y desde all\u00ed atesor\u00e9 una preocupaci\u00f3n muy grande\u201d, relat\u00f3.<\/p>\n<p>Desde el terreno de 4.2 hect\u00e1reas donde arrancaron los primeros trabajos de la obra, la Alcaldesa Celida L\u00f3pez C\u00e1rdenas comparti\u00f3 con un mensaje en redes sociales la inversi\u00f3n millonaria que har\u00e1 posible que los residentes de esta comunidad vivan en mejores condiciones.<\/p>\n<p>\u201cVamos a poder tener aqu\u00ed nuestra primera planta tratadora, con una tecnolog\u00eda de vanguardia, y una posibilidad real de presumir en todo el estado porque tambi\u00e9n va con una tecnolog\u00eda de fotoceldas que nos van a ahorrar much\u00edsimo en el costo de operaci\u00f3n\u201d.<\/p>\n<p>\u201cSue\u00f1o con llegar a Miguel Alem\u00e1n y no ver a ning\u00fan ni\u00f1o brincando en ning\u00fan charco (de aguas negras), esto es un reflejo del olvido de muchas administraciones, \u00a1no puede ser que nuestros ni\u00f1os brinquen en aguas negras!, vamos a seguir invirtiendo, el pr\u00f3ximo a\u00f1o tenemos que invertir un poco m\u00e1s de 15 millones de pesos para tener todas las l\u00edneas de drenaje\u201d, expres\u00f3.<\/p>\n<p>Jos\u00e9 Carrillo Atondo, Coordinador de Infraestructura, Desarrollo Urbano y Ecolog\u00eda (CIDUE), inform\u00f3 que los trabajos se desarrollar\u00e1n durante todo octubre, noviembre y diciembre de 2020, para entrar en fase de pruebas operativas en enero de 2021 y en funcionamiento normal en los primeros meses de ese a\u00f1o.<\/p>\n<p><b>Obras de pavimentaci\u00f3n y vivienda<\/b><br \/>\n<b><\/b><\/p>\n<p>En la jornada de trabajo de este mi\u00e9rcoles, la alcaldesa Celida L\u00f3pez anunci\u00f3 tambi\u00e9n la pavimentaci\u00f3n con carpeta asf\u00e1ltica de 4 de las vialidades m\u00e1s importantes de esta comunidad rural hermosillense, con una inversi\u00f3n en total de 20 millones 116 mil 571 pesos, as\u00ed como 85 acciones de mejoramiento de vivienda por 7.4 millones de pesos.<\/p>\n<p>Se trata de las avenidas Nicol\u00e1s Bravo, entre Diana Laura Riojas y Las Granjas; Josefa Ortiz de Dom\u00ednguez, entre Diana Laura Riojas y Las Palmas; Vicente Guerrero, entre Diana Rojas y Las Palmas y Libertadores, entre Josefa Ortiz de Dom\u00ednguez y Vicente Guerrero, todas con rehabilitaci\u00f3n de la infraestructura subterr\u00e1nea de agua y drenaje, as\u00ed como sus correspondientes guarniciones y banquetas.<\/p>\n","protected":false},"excerpt":{"rendered":"<p>\u201cEn esta tierra se produce much\u00edsima riqueza, much\u00edsimos productos para consumo nacional y para importaci\u00f3n, y en esta comunidad es hora de que todos trabajemos para dignificar la vida de miles de familias\u201d, afirm\u00f3 la alcaldesa Celida L\u00f3pez C\u00e1rdenas, durante la gira de trabajo en la que anunci\u00f3 inversiones en obra p\u00fablica que suman m\u00e1s [&hellip;]<\/p>\n","protected":false},"author":1,"featured_media":3486,"comment_status":"open","ping_status":"open","sticky":false,"template":"","format":"standard","meta":{"footnotes":""},"categories":[159],"tags":[],"class_list":["post"],"yoast_head":" \n<title>Inversio\u0301n histo\u0301rica de 62 mdp para Miguel Alema\u0301n - Periodista SoledadDurazo.com<\/title>\n<meta name=\"robots\" content=\"index, follow, max-snippet:-1, max-image-preview:large, max-video-preview:-1\" \/>\n<link rel=\"canonical\" href=\"https:\/\/soledaddurazo.com\/blog\/2020\/10\/15\/inversion-historica-de-62-mdp-para-miguel-aleman\/\" \/>\n<meta property=\"og:locale\" content=\"es_MX\" \/>\n<meta property=\"og:type\" content=\"article\" \/>\n<meta property=\"og:title\" content=\"Inversio\u0301n histo\u0301rica de 62 mdp para Miguel Alema\u0301n\" \/>\n<meta property=\"og:description\" content=\"\u201cEn esta tierra se produce much\u00edsima riqueza, much\u00edsimos productos para consumo nacional y para importaci\u00f3n, y en esta comunidad es hora de que todos trabajemos para dignificar la vida de miles de familias\u201d, afirm\u00f3 la alcaldesa Celida L\u00f3pez C\u00e1rdenas, durante la gira de trabajo en la que anunci\u00f3 inversiones en obra p\u00fablica que suman m\u00e1s [&hellip;]\" \/>\n<meta property=\"og:url\" content=\"https:\/\/soledaddurazo.com\/blog\/2020\/10\/15\/inversion-historica-de-62-mdp-para-miguel-aleman\/\" \/>\n<meta property=\"og:site_name\" content=\"Periodista SoledadDurazo.com\" \/>\n<meta property=\"article:publisher\" content=\"https:\/\/www.facebook.com\/soledad.durazo.9\/\" \/>\n<meta property=\"article:published_time\" content=\"2020-10-15T08:42:03+00:00\" \/>\n<meta property=\"og:image\" content=\"https:\/\/soledaddurazo.com\/storage\/2020\/10\/CLC-PMA3.jpeg\" \/>\n\t<meta property=\"og:image:width\" content=\"1280\" \/>\n\t<meta property=\"og:image:height\" content=\"852\" \/>\n<meta name=\"twitter:card\" content=\"summary_large_image\" \/>\n<meta name=\"twitter:creator\" content=\"@SoledadDurazo\" \/>\n<meta name=\"twitter:site\" content=\"@SoledadDurazo\" \/>\n<meta name=\"twitter:label1\" content=\"Escrito por\" \/>\n\t<meta name=\"twitter:data1\" content=\"Redacci\u00f3n\" \/>\n\t<meta name=\"twitter:label2\" content=\"Tiempo de lectura\" \/>\n\t<meta name=\"twitter:data2\" content=\"3 minutos\" \/>\n<script type=\"application\/ld+json\" class=\"yoast-schema-graph\">{\"@context\":\"https:\/\/schema.org\",\"@graph\":[{\"@type\":\"Organization\",\"@id\":\"https:\/\/soledaddurazo.com\/#organization\",\"name\":\"Soledad Durazo\",\"url\":\"https:\/\/soledaddurazo.com\/\",\"sameAs\":[\"https:\/\/www.facebook.com\/soledad.durazo.9\/\",\"https:\/\/www.instagram.com\/soledaddurazo\",\"https:\/\/www.youtube.com\/channel\/UC9yGPw8-Vbl_B2XNkRwPS-w\",\"https:\/\/twitter.com\/SoledadDurazo\"],\"logo\":{\"@type\":\"ImageObject\",\"@id\":\"https:\/\/soledaddurazo.com\/#logo\",\"inLanguage\":\"es\",\"url\":\"https:\/\/soledaddurazo.com\/storage\/2021\/11\/nllp-720x375-1-2.png\",\"contentUrl\":\"https:\/\/soledaddurazo.com\/storage\/2021\/11\/nllp-720x375-1-2.png\",\"width\":720,\"height\":375,\"caption\":\"Soledad Durazo\"},\"image\":{\"@id\":\"https:\/\/soledaddurazo.com\/#logo\"}},{\"@type\":\"WebSite\",\"@id\":\"https:\/\/soledaddurazo.com\/#website\",\"url\":\"https:\/\/soledaddurazo.com\/\",\"name\":\"Periodista SoledadDurazo.com\",\"description\":\"Periodista sonorense. Directora de www.SoledadDurazo.com Columnista, conductora de radio y Tv. Catedr\\u00e1tica en la UNISON\",\"publisher\":{\"@id\":\"https:\/\/soledaddurazo.com\/#organization\"},\"potentialAction\":[{\"@type\":\"SearchAction\",\"target\":{\"@type\":\"EntryPoint\",\"urlTemplate\":\"https:\/\/soledaddurazo.com\/?s={search_term_string}\"},\"query-input\":\"required name=search_term_string\"}],\"inLanguage\":\"es\"},{\"@type\":\"ImageObject\",\"@id\":\"https:\/\/soledaddurazo.com\/blog\/2020\/10\/15\/inversion-historica-de-62-mdp-para-miguel-aleman\/#primaryimage\",\"inLanguage\":\"es\",\"url\":\"https:\/\/soledaddurazo.com\/storage\/2020\/10\/CLC-PMA3.jpeg\",\"contentUrl\":\"https:\/\/soledaddurazo.com\/storage\/2020\/10\/CLC-PMA3.jpeg\",\"width\":1280,\"height\":852},{\"@type\":\"WebPage\",\"@id\":\"https:\/\/soledaddurazo.com\/blog\/2020\/10\/15\/inversion-historica-de-62-mdp-para-miguel-aleman\/#webpage\",\"url\":\"https:\/\/soledaddurazo.com\/blog\/2020\/10\/15\/inversion-historica-de-62-mdp-para-miguel-aleman\/\",\"name\":\"Inversio\\u0301n histo\\u0301rica de 62 mdp para Miguel Alema\\u0301n - Periodista SoledadDurazo.com\",\"isPartOf\":{\"@id\":\"https:\/\/soledaddurazo.com\/#website\"},\"primaryImageOfPage\":{\"@id\":\"https:\/\/soledaddurazo.com\/blog\/2020\/10\/15\/inversion-historica-de-62-mdp-para-miguel-aleman\/#primaryimage\"},\"datePublished\":\"2020-10-15T08:42:03+00:00\",\"dateModified\":\"2020-10-15T08:42:03+00:00\",\"breadcrumb\":{\"@id\":\"https:\/\/soledaddurazo.com\/blog\/2020\/10\/15\/inversion-historica-de-62-mdp-para-miguel-aleman\/#breadcrumb\"},\"inLanguage\":\"es\",\"potentialAction\":[{\"@type\":\"ReadAction\",\"target\":[\"https:\/\/soledaddurazo.com\/blog\/2020\/10\/15\/inversion-historica-de-62-mdp-para-miguel-aleman\/\"]}]},{\"@type\":\"BreadcrumbList\",\"@id\":\"https:\/\/soledaddurazo.com\/blog\/2020\/10\/15\/inversion-historica-de-62-mdp-para-miguel-aleman\/#breadcrumb\",\"itemListElement\":[{\"@type\":\"ListItem\",\"position\":1,\"name\":\"Home\",\"item\":\"https:\/\/soledaddurazo.com\/\"},{\"@type\":\"ListItem\",\"position\":2,\"name\":\"Inversio\\u0301n histo\\u0301rica de 62 mdp para Miguel Alema\\u0301n\"}]},{\"@type\":\"Article\",\"@id\":\"https:\/\/soledaddurazo.com\/blog\/2020\/10\/15\/inversion-historica-de-62-mdp-para-miguel-aleman\/#article\",\"isPartOf\":{\"@id\":\"https:\/\/soledaddurazo.com\/blog\/2020\/10\/15\/inversion-historica-de-62-mdp-para-miguel-aleman\/#webpage\"},\"author\":{\"@id\":\"https:\/\/soledaddurazo.com\/#\/schema\/person\/822d8e13aa288585e6546f179853758b\"},\"headline\":\"Inversio\\u0301n histo\\u0301rica de 62 mdp para Miguel Alema\\u0301n\",\"datePublished\":\"2020-10-15T08:42:03+00:00\",\"dateModified\":\"2020-10-15T08:42:03+00:00\",\"mainEntityOfPage\":{\"@id\":\"https:\/\/soledaddurazo.com\/blog\/2020\/10\/15\/inversion-historica-de-62-mdp-para-miguel-aleman\/#webpage\"},\"wordCount\":551,\"commentCount\":0,\"publisher\":{\"@id\":\"https:\/\/soledaddurazo.com\/#organization\"},\"image\":{\"@id\":\"https:\/\/soledaddurazo.com\/blog\/2020\/10\/15\/inversion-historica-de-62-mdp-para-miguel-aleman\/#primaryimage\"},\"thumbnailUrl\":\"https:\/\/soledaddurazo.com\/storage\/2020\/10\/CLC-PMA3.jpeg\",\"articleSection\":[\"Mi Sonora\"],\"inLanguage\":\"es\",\"potentialAction\":[{\"@type\":\"CommentAction\",\"name\":\"Comment\",\"target\":[\"https:\/\/soledaddurazo.com\/blog\/2020\/10\/15\/inversion-historica-de-62-mdp-para-miguel-aleman\/#respond\"]}]},{\"@type\":\"Person\",\"@id\":\"https:\/\/soledaddurazo.com\/#\/schema\/person\/822d8e13aa288585e6546f179853758b\",\"name\":\"Redacci\\u00f3n\",\"image\":{\"@type\":\"ImageObject\",\"@id\":\"https:\/\/soledaddurazo.com\/#personlogo\",\"inLanguage\":\"es\",\"url\":\"https:\/\/secure.gravatar.com\/avatar\/c4e193752f756fd61f04deebed3a3a20dc188d37edb53682d313ac57f2725d54?s=96&d=mm&r=g\",\"contentUrl\":\"https:\/\/secure.gravatar.com\/avatar\/c4e193752f756fd61f04deebed3a3a20dc188d37edb53682d313ac57f2725d54?s=96&d=mm&r=g\",\"caption\":\"Redacci\\u00f3n\"},\"sameAs\":[\"https:\/\/soledaddurazo.com\"]}]}<\/script>\n ","yoast_head_json":{"title":"Inversio\u0301n histo\u0301rica de 62 mdp para Miguel Alema\u0301n - Periodista SoledadDurazo.com","robots":{"index":"index","follow":"follow","max-snippet":"max-snippet:-1","max-image-preview":"max-image-preview:large","max-video-preview":"max-video-preview:-1"},"canonical":"https:\/\/soledaddurazo.com\/blog\/2020\/10\/15\/inversion-historica-de-62-mdp-para-miguel-aleman\/","og_locale":"es_MX","og_type":"article","og_title":"Inversio\u0301n histo\u0301rica de 62 mdp para Miguel Alema\u0301n","og_description":"\u201cEn esta tierra se produce much\u00edsima riqueza, much\u00edsimos productos para consumo nacional y para importaci\u00f3n, y en esta comunidad es hora de que todos trabajemos para dignificar la vida de miles de familias\u201d, afirm\u00f3 la alcaldesa Celida L\u00f3pez C\u00e1rdenas, durante la gira de trabajo en la que anunci\u00f3 inversiones en obra p\u00fablica que suman m\u00e1s [&hellip;]","og_url":"https:\/\/soledaddurazo.com\/blog\/2020\/10\/15\/inversion-historica-de-62-mdp-para-miguel-aleman\/","og_site_name":"Periodista SoledadDurazo.com","article_publisher":"https:\/\/www.facebook.com\/soledad.durazo.9\/","article_published_time":"2020-10-15T08:42:03+00:00","og_image":[{"width":1280,"height":852,"url":"https:\/\/soledaddurazo.com\/storage\/2020\/10\/CLC-PMA3.jpeg","type":"image\/jpeg"}],"twitter_card":"summary_large_image","twitter_creator":"@SoledadDurazo","twitter_site":"@SoledadDurazo","twitter_misc":{"Escrito por":"Redacci\u00f3n","Tiempo de lectura":"3 minutos"},"schema":{"@context":"https:\/\/schema.org","@graph":[{"@type":"Organization","@id":"https:\/\/soledaddurazo.com\/#organization","name":"Soledad Durazo","url":"https:\/\/soledaddurazo.com\/","sameAs":["https:\/\/www.facebook.com\/soledad.durazo.9\/","https:\/\/www.instagram.com\/soledaddurazo","https:\/\/www.youtube.com\/channel\/UC9yGPw8-Vbl_B2XNkRwPS-w","https:\/\/twitter.com\/SoledadDurazo"],"logo":{"@type":"ImageObject","@id":"https:\/\/soledaddurazo.com\/#logo","inLanguage":"es","url":"https:\/\/soledaddurazo.com\/storage\/2021\/11\/nllp-720x375-1-2.png","contentUrl":"https:\/\/soledaddurazo.com\/storage\/2021\/11\/nllp-720x375-1-2.png","width":720,"height":375,"caption":"Soledad Durazo"},"image":{"@id":"https:\/\/soledaddurazo.com\/#logo"}},{"@type":"WebSite","@id":"https:\/\/soledaddurazo.com\/#website","url":"https:\/\/soledaddurazo.com\/","name":"Periodista SoledadDurazo.com","description":"Periodista sonorense. Directora de www.SoledadDurazo.com Columnista, conductora de radio y Tv. Catedr\u00e1tica en la UNISON","publisher":{"@id":"https:\/\/soledaddurazo.com\/#organization"},"potentialAction":[{"@type":"SearchAction","target":{"@type":"EntryPoint","urlTemplate":"https:\/\/soledaddurazo.com\/?s={search_term_string}"},"query-input":"required name=search_term_string"}],"inLanguage":"es"},{"@type":"ImageObject","@id":"https:\/\/soledaddurazo.com\/blog\/2020\/10\/15\/inversion-historica-de-62-mdp-para-miguel-aleman\/#primaryimage","inLanguage":"es","url":"https:\/\/soledaddurazo.com\/storage\/2020\/10\/CLC-PMA3.jpeg","contentUrl":"https:\/\/soledaddurazo.com\/storage\/2020\/10\/CLC-PMA3.jpeg","width":1280,"height":852},{"@type":"WebPage","@id":"https:\/\/soledaddurazo.com\/blog\/2020\/10\/15\/inversion-historica-de-62-mdp-para-miguel-aleman\/#webpage","url":"https:\/\/soledaddurazo.com\/blog\/2020\/10\/15\/inversion-historica-de-62-mdp-para-miguel-aleman\/","name":"Inversio\u0301n histo\u0301rica de 62 mdp para Miguel Alema\u0301n - Periodista SoledadDurazo.com","isPartOf":{"@id":"https:\/\/soledaddurazo.com\/#website"},"primaryImageOfPage":{"@id":"https:\/\/soledaddurazo.com\/blog\/2020\/10\/15\/inversion-historica-de-62-mdp-para-miguel-aleman\/#primaryimage"},"datePublished":"2020-10-15T08:42:03+00:00","dateModified":"2020-10-15T08:42:03+00:00","breadcrumb":{"@id":"https:\/\/soledaddurazo.com\/blog\/2020\/10\/15\/inversion-historica-de-62-mdp-para-miguel-aleman\/#breadcrumb"},"inLanguage":"es","potentialAction":[{"@type":"ReadAction","target":["https:\/\/soledaddurazo.com\/blog\/2020\/10\/15\/inversion-historica-de-62-mdp-para-miguel-aleman\/"]}]},{"@type":"BreadcrumbList","@id":"https:\/\/soledaddurazo.com\/blog\/2020\/10\/15\/inversion-historica-de-62-mdp-para-miguel-aleman\/#breadcrumb","itemListElement":[{"@type":"ListItem","position":1,"name":"Home","item":"https:\/\/soledaddurazo.com\/"},{"@type":"ListItem","position":2,"name":"Inversio\u0301n histo\u0301rica de 62 mdp para Miguel Alema\u0301n"}]},{"@type":"Article","@id":"https:\/\/soledaddurazo.com\/blog\/2020\/10\/15\/inversion-historica-de-62-mdp-para-miguel-aleman\/#article","isPartOf":{"@id":"https:\/\/soledaddurazo.com\/blog\/2020\/10\/15\/inversion-historica-de-62-mdp-para-miguel-aleman\/#webpage"},"author":{"@id":"https:\/\/soledaddurazo.com\/#\/schema\/person\/822d8e13aa288585e6546f179853758b"},"headline":"Inversio\u0301n histo\u0301rica de 62 mdp para Miguel Alema\u0301n","datePublished":"2020-10-15T08:42:03+00:00","dateModified":"2020-10-15T08:42:03+00:00","mainEntityOfPage":{"@id":"https:\/\/soledaddurazo.com\/blog\/2020\/10\/15\/inversion-historica-de-62-mdp-para-miguel-aleman\/#webpage"},"wordCount":551,"commentCount":0,"publisher":{"@id":"https:\/\/soledaddurazo.com\/#organization"},"image":{"@id":"https:\/\/soledaddurazo.com\/blog\/2020\/10\/15\/inversion-historica-de-62-mdp-para-miguel-aleman\/#primaryimage"},"thumbnailUrl":"https:\/\/soledaddurazo.com\/storage\/2020\/10\/CLC-PMA3.jpeg","articleSection":["Mi Sonora"],"inLanguage":"es","potentialAction":[{"@type":"CommentAction","name":"Comment","target":["https:\/\/soledaddurazo.com\/blog\/2020\/10\/15\/inversion-historica-de-62-mdp-para-miguel-aleman\/#respond"]}]},{"@type":"Person","@id":"https:\/\/soledaddurazo.com\/#\/schema\/person\/822d8e13aa288585e6546f179853758b","name":"Redacci\u00f3n","image":{"@type":"ImageObject","@id":"https:\/\/soledaddurazo.com\/#personlogo","inLanguage":"es","url":"https:\/\/secure.gravatar.com\/avatar\/c4e193752f756fd61f04deebed3a3a20dc188d37edb53682d313ac57f2725d54?s=96&d=mm&r=g","contentUrl":"https:\/\/secure.gravatar.com\/avatar\/c4e193752f756fd61f04deebed3a3a20dc188d37edb53682d313ac57f2725d54?s=96&d=mm&r=g","caption":"Redacci\u00f3n"},"sameAs":["https:\/\/soledaddurazo.com"]}]}},"_links":{"self":[{"href":"https:\/\/soledaddurazo.com\/api\/wp\/v2\/posts\/3485","targetHints":{"allow":["GET"]}}],"collection":[{"href":"https:\/\/soledaddurazo.com\/api\/wp\/v2\/posts"}],"about":[{"href":"https:\/\/soledaddurazo.com\/api\/wp\/v2\/types\/post"}],"author":[{"embeddable":true,"href":"https:\/\/soledaddurazo.com\/api\/wp\/v2\/users\/1"}],"replies":[{"embeddable":true,"href":"https:\/\/soledaddurazo.com\/api\/wp\/v2\/comments?post=3485"}],"version-history":[{"count":1,"href":"https:\/\/soledaddurazo.com\/api\/wp\/v2\/posts\/3485\/revisions"}],"predecessor-version":[{"id":3487,"href":"https:\/\/soledaddurazo.com\/api\/wp\/v2\/posts\/3485\/revisions\/3487"}],"wp:featuredmedia":[{"embeddable":true,"href":"https:\/\/soledaddurazo.com\/api\/wp\/v2\/media\/3486"}],"wp:attachment":[{"href":"https:\/\/soledaddurazo.com\/api\/wp\/v2\/media?parent=3485"}],"wp:term":[{"taxonomy":"category","embeddable":true,"href":"https:\/\/soledaddurazo.com\/api\/wp\/v2\/categories?post=3485"},{"taxonomy":"post_tag","embeddable":true,"href":"https:\/\/soledaddurazo.com\/api\/wp\/v2\/tags?post=3485"}],"curies":[{"name":"wp","href":"https:\/\/api.w.org\/{rel}","templated":true}]}}