{"id":2955,"date":"2020-09-28T00:03:00","date_gmt":"2020-09-28T07:03:00","guid":{"rendered":"https:\/\/soledaddurazo.com\/?p=2955"},"modified":"2020-09-28T00:03:00","modified_gmt":"2020-09-28T07:03:00","slug":"realizan-reunion-con-especialistas-para-conocer-opiniones-sobre-dictamen-de-ley-olimpia","status":"publish","type":"post","link":"https:\/\/soledaddurazo.com\/blog\/2020\/09\/28\/realizan-reunion-con-especialistas-para-conocer-opiniones-sobre-dictamen-de-ley-olimpia\/","title":{"rendered":"Realizan reuni\u00f3n con especialistas para conocer opiniones sobre dictamen de \u201cLey Olimpia\u201d"},"content":{"rendered":"<p><span style=\"font-size: large;\">Los integrantes de las comisiones de Justicia y Derechos Humanos, y para la Igualdad de G\u00e9nero, llevaron a cabo una reuni\u00f3n virtual con especialistas y personal t\u00e9cnico de diversas dependencias, para conocer sus opiniones en relaci\u00f3n al dictamen de la \u201cLey Olimpia\u201d, como acordaron los legisladores el pasado 23 de septiembre.<\/span><\/p>\n<p><span style=\"font-size: large;\">\u00a0<\/span><\/p>\n<p><span style=\"font-size: large;\">Esta convocatoria fue atendida por los enlaces designados por las dependencias invitadas. Por el Poder Ejecutivo participaron el procurador para la protecci\u00f3n de ni\u00f1as, ni\u00f1os y adolescentes, Wenceslao Cota Amador; la directora del Instituto Sonorense de las Mujeres, Blanca Luz Salda\u00f1a L\u00f3pez; y el subsecretario de la Consejer\u00eda Jur\u00eddica, H\u00e9ctor D\u00edaz Hern\u00e1ndez.<\/span><\/p>\n<p><span style=\"font-size: large;\">\u00a0<\/span><\/p>\n<p><span style=\"font-size: large;\">Por el Poder Judicial, el presidente del Supremo Tribunal de Justicia, Francisco Guti\u00e9rrez Rodr\u00edguez, design\u00f3 a Luis Fabi\u00e1n Ram\u00edrez Mendoza; la Fiscal General de Justicia del Estado, Claudia Indira Contreras C\u00f3rdova, design\u00f3 a Magdalena Souza Sorovilla y David Siqueiros Nieblas; y por la Barra Mexicana Colegio de Abogados, A.C. Cap\u00edtulo Sonora, particip\u00f3 su presidente, Germ\u00e1n Guill\u00e9n L\u00f3pez.<\/span><\/p>\n<p><span style=\"font-size: large;\">\u00a0<\/span><\/p>\n<p><span style=\"font-size: large;\">El diputado Eduardo Urbina Lucero inform\u00f3 que en cumplimiento a lo acordado en la reuni\u00f3n de las comisiones del pasado 23 de septiembre se giraron las invitaciones con el af\u00e1n de escuchar a los involucrados en la aplicaci\u00f3n de la norma y que los diputados pudieran hacer preguntas para aclarar las dudas con relaci\u00f3n al proyecto, especialmente en lo relativo a las reformas al C\u00f3digo Penal para el Estado de Sonora.<\/span><\/p>\n<p><span style=\"font-size: large;\">\u00a0<\/span><\/p>\n<p><span style=\"font-size: large;\">Agreg\u00f3 que solo la Barra Sonorense de Abogados no respondi\u00f3 el oficio que se le gir\u00f3 para solicitar la participaci\u00f3n de alg\u00fan representante. A la reuni\u00f3n se uni\u00f3 el director del Instituto Sonorense de la Juventud, Francisco Javier Rogel L\u00f3pez.<\/span><\/p>\n<p><span style=\"font-size: large;\">\u00a0<\/span><\/p>\n<p><span style=\"font-size: large;\">Durante la reuni\u00f3n se hicieron planteamientos en el sentido de que actualmente en Sonora la violencia digital no est\u00e1 incluida como categor\u00eda dentro de la Ley de Acceso de las Mujeres a una Vida Libre de Violencia, por lo que urge su inclusi\u00f3n ya que la entidad est\u00e1 por encima de la media nacional en incidencia de lo que tambi\u00e9n se conoce como\u00a0<i>ciberacoso.<\/i><\/span><\/p>\n<p><span style=\"font-size: large;\">\u00a0<\/span><\/p>\n<p><span style=\"font-size: large;\">Los expositores coincidieron que tipificar en el C\u00f3digo Penal el delito de violaci\u00f3n a la intimidad representa una protecci\u00f3n m\u00e1s amplia para las mujeres, ya que abarcar\u00eda la violaci\u00f3n a la intimidad sexual, que es lo que las colectivas feministas proponen quede establecido en la legislaci\u00f3n punitiva de Sonora.<\/span><\/p>\n<p><span style=\"font-size: large;\">\u00a0<\/span><\/p>\n<p><span style=\"font-size: large;\">Tambi\u00e9n se dio a conocer que la Ley General para la protecci\u00f3n de ni\u00f1as, ni\u00f1os y adolescentes prev\u00e9 como un derecho humano el derecho a la intimidad, donde establece un m\u00e1ximo campo de protecci\u00f3n, lo que significa que no pueden ser objeto de injerencias arbitrarias por ning\u00fan medio ni electr\u00f3nico, ni impreso que puedan vulnerar su intimidad personal y familiar.<\/span><\/p>\n<p><span style=\"font-size: large;\">\u00a0<\/span><\/p>\n<p><span style=\"font-size: large;\">Al no estar tipificada la violencia digital, quienes defienden a las mujeres ven complicado encuadrar el delito y esto propicia ir y venir con ellas ante el\u00a0\u00a0Ministerio P\u00fablico, fue otro de los planteamientos, por lo que es imperativo tener la legislaci\u00f3n, por estar Sonora, con 19 por ciento de incidencia, por encima de la media nacional, que es de 17 por ciento.<\/span><\/p>\n<p><span style=\"font-size: large;\">\u00a0<\/span><\/p>\n<p><span style=\"font-size: large;\">Una de las prioridades es atender al inter\u00e9s superior de la ni\u00f1ez, se dijo, por lo que el proyecto de decreto que reforma el C\u00f3digo Penal, el C\u00f3digo Civil, la Ley Estatal de Responsabilidades y la Ley de Acceso de las Mujeres a una Vida Libre de Violencia para el Estado de Sonora, contribuye a proteger y prevenir que se cometan conductas como la violencia digital.<\/span><\/p>\n<p><span style=\"font-size: large;\">\u00a0<\/span><\/p>\n<p><span style=\"font-size: large;\">Los participantes destacaron la propuesta de la titular del Poder Ejecutivo en aspectos como: ampl\u00eda la protecci\u00f3n sobre la intimidad personal y sexual de las v\u00edctimas del\u00a0<i>ciberacoso<\/i>, para que el tipo penal tenga operatividad y se pueda aplicar; dota de mayor protecci\u00f3n al bien protegido tutelado; protege no solo en lo relativo a acoso digital sino aquello que perjudique la intimidad personal y cualquier derecho humano que sea vulnerado.<\/span><\/p>\n<p><span style=\"font-size: large;\">\u00a0<\/span><\/p>\n<p><span style=\"font-size: large;\">Los participantes coincidieron en la importancia de contar con leyes certeras y tajantes en los tipos penales, para lo cual el tipo penal que se refiere a la intimidad pueda aterrizar de manera sencilla al momento de aplicar justicia, y que ni\u00f1as, mujeres y dem\u00e1s personas que sean afectadas, puedan contar con protecci\u00f3n personal.<\/span><\/p>\n<p><span style=\"font-size: large;\">\u00a0<\/span><\/p>\n<p><span style=\"font-size: large;\">El\u00a0<span class=\"il\">Congreso<\/span>\u00a0del Estado tiene la oportunidad hist\u00f3rica de dotar de herramientas de protecci\u00f3n que son urgentes y necesarias, ya que la tecnolog\u00eda y los modus operandi avanzan r\u00e1pidamente, adem\u00e1s de que mientras m\u00e1s amplia sea dicha protecci\u00f3n, mejor ser\u00e1 para las mujeres de Sonora que pudieran verse afectadas por la violencia digital, se plante\u00f3 en la reuni\u00f3n virtual.<\/span><\/p>\n<p><span style=\"font-size: large;\">\u00a0<\/span><\/p>\n<p><span style=\"font-size: large;\">El diputado Eduardo Urbina Lucero inst\u00f3 a los invitados a presentar por escrito las observaciones que pudieran tener para mejorar la redacci\u00f3n del dictamen, para lo cual les pidi\u00f3 las hagan llegar a las comisiones dictaminadoras, ya que todos los diputados est\u00e1n abiertos a mejorar el proyecto, al cual se le dio primera lectura el pasado 14 de agosto.<\/span><\/p>\n<p><span style=\"font-size: large;\">\u00a0<\/span><\/p>\n<p><span style=\"font-size: large;\">Estuvieron presentes los diputados Miroslava Luj\u00e1n L\u00f3pez, Miguel \u00c1ngel Chaira Ortiz, Luis Armando Alcal\u00e1 Alcaraz, Francisco Javier Duarte Flores, Mar\u00eda Dolores Del R\u00edo S\u00e1nchez y Nitzia Corina Grad\u00edas Ahumada.<\/span><\/p>\n<p><span style=\"font-size: large;\">\u00a0<\/span><\/p>\n","protected":false},"excerpt":{"rendered":"<p>Los integrantes de las comisiones de Justicia y Derechos Humanos, y para la Igualdad de G\u00e9nero, llevaron a cabo una reuni\u00f3n virtual con especialistas y personal t\u00e9cnico de diversas dependencias, para conocer sus opiniones en relaci\u00f3n al dictamen de la \u201cLey Olimpia\u201d, como acordaron los legisladores el pasado 23 de septiembre. \u00a0 Esta convocatoria fue [&hellip;]<\/p>\n","protected":false},"author":1,"featured_media":2956,"comment_status":"open","ping_status":"open","sticky":false,"template":"","format":"standard","meta":{"footnotes":""},"categories":[159],"tags":[],"class_list":["post"],"yoast_head":" \n<title>Realizan reuni\u00f3n con especialistas para conocer opiniones sobre dictamen de \u201cLey Olimpia\u201d - Periodista SoledadDurazo.com<\/title>\n<meta name=\"robots\" content=\"index, follow, max-snippet:-1, max-image-preview:large, max-video-preview:-1\" \/>\n<link rel=\"canonical\" href=\"https:\/\/soledaddurazo.com\/blog\/2020\/09\/28\/realizan-reunion-con-especialistas-para-conocer-opiniones-sobre-dictamen-de-ley-olimpia\/\" \/>\n<meta property=\"og:locale\" content=\"es_MX\" \/>\n<meta property=\"og:type\" content=\"article\" \/>\n<meta property=\"og:title\" content=\"Realizan reuni\u00f3n con especialistas para conocer opiniones sobre dictamen de \u201cLey Olimpia\u201d\" \/>\n<meta property=\"og:description\" content=\"Los integrantes de las comisiones de Justicia y Derechos Humanos, y para la Igualdad de G\u00e9nero, llevaron a cabo una reuni\u00f3n virtual con especialistas y personal t\u00e9cnico de diversas dependencias, para conocer sus opiniones en relaci\u00f3n al dictamen de la \u201cLey Olimpia\u201d, como acordaron los legisladores el pasado 23 de septiembre. \u00a0 Esta convocatoria fue [&hellip;]\" \/>\n<meta property=\"og:url\" content=\"https:\/\/soledaddurazo.com\/blog\/2020\/09\/28\/realizan-reunion-con-especialistas-para-conocer-opiniones-sobre-dictamen-de-ley-olimpia\/\" \/>\n<meta property=\"og:site_name\" content=\"Periodista SoledadDurazo.com\" \/>\n<meta property=\"article:publisher\" content=\"https:\/\/www.facebook.com\/soledad.durazo.9\/\" \/>\n<meta property=\"article:published_time\" content=\"2020-09-28T07:03:00+00:00\" \/>\n<meta property=\"og:image\" content=\"https:\/\/soledaddurazo.com\/storage\/2020\/09\/Captura-de-Pantalla-2020-09-25-a-las-19.37.18.png\" \/>\n\t<meta property=\"og:image:width\" content=\"1004\" \/>\n\t<meta property=\"og:image:height\" content=\"531\" \/>\n<meta name=\"twitter:card\" content=\"summary_large_image\" \/>\n<meta name=\"twitter:creator\" content=\"@SoledadDurazo\" \/>\n<meta name=\"twitter:site\" content=\"@SoledadDurazo\" \/>\n<meta name=\"twitter:label1\" content=\"Escrito por\" \/>\n\t<meta name=\"twitter:data1\" content=\"Redacci\u00f3n\" \/>\n\t<meta name=\"twitter:label2\" content=\"Tiempo de lectura\" \/>\n\t<meta name=\"twitter:data2\" content=\"5 minutos\" \/>\n<script type=\"application\/ld+json\" class=\"yoast-schema-graph\">{\"@context\":\"https:\/\/schema.org\",\"@graph\":[{\"@type\":\"Organization\",\"@id\":\"https:\/\/soledaddurazo.com\/#organization\",\"name\":\"Soledad Durazo\",\"url\":\"https:\/\/soledaddurazo.com\/\",\"sameAs\":[\"https:\/\/www.facebook.com\/soledad.durazo.9\/\",\"https:\/\/www.instagram.com\/soledaddurazo\",\"https:\/\/www.youtube.com\/channel\/UC9yGPw8-Vbl_B2XNkRwPS-w\",\"https:\/\/twitter.com\/SoledadDurazo\"],\"logo\":{\"@type\":\"ImageObject\",\"@id\":\"https:\/\/soledaddurazo.com\/#logo\",\"inLanguage\":\"es\",\"url\":\"https:\/\/soledaddurazo.com\/storage\/2021\/11\/nllp-720x375-1-2.png\",\"contentUrl\":\"https:\/\/soledaddurazo.com\/storage\/2021\/11\/nllp-720x375-1-2.png\",\"width\":720,\"height\":375,\"caption\":\"Soledad Durazo\"},\"image\":{\"@id\":\"https:\/\/soledaddurazo.com\/#logo\"}},{\"@type\":\"WebSite\",\"@id\":\"https:\/\/soledaddurazo.com\/#website\",\"url\":\"https:\/\/soledaddurazo.com\/\",\"name\":\"Periodista SoledadDurazo.com\",\"description\":\"Periodista sonorense. Directora de www.SoledadDurazo.com Columnista, conductora de radio y Tv. Catedr\\u00e1tica en la UNISON\",\"publisher\":{\"@id\":\"https:\/\/soledaddurazo.com\/#organization\"},\"potentialAction\":[{\"@type\":\"SearchAction\",\"target\":{\"@type\":\"EntryPoint\",\"urlTemplate\":\"https:\/\/soledaddurazo.com\/?s={search_term_string}\"},\"query-input\":\"required name=search_term_string\"}],\"inLanguage\":\"es\"},{\"@type\":\"ImageObject\",\"@id\":\"https:\/\/soledaddurazo.com\/blog\/2020\/09\/28\/realizan-reunion-con-especialistas-para-conocer-opiniones-sobre-dictamen-de-ley-olimpia\/#primaryimage\",\"inLanguage\":\"es\",\"url\":\"https:\/\/soledaddurazo.com\/storage\/2020\/09\/Captura-de-Pantalla-2020-09-25-a-las-19.37.18.png\",\"contentUrl\":\"https:\/\/soledaddurazo.com\/storage\/2020\/09\/Captura-de-Pantalla-2020-09-25-a-las-19.37.18.png\",\"width\":1004,\"height\":531},{\"@type\":\"WebPage\",\"@id\":\"https:\/\/soledaddurazo.com\/blog\/2020\/09\/28\/realizan-reunion-con-especialistas-para-conocer-opiniones-sobre-dictamen-de-ley-olimpia\/#webpage\",\"url\":\"https:\/\/soledaddurazo.com\/blog\/2020\/09\/28\/realizan-reunion-con-especialistas-para-conocer-opiniones-sobre-dictamen-de-ley-olimpia\/\",\"name\":\"Realizan reuni\\u00f3n con especialistas para conocer opiniones sobre dictamen de \\u201cLey Olimpia\\u201d - Periodista SoledadDurazo.com\",\"isPartOf\":{\"@id\":\"https:\/\/soledaddurazo.com\/#website\"},\"primaryImageOfPage\":{\"@id\":\"https:\/\/soledaddurazo.com\/blog\/2020\/09\/28\/realizan-reunion-con-especialistas-para-conocer-opiniones-sobre-dictamen-de-ley-olimpia\/#primaryimage\"},\"datePublished\":\"2020-09-28T07:03:00+00:00\",\"dateModified\":\"2020-09-28T07:03:00+00:00\",\"breadcrumb\":{\"@id\":\"https:\/\/soledaddurazo.com\/blog\/2020\/09\/28\/realizan-reunion-con-especialistas-para-conocer-opiniones-sobre-dictamen-de-ley-olimpia\/#breadcrumb\"},\"inLanguage\":\"es\",\"potentialAction\":[{\"@type\":\"ReadAction\",\"target\":[\"https:\/\/soledaddurazo.com\/blog\/2020\/09\/28\/realizan-reunion-con-especialistas-para-conocer-opiniones-sobre-dictamen-de-ley-olimpia\/\"]}]},{\"@type\":\"BreadcrumbList\",\"@id\":\"https:\/\/soledaddurazo.com\/blog\/2020\/09\/28\/realizan-reunion-con-especialistas-para-conocer-opiniones-sobre-dictamen-de-ley-olimpia\/#breadcrumb\",\"itemListElement\":[{\"@type\":\"ListItem\",\"position\":1,\"name\":\"Home\",\"item\":\"https:\/\/soledaddurazo.com\/\"},{\"@type\":\"ListItem\",\"position\":2,\"name\":\"Realizan reuni\\u00f3n con especialistas para conocer opiniones sobre dictamen de \\u201cLey Olimpia\\u201d\"}]},{\"@type\":\"Article\",\"@id\":\"https:\/\/soledaddurazo.com\/blog\/2020\/09\/28\/realizan-reunion-con-especialistas-para-conocer-opiniones-sobre-dictamen-de-ley-olimpia\/#article\",\"isPartOf\":{\"@id\":\"https:\/\/soledaddurazo.com\/blog\/2020\/09\/28\/realizan-reunion-con-especialistas-para-conocer-opiniones-sobre-dictamen-de-ley-olimpia\/#webpage\"},\"author\":{\"@id\":\"https:\/\/soledaddurazo.com\/#\/schema\/person\/822d8e13aa288585e6546f179853758b\"},\"headline\":\"Realizan reuni\\u00f3n con especialistas para conocer opiniones sobre dictamen de \\u201cLey Olimpia\\u201d\",\"datePublished\":\"2020-09-28T07:03:00+00:00\",\"dateModified\":\"2020-09-28T07:03:00+00:00\",\"mainEntityOfPage\":{\"@id\":\"https:\/\/soledaddurazo.com\/blog\/2020\/09\/28\/realizan-reunion-con-especialistas-para-conocer-opiniones-sobre-dictamen-de-ley-olimpia\/#webpage\"},\"wordCount\":933,\"commentCount\":0,\"publisher\":{\"@id\":\"https:\/\/soledaddurazo.com\/#organization\"},\"image\":{\"@id\":\"https:\/\/soledaddurazo.com\/blog\/2020\/09\/28\/realizan-reunion-con-especialistas-para-conocer-opiniones-sobre-dictamen-de-ley-olimpia\/#primaryimage\"},\"thumbnailUrl\":\"https:\/\/soledaddurazo.com\/storage\/2020\/09\/Captura-de-Pantalla-2020-09-25-a-las-19.37.18.png\",\"articleSection\":[\"Mi Sonora\"],\"inLanguage\":\"es\",\"potentialAction\":[{\"@type\":\"CommentAction\",\"name\":\"Comment\",\"target\":[\"https:\/\/soledaddurazo.com\/blog\/2020\/09\/28\/realizan-reunion-con-especialistas-para-conocer-opiniones-sobre-dictamen-de-ley-olimpia\/#respond\"]}]},{\"@type\":\"Person\",\"@id\":\"https:\/\/soledaddurazo.com\/#\/schema\/person\/822d8e13aa288585e6546f179853758b\",\"name\":\"Redacci\\u00f3n\",\"image\":{\"@type\":\"ImageObject\",\"@id\":\"https:\/\/soledaddurazo.com\/#personlogo\",\"inLanguage\":\"es\",\"url\":\"https:\/\/secure.gravatar.com\/avatar\/c4e193752f756fd61f04deebed3a3a20dc188d37edb53682d313ac57f2725d54?s=96&d=mm&r=g\",\"contentUrl\":\"https:\/\/secure.gravatar.com\/avatar\/c4e193752f756fd61f04deebed3a3a20dc188d37edb53682d313ac57f2725d54?s=96&d=mm&r=g\",\"caption\":\"Redacci\\u00f3n\"},\"sameAs\":[\"https:\/\/soledaddurazo.com\"]}]}<\/script>\n ","yoast_head_json":{"title":"Realizan reuni\u00f3n con especialistas para conocer opiniones sobre dictamen de \u201cLey Olimpia\u201d - Periodista SoledadDurazo.com","robots":{"index":"index","follow":"follow","max-snippet":"max-snippet:-1","max-image-preview":"max-image-preview:large","max-video-preview":"max-video-preview:-1"},"canonical":"https:\/\/soledaddurazo.com\/blog\/2020\/09\/28\/realizan-reunion-con-especialistas-para-conocer-opiniones-sobre-dictamen-de-ley-olimpia\/","og_locale":"es_MX","og_type":"article","og_title":"Realizan reuni\u00f3n con especialistas para conocer opiniones sobre dictamen de \u201cLey Olimpia\u201d","og_description":"Los integrantes de las comisiones de Justicia y Derechos Humanos, y para la Igualdad de G\u00e9nero, llevaron a cabo una reuni\u00f3n virtual con especialistas y personal t\u00e9cnico de diversas dependencias, para conocer sus opiniones en relaci\u00f3n al dictamen de la \u201cLey Olimpia\u201d, como acordaron los legisladores el pasado 23 de septiembre. \u00a0 Esta convocatoria fue [&hellip;]","og_url":"https:\/\/soledaddurazo.com\/blog\/2020\/09\/28\/realizan-reunion-con-especialistas-para-conocer-opiniones-sobre-dictamen-de-ley-olimpia\/","og_site_name":"Periodista SoledadDurazo.com","article_publisher":"https:\/\/www.facebook.com\/soledad.durazo.9\/","article_published_time":"2020-09-28T07:03:00+00:00","og_image":[{"width":1004,"height":531,"url":"https:\/\/soledaddurazo.com\/storage\/2020\/09\/Captura-de-Pantalla-2020-09-25-a-las-19.37.18.png","type":"image\/png"}],"twitter_card":"summary_large_image","twitter_creator":"@SoledadDurazo","twitter_site":"@SoledadDurazo","twitter_misc":{"Escrito por":"Redacci\u00f3n","Tiempo de lectura":"5 minutos"},"schema":{"@context":"https:\/\/schema.org","@graph":[{"@type":"Organization","@id":"https:\/\/soledaddurazo.com\/#organization","name":"Soledad Durazo","url":"https:\/\/soledaddurazo.com\/","sameAs":["https:\/\/www.facebook.com\/soledad.durazo.9\/","https:\/\/www.instagram.com\/soledaddurazo","https:\/\/www.youtube.com\/channel\/UC9yGPw8-Vbl_B2XNkRwPS-w","https:\/\/twitter.com\/SoledadDurazo"],"logo":{"@type":"ImageObject","@id":"https:\/\/soledaddurazo.com\/#logo","inLanguage":"es","url":"https:\/\/soledaddurazo.com\/storage\/2021\/11\/nllp-720x375-1-2.png","contentUrl":"https:\/\/soledaddurazo.com\/storage\/2021\/11\/nllp-720x375-1-2.png","width":720,"height":375,"caption":"Soledad Durazo"},"image":{"@id":"https:\/\/soledaddurazo.com\/#logo"}},{"@type":"WebSite","@id":"https:\/\/soledaddurazo.com\/#website","url":"https:\/\/soledaddurazo.com\/","name":"Periodista SoledadDurazo.com","description":"Periodista sonorense. Directora de www.SoledadDurazo.com Columnista, conductora de radio y Tv. Catedr\u00e1tica en la UNISON","publisher":{"@id":"https:\/\/soledaddurazo.com\/#organization"},"potentialAction":[{"@type":"SearchAction","target":{"@type":"EntryPoint","urlTemplate":"https:\/\/soledaddurazo.com\/?s={search_term_string}"},"query-input":"required name=search_term_string"}],"inLanguage":"es"},{"@type":"ImageObject","@id":"https:\/\/soledaddurazo.com\/blog\/2020\/09\/28\/realizan-reunion-con-especialistas-para-conocer-opiniones-sobre-dictamen-de-ley-olimpia\/#primaryimage","inLanguage":"es","url":"https:\/\/soledaddurazo.com\/storage\/2020\/09\/Captura-de-Pantalla-2020-09-25-a-las-19.37.18.png","contentUrl":"https:\/\/soledaddurazo.com\/storage\/2020\/09\/Captura-de-Pantalla-2020-09-25-a-las-19.37.18.png","width":1004,"height":531},{"@type":"WebPage","@id":"https:\/\/soledaddurazo.com\/blog\/2020\/09\/28\/realizan-reunion-con-especialistas-para-conocer-opiniones-sobre-dictamen-de-ley-olimpia\/#webpage","url":"https:\/\/soledaddurazo.com\/blog\/2020\/09\/28\/realizan-reunion-con-especialistas-para-conocer-opiniones-sobre-dictamen-de-ley-olimpia\/","name":"Realizan reuni\u00f3n con especialistas para conocer opiniones sobre dictamen de \u201cLey Olimpia\u201d - Periodista SoledadDurazo.com","isPartOf":{"@id":"https:\/\/soledaddurazo.com\/#website"},"primaryImageOfPage":{"@id":"https:\/\/soledaddurazo.com\/blog\/2020\/09\/28\/realizan-reunion-con-especialistas-para-conocer-opiniones-sobre-dictamen-de-ley-olimpia\/#primaryimage"},"datePublished":"2020-09-28T07:03:00+00:00","dateModified":"2020-09-28T07:03:00+00:00","breadcrumb":{"@id":"https:\/\/soledaddurazo.com\/blog\/2020\/09\/28\/realizan-reunion-con-especialistas-para-conocer-opiniones-sobre-dictamen-de-ley-olimpia\/#breadcrumb"},"inLanguage":"es","potentialAction":[{"@type":"ReadAction","target":["https:\/\/soledaddurazo.com\/blog\/2020\/09\/28\/realizan-reunion-con-especialistas-para-conocer-opiniones-sobre-dictamen-de-ley-olimpia\/"]}]},{"@type":"BreadcrumbList","@id":"https:\/\/soledaddurazo.com\/blog\/2020\/09\/28\/realizan-reunion-con-especialistas-para-conocer-opiniones-sobre-dictamen-de-ley-olimpia\/#breadcrumb","itemListElement":[{"@type":"ListItem","position":1,"name":"Home","item":"https:\/\/soledaddurazo.com\/"},{"@type":"ListItem","position":2,"name":"Realizan reuni\u00f3n con especialistas para conocer opiniones sobre dictamen de \u201cLey Olimpia\u201d"}]},{"@type":"Article","@id":"https:\/\/soledaddurazo.com\/blog\/2020\/09\/28\/realizan-reunion-con-especialistas-para-conocer-opiniones-sobre-dictamen-de-ley-olimpia\/#article","isPartOf":{"@id":"https:\/\/soledaddurazo.com\/blog\/2020\/09\/28\/realizan-reunion-con-especialistas-para-conocer-opiniones-sobre-dictamen-de-ley-olimpia\/#webpage"},"author":{"@id":"https:\/\/soledaddurazo.com\/#\/schema\/person\/822d8e13aa288585e6546f179853758b"},"headline":"Realizan reuni\u00f3n con especialistas para conocer opiniones sobre dictamen de \u201cLey Olimpia\u201d","datePublished":"2020-09-28T07:03:00+00:00","dateModified":"2020-09-28T07:03:00+00:00","mainEntityOfPage":{"@id":"https:\/\/soledaddurazo.com\/blog\/2020\/09\/28\/realizan-reunion-con-especialistas-para-conocer-opiniones-sobre-dictamen-de-ley-olimpia\/#webpage"},"wordCount":933,"commentCount":0,"publisher":{"@id":"https:\/\/soledaddurazo.com\/#organization"},"image":{"@id":"https:\/\/soledaddurazo.com\/blog\/2020\/09\/28\/realizan-reunion-con-especialistas-para-conocer-opiniones-sobre-dictamen-de-ley-olimpia\/#primaryimage"},"thumbnailUrl":"https:\/\/soledaddurazo.com\/storage\/2020\/09\/Captura-de-Pantalla-2020-09-25-a-las-19.37.18.png","articleSection":["Mi Sonora"],"inLanguage":"es","potentialAction":[{"@type":"CommentAction","name":"Comment","target":["https:\/\/soledaddurazo.com\/blog\/2020\/09\/28\/realizan-reunion-con-especialistas-para-conocer-opiniones-sobre-dictamen-de-ley-olimpia\/#respond"]}]},{"@type":"Person","@id":"https:\/\/soledaddurazo.com\/#\/schema\/person\/822d8e13aa288585e6546f179853758b","name":"Redacci\u00f3n","image":{"@type":"ImageObject","@id":"https:\/\/soledaddurazo.com\/#personlogo","inLanguage":"es","url":"https:\/\/secure.gravatar.com\/avatar\/c4e193752f756fd61f04deebed3a3a20dc188d37edb53682d313ac57f2725d54?s=96&d=mm&r=g","contentUrl":"https:\/\/secure.gravatar.com\/avatar\/c4e193752f756fd61f04deebed3a3a20dc188d37edb53682d313ac57f2725d54?s=96&d=mm&r=g","caption":"Redacci\u00f3n"},"sameAs":["https:\/\/soledaddurazo.com"]}]}},"_links":{"self":[{"href":"https:\/\/soledaddurazo.com\/api\/wp\/v2\/posts\/2955","targetHints":{"allow":["GET"]}}],"collection":[{"href":"https:\/\/soledaddurazo.com\/api\/wp\/v2\/posts"}],"about":[{"href":"https:\/\/soledaddurazo.com\/api\/wp\/v2\/types\/post"}],"author":[{"embeddable":true,"href":"https:\/\/soledaddurazo.com\/api\/wp\/v2\/users\/1"}],"replies":[{"embeddable":true,"href":"https:\/\/soledaddurazo.com\/api\/wp\/v2\/comments?post=2955"}],"version-history":[{"count":1,"href":"https:\/\/soledaddurazo.com\/api\/wp\/v2\/posts\/2955\/revisions"}],"predecessor-version":[{"id":2957,"href":"https:\/\/soledaddurazo.com\/api\/wp\/v2\/posts\/2955\/revisions\/2957"}],"wp:featuredmedia":[{"embeddable":true,"href":"https:\/\/soledaddurazo.com\/api\/wp\/v2\/media\/2956"}],"wp:attachment":[{"href":"https:\/\/soledaddurazo.com\/api\/wp\/v2\/media?parent=2955"}],"wp:term":[{"taxonomy":"category","embeddable":true,"href":"https:\/\/soledaddurazo.com\/api\/wp\/v2\/categories?post=2955"},{"taxonomy":"post_tag","embeddable":true,"href":"https:\/\/soledaddurazo.com\/api\/wp\/v2\/tags?post=2955"}],"curies":[{"name":"wp","href":"https:\/\/api.w.org\/{rel}","templated":true}]}}