{"id":2953,"date":"2020-09-27T23:54:15","date_gmt":"2020-09-28T06:54:15","guid":{"rendered":"https:\/\/soledaddurazo.com\/?p=2953"},"modified":"2020-09-27T23:54:15","modified_gmt":"2020-09-28T06:54:15","slug":"las-mujeres-somos-unas-infiltradas","status":"publish","type":"post","link":"https:\/\/soledaddurazo.com\/blog\/2020\/09\/27\/las-mujeres-somos-unas-infiltradas\/","title":{"rendered":"\u00a1Las mujeres somos unas infiltradas!"},"content":{"rendered":"<p>La revista\u00a0<strong>TIME\u00a0<\/strong>design\u00f3 entre las personas m\u00e1s influyentes del a\u00f1o a la veracruzana\u00a0<strong>Arussi Unda<\/strong>, vocera del movimiento\u00a0<strong>&#8220;Las brujas del mar&#8221;<\/strong>,<strong>\u00a0<\/strong>que tuvo la iniciativa del paro nacional de mujeres del 9 de marzo de 2020.<\/p>\n<p>La publicaci\u00f3n estadounidense elige cada a\u00f1o a las 100 personas m\u00e1s influyentes del mundo.\u00a0En el caso de Am\u00e9rica Latina\u00a0este 2020, seis personalidades (tres mujeres y tres hombres) y un grupo musical integran la lista.<\/p>\n<p>El conjunto musical reconocido est\u00e1 formado por 4 mujeres chilenas que se hacen llamar\u00a0<strong>\u201cLas T\u00e9sis\u201d<\/strong>\u00a0\u00a0y son las\u00a0creadoras de\u00a0<strong>&#8220;El violador eres t\u00fa&#8221;<\/strong>,<strong>\u00a0<\/strong>que este a\u00f1o se convirti\u00f3 en el himno feminista que dio la vuelta al mundo.\u00a0\u00a0&#8220;<strong>El<\/strong>\u00a0<strong>feminismo\u00a0<\/strong>es lo m\u00e1s influyente del a\u00f1o 2020&#8243;, fue la expresi\u00f3n coincidente entre ellas al hablar del reconocimiento que reciben.<\/p>\n<p>Y es que, sin duda, este 2020, por lo menos para nuestro Continente y particularmente para nuestro pa\u00eds, los colectivos de mujeres han marcado la agenda, han alzado la voz con m\u00e1s fuerza, con m\u00e1s coraje y con m\u00e1s motivos\u2026 motivos derivados de agravios o \u00bfc\u00f3mo puede llamarse el hecho de\u00a0<strong>10 feminicidios\u00a0<\/strong>diarios que en promedio se registran en nuestro pa\u00eds? \u00bfO los altos \u00edndices de violencia intrafamiliar cuyas v\u00edctimas son mayormente mujeres y ni\u00f1as? \u00bfEl cierre de estancias infantiles donde las m\u00e1s afectadas son las mujeres? \u00bfLa brecha salarial que persiste en raz\u00f3n de g\u00e9nero? Por cierto, lograr la paridad econ\u00f3mica al ritmo que llevamos ser\u00e1 en 257 a\u00f1os seg\u00fan el informe del\u00a0<strong>Foro econ\u00f3mico mundial<\/strong>.<\/p>\n<p>Pero volviendo a M\u00e9xico, el gobierno insiste en restarle valor a la agenda de las mujeres e incluso el presidente acusa que\u00a0hay gente infiltrada que utiliza el feminismo para atacar a su gobierno\u2026no, Se\u00f1or presidente, con todo respeto, no confunda y no busque confundir; si acusa pruebe, y si prueba, castigue. Usted dice que por respeto y dignidad a las mujeres no se mete en ese tema\u2026 es todo lo contrario, por respeto y dignidad, m\u00e9tase en ese tema, m\u00e9tase en el tema de las mujeres, pero h\u00e1galo para que las cosas mejoren no para denigrar la lucha feminista y desacreditar\u00a0\u2014<em>como acostumbra<\/em>\u2014\u00a0cualquier argumento que contenga el m\u00e1s m\u00ednimo asomo de se\u00f1alar y demostrar los errores u omisiones en los que incurre la administraci\u00f3n que Usted encabeza o las expresiones que con tanta ligereza\u00a0\u2014<em>dicho con todo respeto Se\u00f1or presidente<\/em>\u2014\u00a0frecuentemente pronuncia.<\/p>\n<p>A esta acusaci\u00f3n de\u00a0<strong>movimientos infiltrados<\/strong>, muchas voces y particularmente colectivos feministas han reaccionado. Uno de ellos es el colectivo\u00a0<strong>\u201cNosotras tenemos otros datos\u201d\u00a0<\/strong>que le recuerda al Presidente y nos recuerda a todos y a todas que \u201c\u2026a los ojos del patriarcado, las mujeres somos unas infiltradas; estamos en las escuelas y universidades, en los gobiernos y partidos pol\u00edticos, en los Congresos locales y hasta en la Presidencia del Congreso federal; en la creaci\u00f3n de metodolog\u00edas que deber\u00edan ser pol\u00edticas p\u00fablicas, en los movimientos populares y las organizaciones de la sociedad civil, en las comunidades excluidas y marginadas, en la academia y la ciencia, desde los medios de comunicaci\u00f3n, en las empresas privadas\u00a0\u00a0aunque todav\u00eda falta mucho, as\u00ed como tambi\u00e9n falta infiltrarse m\u00e1s en el Poder judicial, las gubernaturas y la\u00a0\u00a0presidencia&#8230;\u201d<\/p>\n<p>El colectivo que sin duda recoge el sentir de muchas f\u00e9minas particularmente, advierte que seguiremos infiltrando todos los espacios de la vida p\u00fablica y pol\u00edtica del pa\u00eds hasta que logremos transformar nuestra vida y a esta naci\u00f3n que queremos libre de discriminaci\u00f3n y violencia; m\u00e1s humana y m\u00e1s justa.<\/p>\n<p>Ojal\u00e1 sigamos coincidiendo\u00a0en\u00a0<a href=\"https:\/\/www.soledaddurazo.com\/\">www.SoledadDurazo.com<\/a>\u00a0@SoledadDurazo\u00a0FB\/SoledadDurazo IG: soledaddurazo YT: SoledadDurazo<\/p>\n<p>&nbsp;<\/p>\n<p>&nbsp;<\/p>\n<p>&nbsp;<\/p>\n<p>&nbsp;<\/p>\n<p>&nbsp;<\/p>\n<p>&nbsp;<\/p>\n<p>&nbsp;<\/p>\n<p>&nbsp;<\/p>\n<p>&nbsp;<\/p>\n<p>&nbsp;<\/p>\n<p>&nbsp;<\/p>\n<p>&nbsp;<\/p>\n<p>&nbsp;<\/p>\n<p>&nbsp;<\/p>\n<p>&nbsp;<\/p>\n<p>&nbsp;<\/p>\n<p>&nbsp;<\/p>\n<p>&nbsp;<\/p>\n<p>&nbsp;<\/p>\n<p>&nbsp;<\/p>\n<p>&nbsp;<\/p>\n<p>&nbsp;<\/p>\n<p>&nbsp;<\/p>\n<p>&nbsp;<\/p>\n<p>&nbsp;<\/p>\n<p>&nbsp;<\/p>\n<p>&nbsp;<\/p>\n","protected":false},"excerpt":{"rendered":"<p>La revista\u00a0TIME\u00a0design\u00f3 entre las personas m\u00e1s influyentes del a\u00f1o a la veracruzana\u00a0Arussi Unda, vocera del movimiento\u00a0&#8220;Las brujas del mar&#8221;,\u00a0que tuvo la iniciativa del paro nacional de mujeres del 9 de marzo de 2020. La publicaci\u00f3n estadounidense elige cada a\u00f1o a las 100 personas m\u00e1s influyentes del mundo.\u00a0En el caso de Am\u00e9rica Latina\u00a0este 2020, seis personalidades [&hellip;]<\/p>\n","protected":false},"author":1,"featured_media":2646,"comment_status":"open","ping_status":"open","sticky":false,"template":"","format":"standard","meta":{"footnotes":""},"categories":[162],"tags":[],"class_list":["post"],"yoast_head":" \n<title>\u00a1Las mujeres somos unas infiltradas! - Periodista SoledadDurazo.com<\/title>\n<meta name=\"robots\" content=\"index, follow, max-snippet:-1, max-image-preview:large, max-video-preview:-1\" \/>\n<link rel=\"canonical\" href=\"https:\/\/soledaddurazo.com\/blog\/2020\/09\/27\/las-mujeres-somos-unas-infiltradas\/\" \/>\n<meta property=\"og:locale\" content=\"es_MX\" \/>\n<meta property=\"og:type\" content=\"article\" \/>\n<meta property=\"og:title\" content=\"\u00a1Las mujeres somos unas infiltradas!\" \/>\n<meta property=\"og:description\" content=\"La revista\u00a0TIME\u00a0design\u00f3 entre las personas m\u00e1s influyentes del a\u00f1o a la veracruzana\u00a0Arussi Unda, vocera del movimiento\u00a0&#8220;Las brujas del mar&#8221;,\u00a0que tuvo la iniciativa del paro nacional de mujeres del 9 de marzo de 2020. La publicaci\u00f3n estadounidense elige cada a\u00f1o a las 100 personas m\u00e1s influyentes del mundo.\u00a0En el caso de Am\u00e9rica Latina\u00a0este 2020, seis personalidades [&hellip;]\" \/>\n<meta property=\"og:url\" content=\"https:\/\/soledaddurazo.com\/blog\/2020\/09\/27\/las-mujeres-somos-unas-infiltradas\/\" \/>\n<meta property=\"og:site_name\" content=\"Periodista SoledadDurazo.com\" \/>\n<meta property=\"article:publisher\" content=\"https:\/\/www.facebook.com\/soledad.durazo.9\/\" \/>\n<meta property=\"article:published_time\" content=\"2020-09-28T06:54:15+00:00\" \/>\n<meta property=\"og:image\" content=\"https:\/\/soledaddurazo.com\/storage\/2020\/09\/C71C0438-AAE4-40DB-B048-379B7AF91C95.jpeg\" \/>\n\t<meta property=\"og:image:width\" content=\"750\" \/>\n\t<meta property=\"og:image:height\" content=\"375\" \/>\n<meta name=\"twitter:card\" content=\"summary_large_image\" \/>\n<meta name=\"twitter:creator\" content=\"@SoledadDurazo\" \/>\n<meta name=\"twitter:site\" content=\"@SoledadDurazo\" \/>\n<meta name=\"twitter:label1\" content=\"Escrito por\" \/>\n\t<meta name=\"twitter:data1\" content=\"Redacci\u00f3n\" \/>\n\t<meta name=\"twitter:label2\" content=\"Tiempo de lectura\" \/>\n\t<meta name=\"twitter:data2\" content=\"3 minutos\" \/>\n<script type=\"application\/ld+json\" class=\"yoast-schema-graph\">{\"@context\":\"https:\/\/schema.org\",\"@graph\":[{\"@type\":\"Organization\",\"@id\":\"https:\/\/soledaddurazo.com\/#organization\",\"name\":\"Soledad Durazo\",\"url\":\"https:\/\/soledaddurazo.com\/\",\"sameAs\":[\"https:\/\/www.facebook.com\/soledad.durazo.9\/\",\"https:\/\/www.instagram.com\/soledaddurazo\",\"https:\/\/www.youtube.com\/channel\/UC9yGPw8-Vbl_B2XNkRwPS-w\",\"https:\/\/twitter.com\/SoledadDurazo\"],\"logo\":{\"@type\":\"ImageObject\",\"@id\":\"https:\/\/soledaddurazo.com\/#logo\",\"inLanguage\":\"es\",\"url\":\"https:\/\/soledaddurazo.com\/storage\/2021\/11\/nllp-720x375-1-2.png\",\"contentUrl\":\"https:\/\/soledaddurazo.com\/storage\/2021\/11\/nllp-720x375-1-2.png\",\"width\":720,\"height\":375,\"caption\":\"Soledad Durazo\"},\"image\":{\"@id\":\"https:\/\/soledaddurazo.com\/#logo\"}},{\"@type\":\"WebSite\",\"@id\":\"https:\/\/soledaddurazo.com\/#website\",\"url\":\"https:\/\/soledaddurazo.com\/\",\"name\":\"Periodista SoledadDurazo.com\",\"description\":\"Periodista sonorense. Directora de www.SoledadDurazo.com Columnista, conductora de radio y Tv. Catedr\\u00e1tica en la UNISON\",\"publisher\":{\"@id\":\"https:\/\/soledaddurazo.com\/#organization\"},\"potentialAction\":[{\"@type\":\"SearchAction\",\"target\":{\"@type\":\"EntryPoint\",\"urlTemplate\":\"https:\/\/soledaddurazo.com\/?s={search_term_string}\"},\"query-input\":\"required name=search_term_string\"}],\"inLanguage\":\"es\"},{\"@type\":\"ImageObject\",\"@id\":\"https:\/\/soledaddurazo.com\/blog\/2020\/09\/27\/las-mujeres-somos-unas-infiltradas\/#primaryimage\",\"inLanguage\":\"es\",\"url\":\"https:\/\/soledaddurazo.com\/storage\/2020\/09\/C71C0438-AAE4-40DB-B048-379B7AF91C95.jpeg\",\"contentUrl\":\"https:\/\/soledaddurazo.com\/storage\/2020\/09\/C71C0438-AAE4-40DB-B048-379B7AF91C95.jpeg\",\"width\":750,\"height\":375},{\"@type\":\"WebPage\",\"@id\":\"https:\/\/soledaddurazo.com\/blog\/2020\/09\/27\/las-mujeres-somos-unas-infiltradas\/#webpage\",\"url\":\"https:\/\/soledaddurazo.com\/blog\/2020\/09\/27\/las-mujeres-somos-unas-infiltradas\/\",\"name\":\"\\u00a1Las mujeres somos unas infiltradas! - Periodista SoledadDurazo.com\",\"isPartOf\":{\"@id\":\"https:\/\/soledaddurazo.com\/#website\"},\"primaryImageOfPage\":{\"@id\":\"https:\/\/soledaddurazo.com\/blog\/2020\/09\/27\/las-mujeres-somos-unas-infiltradas\/#primaryimage\"},\"datePublished\":\"2020-09-28T06:54:15+00:00\",\"dateModified\":\"2020-09-28T06:54:15+00:00\",\"breadcrumb\":{\"@id\":\"https:\/\/soledaddurazo.com\/blog\/2020\/09\/27\/las-mujeres-somos-unas-infiltradas\/#breadcrumb\"},\"inLanguage\":\"es\",\"potentialAction\":[{\"@type\":\"ReadAction\",\"target\":[\"https:\/\/soledaddurazo.com\/blog\/2020\/09\/27\/las-mujeres-somos-unas-infiltradas\/\"]}]},{\"@type\":\"BreadcrumbList\",\"@id\":\"https:\/\/soledaddurazo.com\/blog\/2020\/09\/27\/las-mujeres-somos-unas-infiltradas\/#breadcrumb\",\"itemListElement\":[{\"@type\":\"ListItem\",\"position\":1,\"name\":\"Home\",\"item\":\"https:\/\/soledaddurazo.com\/\"},{\"@type\":\"ListItem\",\"position\":2,\"name\":\"\\u00a1Las mujeres somos unas infiltradas!\"}]},{\"@type\":\"Article\",\"@id\":\"https:\/\/soledaddurazo.com\/blog\/2020\/09\/27\/las-mujeres-somos-unas-infiltradas\/#article\",\"isPartOf\":{\"@id\":\"https:\/\/soledaddurazo.com\/blog\/2020\/09\/27\/las-mujeres-somos-unas-infiltradas\/#webpage\"},\"author\":{\"@id\":\"https:\/\/soledaddurazo.com\/#\/schema\/person\/822d8e13aa288585e6546f179853758b\"},\"headline\":\"\\u00a1Las mujeres somos unas infiltradas!\",\"datePublished\":\"2020-09-28T06:54:15+00:00\",\"dateModified\":\"2020-09-28T06:54:15+00:00\",\"mainEntityOfPage\":{\"@id\":\"https:\/\/soledaddurazo.com\/blog\/2020\/09\/27\/las-mujeres-somos-unas-infiltradas\/#webpage\"},\"wordCount\":672,\"commentCount\":0,\"publisher\":{\"@id\":\"https:\/\/soledaddurazo.com\/#organization\"},\"image\":{\"@id\":\"https:\/\/soledaddurazo.com\/blog\/2020\/09\/27\/las-mujeres-somos-unas-infiltradas\/#primaryimage\"},\"thumbnailUrl\":\"https:\/\/soledaddurazo.com\/storage\/2020\/09\/C71C0438-AAE4-40DB-B048-379B7AF91C95.jpeg\",\"articleSection\":[\"Lo digo como es\"],\"inLanguage\":\"es\",\"potentialAction\":[{\"@type\":\"CommentAction\",\"name\":\"Comment\",\"target\":[\"https:\/\/soledaddurazo.com\/blog\/2020\/09\/27\/las-mujeres-somos-unas-infiltradas\/#respond\"]}]},{\"@type\":\"Person\",\"@id\":\"https:\/\/soledaddurazo.com\/#\/schema\/person\/822d8e13aa288585e6546f179853758b\",\"name\":\"Redacci\\u00f3n\",\"image\":{\"@type\":\"ImageObject\",\"@id\":\"https:\/\/soledaddurazo.com\/#personlogo\",\"inLanguage\":\"es\",\"url\":\"https:\/\/secure.gravatar.com\/avatar\/c4e193752f756fd61f04deebed3a3a20dc188d37edb53682d313ac57f2725d54?s=96&d=mm&r=g\",\"contentUrl\":\"https:\/\/secure.gravatar.com\/avatar\/c4e193752f756fd61f04deebed3a3a20dc188d37edb53682d313ac57f2725d54?s=96&d=mm&r=g\",\"caption\":\"Redacci\\u00f3n\"},\"sameAs\":[\"https:\/\/soledaddurazo.com\"]}]}<\/script>\n ","yoast_head_json":{"title":"\u00a1Las mujeres somos unas infiltradas! - Periodista SoledadDurazo.com","robots":{"index":"index","follow":"follow","max-snippet":"max-snippet:-1","max-image-preview":"max-image-preview:large","max-video-preview":"max-video-preview:-1"},"canonical":"https:\/\/soledaddurazo.com\/blog\/2020\/09\/27\/las-mujeres-somos-unas-infiltradas\/","og_locale":"es_MX","og_type":"article","og_title":"\u00a1Las mujeres somos unas infiltradas!","og_description":"La revista\u00a0TIME\u00a0design\u00f3 entre las personas m\u00e1s influyentes del a\u00f1o a la veracruzana\u00a0Arussi Unda, vocera del movimiento\u00a0&#8220;Las brujas del mar&#8221;,\u00a0que tuvo la iniciativa del paro nacional de mujeres del 9 de marzo de 2020. La publicaci\u00f3n estadounidense elige cada a\u00f1o a las 100 personas m\u00e1s influyentes del mundo.\u00a0En el caso de Am\u00e9rica Latina\u00a0este 2020, seis personalidades [&hellip;]","og_url":"https:\/\/soledaddurazo.com\/blog\/2020\/09\/27\/las-mujeres-somos-unas-infiltradas\/","og_site_name":"Periodista SoledadDurazo.com","article_publisher":"https:\/\/www.facebook.com\/soledad.durazo.9\/","article_published_time":"2020-09-28T06:54:15+00:00","og_image":[{"width":750,"height":375,"url":"https:\/\/soledaddurazo.com\/storage\/2020\/09\/C71C0438-AAE4-40DB-B048-379B7AF91C95.jpeg","type":"image\/jpeg"}],"twitter_card":"summary_large_image","twitter_creator":"@SoledadDurazo","twitter_site":"@SoledadDurazo","twitter_misc":{"Escrito por":"Redacci\u00f3n","Tiempo de lectura":"3 minutos"},"schema":{"@context":"https:\/\/schema.org","@graph":[{"@type":"Organization","@id":"https:\/\/soledaddurazo.com\/#organization","name":"Soledad Durazo","url":"https:\/\/soledaddurazo.com\/","sameAs":["https:\/\/www.facebook.com\/soledad.durazo.9\/","https:\/\/www.instagram.com\/soledaddurazo","https:\/\/www.youtube.com\/channel\/UC9yGPw8-Vbl_B2XNkRwPS-w","https:\/\/twitter.com\/SoledadDurazo"],"logo":{"@type":"ImageObject","@id":"https:\/\/soledaddurazo.com\/#logo","inLanguage":"es","url":"https:\/\/soledaddurazo.com\/storage\/2021\/11\/nllp-720x375-1-2.png","contentUrl":"https:\/\/soledaddurazo.com\/storage\/2021\/11\/nllp-720x375-1-2.png","width":720,"height":375,"caption":"Soledad Durazo"},"image":{"@id":"https:\/\/soledaddurazo.com\/#logo"}},{"@type":"WebSite","@id":"https:\/\/soledaddurazo.com\/#website","url":"https:\/\/soledaddurazo.com\/","name":"Periodista SoledadDurazo.com","description":"Periodista sonorense. Directora de www.SoledadDurazo.com Columnista, conductora de radio y Tv. Catedr\u00e1tica en la UNISON","publisher":{"@id":"https:\/\/soledaddurazo.com\/#organization"},"potentialAction":[{"@type":"SearchAction","target":{"@type":"EntryPoint","urlTemplate":"https:\/\/soledaddurazo.com\/?s={search_term_string}"},"query-input":"required name=search_term_string"}],"inLanguage":"es"},{"@type":"ImageObject","@id":"https:\/\/soledaddurazo.com\/blog\/2020\/09\/27\/las-mujeres-somos-unas-infiltradas\/#primaryimage","inLanguage":"es","url":"https:\/\/soledaddurazo.com\/storage\/2020\/09\/C71C0438-AAE4-40DB-B048-379B7AF91C95.jpeg","contentUrl":"https:\/\/soledaddurazo.com\/storage\/2020\/09\/C71C0438-AAE4-40DB-B048-379B7AF91C95.jpeg","width":750,"height":375},{"@type":"WebPage","@id":"https:\/\/soledaddurazo.com\/blog\/2020\/09\/27\/las-mujeres-somos-unas-infiltradas\/#webpage","url":"https:\/\/soledaddurazo.com\/blog\/2020\/09\/27\/las-mujeres-somos-unas-infiltradas\/","name":"\u00a1Las mujeres somos unas infiltradas! - Periodista SoledadDurazo.com","isPartOf":{"@id":"https:\/\/soledaddurazo.com\/#website"},"primaryImageOfPage":{"@id":"https:\/\/soledaddurazo.com\/blog\/2020\/09\/27\/las-mujeres-somos-unas-infiltradas\/#primaryimage"},"datePublished":"2020-09-28T06:54:15+00:00","dateModified":"2020-09-28T06:54:15+00:00","breadcrumb":{"@id":"https:\/\/soledaddurazo.com\/blog\/2020\/09\/27\/las-mujeres-somos-unas-infiltradas\/#breadcrumb"},"inLanguage":"es","potentialAction":[{"@type":"ReadAction","target":["https:\/\/soledaddurazo.com\/blog\/2020\/09\/27\/las-mujeres-somos-unas-infiltradas\/"]}]},{"@type":"BreadcrumbList","@id":"https:\/\/soledaddurazo.com\/blog\/2020\/09\/27\/las-mujeres-somos-unas-infiltradas\/#breadcrumb","itemListElement":[{"@type":"ListItem","position":1,"name":"Home","item":"https:\/\/soledaddurazo.com\/"},{"@type":"ListItem","position":2,"name":"\u00a1Las mujeres somos unas infiltradas!"}]},{"@type":"Article","@id":"https:\/\/soledaddurazo.com\/blog\/2020\/09\/27\/las-mujeres-somos-unas-infiltradas\/#article","isPartOf":{"@id":"https:\/\/soledaddurazo.com\/blog\/2020\/09\/27\/las-mujeres-somos-unas-infiltradas\/#webpage"},"author":{"@id":"https:\/\/soledaddurazo.com\/#\/schema\/person\/822d8e13aa288585e6546f179853758b"},"headline":"\u00a1Las mujeres somos unas infiltradas!","datePublished":"2020-09-28T06:54:15+00:00","dateModified":"2020-09-28T06:54:15+00:00","mainEntityOfPage":{"@id":"https:\/\/soledaddurazo.com\/blog\/2020\/09\/27\/las-mujeres-somos-unas-infiltradas\/#webpage"},"wordCount":672,"commentCount":0,"publisher":{"@id":"https:\/\/soledaddurazo.com\/#organization"},"image":{"@id":"https:\/\/soledaddurazo.com\/blog\/2020\/09\/27\/las-mujeres-somos-unas-infiltradas\/#primaryimage"},"thumbnailUrl":"https:\/\/soledaddurazo.com\/storage\/2020\/09\/C71C0438-AAE4-40DB-B048-379B7AF91C95.jpeg","articleSection":["Lo digo como es"],"inLanguage":"es","potentialAction":[{"@type":"CommentAction","name":"Comment","target":["https:\/\/soledaddurazo.com\/blog\/2020\/09\/27\/las-mujeres-somos-unas-infiltradas\/#respond"]}]},{"@type":"Person","@id":"https:\/\/soledaddurazo.com\/#\/schema\/person\/822d8e13aa288585e6546f179853758b","name":"Redacci\u00f3n","image":{"@type":"ImageObject","@id":"https:\/\/soledaddurazo.com\/#personlogo","inLanguage":"es","url":"https:\/\/secure.gravatar.com\/avatar\/c4e193752f756fd61f04deebed3a3a20dc188d37edb53682d313ac57f2725d54?s=96&d=mm&r=g","contentUrl":"https:\/\/secure.gravatar.com\/avatar\/c4e193752f756fd61f04deebed3a3a20dc188d37edb53682d313ac57f2725d54?s=96&d=mm&r=g","caption":"Redacci\u00f3n"},"sameAs":["https:\/\/soledaddurazo.com"]}]}},"_links":{"self":[{"href":"https:\/\/soledaddurazo.com\/api\/wp\/v2\/posts\/2953","targetHints":{"allow":["GET"]}}],"collection":[{"href":"https:\/\/soledaddurazo.com\/api\/wp\/v2\/posts"}],"about":[{"href":"https:\/\/soledaddurazo.com\/api\/wp\/v2\/types\/post"}],"author":[{"embeddable":true,"href":"https:\/\/soledaddurazo.com\/api\/wp\/v2\/users\/1"}],"replies":[{"embeddable":true,"href":"https:\/\/soledaddurazo.com\/api\/wp\/v2\/comments?post=2953"}],"version-history":[{"count":1,"href":"https:\/\/soledaddurazo.com\/api\/wp\/v2\/posts\/2953\/revisions"}],"predecessor-version":[{"id":2954,"href":"https:\/\/soledaddurazo.com\/api\/wp\/v2\/posts\/2953\/revisions\/2954"}],"wp:featuredmedia":[{"embeddable":true,"href":"https:\/\/soledaddurazo.com\/api\/wp\/v2\/media\/2646"}],"wp:attachment":[{"href":"https:\/\/soledaddurazo.com\/api\/wp\/v2\/media?parent=2953"}],"wp:term":[{"taxonomy":"category","embeddable":true,"href":"https:\/\/soledaddurazo.com\/api\/wp\/v2\/categories?post=2953"},{"taxonomy":"post_tag","embeddable":true,"href":"https:\/\/soledaddurazo.com\/api\/wp\/v2\/tags?post=2953"}],"curies":[{"name":"wp","href":"https:\/\/api.w.org\/{rel}","templated":true}]}}