{"id":2772,"date":"2020-09-21T01:54:07","date_gmt":"2020-09-21T08:54:07","guid":{"rendered":"https:\/\/soledaddurazo.com\/?p=2772"},"modified":"2020-09-21T01:54:07","modified_gmt":"2020-09-21T08:54:07","slug":"graban-cine-en-sonora-en-medio-de-la-pandemia","status":"publish","type":"post","link":"https:\/\/soledaddurazo.com\/blog\/2020\/09\/21\/graban-cine-en-sonora-en-medio-de-la-pandemia\/","title":{"rendered":"Graban cine en Sonora en medio de la pandemia"},"content":{"rendered":"<p>Mientras el Sars-Cov-2 est\u00e1 deteniendo rodajes de producciones del tama\u00f1o de la nueva versi\u00f3n de The Batman (Matt Reeves, \u00bf2021?), en Sonora si no nos detiene el calor, menos el virus, pues la semana pasada se grab\u00f3 en Hermosillo el cortometraje \u2018Los quehaceres (2020)\u2019. Un proyecto dirigido por Daniel Guillen, y producido por Denisse Dur\u00f3n.<\/p>\n<p>El pasado viernes 18 de septiembre platicamos en exclusiva con el director de este cortometraje, que nos brind\u00f3 datos interesantes sobre la producci\u00f3n.<\/p>\n<ol>\n<li><strong>Andr\u00e9s Lechuga:<\/strong> Un gusto conocerte Daniel, \u00bfnos podr\u00edas platicar de qu\u00e9 trata el cortometraje?<\/li>\n<\/ol>\n<p><strong>Daniel Guillen:<\/strong> \u00ab\u2019Los quehaceres\u2019 cuenta la historia de Natalia, una se\u00f1ora mayor que vive sola en su casa, y todos los d\u00edas vive con sus rutinas: regar sus plantas, tomarse su caf\u00e9, leer el peri\u00f3dico y este tipo de cosas que la mantiene activa. [\u2026]. Un d\u00eda sucede algo que le cambia esta rutina, y ese rompimiento hace que se empiece a desmoronar\u00bb. \u00ab[\u2026] se da cuenta de la soledad en vive. A partir de eso ella empieza a vivir en un mundo entre la realidad y la magia. Se empieza a volver un poco m\u00e1gico su mundo, y ella est\u00e1 en espera de que llegue alguien a visitarla\u00bb.<\/p>\n<p><img loading=\"lazy\" decoding=\"async\" class=\"alignnone size-full wp-image-2773\" src=\"https:\/\/soledaddurazo.com\/storage\/2020\/09\/cine-1.jpg\" alt=\"\" width=\"1280\" height=\"714\" srcset=\"https:\/\/soledaddurazo.com\/storage\/2020\/09\/cine-1.jpg 1280w, https:\/\/soledaddurazo.com\/storage\/2020\/09\/cine-1-300x167.jpg 300w, https:\/\/soledaddurazo.com\/storage\/2020\/09\/cine-1-1024x571.jpg 1024w, https:\/\/soledaddurazo.com\/storage\/2020\/09\/cine-1-768x428.jpg 768w, https:\/\/soledaddurazo.com\/storage\/2020\/09\/cine-1-600x335.jpg 600w, https:\/\/soledaddurazo.com\/storage\/2020\/09\/cine-1-750x418.jpg 750w, https:\/\/soledaddurazo.com\/storage\/2020\/09\/cine-1-1140x636.jpg 1140w\" sizes=\"auto, (max-width: 1280px) 100vw, 1280px\" \/><\/p>\n<ol start=\"2\">\n<li><strong>Andr\u00e9s Lechuga:<\/strong> En estos d\u00edas que llevan de rodaje, \u00bfc\u00f3mo ha sido la din\u00e1mica y la carga de trabajo?<\/li>\n<\/ol>\n<p><strong>Daniel Guillen:<\/strong> \u00abHicimos un buen trabajo de preproducci\u00f3n junto con Denisse y Ricardo, que son los encargados de la producci\u00f3n del proyecto. Y eso nos ha facilitado que todo fluya m\u00e1s r\u00e1pido\u00bb. \u00abAqu\u00ed los personajes son una actriz y una casa, entonces las dos cosas son igual de importantes. Tuvimos el tiempo de preproducir y darle tratamiento a la casa que ocupaba, porque pasa el tiempo de la casa en la historia. Trabajamos con las personas que est\u00e1n encargadas del arte y todo ha fluido hasta c\u00f3mo llevamos el plan de trabajo [\u2026]. El rodaje no ha tenido ning\u00fan inconveniente, la actriz est\u00e1 superpuesta y s\u00faper bien actuando en personaje\u00bb.<\/p>\n<ol start=\"3\">\n<li><strong>Andr\u00e9s Lechuga:<\/strong> \u00bfEntonces, cu\u00e1nto tiempo durar\u00e1 el rodaje?<\/li>\n<\/ol>\n<p><strong>Daniel Guillen:<\/strong> \u00abEl rodaje dura tres d\u00edas. Ahora estamos en el segundo, ma\u00f1ana es el \u00faltimo d\u00eda. Es donde tenemos un poquito m\u00e1s de trabajo porque hay unas escenas donde vamos a hacer llover. Y en la misma lluvia hay sombras que van a danzar [\u2026]. Tambi\u00e9n tenemos una escena que implicaba trabajar con hormigas reales. Entonces pues esas s\u00ed que no las puedes dirigir\u00bb<\/p>\n<p><img loading=\"lazy\" decoding=\"async\" class=\"alignnone size-full wp-image-2774\" src=\"https:\/\/soledaddurazo.com\/storage\/2020\/09\/cine-2.jpg\" alt=\"\" width=\"1280\" height=\"714\" srcset=\"https:\/\/soledaddurazo.com\/storage\/2020\/09\/cine-2.jpg 1280w, https:\/\/soledaddurazo.com\/storage\/2020\/09\/cine-2-300x167.jpg 300w, https:\/\/soledaddurazo.com\/storage\/2020\/09\/cine-2-1024x571.jpg 1024w, https:\/\/soledaddurazo.com\/storage\/2020\/09\/cine-2-768x428.jpg 768w, https:\/\/soledaddurazo.com\/storage\/2020\/09\/cine-2-600x335.jpg 600w, https:\/\/soledaddurazo.com\/storage\/2020\/09\/cine-2-750x418.jpg 750w, https:\/\/soledaddurazo.com\/storage\/2020\/09\/cine-2-1140x636.jpg 1140w\" sizes=\"auto, (max-width: 1280px) 100vw, 1280px\" \/><\/p>\n<ol start=\"4\">\n<li><strong>Andr\u00e9s Lechuga:<\/strong> Ya que se tenga el corte final, \u00bfcu\u00e1ndo podremos verlo? \u00bfEstar\u00e1 disponible en alguna plataforma, o lo lanzar\u00e1n a ruta de festivales? Cu\u00e9ntame tu plan.<\/li>\n<\/ol>\n<p><strong>Daniel Guillen:<\/strong> \u00abPrimero es el FAPS. Cuando eres ganador de este fondo, se hace una presentaci\u00f3n que por lo regular ocurre en La Casa de La Cultura. Ahora por el rollo de la pandemia puede ser que sea en l\u00ednea, todav\u00eda no nos han informado. Pero lo m\u00e1s seguro es que se presente en diciembre [\u2026]\u00bb. Nota del autor: FAPS (Fondo de Apoyo a la Producci\u00f3n de cortometrajes de Sonora).<\/p>\n<ol start=\"5\">\n<li><strong>Andr\u00e9s Lechuga:<\/strong> \u00bfC\u00f3mo fue el proceso desde la inscripci\u00f3n al FAPS hasta el momento que anuncian el proyecto como ganador?<\/li>\n<\/ol>\n<p><strong>Daniel Guillen: <\/strong>\u00abEs la quinta ocasi\u00f3n que participamos con un gui\u00f3n. En particular este gui\u00f3n lo que tiene es personal, creo que el gui\u00f3n fue m\u00e1s s\u00f3lido [\u2026]. Y esta solidez se debe a esta investigaci\u00f3n que realizamos tambi\u00e9n mezclando la parte personal, con investigaci\u00f3n de las mujeres y adultos mayores. Que si vas a la colonia San Benito, ah\u00ed te los encuentras dentro de sus casas sentados, deseando platicar con alguien\u00bb.<\/p>\n<p><img loading=\"lazy\" decoding=\"async\" class=\"alignnone size-full wp-image-2775\" src=\"https:\/\/soledaddurazo.com\/storage\/2020\/09\/cine-3.jpg\" alt=\"\" width=\"1280\" height=\"714\" srcset=\"https:\/\/soledaddurazo.com\/storage\/2020\/09\/cine-3.jpg 1280w, https:\/\/soledaddurazo.com\/storage\/2020\/09\/cine-3-300x167.jpg 300w, https:\/\/soledaddurazo.com\/storage\/2020\/09\/cine-3-1024x571.jpg 1024w, https:\/\/soledaddurazo.com\/storage\/2020\/09\/cine-3-768x428.jpg 768w, https:\/\/soledaddurazo.com\/storage\/2020\/09\/cine-3-600x335.jpg 600w, https:\/\/soledaddurazo.com\/storage\/2020\/09\/cine-3-750x418.jpg 750w, https:\/\/soledaddurazo.com\/storage\/2020\/09\/cine-3-1140x636.jpg 1140w\" sizes=\"auto, (max-width: 1280px) 100vw, 1280px\" \/><\/p>\n<p>&nbsp;<\/p>\n<ol start=\"6\">\n<li><strong>Andr\u00e9s Lechuga:<\/strong> Con la contingencia actual por el coronavirus, \u00bfqu\u00e9 medidas de sanidad est\u00e1n tomando para salvaguardar el bienestar de todo el equipo?<\/li>\n<\/ol>\n<p><strong>Daniel Guillen:<\/strong> \u00abLo primero que hicimos fue reducir el crew a la mitad [\u2026]. Hemos estado trabajando con cubrebocas, y desinfectando las manos constantemente. Al igual a donde nos movemos tenemos estos tapetes desinfectantes, y hace poco nos realizamos una prueba la productora, el asistente de direcci\u00f3n y yo. Quienes \u00e9ramos los que \u00edbamos a estar en contacto con la actriz\u00bb. \u00abCuando est\u00e1 la actriz, tratamos de tener distanciamiento. Solamente entran las personas que se tengan que acercar. [\u2026] se hace un poquito m\u00e1s tardado el proceso, pero ya nos estamos adaptando\u00bb.<\/p>\n<ol start=\"7\">\n<li><strong> Andr\u00e9s Lechuga:<\/strong> Para finalizar, \u00bfalg\u00fan consejo que puedas dar a los j\u00f3venes de Sonora que deseen ser cineastas? Y por miedo general, o a la pandemia, no se atreven a empezar.<\/li>\n<\/ol>\n<p><strong>Daniel Guillen:<\/strong> \u00abCreo que primero hay que tener un gui\u00f3n, y para tener un gui\u00f3n ocupas un papel y una pluma, y mucha imaginaci\u00f3n. Qu\u00e9 exploren dentro de ellos porqu\u00e9 las historias est\u00e1n en nosotros mismos y en nuestro alrededor. Qu\u00e9 se suelten, y no se ocupa el s\u00faper equipo para comenzar [\u2026]\u00bb.<\/p>\n<p><strong>Agreg\u00f3:<\/strong> \u00abEstamos viviendo una etapa muy rica cinematogr\u00e1ficamente hablando aqu\u00ed en Sonora. Se est\u00e1n haciendo muchos proyectos, y las instituciones est\u00e1n apoyando. Hay varias formas de poder participar en convocatorias que te ayudan a realizar estos proyectos\u00bb.<\/p>\n<p><strong>Enfatiz\u00f3: \u00abQue se avienten, que cuenten historias, que mucha falta hace\u00bb. <\/strong><\/p>\n<p>Daniel Guillen ha dirigido anteriormente proyectos como \u2018Mon (2010)\u2019 y \u2018El llanto del Charal (2013)\u2019 en donde se destaca su trabajo junto a Denisse Dur\u00f3n, y de igual manera su \u00e9xito en pa\u00edses como Alemania, y Colombia. Y en M\u00e9xico, donde los trabajos han sido parte de festivales de cine en Monterrey, Ciudad Ju\u00e1rez y \u00c1lamos<\/p>\n<p><img loading=\"lazy\" decoding=\"async\" class=\"alignnone size-full wp-image-2776\" src=\"https:\/\/soledaddurazo.com\/storage\/2020\/09\/cine-4.jpg\" alt=\"\" width=\"1280\" height=\"714\" srcset=\"https:\/\/soledaddurazo.com\/storage\/2020\/09\/cine-4.jpg 1280w, https:\/\/soledaddurazo.com\/storage\/2020\/09\/cine-4-300x167.jpg 300w, https:\/\/soledaddurazo.com\/storage\/2020\/09\/cine-4-1024x571.jpg 1024w, https:\/\/soledaddurazo.com\/storage\/2020\/09\/cine-4-768x428.jpg 768w, https:\/\/soledaddurazo.com\/storage\/2020\/09\/cine-4-600x335.jpg 600w, https:\/\/soledaddurazo.com\/storage\/2020\/09\/cine-4-750x418.jpg 750w, https:\/\/soledaddurazo.com\/storage\/2020\/09\/cine-4-1140x636.jpg 1140w\" sizes=\"auto, (max-width: 1280px) 100vw, 1280px\" \/><\/p>\n<p>\u2018Los quehaceres\u2019 es una producci\u00f3n de HolaFilms, protagonizada por Lucarmen Galindo. Es dirigido, escrito y fotografiado por Daniel Guillen, y producido por Denisse Dur\u00f3n. Tendr\u00e1 una duraci\u00f3n aproximada de entre diez y doce minutos, y su fecha tentativa de estreno es el pr\u00f3ximo mes de diciembre.<\/p>\n<p>Fotograf\u00edas: cortes\u00eda HolaFilms<\/p>\n<p><strong>INFORMACI\u00d3N DEL AUTOR: <\/strong><\/p>\n<p>Andr\u00e9s Lechuga es Lic. en Ciencias de la Comunicaci\u00f3n por la Universidad de Sonora. Es periodista, y escritor amante del cine.<\/p>\n<p>Tambi\u00e9n habla sobre \u00e9l en Fuera de Foco.<\/p>\n<p>&nbsp;<\/p>\n<p>S\u00edguelo en sus redes sociales:<\/p>\n<p>Facebook: \/@AndresLechugaOficial\/<\/p>\n<p>YouTube: <a href=\"https:\/\/bit.ly\/2yoERLk\">https:\/\/bit.ly\/2yoERLk<\/a><\/p>\n<p>Twitter: \/@AndresLechugaH<\/p>\n<p>Correo: andreslechugacontacto@gmail.com<\/p>\n","protected":false},"excerpt":{"rendered":"<p>Mientras el Sars-Cov-2 est\u00e1 deteniendo rodajes de producciones del tama\u00f1o de la nueva versi\u00f3n de The Batman (Matt Reeves, \u00bf2021?), en Sonora si no nos detiene el calor, menos el virus, pues la semana pasada se grab\u00f3 en Hermosillo el cortometraje \u2018Los quehaceres (2020)\u2019. Un proyecto dirigido por Daniel Guillen, y producido por Denisse Dur\u00f3n. [&hellip;]<\/p>\n","protected":false},"author":1,"featured_media":2777,"comment_status":"open","ping_status":"open","sticky":false,"template":"","format":"standard","meta":{"footnotes":""},"categories":[1],"tags":[],"class_list":["post"],"yoast_head":" \n<title>Graban cine en Sonora en medio de la pandemia - Periodista SoledadDurazo.com<\/title>\n<meta name=\"robots\" content=\"index, follow, max-snippet:-1, max-image-preview:large, max-video-preview:-1\" \/>\n<link rel=\"canonical\" href=\"https:\/\/soledaddurazo.com\/blog\/2020\/09\/21\/graban-cine-en-sonora-en-medio-de-la-pandemia\/\" \/>\n<meta property=\"og:locale\" content=\"es_MX\" \/>\n<meta property=\"og:type\" content=\"article\" \/>\n<meta property=\"og:title\" content=\"Graban cine en Sonora en medio de la pandemia\" \/>\n<meta property=\"og:description\" content=\"Mientras el Sars-Cov-2 est\u00e1 deteniendo rodajes de producciones del tama\u00f1o de la nueva versi\u00f3n de The Batman (Matt Reeves, \u00bf2021?), en Sonora si no nos detiene el calor, menos el virus, pues la semana pasada se grab\u00f3 en Hermosillo el cortometraje \u2018Los quehaceres (2020)\u2019. Un proyecto dirigido por Daniel Guillen, y producido por Denisse Dur\u00f3n. [&hellip;]\" \/>\n<meta property=\"og:url\" content=\"https:\/\/soledaddurazo.com\/blog\/2020\/09\/21\/graban-cine-en-sonora-en-medio-de-la-pandemia\/\" \/>\n<meta property=\"og:site_name\" content=\"Periodista SoledadDurazo.com\" \/>\n<meta property=\"article:publisher\" content=\"https:\/\/www.facebook.com\/soledad.durazo.9\/\" \/>\n<meta property=\"article:published_time\" content=\"2020-09-21T08:54:07+00:00\" \/>\n<meta property=\"og:image\" content=\"https:\/\/soledaddurazo.com\/storage\/2020\/09\/WhatsApp-Image-2020-06-14-at-16.49.22-1.jpeg\" \/>\n\t<meta property=\"og:image:width\" content=\"1079\" \/>\n\t<meta property=\"og:image:height\" content=\"889\" \/>\n<meta name=\"twitter:card\" content=\"summary_large_image\" \/>\n<meta name=\"twitter:creator\" content=\"@SoledadDurazo\" \/>\n<meta name=\"twitter:site\" content=\"@SoledadDurazo\" \/>\n<meta name=\"twitter:label1\" content=\"Escrito por\" \/>\n\t<meta name=\"twitter:data1\" content=\"Redacci\u00f3n\" \/>\n\t<meta name=\"twitter:label2\" content=\"Tiempo de lectura\" \/>\n\t<meta name=\"twitter:data2\" content=\"5 minutos\" \/>\n<script type=\"application\/ld+json\" class=\"yoast-schema-graph\">{\"@context\":\"https:\/\/schema.org\",\"@graph\":[{\"@type\":\"Organization\",\"@id\":\"https:\/\/soledaddurazo.com\/#organization\",\"name\":\"Soledad Durazo\",\"url\":\"https:\/\/soledaddurazo.com\/\",\"sameAs\":[\"https:\/\/www.facebook.com\/soledad.durazo.9\/\",\"https:\/\/www.instagram.com\/soledaddurazo\",\"https:\/\/www.youtube.com\/channel\/UC9yGPw8-Vbl_B2XNkRwPS-w\",\"https:\/\/twitter.com\/SoledadDurazo\"],\"logo\":{\"@type\":\"ImageObject\",\"@id\":\"https:\/\/soledaddurazo.com\/#logo\",\"inLanguage\":\"es\",\"url\":\"https:\/\/soledaddurazo.com\/storage\/2021\/11\/nllp-720x375-1-2.png\",\"contentUrl\":\"https:\/\/soledaddurazo.com\/storage\/2021\/11\/nllp-720x375-1-2.png\",\"width\":720,\"height\":375,\"caption\":\"Soledad Durazo\"},\"image\":{\"@id\":\"https:\/\/soledaddurazo.com\/#logo\"}},{\"@type\":\"WebSite\",\"@id\":\"https:\/\/soledaddurazo.com\/#website\",\"url\":\"https:\/\/soledaddurazo.com\/\",\"name\":\"Periodista SoledadDurazo.com\",\"description\":\"Periodista sonorense. Directora de www.SoledadDurazo.com Columnista, conductora de radio y Tv. Catedr\\u00e1tica en la UNISON\",\"publisher\":{\"@id\":\"https:\/\/soledaddurazo.com\/#organization\"},\"potentialAction\":[{\"@type\":\"SearchAction\",\"target\":{\"@type\":\"EntryPoint\",\"urlTemplate\":\"https:\/\/soledaddurazo.com\/?s={search_term_string}\"},\"query-input\":\"required name=search_term_string\"}],\"inLanguage\":\"es\"},{\"@type\":\"ImageObject\",\"@id\":\"https:\/\/soledaddurazo.com\/blog\/2020\/09\/21\/graban-cine-en-sonora-en-medio-de-la-pandemia\/#primaryimage\",\"inLanguage\":\"es\",\"url\":\"https:\/\/soledaddurazo.com\/storage\/2020\/09\/WhatsApp-Image-2020-06-14-at-16.49.22-1.jpeg\",\"contentUrl\":\"https:\/\/soledaddurazo.com\/storage\/2020\/09\/WhatsApp-Image-2020-06-14-at-16.49.22-1.jpeg\",\"width\":1079,\"height\":889},{\"@type\":\"WebPage\",\"@id\":\"https:\/\/soledaddurazo.com\/blog\/2020\/09\/21\/graban-cine-en-sonora-en-medio-de-la-pandemia\/#webpage\",\"url\":\"https:\/\/soledaddurazo.com\/blog\/2020\/09\/21\/graban-cine-en-sonora-en-medio-de-la-pandemia\/\",\"name\":\"Graban cine en Sonora en medio de la pandemia - Periodista SoledadDurazo.com\",\"isPartOf\":{\"@id\":\"https:\/\/soledaddurazo.com\/#website\"},\"primaryImageOfPage\":{\"@id\":\"https:\/\/soledaddurazo.com\/blog\/2020\/09\/21\/graban-cine-en-sonora-en-medio-de-la-pandemia\/#primaryimage\"},\"datePublished\":\"2020-09-21T08:54:07+00:00\",\"dateModified\":\"2020-09-21T08:54:07+00:00\",\"breadcrumb\":{\"@id\":\"https:\/\/soledaddurazo.com\/blog\/2020\/09\/21\/graban-cine-en-sonora-en-medio-de-la-pandemia\/#breadcrumb\"},\"inLanguage\":\"es\",\"potentialAction\":[{\"@type\":\"ReadAction\",\"target\":[\"https:\/\/soledaddurazo.com\/blog\/2020\/09\/21\/graban-cine-en-sonora-en-medio-de-la-pandemia\/\"]}]},{\"@type\":\"BreadcrumbList\",\"@id\":\"https:\/\/soledaddurazo.com\/blog\/2020\/09\/21\/graban-cine-en-sonora-en-medio-de-la-pandemia\/#breadcrumb\",\"itemListElement\":[{\"@type\":\"ListItem\",\"position\":1,\"name\":\"Home\",\"item\":\"https:\/\/soledaddurazo.com\/\"},{\"@type\":\"ListItem\",\"position\":2,\"name\":\"Graban cine en Sonora en medio de la pandemia\"}]},{\"@type\":\"Article\",\"@id\":\"https:\/\/soledaddurazo.com\/blog\/2020\/09\/21\/graban-cine-en-sonora-en-medio-de-la-pandemia\/#article\",\"isPartOf\":{\"@id\":\"https:\/\/soledaddurazo.com\/blog\/2020\/09\/21\/graban-cine-en-sonora-en-medio-de-la-pandemia\/#webpage\"},\"author\":{\"@id\":\"https:\/\/soledaddurazo.com\/#\/schema\/person\/822d8e13aa288585e6546f179853758b\"},\"headline\":\"Graban cine en Sonora en medio de la pandemia\",\"datePublished\":\"2020-09-21T08:54:07+00:00\",\"dateModified\":\"2020-09-21T08:54:07+00:00\",\"mainEntityOfPage\":{\"@id\":\"https:\/\/soledaddurazo.com\/blog\/2020\/09\/21\/graban-cine-en-sonora-en-medio-de-la-pandemia\/#webpage\"},\"wordCount\":1072,\"commentCount\":0,\"publisher\":{\"@id\":\"https:\/\/soledaddurazo.com\/#organization\"},\"image\":{\"@id\":\"https:\/\/soledaddurazo.com\/blog\/2020\/09\/21\/graban-cine-en-sonora-en-medio-de-la-pandemia\/#primaryimage\"},\"thumbnailUrl\":\"https:\/\/soledaddurazo.com\/storage\/2020\/09\/WhatsApp-Image-2020-06-14-at-16.49.22-1.jpeg\",\"inLanguage\":\"es\",\"potentialAction\":[{\"@type\":\"CommentAction\",\"name\":\"Comment\",\"target\":[\"https:\/\/soledaddurazo.com\/blog\/2020\/09\/21\/graban-cine-en-sonora-en-medio-de-la-pandemia\/#respond\"]}]},{\"@type\":\"Person\",\"@id\":\"https:\/\/soledaddurazo.com\/#\/schema\/person\/822d8e13aa288585e6546f179853758b\",\"name\":\"Redacci\\u00f3n\",\"image\":{\"@type\":\"ImageObject\",\"@id\":\"https:\/\/soledaddurazo.com\/#personlogo\",\"inLanguage\":\"es\",\"url\":\"https:\/\/secure.gravatar.com\/avatar\/c4e193752f756fd61f04deebed3a3a20dc188d37edb53682d313ac57f2725d54?s=96&d=mm&r=g\",\"contentUrl\":\"https:\/\/secure.gravatar.com\/avatar\/c4e193752f756fd61f04deebed3a3a20dc188d37edb53682d313ac57f2725d54?s=96&d=mm&r=g\",\"caption\":\"Redacci\\u00f3n\"},\"sameAs\":[\"https:\/\/soledaddurazo.com\"]}]}<\/script>\n ","yoast_head_json":{"title":"Graban cine en Sonora en medio de la pandemia - Periodista SoledadDurazo.com","robots":{"index":"index","follow":"follow","max-snippet":"max-snippet:-1","max-image-preview":"max-image-preview:large","max-video-preview":"max-video-preview:-1"},"canonical":"https:\/\/soledaddurazo.com\/blog\/2020\/09\/21\/graban-cine-en-sonora-en-medio-de-la-pandemia\/","og_locale":"es_MX","og_type":"article","og_title":"Graban cine en Sonora en medio de la pandemia","og_description":"Mientras el Sars-Cov-2 est\u00e1 deteniendo rodajes de producciones del tama\u00f1o de la nueva versi\u00f3n de The Batman (Matt Reeves, \u00bf2021?), en Sonora si no nos detiene el calor, menos el virus, pues la semana pasada se grab\u00f3 en Hermosillo el cortometraje \u2018Los quehaceres (2020)\u2019. Un proyecto dirigido por Daniel Guillen, y producido por Denisse Dur\u00f3n. [&hellip;]","og_url":"https:\/\/soledaddurazo.com\/blog\/2020\/09\/21\/graban-cine-en-sonora-en-medio-de-la-pandemia\/","og_site_name":"Periodista SoledadDurazo.com","article_publisher":"https:\/\/www.facebook.com\/soledad.durazo.9\/","article_published_time":"2020-09-21T08:54:07+00:00","og_image":[{"width":1079,"height":889,"url":"https:\/\/soledaddurazo.com\/storage\/2020\/09\/WhatsApp-Image-2020-06-14-at-16.49.22-1.jpeg","type":"image\/jpeg"}],"twitter_card":"summary_large_image","twitter_creator":"@SoledadDurazo","twitter_site":"@SoledadDurazo","twitter_misc":{"Escrito por":"Redacci\u00f3n","Tiempo de lectura":"5 minutos"},"schema":{"@context":"https:\/\/schema.org","@graph":[{"@type":"Organization","@id":"https:\/\/soledaddurazo.com\/#organization","name":"Soledad Durazo","url":"https:\/\/soledaddurazo.com\/","sameAs":["https:\/\/www.facebook.com\/soledad.durazo.9\/","https:\/\/www.instagram.com\/soledaddurazo","https:\/\/www.youtube.com\/channel\/UC9yGPw8-Vbl_B2XNkRwPS-w","https:\/\/twitter.com\/SoledadDurazo"],"logo":{"@type":"ImageObject","@id":"https:\/\/soledaddurazo.com\/#logo","inLanguage":"es","url":"https:\/\/soledaddurazo.com\/storage\/2021\/11\/nllp-720x375-1-2.png","contentUrl":"https:\/\/soledaddurazo.com\/storage\/2021\/11\/nllp-720x375-1-2.png","width":720,"height":375,"caption":"Soledad Durazo"},"image":{"@id":"https:\/\/soledaddurazo.com\/#logo"}},{"@type":"WebSite","@id":"https:\/\/soledaddurazo.com\/#website","url":"https:\/\/soledaddurazo.com\/","name":"Periodista SoledadDurazo.com","description":"Periodista sonorense. Directora de www.SoledadDurazo.com Columnista, conductora de radio y Tv. Catedr\u00e1tica en la UNISON","publisher":{"@id":"https:\/\/soledaddurazo.com\/#organization"},"potentialAction":[{"@type":"SearchAction","target":{"@type":"EntryPoint","urlTemplate":"https:\/\/soledaddurazo.com\/?s={search_term_string}"},"query-input":"required name=search_term_string"}],"inLanguage":"es"},{"@type":"ImageObject","@id":"https:\/\/soledaddurazo.com\/blog\/2020\/09\/21\/graban-cine-en-sonora-en-medio-de-la-pandemia\/#primaryimage","inLanguage":"es","url":"https:\/\/soledaddurazo.com\/storage\/2020\/09\/WhatsApp-Image-2020-06-14-at-16.49.22-1.jpeg","contentUrl":"https:\/\/soledaddurazo.com\/storage\/2020\/09\/WhatsApp-Image-2020-06-14-at-16.49.22-1.jpeg","width":1079,"height":889},{"@type":"WebPage","@id":"https:\/\/soledaddurazo.com\/blog\/2020\/09\/21\/graban-cine-en-sonora-en-medio-de-la-pandemia\/#webpage","url":"https:\/\/soledaddurazo.com\/blog\/2020\/09\/21\/graban-cine-en-sonora-en-medio-de-la-pandemia\/","name":"Graban cine en Sonora en medio de la pandemia - Periodista SoledadDurazo.com","isPartOf":{"@id":"https:\/\/soledaddurazo.com\/#website"},"primaryImageOfPage":{"@id":"https:\/\/soledaddurazo.com\/blog\/2020\/09\/21\/graban-cine-en-sonora-en-medio-de-la-pandemia\/#primaryimage"},"datePublished":"2020-09-21T08:54:07+00:00","dateModified":"2020-09-21T08:54:07+00:00","breadcrumb":{"@id":"https:\/\/soledaddurazo.com\/blog\/2020\/09\/21\/graban-cine-en-sonora-en-medio-de-la-pandemia\/#breadcrumb"},"inLanguage":"es","potentialAction":[{"@type":"ReadAction","target":["https:\/\/soledaddurazo.com\/blog\/2020\/09\/21\/graban-cine-en-sonora-en-medio-de-la-pandemia\/"]}]},{"@type":"BreadcrumbList","@id":"https:\/\/soledaddurazo.com\/blog\/2020\/09\/21\/graban-cine-en-sonora-en-medio-de-la-pandemia\/#breadcrumb","itemListElement":[{"@type":"ListItem","position":1,"name":"Home","item":"https:\/\/soledaddurazo.com\/"},{"@type":"ListItem","position":2,"name":"Graban cine en Sonora en medio de la pandemia"}]},{"@type":"Article","@id":"https:\/\/soledaddurazo.com\/blog\/2020\/09\/21\/graban-cine-en-sonora-en-medio-de-la-pandemia\/#article","isPartOf":{"@id":"https:\/\/soledaddurazo.com\/blog\/2020\/09\/21\/graban-cine-en-sonora-en-medio-de-la-pandemia\/#webpage"},"author":{"@id":"https:\/\/soledaddurazo.com\/#\/schema\/person\/822d8e13aa288585e6546f179853758b"},"headline":"Graban cine en Sonora en medio de la pandemia","datePublished":"2020-09-21T08:54:07+00:00","dateModified":"2020-09-21T08:54:07+00:00","mainEntityOfPage":{"@id":"https:\/\/soledaddurazo.com\/blog\/2020\/09\/21\/graban-cine-en-sonora-en-medio-de-la-pandemia\/#webpage"},"wordCount":1072,"commentCount":0,"publisher":{"@id":"https:\/\/soledaddurazo.com\/#organization"},"image":{"@id":"https:\/\/soledaddurazo.com\/blog\/2020\/09\/21\/graban-cine-en-sonora-en-medio-de-la-pandemia\/#primaryimage"},"thumbnailUrl":"https:\/\/soledaddurazo.com\/storage\/2020\/09\/WhatsApp-Image-2020-06-14-at-16.49.22-1.jpeg","inLanguage":"es","potentialAction":[{"@type":"CommentAction","name":"Comment","target":["https:\/\/soledaddurazo.com\/blog\/2020\/09\/21\/graban-cine-en-sonora-en-medio-de-la-pandemia\/#respond"]}]},{"@type":"Person","@id":"https:\/\/soledaddurazo.com\/#\/schema\/person\/822d8e13aa288585e6546f179853758b","name":"Redacci\u00f3n","image":{"@type":"ImageObject","@id":"https:\/\/soledaddurazo.com\/#personlogo","inLanguage":"es","url":"https:\/\/secure.gravatar.com\/avatar\/c4e193752f756fd61f04deebed3a3a20dc188d37edb53682d313ac57f2725d54?s=96&d=mm&r=g","contentUrl":"https:\/\/secure.gravatar.com\/avatar\/c4e193752f756fd61f04deebed3a3a20dc188d37edb53682d313ac57f2725d54?s=96&d=mm&r=g","caption":"Redacci\u00f3n"},"sameAs":["https:\/\/soledaddurazo.com"]}]}},"_links":{"self":[{"href":"https:\/\/soledaddurazo.com\/api\/wp\/v2\/posts\/2772","targetHints":{"allow":["GET"]}}],"collection":[{"href":"https:\/\/soledaddurazo.com\/api\/wp\/v2\/posts"}],"about":[{"href":"https:\/\/soledaddurazo.com\/api\/wp\/v2\/types\/post"}],"author":[{"embeddable":true,"href":"https:\/\/soledaddurazo.com\/api\/wp\/v2\/users\/1"}],"replies":[{"embeddable":true,"href":"https:\/\/soledaddurazo.com\/api\/wp\/v2\/comments?post=2772"}],"version-history":[{"count":1,"href":"https:\/\/soledaddurazo.com\/api\/wp\/v2\/posts\/2772\/revisions"}],"predecessor-version":[{"id":2778,"href":"https:\/\/soledaddurazo.com\/api\/wp\/v2\/posts\/2772\/revisions\/2778"}],"wp:featuredmedia":[{"embeddable":true,"href":"https:\/\/soledaddurazo.com\/api\/wp\/v2\/media\/2777"}],"wp:attachment":[{"href":"https:\/\/soledaddurazo.com\/api\/wp\/v2\/media?parent=2772"}],"wp:term":[{"taxonomy":"category","embeddable":true,"href":"https:\/\/soledaddurazo.com\/api\/wp\/v2\/categories?post=2772"},{"taxonomy":"post_tag","embeddable":true,"href":"https:\/\/soledaddurazo.com\/api\/wp\/v2\/tags?post=2772"}],"curies":[{"name":"wp","href":"https:\/\/api.w.org\/{rel}","templated":true}]}}