{"id":27474,"date":"2026-09-04T20:56:52","date_gmt":"2026-09-05T03:56:52","guid":{"rendered":"https:\/\/soledaddurazo.com\/?p=27474"},"modified":"2026-09-04T20:56:52","modified_gmt":"2026-09-05T03:56:52","slug":"omar-del-valle-colosio-refrenda-respaldo-a-sheinbaum-y-llama-a-mantener-coordinacion-desde-sonora","status":"publish","type":"post","link":"https:\/\/soledaddurazo.com\/blog\/2026\/09\/04\/omar-del-valle-colosio-refrenda-respaldo-a-sheinbaum-y-llama-a-mantener-coordinacion-desde-sonora\/","title":{"rendered":"Omar Del Valle Colosio refrenda respaldo a Sheinbaum y llama a mantener coordinaci\u00f3n desde Sonora"},"content":{"rendered":"<p>A dos a\u00f1os del inicio de la administraci\u00f3n federal encabezada por Claudia Sheinbaum, el diputado local Omar Del Valle Colosio asegur\u00f3 que mantendr\u00e1 su respaldo al proyecto de transformaci\u00f3n y plante\u00f3 la importancia de fortalecer la coordinaci\u00f3n entre los distintos niveles de gobierno.<\/p>\n<p>&nbsp;<\/p>\n<p>El legislador consider\u00f3 que los avances de las pol\u00edticas impulsadas desde el Gobierno Federal deben traducirse en beneficios concretos para las familias sonorenses, por lo que, dijo, es necesario mantener el trabajo conjunto entre autoridades.<\/p>\n<p>&nbsp;<\/p>\n<p>\u201cA dos a\u00f1os del gobierno de nuestra presidenta Claudia Sheinbaum, reafirmamos nuestro compromiso con la transformaci\u00f3n. Es tiempo de seguir avanzando con unidad, responsabilidad y cerca de la gente\u201d, se\u00f1al\u00f3.<\/p>\n<p>&nbsp;<\/p>\n<p>Del Valle Colosio sostuvo que desde el Congreso de Sonora continuar\u00e1 impulsando acciones que, desde su perspectiva, representen beneficios para la poblaci\u00f3n, adem\u00e1s de respaldar las pol\u00edticas promovidas por la presidenta Claudia Sheinbaum y el gobernador Alfonso Durazo.<\/p>\n<p>&nbsp;<\/p>\n<p>El diputado tambi\u00e9n llam\u00f3 a mantener una pol\u00edtica cercana a la ciudadan\u00eda y sostuvo que la continuidad del proyecto debe reflejarse en resultados concretos en los municipios y comunidades del estado.<\/p>\n<p>&nbsp;<\/p>\n<p>\u201cLa transformaci\u00f3n se defiende con hechos, con trabajo y estando cerca de la gente. Desde Sonora seguimos haciendo lo que nos toca para que este proyecto avance\u201d, afirm\u00f3.<\/p>\n<p>&nbsp;<\/p>\n<p>Con este posicionamiento, el legislador reiter\u00f3 que continuar\u00e1 trabajando desde su responsabilidad en el Congreso local para acompa\u00f1ar las acciones de los gobiernos federal y estatal.<\/p>\n","protected":false},"excerpt":{"rendered":"<p>A dos a\u00f1os del inicio de la administraci\u00f3n federal encabezada por Claudia Sheinbaum, el diputado local Omar Del Valle Colosio asegur\u00f3 que mantendr\u00e1 su respaldo al proyecto de transformaci\u00f3n y plante\u00f3 la importancia de fortalecer la coordinaci\u00f3n entre los distintos niveles de gobierno. &nbsp; El legislador consider\u00f3 que los avances de las pol\u00edticas impulsadas desde [&hellip;]<\/p>\n","protected":false},"author":1,"featured_media":27475,"comment_status":"open","ping_status":"open","sticky":false,"template":"","format":"standard","meta":{"footnotes":""},"categories":[160],"tags":[],"class_list":["post"],"yoast_head":" \n<title>Omar Del Valle Colosio refrenda respaldo a Sheinbaum y llama a mantener coordinaci\u00f3n desde Sonora - Periodista SoledadDurazo.com<\/title>\n<meta name=\"robots\" content=\"index, follow, max-snippet:-1, max-image-preview:large, max-video-preview:-1\" \/>\n<link rel=\"canonical\" href=\"https:\/\/soledaddurazo.com\/blog\/2026\/09\/04\/omar-del-valle-colosio-refrenda-respaldo-a-sheinbaum-y-llama-a-mantener-coordinacion-desde-sonora\/\" \/>\n<meta property=\"og:locale\" content=\"es_MX\" \/>\n<meta property=\"og:type\" content=\"article\" \/>\n<meta property=\"og:title\" content=\"Omar Del Valle Colosio refrenda respaldo a Sheinbaum y llama a mantener coordinaci\u00f3n desde Sonora\" \/>\n<meta property=\"og:description\" content=\"A dos a\u00f1os del inicio de la administraci\u00f3n federal encabezada por Claudia Sheinbaum, el diputado local Omar Del Valle Colosio asegur\u00f3 que mantendr\u00e1 su respaldo al proyecto de transformaci\u00f3n y plante\u00f3 la importancia de fortalecer la coordinaci\u00f3n entre los distintos niveles de gobierno. &nbsp; El legislador consider\u00f3 que los avances de las pol\u00edticas impulsadas desde [&hellip;]\" \/>\n<meta property=\"og:url\" content=\"https:\/\/soledaddurazo.com\/blog\/2026\/09\/04\/omar-del-valle-colosio-refrenda-respaldo-a-sheinbaum-y-llama-a-mantener-coordinacion-desde-sonora\/\" \/>\n<meta property=\"og:site_name\" content=\"Periodista SoledadDurazo.com\" \/>\n<meta property=\"article:publisher\" content=\"https:\/\/www.facebook.com\/soledad.durazo.9\/\" \/>\n<meta property=\"article:published_time\" content=\"2026-09-05T03:56:52+00:00\" \/>\n<meta property=\"og:image\" content=\"https:\/\/soledaddurazo.com\/storage\/2026\/09\/IMG-20260904-WA0102.jpg\" \/>\n\t<meta property=\"og:image:width\" content=\"1280\" \/>\n\t<meta property=\"og:image:height\" content=\"854\" \/>\n<meta name=\"twitter:card\" content=\"summary_large_image\" \/>\n<meta name=\"twitter:creator\" content=\"@SoledadDurazo\" \/>\n<meta name=\"twitter:site\" content=\"@SoledadDurazo\" \/>\n<meta name=\"twitter:label1\" content=\"Escrito por\" \/>\n\t<meta name=\"twitter:data1\" content=\"Redacci\u00f3n\" \/>\n\t<meta name=\"twitter:label2\" content=\"Tiempo de lectura\" \/>\n\t<meta name=\"twitter:data2\" content=\"1 minuto\" \/>\n<script type=\"application\/ld+json\" class=\"yoast-schema-graph\">{\"@context\":\"https:\/\/schema.org\",\"@graph\":[{\"@type\":\"Organization\",\"@id\":\"https:\/\/soledaddurazo.com\/#organization\",\"name\":\"Soledad Durazo\",\"url\":\"https:\/\/soledaddurazo.com\/\",\"sameAs\":[\"https:\/\/www.facebook.com\/soledad.durazo.9\/\",\"https:\/\/www.instagram.com\/soledaddurazo\",\"https:\/\/www.youtube.com\/channel\/UC9yGPw8-Vbl_B2XNkRwPS-w\",\"https:\/\/twitter.com\/SoledadDurazo\"],\"logo\":{\"@type\":\"ImageObject\",\"@id\":\"https:\/\/soledaddurazo.com\/#logo\",\"inLanguage\":\"es\",\"url\":\"https:\/\/soledaddurazo.com\/storage\/2021\/11\/nllp-720x375-1-2.png\",\"contentUrl\":\"https:\/\/soledaddurazo.com\/storage\/2021\/11\/nllp-720x375-1-2.png\",\"width\":720,\"height\":375,\"caption\":\"Soledad Durazo\"},\"image\":{\"@id\":\"https:\/\/soledaddurazo.com\/#logo\"}},{\"@type\":\"WebSite\",\"@id\":\"https:\/\/soledaddurazo.com\/#website\",\"url\":\"https:\/\/soledaddurazo.com\/\",\"name\":\"Periodista SoledadDurazo.com\",\"description\":\"Periodista sonorense. Directora de www.SoledadDurazo.com Columnista, conductora de radio y Tv. Catedr\\u00e1tica en la UNISON\",\"publisher\":{\"@id\":\"https:\/\/soledaddurazo.com\/#organization\"},\"potentialAction\":[{\"@type\":\"SearchAction\",\"target\":{\"@type\":\"EntryPoint\",\"urlTemplate\":\"https:\/\/soledaddurazo.com\/?s={search_term_string}\"},\"query-input\":\"required name=search_term_string\"}],\"inLanguage\":\"es\"},{\"@type\":\"ImageObject\",\"@id\":\"https:\/\/soledaddurazo.com\/blog\/2026\/09\/04\/omar-del-valle-colosio-refrenda-respaldo-a-sheinbaum-y-llama-a-mantener-coordinacion-desde-sonora\/#primaryimage\",\"inLanguage\":\"es\",\"url\":\"https:\/\/soledaddurazo.com\/storage\/2026\/09\/IMG-20260904-WA0102.jpg\",\"contentUrl\":\"https:\/\/soledaddurazo.com\/storage\/2026\/09\/IMG-20260904-WA0102.jpg\",\"width\":1280,\"height\":854},{\"@type\":\"WebPage\",\"@id\":\"https:\/\/soledaddurazo.com\/blog\/2026\/09\/04\/omar-del-valle-colosio-refrenda-respaldo-a-sheinbaum-y-llama-a-mantener-coordinacion-desde-sonora\/#webpage\",\"url\":\"https:\/\/soledaddurazo.com\/blog\/2026\/09\/04\/omar-del-valle-colosio-refrenda-respaldo-a-sheinbaum-y-llama-a-mantener-coordinacion-desde-sonora\/\",\"name\":\"Omar Del Valle Colosio refrenda respaldo a Sheinbaum y llama a mantener coordinaci\\u00f3n desde Sonora - Periodista SoledadDurazo.com\",\"isPartOf\":{\"@id\":\"https:\/\/soledaddurazo.com\/#website\"},\"primaryImageOfPage\":{\"@id\":\"https:\/\/soledaddurazo.com\/blog\/2026\/09\/04\/omar-del-valle-colosio-refrenda-respaldo-a-sheinbaum-y-llama-a-mantener-coordinacion-desde-sonora\/#primaryimage\"},\"datePublished\":\"2026-09-05T03:56:52+00:00\",\"dateModified\":\"2026-09-05T03:56:52+00:00\",\"breadcrumb\":{\"@id\":\"https:\/\/soledaddurazo.com\/blog\/2026\/09\/04\/omar-del-valle-colosio-refrenda-respaldo-a-sheinbaum-y-llama-a-mantener-coordinacion-desde-sonora\/#breadcrumb\"},\"inLanguage\":\"es\",\"potentialAction\":[{\"@type\":\"ReadAction\",\"target\":[\"https:\/\/soledaddurazo.com\/blog\/2026\/09\/04\/omar-del-valle-colosio-refrenda-respaldo-a-sheinbaum-y-llama-a-mantener-coordinacion-desde-sonora\/\"]}]},{\"@type\":\"BreadcrumbList\",\"@id\":\"https:\/\/soledaddurazo.com\/blog\/2026\/09\/04\/omar-del-valle-colosio-refrenda-respaldo-a-sheinbaum-y-llama-a-mantener-coordinacion-desde-sonora\/#breadcrumb\",\"itemListElement\":[{\"@type\":\"ListItem\",\"position\":1,\"name\":\"Home\",\"item\":\"https:\/\/soledaddurazo.com\/\"},{\"@type\":\"ListItem\",\"position\":2,\"name\":\"Omar Del Valle Colosio refrenda respaldo a Sheinbaum y llama a mantener coordinaci\\u00f3n desde Sonora\"}]},{\"@type\":\"Article\",\"@id\":\"https:\/\/soledaddurazo.com\/blog\/2026\/09\/04\/omar-del-valle-colosio-refrenda-respaldo-a-sheinbaum-y-llama-a-mantener-coordinacion-desde-sonora\/#article\",\"isPartOf\":{\"@id\":\"https:\/\/soledaddurazo.com\/blog\/2026\/09\/04\/omar-del-valle-colosio-refrenda-respaldo-a-sheinbaum-y-llama-a-mantener-coordinacion-desde-sonora\/#webpage\"},\"author\":{\"@id\":\"https:\/\/soledaddurazo.com\/#\/schema\/person\/822d8e13aa288585e6546f179853758b\"},\"headline\":\"Omar Del Valle Colosio refrenda respaldo a Sheinbaum y llama a mantener coordinaci\\u00f3n desde Sonora\",\"datePublished\":\"2026-09-05T03:56:52+00:00\",\"dateModified\":\"2026-09-05T03:56:52+00:00\",\"mainEntityOfPage\":{\"@id\":\"https:\/\/soledaddurazo.com\/blog\/2026\/09\/04\/omar-del-valle-colosio-refrenda-respaldo-a-sheinbaum-y-llama-a-mantener-coordinacion-desde-sonora\/#webpage\"},\"wordCount\":269,\"commentCount\":0,\"publisher\":{\"@id\":\"https:\/\/soledaddurazo.com\/#organization\"},\"image\":{\"@id\":\"https:\/\/soledaddurazo.com\/blog\/2026\/09\/04\/omar-del-valle-colosio-refrenda-respaldo-a-sheinbaum-y-llama-a-mantener-coordinacion-desde-sonora\/#primaryimage\"},\"thumbnailUrl\":\"https:\/\/soledaddurazo.com\/storage\/2026\/09\/IMG-20260904-WA0102.jpg\",\"articleSection\":[\"Mas noticias\"],\"inLanguage\":\"es\",\"potentialAction\":[{\"@type\":\"CommentAction\",\"name\":\"Comment\",\"target\":[\"https:\/\/soledaddurazo.com\/blog\/2026\/09\/04\/omar-del-valle-colosio-refrenda-respaldo-a-sheinbaum-y-llama-a-mantener-coordinacion-desde-sonora\/#respond\"]}]},{\"@type\":\"Person\",\"@id\":\"https:\/\/soledaddurazo.com\/#\/schema\/person\/822d8e13aa288585e6546f179853758b\",\"name\":\"Redacci\\u00f3n\",\"image\":{\"@type\":\"ImageObject\",\"@id\":\"https:\/\/soledaddurazo.com\/#personlogo\",\"inLanguage\":\"es\",\"url\":\"https:\/\/secure.gravatar.com\/avatar\/c4e193752f756fd61f04deebed3a3a20dc188d37edb53682d313ac57f2725d54?s=96&d=mm&r=g\",\"contentUrl\":\"https:\/\/secure.gravatar.com\/avatar\/c4e193752f756fd61f04deebed3a3a20dc188d37edb53682d313ac57f2725d54?s=96&d=mm&r=g\",\"caption\":\"Redacci\\u00f3n\"},\"sameAs\":[\"https:\/\/soledaddurazo.com\"]}]}<\/script>\n ","yoast_head_json":{"title":"Omar Del Valle Colosio refrenda respaldo a Sheinbaum y llama a mantener coordinaci\u00f3n desde Sonora - Periodista SoledadDurazo.com","robots":{"index":"index","follow":"follow","max-snippet":"max-snippet:-1","max-image-preview":"max-image-preview:large","max-video-preview":"max-video-preview:-1"},"canonical":"https:\/\/soledaddurazo.com\/blog\/2026\/09\/04\/omar-del-valle-colosio-refrenda-respaldo-a-sheinbaum-y-llama-a-mantener-coordinacion-desde-sonora\/","og_locale":"es_MX","og_type":"article","og_title":"Omar Del Valle Colosio refrenda respaldo a Sheinbaum y llama a mantener coordinaci\u00f3n desde Sonora","og_description":"A dos a\u00f1os del inicio de la administraci\u00f3n federal encabezada por Claudia Sheinbaum, el diputado local Omar Del Valle Colosio asegur\u00f3 que mantendr\u00e1 su respaldo al proyecto de transformaci\u00f3n y plante\u00f3 la importancia de fortalecer la coordinaci\u00f3n entre los distintos niveles de gobierno. &nbsp; El legislador consider\u00f3 que los avances de las pol\u00edticas impulsadas desde [&hellip;]","og_url":"https:\/\/soledaddurazo.com\/blog\/2026\/09\/04\/omar-del-valle-colosio-refrenda-respaldo-a-sheinbaum-y-llama-a-mantener-coordinacion-desde-sonora\/","og_site_name":"Periodista SoledadDurazo.com","article_publisher":"https:\/\/www.facebook.com\/soledad.durazo.9\/","article_published_time":"2026-09-05T03:56:52+00:00","og_image":[{"width":1280,"height":854,"url":"https:\/\/soledaddurazo.com\/storage\/2026\/09\/IMG-20260904-WA0102.jpg","type":"image\/jpeg"}],"twitter_card":"summary_large_image","twitter_creator":"@SoledadDurazo","twitter_site":"@SoledadDurazo","twitter_misc":{"Escrito por":"Redacci\u00f3n","Tiempo de lectura":"1 minuto"},"schema":{"@context":"https:\/\/schema.org","@graph":[{"@type":"Organization","@id":"https:\/\/soledaddurazo.com\/#organization","name":"Soledad Durazo","url":"https:\/\/soledaddurazo.com\/","sameAs":["https:\/\/www.facebook.com\/soledad.durazo.9\/","https:\/\/www.instagram.com\/soledaddurazo","https:\/\/www.youtube.com\/channel\/UC9yGPw8-Vbl_B2XNkRwPS-w","https:\/\/twitter.com\/SoledadDurazo"],"logo":{"@type":"ImageObject","@id":"https:\/\/soledaddurazo.com\/#logo","inLanguage":"es","url":"https:\/\/soledaddurazo.com\/storage\/2021\/11\/nllp-720x375-1-2.png","contentUrl":"https:\/\/soledaddurazo.com\/storage\/2021\/11\/nllp-720x375-1-2.png","width":720,"height":375,"caption":"Soledad Durazo"},"image":{"@id":"https:\/\/soledaddurazo.com\/#logo"}},{"@type":"WebSite","@id":"https:\/\/soledaddurazo.com\/#website","url":"https:\/\/soledaddurazo.com\/","name":"Periodista SoledadDurazo.com","description":"Periodista sonorense. Directora de www.SoledadDurazo.com Columnista, conductora de radio y Tv. Catedr\u00e1tica en la UNISON","publisher":{"@id":"https:\/\/soledaddurazo.com\/#organization"},"potentialAction":[{"@type":"SearchAction","target":{"@type":"EntryPoint","urlTemplate":"https:\/\/soledaddurazo.com\/?s={search_term_string}"},"query-input":"required name=search_term_string"}],"inLanguage":"es"},{"@type":"ImageObject","@id":"https:\/\/soledaddurazo.com\/blog\/2026\/09\/04\/omar-del-valle-colosio-refrenda-respaldo-a-sheinbaum-y-llama-a-mantener-coordinacion-desde-sonora\/#primaryimage","inLanguage":"es","url":"https:\/\/soledaddurazo.com\/storage\/2026\/09\/IMG-20260904-WA0102.jpg","contentUrl":"https:\/\/soledaddurazo.com\/storage\/2026\/09\/IMG-20260904-WA0102.jpg","width":1280,"height":854},{"@type":"WebPage","@id":"https:\/\/soledaddurazo.com\/blog\/2026\/09\/04\/omar-del-valle-colosio-refrenda-respaldo-a-sheinbaum-y-llama-a-mantener-coordinacion-desde-sonora\/#webpage","url":"https:\/\/soledaddurazo.com\/blog\/2026\/09\/04\/omar-del-valle-colosio-refrenda-respaldo-a-sheinbaum-y-llama-a-mantener-coordinacion-desde-sonora\/","name":"Omar Del Valle Colosio refrenda respaldo a Sheinbaum y llama a mantener coordinaci\u00f3n desde Sonora - Periodista SoledadDurazo.com","isPartOf":{"@id":"https:\/\/soledaddurazo.com\/#website"},"primaryImageOfPage":{"@id":"https:\/\/soledaddurazo.com\/blog\/2026\/09\/04\/omar-del-valle-colosio-refrenda-respaldo-a-sheinbaum-y-llama-a-mantener-coordinacion-desde-sonora\/#primaryimage"},"datePublished":"2026-09-05T03:56:52+00:00","dateModified":"2026-09-05T03:56:52+00:00","breadcrumb":{"@id":"https:\/\/soledaddurazo.com\/blog\/2026\/09\/04\/omar-del-valle-colosio-refrenda-respaldo-a-sheinbaum-y-llama-a-mantener-coordinacion-desde-sonora\/#breadcrumb"},"inLanguage":"es","potentialAction":[{"@type":"ReadAction","target":["https:\/\/soledaddurazo.com\/blog\/2026\/09\/04\/omar-del-valle-colosio-refrenda-respaldo-a-sheinbaum-y-llama-a-mantener-coordinacion-desde-sonora\/"]}]},{"@type":"BreadcrumbList","@id":"https:\/\/soledaddurazo.com\/blog\/2026\/09\/04\/omar-del-valle-colosio-refrenda-respaldo-a-sheinbaum-y-llama-a-mantener-coordinacion-desde-sonora\/#breadcrumb","itemListElement":[{"@type":"ListItem","position":1,"name":"Home","item":"https:\/\/soledaddurazo.com\/"},{"@type":"ListItem","position":2,"name":"Omar Del Valle Colosio refrenda respaldo a Sheinbaum y llama a mantener coordinaci\u00f3n desde Sonora"}]},{"@type":"Article","@id":"https:\/\/soledaddurazo.com\/blog\/2026\/09\/04\/omar-del-valle-colosio-refrenda-respaldo-a-sheinbaum-y-llama-a-mantener-coordinacion-desde-sonora\/#article","isPartOf":{"@id":"https:\/\/soledaddurazo.com\/blog\/2026\/09\/04\/omar-del-valle-colosio-refrenda-respaldo-a-sheinbaum-y-llama-a-mantener-coordinacion-desde-sonora\/#webpage"},"author":{"@id":"https:\/\/soledaddurazo.com\/#\/schema\/person\/822d8e13aa288585e6546f179853758b"},"headline":"Omar Del Valle Colosio refrenda respaldo a Sheinbaum y llama a mantener coordinaci\u00f3n desde Sonora","datePublished":"2026-09-05T03:56:52+00:00","dateModified":"2026-09-05T03:56:52+00:00","mainEntityOfPage":{"@id":"https:\/\/soledaddurazo.com\/blog\/2026\/09\/04\/omar-del-valle-colosio-refrenda-respaldo-a-sheinbaum-y-llama-a-mantener-coordinacion-desde-sonora\/#webpage"},"wordCount":269,"commentCount":0,"publisher":{"@id":"https:\/\/soledaddurazo.com\/#organization"},"image":{"@id":"https:\/\/soledaddurazo.com\/blog\/2026\/09\/04\/omar-del-valle-colosio-refrenda-respaldo-a-sheinbaum-y-llama-a-mantener-coordinacion-desde-sonora\/#primaryimage"},"thumbnailUrl":"https:\/\/soledaddurazo.com\/storage\/2026\/09\/IMG-20260904-WA0102.jpg","articleSection":["Mas noticias"],"inLanguage":"es","potentialAction":[{"@type":"CommentAction","name":"Comment","target":["https:\/\/soledaddurazo.com\/blog\/2026\/09\/04\/omar-del-valle-colosio-refrenda-respaldo-a-sheinbaum-y-llama-a-mantener-coordinacion-desde-sonora\/#respond"]}]},{"@type":"Person","@id":"https:\/\/soledaddurazo.com\/#\/schema\/person\/822d8e13aa288585e6546f179853758b","name":"Redacci\u00f3n","image":{"@type":"ImageObject","@id":"https:\/\/soledaddurazo.com\/#personlogo","inLanguage":"es","url":"https:\/\/secure.gravatar.com\/avatar\/c4e193752f756fd61f04deebed3a3a20dc188d37edb53682d313ac57f2725d54?s=96&d=mm&r=g","contentUrl":"https:\/\/secure.gravatar.com\/avatar\/c4e193752f756fd61f04deebed3a3a20dc188d37edb53682d313ac57f2725d54?s=96&d=mm&r=g","caption":"Redacci\u00f3n"},"sameAs":["https:\/\/soledaddurazo.com"]}]}},"_links":{"self":[{"href":"https:\/\/soledaddurazo.com\/api\/wp\/v2\/posts\/27474","targetHints":{"allow":["GET"]}}],"collection":[{"href":"https:\/\/soledaddurazo.com\/api\/wp\/v2\/posts"}],"about":[{"href":"https:\/\/soledaddurazo.com\/api\/wp\/v2\/types\/post"}],"author":[{"embeddable":true,"href":"https:\/\/soledaddurazo.com\/api\/wp\/v2\/users\/1"}],"replies":[{"embeddable":true,"href":"https:\/\/soledaddurazo.com\/api\/wp\/v2\/comments?post=27474"}],"version-history":[{"count":1,"href":"https:\/\/soledaddurazo.com\/api\/wp\/v2\/posts\/27474\/revisions"}],"predecessor-version":[{"id":27476,"href":"https:\/\/soledaddurazo.com\/api\/wp\/v2\/posts\/27474\/revisions\/27476"}],"wp:featuredmedia":[{"embeddable":true,"href":"https:\/\/soledaddurazo.com\/api\/wp\/v2\/media\/27475"}],"wp:attachment":[{"href":"https:\/\/soledaddurazo.com\/api\/wp\/v2\/media?parent=27474"}],"wp:term":[{"taxonomy":"category","embeddable":true,"href":"https:\/\/soledaddurazo.com\/api\/wp\/v2\/categories?post=27474"},{"taxonomy":"post_tag","embeddable":true,"href":"https:\/\/soledaddurazo.com\/api\/wp\/v2\/tags?post=27474"}],"curies":[{"name":"wp","href":"https:\/\/api.w.org\/{rel}","templated":true}]}}