{"id":27449,"date":"2026-09-03T20:33:03","date_gmt":"2026-09-04T03:33:03","guid":{"rendered":"https:\/\/soledaddurazo.com\/?p=27449"},"modified":"2026-09-03T20:35:54","modified_gmt":"2026-09-04T03:35:54","slug":"el-fin-de-las-compras-baratas-en-shein-aranceles-obligan-a-repensar-el-consumo-digital","status":"publish","type":"post","link":"https:\/\/soledaddurazo.com\/blog\/2026\/09\/03\/el-fin-de-las-compras-baratas-en-shein-aranceles-obligan-a-repensar-el-consumo-digital\/","title":{"rendered":"El fin de las compras \u201cbaratas\u201d en Shein: aranceles obligan a repensar el consumo digital"},"content":{"rendered":"<p>Las compras en plataformas como Shein, Temu y otras aplicaciones asi\u00e1ticas podr\u00edan dejar de ser tan atractivas para los consumidores mexicanos ante la aplicaci\u00f3n de nuevos aranceles a mercanc\u00edas provenientes de pa\u00edses fuera del T-MEC.<\/p>\n<p>&nbsp;<\/p>\n<p>Durante una conversaci\u00f3n sobre educaci\u00f3n digital y h\u00e1bitos de consumo, la especialista Laura Coronado explic\u00f3 que este cambio no solamente impacta a quienes compran ropa, accesorios o art\u00edculos por internet, sino tambi\u00e9n a peque\u00f1os comerciantes y mujeres emprendedoras que utilizan estas plataformas para abastecer sus negocios.<\/p>\n<p>&nbsp;<\/p>\n<p>Uno de los principales cambios est\u00e1 relacionado con los paquetes de bajo valor que anteriormente pod\u00edan ingresar al pa\u00eds con mayores facilidades. Ahora, los servicios de paqueter\u00eda est\u00e1n aplicando el arancel correspondiente, que puede alcanzar alrededor del 33.5 por ciento, lo que modifica considerablemente el precio final de algunos productos.<\/p>\n<p>&nbsp;<\/p>\n<p>El problema para el consumidor es que la oferta inicial puede seguir pareciendo atractiva. Un art\u00edculo aparece con un precio muy bajo, pero al llegar al carrito y avanzar hacia el pago aparecen impuestos, env\u00edo y otros cargos que elevan el costo final.<\/p>\n<p>&nbsp;<\/p>\n<p>Coronado recomend\u00f3 no dejarse llevar por el precio que aparece en el escaparate digital y revisar siempre cu\u00e1nto se terminar\u00e1 pagando antes de confirmar una compra.<\/p>\n<p>&nbsp;<\/p>\n<p>Pero detr\u00e1s de este fen\u00f3meno existe otro elemento: el consumo por impulso que han fortalecido las redes sociales. Los algoritmos detectan aquello que llama nuestra atenci\u00f3n y comienzan a mostrar productos similares, tendencias y promociones hasta convertir un art\u00edculo que originalmente no necesit\u00e1bamos en algo que sentimos que debemos tener.<\/p>\n<p>&nbsp;<\/p>\n<p>Por ello, una de sus recomendaciones es sencilla, aunque dif\u00edcil de aplicar: dejar los productos en el carrito durante 24 o 48 horas antes de comprarlos. Ese tiempo permite preguntarse si realmente se necesita el art\u00edculo, si ser\u00e1 utilizado y si el precio contin\u00faa siendo conveniente despu\u00e9s de impuestos y cargos adicionales.<\/p>\n<p>&nbsp;<\/p>\n<p>El cambio tambi\u00e9n representa un reto para quienes compran mercanc\u00eda en el extranjero para posteriormente revenderla. Mujeres emprendedoras y peque\u00f1os comerciantes que dependen de productos provenientes de China, Taiw\u00e1n y otros mercados asi\u00e1ticos tendr\u00e1n que considerar los nuevos costos de importaci\u00f3n y las obligaciones fiscales que pueden surgir cuando existe una actividad comercial.<\/p>\n<p>&nbsp;<\/p>\n<p>M\u00e1s all\u00e1 de Shein o Temu, el fen\u00f3meno deja una lecci\u00f3n sobre educaci\u00f3n financiera y digital: en un entorno donde las redes sociales convierten las tendencias en compras pr\u00e1cticamente instant\u00e1neas, conocer el precio real de lo que adquirimos y distinguir entre una necesidad y un impulso se vuelve cada vez m\u00e1s importante.<\/p>\n<p>&nbsp;<\/p>\n<p>Porque quiz\u00e1 el verdadero cambio no sea solamente que las compras dejaron de ser tan baratas, sino que ya no basta con preguntarnos cu\u00e1nto cuesta algo: tambi\u00e9n hay que preguntarnos cu\u00e1nto estamos dispuestos a gastar y si realmente lo necesitamos.<\/p>\n","protected":false},"excerpt":{"rendered":"<p>Las compras en plataformas como Shein, Temu y otras aplicaciones asi\u00e1ticas podr\u00edan dejar de ser tan atractivas para los consumidores mexicanos ante la aplicaci\u00f3n de nuevos aranceles a mercanc\u00edas provenientes de pa\u00edses fuera del T-MEC. &nbsp; Durante una conversaci\u00f3n sobre educaci\u00f3n digital y h\u00e1bitos de consumo, la especialista Laura Coronado explic\u00f3 que este cambio no [&hellip;]<\/p>\n","protected":false},"author":1,"featured_media":27450,"comment_status":"open","ping_status":"open","sticky":false,"template":"","format":"standard","meta":{"footnotes":""},"categories":[153],"tags":[],"class_list":["post"],"yoast_head":" \n<title>El fin de las compras \u201cbaratas\u201d en Shein: aranceles obligan a repensar el consumo digital - Periodista SoledadDurazo.com<\/title>\n<meta name=\"robots\" content=\"index, follow, max-snippet:-1, max-image-preview:large, max-video-preview:-1\" \/>\n<link rel=\"canonical\" href=\"https:\/\/soledaddurazo.com\/blog\/2026\/09\/03\/el-fin-de-las-compras-baratas-en-shein-aranceles-obligan-a-repensar-el-consumo-digital\/\" \/>\n<meta property=\"og:locale\" content=\"es_MX\" \/>\n<meta property=\"og:type\" content=\"article\" \/>\n<meta property=\"og:title\" content=\"El fin de las compras \u201cbaratas\u201d en Shein: aranceles obligan a repensar el consumo digital\" \/>\n<meta property=\"og:description\" content=\"Las compras en plataformas como Shein, Temu y otras aplicaciones asi\u00e1ticas podr\u00edan dejar de ser tan atractivas para los consumidores mexicanos ante la aplicaci\u00f3n de nuevos aranceles a mercanc\u00edas provenientes de pa\u00edses fuera del T-MEC. &nbsp; Durante una conversaci\u00f3n sobre educaci\u00f3n digital y h\u00e1bitos de consumo, la especialista Laura Coronado explic\u00f3 que este cambio no [&hellip;]\" \/>\n<meta property=\"og:url\" content=\"https:\/\/soledaddurazo.com\/blog\/2026\/09\/03\/el-fin-de-las-compras-baratas-en-shein-aranceles-obligan-a-repensar-el-consumo-digital\/\" \/>\n<meta property=\"og:site_name\" content=\"Periodista SoledadDurazo.com\" \/>\n<meta property=\"article:publisher\" content=\"https:\/\/www.facebook.com\/soledad.durazo.9\/\" \/>\n<meta property=\"article:published_time\" content=\"2026-09-04T03:33:03+00:00\" \/>\n<meta property=\"article:modified_time\" content=\"2026-09-04T03:35:54+00:00\" \/>\n<meta property=\"og:image\" content=\"https:\/\/soledaddurazo.com\/storage\/2026\/09\/Shein.jpg\" \/>\n\t<meta property=\"og:image:width\" content=\"1280\" \/>\n\t<meta property=\"og:image:height\" content=\"720\" \/>\n<meta name=\"twitter:card\" content=\"summary_large_image\" \/>\n<meta name=\"twitter:creator\" content=\"@SoledadDurazo\" \/>\n<meta name=\"twitter:site\" content=\"@SoledadDurazo\" \/>\n<meta name=\"twitter:label1\" content=\"Escrito por\" \/>\n\t<meta name=\"twitter:data1\" content=\"Redacci\u00f3n\" \/>\n\t<meta name=\"twitter:label2\" content=\"Tiempo de lectura\" \/>\n\t<meta name=\"twitter:data2\" content=\"2 minutos\" \/>\n<script type=\"application\/ld+json\" class=\"yoast-schema-graph\">{\"@context\":\"https:\/\/schema.org\",\"@graph\":[{\"@type\":\"Organization\",\"@id\":\"https:\/\/soledaddurazo.com\/#organization\",\"name\":\"Soledad Durazo\",\"url\":\"https:\/\/soledaddurazo.com\/\",\"sameAs\":[\"https:\/\/www.facebook.com\/soledad.durazo.9\/\",\"https:\/\/www.instagram.com\/soledaddurazo\",\"https:\/\/www.youtube.com\/channel\/UC9yGPw8-Vbl_B2XNkRwPS-w\",\"https:\/\/twitter.com\/SoledadDurazo\"],\"logo\":{\"@type\":\"ImageObject\",\"@id\":\"https:\/\/soledaddurazo.com\/#logo\",\"inLanguage\":\"es\",\"url\":\"https:\/\/soledaddurazo.com\/storage\/2021\/11\/nllp-720x375-1-2.png\",\"contentUrl\":\"https:\/\/soledaddurazo.com\/storage\/2021\/11\/nllp-720x375-1-2.png\",\"width\":720,\"height\":375,\"caption\":\"Soledad Durazo\"},\"image\":{\"@id\":\"https:\/\/soledaddurazo.com\/#logo\"}},{\"@type\":\"WebSite\",\"@id\":\"https:\/\/soledaddurazo.com\/#website\",\"url\":\"https:\/\/soledaddurazo.com\/\",\"name\":\"Periodista SoledadDurazo.com\",\"description\":\"Periodista sonorense. Directora de www.SoledadDurazo.com Columnista, conductora de radio y Tv. Catedr\\u00e1tica en la UNISON\",\"publisher\":{\"@id\":\"https:\/\/soledaddurazo.com\/#organization\"},\"potentialAction\":[{\"@type\":\"SearchAction\",\"target\":{\"@type\":\"EntryPoint\",\"urlTemplate\":\"https:\/\/soledaddurazo.com\/?s={search_term_string}\"},\"query-input\":\"required name=search_term_string\"}],\"inLanguage\":\"es\"},{\"@type\":\"ImageObject\",\"@id\":\"https:\/\/soledaddurazo.com\/blog\/2026\/09\/03\/el-fin-de-las-compras-baratas-en-shein-aranceles-obligan-a-repensar-el-consumo-digital\/#primaryimage\",\"inLanguage\":\"es\",\"url\":\"https:\/\/soledaddurazo.com\/storage\/2026\/09\/Shein.jpg\",\"contentUrl\":\"https:\/\/soledaddurazo.com\/storage\/2026\/09\/Shein.jpg\",\"width\":1280,\"height\":720},{\"@type\":\"WebPage\",\"@id\":\"https:\/\/soledaddurazo.com\/blog\/2026\/09\/03\/el-fin-de-las-compras-baratas-en-shein-aranceles-obligan-a-repensar-el-consumo-digital\/#webpage\",\"url\":\"https:\/\/soledaddurazo.com\/blog\/2026\/09\/03\/el-fin-de-las-compras-baratas-en-shein-aranceles-obligan-a-repensar-el-consumo-digital\/\",\"name\":\"El fin de las compras \\u201cbaratas\\u201d en Shein: aranceles obligan a repensar el consumo digital - Periodista SoledadDurazo.com\",\"isPartOf\":{\"@id\":\"https:\/\/soledaddurazo.com\/#website\"},\"primaryImageOfPage\":{\"@id\":\"https:\/\/soledaddurazo.com\/blog\/2026\/09\/03\/el-fin-de-las-compras-baratas-en-shein-aranceles-obligan-a-repensar-el-consumo-digital\/#primaryimage\"},\"datePublished\":\"2026-09-04T03:33:03+00:00\",\"dateModified\":\"2026-09-04T03:35:54+00:00\",\"breadcrumb\":{\"@id\":\"https:\/\/soledaddurazo.com\/blog\/2026\/09\/03\/el-fin-de-las-compras-baratas-en-shein-aranceles-obligan-a-repensar-el-consumo-digital\/#breadcrumb\"},\"inLanguage\":\"es\",\"potentialAction\":[{\"@type\":\"ReadAction\",\"target\":[\"https:\/\/soledaddurazo.com\/blog\/2026\/09\/03\/el-fin-de-las-compras-baratas-en-shein-aranceles-obligan-a-repensar-el-consumo-digital\/\"]}]},{\"@type\":\"BreadcrumbList\",\"@id\":\"https:\/\/soledaddurazo.com\/blog\/2026\/09\/03\/el-fin-de-las-compras-baratas-en-shein-aranceles-obligan-a-repensar-el-consumo-digital\/#breadcrumb\",\"itemListElement\":[{\"@type\":\"ListItem\",\"position\":1,\"name\":\"Home\",\"item\":\"https:\/\/soledaddurazo.com\/\"},{\"@type\":\"ListItem\",\"position\":2,\"name\":\"El fin de las compras \\u201cbaratas\\u201d en Shein: aranceles obligan a repensar el consumo digital\"}]},{\"@type\":\"Article\",\"@id\":\"https:\/\/soledaddurazo.com\/blog\/2026\/09\/03\/el-fin-de-las-compras-baratas-en-shein-aranceles-obligan-a-repensar-el-consumo-digital\/#article\",\"isPartOf\":{\"@id\":\"https:\/\/soledaddurazo.com\/blog\/2026\/09\/03\/el-fin-de-las-compras-baratas-en-shein-aranceles-obligan-a-repensar-el-consumo-digital\/#webpage\"},\"author\":{\"@id\":\"https:\/\/soledaddurazo.com\/#\/schema\/person\/822d8e13aa288585e6546f179853758b\"},\"headline\":\"El fin de las compras \\u201cbaratas\\u201d en Shein: aranceles obligan a repensar el consumo digital\",\"datePublished\":\"2026-09-04T03:33:03+00:00\",\"dateModified\":\"2026-09-04T03:35:54+00:00\",\"mainEntityOfPage\":{\"@id\":\"https:\/\/soledaddurazo.com\/blog\/2026\/09\/03\/el-fin-de-las-compras-baratas-en-shein-aranceles-obligan-a-repensar-el-consumo-digital\/#webpage\"},\"wordCount\":512,\"commentCount\":0,\"publisher\":{\"@id\":\"https:\/\/soledaddurazo.com\/#organization\"},\"image\":{\"@id\":\"https:\/\/soledaddurazo.com\/blog\/2026\/09\/03\/el-fin-de-las-compras-baratas-en-shein-aranceles-obligan-a-repensar-el-consumo-digital\/#primaryimage\"},\"thumbnailUrl\":\"https:\/\/soledaddurazo.com\/storage\/2026\/09\/Shein.jpg\",\"articleSection\":[\"principal\"],\"inLanguage\":\"es\",\"potentialAction\":[{\"@type\":\"CommentAction\",\"name\":\"Comment\",\"target\":[\"https:\/\/soledaddurazo.com\/blog\/2026\/09\/03\/el-fin-de-las-compras-baratas-en-shein-aranceles-obligan-a-repensar-el-consumo-digital\/#respond\"]}]},{\"@type\":\"Person\",\"@id\":\"https:\/\/soledaddurazo.com\/#\/schema\/person\/822d8e13aa288585e6546f179853758b\",\"name\":\"Redacci\\u00f3n\",\"image\":{\"@type\":\"ImageObject\",\"@id\":\"https:\/\/soledaddurazo.com\/#personlogo\",\"inLanguage\":\"es\",\"url\":\"https:\/\/secure.gravatar.com\/avatar\/c4e193752f756fd61f04deebed3a3a20dc188d37edb53682d313ac57f2725d54?s=96&d=mm&r=g\",\"contentUrl\":\"https:\/\/secure.gravatar.com\/avatar\/c4e193752f756fd61f04deebed3a3a20dc188d37edb53682d313ac57f2725d54?s=96&d=mm&r=g\",\"caption\":\"Redacci\\u00f3n\"},\"sameAs\":[\"https:\/\/soledaddurazo.com\"]}]}<\/script>\n ","yoast_head_json":{"title":"El fin de las compras \u201cbaratas\u201d en Shein: aranceles obligan a repensar el consumo digital - Periodista SoledadDurazo.com","robots":{"index":"index","follow":"follow","max-snippet":"max-snippet:-1","max-image-preview":"max-image-preview:large","max-video-preview":"max-video-preview:-1"},"canonical":"https:\/\/soledaddurazo.com\/blog\/2026\/09\/03\/el-fin-de-las-compras-baratas-en-shein-aranceles-obligan-a-repensar-el-consumo-digital\/","og_locale":"es_MX","og_type":"article","og_title":"El fin de las compras \u201cbaratas\u201d en Shein: aranceles obligan a repensar el consumo digital","og_description":"Las compras en plataformas como Shein, Temu y otras aplicaciones asi\u00e1ticas podr\u00edan dejar de ser tan atractivas para los consumidores mexicanos ante la aplicaci\u00f3n de nuevos aranceles a mercanc\u00edas provenientes de pa\u00edses fuera del T-MEC. &nbsp; Durante una conversaci\u00f3n sobre educaci\u00f3n digital y h\u00e1bitos de consumo, la especialista Laura Coronado explic\u00f3 que este cambio no [&hellip;]","og_url":"https:\/\/soledaddurazo.com\/blog\/2026\/09\/03\/el-fin-de-las-compras-baratas-en-shein-aranceles-obligan-a-repensar-el-consumo-digital\/","og_site_name":"Periodista SoledadDurazo.com","article_publisher":"https:\/\/www.facebook.com\/soledad.durazo.9\/","article_published_time":"2026-09-04T03:33:03+00:00","article_modified_time":"2026-09-04T03:35:54+00:00","og_image":[{"width":1280,"height":720,"url":"https:\/\/soledaddurazo.com\/storage\/2026\/09\/Shein.jpg","type":"image\/jpeg"}],"twitter_card":"summary_large_image","twitter_creator":"@SoledadDurazo","twitter_site":"@SoledadDurazo","twitter_misc":{"Escrito por":"Redacci\u00f3n","Tiempo de lectura":"2 minutos"},"schema":{"@context":"https:\/\/schema.org","@graph":[{"@type":"Organization","@id":"https:\/\/soledaddurazo.com\/#organization","name":"Soledad Durazo","url":"https:\/\/soledaddurazo.com\/","sameAs":["https:\/\/www.facebook.com\/soledad.durazo.9\/","https:\/\/www.instagram.com\/soledaddurazo","https:\/\/www.youtube.com\/channel\/UC9yGPw8-Vbl_B2XNkRwPS-w","https:\/\/twitter.com\/SoledadDurazo"],"logo":{"@type":"ImageObject","@id":"https:\/\/soledaddurazo.com\/#logo","inLanguage":"es","url":"https:\/\/soledaddurazo.com\/storage\/2021\/11\/nllp-720x375-1-2.png","contentUrl":"https:\/\/soledaddurazo.com\/storage\/2021\/11\/nllp-720x375-1-2.png","width":720,"height":375,"caption":"Soledad Durazo"},"image":{"@id":"https:\/\/soledaddurazo.com\/#logo"}},{"@type":"WebSite","@id":"https:\/\/soledaddurazo.com\/#website","url":"https:\/\/soledaddurazo.com\/","name":"Periodista SoledadDurazo.com","description":"Periodista sonorense. Directora de www.SoledadDurazo.com Columnista, conductora de radio y Tv. Catedr\u00e1tica en la UNISON","publisher":{"@id":"https:\/\/soledaddurazo.com\/#organization"},"potentialAction":[{"@type":"SearchAction","target":{"@type":"EntryPoint","urlTemplate":"https:\/\/soledaddurazo.com\/?s={search_term_string}"},"query-input":"required name=search_term_string"}],"inLanguage":"es"},{"@type":"ImageObject","@id":"https:\/\/soledaddurazo.com\/blog\/2026\/09\/03\/el-fin-de-las-compras-baratas-en-shein-aranceles-obligan-a-repensar-el-consumo-digital\/#primaryimage","inLanguage":"es","url":"https:\/\/soledaddurazo.com\/storage\/2026\/09\/Shein.jpg","contentUrl":"https:\/\/soledaddurazo.com\/storage\/2026\/09\/Shein.jpg","width":1280,"height":720},{"@type":"WebPage","@id":"https:\/\/soledaddurazo.com\/blog\/2026\/09\/03\/el-fin-de-las-compras-baratas-en-shein-aranceles-obligan-a-repensar-el-consumo-digital\/#webpage","url":"https:\/\/soledaddurazo.com\/blog\/2026\/09\/03\/el-fin-de-las-compras-baratas-en-shein-aranceles-obligan-a-repensar-el-consumo-digital\/","name":"El fin de las compras \u201cbaratas\u201d en Shein: aranceles obligan a repensar el consumo digital - Periodista SoledadDurazo.com","isPartOf":{"@id":"https:\/\/soledaddurazo.com\/#website"},"primaryImageOfPage":{"@id":"https:\/\/soledaddurazo.com\/blog\/2026\/09\/03\/el-fin-de-las-compras-baratas-en-shein-aranceles-obligan-a-repensar-el-consumo-digital\/#primaryimage"},"datePublished":"2026-09-04T03:33:03+00:00","dateModified":"2026-09-04T03:35:54+00:00","breadcrumb":{"@id":"https:\/\/soledaddurazo.com\/blog\/2026\/09\/03\/el-fin-de-las-compras-baratas-en-shein-aranceles-obligan-a-repensar-el-consumo-digital\/#breadcrumb"},"inLanguage":"es","potentialAction":[{"@type":"ReadAction","target":["https:\/\/soledaddurazo.com\/blog\/2026\/09\/03\/el-fin-de-las-compras-baratas-en-shein-aranceles-obligan-a-repensar-el-consumo-digital\/"]}]},{"@type":"BreadcrumbList","@id":"https:\/\/soledaddurazo.com\/blog\/2026\/09\/03\/el-fin-de-las-compras-baratas-en-shein-aranceles-obligan-a-repensar-el-consumo-digital\/#breadcrumb","itemListElement":[{"@type":"ListItem","position":1,"name":"Home","item":"https:\/\/soledaddurazo.com\/"},{"@type":"ListItem","position":2,"name":"El fin de las compras \u201cbaratas\u201d en Shein: aranceles obligan a repensar el consumo digital"}]},{"@type":"Article","@id":"https:\/\/soledaddurazo.com\/blog\/2026\/09\/03\/el-fin-de-las-compras-baratas-en-shein-aranceles-obligan-a-repensar-el-consumo-digital\/#article","isPartOf":{"@id":"https:\/\/soledaddurazo.com\/blog\/2026\/09\/03\/el-fin-de-las-compras-baratas-en-shein-aranceles-obligan-a-repensar-el-consumo-digital\/#webpage"},"author":{"@id":"https:\/\/soledaddurazo.com\/#\/schema\/person\/822d8e13aa288585e6546f179853758b"},"headline":"El fin de las compras \u201cbaratas\u201d en Shein: aranceles obligan a repensar el consumo digital","datePublished":"2026-09-04T03:33:03+00:00","dateModified":"2026-09-04T03:35:54+00:00","mainEntityOfPage":{"@id":"https:\/\/soledaddurazo.com\/blog\/2026\/09\/03\/el-fin-de-las-compras-baratas-en-shein-aranceles-obligan-a-repensar-el-consumo-digital\/#webpage"},"wordCount":512,"commentCount":0,"publisher":{"@id":"https:\/\/soledaddurazo.com\/#organization"},"image":{"@id":"https:\/\/soledaddurazo.com\/blog\/2026\/09\/03\/el-fin-de-las-compras-baratas-en-shein-aranceles-obligan-a-repensar-el-consumo-digital\/#primaryimage"},"thumbnailUrl":"https:\/\/soledaddurazo.com\/storage\/2026\/09\/Shein.jpg","articleSection":["principal"],"inLanguage":"es","potentialAction":[{"@type":"CommentAction","name":"Comment","target":["https:\/\/soledaddurazo.com\/blog\/2026\/09\/03\/el-fin-de-las-compras-baratas-en-shein-aranceles-obligan-a-repensar-el-consumo-digital\/#respond"]}]},{"@type":"Person","@id":"https:\/\/soledaddurazo.com\/#\/schema\/person\/822d8e13aa288585e6546f179853758b","name":"Redacci\u00f3n","image":{"@type":"ImageObject","@id":"https:\/\/soledaddurazo.com\/#personlogo","inLanguage":"es","url":"https:\/\/secure.gravatar.com\/avatar\/c4e193752f756fd61f04deebed3a3a20dc188d37edb53682d313ac57f2725d54?s=96&d=mm&r=g","contentUrl":"https:\/\/secure.gravatar.com\/avatar\/c4e193752f756fd61f04deebed3a3a20dc188d37edb53682d313ac57f2725d54?s=96&d=mm&r=g","caption":"Redacci\u00f3n"},"sameAs":["https:\/\/soledaddurazo.com"]}]}},"_links":{"self":[{"href":"https:\/\/soledaddurazo.com\/api\/wp\/v2\/posts\/27449","targetHints":{"allow":["GET"]}}],"collection":[{"href":"https:\/\/soledaddurazo.com\/api\/wp\/v2\/posts"}],"about":[{"href":"https:\/\/soledaddurazo.com\/api\/wp\/v2\/types\/post"}],"author":[{"embeddable":true,"href":"https:\/\/soledaddurazo.com\/api\/wp\/v2\/users\/1"}],"replies":[{"embeddable":true,"href":"https:\/\/soledaddurazo.com\/api\/wp\/v2\/comments?post=27449"}],"version-history":[{"count":1,"href":"https:\/\/soledaddurazo.com\/api\/wp\/v2\/posts\/27449\/revisions"}],"predecessor-version":[{"id":27451,"href":"https:\/\/soledaddurazo.com\/api\/wp\/v2\/posts\/27449\/revisions\/27451"}],"wp:featuredmedia":[{"embeddable":true,"href":"https:\/\/soledaddurazo.com\/api\/wp\/v2\/media\/27450"}],"wp:attachment":[{"href":"https:\/\/soledaddurazo.com\/api\/wp\/v2\/media?parent=27449"}],"wp:term":[{"taxonomy":"category","embeddable":true,"href":"https:\/\/soledaddurazo.com\/api\/wp\/v2\/categories?post=27449"},{"taxonomy":"post_tag","embeddable":true,"href":"https:\/\/soledaddurazo.com\/api\/wp\/v2\/tags?post=27449"}],"curies":[{"name":"wp","href":"https:\/\/api.w.org\/{rel}","templated":true}]}}