{"id":27432,"date":"2026-09-02T21:48:47","date_gmt":"2026-09-03T04:48:47","guid":{"rendered":"https:\/\/soledaddurazo.com\/?p=27432"},"modified":"2026-09-02T21:48:47","modified_gmt":"2026-09-03T04:48:47","slug":"suma-celida-lopez-respaldos-en-sonora-rumbo-a-la-coordinacion-de-los-comites-de-defensa-de-la-transformacion","status":"publish","type":"post","link":"https:\/\/soledaddurazo.com\/blog\/2026\/09\/02\/suma-celida-lopez-respaldos-en-sonora-rumbo-a-la-coordinacion-de-los-comites-de-defensa-de-la-transformacion\/","title":{"rendered":"Suma Celida L\u00f3pez respaldos en Sonora rumbo a la coordinaci\u00f3n de los Comit\u00e9s de Defensa de la Transformaci\u00f3n"},"content":{"rendered":"<p class=\"isSelectedEnd\">\u00a0Durante sus recorridos por distintos municipios de Sonora, Celida L\u00f3pez ha sumado manifestaciones de respaldo de mujeres, productores, empresarios, alcaldes, legisladores, fundadores de Morena y representantes de diversos sectores sociales, quienes reconocen su trayectoria y experiencia en el servicio p\u00fablico.<\/p>\n<p class=\"isSelectedEnd\">Entre las expresiones de apoyo destacan las de fundadores de Morena de diferentes municipios, as\u00ed como legisladores locales y federales, entre ellos Elly Sallard, Anabel Acosta, Yazm\u00edn G\u00f3mez Liz\u00e1rraga, Ram\u00f3n Flores y David Figueroa, adem\u00e1s de presidentes municipales.<\/p>\n<p class=\"isSelectedEnd\">Los simpatizantes han se\u00f1alado como uno de los principales atributos de L\u00f3pez su experiencia de m\u00e1s de 16 a\u00f1os en el servicio p\u00fablico, periodo en el que ha desempe\u00f1ado diversos cargos, entre ellos diputada local, presidenta municipal de Hermosillo, secretaria de Turismo, jefa de la Oficina del Ejecutivo y titular de la Sagarhpa.<\/p>\n<p class=\"isSelectedEnd\">Su paso por la administraci\u00f3n municipal de Hermosillo se caracteriz\u00f3, de acuerdo con sus respaldos, por una gesti\u00f3n cercana a la ciudadan\u00eda, con acciones dirigidas a mejorar los servicios p\u00fablicos y una administraci\u00f3n responsable de los recursos. Posteriormente, desde Turismo y Sagarhpa, particip\u00f3 en acciones y gestiones encaminadas a fortalecer las actividades econ\u00f3micas y respaldar al sector primario.<\/p>\n<p class=\"isSelectedEnd\">Ante las muestras de apoyo recibidas, Celida L\u00f3pez afirm\u00f3 que representan una responsabilidad y un compromiso para continuar trabajando por Sonora.<\/p>\n<p class=\"isSelectedEnd\">\u201cTenemos experiencia, conocemos Sonora y sabemos escuchar. Queremos fortalecer la unidad y defender los logros de la transformaci\u00f3n encabezada por Claudia Sheinbaum y Alfonso Durazo\u201d, expres\u00f3.<\/p>\n<p class=\"isSelectedEnd\">La aspirante a coordinar los Comit\u00e9s de Defensa de la Transformaci\u00f3n y la Soberan\u00eda Nacional tambi\u00e9n destac\u00f3 la participaci\u00f3n de las mujeres como una constante en su trayectoria, al recordar que durante su gesti\u00f3n municipal impuls\u00f3 la integraci\u00f3n paritaria de su gabinete y promovi\u00f3 la presencia femenina en espacios estrat\u00e9gicos de toma de decisiones.<\/p>\n<p>L\u00f3pez sostuvo que la participaci\u00f3n de las mujeres debe traducirse en espacios donde puedan aportar su capacidad, experiencia y liderazgo en la construcci\u00f3n de una nueva etapa para Sonora.<\/p>\n","protected":false},"excerpt":{"rendered":"<p>\u00a0Durante sus recorridos por distintos municipios de Sonora, Celida L\u00f3pez ha sumado manifestaciones de respaldo de mujeres, productores, empresarios, alcaldes, legisladores, fundadores de Morena y representantes de diversos sectores sociales, quienes reconocen su trayectoria y experiencia en el servicio p\u00fablico. Entre las expresiones de apoyo destacan las de fundadores de Morena de diferentes municipios, as\u00ed [&hellip;]<\/p>\n","protected":false},"author":1,"featured_media":27433,"comment_status":"open","ping_status":"open","sticky":false,"template":"","format":"standard","meta":{"footnotes":""},"categories":[159],"tags":[],"class_list":["post"],"yoast_head":" \n<title>Suma Celida L\u00f3pez respaldos en Sonora rumbo a la coordinaci\u00f3n de los Comit\u00e9s de Defensa de la Transformaci\u00f3n - Periodista SoledadDurazo.com<\/title>\n<meta name=\"robots\" content=\"index, follow, max-snippet:-1, max-image-preview:large, max-video-preview:-1\" \/>\n<link rel=\"canonical\" href=\"https:\/\/soledaddurazo.com\/blog\/2026\/09\/02\/suma-celida-lopez-respaldos-en-sonora-rumbo-a-la-coordinacion-de-los-comites-de-defensa-de-la-transformacion\/\" \/>\n<meta property=\"og:locale\" content=\"es_MX\" \/>\n<meta property=\"og:type\" content=\"article\" \/>\n<meta property=\"og:title\" content=\"Suma Celida L\u00f3pez respaldos en Sonora rumbo a la coordinaci\u00f3n de los Comit\u00e9s de Defensa de la Transformaci\u00f3n\" \/>\n<meta property=\"og:description\" content=\"\u00a0Durante sus recorridos por distintos municipios de Sonora, Celida L\u00f3pez ha sumado manifestaciones de respaldo de mujeres, productores, empresarios, alcaldes, legisladores, fundadores de Morena y representantes de diversos sectores sociales, quienes reconocen su trayectoria y experiencia en el servicio p\u00fablico. Entre las expresiones de apoyo destacan las de fundadores de Morena de diferentes municipios, as\u00ed [&hellip;]\" \/>\n<meta property=\"og:url\" content=\"https:\/\/soledaddurazo.com\/blog\/2026\/09\/02\/suma-celida-lopez-respaldos-en-sonora-rumbo-a-la-coordinacion-de-los-comites-de-defensa-de-la-transformacion\/\" \/>\n<meta property=\"og:site_name\" content=\"Periodista SoledadDurazo.com\" \/>\n<meta property=\"article:publisher\" content=\"https:\/\/www.facebook.com\/soledad.durazo.9\/\" \/>\n<meta property=\"article:published_time\" content=\"2026-09-03T04:48:47+00:00\" \/>\n<meta property=\"og:image\" content=\"https:\/\/soledaddurazo.com\/storage\/2026\/09\/3-1.png\" \/>\n\t<meta property=\"og:image:width\" content=\"671\" \/>\n\t<meta property=\"og:image:height\" content=\"406\" \/>\n<meta name=\"twitter:card\" content=\"summary_large_image\" \/>\n<meta name=\"twitter:creator\" content=\"@SoledadDurazo\" \/>\n<meta name=\"twitter:site\" content=\"@SoledadDurazo\" \/>\n<meta name=\"twitter:label1\" content=\"Escrito por\" \/>\n\t<meta name=\"twitter:data1\" content=\"Redacci\u00f3n\" \/>\n\t<meta name=\"twitter:label2\" content=\"Tiempo de lectura\" \/>\n\t<meta name=\"twitter:data2\" content=\"2 minutos\" \/>\n<script type=\"application\/ld+json\" class=\"yoast-schema-graph\">{\"@context\":\"https:\/\/schema.org\",\"@graph\":[{\"@type\":\"Organization\",\"@id\":\"https:\/\/soledaddurazo.com\/#organization\",\"name\":\"Soledad Durazo\",\"url\":\"https:\/\/soledaddurazo.com\/\",\"sameAs\":[\"https:\/\/www.facebook.com\/soledad.durazo.9\/\",\"https:\/\/www.instagram.com\/soledaddurazo\",\"https:\/\/www.youtube.com\/channel\/UC9yGPw8-Vbl_B2XNkRwPS-w\",\"https:\/\/twitter.com\/SoledadDurazo\"],\"logo\":{\"@type\":\"ImageObject\",\"@id\":\"https:\/\/soledaddurazo.com\/#logo\",\"inLanguage\":\"es\",\"url\":\"https:\/\/soledaddurazo.com\/storage\/2021\/11\/nllp-720x375-1-2.png\",\"contentUrl\":\"https:\/\/soledaddurazo.com\/storage\/2021\/11\/nllp-720x375-1-2.png\",\"width\":720,\"height\":375,\"caption\":\"Soledad Durazo\"},\"image\":{\"@id\":\"https:\/\/soledaddurazo.com\/#logo\"}},{\"@type\":\"WebSite\",\"@id\":\"https:\/\/soledaddurazo.com\/#website\",\"url\":\"https:\/\/soledaddurazo.com\/\",\"name\":\"Periodista SoledadDurazo.com\",\"description\":\"Periodista sonorense. Directora de www.SoledadDurazo.com Columnista, conductora de radio y Tv. Catedr\\u00e1tica en la UNISON\",\"publisher\":{\"@id\":\"https:\/\/soledaddurazo.com\/#organization\"},\"potentialAction\":[{\"@type\":\"SearchAction\",\"target\":{\"@type\":\"EntryPoint\",\"urlTemplate\":\"https:\/\/soledaddurazo.com\/?s={search_term_string}\"},\"query-input\":\"required name=search_term_string\"}],\"inLanguage\":\"es\"},{\"@type\":\"ImageObject\",\"@id\":\"https:\/\/soledaddurazo.com\/blog\/2026\/09\/02\/suma-celida-lopez-respaldos-en-sonora-rumbo-a-la-coordinacion-de-los-comites-de-defensa-de-la-transformacion\/#primaryimage\",\"inLanguage\":\"es\",\"url\":\"https:\/\/soledaddurazo.com\/storage\/2026\/09\/3-1.png\",\"contentUrl\":\"https:\/\/soledaddurazo.com\/storage\/2026\/09\/3-1.png\",\"width\":671,\"height\":406},{\"@type\":\"WebPage\",\"@id\":\"https:\/\/soledaddurazo.com\/blog\/2026\/09\/02\/suma-celida-lopez-respaldos-en-sonora-rumbo-a-la-coordinacion-de-los-comites-de-defensa-de-la-transformacion\/#webpage\",\"url\":\"https:\/\/soledaddurazo.com\/blog\/2026\/09\/02\/suma-celida-lopez-respaldos-en-sonora-rumbo-a-la-coordinacion-de-los-comites-de-defensa-de-la-transformacion\/\",\"name\":\"Suma Celida L\\u00f3pez respaldos en Sonora rumbo a la coordinaci\\u00f3n de los Comit\\u00e9s de Defensa de la Transformaci\\u00f3n - Periodista SoledadDurazo.com\",\"isPartOf\":{\"@id\":\"https:\/\/soledaddurazo.com\/#website\"},\"primaryImageOfPage\":{\"@id\":\"https:\/\/soledaddurazo.com\/blog\/2026\/09\/02\/suma-celida-lopez-respaldos-en-sonora-rumbo-a-la-coordinacion-de-los-comites-de-defensa-de-la-transformacion\/#primaryimage\"},\"datePublished\":\"2026-09-03T04:48:47+00:00\",\"dateModified\":\"2026-09-03T04:48:47+00:00\",\"breadcrumb\":{\"@id\":\"https:\/\/soledaddurazo.com\/blog\/2026\/09\/02\/suma-celida-lopez-respaldos-en-sonora-rumbo-a-la-coordinacion-de-los-comites-de-defensa-de-la-transformacion\/#breadcrumb\"},\"inLanguage\":\"es\",\"potentialAction\":[{\"@type\":\"ReadAction\",\"target\":[\"https:\/\/soledaddurazo.com\/blog\/2026\/09\/02\/suma-celida-lopez-respaldos-en-sonora-rumbo-a-la-coordinacion-de-los-comites-de-defensa-de-la-transformacion\/\"]}]},{\"@type\":\"BreadcrumbList\",\"@id\":\"https:\/\/soledaddurazo.com\/blog\/2026\/09\/02\/suma-celida-lopez-respaldos-en-sonora-rumbo-a-la-coordinacion-de-los-comites-de-defensa-de-la-transformacion\/#breadcrumb\",\"itemListElement\":[{\"@type\":\"ListItem\",\"position\":1,\"name\":\"Home\",\"item\":\"https:\/\/soledaddurazo.com\/\"},{\"@type\":\"ListItem\",\"position\":2,\"name\":\"Suma Celida L\\u00f3pez respaldos en Sonora rumbo a la coordinaci\\u00f3n de los Comit\\u00e9s de Defensa de la Transformaci\\u00f3n\"}]},{\"@type\":\"Article\",\"@id\":\"https:\/\/soledaddurazo.com\/blog\/2026\/09\/02\/suma-celida-lopez-respaldos-en-sonora-rumbo-a-la-coordinacion-de-los-comites-de-defensa-de-la-transformacion\/#article\",\"isPartOf\":{\"@id\":\"https:\/\/soledaddurazo.com\/blog\/2026\/09\/02\/suma-celida-lopez-respaldos-en-sonora-rumbo-a-la-coordinacion-de-los-comites-de-defensa-de-la-transformacion\/#webpage\"},\"author\":{\"@id\":\"https:\/\/soledaddurazo.com\/#\/schema\/person\/822d8e13aa288585e6546f179853758b\"},\"headline\":\"Suma Celida L\\u00f3pez respaldos en Sonora rumbo a la coordinaci\\u00f3n de los Comit\\u00e9s de Defensa de la Transformaci\\u00f3n\",\"datePublished\":\"2026-09-03T04:48:47+00:00\",\"dateModified\":\"2026-09-03T04:48:47+00:00\",\"mainEntityOfPage\":{\"@id\":\"https:\/\/soledaddurazo.com\/blog\/2026\/09\/02\/suma-celida-lopez-respaldos-en-sonora-rumbo-a-la-coordinacion-de-los-comites-de-defensa-de-la-transformacion\/#webpage\"},\"wordCount\":372,\"commentCount\":0,\"publisher\":{\"@id\":\"https:\/\/soledaddurazo.com\/#organization\"},\"image\":{\"@id\":\"https:\/\/soledaddurazo.com\/blog\/2026\/09\/02\/suma-celida-lopez-respaldos-en-sonora-rumbo-a-la-coordinacion-de-los-comites-de-defensa-de-la-transformacion\/#primaryimage\"},\"thumbnailUrl\":\"https:\/\/soledaddurazo.com\/storage\/2026\/09\/3-1.png\",\"articleSection\":[\"Mi Sonora\"],\"inLanguage\":\"es\",\"potentialAction\":[{\"@type\":\"CommentAction\",\"name\":\"Comment\",\"target\":[\"https:\/\/soledaddurazo.com\/blog\/2026\/09\/02\/suma-celida-lopez-respaldos-en-sonora-rumbo-a-la-coordinacion-de-los-comites-de-defensa-de-la-transformacion\/#respond\"]}]},{\"@type\":\"Person\",\"@id\":\"https:\/\/soledaddurazo.com\/#\/schema\/person\/822d8e13aa288585e6546f179853758b\",\"name\":\"Redacci\\u00f3n\",\"image\":{\"@type\":\"ImageObject\",\"@id\":\"https:\/\/soledaddurazo.com\/#personlogo\",\"inLanguage\":\"es\",\"url\":\"https:\/\/secure.gravatar.com\/avatar\/c4e193752f756fd61f04deebed3a3a20dc188d37edb53682d313ac57f2725d54?s=96&d=mm&r=g\",\"contentUrl\":\"https:\/\/secure.gravatar.com\/avatar\/c4e193752f756fd61f04deebed3a3a20dc188d37edb53682d313ac57f2725d54?s=96&d=mm&r=g\",\"caption\":\"Redacci\\u00f3n\"},\"sameAs\":[\"https:\/\/soledaddurazo.com\"]}]}<\/script>\n ","yoast_head_json":{"title":"Suma Celida L\u00f3pez respaldos en Sonora rumbo a la coordinaci\u00f3n de los Comit\u00e9s de Defensa de la Transformaci\u00f3n - Periodista SoledadDurazo.com","robots":{"index":"index","follow":"follow","max-snippet":"max-snippet:-1","max-image-preview":"max-image-preview:large","max-video-preview":"max-video-preview:-1"},"canonical":"https:\/\/soledaddurazo.com\/blog\/2026\/09\/02\/suma-celida-lopez-respaldos-en-sonora-rumbo-a-la-coordinacion-de-los-comites-de-defensa-de-la-transformacion\/","og_locale":"es_MX","og_type":"article","og_title":"Suma Celida L\u00f3pez respaldos en Sonora rumbo a la coordinaci\u00f3n de los Comit\u00e9s de Defensa de la Transformaci\u00f3n","og_description":"\u00a0Durante sus recorridos por distintos municipios de Sonora, Celida L\u00f3pez ha sumado manifestaciones de respaldo de mujeres, productores, empresarios, alcaldes, legisladores, fundadores de Morena y representantes de diversos sectores sociales, quienes reconocen su trayectoria y experiencia en el servicio p\u00fablico. Entre las expresiones de apoyo destacan las de fundadores de Morena de diferentes municipios, as\u00ed [&hellip;]","og_url":"https:\/\/soledaddurazo.com\/blog\/2026\/09\/02\/suma-celida-lopez-respaldos-en-sonora-rumbo-a-la-coordinacion-de-los-comites-de-defensa-de-la-transformacion\/","og_site_name":"Periodista SoledadDurazo.com","article_publisher":"https:\/\/www.facebook.com\/soledad.durazo.9\/","article_published_time":"2026-09-03T04:48:47+00:00","og_image":[{"width":671,"height":406,"url":"https:\/\/soledaddurazo.com\/storage\/2026\/09\/3-1.png","type":"image\/png"}],"twitter_card":"summary_large_image","twitter_creator":"@SoledadDurazo","twitter_site":"@SoledadDurazo","twitter_misc":{"Escrito por":"Redacci\u00f3n","Tiempo de lectura":"2 minutos"},"schema":{"@context":"https:\/\/schema.org","@graph":[{"@type":"Organization","@id":"https:\/\/soledaddurazo.com\/#organization","name":"Soledad Durazo","url":"https:\/\/soledaddurazo.com\/","sameAs":["https:\/\/www.facebook.com\/soledad.durazo.9\/","https:\/\/www.instagram.com\/soledaddurazo","https:\/\/www.youtube.com\/channel\/UC9yGPw8-Vbl_B2XNkRwPS-w","https:\/\/twitter.com\/SoledadDurazo"],"logo":{"@type":"ImageObject","@id":"https:\/\/soledaddurazo.com\/#logo","inLanguage":"es","url":"https:\/\/soledaddurazo.com\/storage\/2021\/11\/nllp-720x375-1-2.png","contentUrl":"https:\/\/soledaddurazo.com\/storage\/2021\/11\/nllp-720x375-1-2.png","width":720,"height":375,"caption":"Soledad Durazo"},"image":{"@id":"https:\/\/soledaddurazo.com\/#logo"}},{"@type":"WebSite","@id":"https:\/\/soledaddurazo.com\/#website","url":"https:\/\/soledaddurazo.com\/","name":"Periodista SoledadDurazo.com","description":"Periodista sonorense. Directora de www.SoledadDurazo.com Columnista, conductora de radio y Tv. Catedr\u00e1tica en la UNISON","publisher":{"@id":"https:\/\/soledaddurazo.com\/#organization"},"potentialAction":[{"@type":"SearchAction","target":{"@type":"EntryPoint","urlTemplate":"https:\/\/soledaddurazo.com\/?s={search_term_string}"},"query-input":"required name=search_term_string"}],"inLanguage":"es"},{"@type":"ImageObject","@id":"https:\/\/soledaddurazo.com\/blog\/2026\/09\/02\/suma-celida-lopez-respaldos-en-sonora-rumbo-a-la-coordinacion-de-los-comites-de-defensa-de-la-transformacion\/#primaryimage","inLanguage":"es","url":"https:\/\/soledaddurazo.com\/storage\/2026\/09\/3-1.png","contentUrl":"https:\/\/soledaddurazo.com\/storage\/2026\/09\/3-1.png","width":671,"height":406},{"@type":"WebPage","@id":"https:\/\/soledaddurazo.com\/blog\/2026\/09\/02\/suma-celida-lopez-respaldos-en-sonora-rumbo-a-la-coordinacion-de-los-comites-de-defensa-de-la-transformacion\/#webpage","url":"https:\/\/soledaddurazo.com\/blog\/2026\/09\/02\/suma-celida-lopez-respaldos-en-sonora-rumbo-a-la-coordinacion-de-los-comites-de-defensa-de-la-transformacion\/","name":"Suma Celida L\u00f3pez respaldos en Sonora rumbo a la coordinaci\u00f3n de los Comit\u00e9s de Defensa de la Transformaci\u00f3n - Periodista SoledadDurazo.com","isPartOf":{"@id":"https:\/\/soledaddurazo.com\/#website"},"primaryImageOfPage":{"@id":"https:\/\/soledaddurazo.com\/blog\/2026\/09\/02\/suma-celida-lopez-respaldos-en-sonora-rumbo-a-la-coordinacion-de-los-comites-de-defensa-de-la-transformacion\/#primaryimage"},"datePublished":"2026-09-03T04:48:47+00:00","dateModified":"2026-09-03T04:48:47+00:00","breadcrumb":{"@id":"https:\/\/soledaddurazo.com\/blog\/2026\/09\/02\/suma-celida-lopez-respaldos-en-sonora-rumbo-a-la-coordinacion-de-los-comites-de-defensa-de-la-transformacion\/#breadcrumb"},"inLanguage":"es","potentialAction":[{"@type":"ReadAction","target":["https:\/\/soledaddurazo.com\/blog\/2026\/09\/02\/suma-celida-lopez-respaldos-en-sonora-rumbo-a-la-coordinacion-de-los-comites-de-defensa-de-la-transformacion\/"]}]},{"@type":"BreadcrumbList","@id":"https:\/\/soledaddurazo.com\/blog\/2026\/09\/02\/suma-celida-lopez-respaldos-en-sonora-rumbo-a-la-coordinacion-de-los-comites-de-defensa-de-la-transformacion\/#breadcrumb","itemListElement":[{"@type":"ListItem","position":1,"name":"Home","item":"https:\/\/soledaddurazo.com\/"},{"@type":"ListItem","position":2,"name":"Suma Celida L\u00f3pez respaldos en Sonora rumbo a la coordinaci\u00f3n de los Comit\u00e9s de Defensa de la Transformaci\u00f3n"}]},{"@type":"Article","@id":"https:\/\/soledaddurazo.com\/blog\/2026\/09\/02\/suma-celida-lopez-respaldos-en-sonora-rumbo-a-la-coordinacion-de-los-comites-de-defensa-de-la-transformacion\/#article","isPartOf":{"@id":"https:\/\/soledaddurazo.com\/blog\/2026\/09\/02\/suma-celida-lopez-respaldos-en-sonora-rumbo-a-la-coordinacion-de-los-comites-de-defensa-de-la-transformacion\/#webpage"},"author":{"@id":"https:\/\/soledaddurazo.com\/#\/schema\/person\/822d8e13aa288585e6546f179853758b"},"headline":"Suma Celida L\u00f3pez respaldos en Sonora rumbo a la coordinaci\u00f3n de los Comit\u00e9s de Defensa de la Transformaci\u00f3n","datePublished":"2026-09-03T04:48:47+00:00","dateModified":"2026-09-03T04:48:47+00:00","mainEntityOfPage":{"@id":"https:\/\/soledaddurazo.com\/blog\/2026\/09\/02\/suma-celida-lopez-respaldos-en-sonora-rumbo-a-la-coordinacion-de-los-comites-de-defensa-de-la-transformacion\/#webpage"},"wordCount":372,"commentCount":0,"publisher":{"@id":"https:\/\/soledaddurazo.com\/#organization"},"image":{"@id":"https:\/\/soledaddurazo.com\/blog\/2026\/09\/02\/suma-celida-lopez-respaldos-en-sonora-rumbo-a-la-coordinacion-de-los-comites-de-defensa-de-la-transformacion\/#primaryimage"},"thumbnailUrl":"https:\/\/soledaddurazo.com\/storage\/2026\/09\/3-1.png","articleSection":["Mi Sonora"],"inLanguage":"es","potentialAction":[{"@type":"CommentAction","name":"Comment","target":["https:\/\/soledaddurazo.com\/blog\/2026\/09\/02\/suma-celida-lopez-respaldos-en-sonora-rumbo-a-la-coordinacion-de-los-comites-de-defensa-de-la-transformacion\/#respond"]}]},{"@type":"Person","@id":"https:\/\/soledaddurazo.com\/#\/schema\/person\/822d8e13aa288585e6546f179853758b","name":"Redacci\u00f3n","image":{"@type":"ImageObject","@id":"https:\/\/soledaddurazo.com\/#personlogo","inLanguage":"es","url":"https:\/\/secure.gravatar.com\/avatar\/c4e193752f756fd61f04deebed3a3a20dc188d37edb53682d313ac57f2725d54?s=96&d=mm&r=g","contentUrl":"https:\/\/secure.gravatar.com\/avatar\/c4e193752f756fd61f04deebed3a3a20dc188d37edb53682d313ac57f2725d54?s=96&d=mm&r=g","caption":"Redacci\u00f3n"},"sameAs":["https:\/\/soledaddurazo.com"]}]}},"_links":{"self":[{"href":"https:\/\/soledaddurazo.com\/api\/wp\/v2\/posts\/27432","targetHints":{"allow":["GET"]}}],"collection":[{"href":"https:\/\/soledaddurazo.com\/api\/wp\/v2\/posts"}],"about":[{"href":"https:\/\/soledaddurazo.com\/api\/wp\/v2\/types\/post"}],"author":[{"embeddable":true,"href":"https:\/\/soledaddurazo.com\/api\/wp\/v2\/users\/1"}],"replies":[{"embeddable":true,"href":"https:\/\/soledaddurazo.com\/api\/wp\/v2\/comments?post=27432"}],"version-history":[{"count":1,"href":"https:\/\/soledaddurazo.com\/api\/wp\/v2\/posts\/27432\/revisions"}],"predecessor-version":[{"id":27434,"href":"https:\/\/soledaddurazo.com\/api\/wp\/v2\/posts\/27432\/revisions\/27434"}],"wp:featuredmedia":[{"embeddable":true,"href":"https:\/\/soledaddurazo.com\/api\/wp\/v2\/media\/27433"}],"wp:attachment":[{"href":"https:\/\/soledaddurazo.com\/api\/wp\/v2\/media?parent=27432"}],"wp:term":[{"taxonomy":"category","embeddable":true,"href":"https:\/\/soledaddurazo.com\/api\/wp\/v2\/categories?post=27432"},{"taxonomy":"post_tag","embeddable":true,"href":"https:\/\/soledaddurazo.com\/api\/wp\/v2\/tags?post=27432"}],"curies":[{"name":"wp","href":"https:\/\/api.w.org\/{rel}","templated":true}]}}