{"id":27415,"date":"2026-09-01T18:59:22","date_gmt":"2026-09-02T01:59:22","guid":{"rendered":"https:\/\/soledaddurazo.com\/?p=27415"},"modified":"2026-09-01T18:59:22","modified_gmt":"2026-09-02T01:59:22","slug":"regreso-a-clases-el-gasto-apenas-comienza","status":"publish","type":"post","link":"https:\/\/soledaddurazo.com\/blog\/2026\/09\/01\/regreso-a-clases-el-gasto-apenas-comienza\/","title":{"rendered":"Regreso a clases: el gasto apenas comienza"},"content":{"rendered":"<p>El regreso a clases suele concentrar buena parte del gasto familiar en \u00fatiles, mochilas, uniformes y calzado, pero una vez que los estudiantes vuelven a las aulas aparecen otros desembolsos que pueden complicar todav\u00eda m\u00e1s el presupuesto de septiembre.<\/p>\n<p>&nbsp;<\/p>\n<p>Transporte, alimentos, copias, materiales para proyectos, actividades escolares y cuotas o gastos extraordinarios son algunos de los pagos que pueden surgir durante las primeras semanas del ciclo escolar. Para muchas familias, el problema no est\u00e1 \u00fanicamente en hacer una compra grande antes de regresar a clases, sino en enfrentar peque\u00f1os gastos que se acumulan durante todo el mes.<\/p>\n<p>&nbsp;<\/p>\n<p>Por eso, especialistas en finanzas personales recomiendan establecer desde el inicio un presupuesto destinado exclusivamente a los gastos escolares y separar una cantidad para imprevistos. Tambi\u00e9n puede ser \u00fatil aprovechar materiales del ciclo anterior que todav\u00eda est\u00e9n en buenas condiciones, en lugar de reemplazarlos autom\u00e1ticamente.<\/p>\n<p>&nbsp;<\/p>\n<p>Otra recomendaci\u00f3n es comparar precios antes de comprar y evitar adquirir todo en un solo establecimiento. En productos como \u00fatiles, uniformes y calzado pueden encontrarse diferencias importantes entre tiendas, especialmente cuando se trata de compras de varios art\u00edculos.<\/p>\n<p>&nbsp;<\/p>\n<p>El regreso a clases, entonces, no termina cuando se entrega la lista de \u00fatiles: para las familias, septiembre tambi\u00e9n representa el reto de mantener bajo control los gastos que aparecen durante el ciclo escolar.<\/p>\n","protected":false},"excerpt":{"rendered":"<p>El regreso a clases suele concentrar buena parte del gasto familiar en \u00fatiles, mochilas, uniformes y calzado, pero una vez que los estudiantes vuelven a las aulas aparecen otros desembolsos que pueden complicar todav\u00eda m\u00e1s el presupuesto de septiembre. &nbsp; Transporte, alimentos, copias, materiales para proyectos, actividades escolares y cuotas o gastos extraordinarios son algunos [&hellip;]<\/p>\n","protected":false},"author":1,"featured_media":27416,"comment_status":"open","ping_status":"open","sticky":false,"template":"","format":"standard","meta":{"footnotes":""},"categories":[153],"tags":[],"class_list":["post"],"yoast_head":" \n<title>Regreso a clases: el gasto apenas comienza - Periodista SoledadDurazo.com<\/title>\n<meta name=\"robots\" content=\"index, follow, max-snippet:-1, max-image-preview:large, max-video-preview:-1\" \/>\n<link rel=\"canonical\" href=\"https:\/\/soledaddurazo.com\/blog\/2026\/09\/01\/regreso-a-clases-el-gasto-apenas-comienza\/\" \/>\n<meta property=\"og:locale\" content=\"es_MX\" \/>\n<meta property=\"og:type\" content=\"article\" \/>\n<meta property=\"og:title\" content=\"Regreso a clases: el gasto apenas comienza\" \/>\n<meta property=\"og:description\" content=\"El regreso a clases suele concentrar buena parte del gasto familiar en \u00fatiles, mochilas, uniformes y calzado, pero una vez que los estudiantes vuelven a las aulas aparecen otros desembolsos que pueden complicar todav\u00eda m\u00e1s el presupuesto de septiembre. &nbsp; Transporte, alimentos, copias, materiales para proyectos, actividades escolares y cuotas o gastos extraordinarios son algunos [&hellip;]\" \/>\n<meta property=\"og:url\" content=\"https:\/\/soledaddurazo.com\/blog\/2026\/09\/01\/regreso-a-clases-el-gasto-apenas-comienza\/\" \/>\n<meta property=\"og:site_name\" content=\"Periodista SoledadDurazo.com\" \/>\n<meta property=\"article:publisher\" content=\"https:\/\/www.facebook.com\/soledad.durazo.9\/\" \/>\n<meta property=\"article:published_time\" content=\"2026-09-02T01:59:22+00:00\" \/>\n<meta property=\"og:image\" content=\"https:\/\/soledaddurazo.com\/storage\/2026\/09\/UY7UMZY4XZH4RB3GOUNWOMN57M.jpg\" \/>\n\t<meta property=\"og:image:width\" content=\"350\" \/>\n\t<meta property=\"og:image:height\" content=\"197\" \/>\n<meta name=\"twitter:card\" content=\"summary_large_image\" \/>\n<meta name=\"twitter:creator\" content=\"@SoledadDurazo\" \/>\n<meta name=\"twitter:site\" content=\"@SoledadDurazo\" \/>\n<meta name=\"twitter:label1\" content=\"Escrito por\" \/>\n\t<meta name=\"twitter:data1\" content=\"Redacci\u00f3n\" \/>\n\t<meta name=\"twitter:label2\" content=\"Tiempo de lectura\" \/>\n\t<meta name=\"twitter:data2\" content=\"1 minuto\" \/>\n<script type=\"application\/ld+json\" class=\"yoast-schema-graph\">{\"@context\":\"https:\/\/schema.org\",\"@graph\":[{\"@type\":\"Organization\",\"@id\":\"https:\/\/soledaddurazo.com\/#organization\",\"name\":\"Soledad Durazo\",\"url\":\"https:\/\/soledaddurazo.com\/\",\"sameAs\":[\"https:\/\/www.facebook.com\/soledad.durazo.9\/\",\"https:\/\/www.instagram.com\/soledaddurazo\",\"https:\/\/www.youtube.com\/channel\/UC9yGPw8-Vbl_B2XNkRwPS-w\",\"https:\/\/twitter.com\/SoledadDurazo\"],\"logo\":{\"@type\":\"ImageObject\",\"@id\":\"https:\/\/soledaddurazo.com\/#logo\",\"inLanguage\":\"es\",\"url\":\"https:\/\/soledaddurazo.com\/storage\/2021\/11\/nllp-720x375-1-2.png\",\"contentUrl\":\"https:\/\/soledaddurazo.com\/storage\/2021\/11\/nllp-720x375-1-2.png\",\"width\":720,\"height\":375,\"caption\":\"Soledad Durazo\"},\"image\":{\"@id\":\"https:\/\/soledaddurazo.com\/#logo\"}},{\"@type\":\"WebSite\",\"@id\":\"https:\/\/soledaddurazo.com\/#website\",\"url\":\"https:\/\/soledaddurazo.com\/\",\"name\":\"Periodista SoledadDurazo.com\",\"description\":\"Periodista sonorense. Directora de www.SoledadDurazo.com Columnista, conductora de radio y Tv. Catedr\\u00e1tica en la UNISON\",\"publisher\":{\"@id\":\"https:\/\/soledaddurazo.com\/#organization\"},\"potentialAction\":[{\"@type\":\"SearchAction\",\"target\":{\"@type\":\"EntryPoint\",\"urlTemplate\":\"https:\/\/soledaddurazo.com\/?s={search_term_string}\"},\"query-input\":\"required name=search_term_string\"}],\"inLanguage\":\"es\"},{\"@type\":\"ImageObject\",\"@id\":\"https:\/\/soledaddurazo.com\/blog\/2026\/09\/01\/regreso-a-clases-el-gasto-apenas-comienza\/#primaryimage\",\"inLanguage\":\"es\",\"url\":\"https:\/\/soledaddurazo.com\/storage\/2026\/09\/UY7UMZY4XZH4RB3GOUNWOMN57M.jpg\",\"contentUrl\":\"https:\/\/soledaddurazo.com\/storage\/2026\/09\/UY7UMZY4XZH4RB3GOUNWOMN57M.jpg\",\"width\":350,\"height\":197},{\"@type\":\"WebPage\",\"@id\":\"https:\/\/soledaddurazo.com\/blog\/2026\/09\/01\/regreso-a-clases-el-gasto-apenas-comienza\/#webpage\",\"url\":\"https:\/\/soledaddurazo.com\/blog\/2026\/09\/01\/regreso-a-clases-el-gasto-apenas-comienza\/\",\"name\":\"Regreso a clases: el gasto apenas comienza - Periodista SoledadDurazo.com\",\"isPartOf\":{\"@id\":\"https:\/\/soledaddurazo.com\/#website\"},\"primaryImageOfPage\":{\"@id\":\"https:\/\/soledaddurazo.com\/blog\/2026\/09\/01\/regreso-a-clases-el-gasto-apenas-comienza\/#primaryimage\"},\"datePublished\":\"2026-09-02T01:59:22+00:00\",\"dateModified\":\"2026-09-02T01:59:22+00:00\",\"breadcrumb\":{\"@id\":\"https:\/\/soledaddurazo.com\/blog\/2026\/09\/01\/regreso-a-clases-el-gasto-apenas-comienza\/#breadcrumb\"},\"inLanguage\":\"es\",\"potentialAction\":[{\"@type\":\"ReadAction\",\"target\":[\"https:\/\/soledaddurazo.com\/blog\/2026\/09\/01\/regreso-a-clases-el-gasto-apenas-comienza\/\"]}]},{\"@type\":\"BreadcrumbList\",\"@id\":\"https:\/\/soledaddurazo.com\/blog\/2026\/09\/01\/regreso-a-clases-el-gasto-apenas-comienza\/#breadcrumb\",\"itemListElement\":[{\"@type\":\"ListItem\",\"position\":1,\"name\":\"Home\",\"item\":\"https:\/\/soledaddurazo.com\/\"},{\"@type\":\"ListItem\",\"position\":2,\"name\":\"Regreso a clases: el gasto apenas comienza\"}]},{\"@type\":\"Article\",\"@id\":\"https:\/\/soledaddurazo.com\/blog\/2026\/09\/01\/regreso-a-clases-el-gasto-apenas-comienza\/#article\",\"isPartOf\":{\"@id\":\"https:\/\/soledaddurazo.com\/blog\/2026\/09\/01\/regreso-a-clases-el-gasto-apenas-comienza\/#webpage\"},\"author\":{\"@id\":\"https:\/\/soledaddurazo.com\/#\/schema\/person\/822d8e13aa288585e6546f179853758b\"},\"headline\":\"Regreso a clases: el gasto apenas comienza\",\"datePublished\":\"2026-09-02T01:59:22+00:00\",\"dateModified\":\"2026-09-02T01:59:22+00:00\",\"mainEntityOfPage\":{\"@id\":\"https:\/\/soledaddurazo.com\/blog\/2026\/09\/01\/regreso-a-clases-el-gasto-apenas-comienza\/#webpage\"},\"wordCount\":235,\"commentCount\":0,\"publisher\":{\"@id\":\"https:\/\/soledaddurazo.com\/#organization\"},\"image\":{\"@id\":\"https:\/\/soledaddurazo.com\/blog\/2026\/09\/01\/regreso-a-clases-el-gasto-apenas-comienza\/#primaryimage\"},\"thumbnailUrl\":\"https:\/\/soledaddurazo.com\/storage\/2026\/09\/UY7UMZY4XZH4RB3GOUNWOMN57M.jpg\",\"articleSection\":[\"principal\"],\"inLanguage\":\"es\",\"potentialAction\":[{\"@type\":\"CommentAction\",\"name\":\"Comment\",\"target\":[\"https:\/\/soledaddurazo.com\/blog\/2026\/09\/01\/regreso-a-clases-el-gasto-apenas-comienza\/#respond\"]}]},{\"@type\":\"Person\",\"@id\":\"https:\/\/soledaddurazo.com\/#\/schema\/person\/822d8e13aa288585e6546f179853758b\",\"name\":\"Redacci\\u00f3n\",\"image\":{\"@type\":\"ImageObject\",\"@id\":\"https:\/\/soledaddurazo.com\/#personlogo\",\"inLanguage\":\"es\",\"url\":\"https:\/\/secure.gravatar.com\/avatar\/c4e193752f756fd61f04deebed3a3a20dc188d37edb53682d313ac57f2725d54?s=96&d=mm&r=g\",\"contentUrl\":\"https:\/\/secure.gravatar.com\/avatar\/c4e193752f756fd61f04deebed3a3a20dc188d37edb53682d313ac57f2725d54?s=96&d=mm&r=g\",\"caption\":\"Redacci\\u00f3n\"},\"sameAs\":[\"https:\/\/soledaddurazo.com\"]}]}<\/script>\n ","yoast_head_json":{"title":"Regreso a clases: el gasto apenas comienza - Periodista SoledadDurazo.com","robots":{"index":"index","follow":"follow","max-snippet":"max-snippet:-1","max-image-preview":"max-image-preview:large","max-video-preview":"max-video-preview:-1"},"canonical":"https:\/\/soledaddurazo.com\/blog\/2026\/09\/01\/regreso-a-clases-el-gasto-apenas-comienza\/","og_locale":"es_MX","og_type":"article","og_title":"Regreso a clases: el gasto apenas comienza","og_description":"El regreso a clases suele concentrar buena parte del gasto familiar en \u00fatiles, mochilas, uniformes y calzado, pero una vez que los estudiantes vuelven a las aulas aparecen otros desembolsos que pueden complicar todav\u00eda m\u00e1s el presupuesto de septiembre. &nbsp; Transporte, alimentos, copias, materiales para proyectos, actividades escolares y cuotas o gastos extraordinarios son algunos [&hellip;]","og_url":"https:\/\/soledaddurazo.com\/blog\/2026\/09\/01\/regreso-a-clases-el-gasto-apenas-comienza\/","og_site_name":"Periodista SoledadDurazo.com","article_publisher":"https:\/\/www.facebook.com\/soledad.durazo.9\/","article_published_time":"2026-09-02T01:59:22+00:00","og_image":[{"width":350,"height":197,"url":"https:\/\/soledaddurazo.com\/storage\/2026\/09\/UY7UMZY4XZH4RB3GOUNWOMN57M.jpg","type":"image\/jpeg"}],"twitter_card":"summary_large_image","twitter_creator":"@SoledadDurazo","twitter_site":"@SoledadDurazo","twitter_misc":{"Escrito por":"Redacci\u00f3n","Tiempo de lectura":"1 minuto"},"schema":{"@context":"https:\/\/schema.org","@graph":[{"@type":"Organization","@id":"https:\/\/soledaddurazo.com\/#organization","name":"Soledad Durazo","url":"https:\/\/soledaddurazo.com\/","sameAs":["https:\/\/www.facebook.com\/soledad.durazo.9\/","https:\/\/www.instagram.com\/soledaddurazo","https:\/\/www.youtube.com\/channel\/UC9yGPw8-Vbl_B2XNkRwPS-w","https:\/\/twitter.com\/SoledadDurazo"],"logo":{"@type":"ImageObject","@id":"https:\/\/soledaddurazo.com\/#logo","inLanguage":"es","url":"https:\/\/soledaddurazo.com\/storage\/2021\/11\/nllp-720x375-1-2.png","contentUrl":"https:\/\/soledaddurazo.com\/storage\/2021\/11\/nllp-720x375-1-2.png","width":720,"height":375,"caption":"Soledad Durazo"},"image":{"@id":"https:\/\/soledaddurazo.com\/#logo"}},{"@type":"WebSite","@id":"https:\/\/soledaddurazo.com\/#website","url":"https:\/\/soledaddurazo.com\/","name":"Periodista SoledadDurazo.com","description":"Periodista sonorense. Directora de www.SoledadDurazo.com Columnista, conductora de radio y Tv. Catedr\u00e1tica en la UNISON","publisher":{"@id":"https:\/\/soledaddurazo.com\/#organization"},"potentialAction":[{"@type":"SearchAction","target":{"@type":"EntryPoint","urlTemplate":"https:\/\/soledaddurazo.com\/?s={search_term_string}"},"query-input":"required name=search_term_string"}],"inLanguage":"es"},{"@type":"ImageObject","@id":"https:\/\/soledaddurazo.com\/blog\/2026\/09\/01\/regreso-a-clases-el-gasto-apenas-comienza\/#primaryimage","inLanguage":"es","url":"https:\/\/soledaddurazo.com\/storage\/2026\/09\/UY7UMZY4XZH4RB3GOUNWOMN57M.jpg","contentUrl":"https:\/\/soledaddurazo.com\/storage\/2026\/09\/UY7UMZY4XZH4RB3GOUNWOMN57M.jpg","width":350,"height":197},{"@type":"WebPage","@id":"https:\/\/soledaddurazo.com\/blog\/2026\/09\/01\/regreso-a-clases-el-gasto-apenas-comienza\/#webpage","url":"https:\/\/soledaddurazo.com\/blog\/2026\/09\/01\/regreso-a-clases-el-gasto-apenas-comienza\/","name":"Regreso a clases: el gasto apenas comienza - Periodista SoledadDurazo.com","isPartOf":{"@id":"https:\/\/soledaddurazo.com\/#website"},"primaryImageOfPage":{"@id":"https:\/\/soledaddurazo.com\/blog\/2026\/09\/01\/regreso-a-clases-el-gasto-apenas-comienza\/#primaryimage"},"datePublished":"2026-09-02T01:59:22+00:00","dateModified":"2026-09-02T01:59:22+00:00","breadcrumb":{"@id":"https:\/\/soledaddurazo.com\/blog\/2026\/09\/01\/regreso-a-clases-el-gasto-apenas-comienza\/#breadcrumb"},"inLanguage":"es","potentialAction":[{"@type":"ReadAction","target":["https:\/\/soledaddurazo.com\/blog\/2026\/09\/01\/regreso-a-clases-el-gasto-apenas-comienza\/"]}]},{"@type":"BreadcrumbList","@id":"https:\/\/soledaddurazo.com\/blog\/2026\/09\/01\/regreso-a-clases-el-gasto-apenas-comienza\/#breadcrumb","itemListElement":[{"@type":"ListItem","position":1,"name":"Home","item":"https:\/\/soledaddurazo.com\/"},{"@type":"ListItem","position":2,"name":"Regreso a clases: el gasto apenas comienza"}]},{"@type":"Article","@id":"https:\/\/soledaddurazo.com\/blog\/2026\/09\/01\/regreso-a-clases-el-gasto-apenas-comienza\/#article","isPartOf":{"@id":"https:\/\/soledaddurazo.com\/blog\/2026\/09\/01\/regreso-a-clases-el-gasto-apenas-comienza\/#webpage"},"author":{"@id":"https:\/\/soledaddurazo.com\/#\/schema\/person\/822d8e13aa288585e6546f179853758b"},"headline":"Regreso a clases: el gasto apenas comienza","datePublished":"2026-09-02T01:59:22+00:00","dateModified":"2026-09-02T01:59:22+00:00","mainEntityOfPage":{"@id":"https:\/\/soledaddurazo.com\/blog\/2026\/09\/01\/regreso-a-clases-el-gasto-apenas-comienza\/#webpage"},"wordCount":235,"commentCount":0,"publisher":{"@id":"https:\/\/soledaddurazo.com\/#organization"},"image":{"@id":"https:\/\/soledaddurazo.com\/blog\/2026\/09\/01\/regreso-a-clases-el-gasto-apenas-comienza\/#primaryimage"},"thumbnailUrl":"https:\/\/soledaddurazo.com\/storage\/2026\/09\/UY7UMZY4XZH4RB3GOUNWOMN57M.jpg","articleSection":["principal"],"inLanguage":"es","potentialAction":[{"@type":"CommentAction","name":"Comment","target":["https:\/\/soledaddurazo.com\/blog\/2026\/09\/01\/regreso-a-clases-el-gasto-apenas-comienza\/#respond"]}]},{"@type":"Person","@id":"https:\/\/soledaddurazo.com\/#\/schema\/person\/822d8e13aa288585e6546f179853758b","name":"Redacci\u00f3n","image":{"@type":"ImageObject","@id":"https:\/\/soledaddurazo.com\/#personlogo","inLanguage":"es","url":"https:\/\/secure.gravatar.com\/avatar\/c4e193752f756fd61f04deebed3a3a20dc188d37edb53682d313ac57f2725d54?s=96&d=mm&r=g","contentUrl":"https:\/\/secure.gravatar.com\/avatar\/c4e193752f756fd61f04deebed3a3a20dc188d37edb53682d313ac57f2725d54?s=96&d=mm&r=g","caption":"Redacci\u00f3n"},"sameAs":["https:\/\/soledaddurazo.com"]}]}},"_links":{"self":[{"href":"https:\/\/soledaddurazo.com\/api\/wp\/v2\/posts\/27415","targetHints":{"allow":["GET"]}}],"collection":[{"href":"https:\/\/soledaddurazo.com\/api\/wp\/v2\/posts"}],"about":[{"href":"https:\/\/soledaddurazo.com\/api\/wp\/v2\/types\/post"}],"author":[{"embeddable":true,"href":"https:\/\/soledaddurazo.com\/api\/wp\/v2\/users\/1"}],"replies":[{"embeddable":true,"href":"https:\/\/soledaddurazo.com\/api\/wp\/v2\/comments?post=27415"}],"version-history":[{"count":1,"href":"https:\/\/soledaddurazo.com\/api\/wp\/v2\/posts\/27415\/revisions"}],"predecessor-version":[{"id":27417,"href":"https:\/\/soledaddurazo.com\/api\/wp\/v2\/posts\/27415\/revisions\/27417"}],"wp:featuredmedia":[{"embeddable":true,"href":"https:\/\/soledaddurazo.com\/api\/wp\/v2\/media\/27416"}],"wp:attachment":[{"href":"https:\/\/soledaddurazo.com\/api\/wp\/v2\/media?parent=27415"}],"wp:term":[{"taxonomy":"category","embeddable":true,"href":"https:\/\/soledaddurazo.com\/api\/wp\/v2\/categories?post=27415"},{"taxonomy":"post_tag","embeddable":true,"href":"https:\/\/soledaddurazo.com\/api\/wp\/v2\/tags?post=27415"}],"curies":[{"name":"wp","href":"https:\/\/api.w.org\/{rel}","templated":true}]}}