{"id":27409,"date":"2026-09-01T18:51:52","date_gmt":"2026-09-02T01:51:52","guid":{"rendered":"https:\/\/soledaddurazo.com\/?p=27409"},"modified":"2026-09-01T18:51:52","modified_gmt":"2026-09-02T01:51:52","slug":"el-celular-vuelve-a-las-aulas-entre-la-herramienta-y-la-distraccion","status":"publish","type":"post","link":"https:\/\/soledaddurazo.com\/blog\/2026\/09\/01\/el-celular-vuelve-a-las-aulas-entre-la-herramienta-y-la-distraccion\/","title":{"rendered":"El celular vuelve a las aulas: entre la herramienta y la distracci\u00f3n"},"content":{"rendered":"<p>El regreso a clases no solo significa volver a los libros y cuadernos. Tambi\u00e9n significa regresar con uno de los objetos que m\u00e1s forman parte de la vida cotidiana de ni\u00f1os y adolescentes: el tel\u00e9fono celular.<\/p>\n<p>Su presencia dentro de las escuelas ha generado un debate cada vez mayor. Por un lado, un smartphone puede utilizarse para consultar informaci\u00f3n, realizar actividades educativas, comunicarse con los padres o atender una emergencia. Pero, por otro, las redes sociales, videojuegos, mensajes y notificaciones pueden convertirse en una distracci\u00f3n constante durante las clases.<\/p>\n<p>&nbsp;<\/p>\n<p>El problema no necesariamente est\u00e1 en el dispositivo, sino en c\u00f3mo, cu\u00e1ndo y para qu\u00e9 se utiliza. Un tel\u00e9fono puede ser una herramienta educativa en un momento y convertirse en una fuente de distracci\u00f3n apenas unos minutos despu\u00e9s.<\/p>\n<p>&nbsp;<\/p>\n<p>Por esta raz\u00f3n, algunas autoridades educativas han impulsado reglas para limitar o regular su utilizaci\u00f3n durante la jornada escolar. La intenci\u00f3n es recuperar espacios de concentraci\u00f3n sin ignorar que la tecnolog\u00eda ya forma parte de la vida de los estudiantes.<\/p>\n<p>&nbsp;<\/p>\n<p>El tema tambi\u00e9n representa un reto para las familias. No basta con establecer que el celular \u201cno se usa en clase\u201d; tambi\u00e9n es necesario ense\u00f1ar a los menores a establecer l\u00edmites, distinguir entre una necesidad y una distracci\u00f3n y comprender que no todas las notificaciones requieren una respuesta inmediata.<\/p>\n<p>&nbsp;<\/p>\n<p>La discusi\u00f3n, finalmente, no parece ser si la tecnolog\u00eda debe desaparecer de las escuelas, sino c\u00f3mo lograr que permanezca al servicio del aprendizaje y no termine compitiendo con \u00e9l.<\/p>\n","protected":false},"excerpt":{"rendered":"<p>El regreso a clases no solo significa volver a los libros y cuadernos. Tambi\u00e9n significa regresar con uno de los objetos que m\u00e1s forman parte de la vida cotidiana de ni\u00f1os y adolescentes: el tel\u00e9fono celular. Su presencia dentro de las escuelas ha generado un debate cada vez mayor. Por un lado, un smartphone puede [&hellip;]<\/p>\n","protected":false},"author":1,"featured_media":27410,"comment_status":"open","ping_status":"open","sticky":false,"template":"","format":"standard","meta":{"footnotes":""},"categories":[153],"tags":[],"class_list":["post"],"yoast_head":" \n<title>El celular vuelve a las aulas: entre la herramienta y la distracci\u00f3n - Periodista SoledadDurazo.com<\/title>\n<meta name=\"robots\" content=\"index, follow, max-snippet:-1, max-image-preview:large, max-video-preview:-1\" \/>\n<link rel=\"canonical\" href=\"https:\/\/soledaddurazo.com\/blog\/2026\/09\/01\/el-celular-vuelve-a-las-aulas-entre-la-herramienta-y-la-distraccion\/\" \/>\n<meta property=\"og:locale\" content=\"es_MX\" \/>\n<meta property=\"og:type\" content=\"article\" \/>\n<meta property=\"og:title\" content=\"El celular vuelve a las aulas: entre la herramienta y la distracci\u00f3n\" \/>\n<meta property=\"og:description\" content=\"El regreso a clases no solo significa volver a los libros y cuadernos. Tambi\u00e9n significa regresar con uno de los objetos que m\u00e1s forman parte de la vida cotidiana de ni\u00f1os y adolescentes: el tel\u00e9fono celular. Su presencia dentro de las escuelas ha generado un debate cada vez mayor. Por un lado, un smartphone puede [&hellip;]\" \/>\n<meta property=\"og:url\" content=\"https:\/\/soledaddurazo.com\/blog\/2026\/09\/01\/el-celular-vuelve-a-las-aulas-entre-la-herramienta-y-la-distraccion\/\" \/>\n<meta property=\"og:site_name\" content=\"Periodista SoledadDurazo.com\" \/>\n<meta property=\"article:publisher\" content=\"https:\/\/www.facebook.com\/soledad.durazo.9\/\" \/>\n<meta property=\"article:published_time\" content=\"2026-09-02T01:51:52+00:00\" \/>\n<meta property=\"og:image\" content=\"https:\/\/soledaddurazo.com\/storage\/2026\/09\/1-2.jpg\" \/>\n\t<meta property=\"og:image:width\" content=\"768\" \/>\n\t<meta property=\"og:image:height\" content=\"432\" \/>\n<meta name=\"twitter:card\" content=\"summary_large_image\" \/>\n<meta name=\"twitter:creator\" content=\"@SoledadDurazo\" \/>\n<meta name=\"twitter:site\" content=\"@SoledadDurazo\" \/>\n<meta name=\"twitter:label1\" content=\"Escrito por\" \/>\n\t<meta name=\"twitter:data1\" content=\"Redacci\u00f3n\" \/>\n\t<meta name=\"twitter:label2\" content=\"Tiempo de lectura\" \/>\n\t<meta name=\"twitter:data2\" content=\"1 minuto\" \/>\n<script type=\"application\/ld+json\" class=\"yoast-schema-graph\">{\"@context\":\"https:\/\/schema.org\",\"@graph\":[{\"@type\":\"Organization\",\"@id\":\"https:\/\/soledaddurazo.com\/#organization\",\"name\":\"Soledad Durazo\",\"url\":\"https:\/\/soledaddurazo.com\/\",\"sameAs\":[\"https:\/\/www.facebook.com\/soledad.durazo.9\/\",\"https:\/\/www.instagram.com\/soledaddurazo\",\"https:\/\/www.youtube.com\/channel\/UC9yGPw8-Vbl_B2XNkRwPS-w\",\"https:\/\/twitter.com\/SoledadDurazo\"],\"logo\":{\"@type\":\"ImageObject\",\"@id\":\"https:\/\/soledaddurazo.com\/#logo\",\"inLanguage\":\"es\",\"url\":\"https:\/\/soledaddurazo.com\/storage\/2021\/11\/nllp-720x375-1-2.png\",\"contentUrl\":\"https:\/\/soledaddurazo.com\/storage\/2021\/11\/nllp-720x375-1-2.png\",\"width\":720,\"height\":375,\"caption\":\"Soledad Durazo\"},\"image\":{\"@id\":\"https:\/\/soledaddurazo.com\/#logo\"}},{\"@type\":\"WebSite\",\"@id\":\"https:\/\/soledaddurazo.com\/#website\",\"url\":\"https:\/\/soledaddurazo.com\/\",\"name\":\"Periodista SoledadDurazo.com\",\"description\":\"Periodista sonorense. Directora de www.SoledadDurazo.com Columnista, conductora de radio y Tv. Catedr\\u00e1tica en la UNISON\",\"publisher\":{\"@id\":\"https:\/\/soledaddurazo.com\/#organization\"},\"potentialAction\":[{\"@type\":\"SearchAction\",\"target\":{\"@type\":\"EntryPoint\",\"urlTemplate\":\"https:\/\/soledaddurazo.com\/?s={search_term_string}\"},\"query-input\":\"required name=search_term_string\"}],\"inLanguage\":\"es\"},{\"@type\":\"ImageObject\",\"@id\":\"https:\/\/soledaddurazo.com\/blog\/2026\/09\/01\/el-celular-vuelve-a-las-aulas-entre-la-herramienta-y-la-distraccion\/#primaryimage\",\"inLanguage\":\"es\",\"url\":\"https:\/\/soledaddurazo.com\/storage\/2026\/09\/1-2.jpg\",\"contentUrl\":\"https:\/\/soledaddurazo.com\/storage\/2026\/09\/1-2.jpg\",\"width\":768,\"height\":432},{\"@type\":\"WebPage\",\"@id\":\"https:\/\/soledaddurazo.com\/blog\/2026\/09\/01\/el-celular-vuelve-a-las-aulas-entre-la-herramienta-y-la-distraccion\/#webpage\",\"url\":\"https:\/\/soledaddurazo.com\/blog\/2026\/09\/01\/el-celular-vuelve-a-las-aulas-entre-la-herramienta-y-la-distraccion\/\",\"name\":\"El celular vuelve a las aulas: entre la herramienta y la distracci\\u00f3n - Periodista SoledadDurazo.com\",\"isPartOf\":{\"@id\":\"https:\/\/soledaddurazo.com\/#website\"},\"primaryImageOfPage\":{\"@id\":\"https:\/\/soledaddurazo.com\/blog\/2026\/09\/01\/el-celular-vuelve-a-las-aulas-entre-la-herramienta-y-la-distraccion\/#primaryimage\"},\"datePublished\":\"2026-09-02T01:51:52+00:00\",\"dateModified\":\"2026-09-02T01:51:52+00:00\",\"breadcrumb\":{\"@id\":\"https:\/\/soledaddurazo.com\/blog\/2026\/09\/01\/el-celular-vuelve-a-las-aulas-entre-la-herramienta-y-la-distraccion\/#breadcrumb\"},\"inLanguage\":\"es\",\"potentialAction\":[{\"@type\":\"ReadAction\",\"target\":[\"https:\/\/soledaddurazo.com\/blog\/2026\/09\/01\/el-celular-vuelve-a-las-aulas-entre-la-herramienta-y-la-distraccion\/\"]}]},{\"@type\":\"BreadcrumbList\",\"@id\":\"https:\/\/soledaddurazo.com\/blog\/2026\/09\/01\/el-celular-vuelve-a-las-aulas-entre-la-herramienta-y-la-distraccion\/#breadcrumb\",\"itemListElement\":[{\"@type\":\"ListItem\",\"position\":1,\"name\":\"Home\",\"item\":\"https:\/\/soledaddurazo.com\/\"},{\"@type\":\"ListItem\",\"position\":2,\"name\":\"El celular vuelve a las aulas: entre la herramienta y la distracci\\u00f3n\"}]},{\"@type\":\"Article\",\"@id\":\"https:\/\/soledaddurazo.com\/blog\/2026\/09\/01\/el-celular-vuelve-a-las-aulas-entre-la-herramienta-y-la-distraccion\/#article\",\"isPartOf\":{\"@id\":\"https:\/\/soledaddurazo.com\/blog\/2026\/09\/01\/el-celular-vuelve-a-las-aulas-entre-la-herramienta-y-la-distraccion\/#webpage\"},\"author\":{\"@id\":\"https:\/\/soledaddurazo.com\/#\/schema\/person\/822d8e13aa288585e6546f179853758b\"},\"headline\":\"El celular vuelve a las aulas: entre la herramienta y la distracci\\u00f3n\",\"datePublished\":\"2026-09-02T01:51:52+00:00\",\"dateModified\":\"2026-09-02T01:51:52+00:00\",\"mainEntityOfPage\":{\"@id\":\"https:\/\/soledaddurazo.com\/blog\/2026\/09\/01\/el-celular-vuelve-a-las-aulas-entre-la-herramienta-y-la-distraccion\/#webpage\"},\"wordCount\":286,\"commentCount\":0,\"publisher\":{\"@id\":\"https:\/\/soledaddurazo.com\/#organization\"},\"image\":{\"@id\":\"https:\/\/soledaddurazo.com\/blog\/2026\/09\/01\/el-celular-vuelve-a-las-aulas-entre-la-herramienta-y-la-distraccion\/#primaryimage\"},\"thumbnailUrl\":\"https:\/\/soledaddurazo.com\/storage\/2026\/09\/1-2.jpg\",\"articleSection\":[\"principal\"],\"inLanguage\":\"es\",\"potentialAction\":[{\"@type\":\"CommentAction\",\"name\":\"Comment\",\"target\":[\"https:\/\/soledaddurazo.com\/blog\/2026\/09\/01\/el-celular-vuelve-a-las-aulas-entre-la-herramienta-y-la-distraccion\/#respond\"]}]},{\"@type\":\"Person\",\"@id\":\"https:\/\/soledaddurazo.com\/#\/schema\/person\/822d8e13aa288585e6546f179853758b\",\"name\":\"Redacci\\u00f3n\",\"image\":{\"@type\":\"ImageObject\",\"@id\":\"https:\/\/soledaddurazo.com\/#personlogo\",\"inLanguage\":\"es\",\"url\":\"https:\/\/secure.gravatar.com\/avatar\/c4e193752f756fd61f04deebed3a3a20dc188d37edb53682d313ac57f2725d54?s=96&d=mm&r=g\",\"contentUrl\":\"https:\/\/secure.gravatar.com\/avatar\/c4e193752f756fd61f04deebed3a3a20dc188d37edb53682d313ac57f2725d54?s=96&d=mm&r=g\",\"caption\":\"Redacci\\u00f3n\"},\"sameAs\":[\"https:\/\/soledaddurazo.com\"]}]}<\/script>\n ","yoast_head_json":{"title":"El celular vuelve a las aulas: entre la herramienta y la distracci\u00f3n - Periodista SoledadDurazo.com","robots":{"index":"index","follow":"follow","max-snippet":"max-snippet:-1","max-image-preview":"max-image-preview:large","max-video-preview":"max-video-preview:-1"},"canonical":"https:\/\/soledaddurazo.com\/blog\/2026\/09\/01\/el-celular-vuelve-a-las-aulas-entre-la-herramienta-y-la-distraccion\/","og_locale":"es_MX","og_type":"article","og_title":"El celular vuelve a las aulas: entre la herramienta y la distracci\u00f3n","og_description":"El regreso a clases no solo significa volver a los libros y cuadernos. Tambi\u00e9n significa regresar con uno de los objetos que m\u00e1s forman parte de la vida cotidiana de ni\u00f1os y adolescentes: el tel\u00e9fono celular. Su presencia dentro de las escuelas ha generado un debate cada vez mayor. Por un lado, un smartphone puede [&hellip;]","og_url":"https:\/\/soledaddurazo.com\/blog\/2026\/09\/01\/el-celular-vuelve-a-las-aulas-entre-la-herramienta-y-la-distraccion\/","og_site_name":"Periodista SoledadDurazo.com","article_publisher":"https:\/\/www.facebook.com\/soledad.durazo.9\/","article_published_time":"2026-09-02T01:51:52+00:00","og_image":[{"width":768,"height":432,"url":"https:\/\/soledaddurazo.com\/storage\/2026\/09\/1-2.jpg","type":"image\/jpeg"}],"twitter_card":"summary_large_image","twitter_creator":"@SoledadDurazo","twitter_site":"@SoledadDurazo","twitter_misc":{"Escrito por":"Redacci\u00f3n","Tiempo de lectura":"1 minuto"},"schema":{"@context":"https:\/\/schema.org","@graph":[{"@type":"Organization","@id":"https:\/\/soledaddurazo.com\/#organization","name":"Soledad Durazo","url":"https:\/\/soledaddurazo.com\/","sameAs":["https:\/\/www.facebook.com\/soledad.durazo.9\/","https:\/\/www.instagram.com\/soledaddurazo","https:\/\/www.youtube.com\/channel\/UC9yGPw8-Vbl_B2XNkRwPS-w","https:\/\/twitter.com\/SoledadDurazo"],"logo":{"@type":"ImageObject","@id":"https:\/\/soledaddurazo.com\/#logo","inLanguage":"es","url":"https:\/\/soledaddurazo.com\/storage\/2021\/11\/nllp-720x375-1-2.png","contentUrl":"https:\/\/soledaddurazo.com\/storage\/2021\/11\/nllp-720x375-1-2.png","width":720,"height":375,"caption":"Soledad Durazo"},"image":{"@id":"https:\/\/soledaddurazo.com\/#logo"}},{"@type":"WebSite","@id":"https:\/\/soledaddurazo.com\/#website","url":"https:\/\/soledaddurazo.com\/","name":"Periodista SoledadDurazo.com","description":"Periodista sonorense. Directora de www.SoledadDurazo.com Columnista, conductora de radio y Tv. Catedr\u00e1tica en la UNISON","publisher":{"@id":"https:\/\/soledaddurazo.com\/#organization"},"potentialAction":[{"@type":"SearchAction","target":{"@type":"EntryPoint","urlTemplate":"https:\/\/soledaddurazo.com\/?s={search_term_string}"},"query-input":"required name=search_term_string"}],"inLanguage":"es"},{"@type":"ImageObject","@id":"https:\/\/soledaddurazo.com\/blog\/2026\/09\/01\/el-celular-vuelve-a-las-aulas-entre-la-herramienta-y-la-distraccion\/#primaryimage","inLanguage":"es","url":"https:\/\/soledaddurazo.com\/storage\/2026\/09\/1-2.jpg","contentUrl":"https:\/\/soledaddurazo.com\/storage\/2026\/09\/1-2.jpg","width":768,"height":432},{"@type":"WebPage","@id":"https:\/\/soledaddurazo.com\/blog\/2026\/09\/01\/el-celular-vuelve-a-las-aulas-entre-la-herramienta-y-la-distraccion\/#webpage","url":"https:\/\/soledaddurazo.com\/blog\/2026\/09\/01\/el-celular-vuelve-a-las-aulas-entre-la-herramienta-y-la-distraccion\/","name":"El celular vuelve a las aulas: entre la herramienta y la distracci\u00f3n - Periodista SoledadDurazo.com","isPartOf":{"@id":"https:\/\/soledaddurazo.com\/#website"},"primaryImageOfPage":{"@id":"https:\/\/soledaddurazo.com\/blog\/2026\/09\/01\/el-celular-vuelve-a-las-aulas-entre-la-herramienta-y-la-distraccion\/#primaryimage"},"datePublished":"2026-09-02T01:51:52+00:00","dateModified":"2026-09-02T01:51:52+00:00","breadcrumb":{"@id":"https:\/\/soledaddurazo.com\/blog\/2026\/09\/01\/el-celular-vuelve-a-las-aulas-entre-la-herramienta-y-la-distraccion\/#breadcrumb"},"inLanguage":"es","potentialAction":[{"@type":"ReadAction","target":["https:\/\/soledaddurazo.com\/blog\/2026\/09\/01\/el-celular-vuelve-a-las-aulas-entre-la-herramienta-y-la-distraccion\/"]}]},{"@type":"BreadcrumbList","@id":"https:\/\/soledaddurazo.com\/blog\/2026\/09\/01\/el-celular-vuelve-a-las-aulas-entre-la-herramienta-y-la-distraccion\/#breadcrumb","itemListElement":[{"@type":"ListItem","position":1,"name":"Home","item":"https:\/\/soledaddurazo.com\/"},{"@type":"ListItem","position":2,"name":"El celular vuelve a las aulas: entre la herramienta y la distracci\u00f3n"}]},{"@type":"Article","@id":"https:\/\/soledaddurazo.com\/blog\/2026\/09\/01\/el-celular-vuelve-a-las-aulas-entre-la-herramienta-y-la-distraccion\/#article","isPartOf":{"@id":"https:\/\/soledaddurazo.com\/blog\/2026\/09\/01\/el-celular-vuelve-a-las-aulas-entre-la-herramienta-y-la-distraccion\/#webpage"},"author":{"@id":"https:\/\/soledaddurazo.com\/#\/schema\/person\/822d8e13aa288585e6546f179853758b"},"headline":"El celular vuelve a las aulas: entre la herramienta y la distracci\u00f3n","datePublished":"2026-09-02T01:51:52+00:00","dateModified":"2026-09-02T01:51:52+00:00","mainEntityOfPage":{"@id":"https:\/\/soledaddurazo.com\/blog\/2026\/09\/01\/el-celular-vuelve-a-las-aulas-entre-la-herramienta-y-la-distraccion\/#webpage"},"wordCount":286,"commentCount":0,"publisher":{"@id":"https:\/\/soledaddurazo.com\/#organization"},"image":{"@id":"https:\/\/soledaddurazo.com\/blog\/2026\/09\/01\/el-celular-vuelve-a-las-aulas-entre-la-herramienta-y-la-distraccion\/#primaryimage"},"thumbnailUrl":"https:\/\/soledaddurazo.com\/storage\/2026\/09\/1-2.jpg","articleSection":["principal"],"inLanguage":"es","potentialAction":[{"@type":"CommentAction","name":"Comment","target":["https:\/\/soledaddurazo.com\/blog\/2026\/09\/01\/el-celular-vuelve-a-las-aulas-entre-la-herramienta-y-la-distraccion\/#respond"]}]},{"@type":"Person","@id":"https:\/\/soledaddurazo.com\/#\/schema\/person\/822d8e13aa288585e6546f179853758b","name":"Redacci\u00f3n","image":{"@type":"ImageObject","@id":"https:\/\/soledaddurazo.com\/#personlogo","inLanguage":"es","url":"https:\/\/secure.gravatar.com\/avatar\/c4e193752f756fd61f04deebed3a3a20dc188d37edb53682d313ac57f2725d54?s=96&d=mm&r=g","contentUrl":"https:\/\/secure.gravatar.com\/avatar\/c4e193752f756fd61f04deebed3a3a20dc188d37edb53682d313ac57f2725d54?s=96&d=mm&r=g","caption":"Redacci\u00f3n"},"sameAs":["https:\/\/soledaddurazo.com"]}]}},"_links":{"self":[{"href":"https:\/\/soledaddurazo.com\/api\/wp\/v2\/posts\/27409","targetHints":{"allow":["GET"]}}],"collection":[{"href":"https:\/\/soledaddurazo.com\/api\/wp\/v2\/posts"}],"about":[{"href":"https:\/\/soledaddurazo.com\/api\/wp\/v2\/types\/post"}],"author":[{"embeddable":true,"href":"https:\/\/soledaddurazo.com\/api\/wp\/v2\/users\/1"}],"replies":[{"embeddable":true,"href":"https:\/\/soledaddurazo.com\/api\/wp\/v2\/comments?post=27409"}],"version-history":[{"count":1,"href":"https:\/\/soledaddurazo.com\/api\/wp\/v2\/posts\/27409\/revisions"}],"predecessor-version":[{"id":27411,"href":"https:\/\/soledaddurazo.com\/api\/wp\/v2\/posts\/27409\/revisions\/27411"}],"wp:featuredmedia":[{"embeddable":true,"href":"https:\/\/soledaddurazo.com\/api\/wp\/v2\/media\/27410"}],"wp:attachment":[{"href":"https:\/\/soledaddurazo.com\/api\/wp\/v2\/media?parent=27409"}],"wp:term":[{"taxonomy":"category","embeddable":true,"href":"https:\/\/soledaddurazo.com\/api\/wp\/v2\/categories?post=27409"},{"taxonomy":"post_tag","embeddable":true,"href":"https:\/\/soledaddurazo.com\/api\/wp\/v2\/tags?post=27409"}],"curies":[{"name":"wp","href":"https:\/\/api.w.org\/{rel}","templated":true}]}}