{"id":27405,"date":"2026-09-01T18:48:53","date_gmt":"2026-09-02T01:48:53","guid":{"rendered":"https:\/\/soledaddurazo.com\/?p=27405"},"modified":"2026-09-01T18:48:53","modified_gmt":"2026-09-02T01:48:53","slug":"por-que-sentimos-que-el-tiempo-pasa-mas-rapido-conforme-crecemos","status":"publish","type":"post","link":"https:\/\/soledaddurazo.com\/blog\/2026\/09\/01\/por-que-sentimos-que-el-tiempo-pasa-mas-rapido-conforme-crecemos\/","title":{"rendered":"\u00bfPor qu\u00e9 sentimos que el tiempo pasa m\u00e1s r\u00e1pido conforme crecemos?"},"content":{"rendered":"<p>Septiembre apenas comienza y para muchas personas aparece una sensaci\u00f3n casi inevitable: \u201c\u00bfen qu\u00e9 momento pas\u00f3 todo el a\u00f1o?\u201d. Los meses parecen avanzar cada vez m\u00e1s r\u00e1pido, especialmente cuando se comparan con la percepci\u00f3n del tiempo que se ten\u00eda durante la infancia.<\/p>\n<p>&nbsp;<\/p>\n<p>Aunque los relojes siguen avanzando al mismo ritmo, nuestra percepci\u00f3n puede cambiar con la edad. Una de las explicaciones estudiadas se\u00f1ala que cuando somos peque\u00f1os vivimos una gran cantidad de experiencias nuevas. Aprender, descubrir lugares, conocer personas y enfrentar situaciones por primera vez genera recuerdos m\u00e1s diferenciados.<\/p>\n<p>&nbsp;<\/p>\n<p>En cambio, durante la vida adulta muchas jornadas pueden parecerse entre s\u00ed: levantarse, trabajar, realizar las mismas actividades, regresar a casa y repetir la rutina. Cuando miramos hacia atr\u00e1s, esos d\u00edas pueden mezclarse en nuestra memoria y hacer que semanas o incluso meses parezcan haber pasado de manera repentina.<\/p>\n<p>&nbsp;<\/p>\n<p>Esto tambi\u00e9n explica por qu\u00e9 unas vacaciones llenas de actividades pueden sentirse m\u00e1s largas al recordarlas que varias semanas de rutina.<\/p>\n<p>&nbsp;<\/p>\n<p>Una manera de combatir esa sensaci\u00f3n es introducir peque\u00f1as novedades en la vida cotidiana: aprender algo diferente, cambiar una ruta, visitar un lugar nuevo, retomar una actividad pendiente o simplemente prestar mayor atenci\u00f3n a los momentos cotidianos.<\/p>\n<p>&nbsp;<\/p>\n<p>No podemos hacer que el reloj avance m\u00e1s despacio, pero s\u00ed podemos hacer que nuestros d\u00edas tengan m\u00e1s momentos que recordar.<\/p>\n<p>&nbsp;<\/p>\n<p>Y quiz\u00e1 por eso septiembre nos sorprende tanto: no es que el a\u00f1o est\u00e9 corriendo, sino que muchas veces estamos tan ocupados viviendo la rutina que no nos damos cuenta de cu\u00e1nto tiempo ha pasado.<\/p>\n","protected":false},"excerpt":{"rendered":"<p>Septiembre apenas comienza y para muchas personas aparece una sensaci\u00f3n casi inevitable: \u201c\u00bfen qu\u00e9 momento pas\u00f3 todo el a\u00f1o?\u201d. Los meses parecen avanzar cada vez m\u00e1s r\u00e1pido, especialmente cuando se comparan con la percepci\u00f3n del tiempo que se ten\u00eda durante la infancia. &nbsp; Aunque los relojes siguen avanzando al mismo ritmo, nuestra percepci\u00f3n puede cambiar [&hellip;]<\/p>\n","protected":false},"author":1,"featured_media":27406,"comment_status":"open","ping_status":"open","sticky":false,"template":"","format":"standard","meta":{"footnotes":""},"categories":[153],"tags":[],"class_list":["post"],"yoast_head":" \n<title>\u00bfPor qu\u00e9 sentimos que el tiempo pasa m\u00e1s r\u00e1pido conforme crecemos? - Periodista SoledadDurazo.com<\/title>\n<meta name=\"robots\" content=\"index, follow, max-snippet:-1, max-image-preview:large, max-video-preview:-1\" \/>\n<link rel=\"canonical\" href=\"https:\/\/soledaddurazo.com\/blog\/2026\/09\/01\/por-que-sentimos-que-el-tiempo-pasa-mas-rapido-conforme-crecemos\/\" \/>\n<meta property=\"og:locale\" content=\"es_MX\" \/>\n<meta property=\"og:type\" content=\"article\" \/>\n<meta property=\"og:title\" content=\"\u00bfPor qu\u00e9 sentimos que el tiempo pasa m\u00e1s r\u00e1pido conforme crecemos?\" \/>\n<meta property=\"og:description\" content=\"Septiembre apenas comienza y para muchas personas aparece una sensaci\u00f3n casi inevitable: \u201c\u00bfen qu\u00e9 momento pas\u00f3 todo el a\u00f1o?\u201d. Los meses parecen avanzar cada vez m\u00e1s r\u00e1pido, especialmente cuando se comparan con la percepci\u00f3n del tiempo que se ten\u00eda durante la infancia. &nbsp; Aunque los relojes siguen avanzando al mismo ritmo, nuestra percepci\u00f3n puede cambiar [&hellip;]\" \/>\n<meta property=\"og:url\" content=\"https:\/\/soledaddurazo.com\/blog\/2026\/09\/01\/por-que-sentimos-que-el-tiempo-pasa-mas-rapido-conforme-crecemos\/\" \/>\n<meta property=\"og:site_name\" content=\"Periodista SoledadDurazo.com\" \/>\n<meta property=\"article:publisher\" content=\"https:\/\/www.facebook.com\/soledad.durazo.9\/\" \/>\n<meta property=\"article:published_time\" content=\"2026-09-02T01:48:53+00:00\" \/>\n<meta property=\"og:image\" content=\"https:\/\/soledaddurazo.com\/storage\/2026\/09\/450_1000-1.jpg\" \/>\n\t<meta property=\"og:image:width\" content=\"450\" \/>\n\t<meta property=\"og:image:height\" content=\"300\" \/>\n<meta name=\"twitter:card\" content=\"summary_large_image\" \/>\n<meta name=\"twitter:creator\" content=\"@SoledadDurazo\" \/>\n<meta name=\"twitter:site\" content=\"@SoledadDurazo\" \/>\n<meta name=\"twitter:label1\" content=\"Escrito por\" \/>\n\t<meta name=\"twitter:data1\" content=\"Redacci\u00f3n\" \/>\n\t<meta name=\"twitter:label2\" content=\"Tiempo de lectura\" \/>\n\t<meta name=\"twitter:data2\" content=\"1 minuto\" \/>\n<script type=\"application\/ld+json\" class=\"yoast-schema-graph\">{\"@context\":\"https:\/\/schema.org\",\"@graph\":[{\"@type\":\"Organization\",\"@id\":\"https:\/\/soledaddurazo.com\/#organization\",\"name\":\"Soledad Durazo\",\"url\":\"https:\/\/soledaddurazo.com\/\",\"sameAs\":[\"https:\/\/www.facebook.com\/soledad.durazo.9\/\",\"https:\/\/www.instagram.com\/soledaddurazo\",\"https:\/\/www.youtube.com\/channel\/UC9yGPw8-Vbl_B2XNkRwPS-w\",\"https:\/\/twitter.com\/SoledadDurazo\"],\"logo\":{\"@type\":\"ImageObject\",\"@id\":\"https:\/\/soledaddurazo.com\/#logo\",\"inLanguage\":\"es\",\"url\":\"https:\/\/soledaddurazo.com\/storage\/2021\/11\/nllp-720x375-1-2.png\",\"contentUrl\":\"https:\/\/soledaddurazo.com\/storage\/2021\/11\/nllp-720x375-1-2.png\",\"width\":720,\"height\":375,\"caption\":\"Soledad Durazo\"},\"image\":{\"@id\":\"https:\/\/soledaddurazo.com\/#logo\"}},{\"@type\":\"WebSite\",\"@id\":\"https:\/\/soledaddurazo.com\/#website\",\"url\":\"https:\/\/soledaddurazo.com\/\",\"name\":\"Periodista SoledadDurazo.com\",\"description\":\"Periodista sonorense. Directora de www.SoledadDurazo.com Columnista, conductora de radio y Tv. Catedr\\u00e1tica en la UNISON\",\"publisher\":{\"@id\":\"https:\/\/soledaddurazo.com\/#organization\"},\"potentialAction\":[{\"@type\":\"SearchAction\",\"target\":{\"@type\":\"EntryPoint\",\"urlTemplate\":\"https:\/\/soledaddurazo.com\/?s={search_term_string}\"},\"query-input\":\"required name=search_term_string\"}],\"inLanguage\":\"es\"},{\"@type\":\"ImageObject\",\"@id\":\"https:\/\/soledaddurazo.com\/blog\/2026\/09\/01\/por-que-sentimos-que-el-tiempo-pasa-mas-rapido-conforme-crecemos\/#primaryimage\",\"inLanguage\":\"es\",\"url\":\"https:\/\/soledaddurazo.com\/storage\/2026\/09\/450_1000-1.jpg\",\"contentUrl\":\"https:\/\/soledaddurazo.com\/storage\/2026\/09\/450_1000-1.jpg\",\"width\":450,\"height\":300},{\"@type\":\"WebPage\",\"@id\":\"https:\/\/soledaddurazo.com\/blog\/2026\/09\/01\/por-que-sentimos-que-el-tiempo-pasa-mas-rapido-conforme-crecemos\/#webpage\",\"url\":\"https:\/\/soledaddurazo.com\/blog\/2026\/09\/01\/por-que-sentimos-que-el-tiempo-pasa-mas-rapido-conforme-crecemos\/\",\"name\":\"\\u00bfPor qu\\u00e9 sentimos que el tiempo pasa m\\u00e1s r\\u00e1pido conforme crecemos? - Periodista SoledadDurazo.com\",\"isPartOf\":{\"@id\":\"https:\/\/soledaddurazo.com\/#website\"},\"primaryImageOfPage\":{\"@id\":\"https:\/\/soledaddurazo.com\/blog\/2026\/09\/01\/por-que-sentimos-que-el-tiempo-pasa-mas-rapido-conforme-crecemos\/#primaryimage\"},\"datePublished\":\"2026-09-02T01:48:53+00:00\",\"dateModified\":\"2026-09-02T01:48:53+00:00\",\"breadcrumb\":{\"@id\":\"https:\/\/soledaddurazo.com\/blog\/2026\/09\/01\/por-que-sentimos-que-el-tiempo-pasa-mas-rapido-conforme-crecemos\/#breadcrumb\"},\"inLanguage\":\"es\",\"potentialAction\":[{\"@type\":\"ReadAction\",\"target\":[\"https:\/\/soledaddurazo.com\/blog\/2026\/09\/01\/por-que-sentimos-que-el-tiempo-pasa-mas-rapido-conforme-crecemos\/\"]}]},{\"@type\":\"BreadcrumbList\",\"@id\":\"https:\/\/soledaddurazo.com\/blog\/2026\/09\/01\/por-que-sentimos-que-el-tiempo-pasa-mas-rapido-conforme-crecemos\/#breadcrumb\",\"itemListElement\":[{\"@type\":\"ListItem\",\"position\":1,\"name\":\"Home\",\"item\":\"https:\/\/soledaddurazo.com\/\"},{\"@type\":\"ListItem\",\"position\":2,\"name\":\"\\u00bfPor qu\\u00e9 sentimos que el tiempo pasa m\\u00e1s r\\u00e1pido conforme crecemos?\"}]},{\"@type\":\"Article\",\"@id\":\"https:\/\/soledaddurazo.com\/blog\/2026\/09\/01\/por-que-sentimos-que-el-tiempo-pasa-mas-rapido-conforme-crecemos\/#article\",\"isPartOf\":{\"@id\":\"https:\/\/soledaddurazo.com\/blog\/2026\/09\/01\/por-que-sentimos-que-el-tiempo-pasa-mas-rapido-conforme-crecemos\/#webpage\"},\"author\":{\"@id\":\"https:\/\/soledaddurazo.com\/#\/schema\/person\/822d8e13aa288585e6546f179853758b\"},\"headline\":\"\\u00bfPor qu\\u00e9 sentimos que el tiempo pasa m\\u00e1s r\\u00e1pido conforme crecemos?\",\"datePublished\":\"2026-09-02T01:48:53+00:00\",\"dateModified\":\"2026-09-02T01:48:53+00:00\",\"mainEntityOfPage\":{\"@id\":\"https:\/\/soledaddurazo.com\/blog\/2026\/09\/01\/por-que-sentimos-que-el-tiempo-pasa-mas-rapido-conforme-crecemos\/#webpage\"},\"wordCount\":293,\"commentCount\":0,\"publisher\":{\"@id\":\"https:\/\/soledaddurazo.com\/#organization\"},\"image\":{\"@id\":\"https:\/\/soledaddurazo.com\/blog\/2026\/09\/01\/por-que-sentimos-que-el-tiempo-pasa-mas-rapido-conforme-crecemos\/#primaryimage\"},\"thumbnailUrl\":\"https:\/\/soledaddurazo.com\/storage\/2026\/09\/450_1000-1.jpg\",\"articleSection\":[\"principal\"],\"inLanguage\":\"es\",\"potentialAction\":[{\"@type\":\"CommentAction\",\"name\":\"Comment\",\"target\":[\"https:\/\/soledaddurazo.com\/blog\/2026\/09\/01\/por-que-sentimos-que-el-tiempo-pasa-mas-rapido-conforme-crecemos\/#respond\"]}]},{\"@type\":\"Person\",\"@id\":\"https:\/\/soledaddurazo.com\/#\/schema\/person\/822d8e13aa288585e6546f179853758b\",\"name\":\"Redacci\\u00f3n\",\"image\":{\"@type\":\"ImageObject\",\"@id\":\"https:\/\/soledaddurazo.com\/#personlogo\",\"inLanguage\":\"es\",\"url\":\"https:\/\/secure.gravatar.com\/avatar\/c4e193752f756fd61f04deebed3a3a20dc188d37edb53682d313ac57f2725d54?s=96&d=mm&r=g\",\"contentUrl\":\"https:\/\/secure.gravatar.com\/avatar\/c4e193752f756fd61f04deebed3a3a20dc188d37edb53682d313ac57f2725d54?s=96&d=mm&r=g\",\"caption\":\"Redacci\\u00f3n\"},\"sameAs\":[\"https:\/\/soledaddurazo.com\"]}]}<\/script>\n ","yoast_head_json":{"title":"\u00bfPor qu\u00e9 sentimos que el tiempo pasa m\u00e1s r\u00e1pido conforme crecemos? - Periodista SoledadDurazo.com","robots":{"index":"index","follow":"follow","max-snippet":"max-snippet:-1","max-image-preview":"max-image-preview:large","max-video-preview":"max-video-preview:-1"},"canonical":"https:\/\/soledaddurazo.com\/blog\/2026\/09\/01\/por-que-sentimos-que-el-tiempo-pasa-mas-rapido-conforme-crecemos\/","og_locale":"es_MX","og_type":"article","og_title":"\u00bfPor qu\u00e9 sentimos que el tiempo pasa m\u00e1s r\u00e1pido conforme crecemos?","og_description":"Septiembre apenas comienza y para muchas personas aparece una sensaci\u00f3n casi inevitable: \u201c\u00bfen qu\u00e9 momento pas\u00f3 todo el a\u00f1o?\u201d. Los meses parecen avanzar cada vez m\u00e1s r\u00e1pido, especialmente cuando se comparan con la percepci\u00f3n del tiempo que se ten\u00eda durante la infancia. &nbsp; Aunque los relojes siguen avanzando al mismo ritmo, nuestra percepci\u00f3n puede cambiar [&hellip;]","og_url":"https:\/\/soledaddurazo.com\/blog\/2026\/09\/01\/por-que-sentimos-que-el-tiempo-pasa-mas-rapido-conforme-crecemos\/","og_site_name":"Periodista SoledadDurazo.com","article_publisher":"https:\/\/www.facebook.com\/soledad.durazo.9\/","article_published_time":"2026-09-02T01:48:53+00:00","og_image":[{"width":450,"height":300,"url":"https:\/\/soledaddurazo.com\/storage\/2026\/09\/450_1000-1.jpg","type":"image\/jpeg"}],"twitter_card":"summary_large_image","twitter_creator":"@SoledadDurazo","twitter_site":"@SoledadDurazo","twitter_misc":{"Escrito por":"Redacci\u00f3n","Tiempo de lectura":"1 minuto"},"schema":{"@context":"https:\/\/schema.org","@graph":[{"@type":"Organization","@id":"https:\/\/soledaddurazo.com\/#organization","name":"Soledad Durazo","url":"https:\/\/soledaddurazo.com\/","sameAs":["https:\/\/www.facebook.com\/soledad.durazo.9\/","https:\/\/www.instagram.com\/soledaddurazo","https:\/\/www.youtube.com\/channel\/UC9yGPw8-Vbl_B2XNkRwPS-w","https:\/\/twitter.com\/SoledadDurazo"],"logo":{"@type":"ImageObject","@id":"https:\/\/soledaddurazo.com\/#logo","inLanguage":"es","url":"https:\/\/soledaddurazo.com\/storage\/2021\/11\/nllp-720x375-1-2.png","contentUrl":"https:\/\/soledaddurazo.com\/storage\/2021\/11\/nllp-720x375-1-2.png","width":720,"height":375,"caption":"Soledad Durazo"},"image":{"@id":"https:\/\/soledaddurazo.com\/#logo"}},{"@type":"WebSite","@id":"https:\/\/soledaddurazo.com\/#website","url":"https:\/\/soledaddurazo.com\/","name":"Periodista SoledadDurazo.com","description":"Periodista sonorense. Directora de www.SoledadDurazo.com Columnista, conductora de radio y Tv. Catedr\u00e1tica en la UNISON","publisher":{"@id":"https:\/\/soledaddurazo.com\/#organization"},"potentialAction":[{"@type":"SearchAction","target":{"@type":"EntryPoint","urlTemplate":"https:\/\/soledaddurazo.com\/?s={search_term_string}"},"query-input":"required name=search_term_string"}],"inLanguage":"es"},{"@type":"ImageObject","@id":"https:\/\/soledaddurazo.com\/blog\/2026\/09\/01\/por-que-sentimos-que-el-tiempo-pasa-mas-rapido-conforme-crecemos\/#primaryimage","inLanguage":"es","url":"https:\/\/soledaddurazo.com\/storage\/2026\/09\/450_1000-1.jpg","contentUrl":"https:\/\/soledaddurazo.com\/storage\/2026\/09\/450_1000-1.jpg","width":450,"height":300},{"@type":"WebPage","@id":"https:\/\/soledaddurazo.com\/blog\/2026\/09\/01\/por-que-sentimos-que-el-tiempo-pasa-mas-rapido-conforme-crecemos\/#webpage","url":"https:\/\/soledaddurazo.com\/blog\/2026\/09\/01\/por-que-sentimos-que-el-tiempo-pasa-mas-rapido-conforme-crecemos\/","name":"\u00bfPor qu\u00e9 sentimos que el tiempo pasa m\u00e1s r\u00e1pido conforme crecemos? - Periodista SoledadDurazo.com","isPartOf":{"@id":"https:\/\/soledaddurazo.com\/#website"},"primaryImageOfPage":{"@id":"https:\/\/soledaddurazo.com\/blog\/2026\/09\/01\/por-que-sentimos-que-el-tiempo-pasa-mas-rapido-conforme-crecemos\/#primaryimage"},"datePublished":"2026-09-02T01:48:53+00:00","dateModified":"2026-09-02T01:48:53+00:00","breadcrumb":{"@id":"https:\/\/soledaddurazo.com\/blog\/2026\/09\/01\/por-que-sentimos-que-el-tiempo-pasa-mas-rapido-conforme-crecemos\/#breadcrumb"},"inLanguage":"es","potentialAction":[{"@type":"ReadAction","target":["https:\/\/soledaddurazo.com\/blog\/2026\/09\/01\/por-que-sentimos-que-el-tiempo-pasa-mas-rapido-conforme-crecemos\/"]}]},{"@type":"BreadcrumbList","@id":"https:\/\/soledaddurazo.com\/blog\/2026\/09\/01\/por-que-sentimos-que-el-tiempo-pasa-mas-rapido-conforme-crecemos\/#breadcrumb","itemListElement":[{"@type":"ListItem","position":1,"name":"Home","item":"https:\/\/soledaddurazo.com\/"},{"@type":"ListItem","position":2,"name":"\u00bfPor qu\u00e9 sentimos que el tiempo pasa m\u00e1s r\u00e1pido conforme crecemos?"}]},{"@type":"Article","@id":"https:\/\/soledaddurazo.com\/blog\/2026\/09\/01\/por-que-sentimos-que-el-tiempo-pasa-mas-rapido-conforme-crecemos\/#article","isPartOf":{"@id":"https:\/\/soledaddurazo.com\/blog\/2026\/09\/01\/por-que-sentimos-que-el-tiempo-pasa-mas-rapido-conforme-crecemos\/#webpage"},"author":{"@id":"https:\/\/soledaddurazo.com\/#\/schema\/person\/822d8e13aa288585e6546f179853758b"},"headline":"\u00bfPor qu\u00e9 sentimos que el tiempo pasa m\u00e1s r\u00e1pido conforme crecemos?","datePublished":"2026-09-02T01:48:53+00:00","dateModified":"2026-09-02T01:48:53+00:00","mainEntityOfPage":{"@id":"https:\/\/soledaddurazo.com\/blog\/2026\/09\/01\/por-que-sentimos-que-el-tiempo-pasa-mas-rapido-conforme-crecemos\/#webpage"},"wordCount":293,"commentCount":0,"publisher":{"@id":"https:\/\/soledaddurazo.com\/#organization"},"image":{"@id":"https:\/\/soledaddurazo.com\/blog\/2026\/09\/01\/por-que-sentimos-que-el-tiempo-pasa-mas-rapido-conforme-crecemos\/#primaryimage"},"thumbnailUrl":"https:\/\/soledaddurazo.com\/storage\/2026\/09\/450_1000-1.jpg","articleSection":["principal"],"inLanguage":"es","potentialAction":[{"@type":"CommentAction","name":"Comment","target":["https:\/\/soledaddurazo.com\/blog\/2026\/09\/01\/por-que-sentimos-que-el-tiempo-pasa-mas-rapido-conforme-crecemos\/#respond"]}]},{"@type":"Person","@id":"https:\/\/soledaddurazo.com\/#\/schema\/person\/822d8e13aa288585e6546f179853758b","name":"Redacci\u00f3n","image":{"@type":"ImageObject","@id":"https:\/\/soledaddurazo.com\/#personlogo","inLanguage":"es","url":"https:\/\/secure.gravatar.com\/avatar\/c4e193752f756fd61f04deebed3a3a20dc188d37edb53682d313ac57f2725d54?s=96&d=mm&r=g","contentUrl":"https:\/\/secure.gravatar.com\/avatar\/c4e193752f756fd61f04deebed3a3a20dc188d37edb53682d313ac57f2725d54?s=96&d=mm&r=g","caption":"Redacci\u00f3n"},"sameAs":["https:\/\/soledaddurazo.com"]}]}},"_links":{"self":[{"href":"https:\/\/soledaddurazo.com\/api\/wp\/v2\/posts\/27405","targetHints":{"allow":["GET"]}}],"collection":[{"href":"https:\/\/soledaddurazo.com\/api\/wp\/v2\/posts"}],"about":[{"href":"https:\/\/soledaddurazo.com\/api\/wp\/v2\/types\/post"}],"author":[{"embeddable":true,"href":"https:\/\/soledaddurazo.com\/api\/wp\/v2\/users\/1"}],"replies":[{"embeddable":true,"href":"https:\/\/soledaddurazo.com\/api\/wp\/v2\/comments?post=27405"}],"version-history":[{"count":1,"href":"https:\/\/soledaddurazo.com\/api\/wp\/v2\/posts\/27405\/revisions"}],"predecessor-version":[{"id":27407,"href":"https:\/\/soledaddurazo.com\/api\/wp\/v2\/posts\/27405\/revisions\/27407"}],"wp:featuredmedia":[{"embeddable":true,"href":"https:\/\/soledaddurazo.com\/api\/wp\/v2\/media\/27406"}],"wp:attachment":[{"href":"https:\/\/soledaddurazo.com\/api\/wp\/v2\/media?parent=27405"}],"wp:term":[{"taxonomy":"category","embeddable":true,"href":"https:\/\/soledaddurazo.com\/api\/wp\/v2\/categories?post=27405"},{"taxonomy":"post_tag","embeddable":true,"href":"https:\/\/soledaddurazo.com\/api\/wp\/v2\/tags?post=27405"}],"curies":[{"name":"wp","href":"https:\/\/api.w.org\/{rel}","templated":true}]}}