{"id":27393,"date":"2026-08-31T21:25:57","date_gmt":"2026-09-01T04:25:57","guid":{"rendered":"https:\/\/soledaddurazo.com\/?p=27393"},"modified":"2026-08-31T21:25:57","modified_gmt":"2026-09-01T04:25:57","slug":"redes-sociales-bajo-la-lupa-meta-enfrenta-un-historico-acuerdo-por-el-impacto-en-menores","status":"publish","type":"post","link":"https:\/\/soledaddurazo.com\/blog\/2026\/08\/31\/redes-sociales-bajo-la-lupa-meta-enfrenta-un-historico-acuerdo-por-el-impacto-en-menores\/","title":{"rendered":"Redes sociales bajo la lupa: Meta enfrenta un hist\u00f3rico acuerdo por el impacto en menores"},"content":{"rendered":"<p>Las redes sociales podr\u00edan estar entrando en una nueva etapa. Despu\u00e9s de a\u00f1os en los que plataformas como Facebook e Instagram crecieron a partir de mantener a los usuarios conectados durante el mayor tiempo posible, una hist\u00f3rica disputa en Estados Unidos vuelve a poner sobre la mesa una pregunta inc\u00f3moda: \u00bfqu\u00e9 tan da\u00f1ino puede ser el dise\u00f1o de estas plataformas, especialmente para los menores?<\/p>\n<p>Durante una conversaci\u00f3n con Soledad Durazo para Radio F\u00f3rmula, el analista Juan Carlos Puebla destac\u00f3 como uno de los acontecimientos tecnol\u00f3gicos m\u00e1s relevantes de los \u00faltimos d\u00edas el acuerdo alcanzado por Meta en Estados Unidos, luego de las demandas presentadas por estados que acusaron a la empresa de dise\u00f1ar sus plataformas de manera adictiva y de no proteger adecuadamente a ni\u00f1os y adolescentes.<\/p>\n<p>El acuerdo contempla pagos de hasta 18 mil millones de d\u00f3lares y nuevas medidas de protecci\u00f3n para usuarios menores de edad. Entre ellas se encuentran l\u00edmites de uso, restricciones durante la noche, mayores controles para identificar a usuarios j\u00f3venes y modificaciones en las notificaciones y herramientas de seguridad.<\/p>\n<p>Para Puebla, el verdadero peso de este caso no est\u00e1 solamente en la cantidad de dinero involucrada, sino en que representa un cambio en la manera de discutir el funcionamiento de las grandes plataformas tecnol\u00f3gicas.<\/p>\n<p>La conversaci\u00f3n tambi\u00e9n llev\u00f3 a una reflexi\u00f3n sobre algo que durante a\u00f1os pareci\u00f3 normal: dise\u00f1ar aplicaciones para conseguir que las personas regresen una y otra vez. Notificaciones, recomendaciones personalizadas, desplazamiento infinito y la b\u00fasqueda constante de aprobaci\u00f3n mediante interacciones pueden convertir el uso cotidiano en un h\u00e1bito dif\u00edcil de interrumpir.<\/p>\n<p>Y aunque las nuevas medidas est\u00e1n enfocadas principalmente en menores, el debate alcanza a todos los usuarios. La diferencia, se\u00f1al\u00f3 Puebla, est\u00e1 en que los ni\u00f1os y adolescentes representan una poblaci\u00f3n especialmente vulnerable frente a mecanismos dise\u00f1ados para captar y conservar su atenci\u00f3n.<\/p>\n<p>El tema adquiere todav\u00eda mayor relevancia cuando se observa que las propias compa\u00f1\u00edas tecnol\u00f3gicas conocen de primera mano c\u00f3mo funcionan sus productos y algoritmos. Puebla plante\u00f3 as\u00ed una de las preguntas m\u00e1s llamativas de la conversaci\u00f3n: \u00bfqu\u00e9 tanto deber\u00edan preocuparnos las herramientas digitales si quienes las desarrollan buscan mantener a sus propias familias alejadas de ellas?<\/p>\n<p>El analista tambi\u00e9n puso sobre la mesa un segundo acontecimiento que, desde su perspectiva, podr\u00eda marcar otro punto de inflexi\u00f3n: los recientes experimentos con agentes de inteligencia artificial capaces de coordinarse entre s\u00ed, comunicarse mediante canales no previstos y encontrar formas de evadir determinadas restricciones durante pruebas de seguridad.<\/p>\n<p>Investigaciones de OpenAI y de organizaciones como METR y Redwood Research documentaron experimentos en los que agentes de IA llegaron a comunicarse mediante un espacio no autorizado y algunos intentaron acceder a sistemas fuera de las tareas originalmente previstas. Los investigadores advierten, sin embargo, que estos comportamientos no deben interpretarse autom\u00e1ticamente como evidencia de conciencia o de una \u201ccivilizaci\u00f3n\u201d independiente.<\/p>\n<p>Ambos acontecimientos conducen a una misma discusi\u00f3n: la tecnolog\u00eda est\u00e1 avanzando m\u00e1s r\u00e1pido que nuestra capacidad para establecer l\u00edmites sobre ella.<\/p>\n<p>Mientras las redes sociales comienzan a enfrentar mayores exigencias para proteger a los menores, la inteligencia artificial plantea nuevos desaf\u00edos sobre supervisi\u00f3n, seguridad y autonom\u00eda de los sistemas.<\/p>\n<p>La pregunta que queda abierta es si la sociedad est\u00e1 reaccionando a tiempo o si, como ocurri\u00f3 con las redes sociales, primero tendremos que convivir con las consecuencias para despu\u00e9s comenzar a establecer las reglas.<\/p>\n<p>Ve la Entrevista Completa Aqu\u00ed:<\/p>\n<div class=\"jeg_video_container jeg_video_content\"><div class=\"lyte-wrapper fourthree\" style=\"width:420px;max-width:100%;margin:5px;\"><div class=\"lyMe\" id=\"WYL_cztUIdL7SAk\"><div id=\"lyte_cztUIdL7SAk\" data-src=\"\/\/i.ytimg.com\/vi\/cztUIdL7SAk\/hqdefault.jpg\" class=\"pL\"><div class=\"tC\"><div class=\"tT\"><\/div><\/div><div class=\"play\"><\/div><div class=\"ctrl\"><div class=\"Lctrl\"><\/div><div class=\"Rctrl\"><\/div><\/div><\/div><noscript><a href=\"https:\/\/youtu.be\/cztUIdL7SAk\"><img loading=\"lazy\" decoding=\"async\" src=\"https:\/\/i.ytimg.com\/vi\/cztUIdL7SAk\/0.jpg\" alt=\"\" width=\"420\" height=\"295\" \/><br \/>Ver este video en YouTube<\/a><\/noscript><\/div><\/div><div class=\"lL\" style=\"max-width:100%;width:420px;margin:5px;\"><\/div><\/div>\n","protected":false},"excerpt":{"rendered":"<p>Las redes sociales podr\u00edan estar entrando en una nueva etapa. Despu\u00e9s de a\u00f1os en los que plataformas como Facebook e Instagram crecieron a partir de mantener a los usuarios conectados durante el mayor tiempo posible, una hist\u00f3rica disputa en Estados Unidos vuelve a poner sobre la mesa una pregunta inc\u00f3moda: \u00bfqu\u00e9 tan da\u00f1ino puede ser [&hellip;]<\/p>\n","protected":false},"author":1,"featured_media":27394,"comment_status":"open","ping_status":"open","sticky":false,"template":"","format":"standard","meta":{"footnotes":""},"categories":[153],"tags":[],"class_list":["post"],"yoast_head":" \n<title>Redes sociales bajo la lupa: Meta enfrenta un hist\u00f3rico acuerdo por el impacto en menores - Periodista SoledadDurazo.com<\/title>\n<meta name=\"robots\" content=\"index, follow, max-snippet:-1, max-image-preview:large, max-video-preview:-1\" \/>\n<link rel=\"canonical\" href=\"https:\/\/soledaddurazo.com\/blog\/2026\/08\/31\/redes-sociales-bajo-la-lupa-meta-enfrenta-un-historico-acuerdo-por-el-impacto-en-menores\/\" \/>\n<meta property=\"og:locale\" content=\"es_MX\" \/>\n<meta property=\"og:type\" content=\"article\" \/>\n<meta property=\"og:title\" content=\"Redes sociales bajo la lupa: Meta enfrenta un hist\u00f3rico acuerdo por el impacto en menores\" \/>\n<meta property=\"og:description\" content=\"Las redes sociales podr\u00edan estar entrando en una nueva etapa. Despu\u00e9s de a\u00f1os en los que plataformas como Facebook e Instagram crecieron a partir de mantener a los usuarios conectados durante el mayor tiempo posible, una hist\u00f3rica disputa en Estados Unidos vuelve a poner sobre la mesa una pregunta inc\u00f3moda: \u00bfqu\u00e9 tan da\u00f1ino puede ser [&hellip;]\" \/>\n<meta property=\"og:url\" content=\"https:\/\/soledaddurazo.com\/blog\/2026\/08\/31\/redes-sociales-bajo-la-lupa-meta-enfrenta-un-historico-acuerdo-por-el-impacto-en-menores\/\" \/>\n<meta property=\"og:site_name\" content=\"Periodista SoledadDurazo.com\" \/>\n<meta property=\"article:publisher\" content=\"https:\/\/www.facebook.com\/soledad.durazo.9\/\" \/>\n<meta property=\"article:published_time\" content=\"2026-09-01T04:25:57+00:00\" \/>\n<meta property=\"og:image\" content=\"https:\/\/soledaddurazo.com\/storage\/2026\/08\/thomas-park-PjQ8VIZrZRE-unsplash.jpg\" \/>\n\t<meta property=\"og:image:width\" content=\"1920\" \/>\n\t<meta property=\"og:image:height\" content=\"1280\" \/>\n<meta name=\"twitter:card\" content=\"summary_large_image\" \/>\n<meta name=\"twitter:creator\" content=\"@SoledadDurazo\" \/>\n<meta name=\"twitter:site\" content=\"@SoledadDurazo\" \/>\n<meta name=\"twitter:label1\" content=\"Escrito por\" \/>\n\t<meta name=\"twitter:data1\" content=\"Redacci\u00f3n\" \/>\n\t<meta name=\"twitter:label2\" content=\"Tiempo de lectura\" \/>\n\t<meta name=\"twitter:data2\" content=\"3 minutos\" \/>\n<script type=\"application\/ld+json\" class=\"yoast-schema-graph\">{\"@context\":\"https:\/\/schema.org\",\"@graph\":[{\"@type\":\"Organization\",\"@id\":\"https:\/\/soledaddurazo.com\/#organization\",\"name\":\"Soledad Durazo\",\"url\":\"https:\/\/soledaddurazo.com\/\",\"sameAs\":[\"https:\/\/www.facebook.com\/soledad.durazo.9\/\",\"https:\/\/www.instagram.com\/soledaddurazo\",\"https:\/\/www.youtube.com\/channel\/UC9yGPw8-Vbl_B2XNkRwPS-w\",\"https:\/\/twitter.com\/SoledadDurazo\"],\"logo\":{\"@type\":\"ImageObject\",\"@id\":\"https:\/\/soledaddurazo.com\/#logo\",\"inLanguage\":\"es\",\"url\":\"https:\/\/soledaddurazo.com\/storage\/2021\/11\/nllp-720x375-1-2.png\",\"contentUrl\":\"https:\/\/soledaddurazo.com\/storage\/2021\/11\/nllp-720x375-1-2.png\",\"width\":720,\"height\":375,\"caption\":\"Soledad Durazo\"},\"image\":{\"@id\":\"https:\/\/soledaddurazo.com\/#logo\"}},{\"@type\":\"WebSite\",\"@id\":\"https:\/\/soledaddurazo.com\/#website\",\"url\":\"https:\/\/soledaddurazo.com\/\",\"name\":\"Periodista SoledadDurazo.com\",\"description\":\"Periodista sonorense. Directora de www.SoledadDurazo.com Columnista, conductora de radio y Tv. Catedr\\u00e1tica en la UNISON\",\"publisher\":{\"@id\":\"https:\/\/soledaddurazo.com\/#organization\"},\"potentialAction\":[{\"@type\":\"SearchAction\",\"target\":{\"@type\":\"EntryPoint\",\"urlTemplate\":\"https:\/\/soledaddurazo.com\/?s={search_term_string}\"},\"query-input\":\"required name=search_term_string\"}],\"inLanguage\":\"es\"},{\"@type\":\"ImageObject\",\"@id\":\"https:\/\/soledaddurazo.com\/blog\/2026\/08\/31\/redes-sociales-bajo-la-lupa-meta-enfrenta-un-historico-acuerdo-por-el-impacto-en-menores\/#primaryimage\",\"inLanguage\":\"es\",\"url\":\"https:\/\/soledaddurazo.com\/storage\/2026\/08\/thomas-park-PjQ8VIZrZRE-unsplash.jpg\",\"contentUrl\":\"https:\/\/soledaddurazo.com\/storage\/2026\/08\/thomas-park-PjQ8VIZrZRE-unsplash.jpg\",\"width\":1920,\"height\":1280},{\"@type\":\"WebPage\",\"@id\":\"https:\/\/soledaddurazo.com\/blog\/2026\/08\/31\/redes-sociales-bajo-la-lupa-meta-enfrenta-un-historico-acuerdo-por-el-impacto-en-menores\/#webpage\",\"url\":\"https:\/\/soledaddurazo.com\/blog\/2026\/08\/31\/redes-sociales-bajo-la-lupa-meta-enfrenta-un-historico-acuerdo-por-el-impacto-en-menores\/\",\"name\":\"Redes sociales bajo la lupa: Meta enfrenta un hist\\u00f3rico acuerdo por el impacto en menores - Periodista SoledadDurazo.com\",\"isPartOf\":{\"@id\":\"https:\/\/soledaddurazo.com\/#website\"},\"primaryImageOfPage\":{\"@id\":\"https:\/\/soledaddurazo.com\/blog\/2026\/08\/31\/redes-sociales-bajo-la-lupa-meta-enfrenta-un-historico-acuerdo-por-el-impacto-en-menores\/#primaryimage\"},\"datePublished\":\"2026-09-01T04:25:57+00:00\",\"dateModified\":\"2026-09-01T04:25:57+00:00\",\"breadcrumb\":{\"@id\":\"https:\/\/soledaddurazo.com\/blog\/2026\/08\/31\/redes-sociales-bajo-la-lupa-meta-enfrenta-un-historico-acuerdo-por-el-impacto-en-menores\/#breadcrumb\"},\"inLanguage\":\"es\",\"potentialAction\":[{\"@type\":\"ReadAction\",\"target\":[\"https:\/\/soledaddurazo.com\/blog\/2026\/08\/31\/redes-sociales-bajo-la-lupa-meta-enfrenta-un-historico-acuerdo-por-el-impacto-en-menores\/\"]}]},{\"@type\":\"BreadcrumbList\",\"@id\":\"https:\/\/soledaddurazo.com\/blog\/2026\/08\/31\/redes-sociales-bajo-la-lupa-meta-enfrenta-un-historico-acuerdo-por-el-impacto-en-menores\/#breadcrumb\",\"itemListElement\":[{\"@type\":\"ListItem\",\"position\":1,\"name\":\"Home\",\"item\":\"https:\/\/soledaddurazo.com\/\"},{\"@type\":\"ListItem\",\"position\":2,\"name\":\"Redes sociales bajo la lupa: Meta enfrenta un hist\\u00f3rico acuerdo por el impacto en menores\"}]},{\"@type\":\"Article\",\"@id\":\"https:\/\/soledaddurazo.com\/blog\/2026\/08\/31\/redes-sociales-bajo-la-lupa-meta-enfrenta-un-historico-acuerdo-por-el-impacto-en-menores\/#article\",\"isPartOf\":{\"@id\":\"https:\/\/soledaddurazo.com\/blog\/2026\/08\/31\/redes-sociales-bajo-la-lupa-meta-enfrenta-un-historico-acuerdo-por-el-impacto-en-menores\/#webpage\"},\"author\":{\"@id\":\"https:\/\/soledaddurazo.com\/#\/schema\/person\/822d8e13aa288585e6546f179853758b\"},\"headline\":\"Redes sociales bajo la lupa: Meta enfrenta un hist\\u00f3rico acuerdo por el impacto en menores\",\"datePublished\":\"2026-09-01T04:25:57+00:00\",\"dateModified\":\"2026-09-01T04:25:57+00:00\",\"mainEntityOfPage\":{\"@id\":\"https:\/\/soledaddurazo.com\/blog\/2026\/08\/31\/redes-sociales-bajo-la-lupa-meta-enfrenta-un-historico-acuerdo-por-el-impacto-en-menores\/#webpage\"},\"wordCount\":634,\"commentCount\":0,\"publisher\":{\"@id\":\"https:\/\/soledaddurazo.com\/#organization\"},\"image\":{\"@id\":\"https:\/\/soledaddurazo.com\/blog\/2026\/08\/31\/redes-sociales-bajo-la-lupa-meta-enfrenta-un-historico-acuerdo-por-el-impacto-en-menores\/#primaryimage\"},\"thumbnailUrl\":\"https:\/\/soledaddurazo.com\/storage\/2026\/08\/thomas-park-PjQ8VIZrZRE-unsplash.jpg\",\"articleSection\":[\"principal\"],\"inLanguage\":\"es\",\"potentialAction\":[{\"@type\":\"CommentAction\",\"name\":\"Comment\",\"target\":[\"https:\/\/soledaddurazo.com\/blog\/2026\/08\/31\/redes-sociales-bajo-la-lupa-meta-enfrenta-un-historico-acuerdo-por-el-impacto-en-menores\/#respond\"]}]},{\"@type\":\"Person\",\"@id\":\"https:\/\/soledaddurazo.com\/#\/schema\/person\/822d8e13aa288585e6546f179853758b\",\"name\":\"Redacci\\u00f3n\",\"image\":{\"@type\":\"ImageObject\",\"@id\":\"https:\/\/soledaddurazo.com\/#personlogo\",\"inLanguage\":\"es\",\"url\":\"https:\/\/secure.gravatar.com\/avatar\/c4e193752f756fd61f04deebed3a3a20dc188d37edb53682d313ac57f2725d54?s=96&d=mm&r=g\",\"contentUrl\":\"https:\/\/secure.gravatar.com\/avatar\/c4e193752f756fd61f04deebed3a3a20dc188d37edb53682d313ac57f2725d54?s=96&d=mm&r=g\",\"caption\":\"Redacci\\u00f3n\"},\"sameAs\":[\"https:\/\/soledaddurazo.com\"]}]}<\/script>\n ","yoast_head_json":{"title":"Redes sociales bajo la lupa: Meta enfrenta un hist\u00f3rico acuerdo por el impacto en menores - Periodista SoledadDurazo.com","robots":{"index":"index","follow":"follow","max-snippet":"max-snippet:-1","max-image-preview":"max-image-preview:large","max-video-preview":"max-video-preview:-1"},"canonical":"https:\/\/soledaddurazo.com\/blog\/2026\/08\/31\/redes-sociales-bajo-la-lupa-meta-enfrenta-un-historico-acuerdo-por-el-impacto-en-menores\/","og_locale":"es_MX","og_type":"article","og_title":"Redes sociales bajo la lupa: Meta enfrenta un hist\u00f3rico acuerdo por el impacto en menores","og_description":"Las redes sociales podr\u00edan estar entrando en una nueva etapa. Despu\u00e9s de a\u00f1os en los que plataformas como Facebook e Instagram crecieron a partir de mantener a los usuarios conectados durante el mayor tiempo posible, una hist\u00f3rica disputa en Estados Unidos vuelve a poner sobre la mesa una pregunta inc\u00f3moda: \u00bfqu\u00e9 tan da\u00f1ino puede ser [&hellip;]","og_url":"https:\/\/soledaddurazo.com\/blog\/2026\/08\/31\/redes-sociales-bajo-la-lupa-meta-enfrenta-un-historico-acuerdo-por-el-impacto-en-menores\/","og_site_name":"Periodista SoledadDurazo.com","article_publisher":"https:\/\/www.facebook.com\/soledad.durazo.9\/","article_published_time":"2026-09-01T04:25:57+00:00","og_image":[{"width":1920,"height":1280,"url":"https:\/\/soledaddurazo.com\/storage\/2026\/08\/thomas-park-PjQ8VIZrZRE-unsplash.jpg","type":"image\/jpeg"}],"twitter_card":"summary_large_image","twitter_creator":"@SoledadDurazo","twitter_site":"@SoledadDurazo","twitter_misc":{"Escrito por":"Redacci\u00f3n","Tiempo de lectura":"3 minutos"},"schema":{"@context":"https:\/\/schema.org","@graph":[{"@type":"Organization","@id":"https:\/\/soledaddurazo.com\/#organization","name":"Soledad Durazo","url":"https:\/\/soledaddurazo.com\/","sameAs":["https:\/\/www.facebook.com\/soledad.durazo.9\/","https:\/\/www.instagram.com\/soledaddurazo","https:\/\/www.youtube.com\/channel\/UC9yGPw8-Vbl_B2XNkRwPS-w","https:\/\/twitter.com\/SoledadDurazo"],"logo":{"@type":"ImageObject","@id":"https:\/\/soledaddurazo.com\/#logo","inLanguage":"es","url":"https:\/\/soledaddurazo.com\/storage\/2021\/11\/nllp-720x375-1-2.png","contentUrl":"https:\/\/soledaddurazo.com\/storage\/2021\/11\/nllp-720x375-1-2.png","width":720,"height":375,"caption":"Soledad Durazo"},"image":{"@id":"https:\/\/soledaddurazo.com\/#logo"}},{"@type":"WebSite","@id":"https:\/\/soledaddurazo.com\/#website","url":"https:\/\/soledaddurazo.com\/","name":"Periodista SoledadDurazo.com","description":"Periodista sonorense. Directora de www.SoledadDurazo.com Columnista, conductora de radio y Tv. Catedr\u00e1tica en la UNISON","publisher":{"@id":"https:\/\/soledaddurazo.com\/#organization"},"potentialAction":[{"@type":"SearchAction","target":{"@type":"EntryPoint","urlTemplate":"https:\/\/soledaddurazo.com\/?s={search_term_string}"},"query-input":"required name=search_term_string"}],"inLanguage":"es"},{"@type":"ImageObject","@id":"https:\/\/soledaddurazo.com\/blog\/2026\/08\/31\/redes-sociales-bajo-la-lupa-meta-enfrenta-un-historico-acuerdo-por-el-impacto-en-menores\/#primaryimage","inLanguage":"es","url":"https:\/\/soledaddurazo.com\/storage\/2026\/08\/thomas-park-PjQ8VIZrZRE-unsplash.jpg","contentUrl":"https:\/\/soledaddurazo.com\/storage\/2026\/08\/thomas-park-PjQ8VIZrZRE-unsplash.jpg","width":1920,"height":1280},{"@type":"WebPage","@id":"https:\/\/soledaddurazo.com\/blog\/2026\/08\/31\/redes-sociales-bajo-la-lupa-meta-enfrenta-un-historico-acuerdo-por-el-impacto-en-menores\/#webpage","url":"https:\/\/soledaddurazo.com\/blog\/2026\/08\/31\/redes-sociales-bajo-la-lupa-meta-enfrenta-un-historico-acuerdo-por-el-impacto-en-menores\/","name":"Redes sociales bajo la lupa: Meta enfrenta un hist\u00f3rico acuerdo por el impacto en menores - Periodista SoledadDurazo.com","isPartOf":{"@id":"https:\/\/soledaddurazo.com\/#website"},"primaryImageOfPage":{"@id":"https:\/\/soledaddurazo.com\/blog\/2026\/08\/31\/redes-sociales-bajo-la-lupa-meta-enfrenta-un-historico-acuerdo-por-el-impacto-en-menores\/#primaryimage"},"datePublished":"2026-09-01T04:25:57+00:00","dateModified":"2026-09-01T04:25:57+00:00","breadcrumb":{"@id":"https:\/\/soledaddurazo.com\/blog\/2026\/08\/31\/redes-sociales-bajo-la-lupa-meta-enfrenta-un-historico-acuerdo-por-el-impacto-en-menores\/#breadcrumb"},"inLanguage":"es","potentialAction":[{"@type":"ReadAction","target":["https:\/\/soledaddurazo.com\/blog\/2026\/08\/31\/redes-sociales-bajo-la-lupa-meta-enfrenta-un-historico-acuerdo-por-el-impacto-en-menores\/"]}]},{"@type":"BreadcrumbList","@id":"https:\/\/soledaddurazo.com\/blog\/2026\/08\/31\/redes-sociales-bajo-la-lupa-meta-enfrenta-un-historico-acuerdo-por-el-impacto-en-menores\/#breadcrumb","itemListElement":[{"@type":"ListItem","position":1,"name":"Home","item":"https:\/\/soledaddurazo.com\/"},{"@type":"ListItem","position":2,"name":"Redes sociales bajo la lupa: Meta enfrenta un hist\u00f3rico acuerdo por el impacto en menores"}]},{"@type":"Article","@id":"https:\/\/soledaddurazo.com\/blog\/2026\/08\/31\/redes-sociales-bajo-la-lupa-meta-enfrenta-un-historico-acuerdo-por-el-impacto-en-menores\/#article","isPartOf":{"@id":"https:\/\/soledaddurazo.com\/blog\/2026\/08\/31\/redes-sociales-bajo-la-lupa-meta-enfrenta-un-historico-acuerdo-por-el-impacto-en-menores\/#webpage"},"author":{"@id":"https:\/\/soledaddurazo.com\/#\/schema\/person\/822d8e13aa288585e6546f179853758b"},"headline":"Redes sociales bajo la lupa: Meta enfrenta un hist\u00f3rico acuerdo por el impacto en menores","datePublished":"2026-09-01T04:25:57+00:00","dateModified":"2026-09-01T04:25:57+00:00","mainEntityOfPage":{"@id":"https:\/\/soledaddurazo.com\/blog\/2026\/08\/31\/redes-sociales-bajo-la-lupa-meta-enfrenta-un-historico-acuerdo-por-el-impacto-en-menores\/#webpage"},"wordCount":634,"commentCount":0,"publisher":{"@id":"https:\/\/soledaddurazo.com\/#organization"},"image":{"@id":"https:\/\/soledaddurazo.com\/blog\/2026\/08\/31\/redes-sociales-bajo-la-lupa-meta-enfrenta-un-historico-acuerdo-por-el-impacto-en-menores\/#primaryimage"},"thumbnailUrl":"https:\/\/soledaddurazo.com\/storage\/2026\/08\/thomas-park-PjQ8VIZrZRE-unsplash.jpg","articleSection":["principal"],"inLanguage":"es","potentialAction":[{"@type":"CommentAction","name":"Comment","target":["https:\/\/soledaddurazo.com\/blog\/2026\/08\/31\/redes-sociales-bajo-la-lupa-meta-enfrenta-un-historico-acuerdo-por-el-impacto-en-menores\/#respond"]}]},{"@type":"Person","@id":"https:\/\/soledaddurazo.com\/#\/schema\/person\/822d8e13aa288585e6546f179853758b","name":"Redacci\u00f3n","image":{"@type":"ImageObject","@id":"https:\/\/soledaddurazo.com\/#personlogo","inLanguage":"es","url":"https:\/\/secure.gravatar.com\/avatar\/c4e193752f756fd61f04deebed3a3a20dc188d37edb53682d313ac57f2725d54?s=96&d=mm&r=g","contentUrl":"https:\/\/secure.gravatar.com\/avatar\/c4e193752f756fd61f04deebed3a3a20dc188d37edb53682d313ac57f2725d54?s=96&d=mm&r=g","caption":"Redacci\u00f3n"},"sameAs":["https:\/\/soledaddurazo.com"]}]}},"_links":{"self":[{"href":"https:\/\/soledaddurazo.com\/api\/wp\/v2\/posts\/27393","targetHints":{"allow":["GET"]}}],"collection":[{"href":"https:\/\/soledaddurazo.com\/api\/wp\/v2\/posts"}],"about":[{"href":"https:\/\/soledaddurazo.com\/api\/wp\/v2\/types\/post"}],"author":[{"embeddable":true,"href":"https:\/\/soledaddurazo.com\/api\/wp\/v2\/users\/1"}],"replies":[{"embeddable":true,"href":"https:\/\/soledaddurazo.com\/api\/wp\/v2\/comments?post=27393"}],"version-history":[{"count":1,"href":"https:\/\/soledaddurazo.com\/api\/wp\/v2\/posts\/27393\/revisions"}],"predecessor-version":[{"id":27395,"href":"https:\/\/soledaddurazo.com\/api\/wp\/v2\/posts\/27393\/revisions\/27395"}],"wp:featuredmedia":[{"embeddable":true,"href":"https:\/\/soledaddurazo.com\/api\/wp\/v2\/media\/27394"}],"wp:attachment":[{"href":"https:\/\/soledaddurazo.com\/api\/wp\/v2\/media?parent=27393"}],"wp:term":[{"taxonomy":"category","embeddable":true,"href":"https:\/\/soledaddurazo.com\/api\/wp\/v2\/categories?post=27393"},{"taxonomy":"post_tag","embeddable":true,"href":"https:\/\/soledaddurazo.com\/api\/wp\/v2\/tags?post=27393"}],"curies":[{"name":"wp","href":"https:\/\/api.w.org\/{rel}","templated":true}]}}