{"id":27375,"date":"2026-08-31T17:44:38","date_gmt":"2026-09-01T00:44:38","guid":{"rendered":"https:\/\/soledaddurazo.com\/?p=27375"},"modified":"2026-08-31T17:54:52","modified_gmt":"2026-09-01T00:54:52","slug":"ninas-y-ninos-sonorenses-llevan-su-talento-al-festival-voces-de-la-comunidad-en-chihuahua","status":"publish","type":"post","link":"https:\/\/soledaddurazo.com\/blog\/2026\/08\/31\/ninas-y-ninos-sonorenses-llevan-su-talento-al-festival-voces-de-la-comunidad-en-chihuahua\/","title":{"rendered":"Ni\u00f1as y ni\u00f1os sonorenses llevan su talento al Festival \u201cVoces de la Comunidad\u201d en Chihuahua"},"content":{"rendered":"<h1><\/h1>\n<p class=\"isSelectedEnd\">\u00a0El talento de ni\u00f1as, ni\u00f1os y j\u00f3venes sonorenses destac\u00f3 durante la segunda edici\u00f3n del Festival de Coros \u201cVoces de la Comunidad\u201d, organizado por Grupo M\u00e9xico a trav\u00e9s de su programa Orquestas y Coros, que reuni\u00f3 a 140 participantes de cinco estados del pa\u00eds.<\/p>\n<p class=\"isSelectedEnd\">Desde el Teatro de la Ciudad de Chihuahua, integrantes de los coros de <strong>Nacozari, Cananea y Esqueda, Sonora<\/strong>, compartieron escenario con representantes de Santa B\u00e1rbara, Chihuahua; La Ventosa, Oaxaca; Charcas, San Luis Potos\u00ed, y Sombrerete, Zacatecas, en una jornada que tuvo como protagonistas a las nuevas generaciones.<\/p>\n<p><a href=\"https:\/\/soledaddurazo.com\/storage\/2026\/08\/ea72e17a-5f00-49a3-bb8e-0e1e7f2e572c.jpg\"><img loading=\"lazy\" decoding=\"async\" class=\"aligncenter size-full wp-image-27386\" src=\"https:\/\/soledaddurazo.com\/storage\/2026\/08\/ea72e17a-5f00-49a3-bb8e-0e1e7f2e572c.jpg\" alt=\"\" width=\"1280\" height=\"853\" srcset=\"https:\/\/soledaddurazo.com\/storage\/2026\/08\/ea72e17a-5f00-49a3-bb8e-0e1e7f2e572c.jpg 1280w, https:\/\/soledaddurazo.com\/storage\/2026\/08\/ea72e17a-5f00-49a3-bb8e-0e1e7f2e572c-300x200.jpg 300w, https:\/\/soledaddurazo.com\/storage\/2026\/08\/ea72e17a-5f00-49a3-bb8e-0e1e7f2e572c-1024x682.jpg 1024w, https:\/\/soledaddurazo.com\/storage\/2026\/08\/ea72e17a-5f00-49a3-bb8e-0e1e7f2e572c-768x512.jpg 768w, https:\/\/soledaddurazo.com\/storage\/2026\/08\/ea72e17a-5f00-49a3-bb8e-0e1e7f2e572c-600x400.jpg 600w, https:\/\/soledaddurazo.com\/storage\/2026\/08\/ea72e17a-5f00-49a3-bb8e-0e1e7f2e572c-750x500.jpg 750w, https:\/\/soledaddurazo.com\/storage\/2026\/08\/ea72e17a-5f00-49a3-bb8e-0e1e7f2e572c-1140x760.jpg 1140w\" sizes=\"auto, (max-width: 1280px) 100vw, 1280px\" \/><\/a> <a href=\"https:\/\/soledaddurazo.com\/storage\/2026\/08\/fdc6871a-c575-4184-af88-bb1738adfd63-1.jpg\"><img loading=\"lazy\" decoding=\"async\" class=\"aligncenter size-full wp-image-27387\" src=\"https:\/\/soledaddurazo.com\/storage\/2026\/08\/fdc6871a-c575-4184-af88-bb1738adfd63-1.jpg\" alt=\"\" width=\"1280\" height=\"853\" srcset=\"https:\/\/soledaddurazo.com\/storage\/2026\/08\/fdc6871a-c575-4184-af88-bb1738adfd63-1.jpg 1280w, https:\/\/soledaddurazo.com\/storage\/2026\/08\/fdc6871a-c575-4184-af88-bb1738adfd63-1-300x200.jpg 300w, https:\/\/soledaddurazo.com\/storage\/2026\/08\/fdc6871a-c575-4184-af88-bb1738adfd63-1-1024x682.jpg 1024w, https:\/\/soledaddurazo.com\/storage\/2026\/08\/fdc6871a-c575-4184-af88-bb1738adfd63-1-768x512.jpg 768w, https:\/\/soledaddurazo.com\/storage\/2026\/08\/fdc6871a-c575-4184-af88-bb1738adfd63-1-600x400.jpg 600w, https:\/\/soledaddurazo.com\/storage\/2026\/08\/fdc6871a-c575-4184-af88-bb1738adfd63-1-750x500.jpg 750w, https:\/\/soledaddurazo.com\/storage\/2026\/08\/fdc6871a-c575-4184-af88-bb1738adfd63-1-1140x760.jpg 1140w\" sizes=\"auto, (max-width: 1280px) 100vw, 1280px\" \/><\/a><\/p>\n<p class=\"isSelectedEnd\">La participaci\u00f3n sonorense form\u00f3 parte de un repertorio de 26 piezas musicales, entre las que se incluyeron \u201cMedley ABBA\u201d, \u201cA la canci\u00f3n mexicana\u201d, \u201cBanah\u00e1\u201d, \u201cBilumbu\u201d, \u201cLa luna y el sol\u201d, \u201cLa Bikina\u201d y \u201cMi tierra\u201d. Las y los participantes tambi\u00e9n portaron vestimentas tradicionales de sus lugares de origen, convirtiendo el concierto en un encuentro de m\u00fasica, identidad y diversidad cultural.<\/p>\n<p class=\"isSelectedEnd\">Uno de los momentos m\u00e1s especiales ocurri\u00f3 con la interpretaci\u00f3n de canciones compuestas por las propias ni\u00f1as, ni\u00f1os y j\u00f3venes durante un taller realizado en 2025. Las piezas permitieron llevar al escenario sus experiencias, emociones e ideas, demostrando c\u00f3mo la formaci\u00f3n art\u00edstica puede convertirse en una herramienta para fortalecer su creatividad y confianza.<\/p>\n<p class=\"isSelectedEnd\">El festival representa tambi\u00e9n una oportunidad para que las comunidades sonorenses donde opera el programa compartan su talento m\u00e1s all\u00e1 de sus lugares de origen y establezcan v\u00ednculos con participantes de otras regiones del pa\u00eds.<\/p>\n<p>&nbsp;<\/p>\n<p>&nbsp;<\/p>\n<p class=\"isSelectedEnd\"><a href=\"https:\/\/soledaddurazo.com\/storage\/2026\/08\/1bd1fa09-2d17-4646-a66b-cfceb472210d.jpg\"><img loading=\"lazy\" decoding=\"async\" class=\"aligncenter size-full wp-image-27378\" src=\"https:\/\/soledaddurazo.com\/storage\/2026\/08\/1bd1fa09-2d17-4646-a66b-cfceb472210d.jpg\" alt=\"\" width=\"1200\" height=\"800\" srcset=\"https:\/\/soledaddurazo.com\/storage\/2026\/08\/1bd1fa09-2d17-4646-a66b-cfceb472210d.jpg 1200w, https:\/\/soledaddurazo.com\/storage\/2026\/08\/1bd1fa09-2d17-4646-a66b-cfceb472210d-300x200.jpg 300w, https:\/\/soledaddurazo.com\/storage\/2026\/08\/1bd1fa09-2d17-4646-a66b-cfceb472210d-1024x683.jpg 1024w, https:\/\/soledaddurazo.com\/storage\/2026\/08\/1bd1fa09-2d17-4646-a66b-cfceb472210d-768x512.jpg 768w, https:\/\/soledaddurazo.com\/storage\/2026\/08\/1bd1fa09-2d17-4646-a66b-cfceb472210d-600x400.jpg 600w, https:\/\/soledaddurazo.com\/storage\/2026\/08\/1bd1fa09-2d17-4646-a66b-cfceb472210d-750x500.jpg 750w, https:\/\/soledaddurazo.com\/storage\/2026\/08\/1bd1fa09-2d17-4646-a66b-cfceb472210d-1140x760.jpg 1140w\" sizes=\"auto, (max-width: 1200px) 100vw, 1200px\" \/><\/a> <a href=\"https:\/\/soledaddurazo.com\/storage\/2026\/08\/36278595-1aad-48f9-a6c0-3c74fd0d8232.jpg\"><img loading=\"lazy\" decoding=\"async\" class=\"aligncenter size-full wp-image-27379\" src=\"https:\/\/soledaddurazo.com\/storage\/2026\/08\/36278595-1aad-48f9-a6c0-3c74fd0d8232.jpg\" alt=\"\" width=\"1200\" height=\"800\" srcset=\"https:\/\/soledaddurazo.com\/storage\/2026\/08\/36278595-1aad-48f9-a6c0-3c74fd0d8232.jpg 1200w, https:\/\/soledaddurazo.com\/storage\/2026\/08\/36278595-1aad-48f9-a6c0-3c74fd0d8232-300x200.jpg 300w, https:\/\/soledaddurazo.com\/storage\/2026\/08\/36278595-1aad-48f9-a6c0-3c74fd0d8232-1024x683.jpg 1024w, https:\/\/soledaddurazo.com\/storage\/2026\/08\/36278595-1aad-48f9-a6c0-3c74fd0d8232-768x512.jpg 768w, https:\/\/soledaddurazo.com\/storage\/2026\/08\/36278595-1aad-48f9-a6c0-3c74fd0d8232-600x400.jpg 600w, https:\/\/soledaddurazo.com\/storage\/2026\/08\/36278595-1aad-48f9-a6c0-3c74fd0d8232-750x500.jpg 750w, https:\/\/soledaddurazo.com\/storage\/2026\/08\/36278595-1aad-48f9-a6c0-3c74fd0d8232-1140x760.jpg 1140w\" sizes=\"auto, (max-width: 1200px) 100vw, 1200px\" \/><\/a><\/p>\n<h2>Ocho a\u00f1os impulsando el talento infantil y juvenil<\/h2>\n<p class=\"isSelectedEnd\">El programa Orquestas y Coros de Grupo M\u00e9xico surgi\u00f3 en octubre de 2018 en <strong>Nacozari, Sonora<\/strong>, con el prop\u00f3sito de ofrecer de manera gratuita formaci\u00f3n art\u00edstica y generar espacios de desarrollo para ni\u00f1as, ni\u00f1os y j\u00f3venes.<\/p>\n<p class=\"isSelectedEnd\">Actualmente, a ocho a\u00f1os de su creaci\u00f3n, la iniciativa cuenta con ocho n\u00facleos en M\u00e9xico y nueve m\u00f3dulos corales en Per\u00fa, con alrededor de 2 mil 200 alumnas y alumnos de entre 5 y 22 a\u00f1os.<\/p>\n<p class=\"isSelectedEnd\">\n<p class=\"isSelectedEnd\"><a href=\"https:\/\/soledaddurazo.com\/storage\/2026\/08\/ada50ff0-9070-41eb-85a1-6f857d39116e.jpg\"><img loading=\"lazy\" decoding=\"async\" class=\"aligncenter size-full wp-image-27380\" src=\"https:\/\/soledaddurazo.com\/storage\/2026\/08\/ada50ff0-9070-41eb-85a1-6f857d39116e.jpg\" alt=\"\" width=\"1200\" height=\"800\" srcset=\"https:\/\/soledaddurazo.com\/storage\/2026\/08\/ada50ff0-9070-41eb-85a1-6f857d39116e.jpg 1200w, https:\/\/soledaddurazo.com\/storage\/2026\/08\/ada50ff0-9070-41eb-85a1-6f857d39116e-300x200.jpg 300w, https:\/\/soledaddurazo.com\/storage\/2026\/08\/ada50ff0-9070-41eb-85a1-6f857d39116e-1024x683.jpg 1024w, https:\/\/soledaddurazo.com\/storage\/2026\/08\/ada50ff0-9070-41eb-85a1-6f857d39116e-768x512.jpg 768w, https:\/\/soledaddurazo.com\/storage\/2026\/08\/ada50ff0-9070-41eb-85a1-6f857d39116e-600x400.jpg 600w, https:\/\/soledaddurazo.com\/storage\/2026\/08\/ada50ff0-9070-41eb-85a1-6f857d39116e-750x500.jpg 750w, https:\/\/soledaddurazo.com\/storage\/2026\/08\/ada50ff0-9070-41eb-85a1-6f857d39116e-1140x760.jpg 1140w\" sizes=\"auto, (max-width: 1200px) 100vw, 1200px\" \/><\/a><\/p>\n<p>&nbsp;<\/p>\n<p class=\"isSelectedEnd\">\n<p class=\"isSelectedEnd\">Como parte de esta formaci\u00f3n, Grupo M\u00e9xico tambi\u00e9n impulsa la Beca para Estudios Superiores de M\u00fasica, dirigida a j\u00f3venes que buscan continuar profesionalmente con su preparaci\u00f3n art\u00edstica.<\/p>\n<p class=\"isSelectedEnd\">La segunda edici\u00f3n de \u201cVoces de la Comunidad\u201d cont\u00f3 con el respaldo del Cl\u00faster Minero de Chihuahua, el Gobierno Municipal de Chihuahua, el Instituto de Cultura del Municipio de Chihuahua y el Teatro de la Ciudad.<\/p>\n<p class=\"isSelectedEnd\">Durante el encuentro, el Cl\u00faster Minero de Chihuahua entreg\u00f3 adem\u00e1s un reconocimiento institucional a Grupo M\u00e9xico por su labor en favor del desarrollo comunitario.<\/p>\n<p>M\u00e1s que un concierto, \u201cVoces de la Comunidad\u201d permiti\u00f3 que ni\u00f1as, ni\u00f1os y j\u00f3venes de distintas regiones del pa\u00eds compartieran escenario, tradiciones y experiencias, con una participaci\u00f3n especial de los representantes de <strong>Nacozari, Cananea y Esqueda, Sonora<\/strong>, quienes llevaron al p\u00fablico chihuahuense una muestra del talento y la riqueza cultural de sus comunidades.<\/p>\n<p><a href=\"https:\/\/soledaddurazo.com\/storage\/2026\/08\/8cb8d18e-45c2-4ae9-8a5a-f7c1c8c2108e.jpg\"><img loading=\"lazy\" decoding=\"async\" class=\"aligncenter size-full wp-image-27376\" src=\"https:\/\/soledaddurazo.com\/storage\/2026\/08\/8cb8d18e-45c2-4ae9-8a5a-f7c1c8c2108e.jpg\" alt=\"\" width=\"1200\" height=\"800\" srcset=\"https:\/\/soledaddurazo.com\/storage\/2026\/08\/8cb8d18e-45c2-4ae9-8a5a-f7c1c8c2108e.jpg 1200w, https:\/\/soledaddurazo.com\/storage\/2026\/08\/8cb8d18e-45c2-4ae9-8a5a-f7c1c8c2108e-300x200.jpg 300w, https:\/\/soledaddurazo.com\/storage\/2026\/08\/8cb8d18e-45c2-4ae9-8a5a-f7c1c8c2108e-1024x683.jpg 1024w, https:\/\/soledaddurazo.com\/storage\/2026\/08\/8cb8d18e-45c2-4ae9-8a5a-f7c1c8c2108e-768x512.jpg 768w, https:\/\/soledaddurazo.com\/storage\/2026\/08\/8cb8d18e-45c2-4ae9-8a5a-f7c1c8c2108e-600x400.jpg 600w, https:\/\/soledaddurazo.com\/storage\/2026\/08\/8cb8d18e-45c2-4ae9-8a5a-f7c1c8c2108e-750x500.jpg 750w, https:\/\/soledaddurazo.com\/storage\/2026\/08\/8cb8d18e-45c2-4ae9-8a5a-f7c1c8c2108e-1140x760.jpg 1140w\" sizes=\"auto, (max-width: 1200px) 100vw, 1200px\" \/><\/a><\/p>\n","protected":false},"excerpt":{"rendered":"<p>\u00a0El talento de ni\u00f1as, ni\u00f1os y j\u00f3venes sonorenses destac\u00f3 durante la segunda edici\u00f3n del Festival de Coros \u201cVoces de la Comunidad\u201d, organizado por Grupo M\u00e9xico a trav\u00e9s de su programa Orquestas y Coros, que reuni\u00f3 a 140 participantes de cinco estados del pa\u00eds. Desde el Teatro de la Ciudad de Chihuahua, integrantes de los coros [&hellip;]<\/p>\n","protected":false},"author":1,"featured_media":27377,"comment_status":"open","ping_status":"open","sticky":false,"template":"","format":"standard","meta":{"footnotes":""},"categories":[153],"tags":[],"class_list":["post"],"yoast_head":" \n<title>Ni\u00f1as y ni\u00f1os sonorenses llevan su talento al Festival \u201cVoces de la Comunidad\u201d en Chihuahua - Periodista SoledadDurazo.com<\/title>\n<meta name=\"robots\" content=\"index, follow, max-snippet:-1, max-image-preview:large, max-video-preview:-1\" \/>\n<link rel=\"canonical\" href=\"https:\/\/soledaddurazo.com\/blog\/2026\/08\/31\/ninas-y-ninos-sonorenses-llevan-su-talento-al-festival-voces-de-la-comunidad-en-chihuahua\/\" \/>\n<meta property=\"og:locale\" content=\"es_MX\" \/>\n<meta property=\"og:type\" content=\"article\" \/>\n<meta property=\"og:title\" content=\"Ni\u00f1as y ni\u00f1os sonorenses llevan su talento al Festival \u201cVoces de la Comunidad\u201d en Chihuahua\" \/>\n<meta property=\"og:description\" content=\"\u00a0El talento de ni\u00f1as, ni\u00f1os y j\u00f3venes sonorenses destac\u00f3 durante la segunda edici\u00f3n del Festival de Coros \u201cVoces de la Comunidad\u201d, organizado por Grupo M\u00e9xico a trav\u00e9s de su programa Orquestas y Coros, que reuni\u00f3 a 140 participantes de cinco estados del pa\u00eds. Desde el Teatro de la Ciudad de Chihuahua, integrantes de los coros [&hellip;]\" \/>\n<meta property=\"og:url\" content=\"https:\/\/soledaddurazo.com\/blog\/2026\/08\/31\/ninas-y-ninos-sonorenses-llevan-su-talento-al-festival-voces-de-la-comunidad-en-chihuahua\/\" \/>\n<meta property=\"og:site_name\" content=\"Periodista SoledadDurazo.com\" \/>\n<meta property=\"article:publisher\" content=\"https:\/\/www.facebook.com\/soledad.durazo.9\/\" \/>\n<meta property=\"article:published_time\" content=\"2026-09-01T00:44:38+00:00\" \/>\n<meta property=\"article:modified_time\" content=\"2026-09-01T00:54:52+00:00\" \/>\n<meta property=\"og:image\" content=\"https:\/\/soledaddurazo.com\/storage\/2026\/08\/0a3fa411-f912-41dc-957a-445025c6131e.jpg\" \/>\n\t<meta property=\"og:image:width\" content=\"1200\" \/>\n\t<meta property=\"og:image:height\" content=\"800\" \/>\n<meta name=\"twitter:card\" content=\"summary_large_image\" \/>\n<meta name=\"twitter:creator\" content=\"@SoledadDurazo\" \/>\n<meta name=\"twitter:site\" content=\"@SoledadDurazo\" \/>\n<meta name=\"twitter:label1\" content=\"Escrito por\" \/>\n\t<meta name=\"twitter:data1\" content=\"Redacci\u00f3n\" \/>\n\t<meta name=\"twitter:label2\" content=\"Tiempo de lectura\" \/>\n\t<meta name=\"twitter:data2\" content=\"3 minutos\" \/>\n<script type=\"application\/ld+json\" class=\"yoast-schema-graph\">{\"@context\":\"https:\/\/schema.org\",\"@graph\":[{\"@type\":\"Organization\",\"@id\":\"https:\/\/soledaddurazo.com\/#organization\",\"name\":\"Soledad Durazo\",\"url\":\"https:\/\/soledaddurazo.com\/\",\"sameAs\":[\"https:\/\/www.facebook.com\/soledad.durazo.9\/\",\"https:\/\/www.instagram.com\/soledaddurazo\",\"https:\/\/www.youtube.com\/channel\/UC9yGPw8-Vbl_B2XNkRwPS-w\",\"https:\/\/twitter.com\/SoledadDurazo\"],\"logo\":{\"@type\":\"ImageObject\",\"@id\":\"https:\/\/soledaddurazo.com\/#logo\",\"inLanguage\":\"es\",\"url\":\"https:\/\/soledaddurazo.com\/storage\/2021\/11\/nllp-720x375-1-2.png\",\"contentUrl\":\"https:\/\/soledaddurazo.com\/storage\/2021\/11\/nllp-720x375-1-2.png\",\"width\":720,\"height\":375,\"caption\":\"Soledad Durazo\"},\"image\":{\"@id\":\"https:\/\/soledaddurazo.com\/#logo\"}},{\"@type\":\"WebSite\",\"@id\":\"https:\/\/soledaddurazo.com\/#website\",\"url\":\"https:\/\/soledaddurazo.com\/\",\"name\":\"Periodista SoledadDurazo.com\",\"description\":\"Periodista sonorense. Directora de www.SoledadDurazo.com Columnista, conductora de radio y Tv. Catedr\\u00e1tica en la UNISON\",\"publisher\":{\"@id\":\"https:\/\/soledaddurazo.com\/#organization\"},\"potentialAction\":[{\"@type\":\"SearchAction\",\"target\":{\"@type\":\"EntryPoint\",\"urlTemplate\":\"https:\/\/soledaddurazo.com\/?s={search_term_string}\"},\"query-input\":\"required name=search_term_string\"}],\"inLanguage\":\"es\"},{\"@type\":\"ImageObject\",\"@id\":\"https:\/\/soledaddurazo.com\/blog\/2026\/08\/31\/ninas-y-ninos-sonorenses-llevan-su-talento-al-festival-voces-de-la-comunidad-en-chihuahua\/#primaryimage\",\"inLanguage\":\"es\",\"url\":\"https:\/\/soledaddurazo.com\/storage\/2026\/08\/0a3fa411-f912-41dc-957a-445025c6131e.jpg\",\"contentUrl\":\"https:\/\/soledaddurazo.com\/storage\/2026\/08\/0a3fa411-f912-41dc-957a-445025c6131e.jpg\",\"width\":1200,\"height\":800},{\"@type\":\"WebPage\",\"@id\":\"https:\/\/soledaddurazo.com\/blog\/2026\/08\/31\/ninas-y-ninos-sonorenses-llevan-su-talento-al-festival-voces-de-la-comunidad-en-chihuahua\/#webpage\",\"url\":\"https:\/\/soledaddurazo.com\/blog\/2026\/08\/31\/ninas-y-ninos-sonorenses-llevan-su-talento-al-festival-voces-de-la-comunidad-en-chihuahua\/\",\"name\":\"Ni\\u00f1as y ni\\u00f1os sonorenses llevan su talento al Festival \\u201cVoces de la Comunidad\\u201d en Chihuahua - Periodista SoledadDurazo.com\",\"isPartOf\":{\"@id\":\"https:\/\/soledaddurazo.com\/#website\"},\"primaryImageOfPage\":{\"@id\":\"https:\/\/soledaddurazo.com\/blog\/2026\/08\/31\/ninas-y-ninos-sonorenses-llevan-su-talento-al-festival-voces-de-la-comunidad-en-chihuahua\/#primaryimage\"},\"datePublished\":\"2026-09-01T00:44:38+00:00\",\"dateModified\":\"2026-09-01T00:54:52+00:00\",\"breadcrumb\":{\"@id\":\"https:\/\/soledaddurazo.com\/blog\/2026\/08\/31\/ninas-y-ninos-sonorenses-llevan-su-talento-al-festival-voces-de-la-comunidad-en-chihuahua\/#breadcrumb\"},\"inLanguage\":\"es\",\"potentialAction\":[{\"@type\":\"ReadAction\",\"target\":[\"https:\/\/soledaddurazo.com\/blog\/2026\/08\/31\/ninas-y-ninos-sonorenses-llevan-su-talento-al-festival-voces-de-la-comunidad-en-chihuahua\/\"]}]},{\"@type\":\"BreadcrumbList\",\"@id\":\"https:\/\/soledaddurazo.com\/blog\/2026\/08\/31\/ninas-y-ninos-sonorenses-llevan-su-talento-al-festival-voces-de-la-comunidad-en-chihuahua\/#breadcrumb\",\"itemListElement\":[{\"@type\":\"ListItem\",\"position\":1,\"name\":\"Home\",\"item\":\"https:\/\/soledaddurazo.com\/\"},{\"@type\":\"ListItem\",\"position\":2,\"name\":\"Ni\\u00f1as y ni\\u00f1os sonorenses llevan su talento al Festival \\u201cVoces de la Comunidad\\u201d en Chihuahua\"}]},{\"@type\":\"Article\",\"@id\":\"https:\/\/soledaddurazo.com\/blog\/2026\/08\/31\/ninas-y-ninos-sonorenses-llevan-su-talento-al-festival-voces-de-la-comunidad-en-chihuahua\/#article\",\"isPartOf\":{\"@id\":\"https:\/\/soledaddurazo.com\/blog\/2026\/08\/31\/ninas-y-ninos-sonorenses-llevan-su-talento-al-festival-voces-de-la-comunidad-en-chihuahua\/#webpage\"},\"author\":{\"@id\":\"https:\/\/soledaddurazo.com\/#\/schema\/person\/822d8e13aa288585e6546f179853758b\"},\"headline\":\"Ni\\u00f1as y ni\\u00f1os sonorenses llevan su talento al Festival \\u201cVoces de la Comunidad\\u201d en Chihuahua\",\"datePublished\":\"2026-09-01T00:44:38+00:00\",\"dateModified\":\"2026-09-01T00:54:52+00:00\",\"mainEntityOfPage\":{\"@id\":\"https:\/\/soledaddurazo.com\/blog\/2026\/08\/31\/ninas-y-ninos-sonorenses-llevan-su-talento-al-festival-voces-de-la-comunidad-en-chihuahua\/#webpage\"},\"wordCount\":527,\"commentCount\":0,\"publisher\":{\"@id\":\"https:\/\/soledaddurazo.com\/#organization\"},\"image\":{\"@id\":\"https:\/\/soledaddurazo.com\/blog\/2026\/08\/31\/ninas-y-ninos-sonorenses-llevan-su-talento-al-festival-voces-de-la-comunidad-en-chihuahua\/#primaryimage\"},\"thumbnailUrl\":\"https:\/\/soledaddurazo.com\/storage\/2026\/08\/0a3fa411-f912-41dc-957a-445025c6131e.jpg\",\"articleSection\":[\"principal\"],\"inLanguage\":\"es\",\"potentialAction\":[{\"@type\":\"CommentAction\",\"name\":\"Comment\",\"target\":[\"https:\/\/soledaddurazo.com\/blog\/2026\/08\/31\/ninas-y-ninos-sonorenses-llevan-su-talento-al-festival-voces-de-la-comunidad-en-chihuahua\/#respond\"]}]},{\"@type\":\"Person\",\"@id\":\"https:\/\/soledaddurazo.com\/#\/schema\/person\/822d8e13aa288585e6546f179853758b\",\"name\":\"Redacci\\u00f3n\",\"image\":{\"@type\":\"ImageObject\",\"@id\":\"https:\/\/soledaddurazo.com\/#personlogo\",\"inLanguage\":\"es\",\"url\":\"https:\/\/secure.gravatar.com\/avatar\/c4e193752f756fd61f04deebed3a3a20dc188d37edb53682d313ac57f2725d54?s=96&d=mm&r=g\",\"contentUrl\":\"https:\/\/secure.gravatar.com\/avatar\/c4e193752f756fd61f04deebed3a3a20dc188d37edb53682d313ac57f2725d54?s=96&d=mm&r=g\",\"caption\":\"Redacci\\u00f3n\"},\"sameAs\":[\"https:\/\/soledaddurazo.com\"]}]}<\/script>\n ","yoast_head_json":{"title":"Ni\u00f1as y ni\u00f1os sonorenses llevan su talento al Festival \u201cVoces de la Comunidad\u201d en Chihuahua - Periodista SoledadDurazo.com","robots":{"index":"index","follow":"follow","max-snippet":"max-snippet:-1","max-image-preview":"max-image-preview:large","max-video-preview":"max-video-preview:-1"},"canonical":"https:\/\/soledaddurazo.com\/blog\/2026\/08\/31\/ninas-y-ninos-sonorenses-llevan-su-talento-al-festival-voces-de-la-comunidad-en-chihuahua\/","og_locale":"es_MX","og_type":"article","og_title":"Ni\u00f1as y ni\u00f1os sonorenses llevan su talento al Festival \u201cVoces de la Comunidad\u201d en Chihuahua","og_description":"\u00a0El talento de ni\u00f1as, ni\u00f1os y j\u00f3venes sonorenses destac\u00f3 durante la segunda edici\u00f3n del Festival de Coros \u201cVoces de la Comunidad\u201d, organizado por Grupo M\u00e9xico a trav\u00e9s de su programa Orquestas y Coros, que reuni\u00f3 a 140 participantes de cinco estados del pa\u00eds. Desde el Teatro de la Ciudad de Chihuahua, integrantes de los coros [&hellip;]","og_url":"https:\/\/soledaddurazo.com\/blog\/2026\/08\/31\/ninas-y-ninos-sonorenses-llevan-su-talento-al-festival-voces-de-la-comunidad-en-chihuahua\/","og_site_name":"Periodista SoledadDurazo.com","article_publisher":"https:\/\/www.facebook.com\/soledad.durazo.9\/","article_published_time":"2026-09-01T00:44:38+00:00","article_modified_time":"2026-09-01T00:54:52+00:00","og_image":[{"width":1200,"height":800,"url":"https:\/\/soledaddurazo.com\/storage\/2026\/08\/0a3fa411-f912-41dc-957a-445025c6131e.jpg","type":"image\/jpeg"}],"twitter_card":"summary_large_image","twitter_creator":"@SoledadDurazo","twitter_site":"@SoledadDurazo","twitter_misc":{"Escrito por":"Redacci\u00f3n","Tiempo de lectura":"3 minutos"},"schema":{"@context":"https:\/\/schema.org","@graph":[{"@type":"Organization","@id":"https:\/\/soledaddurazo.com\/#organization","name":"Soledad Durazo","url":"https:\/\/soledaddurazo.com\/","sameAs":["https:\/\/www.facebook.com\/soledad.durazo.9\/","https:\/\/www.instagram.com\/soledaddurazo","https:\/\/www.youtube.com\/channel\/UC9yGPw8-Vbl_B2XNkRwPS-w","https:\/\/twitter.com\/SoledadDurazo"],"logo":{"@type":"ImageObject","@id":"https:\/\/soledaddurazo.com\/#logo","inLanguage":"es","url":"https:\/\/soledaddurazo.com\/storage\/2021\/11\/nllp-720x375-1-2.png","contentUrl":"https:\/\/soledaddurazo.com\/storage\/2021\/11\/nllp-720x375-1-2.png","width":720,"height":375,"caption":"Soledad Durazo"},"image":{"@id":"https:\/\/soledaddurazo.com\/#logo"}},{"@type":"WebSite","@id":"https:\/\/soledaddurazo.com\/#website","url":"https:\/\/soledaddurazo.com\/","name":"Periodista SoledadDurazo.com","description":"Periodista sonorense. Directora de www.SoledadDurazo.com Columnista, conductora de radio y Tv. Catedr\u00e1tica en la UNISON","publisher":{"@id":"https:\/\/soledaddurazo.com\/#organization"},"potentialAction":[{"@type":"SearchAction","target":{"@type":"EntryPoint","urlTemplate":"https:\/\/soledaddurazo.com\/?s={search_term_string}"},"query-input":"required name=search_term_string"}],"inLanguage":"es"},{"@type":"ImageObject","@id":"https:\/\/soledaddurazo.com\/blog\/2026\/08\/31\/ninas-y-ninos-sonorenses-llevan-su-talento-al-festival-voces-de-la-comunidad-en-chihuahua\/#primaryimage","inLanguage":"es","url":"https:\/\/soledaddurazo.com\/storage\/2026\/08\/0a3fa411-f912-41dc-957a-445025c6131e.jpg","contentUrl":"https:\/\/soledaddurazo.com\/storage\/2026\/08\/0a3fa411-f912-41dc-957a-445025c6131e.jpg","width":1200,"height":800},{"@type":"WebPage","@id":"https:\/\/soledaddurazo.com\/blog\/2026\/08\/31\/ninas-y-ninos-sonorenses-llevan-su-talento-al-festival-voces-de-la-comunidad-en-chihuahua\/#webpage","url":"https:\/\/soledaddurazo.com\/blog\/2026\/08\/31\/ninas-y-ninos-sonorenses-llevan-su-talento-al-festival-voces-de-la-comunidad-en-chihuahua\/","name":"Ni\u00f1as y ni\u00f1os sonorenses llevan su talento al Festival \u201cVoces de la Comunidad\u201d en Chihuahua - Periodista SoledadDurazo.com","isPartOf":{"@id":"https:\/\/soledaddurazo.com\/#website"},"primaryImageOfPage":{"@id":"https:\/\/soledaddurazo.com\/blog\/2026\/08\/31\/ninas-y-ninos-sonorenses-llevan-su-talento-al-festival-voces-de-la-comunidad-en-chihuahua\/#primaryimage"},"datePublished":"2026-09-01T00:44:38+00:00","dateModified":"2026-09-01T00:54:52+00:00","breadcrumb":{"@id":"https:\/\/soledaddurazo.com\/blog\/2026\/08\/31\/ninas-y-ninos-sonorenses-llevan-su-talento-al-festival-voces-de-la-comunidad-en-chihuahua\/#breadcrumb"},"inLanguage":"es","potentialAction":[{"@type":"ReadAction","target":["https:\/\/soledaddurazo.com\/blog\/2026\/08\/31\/ninas-y-ninos-sonorenses-llevan-su-talento-al-festival-voces-de-la-comunidad-en-chihuahua\/"]}]},{"@type":"BreadcrumbList","@id":"https:\/\/soledaddurazo.com\/blog\/2026\/08\/31\/ninas-y-ninos-sonorenses-llevan-su-talento-al-festival-voces-de-la-comunidad-en-chihuahua\/#breadcrumb","itemListElement":[{"@type":"ListItem","position":1,"name":"Home","item":"https:\/\/soledaddurazo.com\/"},{"@type":"ListItem","position":2,"name":"Ni\u00f1as y ni\u00f1os sonorenses llevan su talento al Festival \u201cVoces de la Comunidad\u201d en Chihuahua"}]},{"@type":"Article","@id":"https:\/\/soledaddurazo.com\/blog\/2026\/08\/31\/ninas-y-ninos-sonorenses-llevan-su-talento-al-festival-voces-de-la-comunidad-en-chihuahua\/#article","isPartOf":{"@id":"https:\/\/soledaddurazo.com\/blog\/2026\/08\/31\/ninas-y-ninos-sonorenses-llevan-su-talento-al-festival-voces-de-la-comunidad-en-chihuahua\/#webpage"},"author":{"@id":"https:\/\/soledaddurazo.com\/#\/schema\/person\/822d8e13aa288585e6546f179853758b"},"headline":"Ni\u00f1as y ni\u00f1os sonorenses llevan su talento al Festival \u201cVoces de la Comunidad\u201d en Chihuahua","datePublished":"2026-09-01T00:44:38+00:00","dateModified":"2026-09-01T00:54:52+00:00","mainEntityOfPage":{"@id":"https:\/\/soledaddurazo.com\/blog\/2026\/08\/31\/ninas-y-ninos-sonorenses-llevan-su-talento-al-festival-voces-de-la-comunidad-en-chihuahua\/#webpage"},"wordCount":527,"commentCount":0,"publisher":{"@id":"https:\/\/soledaddurazo.com\/#organization"},"image":{"@id":"https:\/\/soledaddurazo.com\/blog\/2026\/08\/31\/ninas-y-ninos-sonorenses-llevan-su-talento-al-festival-voces-de-la-comunidad-en-chihuahua\/#primaryimage"},"thumbnailUrl":"https:\/\/soledaddurazo.com\/storage\/2026\/08\/0a3fa411-f912-41dc-957a-445025c6131e.jpg","articleSection":["principal"],"inLanguage":"es","potentialAction":[{"@type":"CommentAction","name":"Comment","target":["https:\/\/soledaddurazo.com\/blog\/2026\/08\/31\/ninas-y-ninos-sonorenses-llevan-su-talento-al-festival-voces-de-la-comunidad-en-chihuahua\/#respond"]}]},{"@type":"Person","@id":"https:\/\/soledaddurazo.com\/#\/schema\/person\/822d8e13aa288585e6546f179853758b","name":"Redacci\u00f3n","image":{"@type":"ImageObject","@id":"https:\/\/soledaddurazo.com\/#personlogo","inLanguage":"es","url":"https:\/\/secure.gravatar.com\/avatar\/c4e193752f756fd61f04deebed3a3a20dc188d37edb53682d313ac57f2725d54?s=96&d=mm&r=g","contentUrl":"https:\/\/secure.gravatar.com\/avatar\/c4e193752f756fd61f04deebed3a3a20dc188d37edb53682d313ac57f2725d54?s=96&d=mm&r=g","caption":"Redacci\u00f3n"},"sameAs":["https:\/\/soledaddurazo.com"]}]}},"_links":{"self":[{"href":"https:\/\/soledaddurazo.com\/api\/wp\/v2\/posts\/27375","targetHints":{"allow":["GET"]}}],"collection":[{"href":"https:\/\/soledaddurazo.com\/api\/wp\/v2\/posts"}],"about":[{"href":"https:\/\/soledaddurazo.com\/api\/wp\/v2\/types\/post"}],"author":[{"embeddable":true,"href":"https:\/\/soledaddurazo.com\/api\/wp\/v2\/users\/1"}],"replies":[{"embeddable":true,"href":"https:\/\/soledaddurazo.com\/api\/wp\/v2\/comments?post=27375"}],"version-history":[{"count":3,"href":"https:\/\/soledaddurazo.com\/api\/wp\/v2\/posts\/27375\/revisions"}],"predecessor-version":[{"id":27388,"href":"https:\/\/soledaddurazo.com\/api\/wp\/v2\/posts\/27375\/revisions\/27388"}],"wp:featuredmedia":[{"embeddable":true,"href":"https:\/\/soledaddurazo.com\/api\/wp\/v2\/media\/27377"}],"wp:attachment":[{"href":"https:\/\/soledaddurazo.com\/api\/wp\/v2\/media?parent=27375"}],"wp:term":[{"taxonomy":"category","embeddable":true,"href":"https:\/\/soledaddurazo.com\/api\/wp\/v2\/categories?post=27375"},{"taxonomy":"post_tag","embeddable":true,"href":"https:\/\/soledaddurazo.com\/api\/wp\/v2\/tags?post=27375"}],"curies":[{"name":"wp","href":"https:\/\/api.w.org\/{rel}","templated":true}]}}