{"id":27359,"date":"2026-08-30T18:44:09","date_gmt":"2026-08-31T01:44:09","guid":{"rendered":"https:\/\/soledaddurazo.com\/?p=27359"},"modified":"2026-08-30T18:44:09","modified_gmt":"2026-08-31T01:44:09","slug":"regreso-a-clases-no-solo-preguntes-como-te-fue-tambien-pregunta-como-se-sintio","status":"publish","type":"post","link":"https:\/\/soledaddurazo.com\/blog\/2026\/08\/30\/regreso-a-clases-no-solo-preguntes-como-te-fue-tambien-pregunta-como-se-sintio\/","title":{"rendered":"Regreso a clases: no solo preguntes \u201c\u00bfc\u00f3mo te fue?\u201d, tambi\u00e9n pregunta c\u00f3mo se sinti\u00f3"},"content":{"rendered":"<p>Este lunes no solo vuelven las mochilas, los uniformes y las carreras de cada ma\u00f1ana. Para miles de ni\u00f1as y ni\u00f1os tambi\u00e9n comienza una nueva etapa: reencontrarse con sus compa\u00f1eros, conocer maestros, adaptarse a nuevos horarios y, en algunos casos, enfrentar nervios que quiz\u00e1 no sepan c\u00f3mo explicar.<\/p>\n<p>&nbsp;<\/p>\n<p>Por eso, entre revisar tareas, preparar el lunch y recordarles que no olviden la botella de agua, hay algo que tambi\u00e9n merece espacio: preguntarles c\u00f3mo est\u00e1n.<\/p>\n<p>&nbsp;<\/p>\n<p>Y no necesariamente con el cl\u00e1sico \u201c\u00bfc\u00f3mo te fue?\u201d, porque muchas veces la respuesta autom\u00e1tica ser\u00e1 un \u201cbien\u201d y ah\u00ed terminar\u00e1 la conversaci\u00f3n.<\/p>\n<p>&nbsp;<\/p>\n<p>Una buena opci\u00f3n es hacer preguntas m\u00e1s espec\u00edficas y dejar que ellos marquen el rumbo. \u00bfQu\u00e9 fue lo que m\u00e1s te gust\u00f3 de hoy? \u00bfHubo algo que te pusiera nervioso? \u00bfCon qui\u00e9n jugaste? \u00bfQu\u00e9 fue lo m\u00e1s divertido? \u00bfPas\u00f3 algo que no te gustara?<\/p>\n<p>&nbsp;<\/p>\n<p>La idea no es convertir la hora de la comida en un interrogatorio, sino abrir una puerta para que sepan que pueden contar lo que les pasa sin miedo a recibir inmediatamente un rega\u00f1o, una comparaci\u00f3n o un \u201cno es para tanto\u201d.<\/p>\n<p>&nbsp;<\/p>\n<p>La propia Secretar\u00eda de Educaci\u00f3n P\u00fablica contempla la importancia de generar espacios de escucha y bienestar emocional dentro de la comunidad escolar, mientras que las autoridades de salud recomiendan que madres y padres est\u00e9n atentos a cambios en el comportamiento de sus hijos.<\/p>\n<p>&nbsp;<\/p>\n<p><strong>Cinco minutos pueden hacer la diferencia<\/strong><\/p>\n<p>&nbsp;<\/p>\n<p>No necesitas organizar una actividad especial para acompa\u00f1arlos. A veces basta con apagar un rato el celular, sentarte a su lado y escuchar.<\/p>\n<p>&nbsp;<\/p>\n<p>Tambi\u00e9n puedes convertirlo en un peque\u00f1o ritual diario: durante la cena, camino a casa o antes de dormir, preguntarles una cosa buena, una cosa dif\u00edcil y algo que les gustar\u00eda que pasara al d\u00eda siguiente.<\/p>\n<p>&nbsp;<\/p>\n<p><strong>Y algo importante: no todo tiene que convertirse en una soluci\u00f3n inmediata.<\/strong><\/p>\n<p>&nbsp;<\/p>\n<p>Si tu hijo cuenta que tuvo un problema, quiz\u00e1 primero necesita sentirse escuchado antes de recibir consejos. Escuchar tambi\u00e9n es una forma de cuidar.<\/p>\n<p>&nbsp;<\/p>\n<p>El regreso a clases trae pendientes, gastos y horarios que ajustar, pero entre todo eso vale la pena no perder de vista lo esencial: detr\u00e1s de cada mochila hay un ni\u00f1o que tambi\u00e9n est\u00e1 aprendiendo a manejar sus emociones, sus relaciones y los cambios.<\/p>\n<p>&nbsp;<\/p>\n<p>Esta vez, adem\u00e1s de preguntar si hizo la tarea, preg\u00fantale c\u00f3mo se siente.<\/p>\n<p>&nbsp;<\/p>\n<p>Porque quiz\u00e1 esa sea la conversaci\u00f3n que m\u00e1s recuerde de su primer d\u00eda.<\/p>\n","protected":false},"excerpt":{"rendered":"<p>Este lunes no solo vuelven las mochilas, los uniformes y las carreras de cada ma\u00f1ana. Para miles de ni\u00f1as y ni\u00f1os tambi\u00e9n comienza una nueva etapa: reencontrarse con sus compa\u00f1eros, conocer maestros, adaptarse a nuevos horarios y, en algunos casos, enfrentar nervios que quiz\u00e1 no sepan c\u00f3mo explicar. &nbsp; Por eso, entre revisar tareas, preparar [&hellip;]<\/p>\n","protected":false},"author":1,"featured_media":27360,"comment_status":"open","ping_status":"open","sticky":false,"template":"","format":"standard","meta":{"footnotes":""},"categories":[153],"tags":[],"class_list":["post"],"yoast_head":" \n<title>Regreso a clases: no solo preguntes \u201c\u00bfc\u00f3mo te fue?\u201d, tambi\u00e9n pregunta c\u00f3mo se sinti\u00f3 - Periodista SoledadDurazo.com<\/title>\n<meta name=\"robots\" content=\"index, follow, max-snippet:-1, max-image-preview:large, max-video-preview:-1\" \/>\n<link rel=\"canonical\" href=\"https:\/\/soledaddurazo.com\/blog\/2026\/08\/30\/regreso-a-clases-no-solo-preguntes-como-te-fue-tambien-pregunta-como-se-sintio\/\" \/>\n<meta property=\"og:locale\" content=\"es_MX\" \/>\n<meta property=\"og:type\" content=\"article\" \/>\n<meta property=\"og:title\" content=\"Regreso a clases: no solo preguntes \u201c\u00bfc\u00f3mo te fue?\u201d, tambi\u00e9n pregunta c\u00f3mo se sinti\u00f3\" \/>\n<meta property=\"og:description\" content=\"Este lunes no solo vuelven las mochilas, los uniformes y las carreras de cada ma\u00f1ana. Para miles de ni\u00f1as y ni\u00f1os tambi\u00e9n comienza una nueva etapa: reencontrarse con sus compa\u00f1eros, conocer maestros, adaptarse a nuevos horarios y, en algunos casos, enfrentar nervios que quiz\u00e1 no sepan c\u00f3mo explicar. &nbsp; Por eso, entre revisar tareas, preparar [&hellip;]\" \/>\n<meta property=\"og:url\" content=\"https:\/\/soledaddurazo.com\/blog\/2026\/08\/30\/regreso-a-clases-no-solo-preguntes-como-te-fue-tambien-pregunta-como-se-sintio\/\" \/>\n<meta property=\"og:site_name\" content=\"Periodista SoledadDurazo.com\" \/>\n<meta property=\"article:publisher\" content=\"https:\/\/www.facebook.com\/soledad.durazo.9\/\" \/>\n<meta property=\"article:published_time\" content=\"2026-08-31T01:44:09+00:00\" \/>\n<meta property=\"og:image\" content=\"https:\/\/soledaddurazo.com\/storage\/2026\/08\/adhd-back-to-school.jpg_2D00_680x320x2.jpg\" \/>\n\t<meta property=\"og:image:width\" content=\"680\" \/>\n\t<meta property=\"og:image:height\" content=\"320\" \/>\n<meta name=\"twitter:card\" content=\"summary_large_image\" \/>\n<meta name=\"twitter:creator\" content=\"@SoledadDurazo\" \/>\n<meta name=\"twitter:site\" content=\"@SoledadDurazo\" \/>\n<meta name=\"twitter:label1\" content=\"Escrito por\" \/>\n\t<meta name=\"twitter:data1\" content=\"Redacci\u00f3n\" \/>\n\t<meta name=\"twitter:label2\" content=\"Tiempo de lectura\" \/>\n\t<meta name=\"twitter:data2\" content=\"2 minutos\" \/>\n<script type=\"application\/ld+json\" class=\"yoast-schema-graph\">{\"@context\":\"https:\/\/schema.org\",\"@graph\":[{\"@type\":\"Organization\",\"@id\":\"https:\/\/soledaddurazo.com\/#organization\",\"name\":\"Soledad Durazo\",\"url\":\"https:\/\/soledaddurazo.com\/\",\"sameAs\":[\"https:\/\/www.facebook.com\/soledad.durazo.9\/\",\"https:\/\/www.instagram.com\/soledaddurazo\",\"https:\/\/www.youtube.com\/channel\/UC9yGPw8-Vbl_B2XNkRwPS-w\",\"https:\/\/twitter.com\/SoledadDurazo\"],\"logo\":{\"@type\":\"ImageObject\",\"@id\":\"https:\/\/soledaddurazo.com\/#logo\",\"inLanguage\":\"es\",\"url\":\"https:\/\/soledaddurazo.com\/storage\/2021\/11\/nllp-720x375-1-2.png\",\"contentUrl\":\"https:\/\/soledaddurazo.com\/storage\/2021\/11\/nllp-720x375-1-2.png\",\"width\":720,\"height\":375,\"caption\":\"Soledad Durazo\"},\"image\":{\"@id\":\"https:\/\/soledaddurazo.com\/#logo\"}},{\"@type\":\"WebSite\",\"@id\":\"https:\/\/soledaddurazo.com\/#website\",\"url\":\"https:\/\/soledaddurazo.com\/\",\"name\":\"Periodista SoledadDurazo.com\",\"description\":\"Periodista sonorense. Directora de www.SoledadDurazo.com Columnista, conductora de radio y Tv. Catedr\\u00e1tica en la UNISON\",\"publisher\":{\"@id\":\"https:\/\/soledaddurazo.com\/#organization\"},\"potentialAction\":[{\"@type\":\"SearchAction\",\"target\":{\"@type\":\"EntryPoint\",\"urlTemplate\":\"https:\/\/soledaddurazo.com\/?s={search_term_string}\"},\"query-input\":\"required name=search_term_string\"}],\"inLanguage\":\"es\"},{\"@type\":\"ImageObject\",\"@id\":\"https:\/\/soledaddurazo.com\/blog\/2026\/08\/30\/regreso-a-clases-no-solo-preguntes-como-te-fue-tambien-pregunta-como-se-sintio\/#primaryimage\",\"inLanguage\":\"es\",\"url\":\"https:\/\/soledaddurazo.com\/storage\/2026\/08\/adhd-back-to-school.jpg_2D00_680x320x2.jpg\",\"contentUrl\":\"https:\/\/soledaddurazo.com\/storage\/2026\/08\/adhd-back-to-school.jpg_2D00_680x320x2.jpg\",\"width\":680,\"height\":320},{\"@type\":\"WebPage\",\"@id\":\"https:\/\/soledaddurazo.com\/blog\/2026\/08\/30\/regreso-a-clases-no-solo-preguntes-como-te-fue-tambien-pregunta-como-se-sintio\/#webpage\",\"url\":\"https:\/\/soledaddurazo.com\/blog\/2026\/08\/30\/regreso-a-clases-no-solo-preguntes-como-te-fue-tambien-pregunta-como-se-sintio\/\",\"name\":\"Regreso a clases: no solo preguntes \\u201c\\u00bfc\\u00f3mo te fue?\\u201d, tambi\\u00e9n pregunta c\\u00f3mo se sinti\\u00f3 - Periodista SoledadDurazo.com\",\"isPartOf\":{\"@id\":\"https:\/\/soledaddurazo.com\/#website\"},\"primaryImageOfPage\":{\"@id\":\"https:\/\/soledaddurazo.com\/blog\/2026\/08\/30\/regreso-a-clases-no-solo-preguntes-como-te-fue-tambien-pregunta-como-se-sintio\/#primaryimage\"},\"datePublished\":\"2026-08-31T01:44:09+00:00\",\"dateModified\":\"2026-08-31T01:44:09+00:00\",\"breadcrumb\":{\"@id\":\"https:\/\/soledaddurazo.com\/blog\/2026\/08\/30\/regreso-a-clases-no-solo-preguntes-como-te-fue-tambien-pregunta-como-se-sintio\/#breadcrumb\"},\"inLanguage\":\"es\",\"potentialAction\":[{\"@type\":\"ReadAction\",\"target\":[\"https:\/\/soledaddurazo.com\/blog\/2026\/08\/30\/regreso-a-clases-no-solo-preguntes-como-te-fue-tambien-pregunta-como-se-sintio\/\"]}]},{\"@type\":\"BreadcrumbList\",\"@id\":\"https:\/\/soledaddurazo.com\/blog\/2026\/08\/30\/regreso-a-clases-no-solo-preguntes-como-te-fue-tambien-pregunta-como-se-sintio\/#breadcrumb\",\"itemListElement\":[{\"@type\":\"ListItem\",\"position\":1,\"name\":\"Home\",\"item\":\"https:\/\/soledaddurazo.com\/\"},{\"@type\":\"ListItem\",\"position\":2,\"name\":\"Regreso a clases: no solo preguntes \\u201c\\u00bfc\\u00f3mo te fue?\\u201d, tambi\\u00e9n pregunta c\\u00f3mo se sinti\\u00f3\"}]},{\"@type\":\"Article\",\"@id\":\"https:\/\/soledaddurazo.com\/blog\/2026\/08\/30\/regreso-a-clases-no-solo-preguntes-como-te-fue-tambien-pregunta-como-se-sintio\/#article\",\"isPartOf\":{\"@id\":\"https:\/\/soledaddurazo.com\/blog\/2026\/08\/30\/regreso-a-clases-no-solo-preguntes-como-te-fue-tambien-pregunta-como-se-sintio\/#webpage\"},\"author\":{\"@id\":\"https:\/\/soledaddurazo.com\/#\/schema\/person\/822d8e13aa288585e6546f179853758b\"},\"headline\":\"Regreso a clases: no solo preguntes \\u201c\\u00bfc\\u00f3mo te fue?\\u201d, tambi\\u00e9n pregunta c\\u00f3mo se sinti\\u00f3\",\"datePublished\":\"2026-08-31T01:44:09+00:00\",\"dateModified\":\"2026-08-31T01:44:09+00:00\",\"mainEntityOfPage\":{\"@id\":\"https:\/\/soledaddurazo.com\/blog\/2026\/08\/30\/regreso-a-clases-no-solo-preguntes-como-te-fue-tambien-pregunta-como-se-sintio\/#webpage\"},\"wordCount\":468,\"commentCount\":0,\"publisher\":{\"@id\":\"https:\/\/soledaddurazo.com\/#organization\"},\"image\":{\"@id\":\"https:\/\/soledaddurazo.com\/blog\/2026\/08\/30\/regreso-a-clases-no-solo-preguntes-como-te-fue-tambien-pregunta-como-se-sintio\/#primaryimage\"},\"thumbnailUrl\":\"https:\/\/soledaddurazo.com\/storage\/2026\/08\/adhd-back-to-school.jpg_2D00_680x320x2.jpg\",\"articleSection\":[\"principal\"],\"inLanguage\":\"es\",\"potentialAction\":[{\"@type\":\"CommentAction\",\"name\":\"Comment\",\"target\":[\"https:\/\/soledaddurazo.com\/blog\/2026\/08\/30\/regreso-a-clases-no-solo-preguntes-como-te-fue-tambien-pregunta-como-se-sintio\/#respond\"]}]},{\"@type\":\"Person\",\"@id\":\"https:\/\/soledaddurazo.com\/#\/schema\/person\/822d8e13aa288585e6546f179853758b\",\"name\":\"Redacci\\u00f3n\",\"image\":{\"@type\":\"ImageObject\",\"@id\":\"https:\/\/soledaddurazo.com\/#personlogo\",\"inLanguage\":\"es\",\"url\":\"https:\/\/secure.gravatar.com\/avatar\/c4e193752f756fd61f04deebed3a3a20dc188d37edb53682d313ac57f2725d54?s=96&d=mm&r=g\",\"contentUrl\":\"https:\/\/secure.gravatar.com\/avatar\/c4e193752f756fd61f04deebed3a3a20dc188d37edb53682d313ac57f2725d54?s=96&d=mm&r=g\",\"caption\":\"Redacci\\u00f3n\"},\"sameAs\":[\"https:\/\/soledaddurazo.com\"]}]}<\/script>\n ","yoast_head_json":{"title":"Regreso a clases: no solo preguntes \u201c\u00bfc\u00f3mo te fue?\u201d, tambi\u00e9n pregunta c\u00f3mo se sinti\u00f3 - Periodista SoledadDurazo.com","robots":{"index":"index","follow":"follow","max-snippet":"max-snippet:-1","max-image-preview":"max-image-preview:large","max-video-preview":"max-video-preview:-1"},"canonical":"https:\/\/soledaddurazo.com\/blog\/2026\/08\/30\/regreso-a-clases-no-solo-preguntes-como-te-fue-tambien-pregunta-como-se-sintio\/","og_locale":"es_MX","og_type":"article","og_title":"Regreso a clases: no solo preguntes \u201c\u00bfc\u00f3mo te fue?\u201d, tambi\u00e9n pregunta c\u00f3mo se sinti\u00f3","og_description":"Este lunes no solo vuelven las mochilas, los uniformes y las carreras de cada ma\u00f1ana. Para miles de ni\u00f1as y ni\u00f1os tambi\u00e9n comienza una nueva etapa: reencontrarse con sus compa\u00f1eros, conocer maestros, adaptarse a nuevos horarios y, en algunos casos, enfrentar nervios que quiz\u00e1 no sepan c\u00f3mo explicar. &nbsp; Por eso, entre revisar tareas, preparar [&hellip;]","og_url":"https:\/\/soledaddurazo.com\/blog\/2026\/08\/30\/regreso-a-clases-no-solo-preguntes-como-te-fue-tambien-pregunta-como-se-sintio\/","og_site_name":"Periodista SoledadDurazo.com","article_publisher":"https:\/\/www.facebook.com\/soledad.durazo.9\/","article_published_time":"2026-08-31T01:44:09+00:00","og_image":[{"width":680,"height":320,"url":"https:\/\/soledaddurazo.com\/storage\/2026\/08\/adhd-back-to-school.jpg_2D00_680x320x2.jpg","type":"image\/jpeg"}],"twitter_card":"summary_large_image","twitter_creator":"@SoledadDurazo","twitter_site":"@SoledadDurazo","twitter_misc":{"Escrito por":"Redacci\u00f3n","Tiempo de lectura":"2 minutos"},"schema":{"@context":"https:\/\/schema.org","@graph":[{"@type":"Organization","@id":"https:\/\/soledaddurazo.com\/#organization","name":"Soledad Durazo","url":"https:\/\/soledaddurazo.com\/","sameAs":["https:\/\/www.facebook.com\/soledad.durazo.9\/","https:\/\/www.instagram.com\/soledaddurazo","https:\/\/www.youtube.com\/channel\/UC9yGPw8-Vbl_B2XNkRwPS-w","https:\/\/twitter.com\/SoledadDurazo"],"logo":{"@type":"ImageObject","@id":"https:\/\/soledaddurazo.com\/#logo","inLanguage":"es","url":"https:\/\/soledaddurazo.com\/storage\/2021\/11\/nllp-720x375-1-2.png","contentUrl":"https:\/\/soledaddurazo.com\/storage\/2021\/11\/nllp-720x375-1-2.png","width":720,"height":375,"caption":"Soledad Durazo"},"image":{"@id":"https:\/\/soledaddurazo.com\/#logo"}},{"@type":"WebSite","@id":"https:\/\/soledaddurazo.com\/#website","url":"https:\/\/soledaddurazo.com\/","name":"Periodista SoledadDurazo.com","description":"Periodista sonorense. Directora de www.SoledadDurazo.com Columnista, conductora de radio y Tv. Catedr\u00e1tica en la UNISON","publisher":{"@id":"https:\/\/soledaddurazo.com\/#organization"},"potentialAction":[{"@type":"SearchAction","target":{"@type":"EntryPoint","urlTemplate":"https:\/\/soledaddurazo.com\/?s={search_term_string}"},"query-input":"required name=search_term_string"}],"inLanguage":"es"},{"@type":"ImageObject","@id":"https:\/\/soledaddurazo.com\/blog\/2026\/08\/30\/regreso-a-clases-no-solo-preguntes-como-te-fue-tambien-pregunta-como-se-sintio\/#primaryimage","inLanguage":"es","url":"https:\/\/soledaddurazo.com\/storage\/2026\/08\/adhd-back-to-school.jpg_2D00_680x320x2.jpg","contentUrl":"https:\/\/soledaddurazo.com\/storage\/2026\/08\/adhd-back-to-school.jpg_2D00_680x320x2.jpg","width":680,"height":320},{"@type":"WebPage","@id":"https:\/\/soledaddurazo.com\/blog\/2026\/08\/30\/regreso-a-clases-no-solo-preguntes-como-te-fue-tambien-pregunta-como-se-sintio\/#webpage","url":"https:\/\/soledaddurazo.com\/blog\/2026\/08\/30\/regreso-a-clases-no-solo-preguntes-como-te-fue-tambien-pregunta-como-se-sintio\/","name":"Regreso a clases: no solo preguntes \u201c\u00bfc\u00f3mo te fue?\u201d, tambi\u00e9n pregunta c\u00f3mo se sinti\u00f3 - Periodista SoledadDurazo.com","isPartOf":{"@id":"https:\/\/soledaddurazo.com\/#website"},"primaryImageOfPage":{"@id":"https:\/\/soledaddurazo.com\/blog\/2026\/08\/30\/regreso-a-clases-no-solo-preguntes-como-te-fue-tambien-pregunta-como-se-sintio\/#primaryimage"},"datePublished":"2026-08-31T01:44:09+00:00","dateModified":"2026-08-31T01:44:09+00:00","breadcrumb":{"@id":"https:\/\/soledaddurazo.com\/blog\/2026\/08\/30\/regreso-a-clases-no-solo-preguntes-como-te-fue-tambien-pregunta-como-se-sintio\/#breadcrumb"},"inLanguage":"es","potentialAction":[{"@type":"ReadAction","target":["https:\/\/soledaddurazo.com\/blog\/2026\/08\/30\/regreso-a-clases-no-solo-preguntes-como-te-fue-tambien-pregunta-como-se-sintio\/"]}]},{"@type":"BreadcrumbList","@id":"https:\/\/soledaddurazo.com\/blog\/2026\/08\/30\/regreso-a-clases-no-solo-preguntes-como-te-fue-tambien-pregunta-como-se-sintio\/#breadcrumb","itemListElement":[{"@type":"ListItem","position":1,"name":"Home","item":"https:\/\/soledaddurazo.com\/"},{"@type":"ListItem","position":2,"name":"Regreso a clases: no solo preguntes \u201c\u00bfc\u00f3mo te fue?\u201d, tambi\u00e9n pregunta c\u00f3mo se sinti\u00f3"}]},{"@type":"Article","@id":"https:\/\/soledaddurazo.com\/blog\/2026\/08\/30\/regreso-a-clases-no-solo-preguntes-como-te-fue-tambien-pregunta-como-se-sintio\/#article","isPartOf":{"@id":"https:\/\/soledaddurazo.com\/blog\/2026\/08\/30\/regreso-a-clases-no-solo-preguntes-como-te-fue-tambien-pregunta-como-se-sintio\/#webpage"},"author":{"@id":"https:\/\/soledaddurazo.com\/#\/schema\/person\/822d8e13aa288585e6546f179853758b"},"headline":"Regreso a clases: no solo preguntes \u201c\u00bfc\u00f3mo te fue?\u201d, tambi\u00e9n pregunta c\u00f3mo se sinti\u00f3","datePublished":"2026-08-31T01:44:09+00:00","dateModified":"2026-08-31T01:44:09+00:00","mainEntityOfPage":{"@id":"https:\/\/soledaddurazo.com\/blog\/2026\/08\/30\/regreso-a-clases-no-solo-preguntes-como-te-fue-tambien-pregunta-como-se-sintio\/#webpage"},"wordCount":468,"commentCount":0,"publisher":{"@id":"https:\/\/soledaddurazo.com\/#organization"},"image":{"@id":"https:\/\/soledaddurazo.com\/blog\/2026\/08\/30\/regreso-a-clases-no-solo-preguntes-como-te-fue-tambien-pregunta-como-se-sintio\/#primaryimage"},"thumbnailUrl":"https:\/\/soledaddurazo.com\/storage\/2026\/08\/adhd-back-to-school.jpg_2D00_680x320x2.jpg","articleSection":["principal"],"inLanguage":"es","potentialAction":[{"@type":"CommentAction","name":"Comment","target":["https:\/\/soledaddurazo.com\/blog\/2026\/08\/30\/regreso-a-clases-no-solo-preguntes-como-te-fue-tambien-pregunta-como-se-sintio\/#respond"]}]},{"@type":"Person","@id":"https:\/\/soledaddurazo.com\/#\/schema\/person\/822d8e13aa288585e6546f179853758b","name":"Redacci\u00f3n","image":{"@type":"ImageObject","@id":"https:\/\/soledaddurazo.com\/#personlogo","inLanguage":"es","url":"https:\/\/secure.gravatar.com\/avatar\/c4e193752f756fd61f04deebed3a3a20dc188d37edb53682d313ac57f2725d54?s=96&d=mm&r=g","contentUrl":"https:\/\/secure.gravatar.com\/avatar\/c4e193752f756fd61f04deebed3a3a20dc188d37edb53682d313ac57f2725d54?s=96&d=mm&r=g","caption":"Redacci\u00f3n"},"sameAs":["https:\/\/soledaddurazo.com"]}]}},"_links":{"self":[{"href":"https:\/\/soledaddurazo.com\/api\/wp\/v2\/posts\/27359","targetHints":{"allow":["GET"]}}],"collection":[{"href":"https:\/\/soledaddurazo.com\/api\/wp\/v2\/posts"}],"about":[{"href":"https:\/\/soledaddurazo.com\/api\/wp\/v2\/types\/post"}],"author":[{"embeddable":true,"href":"https:\/\/soledaddurazo.com\/api\/wp\/v2\/users\/1"}],"replies":[{"embeddable":true,"href":"https:\/\/soledaddurazo.com\/api\/wp\/v2\/comments?post=27359"}],"version-history":[{"count":1,"href":"https:\/\/soledaddurazo.com\/api\/wp\/v2\/posts\/27359\/revisions"}],"predecessor-version":[{"id":27361,"href":"https:\/\/soledaddurazo.com\/api\/wp\/v2\/posts\/27359\/revisions\/27361"}],"wp:featuredmedia":[{"embeddable":true,"href":"https:\/\/soledaddurazo.com\/api\/wp\/v2\/media\/27360"}],"wp:attachment":[{"href":"https:\/\/soledaddurazo.com\/api\/wp\/v2\/media?parent=27359"}],"wp:term":[{"taxonomy":"category","embeddable":true,"href":"https:\/\/soledaddurazo.com\/api\/wp\/v2\/categories?post=27359"},{"taxonomy":"post_tag","embeddable":true,"href":"https:\/\/soledaddurazo.com\/api\/wp\/v2\/tags?post=27359"}],"curies":[{"name":"wp","href":"https:\/\/api.w.org\/{rel}","templated":true}]}}