{"id":27346,"date":"2026-08-30T18:12:37","date_gmt":"2026-08-31T01:12:37","guid":{"rendered":"https:\/\/soledaddurazo.com\/?p=27346"},"modified":"2026-08-30T18:12:37","modified_gmt":"2026-08-31T01:12:37","slug":"sismos-recientes-no-son-una-cadena-de-terremotos-pero-recuerdan-que-sonora-tambien-es-zona-sismica","status":"publish","type":"post","link":"https:\/\/soledaddurazo.com\/blog\/2026\/08\/30\/sismos-recientes-no-son-una-cadena-de-terremotos-pero-recuerdan-que-sonora-tambien-es-zona-sismica\/","title":{"rendered":"Sismos recientes no son una cadena de terremotos, pero recuerdan que Sonora tambi\u00e9n es zona s\u00edsmica"},"content":{"rendered":"<p>Los terremotos registrados durante las \u00faltimas semanas en distintos puntos del mundo han encendido las alertas y, en M\u00e9xico, la cercan\u00eda de septiembre vuelve a poner sobre la mesa el recuerdo de los grandes sismos que han marcado al pa\u00eds. Sin embargo, la coincidencia de varios movimientos fuertes en poco tiempo no significa que exista una relaci\u00f3n directa entre ellos.<\/p>\n<p>&nbsp;<\/p>\n<p>El ge\u00f3logo Thierry Calmus, jefe de la Estaci\u00f3n Regional del Noroeste del Instituto de Geolog\u00eda de la UNAM, explic\u00f3 que los sismos ocurridos recientemente en pa\u00edses como Colombia, Per\u00fa, Venezuela e Indonesia forman parte de la din\u00e1mica natural de las placas tect\u00f3nicas y, aunque pueden presentarse en periodos cercanos, generalmente se originan en fallas diferentes.<\/p>\n<p>&nbsp;<\/p>\n<p>\u201cEst\u00e1 pasando lo que est\u00e1 pasando desde hace millones de a\u00f1os\u201d, se\u00f1al\u00f3, al explicar que la superficie terrestre est\u00e1 dividida en grandes placas que se encuentran en constante movimiento. Cuando estas interact\u00faan, la fricci\u00f3n puede provocar rupturas que liberan grandes cantidades de energ\u00eda y generan las ondas s\u00edsmicas.<\/p>\n<p>&nbsp;<\/p>\n<p>El especialista consider\u00f3 que m\u00e1s que buscar una conexi\u00f3n entre los terremotos recientes, estos acontecimientos deber\u00edan servir para recordar la importancia de la prevenci\u00f3n. Un sismo puede convertirse en una tragedia no solamente por su magnitud, sino tambi\u00e9n por las condiciones de las construcciones y el nivel de preparaci\u00f3n de las comunidades.<\/p>\n<p>&nbsp;<\/p>\n<p>En ese sentido, destac\u00f3 la necesidad de que las autoridades consideren criterios de resistencia s\u00edsmica al planear y construir infraestructura, particularmente en las regiones donde existe actividad tect\u00f3nica.<\/p>\n<p>&nbsp;<\/p>\n<p><strong>Sonora tambi\u00e9n tiene zonas s\u00edsmicas activas<\/strong><\/p>\n<p>&nbsp;<\/p>\n<p>Aunque Sonora no suele relacionarse con grandes terremotos, el estado cuenta con dos regiones donde existe actividad s\u00edsmica importante.<\/p>\n<p>&nbsp;<\/p>\n<p>Una de ellas se encuentra en el Golfo de California, donde se localizan fallas que forman parte del l\u00edmite entre las placas del Pac\u00edfico y Norteam\u00e9rica. La otra est\u00e1 en el noreste de Sonora, particularmente en la zona serrana de Bavispe, Oquitoa y Bacad\u00e9huachi.<\/p>\n<p>&nbsp;<\/p>\n<p>El antecedente m\u00e1s conocido en esta regi\u00f3n ocurri\u00f3 en 1887, cuando un terremoto de aproximadamente magnitud 7.3 a 7.4 provoc\u00f3 importantes da\u00f1os en localidades como Granados, Moctezuma y Bacad\u00e9huachi, donde incluso se registr\u00f3 el colapso de parte del campanario de una iglesia.<\/p>\n<p>&nbsp;<\/p>\n<p>El ge\u00f3logo record\u00f3 adem\u00e1s que el pasado 16 de agosto se registr\u00f3 un movimiento en el valle de San Bernab\u00e9, un evento de poca magnitud, pero que confirma que se trata de una zona con actividad s\u00edsmica.<\/p>\n<p>&nbsp;<\/p>\n<p>Por ello, recomend\u00f3 no asumir que las viviendas peque\u00f1as o construcciones particulares est\u00e1n exentas de riesgo y considerar tambi\u00e9n criterios adecuados de construcci\u00f3n en las regiones donde pueden presentarse movimientos del terreno.<\/p>\n<p>&nbsp;<\/p>\n<p><strong>\u00bfPuede saberse cu\u00e1ndo ocurrir\u00e1 un gran sismo?<\/strong><\/p>\n<p>&nbsp;<\/p>\n<p>La ciencia todav\u00eda no permite se\u00f1alar con exactitud el d\u00eda y la hora en que ocurrir\u00e1 un terremoto, pero s\u00ed puede estudiar el comportamiento hist\u00f3rico de las fallas y establecer probabilidades.<\/p>\n<p>&nbsp;<\/p>\n<p>De acuerdo con el especialista, al analizar los registros hist\u00f3ricos de movimientos s\u00edsmicos superiores a magnitud 7 en el Golfo de California y el valle de Mexicali, se observa un promedio aproximado de un evento de esta magnitud cada 15 a\u00f1os, aunque el intervalo real puede ser mucho mayor o menor.<\/p>\n<p>&nbsp;<\/p>\n<p>El \u00faltimo terremoto de gran magnitud en esa regi\u00f3n ocurri\u00f3 en abril de 2010, en la sierra de Cucapah, cerca de Mexicali.<\/p>\n<p>&nbsp;<\/p>\n<p>Para Sonora, el mensaje, m\u00e1s que de alarma, es de prevenci\u00f3n: los sismos forman parte de la din\u00e1mica permanente del planeta y continuar\u00e1n ocurriendo. Lo que s\u00ed puede modificarse es la capacidad de las comunidades y las construcciones para enfrentar sus efectos.<\/p>\n","protected":false},"excerpt":{"rendered":"<p>Los terremotos registrados durante las \u00faltimas semanas en distintos puntos del mundo han encendido las alertas y, en M\u00e9xico, la cercan\u00eda de septiembre vuelve a poner sobre la mesa el recuerdo de los grandes sismos que han marcado al pa\u00eds. Sin embargo, la coincidencia de varios movimientos fuertes en poco tiempo no significa que exista [&hellip;]<\/p>\n","protected":false},"author":1,"featured_media":25818,"comment_status":"open","ping_status":"open","sticky":false,"template":"","format":"standard","meta":{"footnotes":""},"categories":[162],"tags":[],"class_list":["post"],"yoast_head":" \n<title>Sismos recientes no son una cadena de terremotos, pero recuerdan que Sonora tambi\u00e9n es zona s\u00edsmica - Periodista SoledadDurazo.com<\/title>\n<meta name=\"robots\" content=\"index, follow, max-snippet:-1, max-image-preview:large, max-video-preview:-1\" \/>\n<link rel=\"canonical\" href=\"https:\/\/soledaddurazo.com\/blog\/2026\/08\/30\/sismos-recientes-no-son-una-cadena-de-terremotos-pero-recuerdan-que-sonora-tambien-es-zona-sismica\/\" \/>\n<meta property=\"og:locale\" content=\"es_MX\" \/>\n<meta property=\"og:type\" content=\"article\" \/>\n<meta property=\"og:title\" content=\"Sismos recientes no son una cadena de terremotos, pero recuerdan que Sonora tambi\u00e9n es zona s\u00edsmica\" \/>\n<meta property=\"og:description\" content=\"Los terremotos registrados durante las \u00faltimas semanas en distintos puntos del mundo han encendido las alertas y, en M\u00e9xico, la cercan\u00eda de septiembre vuelve a poner sobre la mesa el recuerdo de los grandes sismos que han marcado al pa\u00eds. Sin embargo, la coincidencia de varios movimientos fuertes en poco tiempo no significa que exista [&hellip;]\" \/>\n<meta property=\"og:url\" content=\"https:\/\/soledaddurazo.com\/blog\/2026\/08\/30\/sismos-recientes-no-son-una-cadena-de-terremotos-pero-recuerdan-que-sonora-tambien-es-zona-sismica\/\" \/>\n<meta property=\"og:site_name\" content=\"Periodista SoledadDurazo.com\" \/>\n<meta property=\"article:publisher\" content=\"https:\/\/www.facebook.com\/soledad.durazo.9\/\" \/>\n<meta property=\"article:published_time\" content=\"2026-08-31T01:12:37+00:00\" \/>\n<meta property=\"og:image\" content=\"https:\/\/soledaddurazo.com\/storage\/2026\/06\/2cf731db-d233-4d85-ad9f-14d5a64d55c5.jpg\" \/>\n\t<meta property=\"og:image:width\" content=\"1027\" \/>\n\t<meta property=\"og:image:height\" content=\"1087\" \/>\n<meta name=\"twitter:card\" content=\"summary_large_image\" \/>\n<meta name=\"twitter:creator\" content=\"@SoledadDurazo\" \/>\n<meta name=\"twitter:site\" content=\"@SoledadDurazo\" \/>\n<meta name=\"twitter:label1\" content=\"Escrito por\" \/>\n\t<meta name=\"twitter:data1\" content=\"Redacci\u00f3n\" \/>\n\t<meta name=\"twitter:label2\" content=\"Tiempo de lectura\" \/>\n\t<meta name=\"twitter:data2\" content=\"3 minutos\" \/>\n<script type=\"application\/ld+json\" class=\"yoast-schema-graph\">{\"@context\":\"https:\/\/schema.org\",\"@graph\":[{\"@type\":\"Organization\",\"@id\":\"https:\/\/soledaddurazo.com\/#organization\",\"name\":\"Soledad Durazo\",\"url\":\"https:\/\/soledaddurazo.com\/\",\"sameAs\":[\"https:\/\/www.facebook.com\/soledad.durazo.9\/\",\"https:\/\/www.instagram.com\/soledaddurazo\",\"https:\/\/www.youtube.com\/channel\/UC9yGPw8-Vbl_B2XNkRwPS-w\",\"https:\/\/twitter.com\/SoledadDurazo\"],\"logo\":{\"@type\":\"ImageObject\",\"@id\":\"https:\/\/soledaddurazo.com\/#logo\",\"inLanguage\":\"es\",\"url\":\"https:\/\/soledaddurazo.com\/storage\/2021\/11\/nllp-720x375-1-2.png\",\"contentUrl\":\"https:\/\/soledaddurazo.com\/storage\/2021\/11\/nllp-720x375-1-2.png\",\"width\":720,\"height\":375,\"caption\":\"Soledad Durazo\"},\"image\":{\"@id\":\"https:\/\/soledaddurazo.com\/#logo\"}},{\"@type\":\"WebSite\",\"@id\":\"https:\/\/soledaddurazo.com\/#website\",\"url\":\"https:\/\/soledaddurazo.com\/\",\"name\":\"Periodista SoledadDurazo.com\",\"description\":\"Periodista sonorense. Directora de www.SoledadDurazo.com Columnista, conductora de radio y Tv. Catedr\\u00e1tica en la UNISON\",\"publisher\":{\"@id\":\"https:\/\/soledaddurazo.com\/#organization\"},\"potentialAction\":[{\"@type\":\"SearchAction\",\"target\":{\"@type\":\"EntryPoint\",\"urlTemplate\":\"https:\/\/soledaddurazo.com\/?s={search_term_string}\"},\"query-input\":\"required name=search_term_string\"}],\"inLanguage\":\"es\"},{\"@type\":\"ImageObject\",\"@id\":\"https:\/\/soledaddurazo.com\/blog\/2026\/08\/30\/sismos-recientes-no-son-una-cadena-de-terremotos-pero-recuerdan-que-sonora-tambien-es-zona-sismica\/#primaryimage\",\"inLanguage\":\"es\",\"url\":\"https:\/\/soledaddurazo.com\/storage\/2026\/06\/2cf731db-d233-4d85-ad9f-14d5a64d55c5.jpg\",\"contentUrl\":\"https:\/\/soledaddurazo.com\/storage\/2026\/06\/2cf731db-d233-4d85-ad9f-14d5a64d55c5.jpg\",\"width\":1027,\"height\":1087},{\"@type\":\"WebPage\",\"@id\":\"https:\/\/soledaddurazo.com\/blog\/2026\/08\/30\/sismos-recientes-no-son-una-cadena-de-terremotos-pero-recuerdan-que-sonora-tambien-es-zona-sismica\/#webpage\",\"url\":\"https:\/\/soledaddurazo.com\/blog\/2026\/08\/30\/sismos-recientes-no-son-una-cadena-de-terremotos-pero-recuerdan-que-sonora-tambien-es-zona-sismica\/\",\"name\":\"Sismos recientes no son una cadena de terremotos, pero recuerdan que Sonora tambi\\u00e9n es zona s\\u00edsmica - Periodista SoledadDurazo.com\",\"isPartOf\":{\"@id\":\"https:\/\/soledaddurazo.com\/#website\"},\"primaryImageOfPage\":{\"@id\":\"https:\/\/soledaddurazo.com\/blog\/2026\/08\/30\/sismos-recientes-no-son-una-cadena-de-terremotos-pero-recuerdan-que-sonora-tambien-es-zona-sismica\/#primaryimage\"},\"datePublished\":\"2026-08-31T01:12:37+00:00\",\"dateModified\":\"2026-08-31T01:12:37+00:00\",\"breadcrumb\":{\"@id\":\"https:\/\/soledaddurazo.com\/blog\/2026\/08\/30\/sismos-recientes-no-son-una-cadena-de-terremotos-pero-recuerdan-que-sonora-tambien-es-zona-sismica\/#breadcrumb\"},\"inLanguage\":\"es\",\"potentialAction\":[{\"@type\":\"ReadAction\",\"target\":[\"https:\/\/soledaddurazo.com\/blog\/2026\/08\/30\/sismos-recientes-no-son-una-cadena-de-terremotos-pero-recuerdan-que-sonora-tambien-es-zona-sismica\/\"]}]},{\"@type\":\"BreadcrumbList\",\"@id\":\"https:\/\/soledaddurazo.com\/blog\/2026\/08\/30\/sismos-recientes-no-son-una-cadena-de-terremotos-pero-recuerdan-que-sonora-tambien-es-zona-sismica\/#breadcrumb\",\"itemListElement\":[{\"@type\":\"ListItem\",\"position\":1,\"name\":\"Home\",\"item\":\"https:\/\/soledaddurazo.com\/\"},{\"@type\":\"ListItem\",\"position\":2,\"name\":\"Sismos recientes no son una cadena de terremotos, pero recuerdan que Sonora tambi\\u00e9n es zona s\\u00edsmica\"}]},{\"@type\":\"Article\",\"@id\":\"https:\/\/soledaddurazo.com\/blog\/2026\/08\/30\/sismos-recientes-no-son-una-cadena-de-terremotos-pero-recuerdan-que-sonora-tambien-es-zona-sismica\/#article\",\"isPartOf\":{\"@id\":\"https:\/\/soledaddurazo.com\/blog\/2026\/08\/30\/sismos-recientes-no-son-una-cadena-de-terremotos-pero-recuerdan-que-sonora-tambien-es-zona-sismica\/#webpage\"},\"author\":{\"@id\":\"https:\/\/soledaddurazo.com\/#\/schema\/person\/822d8e13aa288585e6546f179853758b\"},\"headline\":\"Sismos recientes no son una cadena de terremotos, pero recuerdan que Sonora tambi\\u00e9n es zona s\\u00edsmica\",\"datePublished\":\"2026-08-31T01:12:37+00:00\",\"dateModified\":\"2026-08-31T01:12:37+00:00\",\"mainEntityOfPage\":{\"@id\":\"https:\/\/soledaddurazo.com\/blog\/2026\/08\/30\/sismos-recientes-no-son-una-cadena-de-terremotos-pero-recuerdan-que-sonora-tambien-es-zona-sismica\/#webpage\"},\"wordCount\":657,\"commentCount\":0,\"publisher\":{\"@id\":\"https:\/\/soledaddurazo.com\/#organization\"},\"image\":{\"@id\":\"https:\/\/soledaddurazo.com\/blog\/2026\/08\/30\/sismos-recientes-no-son-una-cadena-de-terremotos-pero-recuerdan-que-sonora-tambien-es-zona-sismica\/#primaryimage\"},\"thumbnailUrl\":\"https:\/\/soledaddurazo.com\/storage\/2026\/06\/2cf731db-d233-4d85-ad9f-14d5a64d55c5.jpg\",\"articleSection\":[\"Lo digo como es\"],\"inLanguage\":\"es\",\"potentialAction\":[{\"@type\":\"CommentAction\",\"name\":\"Comment\",\"target\":[\"https:\/\/soledaddurazo.com\/blog\/2026\/08\/30\/sismos-recientes-no-son-una-cadena-de-terremotos-pero-recuerdan-que-sonora-tambien-es-zona-sismica\/#respond\"]}]},{\"@type\":\"Person\",\"@id\":\"https:\/\/soledaddurazo.com\/#\/schema\/person\/822d8e13aa288585e6546f179853758b\",\"name\":\"Redacci\\u00f3n\",\"image\":{\"@type\":\"ImageObject\",\"@id\":\"https:\/\/soledaddurazo.com\/#personlogo\",\"inLanguage\":\"es\",\"url\":\"https:\/\/secure.gravatar.com\/avatar\/c4e193752f756fd61f04deebed3a3a20dc188d37edb53682d313ac57f2725d54?s=96&d=mm&r=g\",\"contentUrl\":\"https:\/\/secure.gravatar.com\/avatar\/c4e193752f756fd61f04deebed3a3a20dc188d37edb53682d313ac57f2725d54?s=96&d=mm&r=g\",\"caption\":\"Redacci\\u00f3n\"},\"sameAs\":[\"https:\/\/soledaddurazo.com\"]}]}<\/script>\n ","yoast_head_json":{"title":"Sismos recientes no son una cadena de terremotos, pero recuerdan que Sonora tambi\u00e9n es zona s\u00edsmica - Periodista SoledadDurazo.com","robots":{"index":"index","follow":"follow","max-snippet":"max-snippet:-1","max-image-preview":"max-image-preview:large","max-video-preview":"max-video-preview:-1"},"canonical":"https:\/\/soledaddurazo.com\/blog\/2026\/08\/30\/sismos-recientes-no-son-una-cadena-de-terremotos-pero-recuerdan-que-sonora-tambien-es-zona-sismica\/","og_locale":"es_MX","og_type":"article","og_title":"Sismos recientes no son una cadena de terremotos, pero recuerdan que Sonora tambi\u00e9n es zona s\u00edsmica","og_description":"Los terremotos registrados durante las \u00faltimas semanas en distintos puntos del mundo han encendido las alertas y, en M\u00e9xico, la cercan\u00eda de septiembre vuelve a poner sobre la mesa el recuerdo de los grandes sismos que han marcado al pa\u00eds. Sin embargo, la coincidencia de varios movimientos fuertes en poco tiempo no significa que exista [&hellip;]","og_url":"https:\/\/soledaddurazo.com\/blog\/2026\/08\/30\/sismos-recientes-no-son-una-cadena-de-terremotos-pero-recuerdan-que-sonora-tambien-es-zona-sismica\/","og_site_name":"Periodista SoledadDurazo.com","article_publisher":"https:\/\/www.facebook.com\/soledad.durazo.9\/","article_published_time":"2026-08-31T01:12:37+00:00","og_image":[{"width":1027,"height":1087,"url":"https:\/\/soledaddurazo.com\/storage\/2026\/06\/2cf731db-d233-4d85-ad9f-14d5a64d55c5.jpg","type":"image\/jpeg"}],"twitter_card":"summary_large_image","twitter_creator":"@SoledadDurazo","twitter_site":"@SoledadDurazo","twitter_misc":{"Escrito por":"Redacci\u00f3n","Tiempo de lectura":"3 minutos"},"schema":{"@context":"https:\/\/schema.org","@graph":[{"@type":"Organization","@id":"https:\/\/soledaddurazo.com\/#organization","name":"Soledad Durazo","url":"https:\/\/soledaddurazo.com\/","sameAs":["https:\/\/www.facebook.com\/soledad.durazo.9\/","https:\/\/www.instagram.com\/soledaddurazo","https:\/\/www.youtube.com\/channel\/UC9yGPw8-Vbl_B2XNkRwPS-w","https:\/\/twitter.com\/SoledadDurazo"],"logo":{"@type":"ImageObject","@id":"https:\/\/soledaddurazo.com\/#logo","inLanguage":"es","url":"https:\/\/soledaddurazo.com\/storage\/2021\/11\/nllp-720x375-1-2.png","contentUrl":"https:\/\/soledaddurazo.com\/storage\/2021\/11\/nllp-720x375-1-2.png","width":720,"height":375,"caption":"Soledad Durazo"},"image":{"@id":"https:\/\/soledaddurazo.com\/#logo"}},{"@type":"WebSite","@id":"https:\/\/soledaddurazo.com\/#website","url":"https:\/\/soledaddurazo.com\/","name":"Periodista SoledadDurazo.com","description":"Periodista sonorense. Directora de www.SoledadDurazo.com Columnista, conductora de radio y Tv. Catedr\u00e1tica en la UNISON","publisher":{"@id":"https:\/\/soledaddurazo.com\/#organization"},"potentialAction":[{"@type":"SearchAction","target":{"@type":"EntryPoint","urlTemplate":"https:\/\/soledaddurazo.com\/?s={search_term_string}"},"query-input":"required name=search_term_string"}],"inLanguage":"es"},{"@type":"ImageObject","@id":"https:\/\/soledaddurazo.com\/blog\/2026\/08\/30\/sismos-recientes-no-son-una-cadena-de-terremotos-pero-recuerdan-que-sonora-tambien-es-zona-sismica\/#primaryimage","inLanguage":"es","url":"https:\/\/soledaddurazo.com\/storage\/2026\/06\/2cf731db-d233-4d85-ad9f-14d5a64d55c5.jpg","contentUrl":"https:\/\/soledaddurazo.com\/storage\/2026\/06\/2cf731db-d233-4d85-ad9f-14d5a64d55c5.jpg","width":1027,"height":1087},{"@type":"WebPage","@id":"https:\/\/soledaddurazo.com\/blog\/2026\/08\/30\/sismos-recientes-no-son-una-cadena-de-terremotos-pero-recuerdan-que-sonora-tambien-es-zona-sismica\/#webpage","url":"https:\/\/soledaddurazo.com\/blog\/2026\/08\/30\/sismos-recientes-no-son-una-cadena-de-terremotos-pero-recuerdan-que-sonora-tambien-es-zona-sismica\/","name":"Sismos recientes no son una cadena de terremotos, pero recuerdan que Sonora tambi\u00e9n es zona s\u00edsmica - Periodista SoledadDurazo.com","isPartOf":{"@id":"https:\/\/soledaddurazo.com\/#website"},"primaryImageOfPage":{"@id":"https:\/\/soledaddurazo.com\/blog\/2026\/08\/30\/sismos-recientes-no-son-una-cadena-de-terremotos-pero-recuerdan-que-sonora-tambien-es-zona-sismica\/#primaryimage"},"datePublished":"2026-08-31T01:12:37+00:00","dateModified":"2026-08-31T01:12:37+00:00","breadcrumb":{"@id":"https:\/\/soledaddurazo.com\/blog\/2026\/08\/30\/sismos-recientes-no-son-una-cadena-de-terremotos-pero-recuerdan-que-sonora-tambien-es-zona-sismica\/#breadcrumb"},"inLanguage":"es","potentialAction":[{"@type":"ReadAction","target":["https:\/\/soledaddurazo.com\/blog\/2026\/08\/30\/sismos-recientes-no-son-una-cadena-de-terremotos-pero-recuerdan-que-sonora-tambien-es-zona-sismica\/"]}]},{"@type":"BreadcrumbList","@id":"https:\/\/soledaddurazo.com\/blog\/2026\/08\/30\/sismos-recientes-no-son-una-cadena-de-terremotos-pero-recuerdan-que-sonora-tambien-es-zona-sismica\/#breadcrumb","itemListElement":[{"@type":"ListItem","position":1,"name":"Home","item":"https:\/\/soledaddurazo.com\/"},{"@type":"ListItem","position":2,"name":"Sismos recientes no son una cadena de terremotos, pero recuerdan que Sonora tambi\u00e9n es zona s\u00edsmica"}]},{"@type":"Article","@id":"https:\/\/soledaddurazo.com\/blog\/2026\/08\/30\/sismos-recientes-no-son-una-cadena-de-terremotos-pero-recuerdan-que-sonora-tambien-es-zona-sismica\/#article","isPartOf":{"@id":"https:\/\/soledaddurazo.com\/blog\/2026\/08\/30\/sismos-recientes-no-son-una-cadena-de-terremotos-pero-recuerdan-que-sonora-tambien-es-zona-sismica\/#webpage"},"author":{"@id":"https:\/\/soledaddurazo.com\/#\/schema\/person\/822d8e13aa288585e6546f179853758b"},"headline":"Sismos recientes no son una cadena de terremotos, pero recuerdan que Sonora tambi\u00e9n es zona s\u00edsmica","datePublished":"2026-08-31T01:12:37+00:00","dateModified":"2026-08-31T01:12:37+00:00","mainEntityOfPage":{"@id":"https:\/\/soledaddurazo.com\/blog\/2026\/08\/30\/sismos-recientes-no-son-una-cadena-de-terremotos-pero-recuerdan-que-sonora-tambien-es-zona-sismica\/#webpage"},"wordCount":657,"commentCount":0,"publisher":{"@id":"https:\/\/soledaddurazo.com\/#organization"},"image":{"@id":"https:\/\/soledaddurazo.com\/blog\/2026\/08\/30\/sismos-recientes-no-son-una-cadena-de-terremotos-pero-recuerdan-que-sonora-tambien-es-zona-sismica\/#primaryimage"},"thumbnailUrl":"https:\/\/soledaddurazo.com\/storage\/2026\/06\/2cf731db-d233-4d85-ad9f-14d5a64d55c5.jpg","articleSection":["Lo digo como es"],"inLanguage":"es","potentialAction":[{"@type":"CommentAction","name":"Comment","target":["https:\/\/soledaddurazo.com\/blog\/2026\/08\/30\/sismos-recientes-no-son-una-cadena-de-terremotos-pero-recuerdan-que-sonora-tambien-es-zona-sismica\/#respond"]}]},{"@type":"Person","@id":"https:\/\/soledaddurazo.com\/#\/schema\/person\/822d8e13aa288585e6546f179853758b","name":"Redacci\u00f3n","image":{"@type":"ImageObject","@id":"https:\/\/soledaddurazo.com\/#personlogo","inLanguage":"es","url":"https:\/\/secure.gravatar.com\/avatar\/c4e193752f756fd61f04deebed3a3a20dc188d37edb53682d313ac57f2725d54?s=96&d=mm&r=g","contentUrl":"https:\/\/secure.gravatar.com\/avatar\/c4e193752f756fd61f04deebed3a3a20dc188d37edb53682d313ac57f2725d54?s=96&d=mm&r=g","caption":"Redacci\u00f3n"},"sameAs":["https:\/\/soledaddurazo.com"]}]}},"_links":{"self":[{"href":"https:\/\/soledaddurazo.com\/api\/wp\/v2\/posts\/27346","targetHints":{"allow":["GET"]}}],"collection":[{"href":"https:\/\/soledaddurazo.com\/api\/wp\/v2\/posts"}],"about":[{"href":"https:\/\/soledaddurazo.com\/api\/wp\/v2\/types\/post"}],"author":[{"embeddable":true,"href":"https:\/\/soledaddurazo.com\/api\/wp\/v2\/users\/1"}],"replies":[{"embeddable":true,"href":"https:\/\/soledaddurazo.com\/api\/wp\/v2\/comments?post=27346"}],"version-history":[{"count":1,"href":"https:\/\/soledaddurazo.com\/api\/wp\/v2\/posts\/27346\/revisions"}],"predecessor-version":[{"id":27347,"href":"https:\/\/soledaddurazo.com\/api\/wp\/v2\/posts\/27346\/revisions\/27347"}],"wp:featuredmedia":[{"embeddable":true,"href":"https:\/\/soledaddurazo.com\/api\/wp\/v2\/media\/25818"}],"wp:attachment":[{"href":"https:\/\/soledaddurazo.com\/api\/wp\/v2\/media?parent=27346"}],"wp:term":[{"taxonomy":"category","embeddable":true,"href":"https:\/\/soledaddurazo.com\/api\/wp\/v2\/categories?post=27346"},{"taxonomy":"post_tag","embeddable":true,"href":"https:\/\/soledaddurazo.com\/api\/wp\/v2\/tags?post=27346"}],"curies":[{"name":"wp","href":"https:\/\/api.w.org\/{rel}","templated":true}]}}