{"id":25079,"date":"2026-05-01T17:46:14","date_gmt":"2026-05-02T00:46:14","guid":{"rendered":"https:\/\/soledaddurazo.com\/?p=25079"},"modified":"2026-05-01T17:46:14","modified_gmt":"2026-05-02T00:46:14","slug":"notitas-del-dia-2","status":"publish","type":"post","link":"https:\/\/soledaddurazo.com\/blog\/2026\/05\/01\/notitas-del-dia-2\/","title":{"rendered":"Notitas del D\u00eda"},"content":{"rendered":"<p><strong>Ajustes en Econom\u00eda ante revisi\u00f3n del T-MEC<\/strong><\/p>\n<p>Ciudad de M\u00e9xico, 1 de mayo de 2026.\u2013 En v\u00edsperas de la revisi\u00f3n del Tratado entre M\u00e9xico, Estados Unidos y Canad\u00e1 (T-MEC), el Gobierno federal realiz\u00f3 cambios estrat\u00e9gicos en la Secretar\u00eda de Econom\u00eda, con el objetivo de fortalecer su posici\u00f3n ante el proceso de evaluaci\u00f3n del acuerdo comercial.<br \/>\nLos movimientos ocurren en un contexto de desaceleraci\u00f3n econ\u00f3mica, luego de que se reportara una contracci\u00f3n durante el primer trimestre del a\u00f1o. Analistas advierten que la revisi\u00f3n del tratado ser\u00e1 clave para definir el rumbo del comercio exterior del pa\u00eds en los pr\u00f3ximos a\u00f1os.<\/p>\n<p>&nbsp;<\/p>\n<p><strong>Peso fuerte impacta a familias que reciben remesas<\/strong><\/p>\n<p>Ciudad de M\u00e9xico, 1 de mayo de 2026.\u2013 El peso mexicano mantiene su fortaleza frente al d\u00f3lar, cotiz\u00e1ndose alrededor de las 17 unidades, lo que ha sido calificado como un escenario positivo para la estabilidad econ\u00f3mica nacional.<br \/>\nSin embargo, este comportamiento ha generado un efecto negativo para las familias que dependen de remesas, ya que reciben menos pesos por cada env\u00edo desde el extranjero, reduciendo su poder adquisitivo.<\/p>\n<p>&nbsp;<\/p>\n<p><strong>Trabajadores se movilizan en el D\u00eda del Trabajo<\/strong><\/p>\n<p>Hermosillo, Sonora; 1 de mayo de 2026.\u2013 En el marco del D\u00eda del Trabajo, contingentes de trabajadores salieron a las calles en distintas ciudades del pa\u00eds y de Sonora para conmemorar la fecha y exigir mejores condiciones laborales.<br \/>\nDurante las movilizaciones, sindicatos y colectivos reiteraron demandas como la reducci\u00f3n de la jornada laboral, aumentos salariales y el respeto a los derechos laborales, en un ambiente mayormente pac\u00edfico.<\/p>\n<p>&nbsp;<\/p>\n<p><strong>Aplican nuevo cambio vial en Hermosillo<\/strong><\/p>\n<p>Hermosillo, Sonora; 1 de mayo de 2026.\u2013 A partir de este d\u00eda, autoridades municipales implementaron la prohibici\u00f3n de vuelta a la izquierda en el cruce de los bulevares Vild\u00f3sola y Cultura, como parte de las acciones para mejorar la movilidad en la zona.<br \/>\nElementos de tr\u00e1nsito estar\u00e1n supervisando el \u00e1rea para orientar a los automovilistas, quienes deber\u00e1n utilizar retornos cercanos para incorporarse a la vialidad.<\/p>\n<p>&nbsp;<\/p>\n<p><strong>Pronostican altas temperaturas en Sonora<\/strong><\/p>\n<p>Hermosillo, Sonora; 1 de mayo de 2026.\u2013 Autoridades meteorol\u00f3gicas advirtieron sobre un incremento en las temperaturas para este fin de semana en Sonora, con m\u00e1ximas que podr\u00edan alcanzar los 35 grados cent\u00edgrados en varias regiones del estado.<br \/>\nSe recomienda a la poblaci\u00f3n mantenerse hidratada, evitar la exposici\u00f3n prolongada al sol y tomar precauciones ante el calor.<\/p>\n<p>&nbsp;<\/p>\n<p><strong>Accidente de autob\u00fas deja v\u00edctimas en Nayarit<\/strong><\/p>\n<p>Nayarit, M\u00e9xico; 1 de mayo de 2026.\u2013 Un accidente carretero registrado este viernes dej\u00f3 al menos siete personas sin vida y m\u00e1s de 25 lesionadas, luego de que un autob\u00fas de pasajeros se precipitara a un barranco.<br \/>\nEquipos de emergencia acudieron al lugar para rescatar a los sobrevivientes y trasladarlos a hospitales cercanos. Las autoridades ya investigan las causas del siniestro.<\/p>\n","protected":false},"excerpt":{"rendered":"<p>Ajustes en Econom\u00eda ante revisi\u00f3n del T-MEC Ciudad de M\u00e9xico, 1 de mayo de 2026.\u2013 En v\u00edsperas de la revisi\u00f3n del Tratado entre M\u00e9xico, Estados Unidos y Canad\u00e1 (T-MEC), el Gobierno federal realiz\u00f3 cambios estrat\u00e9gicos en la Secretar\u00eda de Econom\u00eda, con el objetivo de fortalecer su posici\u00f3n ante el proceso de evaluaci\u00f3n del acuerdo comercial. [&hellip;]<\/p>\n","protected":false},"author":1,"featured_media":24946,"comment_status":"open","ping_status":"open","sticky":false,"template":"","format":"standard","meta":{"footnotes":""},"categories":[153],"tags":[],"class_list":["post"],"yoast_head":" \n<title>Notitas del D\u00eda - Periodista SoledadDurazo.com<\/title>\n<meta name=\"robots\" content=\"index, follow, max-snippet:-1, max-image-preview:large, max-video-preview:-1\" \/>\n<link rel=\"canonical\" href=\"https:\/\/soledaddurazo.com\/blog\/2026\/05\/01\/notitas-del-dia-2\/\" \/>\n<meta property=\"og:locale\" content=\"es_MX\" \/>\n<meta property=\"og:type\" content=\"article\" \/>\n<meta property=\"og:title\" content=\"Notitas del D\u00eda\" \/>\n<meta property=\"og:description\" content=\"Ajustes en Econom\u00eda ante revisi\u00f3n del T-MEC Ciudad de M\u00e9xico, 1 de mayo de 2026.\u2013 En v\u00edsperas de la revisi\u00f3n del Tratado entre M\u00e9xico, Estados Unidos y Canad\u00e1 (T-MEC), el Gobierno federal realiz\u00f3 cambios estrat\u00e9gicos en la Secretar\u00eda de Econom\u00eda, con el objetivo de fortalecer su posici\u00f3n ante el proceso de evaluaci\u00f3n del acuerdo comercial. [&hellip;]\" \/>\n<meta property=\"og:url\" content=\"https:\/\/soledaddurazo.com\/blog\/2026\/05\/01\/notitas-del-dia-2\/\" \/>\n<meta property=\"og:site_name\" content=\"Periodista SoledadDurazo.com\" \/>\n<meta property=\"article:publisher\" content=\"https:\/\/www.facebook.com\/soledad.durazo.9\/\" \/>\n<meta property=\"article:published_time\" content=\"2026-05-02T00:46:14+00:00\" \/>\n<meta property=\"og:image\" content=\"https:\/\/soledaddurazo.com\/storage\/2026\/04\/notitas-red.jpg\" \/>\n\t<meta property=\"og:image:width\" content=\"1254\" \/>\n\t<meta property=\"og:image:height\" content=\"1254\" \/>\n<meta name=\"twitter:card\" content=\"summary_large_image\" \/>\n<meta name=\"twitter:creator\" content=\"@SoledadDurazo\" \/>\n<meta name=\"twitter:site\" content=\"@SoledadDurazo\" \/>\n<meta name=\"twitter:label1\" content=\"Escrito por\" \/>\n\t<meta name=\"twitter:data1\" content=\"Redacci\u00f3n\" \/>\n\t<meta name=\"twitter:label2\" content=\"Tiempo de lectura\" \/>\n\t<meta name=\"twitter:data2\" content=\"2 minutos\" \/>\n<script type=\"application\/ld+json\" class=\"yoast-schema-graph\">{\"@context\":\"https:\/\/schema.org\",\"@graph\":[{\"@type\":\"Organization\",\"@id\":\"https:\/\/soledaddurazo.com\/#organization\",\"name\":\"Soledad Durazo\",\"url\":\"https:\/\/soledaddurazo.com\/\",\"sameAs\":[\"https:\/\/www.facebook.com\/soledad.durazo.9\/\",\"https:\/\/www.instagram.com\/soledaddurazo\",\"https:\/\/www.youtube.com\/channel\/UC9yGPw8-Vbl_B2XNkRwPS-w\",\"https:\/\/twitter.com\/SoledadDurazo\"],\"logo\":{\"@type\":\"ImageObject\",\"@id\":\"https:\/\/soledaddurazo.com\/#logo\",\"inLanguage\":\"es\",\"url\":\"https:\/\/soledaddurazo.com\/storage\/2021\/11\/nllp-720x375-1-2.png\",\"contentUrl\":\"https:\/\/soledaddurazo.com\/storage\/2021\/11\/nllp-720x375-1-2.png\",\"width\":720,\"height\":375,\"caption\":\"Soledad Durazo\"},\"image\":{\"@id\":\"https:\/\/soledaddurazo.com\/#logo\"}},{\"@type\":\"WebSite\",\"@id\":\"https:\/\/soledaddurazo.com\/#website\",\"url\":\"https:\/\/soledaddurazo.com\/\",\"name\":\"Periodista SoledadDurazo.com\",\"description\":\"Periodista sonorense. Directora de www.SoledadDurazo.com Columnista, conductora de radio y Tv. Catedr\\u00e1tica en la UNISON\",\"publisher\":{\"@id\":\"https:\/\/soledaddurazo.com\/#organization\"},\"potentialAction\":[{\"@type\":\"SearchAction\",\"target\":{\"@type\":\"EntryPoint\",\"urlTemplate\":\"https:\/\/soledaddurazo.com\/?s={search_term_string}\"},\"query-input\":\"required name=search_term_string\"}],\"inLanguage\":\"es\"},{\"@type\":\"ImageObject\",\"@id\":\"https:\/\/soledaddurazo.com\/blog\/2026\/05\/01\/notitas-del-dia-2\/#primaryimage\",\"inLanguage\":\"es\",\"url\":\"https:\/\/soledaddurazo.com\/storage\/2026\/04\/notitas-red.jpg\",\"contentUrl\":\"https:\/\/soledaddurazo.com\/storage\/2026\/04\/notitas-red.jpg\",\"width\":1254,\"height\":1254},{\"@type\":\"WebPage\",\"@id\":\"https:\/\/soledaddurazo.com\/blog\/2026\/05\/01\/notitas-del-dia-2\/#webpage\",\"url\":\"https:\/\/soledaddurazo.com\/blog\/2026\/05\/01\/notitas-del-dia-2\/\",\"name\":\"Notitas del D\\u00eda - Periodista SoledadDurazo.com\",\"isPartOf\":{\"@id\":\"https:\/\/soledaddurazo.com\/#website\"},\"primaryImageOfPage\":{\"@id\":\"https:\/\/soledaddurazo.com\/blog\/2026\/05\/01\/notitas-del-dia-2\/#primaryimage\"},\"datePublished\":\"2026-05-02T00:46:14+00:00\",\"dateModified\":\"2026-05-02T00:46:14+00:00\",\"breadcrumb\":{\"@id\":\"https:\/\/soledaddurazo.com\/blog\/2026\/05\/01\/notitas-del-dia-2\/#breadcrumb\"},\"inLanguage\":\"es\",\"potentialAction\":[{\"@type\":\"ReadAction\",\"target\":[\"https:\/\/soledaddurazo.com\/blog\/2026\/05\/01\/notitas-del-dia-2\/\"]}]},{\"@type\":\"BreadcrumbList\",\"@id\":\"https:\/\/soledaddurazo.com\/blog\/2026\/05\/01\/notitas-del-dia-2\/#breadcrumb\",\"itemListElement\":[{\"@type\":\"ListItem\",\"position\":1,\"name\":\"Home\",\"item\":\"https:\/\/soledaddurazo.com\/\"},{\"@type\":\"ListItem\",\"position\":2,\"name\":\"Notitas del D\\u00eda\"}]},{\"@type\":\"Article\",\"@id\":\"https:\/\/soledaddurazo.com\/blog\/2026\/05\/01\/notitas-del-dia-2\/#article\",\"isPartOf\":{\"@id\":\"https:\/\/soledaddurazo.com\/blog\/2026\/05\/01\/notitas-del-dia-2\/#webpage\"},\"author\":{\"@id\":\"https:\/\/soledaddurazo.com\/#\/schema\/person\/822d8e13aa288585e6546f179853758b\"},\"headline\":\"Notitas del D\\u00eda\",\"datePublished\":\"2026-05-02T00:46:14+00:00\",\"dateModified\":\"2026-05-02T00:46:14+00:00\",\"mainEntityOfPage\":{\"@id\":\"https:\/\/soledaddurazo.com\/blog\/2026\/05\/01\/notitas-del-dia-2\/#webpage\"},\"wordCount\":490,\"commentCount\":0,\"publisher\":{\"@id\":\"https:\/\/soledaddurazo.com\/#organization\"},\"image\":{\"@id\":\"https:\/\/soledaddurazo.com\/blog\/2026\/05\/01\/notitas-del-dia-2\/#primaryimage\"},\"thumbnailUrl\":\"https:\/\/soledaddurazo.com\/storage\/2026\/04\/notitas-red.jpg\",\"articleSection\":[\"principal\"],\"inLanguage\":\"es\",\"potentialAction\":[{\"@type\":\"CommentAction\",\"name\":\"Comment\",\"target\":[\"https:\/\/soledaddurazo.com\/blog\/2026\/05\/01\/notitas-del-dia-2\/#respond\"]}]},{\"@type\":\"Person\",\"@id\":\"https:\/\/soledaddurazo.com\/#\/schema\/person\/822d8e13aa288585e6546f179853758b\",\"name\":\"Redacci\\u00f3n\",\"image\":{\"@type\":\"ImageObject\",\"@id\":\"https:\/\/soledaddurazo.com\/#personlogo\",\"inLanguage\":\"es\",\"url\":\"https:\/\/secure.gravatar.com\/avatar\/c4e193752f756fd61f04deebed3a3a20dc188d37edb53682d313ac57f2725d54?s=96&d=mm&r=g\",\"contentUrl\":\"https:\/\/secure.gravatar.com\/avatar\/c4e193752f756fd61f04deebed3a3a20dc188d37edb53682d313ac57f2725d54?s=96&d=mm&r=g\",\"caption\":\"Redacci\\u00f3n\"},\"sameAs\":[\"https:\/\/soledaddurazo.com\"]}]}<\/script>\n ","yoast_head_json":{"title":"Notitas del D\u00eda - Periodista SoledadDurazo.com","robots":{"index":"index","follow":"follow","max-snippet":"max-snippet:-1","max-image-preview":"max-image-preview:large","max-video-preview":"max-video-preview:-1"},"canonical":"https:\/\/soledaddurazo.com\/blog\/2026\/05\/01\/notitas-del-dia-2\/","og_locale":"es_MX","og_type":"article","og_title":"Notitas del D\u00eda","og_description":"Ajustes en Econom\u00eda ante revisi\u00f3n del T-MEC Ciudad de M\u00e9xico, 1 de mayo de 2026.\u2013 En v\u00edsperas de la revisi\u00f3n del Tratado entre M\u00e9xico, Estados Unidos y Canad\u00e1 (T-MEC), el Gobierno federal realiz\u00f3 cambios estrat\u00e9gicos en la Secretar\u00eda de Econom\u00eda, con el objetivo de fortalecer su posici\u00f3n ante el proceso de evaluaci\u00f3n del acuerdo comercial. [&hellip;]","og_url":"https:\/\/soledaddurazo.com\/blog\/2026\/05\/01\/notitas-del-dia-2\/","og_site_name":"Periodista SoledadDurazo.com","article_publisher":"https:\/\/www.facebook.com\/soledad.durazo.9\/","article_published_time":"2026-05-02T00:46:14+00:00","og_image":[{"width":1254,"height":1254,"url":"https:\/\/soledaddurazo.com\/storage\/2026\/04\/notitas-red.jpg","type":"image\/jpeg"}],"twitter_card":"summary_large_image","twitter_creator":"@SoledadDurazo","twitter_site":"@SoledadDurazo","twitter_misc":{"Escrito por":"Redacci\u00f3n","Tiempo de lectura":"2 minutos"},"schema":{"@context":"https:\/\/schema.org","@graph":[{"@type":"Organization","@id":"https:\/\/soledaddurazo.com\/#organization","name":"Soledad Durazo","url":"https:\/\/soledaddurazo.com\/","sameAs":["https:\/\/www.facebook.com\/soledad.durazo.9\/","https:\/\/www.instagram.com\/soledaddurazo","https:\/\/www.youtube.com\/channel\/UC9yGPw8-Vbl_B2XNkRwPS-w","https:\/\/twitter.com\/SoledadDurazo"],"logo":{"@type":"ImageObject","@id":"https:\/\/soledaddurazo.com\/#logo","inLanguage":"es","url":"https:\/\/soledaddurazo.com\/storage\/2021\/11\/nllp-720x375-1-2.png","contentUrl":"https:\/\/soledaddurazo.com\/storage\/2021\/11\/nllp-720x375-1-2.png","width":720,"height":375,"caption":"Soledad Durazo"},"image":{"@id":"https:\/\/soledaddurazo.com\/#logo"}},{"@type":"WebSite","@id":"https:\/\/soledaddurazo.com\/#website","url":"https:\/\/soledaddurazo.com\/","name":"Periodista SoledadDurazo.com","description":"Periodista sonorense. Directora de www.SoledadDurazo.com Columnista, conductora de radio y Tv. Catedr\u00e1tica en la UNISON","publisher":{"@id":"https:\/\/soledaddurazo.com\/#organization"},"potentialAction":[{"@type":"SearchAction","target":{"@type":"EntryPoint","urlTemplate":"https:\/\/soledaddurazo.com\/?s={search_term_string}"},"query-input":"required name=search_term_string"}],"inLanguage":"es"},{"@type":"ImageObject","@id":"https:\/\/soledaddurazo.com\/blog\/2026\/05\/01\/notitas-del-dia-2\/#primaryimage","inLanguage":"es","url":"https:\/\/soledaddurazo.com\/storage\/2026\/04\/notitas-red.jpg","contentUrl":"https:\/\/soledaddurazo.com\/storage\/2026\/04\/notitas-red.jpg","width":1254,"height":1254},{"@type":"WebPage","@id":"https:\/\/soledaddurazo.com\/blog\/2026\/05\/01\/notitas-del-dia-2\/#webpage","url":"https:\/\/soledaddurazo.com\/blog\/2026\/05\/01\/notitas-del-dia-2\/","name":"Notitas del D\u00eda - Periodista SoledadDurazo.com","isPartOf":{"@id":"https:\/\/soledaddurazo.com\/#website"},"primaryImageOfPage":{"@id":"https:\/\/soledaddurazo.com\/blog\/2026\/05\/01\/notitas-del-dia-2\/#primaryimage"},"datePublished":"2026-05-02T00:46:14+00:00","dateModified":"2026-05-02T00:46:14+00:00","breadcrumb":{"@id":"https:\/\/soledaddurazo.com\/blog\/2026\/05\/01\/notitas-del-dia-2\/#breadcrumb"},"inLanguage":"es","potentialAction":[{"@type":"ReadAction","target":["https:\/\/soledaddurazo.com\/blog\/2026\/05\/01\/notitas-del-dia-2\/"]}]},{"@type":"BreadcrumbList","@id":"https:\/\/soledaddurazo.com\/blog\/2026\/05\/01\/notitas-del-dia-2\/#breadcrumb","itemListElement":[{"@type":"ListItem","position":1,"name":"Home","item":"https:\/\/soledaddurazo.com\/"},{"@type":"ListItem","position":2,"name":"Notitas del D\u00eda"}]},{"@type":"Article","@id":"https:\/\/soledaddurazo.com\/blog\/2026\/05\/01\/notitas-del-dia-2\/#article","isPartOf":{"@id":"https:\/\/soledaddurazo.com\/blog\/2026\/05\/01\/notitas-del-dia-2\/#webpage"},"author":{"@id":"https:\/\/soledaddurazo.com\/#\/schema\/person\/822d8e13aa288585e6546f179853758b"},"headline":"Notitas del D\u00eda","datePublished":"2026-05-02T00:46:14+00:00","dateModified":"2026-05-02T00:46:14+00:00","mainEntityOfPage":{"@id":"https:\/\/soledaddurazo.com\/blog\/2026\/05\/01\/notitas-del-dia-2\/#webpage"},"wordCount":490,"commentCount":0,"publisher":{"@id":"https:\/\/soledaddurazo.com\/#organization"},"image":{"@id":"https:\/\/soledaddurazo.com\/blog\/2026\/05\/01\/notitas-del-dia-2\/#primaryimage"},"thumbnailUrl":"https:\/\/soledaddurazo.com\/storage\/2026\/04\/notitas-red.jpg","articleSection":["principal"],"inLanguage":"es","potentialAction":[{"@type":"CommentAction","name":"Comment","target":["https:\/\/soledaddurazo.com\/blog\/2026\/05\/01\/notitas-del-dia-2\/#respond"]}]},{"@type":"Person","@id":"https:\/\/soledaddurazo.com\/#\/schema\/person\/822d8e13aa288585e6546f179853758b","name":"Redacci\u00f3n","image":{"@type":"ImageObject","@id":"https:\/\/soledaddurazo.com\/#personlogo","inLanguage":"es","url":"https:\/\/secure.gravatar.com\/avatar\/c4e193752f756fd61f04deebed3a3a20dc188d37edb53682d313ac57f2725d54?s=96&d=mm&r=g","contentUrl":"https:\/\/secure.gravatar.com\/avatar\/c4e193752f756fd61f04deebed3a3a20dc188d37edb53682d313ac57f2725d54?s=96&d=mm&r=g","caption":"Redacci\u00f3n"},"sameAs":["https:\/\/soledaddurazo.com"]}]}},"_links":{"self":[{"href":"https:\/\/soledaddurazo.com\/api\/wp\/v2\/posts\/25079","targetHints":{"allow":["GET"]}}],"collection":[{"href":"https:\/\/soledaddurazo.com\/api\/wp\/v2\/posts"}],"about":[{"href":"https:\/\/soledaddurazo.com\/api\/wp\/v2\/types\/post"}],"author":[{"embeddable":true,"href":"https:\/\/soledaddurazo.com\/api\/wp\/v2\/users\/1"}],"replies":[{"embeddable":true,"href":"https:\/\/soledaddurazo.com\/api\/wp\/v2\/comments?post=25079"}],"version-history":[{"count":1,"href":"https:\/\/soledaddurazo.com\/api\/wp\/v2\/posts\/25079\/revisions"}],"predecessor-version":[{"id":25080,"href":"https:\/\/soledaddurazo.com\/api\/wp\/v2\/posts\/25079\/revisions\/25080"}],"wp:featuredmedia":[{"embeddable":true,"href":"https:\/\/soledaddurazo.com\/api\/wp\/v2\/media\/24946"}],"wp:attachment":[{"href":"https:\/\/soledaddurazo.com\/api\/wp\/v2\/media?parent=25079"}],"wp:term":[{"taxonomy":"category","embeddable":true,"href":"https:\/\/soledaddurazo.com\/api\/wp\/v2\/categories?post=25079"},{"taxonomy":"post_tag","embeddable":true,"href":"https:\/\/soledaddurazo.com\/api\/wp\/v2\/tags?post=25079"}],"curies":[{"name":"wp","href":"https:\/\/api.w.org\/{rel}","templated":true}]}}