{"id":25075,"date":"2026-05-01T17:31:12","date_gmt":"2026-05-02T00:31:12","guid":{"rendered":"https:\/\/soledaddurazo.com\/?p=25075"},"modified":"2026-05-01T17:41:13","modified_gmt":"2026-05-02T00:41:13","slug":"entre-marchas-y-calor-asi-se-vivio-el-dia-del-trabajo-en-sonora","status":"publish","type":"post","link":"https:\/\/soledaddurazo.com\/blog\/2026\/05\/01\/entre-marchas-y-calor-asi-se-vivio-el-dia-del-trabajo-en-sonora\/","title":{"rendered":"Entre marchas y calor: as\u00ed se vivi\u00f3 el D\u00eda del Trabajo en Sonora"},"content":{"rendered":"<p>Hermosillo, Sonora; 1 de mayo de 2026.\u2013 En el marco del D\u00eda del Trabajo, cientos de trabajadores sonorenses salieron a las calles en distintas ciudades del estado para conmemorar la fecha y exigir mejores condiciones laborales.<\/p>\n<p>En Hermosillo, contingentes de sindicatos, docentes y trabajadores del sector p\u00fablico y privado recorrieron vialidades principales con consignas enfocadas en el aumento salarial, estabilidad laboral y mejoras en prestaciones. La jornada se desarroll\u00f3 bajo altas temperaturas, sin que esto frenara la participaci\u00f3n.<\/p>\n<p>Entre las principales demandas destac\u00f3 la reducci\u00f3n de la jornada laboral a 40 horas semanales, tema que ha tomado fuerza a nivel nacional y que tambi\u00e9n resuena entre trabajadores sonorenses, quienes se\u00f1alan la necesidad de equilibrar la vida laboral con la personal.<\/p>\n<p>Adem\u00e1s, algunos manifestantes hicieron \u00e9nfasis en la necesidad de garantizar empleos dignos y combatir la informalidad, particularmente en sectores donde persisten condiciones laborales precarias.<\/p>\n<p>Autoridades reportaron saldo blanco durante las movilizaciones, que se llevaron a cabo de manera pac\u00edfica y con presencia de elementos de seguridad para resguardar a los participantes.<\/p>\n<p>En el contexto del 1 de mayo, tambi\u00e9n se record\u00f3 que se trata de un d\u00eda de descanso obligatorio en M\u00e9xico, por lo que quienes laboran deben recibir una compensaci\u00f3n adicional, lo que gener\u00f3 conversaci\u00f3n tanto en centros de trabajo como en redes sociales.<\/p>\n","protected":false},"excerpt":{"rendered":"<p>Hermosillo, Sonora; 1 de mayo de 2026.\u2013 En el marco del D\u00eda del Trabajo, cientos de trabajadores sonorenses salieron a las calles en distintas ciudades del estado para conmemorar la fecha y exigir mejores condiciones laborales. En Hermosillo, contingentes de sindicatos, docentes y trabajadores del sector p\u00fablico y privado recorrieron vialidades principales con consignas enfocadas [&hellip;]<\/p>\n","protected":false},"author":1,"featured_media":25076,"comment_status":"open","ping_status":"open","sticky":false,"template":"","format":"standard","meta":{"footnotes":""},"categories":[153],"tags":[],"class_list":["post"],"yoast_head":" \n<title>Entre marchas y calor: as\u00ed se vivi\u00f3 el D\u00eda del Trabajo en Sonora - Periodista SoledadDurazo.com<\/title>\n<meta name=\"robots\" content=\"index, follow, max-snippet:-1, max-image-preview:large, max-video-preview:-1\" \/>\n<link rel=\"canonical\" href=\"https:\/\/soledaddurazo.com\/blog\/2026\/05\/01\/entre-marchas-y-calor-asi-se-vivio-el-dia-del-trabajo-en-sonora\/\" \/>\n<meta property=\"og:locale\" content=\"es_MX\" \/>\n<meta property=\"og:type\" content=\"article\" \/>\n<meta property=\"og:title\" content=\"Entre marchas y calor: as\u00ed se vivi\u00f3 el D\u00eda del Trabajo en Sonora\" \/>\n<meta property=\"og:description\" content=\"Hermosillo, Sonora; 1 de mayo de 2026.\u2013 En el marco del D\u00eda del Trabajo, cientos de trabajadores sonorenses salieron a las calles en distintas ciudades del estado para conmemorar la fecha y exigir mejores condiciones laborales. En Hermosillo, contingentes de sindicatos, docentes y trabajadores del sector p\u00fablico y privado recorrieron vialidades principales con consignas enfocadas [&hellip;]\" \/>\n<meta property=\"og:url\" content=\"https:\/\/soledaddurazo.com\/blog\/2026\/05\/01\/entre-marchas-y-calor-asi-se-vivio-el-dia-del-trabajo-en-sonora\/\" \/>\n<meta property=\"og:site_name\" content=\"Periodista SoledadDurazo.com\" \/>\n<meta property=\"article:publisher\" content=\"https:\/\/www.facebook.com\/soledad.durazo.9\/\" \/>\n<meta property=\"article:published_time\" content=\"2026-05-02T00:31:12+00:00\" \/>\n<meta property=\"article:modified_time\" content=\"2026-05-02T00:41:13+00:00\" \/>\n<meta property=\"og:image\" content=\"https:\/\/soledaddurazo.com\/storage\/2026\/05\/IMG_1407.jpeg\" \/>\n\t<meta property=\"og:image:width\" content=\"1536\" \/>\n\t<meta property=\"og:image:height\" content=\"1024\" \/>\n<meta name=\"twitter:card\" content=\"summary_large_image\" \/>\n<meta name=\"twitter:creator\" content=\"@SoledadDurazo\" \/>\n<meta name=\"twitter:site\" content=\"@SoledadDurazo\" \/>\n<meta name=\"twitter:label1\" content=\"Escrito por\" \/>\n\t<meta name=\"twitter:data1\" content=\"Redacci\u00f3n\" \/>\n\t<meta name=\"twitter:label2\" content=\"Tiempo de lectura\" \/>\n\t<meta name=\"twitter:data2\" content=\"1 minuto\" \/>\n<script type=\"application\/ld+json\" class=\"yoast-schema-graph\">{\"@context\":\"https:\/\/schema.org\",\"@graph\":[{\"@type\":\"Organization\",\"@id\":\"https:\/\/soledaddurazo.com\/#organization\",\"name\":\"Soledad Durazo\",\"url\":\"https:\/\/soledaddurazo.com\/\",\"sameAs\":[\"https:\/\/www.facebook.com\/soledad.durazo.9\/\",\"https:\/\/www.instagram.com\/soledaddurazo\",\"https:\/\/www.youtube.com\/channel\/UC9yGPw8-Vbl_B2XNkRwPS-w\",\"https:\/\/twitter.com\/SoledadDurazo\"],\"logo\":{\"@type\":\"ImageObject\",\"@id\":\"https:\/\/soledaddurazo.com\/#logo\",\"inLanguage\":\"es\",\"url\":\"https:\/\/soledaddurazo.com\/storage\/2021\/11\/nllp-720x375-1-2.png\",\"contentUrl\":\"https:\/\/soledaddurazo.com\/storage\/2021\/11\/nllp-720x375-1-2.png\",\"width\":720,\"height\":375,\"caption\":\"Soledad Durazo\"},\"image\":{\"@id\":\"https:\/\/soledaddurazo.com\/#logo\"}},{\"@type\":\"WebSite\",\"@id\":\"https:\/\/soledaddurazo.com\/#website\",\"url\":\"https:\/\/soledaddurazo.com\/\",\"name\":\"Periodista SoledadDurazo.com\",\"description\":\"Periodista sonorense. Directora de www.SoledadDurazo.com Columnista, conductora de radio y Tv. Catedr\\u00e1tica en la UNISON\",\"publisher\":{\"@id\":\"https:\/\/soledaddurazo.com\/#organization\"},\"potentialAction\":[{\"@type\":\"SearchAction\",\"target\":{\"@type\":\"EntryPoint\",\"urlTemplate\":\"https:\/\/soledaddurazo.com\/?s={search_term_string}\"},\"query-input\":\"required name=search_term_string\"}],\"inLanguage\":\"es\"},{\"@type\":\"ImageObject\",\"@id\":\"https:\/\/soledaddurazo.com\/blog\/2026\/05\/01\/entre-marchas-y-calor-asi-se-vivio-el-dia-del-trabajo-en-sonora\/#primaryimage\",\"inLanguage\":\"es\",\"url\":\"https:\/\/soledaddurazo.com\/storage\/2026\/05\/IMG_1407.jpeg\",\"contentUrl\":\"https:\/\/soledaddurazo.com\/storage\/2026\/05\/IMG_1407.jpeg\",\"width\":1536,\"height\":1024},{\"@type\":\"WebPage\",\"@id\":\"https:\/\/soledaddurazo.com\/blog\/2026\/05\/01\/entre-marchas-y-calor-asi-se-vivio-el-dia-del-trabajo-en-sonora\/#webpage\",\"url\":\"https:\/\/soledaddurazo.com\/blog\/2026\/05\/01\/entre-marchas-y-calor-asi-se-vivio-el-dia-del-trabajo-en-sonora\/\",\"name\":\"Entre marchas y calor: as\\u00ed se vivi\\u00f3 el D\\u00eda del Trabajo en Sonora - Periodista SoledadDurazo.com\",\"isPartOf\":{\"@id\":\"https:\/\/soledaddurazo.com\/#website\"},\"primaryImageOfPage\":{\"@id\":\"https:\/\/soledaddurazo.com\/blog\/2026\/05\/01\/entre-marchas-y-calor-asi-se-vivio-el-dia-del-trabajo-en-sonora\/#primaryimage\"},\"datePublished\":\"2026-05-02T00:31:12+00:00\",\"dateModified\":\"2026-05-02T00:41:13+00:00\",\"breadcrumb\":{\"@id\":\"https:\/\/soledaddurazo.com\/blog\/2026\/05\/01\/entre-marchas-y-calor-asi-se-vivio-el-dia-del-trabajo-en-sonora\/#breadcrumb\"},\"inLanguage\":\"es\",\"potentialAction\":[{\"@type\":\"ReadAction\",\"target\":[\"https:\/\/soledaddurazo.com\/blog\/2026\/05\/01\/entre-marchas-y-calor-asi-se-vivio-el-dia-del-trabajo-en-sonora\/\"]}]},{\"@type\":\"BreadcrumbList\",\"@id\":\"https:\/\/soledaddurazo.com\/blog\/2026\/05\/01\/entre-marchas-y-calor-asi-se-vivio-el-dia-del-trabajo-en-sonora\/#breadcrumb\",\"itemListElement\":[{\"@type\":\"ListItem\",\"position\":1,\"name\":\"Home\",\"item\":\"https:\/\/soledaddurazo.com\/\"},{\"@type\":\"ListItem\",\"position\":2,\"name\":\"Entre marchas y calor: as\\u00ed se vivi\\u00f3 el D\\u00eda del Trabajo en Sonora\"}]},{\"@type\":\"Article\",\"@id\":\"https:\/\/soledaddurazo.com\/blog\/2026\/05\/01\/entre-marchas-y-calor-asi-se-vivio-el-dia-del-trabajo-en-sonora\/#article\",\"isPartOf\":{\"@id\":\"https:\/\/soledaddurazo.com\/blog\/2026\/05\/01\/entre-marchas-y-calor-asi-se-vivio-el-dia-del-trabajo-en-sonora\/#webpage\"},\"author\":{\"@id\":\"https:\/\/soledaddurazo.com\/#\/schema\/person\/822d8e13aa288585e6546f179853758b\"},\"headline\":\"Entre marchas y calor: as\\u00ed se vivi\\u00f3 el D\\u00eda del Trabajo en Sonora\",\"datePublished\":\"2026-05-02T00:31:12+00:00\",\"dateModified\":\"2026-05-02T00:41:13+00:00\",\"mainEntityOfPage\":{\"@id\":\"https:\/\/soledaddurazo.com\/blog\/2026\/05\/01\/entre-marchas-y-calor-asi-se-vivio-el-dia-del-trabajo-en-sonora\/#webpage\"},\"wordCount\":238,\"commentCount\":0,\"publisher\":{\"@id\":\"https:\/\/soledaddurazo.com\/#organization\"},\"image\":{\"@id\":\"https:\/\/soledaddurazo.com\/blog\/2026\/05\/01\/entre-marchas-y-calor-asi-se-vivio-el-dia-del-trabajo-en-sonora\/#primaryimage\"},\"thumbnailUrl\":\"https:\/\/soledaddurazo.com\/storage\/2026\/05\/IMG_1407.jpeg\",\"articleSection\":[\"principal\"],\"inLanguage\":\"es\",\"potentialAction\":[{\"@type\":\"CommentAction\",\"name\":\"Comment\",\"target\":[\"https:\/\/soledaddurazo.com\/blog\/2026\/05\/01\/entre-marchas-y-calor-asi-se-vivio-el-dia-del-trabajo-en-sonora\/#respond\"]}]},{\"@type\":\"Person\",\"@id\":\"https:\/\/soledaddurazo.com\/#\/schema\/person\/822d8e13aa288585e6546f179853758b\",\"name\":\"Redacci\\u00f3n\",\"image\":{\"@type\":\"ImageObject\",\"@id\":\"https:\/\/soledaddurazo.com\/#personlogo\",\"inLanguage\":\"es\",\"url\":\"https:\/\/secure.gravatar.com\/avatar\/c4e193752f756fd61f04deebed3a3a20dc188d37edb53682d313ac57f2725d54?s=96&d=mm&r=g\",\"contentUrl\":\"https:\/\/secure.gravatar.com\/avatar\/c4e193752f756fd61f04deebed3a3a20dc188d37edb53682d313ac57f2725d54?s=96&d=mm&r=g\",\"caption\":\"Redacci\\u00f3n\"},\"sameAs\":[\"https:\/\/soledaddurazo.com\"]}]}<\/script>\n ","yoast_head_json":{"title":"Entre marchas y calor: as\u00ed se vivi\u00f3 el D\u00eda del Trabajo en Sonora - Periodista SoledadDurazo.com","robots":{"index":"index","follow":"follow","max-snippet":"max-snippet:-1","max-image-preview":"max-image-preview:large","max-video-preview":"max-video-preview:-1"},"canonical":"https:\/\/soledaddurazo.com\/blog\/2026\/05\/01\/entre-marchas-y-calor-asi-se-vivio-el-dia-del-trabajo-en-sonora\/","og_locale":"es_MX","og_type":"article","og_title":"Entre marchas y calor: as\u00ed se vivi\u00f3 el D\u00eda del Trabajo en Sonora","og_description":"Hermosillo, Sonora; 1 de mayo de 2026.\u2013 En el marco del D\u00eda del Trabajo, cientos de trabajadores sonorenses salieron a las calles en distintas ciudades del estado para conmemorar la fecha y exigir mejores condiciones laborales. En Hermosillo, contingentes de sindicatos, docentes y trabajadores del sector p\u00fablico y privado recorrieron vialidades principales con consignas enfocadas [&hellip;]","og_url":"https:\/\/soledaddurazo.com\/blog\/2026\/05\/01\/entre-marchas-y-calor-asi-se-vivio-el-dia-del-trabajo-en-sonora\/","og_site_name":"Periodista SoledadDurazo.com","article_publisher":"https:\/\/www.facebook.com\/soledad.durazo.9\/","article_published_time":"2026-05-02T00:31:12+00:00","article_modified_time":"2026-05-02T00:41:13+00:00","og_image":[{"width":1536,"height":1024,"url":"https:\/\/soledaddurazo.com\/storage\/2026\/05\/IMG_1407.jpeg","type":"image\/jpeg"}],"twitter_card":"summary_large_image","twitter_creator":"@SoledadDurazo","twitter_site":"@SoledadDurazo","twitter_misc":{"Escrito por":"Redacci\u00f3n","Tiempo de lectura":"1 minuto"},"schema":{"@context":"https:\/\/schema.org","@graph":[{"@type":"Organization","@id":"https:\/\/soledaddurazo.com\/#organization","name":"Soledad Durazo","url":"https:\/\/soledaddurazo.com\/","sameAs":["https:\/\/www.facebook.com\/soledad.durazo.9\/","https:\/\/www.instagram.com\/soledaddurazo","https:\/\/www.youtube.com\/channel\/UC9yGPw8-Vbl_B2XNkRwPS-w","https:\/\/twitter.com\/SoledadDurazo"],"logo":{"@type":"ImageObject","@id":"https:\/\/soledaddurazo.com\/#logo","inLanguage":"es","url":"https:\/\/soledaddurazo.com\/storage\/2021\/11\/nllp-720x375-1-2.png","contentUrl":"https:\/\/soledaddurazo.com\/storage\/2021\/11\/nllp-720x375-1-2.png","width":720,"height":375,"caption":"Soledad Durazo"},"image":{"@id":"https:\/\/soledaddurazo.com\/#logo"}},{"@type":"WebSite","@id":"https:\/\/soledaddurazo.com\/#website","url":"https:\/\/soledaddurazo.com\/","name":"Periodista SoledadDurazo.com","description":"Periodista sonorense. Directora de www.SoledadDurazo.com Columnista, conductora de radio y Tv. Catedr\u00e1tica en la UNISON","publisher":{"@id":"https:\/\/soledaddurazo.com\/#organization"},"potentialAction":[{"@type":"SearchAction","target":{"@type":"EntryPoint","urlTemplate":"https:\/\/soledaddurazo.com\/?s={search_term_string}"},"query-input":"required name=search_term_string"}],"inLanguage":"es"},{"@type":"ImageObject","@id":"https:\/\/soledaddurazo.com\/blog\/2026\/05\/01\/entre-marchas-y-calor-asi-se-vivio-el-dia-del-trabajo-en-sonora\/#primaryimage","inLanguage":"es","url":"https:\/\/soledaddurazo.com\/storage\/2026\/05\/IMG_1407.jpeg","contentUrl":"https:\/\/soledaddurazo.com\/storage\/2026\/05\/IMG_1407.jpeg","width":1536,"height":1024},{"@type":"WebPage","@id":"https:\/\/soledaddurazo.com\/blog\/2026\/05\/01\/entre-marchas-y-calor-asi-se-vivio-el-dia-del-trabajo-en-sonora\/#webpage","url":"https:\/\/soledaddurazo.com\/blog\/2026\/05\/01\/entre-marchas-y-calor-asi-se-vivio-el-dia-del-trabajo-en-sonora\/","name":"Entre marchas y calor: as\u00ed se vivi\u00f3 el D\u00eda del Trabajo en Sonora - Periodista SoledadDurazo.com","isPartOf":{"@id":"https:\/\/soledaddurazo.com\/#website"},"primaryImageOfPage":{"@id":"https:\/\/soledaddurazo.com\/blog\/2026\/05\/01\/entre-marchas-y-calor-asi-se-vivio-el-dia-del-trabajo-en-sonora\/#primaryimage"},"datePublished":"2026-05-02T00:31:12+00:00","dateModified":"2026-05-02T00:41:13+00:00","breadcrumb":{"@id":"https:\/\/soledaddurazo.com\/blog\/2026\/05\/01\/entre-marchas-y-calor-asi-se-vivio-el-dia-del-trabajo-en-sonora\/#breadcrumb"},"inLanguage":"es","potentialAction":[{"@type":"ReadAction","target":["https:\/\/soledaddurazo.com\/blog\/2026\/05\/01\/entre-marchas-y-calor-asi-se-vivio-el-dia-del-trabajo-en-sonora\/"]}]},{"@type":"BreadcrumbList","@id":"https:\/\/soledaddurazo.com\/blog\/2026\/05\/01\/entre-marchas-y-calor-asi-se-vivio-el-dia-del-trabajo-en-sonora\/#breadcrumb","itemListElement":[{"@type":"ListItem","position":1,"name":"Home","item":"https:\/\/soledaddurazo.com\/"},{"@type":"ListItem","position":2,"name":"Entre marchas y calor: as\u00ed se vivi\u00f3 el D\u00eda del Trabajo en Sonora"}]},{"@type":"Article","@id":"https:\/\/soledaddurazo.com\/blog\/2026\/05\/01\/entre-marchas-y-calor-asi-se-vivio-el-dia-del-trabajo-en-sonora\/#article","isPartOf":{"@id":"https:\/\/soledaddurazo.com\/blog\/2026\/05\/01\/entre-marchas-y-calor-asi-se-vivio-el-dia-del-trabajo-en-sonora\/#webpage"},"author":{"@id":"https:\/\/soledaddurazo.com\/#\/schema\/person\/822d8e13aa288585e6546f179853758b"},"headline":"Entre marchas y calor: as\u00ed se vivi\u00f3 el D\u00eda del Trabajo en Sonora","datePublished":"2026-05-02T00:31:12+00:00","dateModified":"2026-05-02T00:41:13+00:00","mainEntityOfPage":{"@id":"https:\/\/soledaddurazo.com\/blog\/2026\/05\/01\/entre-marchas-y-calor-asi-se-vivio-el-dia-del-trabajo-en-sonora\/#webpage"},"wordCount":238,"commentCount":0,"publisher":{"@id":"https:\/\/soledaddurazo.com\/#organization"},"image":{"@id":"https:\/\/soledaddurazo.com\/blog\/2026\/05\/01\/entre-marchas-y-calor-asi-se-vivio-el-dia-del-trabajo-en-sonora\/#primaryimage"},"thumbnailUrl":"https:\/\/soledaddurazo.com\/storage\/2026\/05\/IMG_1407.jpeg","articleSection":["principal"],"inLanguage":"es","potentialAction":[{"@type":"CommentAction","name":"Comment","target":["https:\/\/soledaddurazo.com\/blog\/2026\/05\/01\/entre-marchas-y-calor-asi-se-vivio-el-dia-del-trabajo-en-sonora\/#respond"]}]},{"@type":"Person","@id":"https:\/\/soledaddurazo.com\/#\/schema\/person\/822d8e13aa288585e6546f179853758b","name":"Redacci\u00f3n","image":{"@type":"ImageObject","@id":"https:\/\/soledaddurazo.com\/#personlogo","inLanguage":"es","url":"https:\/\/secure.gravatar.com\/avatar\/c4e193752f756fd61f04deebed3a3a20dc188d37edb53682d313ac57f2725d54?s=96&d=mm&r=g","contentUrl":"https:\/\/secure.gravatar.com\/avatar\/c4e193752f756fd61f04deebed3a3a20dc188d37edb53682d313ac57f2725d54?s=96&d=mm&r=g","caption":"Redacci\u00f3n"},"sameAs":["https:\/\/soledaddurazo.com"]}]}},"_links":{"self":[{"href":"https:\/\/soledaddurazo.com\/api\/wp\/v2\/posts\/25075","targetHints":{"allow":["GET"]}}],"collection":[{"href":"https:\/\/soledaddurazo.com\/api\/wp\/v2\/posts"}],"about":[{"href":"https:\/\/soledaddurazo.com\/api\/wp\/v2\/types\/post"}],"author":[{"embeddable":true,"href":"https:\/\/soledaddurazo.com\/api\/wp\/v2\/users\/1"}],"replies":[{"embeddable":true,"href":"https:\/\/soledaddurazo.com\/api\/wp\/v2\/comments?post=25075"}],"version-history":[{"count":1,"href":"https:\/\/soledaddurazo.com\/api\/wp\/v2\/posts\/25075\/revisions"}],"predecessor-version":[{"id":25077,"href":"https:\/\/soledaddurazo.com\/api\/wp\/v2\/posts\/25075\/revisions\/25077"}],"wp:featuredmedia":[{"embeddable":true,"href":"https:\/\/soledaddurazo.com\/api\/wp\/v2\/media\/25076"}],"wp:attachment":[{"href":"https:\/\/soledaddurazo.com\/api\/wp\/v2\/media?parent=25075"}],"wp:term":[{"taxonomy":"category","embeddable":true,"href":"https:\/\/soledaddurazo.com\/api\/wp\/v2\/categories?post=25075"},{"taxonomy":"post_tag","embeddable":true,"href":"https:\/\/soledaddurazo.com\/api\/wp\/v2\/tags?post=25075"}],"curies":[{"name":"wp","href":"https:\/\/api.w.org\/{rel}","templated":true}]}}