{"id":25066,"date":"2026-04-30T19:41:16","date_gmt":"2026-05-01T02:41:16","guid":{"rendered":"https:\/\/soledaddurazo.com\/?p=25066"},"modified":"2026-04-30T19:41:16","modified_gmt":"2026-05-01T02:41:16","slug":"concierto-candlelight-ilumina-hermosillo-con-musica-y-velas","status":"publish","type":"post","link":"https:\/\/soledaddurazo.com\/blog\/2026\/04\/30\/concierto-candlelight-ilumina-hermosillo-con-musica-y-velas\/","title":{"rendered":"Concierto Candlelight ilumina Hermosillo con m\u00fasica y velas"},"content":{"rendered":"<p>Hermosillo, Sonora.- La capital sonorense fue escenario de una velada musical \u00fanica con la realizaci\u00f3n de los conciertos de Candlelight, una experiencia que combin\u00f3 m\u00fasica en vivo con un ambiente \u00edntimo iluminado por cientos de velas.<\/p>\n<p>El evento se llev\u00f3 a cabo en el recinto Grand Agave, donde se ofrecieron dos presentaciones el mismo d\u00eda: una interpretaci\u00f3n de Las Cuatro Estaciones de Antonio Vivaldi y un tributo a Coldplay, adaptado a formato de cuarteto de cuerdas.<\/p>\n<p>Los conciertos, con duraci\u00f3n aproximada de una hora, destacaron por su formato multisensorial, en el que la iluminaci\u00f3n tenue y la cercan\u00eda con los m\u00fasicos crearon una experiencia envolvente para el p\u00fablico.<\/p>\n<p>Este tipo de espect\u00e1culos forma parte de una serie internacional que busca acercar la m\u00fasica cl\u00e1sica y contempor\u00e1nea a nuevas audiencias mediante versiones instrumentales en escenarios poco convencionales.<\/p>\n<p>Con buena respuesta del p\u00fablico, el evento reafirma el inter\u00e9s en Hermosillo por propuestas culturales innovadoras que fusionan arte, m\u00fasica y ambientaci\u00f3n.<\/p>\n","protected":false},"excerpt":{"rendered":"<p>Hermosillo, Sonora.- La capital sonorense fue escenario de una velada musical \u00fanica con la realizaci\u00f3n de los conciertos de Candlelight, una experiencia que combin\u00f3 m\u00fasica en vivo con un ambiente \u00edntimo iluminado por cientos de velas. El evento se llev\u00f3 a cabo en el recinto Grand Agave, donde se ofrecieron dos presentaciones el mismo d\u00eda: [&hellip;]<\/p>\n","protected":false},"author":1,"featured_media":25067,"comment_status":"open","ping_status":"open","sticky":false,"template":"","format":"standard","meta":{"footnotes":""},"categories":[153],"tags":[],"class_list":["post"],"yoast_head":" \n<title>Concierto Candlelight ilumina Hermosillo con m\u00fasica y velas - Periodista SoledadDurazo.com<\/title>\n<meta name=\"robots\" content=\"index, follow, max-snippet:-1, max-image-preview:large, max-video-preview:-1\" \/>\n<link rel=\"canonical\" href=\"https:\/\/soledaddurazo.com\/blog\/2026\/04\/30\/concierto-candlelight-ilumina-hermosillo-con-musica-y-velas\/\" \/>\n<meta property=\"og:locale\" content=\"es_MX\" \/>\n<meta property=\"og:type\" content=\"article\" \/>\n<meta property=\"og:title\" content=\"Concierto Candlelight ilumina Hermosillo con m\u00fasica y velas\" \/>\n<meta property=\"og:description\" content=\"Hermosillo, Sonora.- La capital sonorense fue escenario de una velada musical \u00fanica con la realizaci\u00f3n de los conciertos de Candlelight, una experiencia que combin\u00f3 m\u00fasica en vivo con un ambiente \u00edntimo iluminado por cientos de velas. El evento se llev\u00f3 a cabo en el recinto Grand Agave, donde se ofrecieron dos presentaciones el mismo d\u00eda: [&hellip;]\" \/>\n<meta property=\"og:url\" content=\"https:\/\/soledaddurazo.com\/blog\/2026\/04\/30\/concierto-candlelight-ilumina-hermosillo-con-musica-y-velas\/\" \/>\n<meta property=\"og:site_name\" content=\"Periodista SoledadDurazo.com\" \/>\n<meta property=\"article:publisher\" content=\"https:\/\/www.facebook.com\/soledad.durazo.9\/\" \/>\n<meta property=\"article:published_time\" content=\"2026-05-01T02:41:16+00:00\" \/>\n<meta name=\"twitter:card\" content=\"summary_large_image\" \/>\n<meta name=\"twitter:image\" content=\"https:\/\/soledaddurazo.com\/storage\/2026\/04\/IMG_1406.webp\" \/>\n<meta name=\"twitter:creator\" content=\"@SoledadDurazo\" \/>\n<meta name=\"twitter:site\" content=\"@SoledadDurazo\" \/>\n<meta name=\"twitter:label1\" content=\"Escrito por\" \/>\n\t<meta name=\"twitter:data1\" content=\"Redacci\u00f3n\" \/>\n\t<meta name=\"twitter:label2\" content=\"Tiempo de lectura\" \/>\n\t<meta name=\"twitter:data2\" content=\"1 minuto\" \/>\n<script type=\"application\/ld+json\" class=\"yoast-schema-graph\">{\"@context\":\"https:\/\/schema.org\",\"@graph\":[{\"@type\":\"Organization\",\"@id\":\"https:\/\/soledaddurazo.com\/#organization\",\"name\":\"Soledad Durazo\",\"url\":\"https:\/\/soledaddurazo.com\/\",\"sameAs\":[\"https:\/\/www.facebook.com\/soledad.durazo.9\/\",\"https:\/\/www.instagram.com\/soledaddurazo\",\"https:\/\/www.youtube.com\/channel\/UC9yGPw8-Vbl_B2XNkRwPS-w\",\"https:\/\/twitter.com\/SoledadDurazo\"],\"logo\":{\"@type\":\"ImageObject\",\"@id\":\"https:\/\/soledaddurazo.com\/#logo\",\"inLanguage\":\"es\",\"url\":\"https:\/\/soledaddurazo.com\/storage\/2021\/11\/nllp-720x375-1-2.png\",\"contentUrl\":\"https:\/\/soledaddurazo.com\/storage\/2021\/11\/nllp-720x375-1-2.png\",\"width\":720,\"height\":375,\"caption\":\"Soledad Durazo\"},\"image\":{\"@id\":\"https:\/\/soledaddurazo.com\/#logo\"}},{\"@type\":\"WebSite\",\"@id\":\"https:\/\/soledaddurazo.com\/#website\",\"url\":\"https:\/\/soledaddurazo.com\/\",\"name\":\"Periodista SoledadDurazo.com\",\"description\":\"Periodista sonorense. Directora de www.SoledadDurazo.com Columnista, conductora de radio y Tv. Catedr\\u00e1tica en la UNISON\",\"publisher\":{\"@id\":\"https:\/\/soledaddurazo.com\/#organization\"},\"potentialAction\":[{\"@type\":\"SearchAction\",\"target\":{\"@type\":\"EntryPoint\",\"urlTemplate\":\"https:\/\/soledaddurazo.com\/?s={search_term_string}\"},\"query-input\":\"required name=search_term_string\"}],\"inLanguage\":\"es\"},{\"@type\":\"ImageObject\",\"@id\":\"https:\/\/soledaddurazo.com\/blog\/2026\/04\/30\/concierto-candlelight-ilumina-hermosillo-con-musica-y-velas\/#primaryimage\",\"inLanguage\":\"es\",\"url\":\"https:\/\/soledaddurazo.com\/storage\/2026\/04\/IMG_1406.webp\",\"contentUrl\":\"https:\/\/soledaddurazo.com\/storage\/2026\/04\/IMG_1406.webp\",\"width\":1200,\"height\":675},{\"@type\":\"WebPage\",\"@id\":\"https:\/\/soledaddurazo.com\/blog\/2026\/04\/30\/concierto-candlelight-ilumina-hermosillo-con-musica-y-velas\/#webpage\",\"url\":\"https:\/\/soledaddurazo.com\/blog\/2026\/04\/30\/concierto-candlelight-ilumina-hermosillo-con-musica-y-velas\/\",\"name\":\"Concierto Candlelight ilumina Hermosillo con m\\u00fasica y velas - Periodista SoledadDurazo.com\",\"isPartOf\":{\"@id\":\"https:\/\/soledaddurazo.com\/#website\"},\"primaryImageOfPage\":{\"@id\":\"https:\/\/soledaddurazo.com\/blog\/2026\/04\/30\/concierto-candlelight-ilumina-hermosillo-con-musica-y-velas\/#primaryimage\"},\"datePublished\":\"2026-05-01T02:41:16+00:00\",\"dateModified\":\"2026-05-01T02:41:16+00:00\",\"breadcrumb\":{\"@id\":\"https:\/\/soledaddurazo.com\/blog\/2026\/04\/30\/concierto-candlelight-ilumina-hermosillo-con-musica-y-velas\/#breadcrumb\"},\"inLanguage\":\"es\",\"potentialAction\":[{\"@type\":\"ReadAction\",\"target\":[\"https:\/\/soledaddurazo.com\/blog\/2026\/04\/30\/concierto-candlelight-ilumina-hermosillo-con-musica-y-velas\/\"]}]},{\"@type\":\"BreadcrumbList\",\"@id\":\"https:\/\/soledaddurazo.com\/blog\/2026\/04\/30\/concierto-candlelight-ilumina-hermosillo-con-musica-y-velas\/#breadcrumb\",\"itemListElement\":[{\"@type\":\"ListItem\",\"position\":1,\"name\":\"Home\",\"item\":\"https:\/\/soledaddurazo.com\/\"},{\"@type\":\"ListItem\",\"position\":2,\"name\":\"Concierto Candlelight ilumina Hermosillo con m\\u00fasica y velas\"}]},{\"@type\":\"Article\",\"@id\":\"https:\/\/soledaddurazo.com\/blog\/2026\/04\/30\/concierto-candlelight-ilumina-hermosillo-con-musica-y-velas\/#article\",\"isPartOf\":{\"@id\":\"https:\/\/soledaddurazo.com\/blog\/2026\/04\/30\/concierto-candlelight-ilumina-hermosillo-con-musica-y-velas\/#webpage\"},\"author\":{\"@id\":\"https:\/\/soledaddurazo.com\/#\/schema\/person\/822d8e13aa288585e6546f179853758b\"},\"headline\":\"Concierto Candlelight ilumina Hermosillo con m\\u00fasica y velas\",\"datePublished\":\"2026-05-01T02:41:16+00:00\",\"dateModified\":\"2026-05-01T02:41:16+00:00\",\"mainEntityOfPage\":{\"@id\":\"https:\/\/soledaddurazo.com\/blog\/2026\/04\/30\/concierto-candlelight-ilumina-hermosillo-con-musica-y-velas\/#webpage\"},\"wordCount\":185,\"commentCount\":0,\"publisher\":{\"@id\":\"https:\/\/soledaddurazo.com\/#organization\"},\"image\":{\"@id\":\"https:\/\/soledaddurazo.com\/blog\/2026\/04\/30\/concierto-candlelight-ilumina-hermosillo-con-musica-y-velas\/#primaryimage\"},\"thumbnailUrl\":\"https:\/\/soledaddurazo.com\/storage\/2026\/04\/IMG_1406.webp\",\"articleSection\":[\"principal\"],\"inLanguage\":\"es\",\"potentialAction\":[{\"@type\":\"CommentAction\",\"name\":\"Comment\",\"target\":[\"https:\/\/soledaddurazo.com\/blog\/2026\/04\/30\/concierto-candlelight-ilumina-hermosillo-con-musica-y-velas\/#respond\"]}]},{\"@type\":\"Person\",\"@id\":\"https:\/\/soledaddurazo.com\/#\/schema\/person\/822d8e13aa288585e6546f179853758b\",\"name\":\"Redacci\\u00f3n\",\"image\":{\"@type\":\"ImageObject\",\"@id\":\"https:\/\/soledaddurazo.com\/#personlogo\",\"inLanguage\":\"es\",\"url\":\"https:\/\/secure.gravatar.com\/avatar\/c4e193752f756fd61f04deebed3a3a20dc188d37edb53682d313ac57f2725d54?s=96&d=mm&r=g\",\"contentUrl\":\"https:\/\/secure.gravatar.com\/avatar\/c4e193752f756fd61f04deebed3a3a20dc188d37edb53682d313ac57f2725d54?s=96&d=mm&r=g\",\"caption\":\"Redacci\\u00f3n\"},\"sameAs\":[\"https:\/\/soledaddurazo.com\"]}]}<\/script>\n ","yoast_head_json":{"title":"Concierto Candlelight ilumina Hermosillo con m\u00fasica y velas - Periodista SoledadDurazo.com","robots":{"index":"index","follow":"follow","max-snippet":"max-snippet:-1","max-image-preview":"max-image-preview:large","max-video-preview":"max-video-preview:-1"},"canonical":"https:\/\/soledaddurazo.com\/blog\/2026\/04\/30\/concierto-candlelight-ilumina-hermosillo-con-musica-y-velas\/","og_locale":"es_MX","og_type":"article","og_title":"Concierto Candlelight ilumina Hermosillo con m\u00fasica y velas","og_description":"Hermosillo, Sonora.- La capital sonorense fue escenario de una velada musical \u00fanica con la realizaci\u00f3n de los conciertos de Candlelight, una experiencia que combin\u00f3 m\u00fasica en vivo con un ambiente \u00edntimo iluminado por cientos de velas. El evento se llev\u00f3 a cabo en el recinto Grand Agave, donde se ofrecieron dos presentaciones el mismo d\u00eda: [&hellip;]","og_url":"https:\/\/soledaddurazo.com\/blog\/2026\/04\/30\/concierto-candlelight-ilumina-hermosillo-con-musica-y-velas\/","og_site_name":"Periodista SoledadDurazo.com","article_publisher":"https:\/\/www.facebook.com\/soledad.durazo.9\/","article_published_time":"2026-05-01T02:41:16+00:00","twitter_card":"summary_large_image","twitter_image":"https:\/\/soledaddurazo.com\/storage\/2026\/04\/IMG_1406.webp","twitter_creator":"@SoledadDurazo","twitter_site":"@SoledadDurazo","twitter_misc":{"Escrito por":"Redacci\u00f3n","Tiempo de lectura":"1 minuto"},"schema":{"@context":"https:\/\/schema.org","@graph":[{"@type":"Organization","@id":"https:\/\/soledaddurazo.com\/#organization","name":"Soledad Durazo","url":"https:\/\/soledaddurazo.com\/","sameAs":["https:\/\/www.facebook.com\/soledad.durazo.9\/","https:\/\/www.instagram.com\/soledaddurazo","https:\/\/www.youtube.com\/channel\/UC9yGPw8-Vbl_B2XNkRwPS-w","https:\/\/twitter.com\/SoledadDurazo"],"logo":{"@type":"ImageObject","@id":"https:\/\/soledaddurazo.com\/#logo","inLanguage":"es","url":"https:\/\/soledaddurazo.com\/storage\/2021\/11\/nllp-720x375-1-2.png","contentUrl":"https:\/\/soledaddurazo.com\/storage\/2021\/11\/nllp-720x375-1-2.png","width":720,"height":375,"caption":"Soledad Durazo"},"image":{"@id":"https:\/\/soledaddurazo.com\/#logo"}},{"@type":"WebSite","@id":"https:\/\/soledaddurazo.com\/#website","url":"https:\/\/soledaddurazo.com\/","name":"Periodista SoledadDurazo.com","description":"Periodista sonorense. Directora de www.SoledadDurazo.com Columnista, conductora de radio y Tv. Catedr\u00e1tica en la UNISON","publisher":{"@id":"https:\/\/soledaddurazo.com\/#organization"},"potentialAction":[{"@type":"SearchAction","target":{"@type":"EntryPoint","urlTemplate":"https:\/\/soledaddurazo.com\/?s={search_term_string}"},"query-input":"required name=search_term_string"}],"inLanguage":"es"},{"@type":"ImageObject","@id":"https:\/\/soledaddurazo.com\/blog\/2026\/04\/30\/concierto-candlelight-ilumina-hermosillo-con-musica-y-velas\/#primaryimage","inLanguage":"es","url":"https:\/\/soledaddurazo.com\/storage\/2026\/04\/IMG_1406.webp","contentUrl":"https:\/\/soledaddurazo.com\/storage\/2026\/04\/IMG_1406.webp","width":1200,"height":675},{"@type":"WebPage","@id":"https:\/\/soledaddurazo.com\/blog\/2026\/04\/30\/concierto-candlelight-ilumina-hermosillo-con-musica-y-velas\/#webpage","url":"https:\/\/soledaddurazo.com\/blog\/2026\/04\/30\/concierto-candlelight-ilumina-hermosillo-con-musica-y-velas\/","name":"Concierto Candlelight ilumina Hermosillo con m\u00fasica y velas - Periodista SoledadDurazo.com","isPartOf":{"@id":"https:\/\/soledaddurazo.com\/#website"},"primaryImageOfPage":{"@id":"https:\/\/soledaddurazo.com\/blog\/2026\/04\/30\/concierto-candlelight-ilumina-hermosillo-con-musica-y-velas\/#primaryimage"},"datePublished":"2026-05-01T02:41:16+00:00","dateModified":"2026-05-01T02:41:16+00:00","breadcrumb":{"@id":"https:\/\/soledaddurazo.com\/blog\/2026\/04\/30\/concierto-candlelight-ilumina-hermosillo-con-musica-y-velas\/#breadcrumb"},"inLanguage":"es","potentialAction":[{"@type":"ReadAction","target":["https:\/\/soledaddurazo.com\/blog\/2026\/04\/30\/concierto-candlelight-ilumina-hermosillo-con-musica-y-velas\/"]}]},{"@type":"BreadcrumbList","@id":"https:\/\/soledaddurazo.com\/blog\/2026\/04\/30\/concierto-candlelight-ilumina-hermosillo-con-musica-y-velas\/#breadcrumb","itemListElement":[{"@type":"ListItem","position":1,"name":"Home","item":"https:\/\/soledaddurazo.com\/"},{"@type":"ListItem","position":2,"name":"Concierto Candlelight ilumina Hermosillo con m\u00fasica y velas"}]},{"@type":"Article","@id":"https:\/\/soledaddurazo.com\/blog\/2026\/04\/30\/concierto-candlelight-ilumina-hermosillo-con-musica-y-velas\/#article","isPartOf":{"@id":"https:\/\/soledaddurazo.com\/blog\/2026\/04\/30\/concierto-candlelight-ilumina-hermosillo-con-musica-y-velas\/#webpage"},"author":{"@id":"https:\/\/soledaddurazo.com\/#\/schema\/person\/822d8e13aa288585e6546f179853758b"},"headline":"Concierto Candlelight ilumina Hermosillo con m\u00fasica y velas","datePublished":"2026-05-01T02:41:16+00:00","dateModified":"2026-05-01T02:41:16+00:00","mainEntityOfPage":{"@id":"https:\/\/soledaddurazo.com\/blog\/2026\/04\/30\/concierto-candlelight-ilumina-hermosillo-con-musica-y-velas\/#webpage"},"wordCount":185,"commentCount":0,"publisher":{"@id":"https:\/\/soledaddurazo.com\/#organization"},"image":{"@id":"https:\/\/soledaddurazo.com\/blog\/2026\/04\/30\/concierto-candlelight-ilumina-hermosillo-con-musica-y-velas\/#primaryimage"},"thumbnailUrl":"https:\/\/soledaddurazo.com\/storage\/2026\/04\/IMG_1406.webp","articleSection":["principal"],"inLanguage":"es","potentialAction":[{"@type":"CommentAction","name":"Comment","target":["https:\/\/soledaddurazo.com\/blog\/2026\/04\/30\/concierto-candlelight-ilumina-hermosillo-con-musica-y-velas\/#respond"]}]},{"@type":"Person","@id":"https:\/\/soledaddurazo.com\/#\/schema\/person\/822d8e13aa288585e6546f179853758b","name":"Redacci\u00f3n","image":{"@type":"ImageObject","@id":"https:\/\/soledaddurazo.com\/#personlogo","inLanguage":"es","url":"https:\/\/secure.gravatar.com\/avatar\/c4e193752f756fd61f04deebed3a3a20dc188d37edb53682d313ac57f2725d54?s=96&d=mm&r=g","contentUrl":"https:\/\/secure.gravatar.com\/avatar\/c4e193752f756fd61f04deebed3a3a20dc188d37edb53682d313ac57f2725d54?s=96&d=mm&r=g","caption":"Redacci\u00f3n"},"sameAs":["https:\/\/soledaddurazo.com"]}]}},"_links":{"self":[{"href":"https:\/\/soledaddurazo.com\/api\/wp\/v2\/posts\/25066","targetHints":{"allow":["GET"]}}],"collection":[{"href":"https:\/\/soledaddurazo.com\/api\/wp\/v2\/posts"}],"about":[{"href":"https:\/\/soledaddurazo.com\/api\/wp\/v2\/types\/post"}],"author":[{"embeddable":true,"href":"https:\/\/soledaddurazo.com\/api\/wp\/v2\/users\/1"}],"replies":[{"embeddable":true,"href":"https:\/\/soledaddurazo.com\/api\/wp\/v2\/comments?post=25066"}],"version-history":[{"count":1,"href":"https:\/\/soledaddurazo.com\/api\/wp\/v2\/posts\/25066\/revisions"}],"predecessor-version":[{"id":25068,"href":"https:\/\/soledaddurazo.com\/api\/wp\/v2\/posts\/25066\/revisions\/25068"}],"wp:featuredmedia":[{"embeddable":true,"href":"https:\/\/soledaddurazo.com\/api\/wp\/v2\/media\/25067"}],"wp:attachment":[{"href":"https:\/\/soledaddurazo.com\/api\/wp\/v2\/media?parent=25066"}],"wp:term":[{"taxonomy":"category","embeddable":true,"href":"https:\/\/soledaddurazo.com\/api\/wp\/v2\/categories?post=25066"},{"taxonomy":"post_tag","embeddable":true,"href":"https:\/\/soledaddurazo.com\/api\/wp\/v2\/tags?post=25066"}],"curies":[{"name":"wp","href":"https:\/\/api.w.org\/{rel}","templated":true}]}}