{"id":25059,"date":"2026-04-30T10:32:03","date_gmt":"2026-04-30T17:32:03","guid":{"rendered":"https:\/\/soledaddurazo.com\/?p=25059"},"modified":"2026-04-30T10:32:03","modified_gmt":"2026-04-30T17:32:03","slug":"captura-de-el-jardinero-debilita-estructura-del-cjng-y-podria-generar-reacomodos-criminales","status":"publish","type":"post","link":"https:\/\/soledaddurazo.com\/blog\/2026\/04\/30\/captura-de-el-jardinero-debilita-estructura-del-cjng-y-podria-generar-reacomodos-criminales\/","title":{"rendered":"Captura de \u201cEl Jardinero\u201d debilita estructura del CJNG y podr\u00eda generar reacomodos criminales"},"content":{"rendered":"<p>El analista V\u00edctor S\u00e1nchez advirti\u00f3 que la detenci\u00f3n impacta la expansi\u00f3n y alianzas del grupo delictivo.<\/p>\n<p>Hermosillo, Sonora.- La captura de Javier Flores Silva, alias \u201cEl Jardinero\u201d, representa un golpe significativo para el C\u00e1rtel Jalisco Nueva Generaci\u00f3n (CJNG), al tratarse de uno de sus principales operadores y pieza clave en su proceso de expansi\u00f3n, se\u00f1al\u00f3 el analista en seguridad V\u00edctor S\u00e1nchez en entrevista con la periodista Soledad Durazo para Radio F\u00f3rmula Sonora.<\/p>\n<p>El especialista explic\u00f3 que esta detenci\u00f3n se suma a recientes acciones contra liderazgos del grupo criminal, lo que impacta no solo su estructura interna, sino tambi\u00e9n el \u00e1nimo de sus mandos.<\/p>\n<p>\u201cNo hay certeza para los liderazgos de que no puedan ser los siguientes en la lista\u201d, indic\u00f3.<\/p>\n<p>S\u00e1nchez detall\u00f3 que \u201cEl Jardinero\u201d ten\u00eda un papel relevante en la expansi\u00f3n territorial del CJNG, particularmente en estados como Guerrero y Morelos, adem\u00e1s de fungir como enlace en alianzas con otros grupos del crimen organizado.<\/p>\n<p>Entre las posibles consecuencias, mencion\u00f3 un debilitamiento en zonas clave como Nayarit, donde el grupo manten\u00eda una fuerte presencia. Este escenario, dijo, podr\u00eda abrir la puerta al regreso de otras organizaciones criminales, lo que incrementar\u00eda el riesgo de violencia.<\/p>\n<p>Asimismo, se\u00f1al\u00f3 que la captura podr\u00eda derivar tanto de labores de inteligencia prolongadas como de posibles conflictos internos dentro del propio c\u00e1rtel, aunque aclar\u00f3 que esto \u00faltimo se mantiene como una hip\u00f3tesis.<\/p>\n<p>El analista tambi\u00e9n explic\u00f3 que la disminuci\u00f3n de homicidios en algunas regiones no necesariamente implica una pacificaci\u00f3n real, sino que puede responder al control hegem\u00f3nico de un solo grupo criminal sobre el territorio.<\/p>\n<p>Finalmente, advirti\u00f3 que, aunque el CJNG podr\u00eda estar enfrentando un debilitamiento progresivo, a\u00fan es prematuro afirmar una p\u00e9rdida total de su poder, ya que esto depender\u00e1 de futuras detenciones de otros l\u00edderes relevantes.<\/p>\n","protected":false},"excerpt":{"rendered":"<p>El analista V\u00edctor S\u00e1nchez advirti\u00f3 que la detenci\u00f3n impacta la expansi\u00f3n y alianzas del grupo delictivo. Hermosillo, Sonora.- La captura de Javier Flores Silva, alias \u201cEl Jardinero\u201d, representa un golpe significativo para el C\u00e1rtel Jalisco Nueva Generaci\u00f3n (CJNG), al tratarse de uno de sus principales operadores y pieza clave en su proceso de expansi\u00f3n, se\u00f1al\u00f3 [&hellip;]<\/p>\n","protected":false},"author":1,"featured_media":0,"comment_status":"open","ping_status":"open","sticky":false,"template":"","format":"standard","meta":{"footnotes":""},"categories":[162],"tags":[],"class_list":["post"],"yoast_head":" \n<title>Captura de \u201cEl Jardinero\u201d debilita estructura del CJNG y podr\u00eda generar reacomodos criminales - Periodista SoledadDurazo.com<\/title>\n<meta name=\"robots\" content=\"index, follow, max-snippet:-1, max-image-preview:large, max-video-preview:-1\" \/>\n<link rel=\"canonical\" href=\"https:\/\/soledaddurazo.com\/blog\/2026\/04\/30\/captura-de-el-jardinero-debilita-estructura-del-cjng-y-podria-generar-reacomodos-criminales\/\" \/>\n<meta property=\"og:locale\" content=\"es_MX\" \/>\n<meta property=\"og:type\" content=\"article\" \/>\n<meta property=\"og:title\" content=\"Captura de \u201cEl Jardinero\u201d debilita estructura del CJNG y podr\u00eda generar reacomodos criminales\" \/>\n<meta property=\"og:description\" content=\"El analista V\u00edctor S\u00e1nchez advirti\u00f3 que la detenci\u00f3n impacta la expansi\u00f3n y alianzas del grupo delictivo. Hermosillo, Sonora.- La captura de Javier Flores Silva, alias \u201cEl Jardinero\u201d, representa un golpe significativo para el C\u00e1rtel Jalisco Nueva Generaci\u00f3n (CJNG), al tratarse de uno de sus principales operadores y pieza clave en su proceso de expansi\u00f3n, se\u00f1al\u00f3 [&hellip;]\" \/>\n<meta property=\"og:url\" content=\"https:\/\/soledaddurazo.com\/blog\/2026\/04\/30\/captura-de-el-jardinero-debilita-estructura-del-cjng-y-podria-generar-reacomodos-criminales\/\" \/>\n<meta property=\"og:site_name\" content=\"Periodista SoledadDurazo.com\" \/>\n<meta property=\"article:publisher\" content=\"https:\/\/www.facebook.com\/soledad.durazo.9\/\" \/>\n<meta property=\"article:published_time\" content=\"2026-04-30T17:32:03+00:00\" \/>\n<meta name=\"twitter:card\" content=\"summary_large_image\" \/>\n<meta name=\"twitter:creator\" content=\"@SoledadDurazo\" \/>\n<meta name=\"twitter:site\" content=\"@SoledadDurazo\" \/>\n<meta name=\"twitter:label1\" content=\"Escrito por\" \/>\n\t<meta name=\"twitter:data1\" content=\"Redacci\u00f3n\" \/>\n\t<meta name=\"twitter:label2\" content=\"Tiempo de lectura\" \/>\n\t<meta name=\"twitter:data2\" content=\"2 minutos\" \/>\n<script type=\"application\/ld+json\" class=\"yoast-schema-graph\">{\"@context\":\"https:\/\/schema.org\",\"@graph\":[{\"@type\":\"Organization\",\"@id\":\"https:\/\/soledaddurazo.com\/#organization\",\"name\":\"Soledad Durazo\",\"url\":\"https:\/\/soledaddurazo.com\/\",\"sameAs\":[\"https:\/\/www.facebook.com\/soledad.durazo.9\/\",\"https:\/\/www.instagram.com\/soledaddurazo\",\"https:\/\/www.youtube.com\/channel\/UC9yGPw8-Vbl_B2XNkRwPS-w\",\"https:\/\/twitter.com\/SoledadDurazo\"],\"logo\":{\"@type\":\"ImageObject\",\"@id\":\"https:\/\/soledaddurazo.com\/#logo\",\"inLanguage\":\"es\",\"url\":\"https:\/\/soledaddurazo.com\/storage\/2021\/11\/nllp-720x375-1-2.png\",\"contentUrl\":\"https:\/\/soledaddurazo.com\/storage\/2021\/11\/nllp-720x375-1-2.png\",\"width\":720,\"height\":375,\"caption\":\"Soledad Durazo\"},\"image\":{\"@id\":\"https:\/\/soledaddurazo.com\/#logo\"}},{\"@type\":\"WebSite\",\"@id\":\"https:\/\/soledaddurazo.com\/#website\",\"url\":\"https:\/\/soledaddurazo.com\/\",\"name\":\"Periodista SoledadDurazo.com\",\"description\":\"Periodista sonorense. Directora de www.SoledadDurazo.com Columnista, conductora de radio y Tv. Catedr\\u00e1tica en la UNISON\",\"publisher\":{\"@id\":\"https:\/\/soledaddurazo.com\/#organization\"},\"potentialAction\":[{\"@type\":\"SearchAction\",\"target\":{\"@type\":\"EntryPoint\",\"urlTemplate\":\"https:\/\/soledaddurazo.com\/?s={search_term_string}\"},\"query-input\":\"required name=search_term_string\"}],\"inLanguage\":\"es\"},{\"@type\":\"WebPage\",\"@id\":\"https:\/\/soledaddurazo.com\/blog\/2026\/04\/30\/captura-de-el-jardinero-debilita-estructura-del-cjng-y-podria-generar-reacomodos-criminales\/#webpage\",\"url\":\"https:\/\/soledaddurazo.com\/blog\/2026\/04\/30\/captura-de-el-jardinero-debilita-estructura-del-cjng-y-podria-generar-reacomodos-criminales\/\",\"name\":\"Captura de \\u201cEl Jardinero\\u201d debilita estructura del CJNG y podr\\u00eda generar reacomodos criminales - Periodista SoledadDurazo.com\",\"isPartOf\":{\"@id\":\"https:\/\/soledaddurazo.com\/#website\"},\"datePublished\":\"2026-04-30T17:32:03+00:00\",\"dateModified\":\"2026-04-30T17:32:03+00:00\",\"breadcrumb\":{\"@id\":\"https:\/\/soledaddurazo.com\/blog\/2026\/04\/30\/captura-de-el-jardinero-debilita-estructura-del-cjng-y-podria-generar-reacomodos-criminales\/#breadcrumb\"},\"inLanguage\":\"es\",\"potentialAction\":[{\"@type\":\"ReadAction\",\"target\":[\"https:\/\/soledaddurazo.com\/blog\/2026\/04\/30\/captura-de-el-jardinero-debilita-estructura-del-cjng-y-podria-generar-reacomodos-criminales\/\"]}]},{\"@type\":\"BreadcrumbList\",\"@id\":\"https:\/\/soledaddurazo.com\/blog\/2026\/04\/30\/captura-de-el-jardinero-debilita-estructura-del-cjng-y-podria-generar-reacomodos-criminales\/#breadcrumb\",\"itemListElement\":[{\"@type\":\"ListItem\",\"position\":1,\"name\":\"Home\",\"item\":\"https:\/\/soledaddurazo.com\/\"},{\"@type\":\"ListItem\",\"position\":2,\"name\":\"Captura de \\u201cEl Jardinero\\u201d debilita estructura del CJNG y podr\\u00eda generar reacomodos criminales\"}]},{\"@type\":\"Article\",\"@id\":\"https:\/\/soledaddurazo.com\/blog\/2026\/04\/30\/captura-de-el-jardinero-debilita-estructura-del-cjng-y-podria-generar-reacomodos-criminales\/#article\",\"isPartOf\":{\"@id\":\"https:\/\/soledaddurazo.com\/blog\/2026\/04\/30\/captura-de-el-jardinero-debilita-estructura-del-cjng-y-podria-generar-reacomodos-criminales\/#webpage\"},\"author\":{\"@id\":\"https:\/\/soledaddurazo.com\/#\/schema\/person\/822d8e13aa288585e6546f179853758b\"},\"headline\":\"Captura de \\u201cEl Jardinero\\u201d debilita estructura del CJNG y podr\\u00eda generar reacomodos criminales\",\"datePublished\":\"2026-04-30T17:32:03+00:00\",\"dateModified\":\"2026-04-30T17:32:03+00:00\",\"mainEntityOfPage\":{\"@id\":\"https:\/\/soledaddurazo.com\/blog\/2026\/04\/30\/captura-de-el-jardinero-debilita-estructura-del-cjng-y-podria-generar-reacomodos-criminales\/#webpage\"},\"wordCount\":339,\"commentCount\":0,\"publisher\":{\"@id\":\"https:\/\/soledaddurazo.com\/#organization\"},\"articleSection\":[\"Lo digo como es\"],\"inLanguage\":\"es\",\"potentialAction\":[{\"@type\":\"CommentAction\",\"name\":\"Comment\",\"target\":[\"https:\/\/soledaddurazo.com\/blog\/2026\/04\/30\/captura-de-el-jardinero-debilita-estructura-del-cjng-y-podria-generar-reacomodos-criminales\/#respond\"]}]},{\"@type\":\"Person\",\"@id\":\"https:\/\/soledaddurazo.com\/#\/schema\/person\/822d8e13aa288585e6546f179853758b\",\"name\":\"Redacci\\u00f3n\",\"image\":{\"@type\":\"ImageObject\",\"@id\":\"https:\/\/soledaddurazo.com\/#personlogo\",\"inLanguage\":\"es\",\"url\":\"https:\/\/secure.gravatar.com\/avatar\/c4e193752f756fd61f04deebed3a3a20dc188d37edb53682d313ac57f2725d54?s=96&d=mm&r=g\",\"contentUrl\":\"https:\/\/secure.gravatar.com\/avatar\/c4e193752f756fd61f04deebed3a3a20dc188d37edb53682d313ac57f2725d54?s=96&d=mm&r=g\",\"caption\":\"Redacci\\u00f3n\"},\"sameAs\":[\"https:\/\/soledaddurazo.com\"]}]}<\/script>\n ","yoast_head_json":{"title":"Captura de \u201cEl Jardinero\u201d debilita estructura del CJNG y podr\u00eda generar reacomodos criminales - Periodista SoledadDurazo.com","robots":{"index":"index","follow":"follow","max-snippet":"max-snippet:-1","max-image-preview":"max-image-preview:large","max-video-preview":"max-video-preview:-1"},"canonical":"https:\/\/soledaddurazo.com\/blog\/2026\/04\/30\/captura-de-el-jardinero-debilita-estructura-del-cjng-y-podria-generar-reacomodos-criminales\/","og_locale":"es_MX","og_type":"article","og_title":"Captura de \u201cEl Jardinero\u201d debilita estructura del CJNG y podr\u00eda generar reacomodos criminales","og_description":"El analista V\u00edctor S\u00e1nchez advirti\u00f3 que la detenci\u00f3n impacta la expansi\u00f3n y alianzas del grupo delictivo. Hermosillo, Sonora.- La captura de Javier Flores Silva, alias \u201cEl Jardinero\u201d, representa un golpe significativo para el C\u00e1rtel Jalisco Nueva Generaci\u00f3n (CJNG), al tratarse de uno de sus principales operadores y pieza clave en su proceso de expansi\u00f3n, se\u00f1al\u00f3 [&hellip;]","og_url":"https:\/\/soledaddurazo.com\/blog\/2026\/04\/30\/captura-de-el-jardinero-debilita-estructura-del-cjng-y-podria-generar-reacomodos-criminales\/","og_site_name":"Periodista SoledadDurazo.com","article_publisher":"https:\/\/www.facebook.com\/soledad.durazo.9\/","article_published_time":"2026-04-30T17:32:03+00:00","twitter_card":"summary_large_image","twitter_creator":"@SoledadDurazo","twitter_site":"@SoledadDurazo","twitter_misc":{"Escrito por":"Redacci\u00f3n","Tiempo de lectura":"2 minutos"},"schema":{"@context":"https:\/\/schema.org","@graph":[{"@type":"Organization","@id":"https:\/\/soledaddurazo.com\/#organization","name":"Soledad Durazo","url":"https:\/\/soledaddurazo.com\/","sameAs":["https:\/\/www.facebook.com\/soledad.durazo.9\/","https:\/\/www.instagram.com\/soledaddurazo","https:\/\/www.youtube.com\/channel\/UC9yGPw8-Vbl_B2XNkRwPS-w","https:\/\/twitter.com\/SoledadDurazo"],"logo":{"@type":"ImageObject","@id":"https:\/\/soledaddurazo.com\/#logo","inLanguage":"es","url":"https:\/\/soledaddurazo.com\/storage\/2021\/11\/nllp-720x375-1-2.png","contentUrl":"https:\/\/soledaddurazo.com\/storage\/2021\/11\/nllp-720x375-1-2.png","width":720,"height":375,"caption":"Soledad Durazo"},"image":{"@id":"https:\/\/soledaddurazo.com\/#logo"}},{"@type":"WebSite","@id":"https:\/\/soledaddurazo.com\/#website","url":"https:\/\/soledaddurazo.com\/","name":"Periodista SoledadDurazo.com","description":"Periodista sonorense. Directora de www.SoledadDurazo.com Columnista, conductora de radio y Tv. Catedr\u00e1tica en la UNISON","publisher":{"@id":"https:\/\/soledaddurazo.com\/#organization"},"potentialAction":[{"@type":"SearchAction","target":{"@type":"EntryPoint","urlTemplate":"https:\/\/soledaddurazo.com\/?s={search_term_string}"},"query-input":"required name=search_term_string"}],"inLanguage":"es"},{"@type":"WebPage","@id":"https:\/\/soledaddurazo.com\/blog\/2026\/04\/30\/captura-de-el-jardinero-debilita-estructura-del-cjng-y-podria-generar-reacomodos-criminales\/#webpage","url":"https:\/\/soledaddurazo.com\/blog\/2026\/04\/30\/captura-de-el-jardinero-debilita-estructura-del-cjng-y-podria-generar-reacomodos-criminales\/","name":"Captura de \u201cEl Jardinero\u201d debilita estructura del CJNG y podr\u00eda generar reacomodos criminales - Periodista SoledadDurazo.com","isPartOf":{"@id":"https:\/\/soledaddurazo.com\/#website"},"datePublished":"2026-04-30T17:32:03+00:00","dateModified":"2026-04-30T17:32:03+00:00","breadcrumb":{"@id":"https:\/\/soledaddurazo.com\/blog\/2026\/04\/30\/captura-de-el-jardinero-debilita-estructura-del-cjng-y-podria-generar-reacomodos-criminales\/#breadcrumb"},"inLanguage":"es","potentialAction":[{"@type":"ReadAction","target":["https:\/\/soledaddurazo.com\/blog\/2026\/04\/30\/captura-de-el-jardinero-debilita-estructura-del-cjng-y-podria-generar-reacomodos-criminales\/"]}]},{"@type":"BreadcrumbList","@id":"https:\/\/soledaddurazo.com\/blog\/2026\/04\/30\/captura-de-el-jardinero-debilita-estructura-del-cjng-y-podria-generar-reacomodos-criminales\/#breadcrumb","itemListElement":[{"@type":"ListItem","position":1,"name":"Home","item":"https:\/\/soledaddurazo.com\/"},{"@type":"ListItem","position":2,"name":"Captura de \u201cEl Jardinero\u201d debilita estructura del CJNG y podr\u00eda generar reacomodos criminales"}]},{"@type":"Article","@id":"https:\/\/soledaddurazo.com\/blog\/2026\/04\/30\/captura-de-el-jardinero-debilita-estructura-del-cjng-y-podria-generar-reacomodos-criminales\/#article","isPartOf":{"@id":"https:\/\/soledaddurazo.com\/blog\/2026\/04\/30\/captura-de-el-jardinero-debilita-estructura-del-cjng-y-podria-generar-reacomodos-criminales\/#webpage"},"author":{"@id":"https:\/\/soledaddurazo.com\/#\/schema\/person\/822d8e13aa288585e6546f179853758b"},"headline":"Captura de \u201cEl Jardinero\u201d debilita estructura del CJNG y podr\u00eda generar reacomodos criminales","datePublished":"2026-04-30T17:32:03+00:00","dateModified":"2026-04-30T17:32:03+00:00","mainEntityOfPage":{"@id":"https:\/\/soledaddurazo.com\/blog\/2026\/04\/30\/captura-de-el-jardinero-debilita-estructura-del-cjng-y-podria-generar-reacomodos-criminales\/#webpage"},"wordCount":339,"commentCount":0,"publisher":{"@id":"https:\/\/soledaddurazo.com\/#organization"},"articleSection":["Lo digo como es"],"inLanguage":"es","potentialAction":[{"@type":"CommentAction","name":"Comment","target":["https:\/\/soledaddurazo.com\/blog\/2026\/04\/30\/captura-de-el-jardinero-debilita-estructura-del-cjng-y-podria-generar-reacomodos-criminales\/#respond"]}]},{"@type":"Person","@id":"https:\/\/soledaddurazo.com\/#\/schema\/person\/822d8e13aa288585e6546f179853758b","name":"Redacci\u00f3n","image":{"@type":"ImageObject","@id":"https:\/\/soledaddurazo.com\/#personlogo","inLanguage":"es","url":"https:\/\/secure.gravatar.com\/avatar\/c4e193752f756fd61f04deebed3a3a20dc188d37edb53682d313ac57f2725d54?s=96&d=mm&r=g","contentUrl":"https:\/\/secure.gravatar.com\/avatar\/c4e193752f756fd61f04deebed3a3a20dc188d37edb53682d313ac57f2725d54?s=96&d=mm&r=g","caption":"Redacci\u00f3n"},"sameAs":["https:\/\/soledaddurazo.com"]}]}},"_links":{"self":[{"href":"https:\/\/soledaddurazo.com\/api\/wp\/v2\/posts\/25059","targetHints":{"allow":["GET"]}}],"collection":[{"href":"https:\/\/soledaddurazo.com\/api\/wp\/v2\/posts"}],"about":[{"href":"https:\/\/soledaddurazo.com\/api\/wp\/v2\/types\/post"}],"author":[{"embeddable":true,"href":"https:\/\/soledaddurazo.com\/api\/wp\/v2\/users\/1"}],"replies":[{"embeddable":true,"href":"https:\/\/soledaddurazo.com\/api\/wp\/v2\/comments?post=25059"}],"version-history":[{"count":1,"href":"https:\/\/soledaddurazo.com\/api\/wp\/v2\/posts\/25059\/revisions"}],"predecessor-version":[{"id":25060,"href":"https:\/\/soledaddurazo.com\/api\/wp\/v2\/posts\/25059\/revisions\/25060"}],"wp:attachment":[{"href":"https:\/\/soledaddurazo.com\/api\/wp\/v2\/media?parent=25059"}],"wp:term":[{"taxonomy":"category","embeddable":true,"href":"https:\/\/soledaddurazo.com\/api\/wp\/v2\/categories?post=25059"},{"taxonomy":"post_tag","embeddable":true,"href":"https:\/\/soledaddurazo.com\/api\/wp\/v2\/tags?post=25059"}],"curies":[{"name":"wp","href":"https:\/\/api.w.org\/{rel}","templated":true}]}}