{"id":25052,"date":"2026-04-30T08:36:13","date_gmt":"2026-04-30T15:36:13","guid":{"rendered":"https:\/\/soledaddurazo.com\/?p=25052"},"modified":"2026-04-30T08:36:13","modified_gmt":"2026-04-30T15:36:13","slug":"el-breve-tiempo-de-la-infancia","status":"publish","type":"post","link":"https:\/\/soledaddurazo.com\/blog\/2026\/04\/30\/el-breve-tiempo-de-la-infancia\/","title":{"rendered":"El breve tiempo de la infancia"},"content":{"rendered":"<section class=\"text-token-text-primary w-full focus:outline-none [--shadow-height:45px] has-data-writing-block:pointer-events-none has-data-writing-block:-mt-(--shadow-height) has-data-writing-block:pt-(--shadow-height) [&amp;:has([data-writing-block])&gt;*]:pointer-events-auto [content-visibility:auto] supports-[content-visibility:auto]:[contain-intrinsic-size:auto_100lvh] R6Vx5W_threadScrollVars scroll-mb-[calc(var(--scroll-root-safe-area-inset-bottom,0px)+var(--thread-response-height))] scroll-mt-[calc(var(--header-height)+min(200px,max(70px,20svh)))]\" dir=\"auto\" data-turn-id=\"request-WEB:6e50aeca-bffc-428e-8347-f1e24af48a18-1\" data-testid=\"conversation-turn-4\" data-scroll-anchor=\"false\" data-turn=\"assistant\">\n<div class=\"text-base my-auto mx-auto pb-10 [--thread-content-margin:var(--thread-content-margin-xs,calc(var(--spacing)*4))] @w-sm\/main:[--thread-content-margin:var(--thread-content-margin-sm,calc(var(--spacing)*6))] @w-lg\/main:[--thread-content-margin:var(--thread-content-margin-lg,calc(var(--spacing)*16))] px-(--thread-content-margin)\">\n<div class=\"[--thread-content-max-width:40rem] @w-lg\/main:[--thread-content-max-width:48rem] mx-auto max-w-(--thread-content-max-width) flex-1 group\/turn-messages focus-visible:outline-hidden relative flex w-full min-w-0 flex-col agent-turn\">\n<div class=\"flex max-w-full flex-col gap-4 grow\">\n<div class=\"min-h-8 text-message relative flex w-full flex-col items-end gap-2 text-start break-words whitespace-normal outline-none keyboard-focused:focus-ring [.text-message+&amp;]:mt-1\" dir=\"auto\" tabindex=\"0\" data-message-author-role=\"assistant\" data-message-id=\"4c61d692-6ba0-45c3-ab7e-25d003a6c41a\" data-message-model-slug=\"gpt-5-3\" data-turn-start-message=\"true\">\n<div class=\"flex w-full flex-col gap-1 empty:hidden\">\n<div class=\"markdown prose dark:prose-invert w-full wrap-break-word light markdown-new-styling\">\n<p data-start=\"57\" data-end=\"496\">La infancia suele percibirse como una etapa breve, casi fugaz, que se escapa sin que apenas nos demos cuenta. Aunque en t\u00e9rminos cronol\u00f3gicos puede abarcar varios a\u00f1os, la manera en que la vivimos \u2014intensa, cambiante y llena de descubrimientos\u2014 hace que, en retrospectiva, parezca mucho m\u00e1s corta de lo que realmente fue. Esta sensaci\u00f3n tiene explicaciones tanto emocionales como sociales.<\/p>\n<p data-start=\"498\" data-end=\"1091\">En primer lugar, la infancia \u201cdura poco\u201d porque es una etapa de constante transformaci\u00f3n. Durante esos a\u00f1os, el crecimiento f\u00edsico, cognitivo y emocional ocurre a gran velocidad. Cada experiencia es nueva: aprender a hablar, hacer amigos, ir a la escuela o descubrir intereses. Esta acumulaci\u00f3n de primeras veces hace que el tiempo se perciba de forma distinta; los d\u00edas pueden parecer largos, pero los a\u00f1os se comprimen en la memoria. Adem\u00e1s, al llegar a la adolescencia y la adultez, las responsabilidades aumentan, lo que genera un contraste que hace que la infancia parezca a\u00fan m\u00e1s lejana.<\/p>\n<figure id=\"attachment_25054\" aria-describedby=\"caption-attachment-25054\" style=\"width: 612px\" class=\"wp-caption aligncenter\"><a href=\"https:\/\/soledaddurazo.com\/storage\/2026\/04\/ninos-3.jpg\"><img loading=\"lazy\" decoding=\"async\" class=\"size-full wp-image-25054\" src=\"https:\/\/soledaddurazo.com\/storage\/2026\/04\/ninos-3.jpg\" alt=\"\" width=\"612\" height=\"409\" srcset=\"https:\/\/soledaddurazo.com\/storage\/2026\/04\/ninos-3.jpg 612w, https:\/\/soledaddurazo.com\/storage\/2026\/04\/ninos-3-300x200.jpg 300w, https:\/\/soledaddurazo.com\/storage\/2026\/04\/ninos-3-600x401.jpg 600w\" sizes=\"auto, (max-width: 612px) 100vw, 612px\" \/><\/a><figcaption id=\"caption-attachment-25054\" class=\"wp-caption-text\">Group of happy little children having fun in the park.<\/figcaption><\/figure>\n<p data-start=\"1093\" data-end=\"1449\"><strong data-start=\"1093\" data-end=\"1137\">Lo positivo de que la infancia sea corta<\/strong><br data-start=\"1137\" data-end=\"1140\" \/>Desde el punto de vista positivo, que la infancia sea corta cumple una funci\u00f3n importante. Permite que el ser humano se prepare relativamente r\u00e1pido para enfrentar la vida adulta. El paso a nuevas etapas trae consigo autonom\u00eda, capacidad de decisi\u00f3n y la posibilidad de construir un proyecto de vida propio.<\/p>\n<p data-start=\"1451\" data-end=\"1737\">Adem\u00e1s, su brevedad la convierte en un periodo especialmente valioso. Al no ser permanente, se atesora m\u00e1s: est\u00e1 lleno de recuerdos significativos que muchas veces sirven como refugio emocional en momentos dif\u00edciles. La infancia, entonces, adquiere un car\u00e1cter casi \u00fanico e irrepetible.<\/p>\n<p data-start=\"1739\" data-end=\"2264\"><strong data-start=\"1739\" data-end=\"1769\">Lo negativo de su brevedad<\/strong><br data-start=\"1769\" data-end=\"1772\" \/>Sin embargo, tambi\u00e9n hay aspectos negativos en esta caracter\u00edstica. Uno de los principales es que no todos los ni\u00f1os tienen la oportunidad de disfrutar plenamente esta etapa. En contextos de pobreza, violencia o exigencias tempranas, la infancia puede acortarse a\u00fan m\u00e1s, obligando a asumir responsabilidades adultas antes de tiempo. Incluso en entornos favorables, la presi\u00f3n acad\u00e9mica o el exceso de actividades pueden reducir el espacio para el juego, que es fundamental para el desarrollo.<\/p>\n<p data-start=\"2266\" data-end=\"2577\">Otro aspecto negativo es la nostalgia que deja su paso. Al mirar atr\u00e1s, muchas personas sienten que no aprovecharon lo suficiente esos a\u00f1os o que no eran conscientes de su valor en el momento. Esta idealizaci\u00f3n puede generar una sensaci\u00f3n de p\u00e9rdida, como si algo irrepetible hubiera terminado demasiado pronto.<\/p>\n<p data-start=\"2579\" data-end=\"3056\" data-is-last-node=\"\" data-is-only-node=\"\">La infancia dura poco no solo por su extensi\u00f3n real, sino por la intensidad con la que se vive y la rapidez con la que da paso a nuevas etapas. Su brevedad tiene ventajas, como impulsar el crecimiento y darle un car\u00e1cter especial, pero tambi\u00e9n implica riesgos cuando no se protege adecuadamente. Por ello, m\u00e1s que lamentar que sea corta, el reto est\u00e1 en garantizar que cada infancia sea plena, significativa y digna de ser recordada con alegr\u00eda.<\/p>\n<\/div>\n<\/div>\n<\/div>\n<\/div>\n<div class=\"z-0 flex min-h-[46px] justify-start\"><\/div>\n<\/div>\n<\/div>\n<\/section>\n<div class=\"pointer-events-none -mt-px h-px translate-y-[calc(var(--scroll-root-safe-area-inset-bottom)-14*var(--spacing))]\" aria-hidden=\"true\"><\/div>\n","protected":false},"excerpt":{"rendered":"<p>La infancia suele percibirse como una etapa breve, casi fugaz, que se escapa sin que apenas nos demos cuenta. Aunque en t\u00e9rminos cronol\u00f3gicos puede abarcar varios a\u00f1os, la manera en que la vivimos \u2014intensa, cambiante y llena de descubrimientos\u2014 hace que, en retrospectiva, parezca mucho m\u00e1s corta de lo que realmente fue. Esta sensaci\u00f3n tiene [&hellip;]<\/p>\n","protected":false},"author":1,"featured_media":25053,"comment_status":"open","ping_status":"open","sticky":false,"template":"","format":"standard","meta":{"footnotes":""},"categories":[153],"tags":[],"class_list":["post"],"yoast_head":" \n<title>El breve tiempo de la infancia - Periodista SoledadDurazo.com<\/title>\n<meta name=\"robots\" content=\"index, follow, max-snippet:-1, max-image-preview:large, max-video-preview:-1\" \/>\n<link rel=\"canonical\" href=\"https:\/\/soledaddurazo.com\/blog\/2026\/04\/30\/el-breve-tiempo-de-la-infancia\/\" \/>\n<meta property=\"og:locale\" content=\"es_MX\" \/>\n<meta property=\"og:type\" content=\"article\" \/>\n<meta property=\"og:title\" content=\"El breve tiempo de la infancia\" \/>\n<meta property=\"og:description\" content=\"La infancia suele percibirse como una etapa breve, casi fugaz, que se escapa sin que apenas nos demos cuenta. Aunque en t\u00e9rminos cronol\u00f3gicos puede abarcar varios a\u00f1os, la manera en que la vivimos \u2014intensa, cambiante y llena de descubrimientos\u2014 hace que, en retrospectiva, parezca mucho m\u00e1s corta de lo que realmente fue. Esta sensaci\u00f3n tiene [&hellip;]\" \/>\n<meta property=\"og:url\" content=\"https:\/\/soledaddurazo.com\/blog\/2026\/04\/30\/el-breve-tiempo-de-la-infancia\/\" \/>\n<meta property=\"og:site_name\" content=\"Periodista SoledadDurazo.com\" \/>\n<meta property=\"article:publisher\" content=\"https:\/\/www.facebook.com\/soledad.durazo.9\/\" \/>\n<meta property=\"article:published_time\" content=\"2026-04-30T15:36:13+00:00\" \/>\n<meta name=\"twitter:card\" content=\"summary_large_image\" \/>\n<meta name=\"twitter:image\" content=\"https:\/\/soledaddurazo.com\/storage\/2026\/04\/4250e65c0825-gettyimages-1271344172.webp\" \/>\n<meta name=\"twitter:creator\" content=\"@SoledadDurazo\" \/>\n<meta name=\"twitter:site\" content=\"@SoledadDurazo\" \/>\n<meta name=\"twitter:label1\" content=\"Escrito por\" \/>\n\t<meta name=\"twitter:data1\" content=\"Redacci\u00f3n\" \/>\n\t<meta name=\"twitter:label2\" content=\"Tiempo de lectura\" \/>\n\t<meta name=\"twitter:data2\" content=\"3 minutos\" \/>\n<script type=\"application\/ld+json\" class=\"yoast-schema-graph\">{\"@context\":\"https:\/\/schema.org\",\"@graph\":[{\"@type\":\"Organization\",\"@id\":\"https:\/\/soledaddurazo.com\/#organization\",\"name\":\"Soledad Durazo\",\"url\":\"https:\/\/soledaddurazo.com\/\",\"sameAs\":[\"https:\/\/www.facebook.com\/soledad.durazo.9\/\",\"https:\/\/www.instagram.com\/soledaddurazo\",\"https:\/\/www.youtube.com\/channel\/UC9yGPw8-Vbl_B2XNkRwPS-w\",\"https:\/\/twitter.com\/SoledadDurazo\"],\"logo\":{\"@type\":\"ImageObject\",\"@id\":\"https:\/\/soledaddurazo.com\/#logo\",\"inLanguage\":\"es\",\"url\":\"https:\/\/soledaddurazo.com\/storage\/2021\/11\/nllp-720x375-1-2.png\",\"contentUrl\":\"https:\/\/soledaddurazo.com\/storage\/2021\/11\/nllp-720x375-1-2.png\",\"width\":720,\"height\":375,\"caption\":\"Soledad Durazo\"},\"image\":{\"@id\":\"https:\/\/soledaddurazo.com\/#logo\"}},{\"@type\":\"WebSite\",\"@id\":\"https:\/\/soledaddurazo.com\/#website\",\"url\":\"https:\/\/soledaddurazo.com\/\",\"name\":\"Periodista SoledadDurazo.com\",\"description\":\"Periodista sonorense. Directora de www.SoledadDurazo.com Columnista, conductora de radio y Tv. Catedr\\u00e1tica en la UNISON\",\"publisher\":{\"@id\":\"https:\/\/soledaddurazo.com\/#organization\"},\"potentialAction\":[{\"@type\":\"SearchAction\",\"target\":{\"@type\":\"EntryPoint\",\"urlTemplate\":\"https:\/\/soledaddurazo.com\/?s={search_term_string}\"},\"query-input\":\"required name=search_term_string\"}],\"inLanguage\":\"es\"},{\"@type\":\"ImageObject\",\"@id\":\"https:\/\/soledaddurazo.com\/blog\/2026\/04\/30\/el-breve-tiempo-de-la-infancia\/#primaryimage\",\"inLanguage\":\"es\",\"url\":\"https:\/\/soledaddurazo.com\/storage\/2026\/04\/4250e65c0825-gettyimages-1271344172.webp\",\"contentUrl\":\"https:\/\/soledaddurazo.com\/storage\/2026\/04\/4250e65c0825-gettyimages-1271344172.webp\",\"width\":1920,\"height\":1080},{\"@type\":\"WebPage\",\"@id\":\"https:\/\/soledaddurazo.com\/blog\/2026\/04\/30\/el-breve-tiempo-de-la-infancia\/#webpage\",\"url\":\"https:\/\/soledaddurazo.com\/blog\/2026\/04\/30\/el-breve-tiempo-de-la-infancia\/\",\"name\":\"El breve tiempo de la infancia - Periodista SoledadDurazo.com\",\"isPartOf\":{\"@id\":\"https:\/\/soledaddurazo.com\/#website\"},\"primaryImageOfPage\":{\"@id\":\"https:\/\/soledaddurazo.com\/blog\/2026\/04\/30\/el-breve-tiempo-de-la-infancia\/#primaryimage\"},\"datePublished\":\"2026-04-30T15:36:13+00:00\",\"dateModified\":\"2026-04-30T15:36:13+00:00\",\"breadcrumb\":{\"@id\":\"https:\/\/soledaddurazo.com\/blog\/2026\/04\/30\/el-breve-tiempo-de-la-infancia\/#breadcrumb\"},\"inLanguage\":\"es\",\"potentialAction\":[{\"@type\":\"ReadAction\",\"target\":[\"https:\/\/soledaddurazo.com\/blog\/2026\/04\/30\/el-breve-tiempo-de-la-infancia\/\"]}]},{\"@type\":\"BreadcrumbList\",\"@id\":\"https:\/\/soledaddurazo.com\/blog\/2026\/04\/30\/el-breve-tiempo-de-la-infancia\/#breadcrumb\",\"itemListElement\":[{\"@type\":\"ListItem\",\"position\":1,\"name\":\"Home\",\"item\":\"https:\/\/soledaddurazo.com\/\"},{\"@type\":\"ListItem\",\"position\":2,\"name\":\"El breve tiempo de la infancia\"}]},{\"@type\":\"Article\",\"@id\":\"https:\/\/soledaddurazo.com\/blog\/2026\/04\/30\/el-breve-tiempo-de-la-infancia\/#article\",\"isPartOf\":{\"@id\":\"https:\/\/soledaddurazo.com\/blog\/2026\/04\/30\/el-breve-tiempo-de-la-infancia\/#webpage\"},\"author\":{\"@id\":\"https:\/\/soledaddurazo.com\/#\/schema\/person\/822d8e13aa288585e6546f179853758b\"},\"headline\":\"El breve tiempo de la infancia\",\"datePublished\":\"2026-04-30T15:36:13+00:00\",\"dateModified\":\"2026-04-30T15:36:13+00:00\",\"mainEntityOfPage\":{\"@id\":\"https:\/\/soledaddurazo.com\/blog\/2026\/04\/30\/el-breve-tiempo-de-la-infancia\/#webpage\"},\"wordCount\":523,\"commentCount\":0,\"publisher\":{\"@id\":\"https:\/\/soledaddurazo.com\/#organization\"},\"image\":{\"@id\":\"https:\/\/soledaddurazo.com\/blog\/2026\/04\/30\/el-breve-tiempo-de-la-infancia\/#primaryimage\"},\"thumbnailUrl\":\"https:\/\/soledaddurazo.com\/storage\/2026\/04\/4250e65c0825-gettyimages-1271344172.webp\",\"articleSection\":[\"principal\"],\"inLanguage\":\"es\",\"potentialAction\":[{\"@type\":\"CommentAction\",\"name\":\"Comment\",\"target\":[\"https:\/\/soledaddurazo.com\/blog\/2026\/04\/30\/el-breve-tiempo-de-la-infancia\/#respond\"]}]},{\"@type\":\"Person\",\"@id\":\"https:\/\/soledaddurazo.com\/#\/schema\/person\/822d8e13aa288585e6546f179853758b\",\"name\":\"Redacci\\u00f3n\",\"image\":{\"@type\":\"ImageObject\",\"@id\":\"https:\/\/soledaddurazo.com\/#personlogo\",\"inLanguage\":\"es\",\"url\":\"https:\/\/secure.gravatar.com\/avatar\/c4e193752f756fd61f04deebed3a3a20dc188d37edb53682d313ac57f2725d54?s=96&d=mm&r=g\",\"contentUrl\":\"https:\/\/secure.gravatar.com\/avatar\/c4e193752f756fd61f04deebed3a3a20dc188d37edb53682d313ac57f2725d54?s=96&d=mm&r=g\",\"caption\":\"Redacci\\u00f3n\"},\"sameAs\":[\"https:\/\/soledaddurazo.com\"]}]}<\/script>\n ","yoast_head_json":{"title":"El breve tiempo de la infancia - Periodista SoledadDurazo.com","robots":{"index":"index","follow":"follow","max-snippet":"max-snippet:-1","max-image-preview":"max-image-preview:large","max-video-preview":"max-video-preview:-1"},"canonical":"https:\/\/soledaddurazo.com\/blog\/2026\/04\/30\/el-breve-tiempo-de-la-infancia\/","og_locale":"es_MX","og_type":"article","og_title":"El breve tiempo de la infancia","og_description":"La infancia suele percibirse como una etapa breve, casi fugaz, que se escapa sin que apenas nos demos cuenta. Aunque en t\u00e9rminos cronol\u00f3gicos puede abarcar varios a\u00f1os, la manera en que la vivimos \u2014intensa, cambiante y llena de descubrimientos\u2014 hace que, en retrospectiva, parezca mucho m\u00e1s corta de lo que realmente fue. Esta sensaci\u00f3n tiene [&hellip;]","og_url":"https:\/\/soledaddurazo.com\/blog\/2026\/04\/30\/el-breve-tiempo-de-la-infancia\/","og_site_name":"Periodista SoledadDurazo.com","article_publisher":"https:\/\/www.facebook.com\/soledad.durazo.9\/","article_published_time":"2026-04-30T15:36:13+00:00","twitter_card":"summary_large_image","twitter_image":"https:\/\/soledaddurazo.com\/storage\/2026\/04\/4250e65c0825-gettyimages-1271344172.webp","twitter_creator":"@SoledadDurazo","twitter_site":"@SoledadDurazo","twitter_misc":{"Escrito por":"Redacci\u00f3n","Tiempo de lectura":"3 minutos"},"schema":{"@context":"https:\/\/schema.org","@graph":[{"@type":"Organization","@id":"https:\/\/soledaddurazo.com\/#organization","name":"Soledad Durazo","url":"https:\/\/soledaddurazo.com\/","sameAs":["https:\/\/www.facebook.com\/soledad.durazo.9\/","https:\/\/www.instagram.com\/soledaddurazo","https:\/\/www.youtube.com\/channel\/UC9yGPw8-Vbl_B2XNkRwPS-w","https:\/\/twitter.com\/SoledadDurazo"],"logo":{"@type":"ImageObject","@id":"https:\/\/soledaddurazo.com\/#logo","inLanguage":"es","url":"https:\/\/soledaddurazo.com\/storage\/2021\/11\/nllp-720x375-1-2.png","contentUrl":"https:\/\/soledaddurazo.com\/storage\/2021\/11\/nllp-720x375-1-2.png","width":720,"height":375,"caption":"Soledad Durazo"},"image":{"@id":"https:\/\/soledaddurazo.com\/#logo"}},{"@type":"WebSite","@id":"https:\/\/soledaddurazo.com\/#website","url":"https:\/\/soledaddurazo.com\/","name":"Periodista SoledadDurazo.com","description":"Periodista sonorense. Directora de www.SoledadDurazo.com Columnista, conductora de radio y Tv. Catedr\u00e1tica en la UNISON","publisher":{"@id":"https:\/\/soledaddurazo.com\/#organization"},"potentialAction":[{"@type":"SearchAction","target":{"@type":"EntryPoint","urlTemplate":"https:\/\/soledaddurazo.com\/?s={search_term_string}"},"query-input":"required name=search_term_string"}],"inLanguage":"es"},{"@type":"ImageObject","@id":"https:\/\/soledaddurazo.com\/blog\/2026\/04\/30\/el-breve-tiempo-de-la-infancia\/#primaryimage","inLanguage":"es","url":"https:\/\/soledaddurazo.com\/storage\/2026\/04\/4250e65c0825-gettyimages-1271344172.webp","contentUrl":"https:\/\/soledaddurazo.com\/storage\/2026\/04\/4250e65c0825-gettyimages-1271344172.webp","width":1920,"height":1080},{"@type":"WebPage","@id":"https:\/\/soledaddurazo.com\/blog\/2026\/04\/30\/el-breve-tiempo-de-la-infancia\/#webpage","url":"https:\/\/soledaddurazo.com\/blog\/2026\/04\/30\/el-breve-tiempo-de-la-infancia\/","name":"El breve tiempo de la infancia - Periodista SoledadDurazo.com","isPartOf":{"@id":"https:\/\/soledaddurazo.com\/#website"},"primaryImageOfPage":{"@id":"https:\/\/soledaddurazo.com\/blog\/2026\/04\/30\/el-breve-tiempo-de-la-infancia\/#primaryimage"},"datePublished":"2026-04-30T15:36:13+00:00","dateModified":"2026-04-30T15:36:13+00:00","breadcrumb":{"@id":"https:\/\/soledaddurazo.com\/blog\/2026\/04\/30\/el-breve-tiempo-de-la-infancia\/#breadcrumb"},"inLanguage":"es","potentialAction":[{"@type":"ReadAction","target":["https:\/\/soledaddurazo.com\/blog\/2026\/04\/30\/el-breve-tiempo-de-la-infancia\/"]}]},{"@type":"BreadcrumbList","@id":"https:\/\/soledaddurazo.com\/blog\/2026\/04\/30\/el-breve-tiempo-de-la-infancia\/#breadcrumb","itemListElement":[{"@type":"ListItem","position":1,"name":"Home","item":"https:\/\/soledaddurazo.com\/"},{"@type":"ListItem","position":2,"name":"El breve tiempo de la infancia"}]},{"@type":"Article","@id":"https:\/\/soledaddurazo.com\/blog\/2026\/04\/30\/el-breve-tiempo-de-la-infancia\/#article","isPartOf":{"@id":"https:\/\/soledaddurazo.com\/blog\/2026\/04\/30\/el-breve-tiempo-de-la-infancia\/#webpage"},"author":{"@id":"https:\/\/soledaddurazo.com\/#\/schema\/person\/822d8e13aa288585e6546f179853758b"},"headline":"El breve tiempo de la infancia","datePublished":"2026-04-30T15:36:13+00:00","dateModified":"2026-04-30T15:36:13+00:00","mainEntityOfPage":{"@id":"https:\/\/soledaddurazo.com\/blog\/2026\/04\/30\/el-breve-tiempo-de-la-infancia\/#webpage"},"wordCount":523,"commentCount":0,"publisher":{"@id":"https:\/\/soledaddurazo.com\/#organization"},"image":{"@id":"https:\/\/soledaddurazo.com\/blog\/2026\/04\/30\/el-breve-tiempo-de-la-infancia\/#primaryimage"},"thumbnailUrl":"https:\/\/soledaddurazo.com\/storage\/2026\/04\/4250e65c0825-gettyimages-1271344172.webp","articleSection":["principal"],"inLanguage":"es","potentialAction":[{"@type":"CommentAction","name":"Comment","target":["https:\/\/soledaddurazo.com\/blog\/2026\/04\/30\/el-breve-tiempo-de-la-infancia\/#respond"]}]},{"@type":"Person","@id":"https:\/\/soledaddurazo.com\/#\/schema\/person\/822d8e13aa288585e6546f179853758b","name":"Redacci\u00f3n","image":{"@type":"ImageObject","@id":"https:\/\/soledaddurazo.com\/#personlogo","inLanguage":"es","url":"https:\/\/secure.gravatar.com\/avatar\/c4e193752f756fd61f04deebed3a3a20dc188d37edb53682d313ac57f2725d54?s=96&d=mm&r=g","contentUrl":"https:\/\/secure.gravatar.com\/avatar\/c4e193752f756fd61f04deebed3a3a20dc188d37edb53682d313ac57f2725d54?s=96&d=mm&r=g","caption":"Redacci\u00f3n"},"sameAs":["https:\/\/soledaddurazo.com"]}]}},"_links":{"self":[{"href":"https:\/\/soledaddurazo.com\/api\/wp\/v2\/posts\/25052","targetHints":{"allow":["GET"]}}],"collection":[{"href":"https:\/\/soledaddurazo.com\/api\/wp\/v2\/posts"}],"about":[{"href":"https:\/\/soledaddurazo.com\/api\/wp\/v2\/types\/post"}],"author":[{"embeddable":true,"href":"https:\/\/soledaddurazo.com\/api\/wp\/v2\/users\/1"}],"replies":[{"embeddable":true,"href":"https:\/\/soledaddurazo.com\/api\/wp\/v2\/comments?post=25052"}],"version-history":[{"count":1,"href":"https:\/\/soledaddurazo.com\/api\/wp\/v2\/posts\/25052\/revisions"}],"predecessor-version":[{"id":25055,"href":"https:\/\/soledaddurazo.com\/api\/wp\/v2\/posts\/25052\/revisions\/25055"}],"wp:featuredmedia":[{"embeddable":true,"href":"https:\/\/soledaddurazo.com\/api\/wp\/v2\/media\/25053"}],"wp:attachment":[{"href":"https:\/\/soledaddurazo.com\/api\/wp\/v2\/media?parent=25052"}],"wp:term":[{"taxonomy":"category","embeddable":true,"href":"https:\/\/soledaddurazo.com\/api\/wp\/v2\/categories?post=25052"},{"taxonomy":"post_tag","embeddable":true,"href":"https:\/\/soledaddurazo.com\/api\/wp\/v2\/tags?post=25052"}],"curies":[{"name":"wp","href":"https:\/\/api.w.org\/{rel}","templated":true}]}}