{"id":25042,"date":"2026-04-29T19:57:12","date_gmt":"2026-04-30T02:57:12","guid":{"rendered":"https:\/\/soledaddurazo.com\/?p=25042"},"modified":"2026-04-29T19:57:12","modified_gmt":"2026-04-30T02:57:12","slug":"realiza-comision-de-justicia-y-derechos-humanos-entrevistas-a-aspirantes-para-la-cedh-2026-2030","status":"publish","type":"post","link":"https:\/\/soledaddurazo.com\/blog\/2026\/04\/29\/realiza-comision-de-justicia-y-derechos-humanos-entrevistas-a-aspirantes-para-la-cedh-2026-2030\/","title":{"rendered":"Realiza Comisi\u00f3n de Justicia y Derechos Humanos entrevistas a aspirantes para la CEDH 2026-2030"},"content":{"rendered":"<p data-start=\"0\" data-end=\"251\">La Comisi\u00f3n de Justicia y Derechos Humanos realiz\u00f3 este d\u00eda las entrevistas a 29 personas aspirantes a encabezar la Comisi\u00f3n Estatal de Derechos Humanos (CEDH) para el periodo 2026-2030, registr\u00e1ndose la inasistencia de una de las personas convocadas.<\/p>\n<p data-start=\"253\" data-end=\"543\">El diputado Ren\u00e9 Edmundo Garc\u00eda Rojo (PT), presidente de la comisi\u00f3n, detall\u00f3 la din\u00e1mica del proceso, en el que cada aspirante cont\u00f3 con 10 minutos: dos para su presentaci\u00f3n inicial y el resto para responder una pregunta general, una espec\u00edfica, as\u00ed como exponer conclusiones y propuestas.<\/p>\n<p data-start=\"545\" data-end=\"793\">Durante las entrevistas, las personas participantes coincidieron en la necesidad de impulsar una reestructuraci\u00f3n integral de la CEDH, orientada a reforzar su autonom\u00eda, profesionalizar al personal y mejorar la eficiencia en la atenci\u00f3n a v\u00edctimas.<\/p>\n<p data-start=\"795\" data-end=\"1111\">Asimismo, se\u00f1alaron como prioridades disminuir el rezago de expedientes, agilizar la emisi\u00f3n de recomendaciones y fortalecer la coordinaci\u00f3n con autoridades municipales y estatales. Tambi\u00e9n plantearon la incorporaci\u00f3n de indicadores de evaluaci\u00f3n para medir el impacto de las acciones en materia de derechos humanos.<\/p>\n<p data-start=\"1113\" data-end=\"1489\">Entre las propuestas destacaron el fortalecimiento de \u00e1reas como Visitadur\u00eda y Atenci\u00f3n a Grupos Vulnerables, as\u00ed como la capacitaci\u00f3n constante del personal. Adem\u00e1s, se propuso acercar la instituci\u00f3n a la ciudadan\u00eda mediante mayor presencia territorial, el uso de plataformas digitales para denuncias y seguimiento de casos, y campa\u00f1as de difusi\u00f3n enfocadas en la prevenci\u00f3n.<\/p>\n<p data-start=\"1491\" data-end=\"1891\">De igual forma, se subray\u00f3 la importancia de dar atenci\u00f3n prioritaria a ni\u00f1as, ni\u00f1os y adolescentes, mujeres, personas migrantes y pueblos ind\u00edgenas, adem\u00e1s de reforzar la colaboraci\u00f3n con organizaciones de la sociedad civil. Varias personas aspirantes enfatizaron la transparencia y rendici\u00f3n de cuentas, as\u00ed como la incorporaci\u00f3n de enfoques de g\u00e9nero e interculturalidad en la labor institucional.<\/p>\n<p data-start=\"1893\" data-end=\"2240\">En las entrevistas participaron las diputadas Mar\u00eda Alicia Gayt\u00e1n S\u00e1nchez (Morena), Ros\u00e1ngela Amairany Pe\u00f1a Escalante (PES), Claudia Zulema Bours Corral (PVEM) y Ana Gabriela Tapia Fonllem (PRD), junto con los diputados Julio C\u00e9sar Navarro Contreras (Morena) y Emeterio Ochoa Baz\u00faa (PRI), en su calidad de secretarias y secretarios de la comisi\u00f3n.<\/p>\n<p data-start=\"2242\" data-end=\"2497\" data-is-last-node=\"\" data-is-only-node=\"\">Finalmente, el diputado Garc\u00eda Rojo inform\u00f3 que, conforme a la base octava de la convocatoria, la comisi\u00f3n dar\u00e1 a conocer a m\u00e1s tardar el viernes 8 de mayo la lista de las personas aspirantes que sean consideradas id\u00f3neas dentro del proceso de evaluaci\u00f3n.<\/p>\n","protected":false},"excerpt":{"rendered":"<p>La Comisi\u00f3n de Justicia y Derechos Humanos realiz\u00f3 este d\u00eda las entrevistas a 29 personas aspirantes a encabezar la Comisi\u00f3n Estatal de Derechos Humanos (CEDH) para el periodo 2026-2030, registr\u00e1ndose la inasistencia de una de las personas convocadas. El diputado Ren\u00e9 Edmundo Garc\u00eda Rojo (PT), presidente de la comisi\u00f3n, detall\u00f3 la din\u00e1mica del proceso, en [&hellip;]<\/p>\n","protected":false},"author":1,"featured_media":25043,"comment_status":"open","ping_status":"open","sticky":false,"template":"","format":"standard","meta":{"footnotes":""},"categories":[159],"tags":[],"class_list":["post"],"yoast_head":" \n<title>Realiza Comisi\u00f3n de Justicia y Derechos Humanos entrevistas a aspirantes para la CEDH 2026-2030 - Periodista SoledadDurazo.com<\/title>\n<meta name=\"robots\" content=\"index, follow, max-snippet:-1, max-image-preview:large, max-video-preview:-1\" \/>\n<link rel=\"canonical\" href=\"https:\/\/soledaddurazo.com\/blog\/2026\/04\/29\/realiza-comision-de-justicia-y-derechos-humanos-entrevistas-a-aspirantes-para-la-cedh-2026-2030\/\" \/>\n<meta property=\"og:locale\" content=\"es_MX\" \/>\n<meta property=\"og:type\" content=\"article\" \/>\n<meta property=\"og:title\" content=\"Realiza Comisi\u00f3n de Justicia y Derechos Humanos entrevistas a aspirantes para la CEDH 2026-2030\" \/>\n<meta property=\"og:description\" content=\"La Comisi\u00f3n de Justicia y Derechos Humanos realiz\u00f3 este d\u00eda las entrevistas a 29 personas aspirantes a encabezar la Comisi\u00f3n Estatal de Derechos Humanos (CEDH) para el periodo 2026-2030, registr\u00e1ndose la inasistencia de una de las personas convocadas. El diputado Ren\u00e9 Edmundo Garc\u00eda Rojo (PT), presidente de la comisi\u00f3n, detall\u00f3 la din\u00e1mica del proceso, en [&hellip;]\" \/>\n<meta property=\"og:url\" content=\"https:\/\/soledaddurazo.com\/blog\/2026\/04\/29\/realiza-comision-de-justicia-y-derechos-humanos-entrevistas-a-aspirantes-para-la-cedh-2026-2030\/\" \/>\n<meta property=\"og:site_name\" content=\"Periodista SoledadDurazo.com\" \/>\n<meta property=\"article:publisher\" content=\"https:\/\/www.facebook.com\/soledad.durazo.9\/\" \/>\n<meta property=\"article:published_time\" content=\"2026-04-30T02:57:12+00:00\" \/>\n<meta property=\"og:image\" content=\"https:\/\/soledaddurazo.com\/storage\/2026\/04\/c2a8d512-3ed3-4abd-9f89-d43be6a6bab8.jpg\" \/>\n\t<meta property=\"og:image:width\" content=\"1600\" \/>\n\t<meta property=\"og:image:height\" content=\"900\" \/>\n<meta name=\"twitter:card\" content=\"summary_large_image\" \/>\n<meta name=\"twitter:creator\" content=\"@SoledadDurazo\" \/>\n<meta name=\"twitter:site\" content=\"@SoledadDurazo\" \/>\n<meta name=\"twitter:label1\" content=\"Escrito por\" \/>\n\t<meta name=\"twitter:data1\" content=\"Redacci\u00f3n\" \/>\n\t<meta name=\"twitter:label2\" content=\"Tiempo de lectura\" \/>\n\t<meta name=\"twitter:data2\" content=\"2 minutos\" \/>\n<script type=\"application\/ld+json\" class=\"yoast-schema-graph\">{\"@context\":\"https:\/\/schema.org\",\"@graph\":[{\"@type\":\"Organization\",\"@id\":\"https:\/\/soledaddurazo.com\/#organization\",\"name\":\"Soledad Durazo\",\"url\":\"https:\/\/soledaddurazo.com\/\",\"sameAs\":[\"https:\/\/www.facebook.com\/soledad.durazo.9\/\",\"https:\/\/www.instagram.com\/soledaddurazo\",\"https:\/\/www.youtube.com\/channel\/UC9yGPw8-Vbl_B2XNkRwPS-w\",\"https:\/\/twitter.com\/SoledadDurazo\"],\"logo\":{\"@type\":\"ImageObject\",\"@id\":\"https:\/\/soledaddurazo.com\/#logo\",\"inLanguage\":\"es\",\"url\":\"https:\/\/soledaddurazo.com\/storage\/2021\/11\/nllp-720x375-1-2.png\",\"contentUrl\":\"https:\/\/soledaddurazo.com\/storage\/2021\/11\/nllp-720x375-1-2.png\",\"width\":720,\"height\":375,\"caption\":\"Soledad Durazo\"},\"image\":{\"@id\":\"https:\/\/soledaddurazo.com\/#logo\"}},{\"@type\":\"WebSite\",\"@id\":\"https:\/\/soledaddurazo.com\/#website\",\"url\":\"https:\/\/soledaddurazo.com\/\",\"name\":\"Periodista SoledadDurazo.com\",\"description\":\"Periodista sonorense. Directora de www.SoledadDurazo.com Columnista, conductora de radio y Tv. Catedr\\u00e1tica en la UNISON\",\"publisher\":{\"@id\":\"https:\/\/soledaddurazo.com\/#organization\"},\"potentialAction\":[{\"@type\":\"SearchAction\",\"target\":{\"@type\":\"EntryPoint\",\"urlTemplate\":\"https:\/\/soledaddurazo.com\/?s={search_term_string}\"},\"query-input\":\"required name=search_term_string\"}],\"inLanguage\":\"es\"},{\"@type\":\"ImageObject\",\"@id\":\"https:\/\/soledaddurazo.com\/blog\/2026\/04\/29\/realiza-comision-de-justicia-y-derechos-humanos-entrevistas-a-aspirantes-para-la-cedh-2026-2030\/#primaryimage\",\"inLanguage\":\"es\",\"url\":\"https:\/\/soledaddurazo.com\/storage\/2026\/04\/c2a8d512-3ed3-4abd-9f89-d43be6a6bab8.jpg\",\"contentUrl\":\"https:\/\/soledaddurazo.com\/storage\/2026\/04\/c2a8d512-3ed3-4abd-9f89-d43be6a6bab8.jpg\",\"width\":1600,\"height\":900},{\"@type\":\"WebPage\",\"@id\":\"https:\/\/soledaddurazo.com\/blog\/2026\/04\/29\/realiza-comision-de-justicia-y-derechos-humanos-entrevistas-a-aspirantes-para-la-cedh-2026-2030\/#webpage\",\"url\":\"https:\/\/soledaddurazo.com\/blog\/2026\/04\/29\/realiza-comision-de-justicia-y-derechos-humanos-entrevistas-a-aspirantes-para-la-cedh-2026-2030\/\",\"name\":\"Realiza Comisi\\u00f3n de Justicia y Derechos Humanos entrevistas a aspirantes para la CEDH 2026-2030 - Periodista SoledadDurazo.com\",\"isPartOf\":{\"@id\":\"https:\/\/soledaddurazo.com\/#website\"},\"primaryImageOfPage\":{\"@id\":\"https:\/\/soledaddurazo.com\/blog\/2026\/04\/29\/realiza-comision-de-justicia-y-derechos-humanos-entrevistas-a-aspirantes-para-la-cedh-2026-2030\/#primaryimage\"},\"datePublished\":\"2026-04-30T02:57:12+00:00\",\"dateModified\":\"2026-04-30T02:57:12+00:00\",\"breadcrumb\":{\"@id\":\"https:\/\/soledaddurazo.com\/blog\/2026\/04\/29\/realiza-comision-de-justicia-y-derechos-humanos-entrevistas-a-aspirantes-para-la-cedh-2026-2030\/#breadcrumb\"},\"inLanguage\":\"es\",\"potentialAction\":[{\"@type\":\"ReadAction\",\"target\":[\"https:\/\/soledaddurazo.com\/blog\/2026\/04\/29\/realiza-comision-de-justicia-y-derechos-humanos-entrevistas-a-aspirantes-para-la-cedh-2026-2030\/\"]}]},{\"@type\":\"BreadcrumbList\",\"@id\":\"https:\/\/soledaddurazo.com\/blog\/2026\/04\/29\/realiza-comision-de-justicia-y-derechos-humanos-entrevistas-a-aspirantes-para-la-cedh-2026-2030\/#breadcrumb\",\"itemListElement\":[{\"@type\":\"ListItem\",\"position\":1,\"name\":\"Home\",\"item\":\"https:\/\/soledaddurazo.com\/\"},{\"@type\":\"ListItem\",\"position\":2,\"name\":\"Realiza Comisi\\u00f3n de Justicia y Derechos Humanos entrevistas a aspirantes para la CEDH 2026-2030\"}]},{\"@type\":\"Article\",\"@id\":\"https:\/\/soledaddurazo.com\/blog\/2026\/04\/29\/realiza-comision-de-justicia-y-derechos-humanos-entrevistas-a-aspirantes-para-la-cedh-2026-2030\/#article\",\"isPartOf\":{\"@id\":\"https:\/\/soledaddurazo.com\/blog\/2026\/04\/29\/realiza-comision-de-justicia-y-derechos-humanos-entrevistas-a-aspirantes-para-la-cedh-2026-2030\/#webpage\"},\"author\":{\"@id\":\"https:\/\/soledaddurazo.com\/#\/schema\/person\/822d8e13aa288585e6546f179853758b\"},\"headline\":\"Realiza Comisi\\u00f3n de Justicia y Derechos Humanos entrevistas a aspirantes para la CEDH 2026-2030\",\"datePublished\":\"2026-04-30T02:57:12+00:00\",\"dateModified\":\"2026-04-30T02:57:12+00:00\",\"mainEntityOfPage\":{\"@id\":\"https:\/\/soledaddurazo.com\/blog\/2026\/04\/29\/realiza-comision-de-justicia-y-derechos-humanos-entrevistas-a-aspirantes-para-la-cedh-2026-2030\/#webpage\"},\"wordCount\":429,\"commentCount\":0,\"publisher\":{\"@id\":\"https:\/\/soledaddurazo.com\/#organization\"},\"image\":{\"@id\":\"https:\/\/soledaddurazo.com\/blog\/2026\/04\/29\/realiza-comision-de-justicia-y-derechos-humanos-entrevistas-a-aspirantes-para-la-cedh-2026-2030\/#primaryimage\"},\"thumbnailUrl\":\"https:\/\/soledaddurazo.com\/storage\/2026\/04\/c2a8d512-3ed3-4abd-9f89-d43be6a6bab8.jpg\",\"articleSection\":[\"Mi Sonora\"],\"inLanguage\":\"es\",\"potentialAction\":[{\"@type\":\"CommentAction\",\"name\":\"Comment\",\"target\":[\"https:\/\/soledaddurazo.com\/blog\/2026\/04\/29\/realiza-comision-de-justicia-y-derechos-humanos-entrevistas-a-aspirantes-para-la-cedh-2026-2030\/#respond\"]}]},{\"@type\":\"Person\",\"@id\":\"https:\/\/soledaddurazo.com\/#\/schema\/person\/822d8e13aa288585e6546f179853758b\",\"name\":\"Redacci\\u00f3n\",\"image\":{\"@type\":\"ImageObject\",\"@id\":\"https:\/\/soledaddurazo.com\/#personlogo\",\"inLanguage\":\"es\",\"url\":\"https:\/\/secure.gravatar.com\/avatar\/c4e193752f756fd61f04deebed3a3a20dc188d37edb53682d313ac57f2725d54?s=96&d=mm&r=g\",\"contentUrl\":\"https:\/\/secure.gravatar.com\/avatar\/c4e193752f756fd61f04deebed3a3a20dc188d37edb53682d313ac57f2725d54?s=96&d=mm&r=g\",\"caption\":\"Redacci\\u00f3n\"},\"sameAs\":[\"https:\/\/soledaddurazo.com\"]}]}<\/script>\n ","yoast_head_json":{"title":"Realiza Comisi\u00f3n de Justicia y Derechos Humanos entrevistas a aspirantes para la CEDH 2026-2030 - Periodista SoledadDurazo.com","robots":{"index":"index","follow":"follow","max-snippet":"max-snippet:-1","max-image-preview":"max-image-preview:large","max-video-preview":"max-video-preview:-1"},"canonical":"https:\/\/soledaddurazo.com\/blog\/2026\/04\/29\/realiza-comision-de-justicia-y-derechos-humanos-entrevistas-a-aspirantes-para-la-cedh-2026-2030\/","og_locale":"es_MX","og_type":"article","og_title":"Realiza Comisi\u00f3n de Justicia y Derechos Humanos entrevistas a aspirantes para la CEDH 2026-2030","og_description":"La Comisi\u00f3n de Justicia y Derechos Humanos realiz\u00f3 este d\u00eda las entrevistas a 29 personas aspirantes a encabezar la Comisi\u00f3n Estatal de Derechos Humanos (CEDH) para el periodo 2026-2030, registr\u00e1ndose la inasistencia de una de las personas convocadas. El diputado Ren\u00e9 Edmundo Garc\u00eda Rojo (PT), presidente de la comisi\u00f3n, detall\u00f3 la din\u00e1mica del proceso, en [&hellip;]","og_url":"https:\/\/soledaddurazo.com\/blog\/2026\/04\/29\/realiza-comision-de-justicia-y-derechos-humanos-entrevistas-a-aspirantes-para-la-cedh-2026-2030\/","og_site_name":"Periodista SoledadDurazo.com","article_publisher":"https:\/\/www.facebook.com\/soledad.durazo.9\/","article_published_time":"2026-04-30T02:57:12+00:00","og_image":[{"width":1600,"height":900,"url":"https:\/\/soledaddurazo.com\/storage\/2026\/04\/c2a8d512-3ed3-4abd-9f89-d43be6a6bab8.jpg","type":"image\/jpeg"}],"twitter_card":"summary_large_image","twitter_creator":"@SoledadDurazo","twitter_site":"@SoledadDurazo","twitter_misc":{"Escrito por":"Redacci\u00f3n","Tiempo de lectura":"2 minutos"},"schema":{"@context":"https:\/\/schema.org","@graph":[{"@type":"Organization","@id":"https:\/\/soledaddurazo.com\/#organization","name":"Soledad Durazo","url":"https:\/\/soledaddurazo.com\/","sameAs":["https:\/\/www.facebook.com\/soledad.durazo.9\/","https:\/\/www.instagram.com\/soledaddurazo","https:\/\/www.youtube.com\/channel\/UC9yGPw8-Vbl_B2XNkRwPS-w","https:\/\/twitter.com\/SoledadDurazo"],"logo":{"@type":"ImageObject","@id":"https:\/\/soledaddurazo.com\/#logo","inLanguage":"es","url":"https:\/\/soledaddurazo.com\/storage\/2021\/11\/nllp-720x375-1-2.png","contentUrl":"https:\/\/soledaddurazo.com\/storage\/2021\/11\/nllp-720x375-1-2.png","width":720,"height":375,"caption":"Soledad Durazo"},"image":{"@id":"https:\/\/soledaddurazo.com\/#logo"}},{"@type":"WebSite","@id":"https:\/\/soledaddurazo.com\/#website","url":"https:\/\/soledaddurazo.com\/","name":"Periodista SoledadDurazo.com","description":"Periodista sonorense. Directora de www.SoledadDurazo.com Columnista, conductora de radio y Tv. Catedr\u00e1tica en la UNISON","publisher":{"@id":"https:\/\/soledaddurazo.com\/#organization"},"potentialAction":[{"@type":"SearchAction","target":{"@type":"EntryPoint","urlTemplate":"https:\/\/soledaddurazo.com\/?s={search_term_string}"},"query-input":"required name=search_term_string"}],"inLanguage":"es"},{"@type":"ImageObject","@id":"https:\/\/soledaddurazo.com\/blog\/2026\/04\/29\/realiza-comision-de-justicia-y-derechos-humanos-entrevistas-a-aspirantes-para-la-cedh-2026-2030\/#primaryimage","inLanguage":"es","url":"https:\/\/soledaddurazo.com\/storage\/2026\/04\/c2a8d512-3ed3-4abd-9f89-d43be6a6bab8.jpg","contentUrl":"https:\/\/soledaddurazo.com\/storage\/2026\/04\/c2a8d512-3ed3-4abd-9f89-d43be6a6bab8.jpg","width":1600,"height":900},{"@type":"WebPage","@id":"https:\/\/soledaddurazo.com\/blog\/2026\/04\/29\/realiza-comision-de-justicia-y-derechos-humanos-entrevistas-a-aspirantes-para-la-cedh-2026-2030\/#webpage","url":"https:\/\/soledaddurazo.com\/blog\/2026\/04\/29\/realiza-comision-de-justicia-y-derechos-humanos-entrevistas-a-aspirantes-para-la-cedh-2026-2030\/","name":"Realiza Comisi\u00f3n de Justicia y Derechos Humanos entrevistas a aspirantes para la CEDH 2026-2030 - Periodista SoledadDurazo.com","isPartOf":{"@id":"https:\/\/soledaddurazo.com\/#website"},"primaryImageOfPage":{"@id":"https:\/\/soledaddurazo.com\/blog\/2026\/04\/29\/realiza-comision-de-justicia-y-derechos-humanos-entrevistas-a-aspirantes-para-la-cedh-2026-2030\/#primaryimage"},"datePublished":"2026-04-30T02:57:12+00:00","dateModified":"2026-04-30T02:57:12+00:00","breadcrumb":{"@id":"https:\/\/soledaddurazo.com\/blog\/2026\/04\/29\/realiza-comision-de-justicia-y-derechos-humanos-entrevistas-a-aspirantes-para-la-cedh-2026-2030\/#breadcrumb"},"inLanguage":"es","potentialAction":[{"@type":"ReadAction","target":["https:\/\/soledaddurazo.com\/blog\/2026\/04\/29\/realiza-comision-de-justicia-y-derechos-humanos-entrevistas-a-aspirantes-para-la-cedh-2026-2030\/"]}]},{"@type":"BreadcrumbList","@id":"https:\/\/soledaddurazo.com\/blog\/2026\/04\/29\/realiza-comision-de-justicia-y-derechos-humanos-entrevistas-a-aspirantes-para-la-cedh-2026-2030\/#breadcrumb","itemListElement":[{"@type":"ListItem","position":1,"name":"Home","item":"https:\/\/soledaddurazo.com\/"},{"@type":"ListItem","position":2,"name":"Realiza Comisi\u00f3n de Justicia y Derechos Humanos entrevistas a aspirantes para la CEDH 2026-2030"}]},{"@type":"Article","@id":"https:\/\/soledaddurazo.com\/blog\/2026\/04\/29\/realiza-comision-de-justicia-y-derechos-humanos-entrevistas-a-aspirantes-para-la-cedh-2026-2030\/#article","isPartOf":{"@id":"https:\/\/soledaddurazo.com\/blog\/2026\/04\/29\/realiza-comision-de-justicia-y-derechos-humanos-entrevistas-a-aspirantes-para-la-cedh-2026-2030\/#webpage"},"author":{"@id":"https:\/\/soledaddurazo.com\/#\/schema\/person\/822d8e13aa288585e6546f179853758b"},"headline":"Realiza Comisi\u00f3n de Justicia y Derechos Humanos entrevistas a aspirantes para la CEDH 2026-2030","datePublished":"2026-04-30T02:57:12+00:00","dateModified":"2026-04-30T02:57:12+00:00","mainEntityOfPage":{"@id":"https:\/\/soledaddurazo.com\/blog\/2026\/04\/29\/realiza-comision-de-justicia-y-derechos-humanos-entrevistas-a-aspirantes-para-la-cedh-2026-2030\/#webpage"},"wordCount":429,"commentCount":0,"publisher":{"@id":"https:\/\/soledaddurazo.com\/#organization"},"image":{"@id":"https:\/\/soledaddurazo.com\/blog\/2026\/04\/29\/realiza-comision-de-justicia-y-derechos-humanos-entrevistas-a-aspirantes-para-la-cedh-2026-2030\/#primaryimage"},"thumbnailUrl":"https:\/\/soledaddurazo.com\/storage\/2026\/04\/c2a8d512-3ed3-4abd-9f89-d43be6a6bab8.jpg","articleSection":["Mi Sonora"],"inLanguage":"es","potentialAction":[{"@type":"CommentAction","name":"Comment","target":["https:\/\/soledaddurazo.com\/blog\/2026\/04\/29\/realiza-comision-de-justicia-y-derechos-humanos-entrevistas-a-aspirantes-para-la-cedh-2026-2030\/#respond"]}]},{"@type":"Person","@id":"https:\/\/soledaddurazo.com\/#\/schema\/person\/822d8e13aa288585e6546f179853758b","name":"Redacci\u00f3n","image":{"@type":"ImageObject","@id":"https:\/\/soledaddurazo.com\/#personlogo","inLanguage":"es","url":"https:\/\/secure.gravatar.com\/avatar\/c4e193752f756fd61f04deebed3a3a20dc188d37edb53682d313ac57f2725d54?s=96&d=mm&r=g","contentUrl":"https:\/\/secure.gravatar.com\/avatar\/c4e193752f756fd61f04deebed3a3a20dc188d37edb53682d313ac57f2725d54?s=96&d=mm&r=g","caption":"Redacci\u00f3n"},"sameAs":["https:\/\/soledaddurazo.com"]}]}},"_links":{"self":[{"href":"https:\/\/soledaddurazo.com\/api\/wp\/v2\/posts\/25042","targetHints":{"allow":["GET"]}}],"collection":[{"href":"https:\/\/soledaddurazo.com\/api\/wp\/v2\/posts"}],"about":[{"href":"https:\/\/soledaddurazo.com\/api\/wp\/v2\/types\/post"}],"author":[{"embeddable":true,"href":"https:\/\/soledaddurazo.com\/api\/wp\/v2\/users\/1"}],"replies":[{"embeddable":true,"href":"https:\/\/soledaddurazo.com\/api\/wp\/v2\/comments?post=25042"}],"version-history":[{"count":1,"href":"https:\/\/soledaddurazo.com\/api\/wp\/v2\/posts\/25042\/revisions"}],"predecessor-version":[{"id":25044,"href":"https:\/\/soledaddurazo.com\/api\/wp\/v2\/posts\/25042\/revisions\/25044"}],"wp:featuredmedia":[{"embeddable":true,"href":"https:\/\/soledaddurazo.com\/api\/wp\/v2\/media\/25043"}],"wp:attachment":[{"href":"https:\/\/soledaddurazo.com\/api\/wp\/v2\/media?parent=25042"}],"wp:term":[{"taxonomy":"category","embeddable":true,"href":"https:\/\/soledaddurazo.com\/api\/wp\/v2\/categories?post=25042"},{"taxonomy":"post_tag","embeddable":true,"href":"https:\/\/soledaddurazo.com\/api\/wp\/v2\/tags?post=25042"}],"curies":[{"name":"wp","href":"https:\/\/api.w.org\/{rel}","templated":true}]}}