{"id":25039,"date":"2026-04-29T19:51:00","date_gmt":"2026-04-30T02:51:00","guid":{"rendered":"https:\/\/soledaddurazo.com\/?p=25039"},"modified":"2026-04-29T19:57:49","modified_gmt":"2026-04-30T02:57:49","slug":"impulso-a-la-salud-mental-con-acciones-permanentes-y-participacion-ciudadana","status":"publish","type":"post","link":"https:\/\/soledaddurazo.com\/blog\/2026\/04\/29\/impulso-a-la-salud-mental-con-acciones-permanentes-y-participacion-ciudadana\/","title":{"rendered":"Impulso a la salud mental con acciones permanentes y participaci\u00f3n ciudadana"},"content":{"rendered":"<section class=\"text-token-text-primary w-full focus:outline-none [--shadow-height:45px] has-data-writing-block:pointer-events-none has-data-writing-block:-mt-(--shadow-height) has-data-writing-block:pt-(--shadow-height) [&amp;:has([data-writing-block])&gt;*]:pointer-events-auto [content-visibility:auto] supports-[content-visibility:auto]:[contain-intrinsic-size:auto_100lvh] R6Vx5W_threadScrollVars scroll-mb-[calc(var(--scroll-root-safe-area-inset-bottom,0px)+var(--thread-response-height))] scroll-mt-[calc(var(--header-height)+min(200px,max(70px,20svh)))]\" dir=\"auto\" data-turn-id=\"request-WEB:19739231-edd2-471a-a997-e10b805505ea-1\" data-testid=\"conversation-turn-4\" data-scroll-anchor=\"false\" data-turn=\"assistant\">\n<div class=\"text-base my-auto mx-auto pb-10 [--thread-content-margin:var(--thread-content-margin-xs,calc(var(--spacing)*4))] @w-sm\/main:[--thread-content-margin:var(--thread-content-margin-sm,calc(var(--spacing)*6))] @w-lg\/main:[--thread-content-margin:var(--thread-content-margin-lg,calc(var(--spacing)*16))] px-(--thread-content-margin)\">\n<div class=\"[--thread-content-max-width:40rem] @w-lg\/main:[--thread-content-max-width:48rem] mx-auto max-w-(--thread-content-max-width) flex-1 group\/turn-messages focus-visible:outline-hidden relative flex w-full min-w-0 flex-col agent-turn\">\n<div class=\"flex max-w-full flex-col gap-4 grow\">\n<div class=\"min-h-8 text-message relative flex w-full flex-col items-end gap-2 text-start break-words whitespace-normal outline-none keyboard-focused:focus-ring [.text-message+&amp;]:mt-1\" dir=\"auto\" tabindex=\"0\" data-message-author-role=\"assistant\" data-message-id=\"185f0976-783e-43e0-b97d-0300c81dbcc9\" data-message-model-slug=\"gpt-5-3\" data-turn-start-message=\"true\">\n<div class=\"flex w-full flex-col gap-1 empty:hidden\">\n<div class=\"markdown prose dark:prose-invert w-full wrap-break-word light markdown-new-styling\">\n<p data-start=\"0\" data-end=\"423\">El Cabildo de Hermosillo aprob\u00f3 instituir el d\u00eda 10 de cada mes como \u201cD\u00eda de la Salud Mental en Hermosillo\u201d, con el objetivo de fomentar de manera constante la sensibilizaci\u00f3n social, la prevenci\u00f3n comunitaria y la participaci\u00f3n ciudadana en torno al bienestar mental. Esta iniciativa, impulsada principalmente por j\u00f3venes del municipio, busca visibilizar la importancia de la salud mental y reducir los estigmas asociados.<\/p>\n<p data-start=\"425\" data-end=\"802\">El acuerdo contempla la realizaci\u00f3n de diversas actividades como campa\u00f1as de difusi\u00f3n, talleres, foros, conversatorios y eventos culturales, deportivos y recreativos, as\u00ed como acciones de participaci\u00f3n juvenil y comunitaria. Tambi\u00e9n se promover\u00e1 la difusi\u00f3n de rutas de orientaci\u00f3n y la colaboraci\u00f3n con instituciones educativas, organizaciones civiles y dependencias p\u00fablicas.<\/p>\n<p data-start=\"804\" data-end=\"1259\">Adem\u00e1s, se estableci\u00f3 que la Direcci\u00f3n General de Salud P\u00fablica Municipal, el Instituto Municipal de la Juventud y el DIF Hermosillo trabajen de manera coordinada para fortalecer estrategias de prevenci\u00f3n, orientaci\u00f3n familiar y redes de apoyo, especialmente dirigidas a grupos vulnerables. La iniciativa destaca por surgir de propuestas ciudadanas, particularmente de j\u00f3venes interesados en generar acciones permanentes m\u00e1s all\u00e1 de fechas conmemorativas.<\/p>\n<p data-start=\"1261\" data-end=\"1647\" data-is-last-node=\"\" data-is-only-node=\"\">Por otro lado, durante la misma sesi\u00f3n se aprobaron otros acuerdos relacionados con la seguridad p\u00fablica, la nomenclatura urbana, informes financieros y temas administrativos, con el fin de mejorar la organizaci\u00f3n y el funcionamiento del Ayuntamiento. En conjunto, estas acciones reflejan un esfuerzo por atender tanto el bienestar social como el desarrollo institucional del municipio.<\/p>\n<\/div>\n<\/div>\n<\/div>\n<\/div>\n<div class=\"z-0 flex min-h-[46px] justify-start\"><\/div>\n<\/div>\n<\/div>\n<\/section>\n<div class=\"pointer-events-none -mt-px h-px translate-y-[calc(var(--scroll-root-safe-area-inset-bottom)-14*var(--spacing))]\" aria-hidden=\"true\"><\/div>\n","protected":false},"excerpt":{"rendered":"<p>El Cabildo de Hermosillo aprob\u00f3 instituir el d\u00eda 10 de cada mes como \u201cD\u00eda de la Salud Mental en Hermosillo\u201d, con el objetivo de fomentar de manera constante la sensibilizaci\u00f3n social, la prevenci\u00f3n comunitaria y la participaci\u00f3n ciudadana en torno al bienestar mental. Esta iniciativa, impulsada principalmente por j\u00f3venes del municipio, busca visibilizar la importancia [&hellip;]<\/p>\n","protected":false},"author":1,"featured_media":25040,"comment_status":"open","ping_status":"open","sticky":false,"template":"","format":"standard","meta":{"footnotes":""},"categories":[160],"tags":[],"class_list":["post"],"yoast_head":" \n<title>Impulso a la salud mental con acciones permanentes y participaci\u00f3n ciudadana - Periodista SoledadDurazo.com<\/title>\n<meta name=\"robots\" content=\"index, follow, max-snippet:-1, max-image-preview:large, max-video-preview:-1\" \/>\n<link rel=\"canonical\" href=\"https:\/\/soledaddurazo.com\/blog\/2026\/04\/29\/impulso-a-la-salud-mental-con-acciones-permanentes-y-participacion-ciudadana\/\" \/>\n<meta property=\"og:locale\" content=\"es_MX\" \/>\n<meta property=\"og:type\" content=\"article\" \/>\n<meta property=\"og:title\" content=\"Impulso a la salud mental con acciones permanentes y participaci\u00f3n ciudadana\" \/>\n<meta property=\"og:description\" content=\"El Cabildo de Hermosillo aprob\u00f3 instituir el d\u00eda 10 de cada mes como \u201cD\u00eda de la Salud Mental en Hermosillo\u201d, con el objetivo de fomentar de manera constante la sensibilizaci\u00f3n social, la prevenci\u00f3n comunitaria y la participaci\u00f3n ciudadana en torno al bienestar mental. Esta iniciativa, impulsada principalmente por j\u00f3venes del municipio, busca visibilizar la importancia [&hellip;]\" \/>\n<meta property=\"og:url\" content=\"https:\/\/soledaddurazo.com\/blog\/2026\/04\/29\/impulso-a-la-salud-mental-con-acciones-permanentes-y-participacion-ciudadana\/\" \/>\n<meta property=\"og:site_name\" content=\"Periodista SoledadDurazo.com\" \/>\n<meta property=\"article:publisher\" content=\"https:\/\/www.facebook.com\/soledad.durazo.9\/\" \/>\n<meta property=\"article:published_time\" content=\"2026-04-30T02:51:00+00:00\" \/>\n<meta property=\"article:modified_time\" content=\"2026-04-30T02:57:49+00:00\" \/>\n<meta property=\"og:image\" content=\"https:\/\/soledaddurazo.com\/storage\/2026\/04\/ecadce3f-760e-4851-a415-99a0be40f681.jpg\" \/>\n\t<meta property=\"og:image:width\" content=\"1032\" \/>\n\t<meta property=\"og:image:height\" content=\"688\" \/>\n<meta name=\"twitter:card\" content=\"summary_large_image\" \/>\n<meta name=\"twitter:creator\" content=\"@SoledadDurazo\" \/>\n<meta name=\"twitter:site\" content=\"@SoledadDurazo\" \/>\n<meta name=\"twitter:label1\" content=\"Escrito por\" \/>\n\t<meta name=\"twitter:data1\" content=\"Redacci\u00f3n\" \/>\n\t<meta name=\"twitter:label2\" content=\"Tiempo de lectura\" \/>\n\t<meta name=\"twitter:data2\" content=\"1 minuto\" \/>\n<script type=\"application\/ld+json\" class=\"yoast-schema-graph\">{\"@context\":\"https:\/\/schema.org\",\"@graph\":[{\"@type\":\"Organization\",\"@id\":\"https:\/\/soledaddurazo.com\/#organization\",\"name\":\"Soledad Durazo\",\"url\":\"https:\/\/soledaddurazo.com\/\",\"sameAs\":[\"https:\/\/www.facebook.com\/soledad.durazo.9\/\",\"https:\/\/www.instagram.com\/soledaddurazo\",\"https:\/\/www.youtube.com\/channel\/UC9yGPw8-Vbl_B2XNkRwPS-w\",\"https:\/\/twitter.com\/SoledadDurazo\"],\"logo\":{\"@type\":\"ImageObject\",\"@id\":\"https:\/\/soledaddurazo.com\/#logo\",\"inLanguage\":\"es\",\"url\":\"https:\/\/soledaddurazo.com\/storage\/2021\/11\/nllp-720x375-1-2.png\",\"contentUrl\":\"https:\/\/soledaddurazo.com\/storage\/2021\/11\/nllp-720x375-1-2.png\",\"width\":720,\"height\":375,\"caption\":\"Soledad Durazo\"},\"image\":{\"@id\":\"https:\/\/soledaddurazo.com\/#logo\"}},{\"@type\":\"WebSite\",\"@id\":\"https:\/\/soledaddurazo.com\/#website\",\"url\":\"https:\/\/soledaddurazo.com\/\",\"name\":\"Periodista SoledadDurazo.com\",\"description\":\"Periodista sonorense. Directora de www.SoledadDurazo.com Columnista, conductora de radio y Tv. Catedr\\u00e1tica en la UNISON\",\"publisher\":{\"@id\":\"https:\/\/soledaddurazo.com\/#organization\"},\"potentialAction\":[{\"@type\":\"SearchAction\",\"target\":{\"@type\":\"EntryPoint\",\"urlTemplate\":\"https:\/\/soledaddurazo.com\/?s={search_term_string}\"},\"query-input\":\"required name=search_term_string\"}],\"inLanguage\":\"es\"},{\"@type\":\"ImageObject\",\"@id\":\"https:\/\/soledaddurazo.com\/blog\/2026\/04\/29\/impulso-a-la-salud-mental-con-acciones-permanentes-y-participacion-ciudadana\/#primaryimage\",\"inLanguage\":\"es\",\"url\":\"https:\/\/soledaddurazo.com\/storage\/2026\/04\/ecadce3f-760e-4851-a415-99a0be40f681.jpg\",\"contentUrl\":\"https:\/\/soledaddurazo.com\/storage\/2026\/04\/ecadce3f-760e-4851-a415-99a0be40f681.jpg\",\"width\":1032,\"height\":688},{\"@type\":\"WebPage\",\"@id\":\"https:\/\/soledaddurazo.com\/blog\/2026\/04\/29\/impulso-a-la-salud-mental-con-acciones-permanentes-y-participacion-ciudadana\/#webpage\",\"url\":\"https:\/\/soledaddurazo.com\/blog\/2026\/04\/29\/impulso-a-la-salud-mental-con-acciones-permanentes-y-participacion-ciudadana\/\",\"name\":\"Impulso a la salud mental con acciones permanentes y participaci\\u00f3n ciudadana - Periodista SoledadDurazo.com\",\"isPartOf\":{\"@id\":\"https:\/\/soledaddurazo.com\/#website\"},\"primaryImageOfPage\":{\"@id\":\"https:\/\/soledaddurazo.com\/blog\/2026\/04\/29\/impulso-a-la-salud-mental-con-acciones-permanentes-y-participacion-ciudadana\/#primaryimage\"},\"datePublished\":\"2026-04-30T02:51:00+00:00\",\"dateModified\":\"2026-04-30T02:57:49+00:00\",\"breadcrumb\":{\"@id\":\"https:\/\/soledaddurazo.com\/blog\/2026\/04\/29\/impulso-a-la-salud-mental-con-acciones-permanentes-y-participacion-ciudadana\/#breadcrumb\"},\"inLanguage\":\"es\",\"potentialAction\":[{\"@type\":\"ReadAction\",\"target\":[\"https:\/\/soledaddurazo.com\/blog\/2026\/04\/29\/impulso-a-la-salud-mental-con-acciones-permanentes-y-participacion-ciudadana\/\"]}]},{\"@type\":\"BreadcrumbList\",\"@id\":\"https:\/\/soledaddurazo.com\/blog\/2026\/04\/29\/impulso-a-la-salud-mental-con-acciones-permanentes-y-participacion-ciudadana\/#breadcrumb\",\"itemListElement\":[{\"@type\":\"ListItem\",\"position\":1,\"name\":\"Home\",\"item\":\"https:\/\/soledaddurazo.com\/\"},{\"@type\":\"ListItem\",\"position\":2,\"name\":\"Impulso a la salud mental con acciones permanentes y participaci\\u00f3n ciudadana\"}]},{\"@type\":\"Article\",\"@id\":\"https:\/\/soledaddurazo.com\/blog\/2026\/04\/29\/impulso-a-la-salud-mental-con-acciones-permanentes-y-participacion-ciudadana\/#article\",\"isPartOf\":{\"@id\":\"https:\/\/soledaddurazo.com\/blog\/2026\/04\/29\/impulso-a-la-salud-mental-con-acciones-permanentes-y-participacion-ciudadana\/#webpage\"},\"author\":{\"@id\":\"https:\/\/soledaddurazo.com\/#\/schema\/person\/822d8e13aa288585e6546f179853758b\"},\"headline\":\"Impulso a la salud mental con acciones permanentes y participaci\\u00f3n ciudadana\",\"datePublished\":\"2026-04-30T02:51:00+00:00\",\"dateModified\":\"2026-04-30T02:57:49+00:00\",\"mainEntityOfPage\":{\"@id\":\"https:\/\/soledaddurazo.com\/blog\/2026\/04\/29\/impulso-a-la-salud-mental-con-acciones-permanentes-y-participacion-ciudadana\/#webpage\"},\"wordCount\":266,\"commentCount\":0,\"publisher\":{\"@id\":\"https:\/\/soledaddurazo.com\/#organization\"},\"image\":{\"@id\":\"https:\/\/soledaddurazo.com\/blog\/2026\/04\/29\/impulso-a-la-salud-mental-con-acciones-permanentes-y-participacion-ciudadana\/#primaryimage\"},\"thumbnailUrl\":\"https:\/\/soledaddurazo.com\/storage\/2026\/04\/ecadce3f-760e-4851-a415-99a0be40f681.jpg\",\"articleSection\":[\"Mas noticias\"],\"inLanguage\":\"es\",\"potentialAction\":[{\"@type\":\"CommentAction\",\"name\":\"Comment\",\"target\":[\"https:\/\/soledaddurazo.com\/blog\/2026\/04\/29\/impulso-a-la-salud-mental-con-acciones-permanentes-y-participacion-ciudadana\/#respond\"]}]},{\"@type\":\"Person\",\"@id\":\"https:\/\/soledaddurazo.com\/#\/schema\/person\/822d8e13aa288585e6546f179853758b\",\"name\":\"Redacci\\u00f3n\",\"image\":{\"@type\":\"ImageObject\",\"@id\":\"https:\/\/soledaddurazo.com\/#personlogo\",\"inLanguage\":\"es\",\"url\":\"https:\/\/secure.gravatar.com\/avatar\/c4e193752f756fd61f04deebed3a3a20dc188d37edb53682d313ac57f2725d54?s=96&d=mm&r=g\",\"contentUrl\":\"https:\/\/secure.gravatar.com\/avatar\/c4e193752f756fd61f04deebed3a3a20dc188d37edb53682d313ac57f2725d54?s=96&d=mm&r=g\",\"caption\":\"Redacci\\u00f3n\"},\"sameAs\":[\"https:\/\/soledaddurazo.com\"]}]}<\/script>\n ","yoast_head_json":{"title":"Impulso a la salud mental con acciones permanentes y participaci\u00f3n ciudadana - Periodista SoledadDurazo.com","robots":{"index":"index","follow":"follow","max-snippet":"max-snippet:-1","max-image-preview":"max-image-preview:large","max-video-preview":"max-video-preview:-1"},"canonical":"https:\/\/soledaddurazo.com\/blog\/2026\/04\/29\/impulso-a-la-salud-mental-con-acciones-permanentes-y-participacion-ciudadana\/","og_locale":"es_MX","og_type":"article","og_title":"Impulso a la salud mental con acciones permanentes y participaci\u00f3n ciudadana","og_description":"El Cabildo de Hermosillo aprob\u00f3 instituir el d\u00eda 10 de cada mes como \u201cD\u00eda de la Salud Mental en Hermosillo\u201d, con el objetivo de fomentar de manera constante la sensibilizaci\u00f3n social, la prevenci\u00f3n comunitaria y la participaci\u00f3n ciudadana en torno al bienestar mental. Esta iniciativa, impulsada principalmente por j\u00f3venes del municipio, busca visibilizar la importancia [&hellip;]","og_url":"https:\/\/soledaddurazo.com\/blog\/2026\/04\/29\/impulso-a-la-salud-mental-con-acciones-permanentes-y-participacion-ciudadana\/","og_site_name":"Periodista SoledadDurazo.com","article_publisher":"https:\/\/www.facebook.com\/soledad.durazo.9\/","article_published_time":"2026-04-30T02:51:00+00:00","article_modified_time":"2026-04-30T02:57:49+00:00","og_image":[{"width":1032,"height":688,"url":"https:\/\/soledaddurazo.com\/storage\/2026\/04\/ecadce3f-760e-4851-a415-99a0be40f681.jpg","type":"image\/jpeg"}],"twitter_card":"summary_large_image","twitter_creator":"@SoledadDurazo","twitter_site":"@SoledadDurazo","twitter_misc":{"Escrito por":"Redacci\u00f3n","Tiempo de lectura":"1 minuto"},"schema":{"@context":"https:\/\/schema.org","@graph":[{"@type":"Organization","@id":"https:\/\/soledaddurazo.com\/#organization","name":"Soledad Durazo","url":"https:\/\/soledaddurazo.com\/","sameAs":["https:\/\/www.facebook.com\/soledad.durazo.9\/","https:\/\/www.instagram.com\/soledaddurazo","https:\/\/www.youtube.com\/channel\/UC9yGPw8-Vbl_B2XNkRwPS-w","https:\/\/twitter.com\/SoledadDurazo"],"logo":{"@type":"ImageObject","@id":"https:\/\/soledaddurazo.com\/#logo","inLanguage":"es","url":"https:\/\/soledaddurazo.com\/storage\/2021\/11\/nllp-720x375-1-2.png","contentUrl":"https:\/\/soledaddurazo.com\/storage\/2021\/11\/nllp-720x375-1-2.png","width":720,"height":375,"caption":"Soledad Durazo"},"image":{"@id":"https:\/\/soledaddurazo.com\/#logo"}},{"@type":"WebSite","@id":"https:\/\/soledaddurazo.com\/#website","url":"https:\/\/soledaddurazo.com\/","name":"Periodista SoledadDurazo.com","description":"Periodista sonorense. Directora de www.SoledadDurazo.com Columnista, conductora de radio y Tv. Catedr\u00e1tica en la UNISON","publisher":{"@id":"https:\/\/soledaddurazo.com\/#organization"},"potentialAction":[{"@type":"SearchAction","target":{"@type":"EntryPoint","urlTemplate":"https:\/\/soledaddurazo.com\/?s={search_term_string}"},"query-input":"required name=search_term_string"}],"inLanguage":"es"},{"@type":"ImageObject","@id":"https:\/\/soledaddurazo.com\/blog\/2026\/04\/29\/impulso-a-la-salud-mental-con-acciones-permanentes-y-participacion-ciudadana\/#primaryimage","inLanguage":"es","url":"https:\/\/soledaddurazo.com\/storage\/2026\/04\/ecadce3f-760e-4851-a415-99a0be40f681.jpg","contentUrl":"https:\/\/soledaddurazo.com\/storage\/2026\/04\/ecadce3f-760e-4851-a415-99a0be40f681.jpg","width":1032,"height":688},{"@type":"WebPage","@id":"https:\/\/soledaddurazo.com\/blog\/2026\/04\/29\/impulso-a-la-salud-mental-con-acciones-permanentes-y-participacion-ciudadana\/#webpage","url":"https:\/\/soledaddurazo.com\/blog\/2026\/04\/29\/impulso-a-la-salud-mental-con-acciones-permanentes-y-participacion-ciudadana\/","name":"Impulso a la salud mental con acciones permanentes y participaci\u00f3n ciudadana - Periodista SoledadDurazo.com","isPartOf":{"@id":"https:\/\/soledaddurazo.com\/#website"},"primaryImageOfPage":{"@id":"https:\/\/soledaddurazo.com\/blog\/2026\/04\/29\/impulso-a-la-salud-mental-con-acciones-permanentes-y-participacion-ciudadana\/#primaryimage"},"datePublished":"2026-04-30T02:51:00+00:00","dateModified":"2026-04-30T02:57:49+00:00","breadcrumb":{"@id":"https:\/\/soledaddurazo.com\/blog\/2026\/04\/29\/impulso-a-la-salud-mental-con-acciones-permanentes-y-participacion-ciudadana\/#breadcrumb"},"inLanguage":"es","potentialAction":[{"@type":"ReadAction","target":["https:\/\/soledaddurazo.com\/blog\/2026\/04\/29\/impulso-a-la-salud-mental-con-acciones-permanentes-y-participacion-ciudadana\/"]}]},{"@type":"BreadcrumbList","@id":"https:\/\/soledaddurazo.com\/blog\/2026\/04\/29\/impulso-a-la-salud-mental-con-acciones-permanentes-y-participacion-ciudadana\/#breadcrumb","itemListElement":[{"@type":"ListItem","position":1,"name":"Home","item":"https:\/\/soledaddurazo.com\/"},{"@type":"ListItem","position":2,"name":"Impulso a la salud mental con acciones permanentes y participaci\u00f3n ciudadana"}]},{"@type":"Article","@id":"https:\/\/soledaddurazo.com\/blog\/2026\/04\/29\/impulso-a-la-salud-mental-con-acciones-permanentes-y-participacion-ciudadana\/#article","isPartOf":{"@id":"https:\/\/soledaddurazo.com\/blog\/2026\/04\/29\/impulso-a-la-salud-mental-con-acciones-permanentes-y-participacion-ciudadana\/#webpage"},"author":{"@id":"https:\/\/soledaddurazo.com\/#\/schema\/person\/822d8e13aa288585e6546f179853758b"},"headline":"Impulso a la salud mental con acciones permanentes y participaci\u00f3n ciudadana","datePublished":"2026-04-30T02:51:00+00:00","dateModified":"2026-04-30T02:57:49+00:00","mainEntityOfPage":{"@id":"https:\/\/soledaddurazo.com\/blog\/2026\/04\/29\/impulso-a-la-salud-mental-con-acciones-permanentes-y-participacion-ciudadana\/#webpage"},"wordCount":266,"commentCount":0,"publisher":{"@id":"https:\/\/soledaddurazo.com\/#organization"},"image":{"@id":"https:\/\/soledaddurazo.com\/blog\/2026\/04\/29\/impulso-a-la-salud-mental-con-acciones-permanentes-y-participacion-ciudadana\/#primaryimage"},"thumbnailUrl":"https:\/\/soledaddurazo.com\/storage\/2026\/04\/ecadce3f-760e-4851-a415-99a0be40f681.jpg","articleSection":["Mas noticias"],"inLanguage":"es","potentialAction":[{"@type":"CommentAction","name":"Comment","target":["https:\/\/soledaddurazo.com\/blog\/2026\/04\/29\/impulso-a-la-salud-mental-con-acciones-permanentes-y-participacion-ciudadana\/#respond"]}]},{"@type":"Person","@id":"https:\/\/soledaddurazo.com\/#\/schema\/person\/822d8e13aa288585e6546f179853758b","name":"Redacci\u00f3n","image":{"@type":"ImageObject","@id":"https:\/\/soledaddurazo.com\/#personlogo","inLanguage":"es","url":"https:\/\/secure.gravatar.com\/avatar\/c4e193752f756fd61f04deebed3a3a20dc188d37edb53682d313ac57f2725d54?s=96&d=mm&r=g","contentUrl":"https:\/\/secure.gravatar.com\/avatar\/c4e193752f756fd61f04deebed3a3a20dc188d37edb53682d313ac57f2725d54?s=96&d=mm&r=g","caption":"Redacci\u00f3n"},"sameAs":["https:\/\/soledaddurazo.com"]}]}},"_links":{"self":[{"href":"https:\/\/soledaddurazo.com\/api\/wp\/v2\/posts\/25039","targetHints":{"allow":["GET"]}}],"collection":[{"href":"https:\/\/soledaddurazo.com\/api\/wp\/v2\/posts"}],"about":[{"href":"https:\/\/soledaddurazo.com\/api\/wp\/v2\/types\/post"}],"author":[{"embeddable":true,"href":"https:\/\/soledaddurazo.com\/api\/wp\/v2\/users\/1"}],"replies":[{"embeddable":true,"href":"https:\/\/soledaddurazo.com\/api\/wp\/v2\/comments?post=25039"}],"version-history":[{"count":1,"href":"https:\/\/soledaddurazo.com\/api\/wp\/v2\/posts\/25039\/revisions"}],"predecessor-version":[{"id":25041,"href":"https:\/\/soledaddurazo.com\/api\/wp\/v2\/posts\/25039\/revisions\/25041"}],"wp:featuredmedia":[{"embeddable":true,"href":"https:\/\/soledaddurazo.com\/api\/wp\/v2\/media\/25040"}],"wp:attachment":[{"href":"https:\/\/soledaddurazo.com\/api\/wp\/v2\/media?parent=25039"}],"wp:term":[{"taxonomy":"category","embeddable":true,"href":"https:\/\/soledaddurazo.com\/api\/wp\/v2\/categories?post=25039"},{"taxonomy":"post_tag","embeddable":true,"href":"https:\/\/soledaddurazo.com\/api\/wp\/v2\/tags?post=25039"}],"curies":[{"name":"wp","href":"https:\/\/api.w.org\/{rel}","templated":true}]}}