{"id":25015,"date":"2026-04-28T21:56:44","date_gmt":"2026-04-29T04:56:44","guid":{"rendered":"https:\/\/soledaddurazo.com\/?p=25015"},"modified":"2026-04-28T21:56:44","modified_gmt":"2026-04-29T04:56:44","slug":"sergio-angel-castro-representara-a-mexico-en-mister-world-tras-ganar-el-certamen-nacional","status":"publish","type":"post","link":"https:\/\/soledaddurazo.com\/blog\/2026\/04\/28\/sergio-angel-castro-representara-a-mexico-en-mister-world-tras-ganar-el-certamen-nacional\/","title":{"rendered":"Sergio \u00c1ngel Castro representar\u00e1 a M\u00e9xico en Mister World tras ganar el certamen nacional"},"content":{"rendered":"<section class=\"text-token-text-primary w-full focus:outline-none [--shadow-height:45px] has-data-writing-block:pointer-events-none has-data-writing-block:-mt-(--shadow-height) has-data-writing-block:pt-(--shadow-height) [&amp;:has([data-writing-block])&gt;*]:pointer-events-auto R6Vx5W_threadScrollVars scroll-mb-[calc(var(--scroll-root-safe-area-inset-bottom,0px)+var(--thread-response-height))] scroll-mt-(--header-height)\" dir=\"auto\" data-turn-id=\"58d7221c-ef12-48df-b52f-5f5eb4262c71\" data-testid=\"conversation-turn-1\" data-scroll-anchor=\"false\" data-turn=\"user\">\n<div class=\"text-base my-auto mx-auto pt-3 [--thread-content-margin:var(--thread-content-margin-xs,calc(var(--spacing)*4))] @w-sm\/main:[--thread-content-margin:var(--thread-content-margin-sm,calc(var(--spacing)*6))] @w-lg\/main:[--thread-content-margin:var(--thread-content-margin-lg,calc(var(--spacing)*16))] px-(--thread-content-margin)\">\n<div class=\"[--thread-content-max-width:40rem] @w-lg\/main:[--thread-content-max-width:48rem] mx-auto max-w-(--thread-content-max-width) flex-1 group\/turn-messages focus-visible:outline-hidden relative flex w-full min-w-0 flex-col\">\n<div class=\"flex max-w-full flex-col gap-4 grow\">\n<div class=\"min-h-8 text-message relative flex w-full flex-col items-end gap-2 text-start break-words whitespace-normal outline-none keyboard-focused:focus-ring [.text-message+&amp;]:mt-1\" dir=\"auto\" data-message-author-role=\"user\" data-message-id=\"58d7221c-ef12-48df-b52f-5f5eb4262c71\">\n<div class=\"flex w-full flex-col gap-1 empty:hidden items-end rtl:items-start\">\n<div class=\"user-message-bubble-color corner-superellipse\/0.98 relative min-w-0 rounded-[22px] px-4 py-2.5 leading-6 max-w-(--user-chat-width,70%)\">\n<div class=\"[overflow-wrap:anywhere] whitespace-pre-wrap\"><\/div>\n<\/div>\n<\/div>\n<\/div>\n<\/div>\n<\/div>\n<\/div>\n<\/section>\n<section class=\"text-token-text-primary w-full focus:outline-none [--shadow-height:45px] has-data-writing-block:pointer-events-none has-data-writing-block:-mt-(--shadow-height) has-data-writing-block:pt-(--shadow-height) [&amp;:has([data-writing-block])&gt;*]:pointer-events-auto [content-visibility:auto] supports-[content-visibility:auto]:[contain-intrinsic-size:auto_100lvh] R6Vx5W_threadScrollVars scroll-mb-[calc(var(--scroll-root-safe-area-inset-bottom,0px)+var(--thread-response-height))] scroll-mt-[calc(var(--header-height)+min(200px,max(70px,20svh)))]\" dir=\"auto\" data-turn-id=\"request-WEB:1eeeedcf-d972-4a25-9854-1fa8db66b92d-1\" data-testid=\"conversation-turn-4\" data-scroll-anchor=\"false\" data-turn=\"assistant\">\n<div class=\"text-base my-auto mx-auto pb-10 [--thread-content-margin:var(--thread-content-margin-xs,calc(var(--spacing)*4))] @w-sm\/main:[--thread-content-margin:var(--thread-content-margin-sm,calc(var(--spacing)*6))] @w-lg\/main:[--thread-content-margin:var(--thread-content-margin-lg,calc(var(--spacing)*16))] px-(--thread-content-margin)\">\n<div class=\"[--thread-content-max-width:40rem] @w-lg\/main:[--thread-content-max-width:48rem] mx-auto max-w-(--thread-content-max-width) flex-1 group\/turn-messages focus-visible:outline-hidden relative flex w-full min-w-0 flex-col agent-turn\">\n<div class=\"flex max-w-full flex-col gap-4 grow\">\n<div class=\"min-h-8 text-message relative flex w-full flex-col items-end gap-2 text-start break-words whitespace-normal outline-none keyboard-focused:focus-ring [.text-message+&amp;]:mt-1\" dir=\"auto\" tabindex=\"0\" data-message-author-role=\"assistant\" data-message-id=\"606e1dbe-36a8-4b27-b8b1-682e82b16b69\" data-message-model-slug=\"gpt-5-3\" data-turn-start-message=\"true\">\n<div class=\"flex w-full flex-col gap-1 empty:hidden\">\n<div class=\"markdown prose dark:prose-invert w-full wrap-break-word light markdown-new-styling\">\n<p data-start=\"0\" data-end=\"265\">El representante de Sonora, Sergio \u00c1ngel Castro, dio un paso clave en su carrera dentro de los cert\u00e1menes de belleza masculina al alzarse con el t\u00edtulo de Mister World M\u00e9xico, lo que le permitir\u00e1 competir a nivel internacional en la pr\u00f3xima edici\u00f3n de Mister World.<\/p>\n<p data-start=\"0\" data-end=\"265\"><a href=\"https:\/\/soledaddurazo.com\/storage\/2026\/04\/IMG-20260428-WA0108-scaled.jpg\"><img loading=\"lazy\" decoding=\"async\" class=\"aligncenter size-full wp-image-25016\" src=\"https:\/\/soledaddurazo.com\/storage\/2026\/04\/IMG-20260428-WA0108-scaled.jpg\" alt=\"\" width=\"2560\" height=\"1706\" srcset=\"https:\/\/soledaddurazo.com\/storage\/2026\/04\/IMG-20260428-WA0108-scaled.jpg 2560w, https:\/\/soledaddurazo.com\/storage\/2026\/04\/IMG-20260428-WA0108-300x200.jpg 300w, https:\/\/soledaddurazo.com\/storage\/2026\/04\/IMG-20260428-WA0108-1024x683.jpg 1024w, https:\/\/soledaddurazo.com\/storage\/2026\/04\/IMG-20260428-WA0108-768x512.jpg 768w, https:\/\/soledaddurazo.com\/storage\/2026\/04\/IMG-20260428-WA0108-1536x1024.jpg 1536w, https:\/\/soledaddurazo.com\/storage\/2026\/04\/IMG-20260428-WA0108-2048x1365.jpg 2048w, https:\/\/soledaddurazo.com\/storage\/2026\/04\/IMG-20260428-WA0108-600x400.jpg 600w, https:\/\/soledaddurazo.com\/storage\/2026\/04\/IMG-20260428-WA0108-750x500.jpg 750w, https:\/\/soledaddurazo.com\/storage\/2026\/04\/IMG-20260428-WA0108-1140x760.jpg 1140w\" sizes=\"auto, (max-width: 2560px) 100vw, 2560px\" \/><\/a><\/p>\n<p data-start=\"267\" data-end=\"565\">La final nacional se llev\u00f3 a cabo en Monterrey, reuniendo a participantes de todo el pa\u00eds. Castro logr\u00f3 imponerse tras superar distintas pruebas, asegurando as\u00ed su lugar como delegado mexicano en el concurso global, que tentativamente se realizar\u00e1 en Asia, aunque a\u00fan no se confirman sede ni fecha.<\/p>\n<p data-start=\"567\" data-end=\"945\">En entrevista con medios, el originario de Cajeme explic\u00f3 que el proceso de selecci\u00f3n incluy\u00f3 diversas etapas como modelaje, talento, conocimientos acad\u00e9micos y cultura general, dominio del idioma ingl\u00e9s y pruebas f\u00edsicas. Destac\u00f3 que la capacidad de expresi\u00f3n fue decisiva en la recta final, ya que el jurado evalu\u00f3 la forma en que los concursantes conectaban con la audiencia.<\/p>\n<p style=\"padding-left: 40px;\" data-start=\"947\" data-end=\"1132\"><a href=\"https:\/\/soledaddurazo.com\/storage\/2026\/04\/IMG-20260428-WA0109-scaled.jpg\"><img loading=\"lazy\" decoding=\"async\" class=\"aligncenter size-full wp-image-25018\" src=\"https:\/\/soledaddurazo.com\/storage\/2026\/04\/IMG-20260428-WA0109-scaled.jpg\" alt=\"\" width=\"2560\" height=\"1974\" srcset=\"https:\/\/soledaddurazo.com\/storage\/2026\/04\/IMG-20260428-WA0109-scaled.jpg 2560w, https:\/\/soledaddurazo.com\/storage\/2026\/04\/IMG-20260428-WA0109-300x231.jpg 300w, https:\/\/soledaddurazo.com\/storage\/2026\/04\/IMG-20260428-WA0109-1024x789.jpg 1024w, https:\/\/soledaddurazo.com\/storage\/2026\/04\/IMG-20260428-WA0109-768x592.jpg 768w, https:\/\/soledaddurazo.com\/storage\/2026\/04\/IMG-20260428-WA0109-1536x1184.jpg 1536w, https:\/\/soledaddurazo.com\/storage\/2026\/04\/IMG-20260428-WA0109-2048x1579.jpg 2048w, https:\/\/soledaddurazo.com\/storage\/2026\/04\/IMG-20260428-WA0109-600x463.jpg 600w, https:\/\/soledaddurazo.com\/storage\/2026\/04\/IMG-20260428-WA0109-750x578.jpg 750w, https:\/\/soledaddurazo.com\/storage\/2026\/04\/IMG-20260428-WA0109-1140x879.jpg 1140w\" sizes=\"auto, (max-width: 2560px) 100vw, 2560px\" \/><\/a>Este certamen nacional, respaldado por la organizaci\u00f3n Miss World, tiene como objetivo elegir perfiles completos que integren presencia, formaci\u00f3n acad\u00e9mica y habilidades comunicativas.<\/p>\n<p data-start=\"1134\" data-end=\"1389\" data-is-last-node=\"\" data-is-only-node=\"\">Con miras a su participaci\u00f3n internacional, Castro ya se encuentra enfocado en su preparaci\u00f3n integral, que abarca desde el acondicionamiento f\u00edsico hasta el desarrollo esc\u00e9nico, con la intenci\u00f3n de representar dignamente a M\u00e9xico en el escenario mundial.<\/p>\n<\/div>\n<\/div>\n<\/div>\n<\/div>\n<\/div>\n<\/div>\n<\/section>\n","protected":false},"excerpt":{"rendered":"<p>El representante de Sonora, Sergio \u00c1ngel Castro, dio un paso clave en su carrera dentro de los cert\u00e1menes de belleza masculina al alzarse con el t\u00edtulo de Mister World M\u00e9xico, lo que le permitir\u00e1 competir a nivel internacional en la pr\u00f3xima edici\u00f3n de Mister World. La final nacional se llev\u00f3 a cabo en Monterrey, reuniendo [&hellip;]<\/p>\n","protected":false},"author":1,"featured_media":25017,"comment_status":"open","ping_status":"open","sticky":false,"template":"","format":"standard","meta":{"footnotes":""},"categories":[153],"tags":[],"class_list":["post"],"yoast_head":" \n<title>Sergio \u00c1ngel Castro representar\u00e1 a M\u00e9xico en Mister World tras ganar el certamen nacional - Periodista SoledadDurazo.com<\/title>\n<meta name=\"robots\" content=\"index, follow, max-snippet:-1, max-image-preview:large, max-video-preview:-1\" \/>\n<link rel=\"canonical\" href=\"https:\/\/soledaddurazo.com\/blog\/2026\/04\/28\/sergio-angel-castro-representara-a-mexico-en-mister-world-tras-ganar-el-certamen-nacional\/\" \/>\n<meta property=\"og:locale\" content=\"es_MX\" \/>\n<meta property=\"og:type\" content=\"article\" \/>\n<meta property=\"og:title\" content=\"Sergio \u00c1ngel Castro representar\u00e1 a M\u00e9xico en Mister World tras ganar el certamen nacional\" \/>\n<meta property=\"og:description\" content=\"El representante de Sonora, Sergio \u00c1ngel Castro, dio un paso clave en su carrera dentro de los cert\u00e1menes de belleza masculina al alzarse con el t\u00edtulo de Mister World M\u00e9xico, lo que le permitir\u00e1 competir a nivel internacional en la pr\u00f3xima edici\u00f3n de Mister World. La final nacional se llev\u00f3 a cabo en Monterrey, reuniendo [&hellip;]\" \/>\n<meta property=\"og:url\" content=\"https:\/\/soledaddurazo.com\/blog\/2026\/04\/28\/sergio-angel-castro-representara-a-mexico-en-mister-world-tras-ganar-el-certamen-nacional\/\" \/>\n<meta property=\"og:site_name\" content=\"Periodista SoledadDurazo.com\" \/>\n<meta property=\"article:publisher\" content=\"https:\/\/www.facebook.com\/soledad.durazo.9\/\" \/>\n<meta property=\"article:published_time\" content=\"2026-04-29T04:56:44+00:00\" \/>\n<meta property=\"og:image\" content=\"https:\/\/soledaddurazo.com\/storage\/2026\/04\/IMG-20260428-WA0107-scaled.jpg\" \/>\n\t<meta property=\"og:image:width\" content=\"2152\" \/>\n\t<meta property=\"og:image:height\" content=\"2560\" \/>\n<meta name=\"twitter:card\" content=\"summary_large_image\" \/>\n<meta name=\"twitter:creator\" content=\"@SoledadDurazo\" \/>\n<meta name=\"twitter:site\" content=\"@SoledadDurazo\" \/>\n<meta name=\"twitter:label1\" content=\"Escrito por\" \/>\n\t<meta name=\"twitter:data1\" content=\"Redacci\u00f3n\" \/>\n\t<meta name=\"twitter:label2\" content=\"Tiempo de lectura\" \/>\n\t<meta name=\"twitter:data2\" content=\"1 minuto\" \/>\n<script type=\"application\/ld+json\" class=\"yoast-schema-graph\">{\"@context\":\"https:\/\/schema.org\",\"@graph\":[{\"@type\":\"Organization\",\"@id\":\"https:\/\/soledaddurazo.com\/#organization\",\"name\":\"Soledad Durazo\",\"url\":\"https:\/\/soledaddurazo.com\/\",\"sameAs\":[\"https:\/\/www.facebook.com\/soledad.durazo.9\/\",\"https:\/\/www.instagram.com\/soledaddurazo\",\"https:\/\/www.youtube.com\/channel\/UC9yGPw8-Vbl_B2XNkRwPS-w\",\"https:\/\/twitter.com\/SoledadDurazo\"],\"logo\":{\"@type\":\"ImageObject\",\"@id\":\"https:\/\/soledaddurazo.com\/#logo\",\"inLanguage\":\"es\",\"url\":\"https:\/\/soledaddurazo.com\/storage\/2021\/11\/nllp-720x375-1-2.png\",\"contentUrl\":\"https:\/\/soledaddurazo.com\/storage\/2021\/11\/nllp-720x375-1-2.png\",\"width\":720,\"height\":375,\"caption\":\"Soledad Durazo\"},\"image\":{\"@id\":\"https:\/\/soledaddurazo.com\/#logo\"}},{\"@type\":\"WebSite\",\"@id\":\"https:\/\/soledaddurazo.com\/#website\",\"url\":\"https:\/\/soledaddurazo.com\/\",\"name\":\"Periodista SoledadDurazo.com\",\"description\":\"Periodista sonorense. Directora de www.SoledadDurazo.com Columnista, conductora de radio y Tv. Catedr\\u00e1tica en la UNISON\",\"publisher\":{\"@id\":\"https:\/\/soledaddurazo.com\/#organization\"},\"potentialAction\":[{\"@type\":\"SearchAction\",\"target\":{\"@type\":\"EntryPoint\",\"urlTemplate\":\"https:\/\/soledaddurazo.com\/?s={search_term_string}\"},\"query-input\":\"required name=search_term_string\"}],\"inLanguage\":\"es\"},{\"@type\":\"ImageObject\",\"@id\":\"https:\/\/soledaddurazo.com\/blog\/2026\/04\/28\/sergio-angel-castro-representara-a-mexico-en-mister-world-tras-ganar-el-certamen-nacional\/#primaryimage\",\"inLanguage\":\"es\",\"url\":\"https:\/\/soledaddurazo.com\/storage\/2026\/04\/IMG-20260428-WA0107-scaled.jpg\",\"contentUrl\":\"https:\/\/soledaddurazo.com\/storage\/2026\/04\/IMG-20260428-WA0107-scaled.jpg\",\"width\":2152,\"height\":2560},{\"@type\":\"WebPage\",\"@id\":\"https:\/\/soledaddurazo.com\/blog\/2026\/04\/28\/sergio-angel-castro-representara-a-mexico-en-mister-world-tras-ganar-el-certamen-nacional\/#webpage\",\"url\":\"https:\/\/soledaddurazo.com\/blog\/2026\/04\/28\/sergio-angel-castro-representara-a-mexico-en-mister-world-tras-ganar-el-certamen-nacional\/\",\"name\":\"Sergio \\u00c1ngel Castro representar\\u00e1 a M\\u00e9xico en Mister World tras ganar el certamen nacional - Periodista SoledadDurazo.com\",\"isPartOf\":{\"@id\":\"https:\/\/soledaddurazo.com\/#website\"},\"primaryImageOfPage\":{\"@id\":\"https:\/\/soledaddurazo.com\/blog\/2026\/04\/28\/sergio-angel-castro-representara-a-mexico-en-mister-world-tras-ganar-el-certamen-nacional\/#primaryimage\"},\"datePublished\":\"2026-04-29T04:56:44+00:00\",\"dateModified\":\"2026-04-29T04:56:44+00:00\",\"breadcrumb\":{\"@id\":\"https:\/\/soledaddurazo.com\/blog\/2026\/04\/28\/sergio-angel-castro-representara-a-mexico-en-mister-world-tras-ganar-el-certamen-nacional\/#breadcrumb\"},\"inLanguage\":\"es\",\"potentialAction\":[{\"@type\":\"ReadAction\",\"target\":[\"https:\/\/soledaddurazo.com\/blog\/2026\/04\/28\/sergio-angel-castro-representara-a-mexico-en-mister-world-tras-ganar-el-certamen-nacional\/\"]}]},{\"@type\":\"BreadcrumbList\",\"@id\":\"https:\/\/soledaddurazo.com\/blog\/2026\/04\/28\/sergio-angel-castro-representara-a-mexico-en-mister-world-tras-ganar-el-certamen-nacional\/#breadcrumb\",\"itemListElement\":[{\"@type\":\"ListItem\",\"position\":1,\"name\":\"Home\",\"item\":\"https:\/\/soledaddurazo.com\/\"},{\"@type\":\"ListItem\",\"position\":2,\"name\":\"Sergio \\u00c1ngel Castro representar\\u00e1 a M\\u00e9xico en Mister World tras ganar el certamen nacional\"}]},{\"@type\":\"Article\",\"@id\":\"https:\/\/soledaddurazo.com\/blog\/2026\/04\/28\/sergio-angel-castro-representara-a-mexico-en-mister-world-tras-ganar-el-certamen-nacional\/#article\",\"isPartOf\":{\"@id\":\"https:\/\/soledaddurazo.com\/blog\/2026\/04\/28\/sergio-angel-castro-representara-a-mexico-en-mister-world-tras-ganar-el-certamen-nacional\/#webpage\"},\"author\":{\"@id\":\"https:\/\/soledaddurazo.com\/#\/schema\/person\/822d8e13aa288585e6546f179853758b\"},\"headline\":\"Sergio \\u00c1ngel Castro representar\\u00e1 a M\\u00e9xico en Mister World tras ganar el certamen nacional\",\"datePublished\":\"2026-04-29T04:56:44+00:00\",\"dateModified\":\"2026-04-29T04:56:44+00:00\",\"mainEntityOfPage\":{\"@id\":\"https:\/\/soledaddurazo.com\/blog\/2026\/04\/28\/sergio-angel-castro-representara-a-mexico-en-mister-world-tras-ganar-el-certamen-nacional\/#webpage\"},\"wordCount\":248,\"commentCount\":0,\"publisher\":{\"@id\":\"https:\/\/soledaddurazo.com\/#organization\"},\"image\":{\"@id\":\"https:\/\/soledaddurazo.com\/blog\/2026\/04\/28\/sergio-angel-castro-representara-a-mexico-en-mister-world-tras-ganar-el-certamen-nacional\/#primaryimage\"},\"thumbnailUrl\":\"https:\/\/soledaddurazo.com\/storage\/2026\/04\/IMG-20260428-WA0107-scaled.jpg\",\"articleSection\":[\"principal\"],\"inLanguage\":\"es\",\"potentialAction\":[{\"@type\":\"CommentAction\",\"name\":\"Comment\",\"target\":[\"https:\/\/soledaddurazo.com\/blog\/2026\/04\/28\/sergio-angel-castro-representara-a-mexico-en-mister-world-tras-ganar-el-certamen-nacional\/#respond\"]}]},{\"@type\":\"Person\",\"@id\":\"https:\/\/soledaddurazo.com\/#\/schema\/person\/822d8e13aa288585e6546f179853758b\",\"name\":\"Redacci\\u00f3n\",\"image\":{\"@type\":\"ImageObject\",\"@id\":\"https:\/\/soledaddurazo.com\/#personlogo\",\"inLanguage\":\"es\",\"url\":\"https:\/\/secure.gravatar.com\/avatar\/c4e193752f756fd61f04deebed3a3a20dc188d37edb53682d313ac57f2725d54?s=96&d=mm&r=g\",\"contentUrl\":\"https:\/\/secure.gravatar.com\/avatar\/c4e193752f756fd61f04deebed3a3a20dc188d37edb53682d313ac57f2725d54?s=96&d=mm&r=g\",\"caption\":\"Redacci\\u00f3n\"},\"sameAs\":[\"https:\/\/soledaddurazo.com\"]}]}<\/script>\n ","yoast_head_json":{"title":"Sergio \u00c1ngel Castro representar\u00e1 a M\u00e9xico en Mister World tras ganar el certamen nacional - Periodista SoledadDurazo.com","robots":{"index":"index","follow":"follow","max-snippet":"max-snippet:-1","max-image-preview":"max-image-preview:large","max-video-preview":"max-video-preview:-1"},"canonical":"https:\/\/soledaddurazo.com\/blog\/2026\/04\/28\/sergio-angel-castro-representara-a-mexico-en-mister-world-tras-ganar-el-certamen-nacional\/","og_locale":"es_MX","og_type":"article","og_title":"Sergio \u00c1ngel Castro representar\u00e1 a M\u00e9xico en Mister World tras ganar el certamen nacional","og_description":"El representante de Sonora, Sergio \u00c1ngel Castro, dio un paso clave en su carrera dentro de los cert\u00e1menes de belleza masculina al alzarse con el t\u00edtulo de Mister World M\u00e9xico, lo que le permitir\u00e1 competir a nivel internacional en la pr\u00f3xima edici\u00f3n de Mister World. La final nacional se llev\u00f3 a cabo en Monterrey, reuniendo [&hellip;]","og_url":"https:\/\/soledaddurazo.com\/blog\/2026\/04\/28\/sergio-angel-castro-representara-a-mexico-en-mister-world-tras-ganar-el-certamen-nacional\/","og_site_name":"Periodista SoledadDurazo.com","article_publisher":"https:\/\/www.facebook.com\/soledad.durazo.9\/","article_published_time":"2026-04-29T04:56:44+00:00","og_image":[{"width":2152,"height":2560,"url":"https:\/\/soledaddurazo.com\/storage\/2026\/04\/IMG-20260428-WA0107-scaled.jpg","type":"image\/jpeg"}],"twitter_card":"summary_large_image","twitter_creator":"@SoledadDurazo","twitter_site":"@SoledadDurazo","twitter_misc":{"Escrito por":"Redacci\u00f3n","Tiempo de lectura":"1 minuto"},"schema":{"@context":"https:\/\/schema.org","@graph":[{"@type":"Organization","@id":"https:\/\/soledaddurazo.com\/#organization","name":"Soledad Durazo","url":"https:\/\/soledaddurazo.com\/","sameAs":["https:\/\/www.facebook.com\/soledad.durazo.9\/","https:\/\/www.instagram.com\/soledaddurazo","https:\/\/www.youtube.com\/channel\/UC9yGPw8-Vbl_B2XNkRwPS-w","https:\/\/twitter.com\/SoledadDurazo"],"logo":{"@type":"ImageObject","@id":"https:\/\/soledaddurazo.com\/#logo","inLanguage":"es","url":"https:\/\/soledaddurazo.com\/storage\/2021\/11\/nllp-720x375-1-2.png","contentUrl":"https:\/\/soledaddurazo.com\/storage\/2021\/11\/nllp-720x375-1-2.png","width":720,"height":375,"caption":"Soledad Durazo"},"image":{"@id":"https:\/\/soledaddurazo.com\/#logo"}},{"@type":"WebSite","@id":"https:\/\/soledaddurazo.com\/#website","url":"https:\/\/soledaddurazo.com\/","name":"Periodista SoledadDurazo.com","description":"Periodista sonorense. Directora de www.SoledadDurazo.com Columnista, conductora de radio y Tv. Catedr\u00e1tica en la UNISON","publisher":{"@id":"https:\/\/soledaddurazo.com\/#organization"},"potentialAction":[{"@type":"SearchAction","target":{"@type":"EntryPoint","urlTemplate":"https:\/\/soledaddurazo.com\/?s={search_term_string}"},"query-input":"required name=search_term_string"}],"inLanguage":"es"},{"@type":"ImageObject","@id":"https:\/\/soledaddurazo.com\/blog\/2026\/04\/28\/sergio-angel-castro-representara-a-mexico-en-mister-world-tras-ganar-el-certamen-nacional\/#primaryimage","inLanguage":"es","url":"https:\/\/soledaddurazo.com\/storage\/2026\/04\/IMG-20260428-WA0107-scaled.jpg","contentUrl":"https:\/\/soledaddurazo.com\/storage\/2026\/04\/IMG-20260428-WA0107-scaled.jpg","width":2152,"height":2560},{"@type":"WebPage","@id":"https:\/\/soledaddurazo.com\/blog\/2026\/04\/28\/sergio-angel-castro-representara-a-mexico-en-mister-world-tras-ganar-el-certamen-nacional\/#webpage","url":"https:\/\/soledaddurazo.com\/blog\/2026\/04\/28\/sergio-angel-castro-representara-a-mexico-en-mister-world-tras-ganar-el-certamen-nacional\/","name":"Sergio \u00c1ngel Castro representar\u00e1 a M\u00e9xico en Mister World tras ganar el certamen nacional - Periodista SoledadDurazo.com","isPartOf":{"@id":"https:\/\/soledaddurazo.com\/#website"},"primaryImageOfPage":{"@id":"https:\/\/soledaddurazo.com\/blog\/2026\/04\/28\/sergio-angel-castro-representara-a-mexico-en-mister-world-tras-ganar-el-certamen-nacional\/#primaryimage"},"datePublished":"2026-04-29T04:56:44+00:00","dateModified":"2026-04-29T04:56:44+00:00","breadcrumb":{"@id":"https:\/\/soledaddurazo.com\/blog\/2026\/04\/28\/sergio-angel-castro-representara-a-mexico-en-mister-world-tras-ganar-el-certamen-nacional\/#breadcrumb"},"inLanguage":"es","potentialAction":[{"@type":"ReadAction","target":["https:\/\/soledaddurazo.com\/blog\/2026\/04\/28\/sergio-angel-castro-representara-a-mexico-en-mister-world-tras-ganar-el-certamen-nacional\/"]}]},{"@type":"BreadcrumbList","@id":"https:\/\/soledaddurazo.com\/blog\/2026\/04\/28\/sergio-angel-castro-representara-a-mexico-en-mister-world-tras-ganar-el-certamen-nacional\/#breadcrumb","itemListElement":[{"@type":"ListItem","position":1,"name":"Home","item":"https:\/\/soledaddurazo.com\/"},{"@type":"ListItem","position":2,"name":"Sergio \u00c1ngel Castro representar\u00e1 a M\u00e9xico en Mister World tras ganar el certamen nacional"}]},{"@type":"Article","@id":"https:\/\/soledaddurazo.com\/blog\/2026\/04\/28\/sergio-angel-castro-representara-a-mexico-en-mister-world-tras-ganar-el-certamen-nacional\/#article","isPartOf":{"@id":"https:\/\/soledaddurazo.com\/blog\/2026\/04\/28\/sergio-angel-castro-representara-a-mexico-en-mister-world-tras-ganar-el-certamen-nacional\/#webpage"},"author":{"@id":"https:\/\/soledaddurazo.com\/#\/schema\/person\/822d8e13aa288585e6546f179853758b"},"headline":"Sergio \u00c1ngel Castro representar\u00e1 a M\u00e9xico en Mister World tras ganar el certamen nacional","datePublished":"2026-04-29T04:56:44+00:00","dateModified":"2026-04-29T04:56:44+00:00","mainEntityOfPage":{"@id":"https:\/\/soledaddurazo.com\/blog\/2026\/04\/28\/sergio-angel-castro-representara-a-mexico-en-mister-world-tras-ganar-el-certamen-nacional\/#webpage"},"wordCount":248,"commentCount":0,"publisher":{"@id":"https:\/\/soledaddurazo.com\/#organization"},"image":{"@id":"https:\/\/soledaddurazo.com\/blog\/2026\/04\/28\/sergio-angel-castro-representara-a-mexico-en-mister-world-tras-ganar-el-certamen-nacional\/#primaryimage"},"thumbnailUrl":"https:\/\/soledaddurazo.com\/storage\/2026\/04\/IMG-20260428-WA0107-scaled.jpg","articleSection":["principal"],"inLanguage":"es","potentialAction":[{"@type":"CommentAction","name":"Comment","target":["https:\/\/soledaddurazo.com\/blog\/2026\/04\/28\/sergio-angel-castro-representara-a-mexico-en-mister-world-tras-ganar-el-certamen-nacional\/#respond"]}]},{"@type":"Person","@id":"https:\/\/soledaddurazo.com\/#\/schema\/person\/822d8e13aa288585e6546f179853758b","name":"Redacci\u00f3n","image":{"@type":"ImageObject","@id":"https:\/\/soledaddurazo.com\/#personlogo","inLanguage":"es","url":"https:\/\/secure.gravatar.com\/avatar\/c4e193752f756fd61f04deebed3a3a20dc188d37edb53682d313ac57f2725d54?s=96&d=mm&r=g","contentUrl":"https:\/\/secure.gravatar.com\/avatar\/c4e193752f756fd61f04deebed3a3a20dc188d37edb53682d313ac57f2725d54?s=96&d=mm&r=g","caption":"Redacci\u00f3n"},"sameAs":["https:\/\/soledaddurazo.com"]}]}},"_links":{"self":[{"href":"https:\/\/soledaddurazo.com\/api\/wp\/v2\/posts\/25015","targetHints":{"allow":["GET"]}}],"collection":[{"href":"https:\/\/soledaddurazo.com\/api\/wp\/v2\/posts"}],"about":[{"href":"https:\/\/soledaddurazo.com\/api\/wp\/v2\/types\/post"}],"author":[{"embeddable":true,"href":"https:\/\/soledaddurazo.com\/api\/wp\/v2\/users\/1"}],"replies":[{"embeddable":true,"href":"https:\/\/soledaddurazo.com\/api\/wp\/v2\/comments?post=25015"}],"version-history":[{"count":1,"href":"https:\/\/soledaddurazo.com\/api\/wp\/v2\/posts\/25015\/revisions"}],"predecessor-version":[{"id":25019,"href":"https:\/\/soledaddurazo.com\/api\/wp\/v2\/posts\/25015\/revisions\/25019"}],"wp:featuredmedia":[{"embeddable":true,"href":"https:\/\/soledaddurazo.com\/api\/wp\/v2\/media\/25017"}],"wp:attachment":[{"href":"https:\/\/soledaddurazo.com\/api\/wp\/v2\/media?parent=25015"}],"wp:term":[{"taxonomy":"category","embeddable":true,"href":"https:\/\/soledaddurazo.com\/api\/wp\/v2\/categories?post=25015"},{"taxonomy":"post_tag","embeddable":true,"href":"https:\/\/soledaddurazo.com\/api\/wp\/v2\/tags?post=25015"}],"curies":[{"name":"wp","href":"https:\/\/api.w.org\/{rel}","templated":true}]}}