{"id":25003,"date":"2026-04-28T14:09:43","date_gmt":"2026-04-28T21:09:43","guid":{"rendered":"https:\/\/soledaddurazo.com\/?p=25003"},"modified":"2026-04-28T14:23:29","modified_gmt":"2026-04-28T21:23:29","slug":"dan-a-conocer-semalu-novela-historica-inspirada-en-teresa-urrea","status":"publish","type":"post","link":"https:\/\/soledaddurazo.com\/blog\/2026\/04\/28\/dan-a-conocer-semalu-novela-historica-inspirada-en-teresa-urrea\/","title":{"rendered":"Dan a conocer Semal\u00fa, novela hist\u00f3rica inspirada en Teresa Urrea"},"content":{"rendered":"<p>Hermosillo, Sonora.- Fue presentada la novela \u201cSemal\u00fa, la santidad profana de Teresa Urrea\u201d, del ingeniero y escritor Jos\u00e9 Luis Jardines, una obra basada en hechos hist\u00f3ricos que reconstruye la vida de quien fuera conocida como \u201cla Santa de Caborca\u201d.<\/p>\n<p>Durante entrevista en cabina con la periodista Soledad Durazo, el autor explic\u00f3 que su inter\u00e9s por el personaje surgi\u00f3 a partir de su inquietud por explorar la historia del noroeste del pa\u00eds.<\/p>\n<p>\u201cEs una novela, es una novela basada en datos hist\u00f3ricos\u201d, se\u00f1al\u00f3.<\/p>\n<p>Jardines describi\u00f3 a Teresa Urrea como una figura adelantada a su \u00e9poca, cuya historia estuvo marcada por circunstancias dif\u00edciles desde su infancia, as\u00ed como por su v\u00ednculo con la medicina tradicional y personajes relevantes del contexto pol\u00edtico del siglo XIX.<\/p>\n<p>\u201cMe gusta decir que fue una persona que se adelant\u00f3 a su tiempo\u201d, expres\u00f3.<\/p>\n<p>El autor relat\u00f3 que Urrea fue reconocida por la poblaci\u00f3n debido a supuestos dones extraordinarios, lo que deriv\u00f3 en su fama como curandera y figura espiritual.<\/p>\n<p>\u201cSin concilios ecum\u00e9nicos, sin ninguna intervenci\u00f3n de la iglesia, la gente le empieza a llamar santa\u201d, explic\u00f3.<\/p>\n<p>Asimismo, destac\u00f3 que su historia tambi\u00e9n tuvo un componente social y pol\u00edtico, al se\u00f1alar que la joven lleg\u00f3 a expresar posturas cr\u00edticas hacia las autoridades de su tiempo.<\/p>\n<p>\u201cYo digo que es una de las que se estaban en la revoluci\u00f3n en el noroeste y que no se le ha reconocido\u201d, afirm\u00f3.<\/p>\n<p>La obra, agreg\u00f3, busc\u00f3 recrear al personaje a partir de hechos documentados, pero con libertad narrativa propia del g\u00e9nero.<\/p>\n<p>\u201cLa novela hist\u00f3rica es que te sirvas de los datos hist\u00f3ricos para que t\u00fa crees al personaje\u201d, coment\u00f3.<\/p>\n<p>La presentaci\u00f3n del libro se realiz\u00f3 recientemente en el auditorio de la Sociedad Sonorense de Historia, donde asistentes conocieron m\u00e1s sobre esta obra inspirada en una de las figuras m\u00e1s emblem\u00e1ticas del noroeste de M\u00e9xico.<\/p>\n<p>Ve la Entrevista Completa Aqu\u00ed:<\/p>\n<div class=\"jeg_video_container jeg_video_content\"><div class=\"lyte-wrapper fourthree\" style=\"width:420px;max-width:100%;margin:5px;\"><div class=\"lyMe\" id=\"WYL_5oWZFCK2wek\"><div id=\"lyte_5oWZFCK2wek\" data-src=\"\/\/i.ytimg.com\/vi\/5oWZFCK2wek\/hqdefault.jpg\" class=\"pL\"><div class=\"tC\"><div class=\"tT\"><\/div><\/div><div class=\"play\"><\/div><div class=\"ctrl\"><div class=\"Lctrl\"><\/div><div class=\"Rctrl\"><\/div><\/div><\/div><noscript><a href=\"https:\/\/youtu.be\/5oWZFCK2wek\"><img loading=\"lazy\" decoding=\"async\" src=\"https:\/\/i.ytimg.com\/vi\/5oWZFCK2wek\/0.jpg\" alt=\"\" width=\"420\" height=\"295\" \/><br \/>Ver este video en YouTube<\/a><\/noscript><\/div><\/div><div class=\"lL\" style=\"max-width:100%;width:420px;margin:5px;\"><\/div><\/div>\n","protected":false},"excerpt":{"rendered":"<p>Hermosillo, Sonora.- Fue presentada la novela \u201cSemal\u00fa, la santidad profana de Teresa Urrea\u201d, del ingeniero y escritor Jos\u00e9 Luis Jardines, una obra basada en hechos hist\u00f3ricos que reconstruye la vida de quien fuera conocida como \u201cla Santa de Caborca\u201d. Durante entrevista en cabina con la periodista Soledad Durazo, el autor explic\u00f3 que su inter\u00e9s por [&hellip;]<\/p>\n","protected":false},"author":1,"featured_media":25006,"comment_status":"open","ping_status":"open","sticky":false,"template":"","format":"standard","meta":{"footnotes":""},"categories":[153],"tags":[],"class_list":["post"],"yoast_head":" \n<title>Dan a conocer Semal\u00fa, novela hist\u00f3rica inspirada en Teresa Urrea - Periodista SoledadDurazo.com<\/title>\n<meta name=\"robots\" content=\"index, follow, max-snippet:-1, max-image-preview:large, max-video-preview:-1\" \/>\n<link rel=\"canonical\" href=\"https:\/\/soledaddurazo.com\/blog\/2026\/04\/28\/dan-a-conocer-semalu-novela-historica-inspirada-en-teresa-urrea\/\" \/>\n<meta property=\"og:locale\" content=\"es_MX\" \/>\n<meta property=\"og:type\" content=\"article\" \/>\n<meta property=\"og:title\" content=\"Dan a conocer Semal\u00fa, novela hist\u00f3rica inspirada en Teresa Urrea\" \/>\n<meta property=\"og:description\" content=\"Hermosillo, Sonora.- Fue presentada la novela \u201cSemal\u00fa, la santidad profana de Teresa Urrea\u201d, del ingeniero y escritor Jos\u00e9 Luis Jardines, una obra basada en hechos hist\u00f3ricos que reconstruye la vida de quien fuera conocida como \u201cla Santa de Caborca\u201d. Durante entrevista en cabina con la periodista Soledad Durazo, el autor explic\u00f3 que su inter\u00e9s por [&hellip;]\" \/>\n<meta property=\"og:url\" content=\"https:\/\/soledaddurazo.com\/blog\/2026\/04\/28\/dan-a-conocer-semalu-novela-historica-inspirada-en-teresa-urrea\/\" \/>\n<meta property=\"og:site_name\" content=\"Periodista SoledadDurazo.com\" \/>\n<meta property=\"article:publisher\" content=\"https:\/\/www.facebook.com\/soledad.durazo.9\/\" \/>\n<meta property=\"article:published_time\" content=\"2026-04-28T21:09:43+00:00\" \/>\n<meta property=\"article:modified_time\" content=\"2026-04-28T21:23:29+00:00\" \/>\n<meta property=\"og:image\" content=\"https:\/\/soledaddurazo.com\/storage\/2026\/04\/semal-e1777411397458.jpg\" \/>\n\t<meta property=\"og:image:width\" content=\"722\" \/>\n\t<meta property=\"og:image:height\" content=\"474\" \/>\n<meta name=\"twitter:card\" content=\"summary_large_image\" \/>\n<meta name=\"twitter:creator\" content=\"@SoledadDurazo\" \/>\n<meta name=\"twitter:site\" content=\"@SoledadDurazo\" \/>\n<meta name=\"twitter:label1\" content=\"Escrito por\" \/>\n\t<meta name=\"twitter:data1\" content=\"Redacci\u00f3n\" \/>\n\t<meta name=\"twitter:label2\" content=\"Tiempo de lectura\" \/>\n\t<meta name=\"twitter:data2\" content=\"2 minutos\" \/>\n<script type=\"application\/ld+json\" class=\"yoast-schema-graph\">{\"@context\":\"https:\/\/schema.org\",\"@graph\":[{\"@type\":\"Organization\",\"@id\":\"https:\/\/soledaddurazo.com\/#organization\",\"name\":\"Soledad Durazo\",\"url\":\"https:\/\/soledaddurazo.com\/\",\"sameAs\":[\"https:\/\/www.facebook.com\/soledad.durazo.9\/\",\"https:\/\/www.instagram.com\/soledaddurazo\",\"https:\/\/www.youtube.com\/channel\/UC9yGPw8-Vbl_B2XNkRwPS-w\",\"https:\/\/twitter.com\/SoledadDurazo\"],\"logo\":{\"@type\":\"ImageObject\",\"@id\":\"https:\/\/soledaddurazo.com\/#logo\",\"inLanguage\":\"es\",\"url\":\"https:\/\/soledaddurazo.com\/storage\/2021\/11\/nllp-720x375-1-2.png\",\"contentUrl\":\"https:\/\/soledaddurazo.com\/storage\/2021\/11\/nllp-720x375-1-2.png\",\"width\":720,\"height\":375,\"caption\":\"Soledad Durazo\"},\"image\":{\"@id\":\"https:\/\/soledaddurazo.com\/#logo\"}},{\"@type\":\"WebSite\",\"@id\":\"https:\/\/soledaddurazo.com\/#website\",\"url\":\"https:\/\/soledaddurazo.com\/\",\"name\":\"Periodista SoledadDurazo.com\",\"description\":\"Periodista sonorense. Directora de www.SoledadDurazo.com Columnista, conductora de radio y Tv. Catedr\\u00e1tica en la UNISON\",\"publisher\":{\"@id\":\"https:\/\/soledaddurazo.com\/#organization\"},\"potentialAction\":[{\"@type\":\"SearchAction\",\"target\":{\"@type\":\"EntryPoint\",\"urlTemplate\":\"https:\/\/soledaddurazo.com\/?s={search_term_string}\"},\"query-input\":\"required name=search_term_string\"}],\"inLanguage\":\"es\"},{\"@type\":\"ImageObject\",\"@id\":\"https:\/\/soledaddurazo.com\/blog\/2026\/04\/28\/dan-a-conocer-semalu-novela-historica-inspirada-en-teresa-urrea\/#primaryimage\",\"inLanguage\":\"es\",\"url\":\"https:\/\/soledaddurazo.com\/storage\/2026\/04\/semal-e1777411397458.jpg\",\"contentUrl\":\"https:\/\/soledaddurazo.com\/storage\/2026\/04\/semal-e1777411397458.jpg\",\"width\":722,\"height\":474},{\"@type\":\"WebPage\",\"@id\":\"https:\/\/soledaddurazo.com\/blog\/2026\/04\/28\/dan-a-conocer-semalu-novela-historica-inspirada-en-teresa-urrea\/#webpage\",\"url\":\"https:\/\/soledaddurazo.com\/blog\/2026\/04\/28\/dan-a-conocer-semalu-novela-historica-inspirada-en-teresa-urrea\/\",\"name\":\"Dan a conocer Semal\\u00fa, novela hist\\u00f3rica inspirada en Teresa Urrea - Periodista SoledadDurazo.com\",\"isPartOf\":{\"@id\":\"https:\/\/soledaddurazo.com\/#website\"},\"primaryImageOfPage\":{\"@id\":\"https:\/\/soledaddurazo.com\/blog\/2026\/04\/28\/dan-a-conocer-semalu-novela-historica-inspirada-en-teresa-urrea\/#primaryimage\"},\"datePublished\":\"2026-04-28T21:09:43+00:00\",\"dateModified\":\"2026-04-28T21:23:29+00:00\",\"breadcrumb\":{\"@id\":\"https:\/\/soledaddurazo.com\/blog\/2026\/04\/28\/dan-a-conocer-semalu-novela-historica-inspirada-en-teresa-urrea\/#breadcrumb\"},\"inLanguage\":\"es\",\"potentialAction\":[{\"@type\":\"ReadAction\",\"target\":[\"https:\/\/soledaddurazo.com\/blog\/2026\/04\/28\/dan-a-conocer-semalu-novela-historica-inspirada-en-teresa-urrea\/\"]}]},{\"@type\":\"BreadcrumbList\",\"@id\":\"https:\/\/soledaddurazo.com\/blog\/2026\/04\/28\/dan-a-conocer-semalu-novela-historica-inspirada-en-teresa-urrea\/#breadcrumb\",\"itemListElement\":[{\"@type\":\"ListItem\",\"position\":1,\"name\":\"Home\",\"item\":\"https:\/\/soledaddurazo.com\/\"},{\"@type\":\"ListItem\",\"position\":2,\"name\":\"Dan a conocer Semal\\u00fa, novela hist\\u00f3rica inspirada en Teresa Urrea\"}]},{\"@type\":\"Article\",\"@id\":\"https:\/\/soledaddurazo.com\/blog\/2026\/04\/28\/dan-a-conocer-semalu-novela-historica-inspirada-en-teresa-urrea\/#article\",\"isPartOf\":{\"@id\":\"https:\/\/soledaddurazo.com\/blog\/2026\/04\/28\/dan-a-conocer-semalu-novela-historica-inspirada-en-teresa-urrea\/#webpage\"},\"author\":{\"@id\":\"https:\/\/soledaddurazo.com\/#\/schema\/person\/822d8e13aa288585e6546f179853758b\"},\"headline\":\"Dan a conocer Semal\\u00fa, novela hist\\u00f3rica inspirada en Teresa Urrea\",\"datePublished\":\"2026-04-28T21:09:43+00:00\",\"dateModified\":\"2026-04-28T21:23:29+00:00\",\"mainEntityOfPage\":{\"@id\":\"https:\/\/soledaddurazo.com\/blog\/2026\/04\/28\/dan-a-conocer-semalu-novela-historica-inspirada-en-teresa-urrea\/#webpage\"},\"wordCount\":351,\"commentCount\":0,\"publisher\":{\"@id\":\"https:\/\/soledaddurazo.com\/#organization\"},\"image\":{\"@id\":\"https:\/\/soledaddurazo.com\/blog\/2026\/04\/28\/dan-a-conocer-semalu-novela-historica-inspirada-en-teresa-urrea\/#primaryimage\"},\"thumbnailUrl\":\"https:\/\/soledaddurazo.com\/storage\/2026\/04\/semal-e1777411397458.jpg\",\"articleSection\":[\"principal\"],\"inLanguage\":\"es\",\"potentialAction\":[{\"@type\":\"CommentAction\",\"name\":\"Comment\",\"target\":[\"https:\/\/soledaddurazo.com\/blog\/2026\/04\/28\/dan-a-conocer-semalu-novela-historica-inspirada-en-teresa-urrea\/#respond\"]}]},{\"@type\":\"Person\",\"@id\":\"https:\/\/soledaddurazo.com\/#\/schema\/person\/822d8e13aa288585e6546f179853758b\",\"name\":\"Redacci\\u00f3n\",\"image\":{\"@type\":\"ImageObject\",\"@id\":\"https:\/\/soledaddurazo.com\/#personlogo\",\"inLanguage\":\"es\",\"url\":\"https:\/\/secure.gravatar.com\/avatar\/c4e193752f756fd61f04deebed3a3a20dc188d37edb53682d313ac57f2725d54?s=96&d=mm&r=g\",\"contentUrl\":\"https:\/\/secure.gravatar.com\/avatar\/c4e193752f756fd61f04deebed3a3a20dc188d37edb53682d313ac57f2725d54?s=96&d=mm&r=g\",\"caption\":\"Redacci\\u00f3n\"},\"sameAs\":[\"https:\/\/soledaddurazo.com\"]}]}<\/script>\n ","yoast_head_json":{"title":"Dan a conocer Semal\u00fa, novela hist\u00f3rica inspirada en Teresa Urrea - Periodista SoledadDurazo.com","robots":{"index":"index","follow":"follow","max-snippet":"max-snippet:-1","max-image-preview":"max-image-preview:large","max-video-preview":"max-video-preview:-1"},"canonical":"https:\/\/soledaddurazo.com\/blog\/2026\/04\/28\/dan-a-conocer-semalu-novela-historica-inspirada-en-teresa-urrea\/","og_locale":"es_MX","og_type":"article","og_title":"Dan a conocer Semal\u00fa, novela hist\u00f3rica inspirada en Teresa Urrea","og_description":"Hermosillo, Sonora.- Fue presentada la novela \u201cSemal\u00fa, la santidad profana de Teresa Urrea\u201d, del ingeniero y escritor Jos\u00e9 Luis Jardines, una obra basada en hechos hist\u00f3ricos que reconstruye la vida de quien fuera conocida como \u201cla Santa de Caborca\u201d. Durante entrevista en cabina con la periodista Soledad Durazo, el autor explic\u00f3 que su inter\u00e9s por [&hellip;]","og_url":"https:\/\/soledaddurazo.com\/blog\/2026\/04\/28\/dan-a-conocer-semalu-novela-historica-inspirada-en-teresa-urrea\/","og_site_name":"Periodista SoledadDurazo.com","article_publisher":"https:\/\/www.facebook.com\/soledad.durazo.9\/","article_published_time":"2026-04-28T21:09:43+00:00","article_modified_time":"2026-04-28T21:23:29+00:00","og_image":[{"width":722,"height":474,"url":"https:\/\/soledaddurazo.com\/storage\/2026\/04\/semal-e1777411397458.jpg","type":"image\/jpeg"}],"twitter_card":"summary_large_image","twitter_creator":"@SoledadDurazo","twitter_site":"@SoledadDurazo","twitter_misc":{"Escrito por":"Redacci\u00f3n","Tiempo de lectura":"2 minutos"},"schema":{"@context":"https:\/\/schema.org","@graph":[{"@type":"Organization","@id":"https:\/\/soledaddurazo.com\/#organization","name":"Soledad Durazo","url":"https:\/\/soledaddurazo.com\/","sameAs":["https:\/\/www.facebook.com\/soledad.durazo.9\/","https:\/\/www.instagram.com\/soledaddurazo","https:\/\/www.youtube.com\/channel\/UC9yGPw8-Vbl_B2XNkRwPS-w","https:\/\/twitter.com\/SoledadDurazo"],"logo":{"@type":"ImageObject","@id":"https:\/\/soledaddurazo.com\/#logo","inLanguage":"es","url":"https:\/\/soledaddurazo.com\/storage\/2021\/11\/nllp-720x375-1-2.png","contentUrl":"https:\/\/soledaddurazo.com\/storage\/2021\/11\/nllp-720x375-1-2.png","width":720,"height":375,"caption":"Soledad Durazo"},"image":{"@id":"https:\/\/soledaddurazo.com\/#logo"}},{"@type":"WebSite","@id":"https:\/\/soledaddurazo.com\/#website","url":"https:\/\/soledaddurazo.com\/","name":"Periodista SoledadDurazo.com","description":"Periodista sonorense. Directora de www.SoledadDurazo.com Columnista, conductora de radio y Tv. Catedr\u00e1tica en la UNISON","publisher":{"@id":"https:\/\/soledaddurazo.com\/#organization"},"potentialAction":[{"@type":"SearchAction","target":{"@type":"EntryPoint","urlTemplate":"https:\/\/soledaddurazo.com\/?s={search_term_string}"},"query-input":"required name=search_term_string"}],"inLanguage":"es"},{"@type":"ImageObject","@id":"https:\/\/soledaddurazo.com\/blog\/2026\/04\/28\/dan-a-conocer-semalu-novela-historica-inspirada-en-teresa-urrea\/#primaryimage","inLanguage":"es","url":"https:\/\/soledaddurazo.com\/storage\/2026\/04\/semal-e1777411397458.jpg","contentUrl":"https:\/\/soledaddurazo.com\/storage\/2026\/04\/semal-e1777411397458.jpg","width":722,"height":474},{"@type":"WebPage","@id":"https:\/\/soledaddurazo.com\/blog\/2026\/04\/28\/dan-a-conocer-semalu-novela-historica-inspirada-en-teresa-urrea\/#webpage","url":"https:\/\/soledaddurazo.com\/blog\/2026\/04\/28\/dan-a-conocer-semalu-novela-historica-inspirada-en-teresa-urrea\/","name":"Dan a conocer Semal\u00fa, novela hist\u00f3rica inspirada en Teresa Urrea - Periodista SoledadDurazo.com","isPartOf":{"@id":"https:\/\/soledaddurazo.com\/#website"},"primaryImageOfPage":{"@id":"https:\/\/soledaddurazo.com\/blog\/2026\/04\/28\/dan-a-conocer-semalu-novela-historica-inspirada-en-teresa-urrea\/#primaryimage"},"datePublished":"2026-04-28T21:09:43+00:00","dateModified":"2026-04-28T21:23:29+00:00","breadcrumb":{"@id":"https:\/\/soledaddurazo.com\/blog\/2026\/04\/28\/dan-a-conocer-semalu-novela-historica-inspirada-en-teresa-urrea\/#breadcrumb"},"inLanguage":"es","potentialAction":[{"@type":"ReadAction","target":["https:\/\/soledaddurazo.com\/blog\/2026\/04\/28\/dan-a-conocer-semalu-novela-historica-inspirada-en-teresa-urrea\/"]}]},{"@type":"BreadcrumbList","@id":"https:\/\/soledaddurazo.com\/blog\/2026\/04\/28\/dan-a-conocer-semalu-novela-historica-inspirada-en-teresa-urrea\/#breadcrumb","itemListElement":[{"@type":"ListItem","position":1,"name":"Home","item":"https:\/\/soledaddurazo.com\/"},{"@type":"ListItem","position":2,"name":"Dan a conocer Semal\u00fa, novela hist\u00f3rica inspirada en Teresa Urrea"}]},{"@type":"Article","@id":"https:\/\/soledaddurazo.com\/blog\/2026\/04\/28\/dan-a-conocer-semalu-novela-historica-inspirada-en-teresa-urrea\/#article","isPartOf":{"@id":"https:\/\/soledaddurazo.com\/blog\/2026\/04\/28\/dan-a-conocer-semalu-novela-historica-inspirada-en-teresa-urrea\/#webpage"},"author":{"@id":"https:\/\/soledaddurazo.com\/#\/schema\/person\/822d8e13aa288585e6546f179853758b"},"headline":"Dan a conocer Semal\u00fa, novela hist\u00f3rica inspirada en Teresa Urrea","datePublished":"2026-04-28T21:09:43+00:00","dateModified":"2026-04-28T21:23:29+00:00","mainEntityOfPage":{"@id":"https:\/\/soledaddurazo.com\/blog\/2026\/04\/28\/dan-a-conocer-semalu-novela-historica-inspirada-en-teresa-urrea\/#webpage"},"wordCount":351,"commentCount":0,"publisher":{"@id":"https:\/\/soledaddurazo.com\/#organization"},"image":{"@id":"https:\/\/soledaddurazo.com\/blog\/2026\/04\/28\/dan-a-conocer-semalu-novela-historica-inspirada-en-teresa-urrea\/#primaryimage"},"thumbnailUrl":"https:\/\/soledaddurazo.com\/storage\/2026\/04\/semal-e1777411397458.jpg","articleSection":["principal"],"inLanguage":"es","potentialAction":[{"@type":"CommentAction","name":"Comment","target":["https:\/\/soledaddurazo.com\/blog\/2026\/04\/28\/dan-a-conocer-semalu-novela-historica-inspirada-en-teresa-urrea\/#respond"]}]},{"@type":"Person","@id":"https:\/\/soledaddurazo.com\/#\/schema\/person\/822d8e13aa288585e6546f179853758b","name":"Redacci\u00f3n","image":{"@type":"ImageObject","@id":"https:\/\/soledaddurazo.com\/#personlogo","inLanguage":"es","url":"https:\/\/secure.gravatar.com\/avatar\/c4e193752f756fd61f04deebed3a3a20dc188d37edb53682d313ac57f2725d54?s=96&d=mm&r=g","contentUrl":"https:\/\/secure.gravatar.com\/avatar\/c4e193752f756fd61f04deebed3a3a20dc188d37edb53682d313ac57f2725d54?s=96&d=mm&r=g","caption":"Redacci\u00f3n"},"sameAs":["https:\/\/soledaddurazo.com"]}]}},"_links":{"self":[{"href":"https:\/\/soledaddurazo.com\/api\/wp\/v2\/posts\/25003","targetHints":{"allow":["GET"]}}],"collection":[{"href":"https:\/\/soledaddurazo.com\/api\/wp\/v2\/posts"}],"about":[{"href":"https:\/\/soledaddurazo.com\/api\/wp\/v2\/types\/post"}],"author":[{"embeddable":true,"href":"https:\/\/soledaddurazo.com\/api\/wp\/v2\/users\/1"}],"replies":[{"embeddable":true,"href":"https:\/\/soledaddurazo.com\/api\/wp\/v2\/comments?post=25003"}],"version-history":[{"count":1,"href":"https:\/\/soledaddurazo.com\/api\/wp\/v2\/posts\/25003\/revisions"}],"predecessor-version":[{"id":25005,"href":"https:\/\/soledaddurazo.com\/api\/wp\/v2\/posts\/25003\/revisions\/25005"}],"wp:featuredmedia":[{"embeddable":true,"href":"https:\/\/soledaddurazo.com\/api\/wp\/v2\/media\/25006"}],"wp:attachment":[{"href":"https:\/\/soledaddurazo.com\/api\/wp\/v2\/media?parent=25003"}],"wp:term":[{"taxonomy":"category","embeddable":true,"href":"https:\/\/soledaddurazo.com\/api\/wp\/v2\/categories?post=25003"},{"taxonomy":"post_tag","embeddable":true,"href":"https:\/\/soledaddurazo.com\/api\/wp\/v2\/tags?post=25003"}],"curies":[{"name":"wp","href":"https:\/\/api.w.org\/{rel}","templated":true}]}}