{"id":25000,"date":"2026-04-27T16:25:19","date_gmt":"2026-04-27T23:25:19","guid":{"rendered":"https:\/\/soledaddurazo.com\/?p=25000"},"modified":"2026-04-27T16:25:19","modified_gmt":"2026-04-27T23:25:19","slug":"ombudswoman-para-sonora","status":"publish","type":"post","link":"https:\/\/soledaddurazo.com\/blog\/2026\/04\/27\/ombudswoman-para-sonora\/","title":{"rendered":"Ombudswoman para Sonora"},"content":{"rendered":"<p>La puerta se abre, cambia el nombre en la placa, pero no la estructura. Durante m\u00e1s de tres d\u00e9cadas, la Comisi\u00f3n Estatal de Derechos Humanos (CEDH) de Sonora ha tenido rostro masculino y, en demasiados momentos, voz subordinada.<\/p>\n<p>No s\u00f3lo ha faltado independencia, tambi\u00e9n diversidad en quien encarna la defensa de los derechos. Esto importa porque las instituciones no son entidades abstractas, tienen cuerpo, trayectoria, decisiones y tambi\u00e9n sesgos.<\/p>\n<p>En 34 a\u00f1os de existencia, la CEDH ha tenido seis directores, algunos con un perfil notable y que desempe\u00f1aron un papel decoroso; otros que ni cumpl\u00edan los requisitos ni estuvieron a la altura del encargo.<\/p>\n<p>En dos cosas coinciden: todos han sido hombres y designados por la gubernatura en turno, ya sea de manera directa o a trav\u00e9s de procesos de designaci\u00f3n simulados en legislaturas bajo su control. El resultado es predecible, en los momentos de crisis, cada uno actu\u00f3 m\u00e1s como l\u00ednea de transmisi\u00f3n del Ejecutivo que como titular de un organismo aut\u00f3nomo.<\/p>\n<p>Tal es el caso de Jorge S\u00e1enz F\u00e9lix, impuesto por Eduardo Bours, cuya actuaci\u00f3n fue reprobada por padres y madres de v\u00edctimas de la guarder\u00eda ABC. O el de Ra\u00fal Ram\u00edrez Ram\u00edrez, durante el sexenio de Guillermo Padr\u00e9s, con una respuesta institucional cuestionable ante el homicidio de Mar\u00eda Jes\u00fas Llamas en los separos de Guaymas y la tortura de Gisela Peraza, empleada dom\u00e9stica del exgobernador panista. El actual, Luis Fernando Renter\u00eda Barrag\u00e1n, sale del cargo con denuncias documentadas de hostigamiento laboral (principalmente de trabajadoras) que el Congreso del Estado ignor\u00f3.<\/p>\n<p>El problema va m\u00e1s all\u00e1 de los nombres, es la captura institucional.<\/p>\n<p>Esta semana el Legislativo elegir\u00e1 el relevo para la presidencia de la CEDH mediante una convocatoria expr\u00e9s que contempla tan s\u00f3lo diez d\u00edas para evaluar trayectorias, escuchar voces, ponderar capacidades. Lo que refleja la importancia que le dan a una posici\u00f3n tan relevante.<\/p>\n<p><strong>Retomar el esp\u00edritu de la CEDH<\/strong><\/p>\n<p>Los derechos humanos est\u00e1n reconocidos en el art\u00edculo primero constitucional que, en su p\u00e1rrafo tercero, establece con claridad la obligaci\u00f3n de todas las autoridades de\u00a0\u00a0 promoverlos, respetarlos, protegerlos y garantizarlos conforme a los principios de universalidad, interdependencia, indivisibilidad y progresividad.<\/p>\n<p>Har\u00edan bien las y los diputados en repasar ese art\u00edculo; que les sirva de sustento en la decisi\u00f3n que est\u00e1n por tomar.<\/p>\n<p>Es necesario liberar a la CEDH de la jaula burocr\u00e1tica y el control pol\u00edtico del partido dominante en turno, para que retome el esp\u00edritu de su creaci\u00f3n, que es la protecci\u00f3n de los derechos de las personas ante los abusos del poder.\u00a0 Ni m\u00e1s ni menos.<\/p>\n<p>Eso implica elegir una persona que cumpla con los requisitos de ley, que tenga el conocimiento t\u00e9cnico-jur\u00eddico, pero tambi\u00e9n que haya participado en actividades de promoci\u00f3n y defensa de los derechos humanos. Sin esta parte, cualquier perfil est\u00e1 incompleto.<\/p>\n<p>\u00bfPuede una instituci\u00f3n que nunca ha sido encabezada por una mujer, una persona fuera de la heteronormatividad o proveniente de un pueblo originario, comprender plenamente las violencias diferenciadas que atraviesan la vida p\u00fablica y privada? \u00bfPuede representar sin fisuras a quienes hist\u00f3ricamente se ha invisibilizado?<\/p>\n<p>No se trata de seguir una moda pol\u00edtica, sino de corregir una omisi\u00f3n estructural de la CEDH de Sonora con el 51% de la poblaci\u00f3n. Una titularidad femenina y con perspectiva de g\u00e9nero es una condici\u00f3n funcional para atender esa agenda pendiente.<\/p>\n<p>Que lean el contexto. Aunque la paridad formal no contemple a este tipo de organismos, el historial de la propia CEDH y el momento pol\u00edtico que vive el pa\u00eds hacen de la alternancia de g\u00e9nero algo m\u00e1s que una demanda simb\u00f3lica. Nombrar a una mujer es reconocer que la defensa de los derechos humanos tambi\u00e9n pasa por qui\u00e9n los interpreta, qui\u00e9n los prioriza y desde qu\u00e9 experiencia se ejerce el poder.<\/p>\n<p>La actuaci\u00f3n de Rosario Piedra al frente de la Comisi\u00f3n Nacional no es, desde luego, el mejor referente para esta demanda. Precisamente, su caso ilustra exactamente lo que no debe repetirse, es decir, una designaci\u00f3n que privilegi\u00f3 la lealtad pol\u00edtica sobre la idoneidad.<\/p>\n<p>No se trata de mujer por mujer; el Congreso tiene la responsabilidad de elegir una persona que re\u00fana preparaci\u00f3n, experiencia, compromiso e imparcialidad. Esos atributos y la perspectiva de g\u00e9nero no son excluyentes; se complementan, y est\u00e1n presentes entre las candidaturas registradas.<\/p>\n<p>Es tiempo de que Sonora tenga una <em>Ombudswoman<\/em>, de romper una inercia de simulaci\u00f3n y devolverle a la Comisi\u00f3n su raz\u00f3n de ser, poniendo a las personas al centro de la defensa de los derechos humanos.<\/p>\n<p>Porque s\u00ed, es tiempo de mujeres. Pero, sobre todo, es tiempo de instituciones que dejen de parecerse al poder que deben vigilar.<\/p>\n","protected":false},"excerpt":{"rendered":"<p>La puerta se abre, cambia el nombre en la placa, pero no la estructura. Durante m\u00e1s de tres d\u00e9cadas, la Comisi\u00f3n Estatal de Derechos Humanos (CEDH) de Sonora ha tenido rostro masculino y, en demasiados momentos, voz subordinada. No s\u00f3lo ha faltado independencia, tambi\u00e9n diversidad en quien encarna la defensa de los derechos. Esto importa [&hellip;]<\/p>\n","protected":false},"author":1,"featured_media":25001,"comment_status":"open","ping_status":"open","sticky":false,"template":"","format":"standard","meta":{"footnotes":""},"categories":[153],"tags":[],"class_list":["post"],"yoast_head":" \n<title>Ombudswoman para Sonora - Periodista SoledadDurazo.com<\/title>\n<meta name=\"robots\" content=\"index, follow, max-snippet:-1, max-image-preview:large, max-video-preview:-1\" \/>\n<link rel=\"canonical\" href=\"https:\/\/soledaddurazo.com\/blog\/2026\/04\/27\/ombudswoman-para-sonora\/\" \/>\n<meta property=\"og:locale\" content=\"es_MX\" \/>\n<meta property=\"og:type\" content=\"article\" \/>\n<meta property=\"og:title\" content=\"Ombudswoman para Sonora\" \/>\n<meta property=\"og:description\" content=\"La puerta se abre, cambia el nombre en la placa, pero no la estructura. Durante m\u00e1s de tres d\u00e9cadas, la Comisi\u00f3n Estatal de Derechos Humanos (CEDH) de Sonora ha tenido rostro masculino y, en demasiados momentos, voz subordinada. No s\u00f3lo ha faltado independencia, tambi\u00e9n diversidad en quien encarna la defensa de los derechos. Esto importa [&hellip;]\" \/>\n<meta property=\"og:url\" content=\"https:\/\/soledaddurazo.com\/blog\/2026\/04\/27\/ombudswoman-para-sonora\/\" \/>\n<meta property=\"og:site_name\" content=\"Periodista SoledadDurazo.com\" \/>\n<meta property=\"article:publisher\" content=\"https:\/\/www.facebook.com\/soledad.durazo.9\/\" \/>\n<meta property=\"article:published_time\" content=\"2026-04-27T23:25:19+00:00\" \/>\n<meta property=\"og:image\" content=\"https:\/\/soledaddurazo.com\/storage\/2026\/04\/derechos-humanos-un-llamado-a-la-igualdad-y-justicia-17338553920.jpg\" \/>\n\t<meta property=\"og:image:width\" content=\"1160\" \/>\n\t<meta property=\"og:image:height\" content=\"700\" \/>\n<meta name=\"twitter:card\" content=\"summary_large_image\" \/>\n<meta name=\"twitter:creator\" content=\"@SoledadDurazo\" \/>\n<meta name=\"twitter:site\" content=\"@SoledadDurazo\" \/>\n<meta name=\"twitter:label1\" content=\"Escrito por\" \/>\n\t<meta name=\"twitter:data1\" content=\"Redacci\u00f3n\" \/>\n\t<meta name=\"twitter:label2\" content=\"Tiempo de lectura\" \/>\n\t<meta name=\"twitter:data2\" content=\"4 minutos\" \/>\n<script type=\"application\/ld+json\" class=\"yoast-schema-graph\">{\"@context\":\"https:\/\/schema.org\",\"@graph\":[{\"@type\":\"Organization\",\"@id\":\"https:\/\/soledaddurazo.com\/#organization\",\"name\":\"Soledad Durazo\",\"url\":\"https:\/\/soledaddurazo.com\/\",\"sameAs\":[\"https:\/\/www.facebook.com\/soledad.durazo.9\/\",\"https:\/\/www.instagram.com\/soledaddurazo\",\"https:\/\/www.youtube.com\/channel\/UC9yGPw8-Vbl_B2XNkRwPS-w\",\"https:\/\/twitter.com\/SoledadDurazo\"],\"logo\":{\"@type\":\"ImageObject\",\"@id\":\"https:\/\/soledaddurazo.com\/#logo\",\"inLanguage\":\"es\",\"url\":\"https:\/\/soledaddurazo.com\/storage\/2021\/11\/nllp-720x375-1-2.png\",\"contentUrl\":\"https:\/\/soledaddurazo.com\/storage\/2021\/11\/nllp-720x375-1-2.png\",\"width\":720,\"height\":375,\"caption\":\"Soledad Durazo\"},\"image\":{\"@id\":\"https:\/\/soledaddurazo.com\/#logo\"}},{\"@type\":\"WebSite\",\"@id\":\"https:\/\/soledaddurazo.com\/#website\",\"url\":\"https:\/\/soledaddurazo.com\/\",\"name\":\"Periodista SoledadDurazo.com\",\"description\":\"Periodista sonorense. Directora de www.SoledadDurazo.com Columnista, conductora de radio y Tv. Catedr\\u00e1tica en la UNISON\",\"publisher\":{\"@id\":\"https:\/\/soledaddurazo.com\/#organization\"},\"potentialAction\":[{\"@type\":\"SearchAction\",\"target\":{\"@type\":\"EntryPoint\",\"urlTemplate\":\"https:\/\/soledaddurazo.com\/?s={search_term_string}\"},\"query-input\":\"required name=search_term_string\"}],\"inLanguage\":\"es\"},{\"@type\":\"ImageObject\",\"@id\":\"https:\/\/soledaddurazo.com\/blog\/2026\/04\/27\/ombudswoman-para-sonora\/#primaryimage\",\"inLanguage\":\"es\",\"url\":\"https:\/\/soledaddurazo.com\/storage\/2026\/04\/derechos-humanos-un-llamado-a-la-igualdad-y-justicia-17338553920.jpg\",\"contentUrl\":\"https:\/\/soledaddurazo.com\/storage\/2026\/04\/derechos-humanos-un-llamado-a-la-igualdad-y-justicia-17338553920.jpg\",\"width\":1160,\"height\":700},{\"@type\":\"WebPage\",\"@id\":\"https:\/\/soledaddurazo.com\/blog\/2026\/04\/27\/ombudswoman-para-sonora\/#webpage\",\"url\":\"https:\/\/soledaddurazo.com\/blog\/2026\/04\/27\/ombudswoman-para-sonora\/\",\"name\":\"Ombudswoman para Sonora - Periodista SoledadDurazo.com\",\"isPartOf\":{\"@id\":\"https:\/\/soledaddurazo.com\/#website\"},\"primaryImageOfPage\":{\"@id\":\"https:\/\/soledaddurazo.com\/blog\/2026\/04\/27\/ombudswoman-para-sonora\/#primaryimage\"},\"datePublished\":\"2026-04-27T23:25:19+00:00\",\"dateModified\":\"2026-04-27T23:25:19+00:00\",\"breadcrumb\":{\"@id\":\"https:\/\/soledaddurazo.com\/blog\/2026\/04\/27\/ombudswoman-para-sonora\/#breadcrumb\"},\"inLanguage\":\"es\",\"potentialAction\":[{\"@type\":\"ReadAction\",\"target\":[\"https:\/\/soledaddurazo.com\/blog\/2026\/04\/27\/ombudswoman-para-sonora\/\"]}]},{\"@type\":\"BreadcrumbList\",\"@id\":\"https:\/\/soledaddurazo.com\/blog\/2026\/04\/27\/ombudswoman-para-sonora\/#breadcrumb\",\"itemListElement\":[{\"@type\":\"ListItem\",\"position\":1,\"name\":\"Home\",\"item\":\"https:\/\/soledaddurazo.com\/\"},{\"@type\":\"ListItem\",\"position\":2,\"name\":\"Ombudswoman para Sonora\"}]},{\"@type\":\"Article\",\"@id\":\"https:\/\/soledaddurazo.com\/blog\/2026\/04\/27\/ombudswoman-para-sonora\/#article\",\"isPartOf\":{\"@id\":\"https:\/\/soledaddurazo.com\/blog\/2026\/04\/27\/ombudswoman-para-sonora\/#webpage\"},\"author\":{\"@id\":\"https:\/\/soledaddurazo.com\/#\/schema\/person\/822d8e13aa288585e6546f179853758b\"},\"headline\":\"Ombudswoman para Sonora\",\"datePublished\":\"2026-04-27T23:25:19+00:00\",\"dateModified\":\"2026-04-27T23:25:19+00:00\",\"mainEntityOfPage\":{\"@id\":\"https:\/\/soledaddurazo.com\/blog\/2026\/04\/27\/ombudswoman-para-sonora\/#webpage\"},\"wordCount\":843,\"commentCount\":0,\"publisher\":{\"@id\":\"https:\/\/soledaddurazo.com\/#organization\"},\"image\":{\"@id\":\"https:\/\/soledaddurazo.com\/blog\/2026\/04\/27\/ombudswoman-para-sonora\/#primaryimage\"},\"thumbnailUrl\":\"https:\/\/soledaddurazo.com\/storage\/2026\/04\/derechos-humanos-un-llamado-a-la-igualdad-y-justicia-17338553920.jpg\",\"articleSection\":[\"principal\"],\"inLanguage\":\"es\",\"potentialAction\":[{\"@type\":\"CommentAction\",\"name\":\"Comment\",\"target\":[\"https:\/\/soledaddurazo.com\/blog\/2026\/04\/27\/ombudswoman-para-sonora\/#respond\"]}]},{\"@type\":\"Person\",\"@id\":\"https:\/\/soledaddurazo.com\/#\/schema\/person\/822d8e13aa288585e6546f179853758b\",\"name\":\"Redacci\\u00f3n\",\"image\":{\"@type\":\"ImageObject\",\"@id\":\"https:\/\/soledaddurazo.com\/#personlogo\",\"inLanguage\":\"es\",\"url\":\"https:\/\/secure.gravatar.com\/avatar\/c4e193752f756fd61f04deebed3a3a20dc188d37edb53682d313ac57f2725d54?s=96&d=mm&r=g\",\"contentUrl\":\"https:\/\/secure.gravatar.com\/avatar\/c4e193752f756fd61f04deebed3a3a20dc188d37edb53682d313ac57f2725d54?s=96&d=mm&r=g\",\"caption\":\"Redacci\\u00f3n\"},\"sameAs\":[\"https:\/\/soledaddurazo.com\"]}]}<\/script>\n ","yoast_head_json":{"title":"Ombudswoman para Sonora - Periodista SoledadDurazo.com","robots":{"index":"index","follow":"follow","max-snippet":"max-snippet:-1","max-image-preview":"max-image-preview:large","max-video-preview":"max-video-preview:-1"},"canonical":"https:\/\/soledaddurazo.com\/blog\/2026\/04\/27\/ombudswoman-para-sonora\/","og_locale":"es_MX","og_type":"article","og_title":"Ombudswoman para Sonora","og_description":"La puerta se abre, cambia el nombre en la placa, pero no la estructura. Durante m\u00e1s de tres d\u00e9cadas, la Comisi\u00f3n Estatal de Derechos Humanos (CEDH) de Sonora ha tenido rostro masculino y, en demasiados momentos, voz subordinada. No s\u00f3lo ha faltado independencia, tambi\u00e9n diversidad en quien encarna la defensa de los derechos. Esto importa [&hellip;]","og_url":"https:\/\/soledaddurazo.com\/blog\/2026\/04\/27\/ombudswoman-para-sonora\/","og_site_name":"Periodista SoledadDurazo.com","article_publisher":"https:\/\/www.facebook.com\/soledad.durazo.9\/","article_published_time":"2026-04-27T23:25:19+00:00","og_image":[{"width":1160,"height":700,"url":"https:\/\/soledaddurazo.com\/storage\/2026\/04\/derechos-humanos-un-llamado-a-la-igualdad-y-justicia-17338553920.jpg","type":"image\/jpeg"}],"twitter_card":"summary_large_image","twitter_creator":"@SoledadDurazo","twitter_site":"@SoledadDurazo","twitter_misc":{"Escrito por":"Redacci\u00f3n","Tiempo de lectura":"4 minutos"},"schema":{"@context":"https:\/\/schema.org","@graph":[{"@type":"Organization","@id":"https:\/\/soledaddurazo.com\/#organization","name":"Soledad Durazo","url":"https:\/\/soledaddurazo.com\/","sameAs":["https:\/\/www.facebook.com\/soledad.durazo.9\/","https:\/\/www.instagram.com\/soledaddurazo","https:\/\/www.youtube.com\/channel\/UC9yGPw8-Vbl_B2XNkRwPS-w","https:\/\/twitter.com\/SoledadDurazo"],"logo":{"@type":"ImageObject","@id":"https:\/\/soledaddurazo.com\/#logo","inLanguage":"es","url":"https:\/\/soledaddurazo.com\/storage\/2021\/11\/nllp-720x375-1-2.png","contentUrl":"https:\/\/soledaddurazo.com\/storage\/2021\/11\/nllp-720x375-1-2.png","width":720,"height":375,"caption":"Soledad Durazo"},"image":{"@id":"https:\/\/soledaddurazo.com\/#logo"}},{"@type":"WebSite","@id":"https:\/\/soledaddurazo.com\/#website","url":"https:\/\/soledaddurazo.com\/","name":"Periodista SoledadDurazo.com","description":"Periodista sonorense. Directora de www.SoledadDurazo.com Columnista, conductora de radio y Tv. Catedr\u00e1tica en la UNISON","publisher":{"@id":"https:\/\/soledaddurazo.com\/#organization"},"potentialAction":[{"@type":"SearchAction","target":{"@type":"EntryPoint","urlTemplate":"https:\/\/soledaddurazo.com\/?s={search_term_string}"},"query-input":"required name=search_term_string"}],"inLanguage":"es"},{"@type":"ImageObject","@id":"https:\/\/soledaddurazo.com\/blog\/2026\/04\/27\/ombudswoman-para-sonora\/#primaryimage","inLanguage":"es","url":"https:\/\/soledaddurazo.com\/storage\/2026\/04\/derechos-humanos-un-llamado-a-la-igualdad-y-justicia-17338553920.jpg","contentUrl":"https:\/\/soledaddurazo.com\/storage\/2026\/04\/derechos-humanos-un-llamado-a-la-igualdad-y-justicia-17338553920.jpg","width":1160,"height":700},{"@type":"WebPage","@id":"https:\/\/soledaddurazo.com\/blog\/2026\/04\/27\/ombudswoman-para-sonora\/#webpage","url":"https:\/\/soledaddurazo.com\/blog\/2026\/04\/27\/ombudswoman-para-sonora\/","name":"Ombudswoman para Sonora - Periodista SoledadDurazo.com","isPartOf":{"@id":"https:\/\/soledaddurazo.com\/#website"},"primaryImageOfPage":{"@id":"https:\/\/soledaddurazo.com\/blog\/2026\/04\/27\/ombudswoman-para-sonora\/#primaryimage"},"datePublished":"2026-04-27T23:25:19+00:00","dateModified":"2026-04-27T23:25:19+00:00","breadcrumb":{"@id":"https:\/\/soledaddurazo.com\/blog\/2026\/04\/27\/ombudswoman-para-sonora\/#breadcrumb"},"inLanguage":"es","potentialAction":[{"@type":"ReadAction","target":["https:\/\/soledaddurazo.com\/blog\/2026\/04\/27\/ombudswoman-para-sonora\/"]}]},{"@type":"BreadcrumbList","@id":"https:\/\/soledaddurazo.com\/blog\/2026\/04\/27\/ombudswoman-para-sonora\/#breadcrumb","itemListElement":[{"@type":"ListItem","position":1,"name":"Home","item":"https:\/\/soledaddurazo.com\/"},{"@type":"ListItem","position":2,"name":"Ombudswoman para Sonora"}]},{"@type":"Article","@id":"https:\/\/soledaddurazo.com\/blog\/2026\/04\/27\/ombudswoman-para-sonora\/#article","isPartOf":{"@id":"https:\/\/soledaddurazo.com\/blog\/2026\/04\/27\/ombudswoman-para-sonora\/#webpage"},"author":{"@id":"https:\/\/soledaddurazo.com\/#\/schema\/person\/822d8e13aa288585e6546f179853758b"},"headline":"Ombudswoman para Sonora","datePublished":"2026-04-27T23:25:19+00:00","dateModified":"2026-04-27T23:25:19+00:00","mainEntityOfPage":{"@id":"https:\/\/soledaddurazo.com\/blog\/2026\/04\/27\/ombudswoman-para-sonora\/#webpage"},"wordCount":843,"commentCount":0,"publisher":{"@id":"https:\/\/soledaddurazo.com\/#organization"},"image":{"@id":"https:\/\/soledaddurazo.com\/blog\/2026\/04\/27\/ombudswoman-para-sonora\/#primaryimage"},"thumbnailUrl":"https:\/\/soledaddurazo.com\/storage\/2026\/04\/derechos-humanos-un-llamado-a-la-igualdad-y-justicia-17338553920.jpg","articleSection":["principal"],"inLanguage":"es","potentialAction":[{"@type":"CommentAction","name":"Comment","target":["https:\/\/soledaddurazo.com\/blog\/2026\/04\/27\/ombudswoman-para-sonora\/#respond"]}]},{"@type":"Person","@id":"https:\/\/soledaddurazo.com\/#\/schema\/person\/822d8e13aa288585e6546f179853758b","name":"Redacci\u00f3n","image":{"@type":"ImageObject","@id":"https:\/\/soledaddurazo.com\/#personlogo","inLanguage":"es","url":"https:\/\/secure.gravatar.com\/avatar\/c4e193752f756fd61f04deebed3a3a20dc188d37edb53682d313ac57f2725d54?s=96&d=mm&r=g","contentUrl":"https:\/\/secure.gravatar.com\/avatar\/c4e193752f756fd61f04deebed3a3a20dc188d37edb53682d313ac57f2725d54?s=96&d=mm&r=g","caption":"Redacci\u00f3n"},"sameAs":["https:\/\/soledaddurazo.com"]}]}},"_links":{"self":[{"href":"https:\/\/soledaddurazo.com\/api\/wp\/v2\/posts\/25000","targetHints":{"allow":["GET"]}}],"collection":[{"href":"https:\/\/soledaddurazo.com\/api\/wp\/v2\/posts"}],"about":[{"href":"https:\/\/soledaddurazo.com\/api\/wp\/v2\/types\/post"}],"author":[{"embeddable":true,"href":"https:\/\/soledaddurazo.com\/api\/wp\/v2\/users\/1"}],"replies":[{"embeddable":true,"href":"https:\/\/soledaddurazo.com\/api\/wp\/v2\/comments?post=25000"}],"version-history":[{"count":1,"href":"https:\/\/soledaddurazo.com\/api\/wp\/v2\/posts\/25000\/revisions"}],"predecessor-version":[{"id":25002,"href":"https:\/\/soledaddurazo.com\/api\/wp\/v2\/posts\/25000\/revisions\/25002"}],"wp:featuredmedia":[{"embeddable":true,"href":"https:\/\/soledaddurazo.com\/api\/wp\/v2\/media\/25001"}],"wp:attachment":[{"href":"https:\/\/soledaddurazo.com\/api\/wp\/v2\/media?parent=25000"}],"wp:term":[{"taxonomy":"category","embeddable":true,"href":"https:\/\/soledaddurazo.com\/api\/wp\/v2\/categories?post=25000"},{"taxonomy":"post_tag","embeddable":true,"href":"https:\/\/soledaddurazo.com\/api\/wp\/v2\/tags?post=25000"}],"curies":[{"name":"wp","href":"https:\/\/api.w.org\/{rel}","templated":true}]}}