{"id":24997,"date":"2026-04-27T05:49:58","date_gmt":"2026-04-27T12:49:58","guid":{"rendered":"https:\/\/soledaddurazo.com\/?p=24997"},"modified":"2026-04-27T05:49:58","modified_gmt":"2026-04-27T12:49:58","slug":"presidenta-sheinbaum-toma-las-riendas-y-reordena-morena-rumbo-al-2027","status":"publish","type":"post","link":"https:\/\/soledaddurazo.com\/blog\/2026\/04\/27\/presidenta-sheinbaum-toma-las-riendas-y-reordena-morena-rumbo-al-2027\/","title":{"rendered":"Presidenta Sheinbaum toma las riendas y reordena Morena rumbo al 2027"},"content":{"rendered":"<div class=\"jeg_navbar_mobile_wrapper\">\n<div class=\"jeg_navbar_mobile jeg_sticky_nav\" data-mode=\"scroll\">\n<div class=\"jeg_mobile_bottombar jeg_mobile_midbar jeg_container dark\">\n<div class=\"container\">\n<div class=\"jeg_nav_row\">\n<div class=\"jeg_nav_col jeg_nav_center jeg_nav_grow\">\n<div class=\"item_wrap jeg_nav_aligncenter\">\n<div class=\"jeg_nav_item jeg_mobile_logo\">\n<div class=\"site-title\"><\/div>\n<\/div>\n<\/div>\n<\/div>\n<\/div>\n<\/div>\n<\/div>\n<\/div>\n<\/div>\n<div class=\"post-wrapper\">\n<div class=\"post-wrap\">\n<div class=\"jeg_main \">\n<div class=\"jeg_container\">\n<div class=\"jeg_content jeg_singlepage\">\n<div class=\"container\">\n<div class=\"row\">\n<div class=\"jeg_main_content col-md-8\">\n<div class=\"jeg_inner_content\">\n<div class=\"entry-content no-share\">\n<div class=\"content-inner \">\n<figure class=\"wp-block-image size-full is-resized\"><\/figure>\n<p><strong>\u2022 La apuesta social de la Diputada Jazm\u00edn G\u00f3mez<br \/>\n\u2022 Habr\u00e1 Ombudswoman en la CEDH<br \/>\n\u2022 In crescendo ataques contra el STJ<\/strong><\/p>\n<p><a href=\"https:\/\/soledaddurazo.com\/storage\/2026\/04\/IMG-20260427-WA0000.jpg\"><img loading=\"lazy\" decoding=\"async\" class=\"aligncenter size-full wp-image-24998\" src=\"https:\/\/soledaddurazo.com\/storage\/2026\/04\/IMG-20260427-WA0000.jpg\" alt=\"\" width=\"299\" height=\"168\" \/><\/a><\/p>\n<p>Esta semana, la Presidenta Claudia Sheinbaum cumplir\u00e1 un a\u00f1o y ocho meses de haber asumido el poder. Durante todo este tiempo, se\u00f1alamientos de una supuesta sumisi\u00f3n de su gobierno a la voluntad del ex Presidente Andr\u00e9s Manuel L\u00f3pez Obrador han llenado la conversaci\u00f3n p\u00fablica.<\/p>\n<p>En columna publicada en diciembre de 2024,\u00a0<a href=\"https:\/\/paralosdeapie.com.mx\/2024\/11\/19\/habra-rompimiento-csp-amlo\/\">https:\/\/paralosdeapie.com.mx\/2024\/11\/19\/habra-rompimiento-csp-amlo\/<\/a>\u00a0se\u00f1al\u00e9 que la historia de nuestro sistema pol\u00edtico est\u00e1 repleta de antecedentes que demuestran el intento de muchos ex Presidentes por mantenerse vigentes pol\u00edticamente, pero que invariablemente de esos intentos, el Presidente en turno, tom\u00f3 distancia pol\u00edtica y en algunas ocasiones, la distancia escal\u00f3 hasta la \u00a0ruptura pol\u00edtica.<\/p>\n<p>Desde su campa\u00f1a pol\u00edtica, Claudia Sheinbaum, dej\u00f3 claro en su discurso que su gobierno ser\u00eda de continuidad a las pol\u00edticas transformadoras iniciadas por su antecesor, a las que llam\u00f3 \u201cel segundo piso de la Cuarta Transformaci\u00f3n\u201d.<\/p>\n<p>Pero vimos varias se\u00f1ales que al interior del gobierno algo suced\u00eda, los Senadores no acompa\u00f1aron la propuesta presidencial para nombrar a la titular de la Comisi\u00f3n Nacional de los Derechos Humanos y designaron nuevamente a la se\u00f1ora Rosario Piedra Ibarra, algo in\u00e9dito en el lenguaje de la Cuarta Transformaci\u00f3n.<\/p>\n<p>En diciembre, los Diputados aprobaron el primer presupuesto de la Presidenta Sheinbaum con un recorte de m\u00e1s de 14 mil millones de pesos a la educaci\u00f3n superior, incluyendo 6 mil millones de pesos al alma mater de Sheinbaum Pardo, la UNAM. Una total contradicci\u00f3n para la Presidenta Sheinbaum que en campa\u00f1a hab\u00eda prometido apoyar a la educaci\u00f3n superior. \u201cAlguien\u201d hizo una travesura al mover el presupuesto, queriendo quedar dejar mal a la Presidenta, el presupuesto se tuvo que modificar posteriormente para lavar la honra presidencial manchada por el recorte.<\/p>\n<p>En marzo de 2025, en un evento convocado en el Z\u00f3calo en el que la Presidenta Sheinbaum se pronunciar\u00eda acerca de la tirante relaci\u00f3n bilateral con Estados Unidos, fue ignorada por la plana mayor de Morena mientras hac\u00eda su arribo al templete instalado en la plancha de la plaza c\u00edvica m\u00e1s importante del pa\u00eds.<\/p>\n<p>Ad\u00e1n Augusto L\u00f3pez, Coordinador de los Senadores de Morena; Ricardo Monreal, Coordinador de los Diputados de Morena; Manuel Velasco, Coordinador del Partido Verde en el Senado; Mar\u00eda Luisa Alcalde, entonces dirigente nacional de Morena y Victoria Rodr\u00edguez Ceja, gobernadora del Banco de M\u00e9xico, posaban para los fot\u00f3grafos abrazados de Andr\u00e9s Manuel L\u00f3pez Beltr\u00e1n, Secretario de Organizaci\u00f3n de Morena.<\/p>\n<p>Despu\u00e9s de ese episodio, Ad\u00e1n Augusto L\u00f3pez fue destituido como Coordinador; Ricardo Monreal, muy disminuido pol\u00edticamente y varios de sus colaboradores exhibidos p\u00fablicamente por sus excesos; Luisa Mar\u00eda Alcalde acaba de renunciar a la dirigencia de Morena y Andr\u00e9s Manuel L\u00f3pez Beltr\u00e1n, Secretario de Organizaci\u00f3n de Morena, est\u00e1 relegado, rodeado de rumores de renuncia y con una imagen p\u00fablica reprobada en las encuestas.<\/p>\n<p>Claudia Sheinbaum ha dejado atr\u00e1s la pol\u00edtica de abrazos y no balazos, ordenando incrementar el uso de la fuerza de las corporaciones garantes de la seguridad contra la actividad de los grupos de la delincuencia organizada, tambi\u00e9n ha reanudado la agenda internacional, su presencia en reuniones internacionales para reforzar lazos diplom\u00e1ticos en el contexto actual de una crisis internacional, marca una importante diferencia pol\u00edtica comparada por la adoptada por su antecesor.<\/p>\n<p>Si estas se\u00f1ales que acabo de enumerar, en la que creo yo que la Presidenta Claudia Sheinbaum libra una batalla soterrada para marcar un estilo propio de gobernar, no le son suficientes para pensar que estamos frente a un intento de tomar distancia pol\u00edtica con respecto al ex Presidente Andr\u00e9s Manuel L\u00f3pez Obrador, sin llegar a la ruptura, pues no s\u00e9 yo qu\u00e9 m\u00e1s se necesite para comprenderlo.<\/p>\n<p>La renuncia de Citlalli Hern\u00e1ndez a la Secretar\u00eda de las Mujeres para aterrizar a la Comisi\u00f3n Nacional de Elecciones de Morena y la probable llegada de Ariadna Montiel, es la confirmaci\u00f3n que la Presidenta Claudia Sheinbaum est\u00e1 tomando el control de Morena para el proceso electoral del 2027 y tambi\u00e9n toma el control de su propia sucesi\u00f3n.<\/p>\n<p><strong>LA APUESTA SOCIAL DE LA DIPUTADA JAZM\u00cdN G\u00d3MEZ<\/strong><\/p>\n<p>La Diputada del Partido del Trabajo por Guaymas, Jazm\u00edn G\u00f3mez Liz\u00e1rraga sigue presentando iniciativas en beneficio de los sectores m\u00e1s vulnerables de nuestra sociedad, proporcion\u00e1ndole un toque humano a su actividad en el Congreso del Estado.<\/p>\n<p>Su reciente propuesta para crear una Ley que Regule a los Albergues y Centros de Atenci\u00f3n para Personas Adultas Mayores, ordena lo b\u00e1sico, lo que incre\u00edblemente no est\u00e1 garantizado en la Ley, una supervisi\u00f3n real de estos centros para adultos mayores, clarifica requisitos y condiciones para que estos centros p\u00fablicos o privados operen, define capacitaci\u00f3n del personal, derechos de los usuarios y consecuencias jur\u00eddicas para quienes no cumplan con la Ley.<\/p>\n<p>Correr el l\u00e1piz para plasmar la visi\u00f3n de lo que se requiere para atacar una problem\u00e1tica, mejorar el bienestar de una comunidad y mejorar su convivencia a manera de iniciativas de Ley en el Congreso del Estado, resulta importante, pero en la narrativa de la Cuarta Transformaci\u00f3n, tambi\u00e9n es importante el trabajo en el territorio.<\/p>\n<p>La oficina de enlace en Guaymas de la Diputada Jazm\u00edn G\u00f3mez opera como deber\u00eda hacerlo cualquier representaci\u00f3n p\u00fablica, cercana a la gente y aportando cosas \u00fatiles para la gente, como el banco de art\u00edculos ortop\u00e9dicos, que atiende una carencia hist\u00f3rica, entrega a quienes menos tienen, muletas, sillas de ruedas o cualquier otra herramienta que facilite la movilidad.<\/p>\n<p>Sin grandes despliegues medi\u00e1ticos, pero demostrando congruencia en sus acciones, siempre acorde a sus or\u00edgenes y manera de pensar, la Diputada G\u00f3mez Liz\u00e1rraga se consolida en el puerto, el trabajo comunitario se nota, la confianza de los de a pie, esa que cuesta mucho ganar, ya la trae en la bolsa y eso tambi\u00e9n se nota.<\/p>\n<p><strong>HABR\u00c1 OMBUDSWOMAN EN LA CEDH<\/strong><\/p>\n<p>Hoy a las 14:00 horas sesionar\u00e1 la Comisi\u00f3n de Justicia y Derechos Humanos del Congreso del Estado que encabeza el Diputado Ren\u00e9 Garc\u00eda Rojo. En esta sesi\u00f3n se deber\u00e1 dar a conocer el listado de aspirantes a ocupar la titularidad de la Comisi\u00f3n Estatal de Derechos Humanos que hayan cumplido a cabalidad con los requisitos, se dar\u00e1 a conocer la calendarizaci\u00f3n y metodolog\u00eda de las entrevistas a los aspirantes.<\/p>\n<p>M\u00e1s all\u00e1 del proceso legislativo, en radiopasillo se dice, se rumora, se comenta, que no habr\u00e1 Ombudsman en la CEDH, que ser\u00e1 Ombudswoman y que son dos las finalistas, Emma Millan Castro, abogada de la escuela de Gloria Gertrudis Tapia Quijada, que viene impulsada desde una oficina importante del Gobierno del Estado donde se dise\u00f1an megaproyectos.<\/p>\n<p>Desde otra importante oficina, se impulsa a la Maestra Carmen Luc\u00eda Mungu\u00eda, actual titular del Sistema Estatal de Protecci\u00f3n Integral de Ni\u00f1as, Ni\u00f1os y Adolescentes del Estado de Sonora, joven funcionaria a la que recuerdo en sus inicios ingresando a la CEDH, apadrinada por Don Faustino F\u00e9lix Escalante.<\/p>\n<p>Como apunte al calce, se comenta entre los especialistas del derecho, que el articulo III de la convocatoria, abre la posibilidad para que la pr\u00f3xima titular de la CEDH no sea abogada titulada. El que le entendi\u00f3, le entendi\u00f3.<\/p>\n<p><strong>IN CRESCENDO ATAQUES CONTRA EL STJ<\/strong><\/p>\n<p>Para lo comentocracia, no pasan desapercibidos los ataques medi\u00e1ticos en contra del Supremo Tribunal de Justicia, sobre todo los ataques que cuestionan la integridad del titular del Poder Judicial del Estado, Rafael Acu\u00f1a Griego.<\/p>\n<p>En radiopsadillo se dice, se rumora, se comenta, que los ataques al Supremo Tribunal de Justicia provienen desde la CDMX, concretamente de la C\u00e1mara de Diputados, como intento para apoderarse de la Presidencia del Poder Judicial de Sonora.<\/p>\n<p>El modus operandi es a trav\u00e9s de periodistas compadres y la recua maldita que le acompa\u00f1a, y hasta caballos de troya al interior del Poder Judicial, o sea, fuego amigo, l\u00e9ase uno de los Magistrados reci\u00e9n elegido.<\/p>\n<p>Todos bien ubicados e identificados, dicen que el que se lleva se aguanta, as\u00ed que al tiempo.<\/p>\n<p>Lo que si me queda claro, es que las deslealtades, est\u00e1n de moda en la Cuarta Transformaci\u00f3n en Sonora.<\/p>\n<p>Los invito a escuchar los viernes la mesa de an\u00e1lisis de SONORA EN RED NOTICIAS, ejercicio de opini\u00f3n que realizo en compa\u00f1\u00eda de mis amigos Arturo Chapo Soto, Arturo Ballesteros y Gustavo Valenzuela, por el 93.3 del cuadrante de F.M. desde Guaymas para todo el sur de Sonora, y por la se\u00f1al del canal 14 de Estrella Tucson TV, en el sur de Arizona.<\/p>\n<p>Y en Radio Sol 104.7 F.M. LENGUAS VESPERTINAS, de lunes a viernes a las 17:00 horas, le vamos a ofrecer una peque\u00f1a dosis de grilla.<\/p>\n<p>Podemos interactuar a trav\u00e9s de mi cuenta de Twitter @feroropeza20 o en mi correo electr\u00f3nico\u00a0<a href=\"mailto:luiso@hmo.megared.net.mx\">luiso@hmo.megared.net.mx<\/a><\/p>\n<\/div>\n<\/div>\n<\/div>\n<\/div>\n<\/div>\n<\/div>\n<\/div>\n<\/div>\n<\/div>\n<\/div>\n<\/div>\n","protected":false},"excerpt":{"rendered":"<p>\u2022 La apuesta social de la Diputada Jazm\u00edn G\u00f3mez \u2022 Habr\u00e1 Ombudswoman en la CEDH \u2022 In crescendo ataques contra el STJ Esta semana, la Presidenta Claudia Sheinbaum cumplir\u00e1 un a\u00f1o y ocho meses de haber asumido el poder. Durante todo este tiempo, se\u00f1alamientos de una supuesta sumisi\u00f3n de su gobierno a la voluntad del [&hellip;]<\/p>\n","protected":false},"author":1,"featured_media":24892,"comment_status":"open","ping_status":"open","sticky":false,"template":"","format":"standard","meta":{"footnotes":""},"categories":[173],"tags":[],"class_list":["post"],"yoast_head":" \n<title>Presidenta Sheinbaum toma las riendas y reordena Morena rumbo al 2027 - Periodista SoledadDurazo.com<\/title>\n<meta name=\"robots\" content=\"index, follow, max-snippet:-1, max-image-preview:large, max-video-preview:-1\" \/>\n<link rel=\"canonical\" href=\"https:\/\/soledaddurazo.com\/blog\/2026\/04\/27\/presidenta-sheinbaum-toma-las-riendas-y-reordena-morena-rumbo-al-2027\/\" \/>\n<meta property=\"og:locale\" content=\"es_MX\" \/>\n<meta property=\"og:type\" content=\"article\" \/>\n<meta property=\"og:title\" content=\"Presidenta Sheinbaum toma las riendas y reordena Morena rumbo al 2027\" \/>\n<meta property=\"og:description\" content=\"\u2022 La apuesta social de la Diputada Jazm\u00edn G\u00f3mez \u2022 Habr\u00e1 Ombudswoman en la CEDH \u2022 In crescendo ataques contra el STJ Esta semana, la Presidenta Claudia Sheinbaum cumplir\u00e1 un a\u00f1o y ocho meses de haber asumido el poder. Durante todo este tiempo, se\u00f1alamientos de una supuesta sumisi\u00f3n de su gobierno a la voluntad del [&hellip;]\" \/>\n<meta property=\"og:url\" content=\"https:\/\/soledaddurazo.com\/blog\/2026\/04\/27\/presidenta-sheinbaum-toma-las-riendas-y-reordena-morena-rumbo-al-2027\/\" \/>\n<meta property=\"og:site_name\" content=\"Periodista SoledadDurazo.com\" \/>\n<meta property=\"article:publisher\" content=\"https:\/\/www.facebook.com\/soledad.durazo.9\/\" \/>\n<meta property=\"article:published_time\" content=\"2026-04-27T12:49:58+00:00\" \/>\n<meta property=\"og:image\" content=\"https:\/\/soledaddurazo.com\/storage\/2026\/04\/9a-GRAFICO-FERNANDO-OROPEZA.jpeg\" \/>\n\t<meta property=\"og:image:width\" content=\"1092\" \/>\n\t<meta property=\"og:image:height\" content=\"983\" \/>\n<meta name=\"twitter:card\" content=\"summary_large_image\" \/>\n<meta name=\"twitter:creator\" content=\"@SoledadDurazo\" \/>\n<meta name=\"twitter:site\" content=\"@SoledadDurazo\" \/>\n<meta name=\"twitter:label1\" content=\"Escrito por\" \/>\n\t<meta name=\"twitter:data1\" content=\"Redacci\u00f3n\" \/>\n\t<meta name=\"twitter:label2\" content=\"Tiempo de lectura\" \/>\n\t<meta name=\"twitter:data2\" content=\"8 minutos\" \/>\n<script type=\"application\/ld+json\" class=\"yoast-schema-graph\">{\"@context\":\"https:\/\/schema.org\",\"@graph\":[{\"@type\":\"Organization\",\"@id\":\"https:\/\/soledaddurazo.com\/#organization\",\"name\":\"Soledad Durazo\",\"url\":\"https:\/\/soledaddurazo.com\/\",\"sameAs\":[\"https:\/\/www.facebook.com\/soledad.durazo.9\/\",\"https:\/\/www.instagram.com\/soledaddurazo\",\"https:\/\/www.youtube.com\/channel\/UC9yGPw8-Vbl_B2XNkRwPS-w\",\"https:\/\/twitter.com\/SoledadDurazo\"],\"logo\":{\"@type\":\"ImageObject\",\"@id\":\"https:\/\/soledaddurazo.com\/#logo\",\"inLanguage\":\"es\",\"url\":\"https:\/\/soledaddurazo.com\/storage\/2021\/11\/nllp-720x375-1-2.png\",\"contentUrl\":\"https:\/\/soledaddurazo.com\/storage\/2021\/11\/nllp-720x375-1-2.png\",\"width\":720,\"height\":375,\"caption\":\"Soledad Durazo\"},\"image\":{\"@id\":\"https:\/\/soledaddurazo.com\/#logo\"}},{\"@type\":\"WebSite\",\"@id\":\"https:\/\/soledaddurazo.com\/#website\",\"url\":\"https:\/\/soledaddurazo.com\/\",\"name\":\"Periodista SoledadDurazo.com\",\"description\":\"Periodista sonorense. Directora de www.SoledadDurazo.com Columnista, conductora de radio y Tv. Catedr\\u00e1tica en la UNISON\",\"publisher\":{\"@id\":\"https:\/\/soledaddurazo.com\/#organization\"},\"potentialAction\":[{\"@type\":\"SearchAction\",\"target\":{\"@type\":\"EntryPoint\",\"urlTemplate\":\"https:\/\/soledaddurazo.com\/?s={search_term_string}\"},\"query-input\":\"required name=search_term_string\"}],\"inLanguage\":\"es\"},{\"@type\":\"ImageObject\",\"@id\":\"https:\/\/soledaddurazo.com\/blog\/2026\/04\/27\/presidenta-sheinbaum-toma-las-riendas-y-reordena-morena-rumbo-al-2027\/#primaryimage\",\"inLanguage\":\"es\",\"url\":\"https:\/\/soledaddurazo.com\/storage\/2026\/04\/9a-GRAFICO-FERNANDO-OROPEZA.jpeg\",\"contentUrl\":\"https:\/\/soledaddurazo.com\/storage\/2026\/04\/9a-GRAFICO-FERNANDO-OROPEZA.jpeg\",\"width\":1092,\"height\":983},{\"@type\":\"WebPage\",\"@id\":\"https:\/\/soledaddurazo.com\/blog\/2026\/04\/27\/presidenta-sheinbaum-toma-las-riendas-y-reordena-morena-rumbo-al-2027\/#webpage\",\"url\":\"https:\/\/soledaddurazo.com\/blog\/2026\/04\/27\/presidenta-sheinbaum-toma-las-riendas-y-reordena-morena-rumbo-al-2027\/\",\"name\":\"Presidenta Sheinbaum toma las riendas y reordena Morena rumbo al 2027 - Periodista SoledadDurazo.com\",\"isPartOf\":{\"@id\":\"https:\/\/soledaddurazo.com\/#website\"},\"primaryImageOfPage\":{\"@id\":\"https:\/\/soledaddurazo.com\/blog\/2026\/04\/27\/presidenta-sheinbaum-toma-las-riendas-y-reordena-morena-rumbo-al-2027\/#primaryimage\"},\"datePublished\":\"2026-04-27T12:49:58+00:00\",\"dateModified\":\"2026-04-27T12:49:58+00:00\",\"breadcrumb\":{\"@id\":\"https:\/\/soledaddurazo.com\/blog\/2026\/04\/27\/presidenta-sheinbaum-toma-las-riendas-y-reordena-morena-rumbo-al-2027\/#breadcrumb\"},\"inLanguage\":\"es\",\"potentialAction\":[{\"@type\":\"ReadAction\",\"target\":[\"https:\/\/soledaddurazo.com\/blog\/2026\/04\/27\/presidenta-sheinbaum-toma-las-riendas-y-reordena-morena-rumbo-al-2027\/\"]}]},{\"@type\":\"BreadcrumbList\",\"@id\":\"https:\/\/soledaddurazo.com\/blog\/2026\/04\/27\/presidenta-sheinbaum-toma-las-riendas-y-reordena-morena-rumbo-al-2027\/#breadcrumb\",\"itemListElement\":[{\"@type\":\"ListItem\",\"position\":1,\"name\":\"Home\",\"item\":\"https:\/\/soledaddurazo.com\/\"},{\"@type\":\"ListItem\",\"position\":2,\"name\":\"Presidenta Sheinbaum toma las riendas y reordena Morena rumbo al 2027\"}]},{\"@type\":\"Article\",\"@id\":\"https:\/\/soledaddurazo.com\/blog\/2026\/04\/27\/presidenta-sheinbaum-toma-las-riendas-y-reordena-morena-rumbo-al-2027\/#article\",\"isPartOf\":{\"@id\":\"https:\/\/soledaddurazo.com\/blog\/2026\/04\/27\/presidenta-sheinbaum-toma-las-riendas-y-reordena-morena-rumbo-al-2027\/#webpage\"},\"author\":{\"@id\":\"https:\/\/soledaddurazo.com\/#\/schema\/person\/822d8e13aa288585e6546f179853758b\"},\"headline\":\"Presidenta Sheinbaum toma las riendas y reordena Morena rumbo al 2027\",\"datePublished\":\"2026-04-27T12:49:58+00:00\",\"dateModified\":\"2026-04-27T12:49:58+00:00\",\"mainEntityOfPage\":{\"@id\":\"https:\/\/soledaddurazo.com\/blog\/2026\/04\/27\/presidenta-sheinbaum-toma-las-riendas-y-reordena-morena-rumbo-al-2027\/#webpage\"},\"wordCount\":1569,\"commentCount\":0,\"publisher\":{\"@id\":\"https:\/\/soledaddurazo.com\/#organization\"},\"image\":{\"@id\":\"https:\/\/soledaddurazo.com\/blog\/2026\/04\/27\/presidenta-sheinbaum-toma-las-riendas-y-reordena-morena-rumbo-al-2027\/#primaryimage\"},\"thumbnailUrl\":\"https:\/\/soledaddurazo.com\/storage\/2026\/04\/9a-GRAFICO-FERNANDO-OROPEZA.jpeg\",\"articleSection\":[\"Fernando Oropeza\"],\"inLanguage\":\"es\",\"potentialAction\":[{\"@type\":\"CommentAction\",\"name\":\"Comment\",\"target\":[\"https:\/\/soledaddurazo.com\/blog\/2026\/04\/27\/presidenta-sheinbaum-toma-las-riendas-y-reordena-morena-rumbo-al-2027\/#respond\"]}]},{\"@type\":\"Person\",\"@id\":\"https:\/\/soledaddurazo.com\/#\/schema\/person\/822d8e13aa288585e6546f179853758b\",\"name\":\"Redacci\\u00f3n\",\"image\":{\"@type\":\"ImageObject\",\"@id\":\"https:\/\/soledaddurazo.com\/#personlogo\",\"inLanguage\":\"es\",\"url\":\"https:\/\/secure.gravatar.com\/avatar\/c4e193752f756fd61f04deebed3a3a20dc188d37edb53682d313ac57f2725d54?s=96&d=mm&r=g\",\"contentUrl\":\"https:\/\/secure.gravatar.com\/avatar\/c4e193752f756fd61f04deebed3a3a20dc188d37edb53682d313ac57f2725d54?s=96&d=mm&r=g\",\"caption\":\"Redacci\\u00f3n\"},\"sameAs\":[\"https:\/\/soledaddurazo.com\"]}]}<\/script>\n ","yoast_head_json":{"title":"Presidenta Sheinbaum toma las riendas y reordena Morena rumbo al 2027 - Periodista SoledadDurazo.com","robots":{"index":"index","follow":"follow","max-snippet":"max-snippet:-1","max-image-preview":"max-image-preview:large","max-video-preview":"max-video-preview:-1"},"canonical":"https:\/\/soledaddurazo.com\/blog\/2026\/04\/27\/presidenta-sheinbaum-toma-las-riendas-y-reordena-morena-rumbo-al-2027\/","og_locale":"es_MX","og_type":"article","og_title":"Presidenta Sheinbaum toma las riendas y reordena Morena rumbo al 2027","og_description":"\u2022 La apuesta social de la Diputada Jazm\u00edn G\u00f3mez \u2022 Habr\u00e1 Ombudswoman en la CEDH \u2022 In crescendo ataques contra el STJ Esta semana, la Presidenta Claudia Sheinbaum cumplir\u00e1 un a\u00f1o y ocho meses de haber asumido el poder. Durante todo este tiempo, se\u00f1alamientos de una supuesta sumisi\u00f3n de su gobierno a la voluntad del [&hellip;]","og_url":"https:\/\/soledaddurazo.com\/blog\/2026\/04\/27\/presidenta-sheinbaum-toma-las-riendas-y-reordena-morena-rumbo-al-2027\/","og_site_name":"Periodista SoledadDurazo.com","article_publisher":"https:\/\/www.facebook.com\/soledad.durazo.9\/","article_published_time":"2026-04-27T12:49:58+00:00","og_image":[{"width":1092,"height":983,"url":"https:\/\/soledaddurazo.com\/storage\/2026\/04\/9a-GRAFICO-FERNANDO-OROPEZA.jpeg","type":"image\/jpeg"}],"twitter_card":"summary_large_image","twitter_creator":"@SoledadDurazo","twitter_site":"@SoledadDurazo","twitter_misc":{"Escrito por":"Redacci\u00f3n","Tiempo de lectura":"8 minutos"},"schema":{"@context":"https:\/\/schema.org","@graph":[{"@type":"Organization","@id":"https:\/\/soledaddurazo.com\/#organization","name":"Soledad Durazo","url":"https:\/\/soledaddurazo.com\/","sameAs":["https:\/\/www.facebook.com\/soledad.durazo.9\/","https:\/\/www.instagram.com\/soledaddurazo","https:\/\/www.youtube.com\/channel\/UC9yGPw8-Vbl_B2XNkRwPS-w","https:\/\/twitter.com\/SoledadDurazo"],"logo":{"@type":"ImageObject","@id":"https:\/\/soledaddurazo.com\/#logo","inLanguage":"es","url":"https:\/\/soledaddurazo.com\/storage\/2021\/11\/nllp-720x375-1-2.png","contentUrl":"https:\/\/soledaddurazo.com\/storage\/2021\/11\/nllp-720x375-1-2.png","width":720,"height":375,"caption":"Soledad Durazo"},"image":{"@id":"https:\/\/soledaddurazo.com\/#logo"}},{"@type":"WebSite","@id":"https:\/\/soledaddurazo.com\/#website","url":"https:\/\/soledaddurazo.com\/","name":"Periodista SoledadDurazo.com","description":"Periodista sonorense. Directora de www.SoledadDurazo.com Columnista, conductora de radio y Tv. Catedr\u00e1tica en la UNISON","publisher":{"@id":"https:\/\/soledaddurazo.com\/#organization"},"potentialAction":[{"@type":"SearchAction","target":{"@type":"EntryPoint","urlTemplate":"https:\/\/soledaddurazo.com\/?s={search_term_string}"},"query-input":"required name=search_term_string"}],"inLanguage":"es"},{"@type":"ImageObject","@id":"https:\/\/soledaddurazo.com\/blog\/2026\/04\/27\/presidenta-sheinbaum-toma-las-riendas-y-reordena-morena-rumbo-al-2027\/#primaryimage","inLanguage":"es","url":"https:\/\/soledaddurazo.com\/storage\/2026\/04\/9a-GRAFICO-FERNANDO-OROPEZA.jpeg","contentUrl":"https:\/\/soledaddurazo.com\/storage\/2026\/04\/9a-GRAFICO-FERNANDO-OROPEZA.jpeg","width":1092,"height":983},{"@type":"WebPage","@id":"https:\/\/soledaddurazo.com\/blog\/2026\/04\/27\/presidenta-sheinbaum-toma-las-riendas-y-reordena-morena-rumbo-al-2027\/#webpage","url":"https:\/\/soledaddurazo.com\/blog\/2026\/04\/27\/presidenta-sheinbaum-toma-las-riendas-y-reordena-morena-rumbo-al-2027\/","name":"Presidenta Sheinbaum toma las riendas y reordena Morena rumbo al 2027 - Periodista SoledadDurazo.com","isPartOf":{"@id":"https:\/\/soledaddurazo.com\/#website"},"primaryImageOfPage":{"@id":"https:\/\/soledaddurazo.com\/blog\/2026\/04\/27\/presidenta-sheinbaum-toma-las-riendas-y-reordena-morena-rumbo-al-2027\/#primaryimage"},"datePublished":"2026-04-27T12:49:58+00:00","dateModified":"2026-04-27T12:49:58+00:00","breadcrumb":{"@id":"https:\/\/soledaddurazo.com\/blog\/2026\/04\/27\/presidenta-sheinbaum-toma-las-riendas-y-reordena-morena-rumbo-al-2027\/#breadcrumb"},"inLanguage":"es","potentialAction":[{"@type":"ReadAction","target":["https:\/\/soledaddurazo.com\/blog\/2026\/04\/27\/presidenta-sheinbaum-toma-las-riendas-y-reordena-morena-rumbo-al-2027\/"]}]},{"@type":"BreadcrumbList","@id":"https:\/\/soledaddurazo.com\/blog\/2026\/04\/27\/presidenta-sheinbaum-toma-las-riendas-y-reordena-morena-rumbo-al-2027\/#breadcrumb","itemListElement":[{"@type":"ListItem","position":1,"name":"Home","item":"https:\/\/soledaddurazo.com\/"},{"@type":"ListItem","position":2,"name":"Presidenta Sheinbaum toma las riendas y reordena Morena rumbo al 2027"}]},{"@type":"Article","@id":"https:\/\/soledaddurazo.com\/blog\/2026\/04\/27\/presidenta-sheinbaum-toma-las-riendas-y-reordena-morena-rumbo-al-2027\/#article","isPartOf":{"@id":"https:\/\/soledaddurazo.com\/blog\/2026\/04\/27\/presidenta-sheinbaum-toma-las-riendas-y-reordena-morena-rumbo-al-2027\/#webpage"},"author":{"@id":"https:\/\/soledaddurazo.com\/#\/schema\/person\/822d8e13aa288585e6546f179853758b"},"headline":"Presidenta Sheinbaum toma las riendas y reordena Morena rumbo al 2027","datePublished":"2026-04-27T12:49:58+00:00","dateModified":"2026-04-27T12:49:58+00:00","mainEntityOfPage":{"@id":"https:\/\/soledaddurazo.com\/blog\/2026\/04\/27\/presidenta-sheinbaum-toma-las-riendas-y-reordena-morena-rumbo-al-2027\/#webpage"},"wordCount":1569,"commentCount":0,"publisher":{"@id":"https:\/\/soledaddurazo.com\/#organization"},"image":{"@id":"https:\/\/soledaddurazo.com\/blog\/2026\/04\/27\/presidenta-sheinbaum-toma-las-riendas-y-reordena-morena-rumbo-al-2027\/#primaryimage"},"thumbnailUrl":"https:\/\/soledaddurazo.com\/storage\/2026\/04\/9a-GRAFICO-FERNANDO-OROPEZA.jpeg","articleSection":["Fernando Oropeza"],"inLanguage":"es","potentialAction":[{"@type":"CommentAction","name":"Comment","target":["https:\/\/soledaddurazo.com\/blog\/2026\/04\/27\/presidenta-sheinbaum-toma-las-riendas-y-reordena-morena-rumbo-al-2027\/#respond"]}]},{"@type":"Person","@id":"https:\/\/soledaddurazo.com\/#\/schema\/person\/822d8e13aa288585e6546f179853758b","name":"Redacci\u00f3n","image":{"@type":"ImageObject","@id":"https:\/\/soledaddurazo.com\/#personlogo","inLanguage":"es","url":"https:\/\/secure.gravatar.com\/avatar\/c4e193752f756fd61f04deebed3a3a20dc188d37edb53682d313ac57f2725d54?s=96&d=mm&r=g","contentUrl":"https:\/\/secure.gravatar.com\/avatar\/c4e193752f756fd61f04deebed3a3a20dc188d37edb53682d313ac57f2725d54?s=96&d=mm&r=g","caption":"Redacci\u00f3n"},"sameAs":["https:\/\/soledaddurazo.com"]}]}},"_links":{"self":[{"href":"https:\/\/soledaddurazo.com\/api\/wp\/v2\/posts\/24997","targetHints":{"allow":["GET"]}}],"collection":[{"href":"https:\/\/soledaddurazo.com\/api\/wp\/v2\/posts"}],"about":[{"href":"https:\/\/soledaddurazo.com\/api\/wp\/v2\/types\/post"}],"author":[{"embeddable":true,"href":"https:\/\/soledaddurazo.com\/api\/wp\/v2\/users\/1"}],"replies":[{"embeddable":true,"href":"https:\/\/soledaddurazo.com\/api\/wp\/v2\/comments?post=24997"}],"version-history":[{"count":1,"href":"https:\/\/soledaddurazo.com\/api\/wp\/v2\/posts\/24997\/revisions"}],"predecessor-version":[{"id":24999,"href":"https:\/\/soledaddurazo.com\/api\/wp\/v2\/posts\/24997\/revisions\/24999"}],"wp:featuredmedia":[{"embeddable":true,"href":"https:\/\/soledaddurazo.com\/api\/wp\/v2\/media\/24892"}],"wp:attachment":[{"href":"https:\/\/soledaddurazo.com\/api\/wp\/v2\/media?parent=24997"}],"wp:term":[{"taxonomy":"category","embeddable":true,"href":"https:\/\/soledaddurazo.com\/api\/wp\/v2\/categories?post=24997"},{"taxonomy":"post_tag","embeddable":true,"href":"https:\/\/soledaddurazo.com\/api\/wp\/v2\/tags?post=24997"}],"curies":[{"name":"wp","href":"https:\/\/api.w.org\/{rel}","templated":true}]}}