{"id":24989,"date":"2026-04-27T00:40:43","date_gmt":"2026-04-27T07:40:43","guid":{"rendered":"https:\/\/soledaddurazo.com\/?p=24989"},"modified":"2026-04-27T00:40:43","modified_gmt":"2026-04-27T07:40:43","slug":"el-ruido-y-su-impacto-en-la-vida-cotidiana","status":"publish","type":"post","link":"https:\/\/soledaddurazo.com\/blog\/2026\/04\/27\/el-ruido-y-su-impacto-en-la-vida-cotidiana\/","title":{"rendered":"El ruido y su impacto en la vida cotidiana"},"content":{"rendered":"<p data-start=\"48\" data-end=\"532\">El ruido forma parte natural de la vida cotidiana: es cualquier sonido que percibimos a trav\u00e9s del o\u00eddo, ya sea el murmullo de las personas, el tr\u00e1fico o la m\u00fasica. Sin embargo, no todos los sonidos son iguales. Mientras algunos resultan agradables o incluso necesarios, otros pueden ser molestos, intensos o persistentes. Cuando el ruido supera ciertos niveles y afecta el bienestar de las personas, deja de ser un simple sonido y se convierte en un problema.<\/p>\n<p data-start=\"534\" data-end=\"1133\">El ruido se transforma en contaminaci\u00f3n ac\u00fastica cuando interfiere con las actividades diarias, altera el descanso o perjudica la salud. Esto ocurre, por ejemplo, en zonas urbanas con tr\u00e1fico constante, obras de construcci\u00f3n, transporte p\u00fablico o establecimientos con m\u00fasica a alto volumen. La exposici\u00f3n prolongada a este tipo de ruido puede generar estr\u00e9s, dificultades para concentrarse, trastornos del sue\u00f1o e incluso problemas auditivos. En ese momento, el ruido ya no es solo una molestia, sino un factor de riesgo para la calidad de vida.<\/p>\n<p data-start=\"534\" data-end=\"1133\"><strong data-start=\"1135\" data-end=\"1188\">C\u00f3mo evitarlo<\/strong><br data-start=\"1188\" data-end=\"1191\" \/>Para evitar la contaminaci\u00f3n ac\u00fastica en las ciudades, es fundamental que las autoridades implementen medidas adecuadas. Entre ellas se encuentran la regulaci\u00f3n de niveles de ruido, el control de horarios para actividades ruidosas, la mejora en la planificaci\u00f3n urbana y el uso de tecnolog\u00edas m\u00e1s silenciosas en transporte e industria. Tambi\u00e9n es importante promover \u00e1reas verdes, ya que estas ayudan a absorber el sonido y generan entornos m\u00e1s tranquilos. La educaci\u00f3n y la concientizaci\u00f3n ciudadana juegan un papel clave para que estas medidas sean respetadas.<\/p>\n<p data-start=\"1755\" data-end=\"2204\">A nivel individual, cada persona puede contribuir a reducir el ruido. Acciones simples como evitar el uso excesivo del claxon, mantener el volumen moderado en aparatos electr\u00f3nicos, respetar horarios de descanso y cuidar el entorno com\u00fan hacen una gran diferencia. Asimismo, es importante ser conscientes del impacto que nuestras acciones tienen en los dem\u00e1s y fomentar una convivencia respetuosa.<\/p>\n<p data-start=\"2206\" data-end=\"2579\" data-is-last-node=\"\" data-is-only-node=\"\">El ruido es inevitable en la vida moderna, pero su exceso puede convertirse en contaminaci\u00f3n con efectos negativos para la salud. Tanto las autoridades como los ciudadanos tienen la responsabilidad de tomar medidas para controlarlo. Solo a trav\u00e9s de un esfuerzo conjunto se podr\u00e1 lograr un ambiente m\u00e1s saludable y armonioso en las ciudades.<\/p>\n","protected":false},"excerpt":{"rendered":"<p>El ruido forma parte natural de la vida cotidiana: es cualquier sonido que percibimos a trav\u00e9s del o\u00eddo, ya sea el murmullo de las personas, el tr\u00e1fico o la m\u00fasica. Sin embargo, no todos los sonidos son iguales. Mientras algunos resultan agradables o incluso necesarios, otros pueden ser molestos, intensos o persistentes. Cuando el ruido [&hellip;]<\/p>\n","protected":false},"author":1,"featured_media":24990,"comment_status":"open","ping_status":"open","sticky":false,"template":"","format":"standard","meta":{"footnotes":""},"categories":[153],"tags":[],"class_list":["post"],"yoast_head":" \n<title>El ruido y su impacto en la vida cotidiana - Periodista SoledadDurazo.com<\/title>\n<meta name=\"robots\" content=\"index, follow, max-snippet:-1, max-image-preview:large, max-video-preview:-1\" \/>\n<link rel=\"canonical\" href=\"https:\/\/soledaddurazo.com\/blog\/2026\/04\/27\/el-ruido-y-su-impacto-en-la-vida-cotidiana\/\" \/>\n<meta property=\"og:locale\" content=\"es_MX\" \/>\n<meta property=\"og:type\" content=\"article\" \/>\n<meta property=\"og:title\" content=\"El ruido y su impacto en la vida cotidiana\" \/>\n<meta property=\"og:description\" content=\"El ruido forma parte natural de la vida cotidiana: es cualquier sonido que percibimos a trav\u00e9s del o\u00eddo, ya sea el murmullo de las personas, el tr\u00e1fico o la m\u00fasica. Sin embargo, no todos los sonidos son iguales. Mientras algunos resultan agradables o incluso necesarios, otros pueden ser molestos, intensos o persistentes. Cuando el ruido [&hellip;]\" \/>\n<meta property=\"og:url\" content=\"https:\/\/soledaddurazo.com\/blog\/2026\/04\/27\/el-ruido-y-su-impacto-en-la-vida-cotidiana\/\" \/>\n<meta property=\"og:site_name\" content=\"Periodista SoledadDurazo.com\" \/>\n<meta property=\"article:publisher\" content=\"https:\/\/www.facebook.com\/soledad.durazo.9\/\" \/>\n<meta property=\"article:published_time\" content=\"2026-04-27T07:40:43+00:00\" \/>\n<meta property=\"og:image\" content=\"https:\/\/soledaddurazo.com\/storage\/2026\/04\/images-1.jpg\" \/>\n\t<meta property=\"og:image:width\" content=\"327\" \/>\n\t<meta property=\"og:image:height\" content=\"154\" \/>\n<meta name=\"twitter:card\" content=\"summary_large_image\" \/>\n<meta name=\"twitter:creator\" content=\"@SoledadDurazo\" \/>\n<meta name=\"twitter:site\" content=\"@SoledadDurazo\" \/>\n<meta name=\"twitter:label1\" content=\"Escrito por\" \/>\n\t<meta name=\"twitter:data1\" content=\"Redacci\u00f3n\" \/>\n\t<meta name=\"twitter:label2\" content=\"Tiempo de lectura\" \/>\n\t<meta name=\"twitter:data2\" content=\"2 minutos\" \/>\n<script type=\"application\/ld+json\" class=\"yoast-schema-graph\">{\"@context\":\"https:\/\/schema.org\",\"@graph\":[{\"@type\":\"Organization\",\"@id\":\"https:\/\/soledaddurazo.com\/#organization\",\"name\":\"Soledad Durazo\",\"url\":\"https:\/\/soledaddurazo.com\/\",\"sameAs\":[\"https:\/\/www.facebook.com\/soledad.durazo.9\/\",\"https:\/\/www.instagram.com\/soledaddurazo\",\"https:\/\/www.youtube.com\/channel\/UC9yGPw8-Vbl_B2XNkRwPS-w\",\"https:\/\/twitter.com\/SoledadDurazo\"],\"logo\":{\"@type\":\"ImageObject\",\"@id\":\"https:\/\/soledaddurazo.com\/#logo\",\"inLanguage\":\"es\",\"url\":\"https:\/\/soledaddurazo.com\/storage\/2021\/11\/nllp-720x375-1-2.png\",\"contentUrl\":\"https:\/\/soledaddurazo.com\/storage\/2021\/11\/nllp-720x375-1-2.png\",\"width\":720,\"height\":375,\"caption\":\"Soledad Durazo\"},\"image\":{\"@id\":\"https:\/\/soledaddurazo.com\/#logo\"}},{\"@type\":\"WebSite\",\"@id\":\"https:\/\/soledaddurazo.com\/#website\",\"url\":\"https:\/\/soledaddurazo.com\/\",\"name\":\"Periodista SoledadDurazo.com\",\"description\":\"Periodista sonorense. Directora de www.SoledadDurazo.com Columnista, conductora de radio y Tv. Catedr\\u00e1tica en la UNISON\",\"publisher\":{\"@id\":\"https:\/\/soledaddurazo.com\/#organization\"},\"potentialAction\":[{\"@type\":\"SearchAction\",\"target\":{\"@type\":\"EntryPoint\",\"urlTemplate\":\"https:\/\/soledaddurazo.com\/?s={search_term_string}\"},\"query-input\":\"required name=search_term_string\"}],\"inLanguage\":\"es\"},{\"@type\":\"ImageObject\",\"@id\":\"https:\/\/soledaddurazo.com\/blog\/2026\/04\/27\/el-ruido-y-su-impacto-en-la-vida-cotidiana\/#primaryimage\",\"inLanguage\":\"es\",\"url\":\"https:\/\/soledaddurazo.com\/storage\/2026\/04\/images-1.jpg\",\"contentUrl\":\"https:\/\/soledaddurazo.com\/storage\/2026\/04\/images-1.jpg\",\"width\":327,\"height\":154},{\"@type\":\"WebPage\",\"@id\":\"https:\/\/soledaddurazo.com\/blog\/2026\/04\/27\/el-ruido-y-su-impacto-en-la-vida-cotidiana\/#webpage\",\"url\":\"https:\/\/soledaddurazo.com\/blog\/2026\/04\/27\/el-ruido-y-su-impacto-en-la-vida-cotidiana\/\",\"name\":\"El ruido y su impacto en la vida cotidiana - Periodista SoledadDurazo.com\",\"isPartOf\":{\"@id\":\"https:\/\/soledaddurazo.com\/#website\"},\"primaryImageOfPage\":{\"@id\":\"https:\/\/soledaddurazo.com\/blog\/2026\/04\/27\/el-ruido-y-su-impacto-en-la-vida-cotidiana\/#primaryimage\"},\"datePublished\":\"2026-04-27T07:40:43+00:00\",\"dateModified\":\"2026-04-27T07:40:43+00:00\",\"breadcrumb\":{\"@id\":\"https:\/\/soledaddurazo.com\/blog\/2026\/04\/27\/el-ruido-y-su-impacto-en-la-vida-cotidiana\/#breadcrumb\"},\"inLanguage\":\"es\",\"potentialAction\":[{\"@type\":\"ReadAction\",\"target\":[\"https:\/\/soledaddurazo.com\/blog\/2026\/04\/27\/el-ruido-y-su-impacto-en-la-vida-cotidiana\/\"]}]},{\"@type\":\"BreadcrumbList\",\"@id\":\"https:\/\/soledaddurazo.com\/blog\/2026\/04\/27\/el-ruido-y-su-impacto-en-la-vida-cotidiana\/#breadcrumb\",\"itemListElement\":[{\"@type\":\"ListItem\",\"position\":1,\"name\":\"Home\",\"item\":\"https:\/\/soledaddurazo.com\/\"},{\"@type\":\"ListItem\",\"position\":2,\"name\":\"El ruido y su impacto en la vida cotidiana\"}]},{\"@type\":\"Article\",\"@id\":\"https:\/\/soledaddurazo.com\/blog\/2026\/04\/27\/el-ruido-y-su-impacto-en-la-vida-cotidiana\/#article\",\"isPartOf\":{\"@id\":\"https:\/\/soledaddurazo.com\/blog\/2026\/04\/27\/el-ruido-y-su-impacto-en-la-vida-cotidiana\/#webpage\"},\"author\":{\"@id\":\"https:\/\/soledaddurazo.com\/#\/schema\/person\/822d8e13aa288585e6546f179853758b\"},\"headline\":\"El ruido y su impacto en la vida cotidiana\",\"datePublished\":\"2026-04-27T07:40:43+00:00\",\"dateModified\":\"2026-04-27T07:40:43+00:00\",\"mainEntityOfPage\":{\"@id\":\"https:\/\/soledaddurazo.com\/blog\/2026\/04\/27\/el-ruido-y-su-impacto-en-la-vida-cotidiana\/#webpage\"},\"wordCount\":399,\"commentCount\":0,\"publisher\":{\"@id\":\"https:\/\/soledaddurazo.com\/#organization\"},\"image\":{\"@id\":\"https:\/\/soledaddurazo.com\/blog\/2026\/04\/27\/el-ruido-y-su-impacto-en-la-vida-cotidiana\/#primaryimage\"},\"thumbnailUrl\":\"https:\/\/soledaddurazo.com\/storage\/2026\/04\/images-1.jpg\",\"articleSection\":[\"principal\"],\"inLanguage\":\"es\",\"potentialAction\":[{\"@type\":\"CommentAction\",\"name\":\"Comment\",\"target\":[\"https:\/\/soledaddurazo.com\/blog\/2026\/04\/27\/el-ruido-y-su-impacto-en-la-vida-cotidiana\/#respond\"]}]},{\"@type\":\"Person\",\"@id\":\"https:\/\/soledaddurazo.com\/#\/schema\/person\/822d8e13aa288585e6546f179853758b\",\"name\":\"Redacci\\u00f3n\",\"image\":{\"@type\":\"ImageObject\",\"@id\":\"https:\/\/soledaddurazo.com\/#personlogo\",\"inLanguage\":\"es\",\"url\":\"https:\/\/secure.gravatar.com\/avatar\/c4e193752f756fd61f04deebed3a3a20dc188d37edb53682d313ac57f2725d54?s=96&d=mm&r=g\",\"contentUrl\":\"https:\/\/secure.gravatar.com\/avatar\/c4e193752f756fd61f04deebed3a3a20dc188d37edb53682d313ac57f2725d54?s=96&d=mm&r=g\",\"caption\":\"Redacci\\u00f3n\"},\"sameAs\":[\"https:\/\/soledaddurazo.com\"]}]}<\/script>\n ","yoast_head_json":{"title":"El ruido y su impacto en la vida cotidiana - Periodista SoledadDurazo.com","robots":{"index":"index","follow":"follow","max-snippet":"max-snippet:-1","max-image-preview":"max-image-preview:large","max-video-preview":"max-video-preview:-1"},"canonical":"https:\/\/soledaddurazo.com\/blog\/2026\/04\/27\/el-ruido-y-su-impacto-en-la-vida-cotidiana\/","og_locale":"es_MX","og_type":"article","og_title":"El ruido y su impacto en la vida cotidiana","og_description":"El ruido forma parte natural de la vida cotidiana: es cualquier sonido que percibimos a trav\u00e9s del o\u00eddo, ya sea el murmullo de las personas, el tr\u00e1fico o la m\u00fasica. Sin embargo, no todos los sonidos son iguales. Mientras algunos resultan agradables o incluso necesarios, otros pueden ser molestos, intensos o persistentes. Cuando el ruido [&hellip;]","og_url":"https:\/\/soledaddurazo.com\/blog\/2026\/04\/27\/el-ruido-y-su-impacto-en-la-vida-cotidiana\/","og_site_name":"Periodista SoledadDurazo.com","article_publisher":"https:\/\/www.facebook.com\/soledad.durazo.9\/","article_published_time":"2026-04-27T07:40:43+00:00","og_image":[{"width":327,"height":154,"url":"https:\/\/soledaddurazo.com\/storage\/2026\/04\/images-1.jpg","type":"image\/jpeg"}],"twitter_card":"summary_large_image","twitter_creator":"@SoledadDurazo","twitter_site":"@SoledadDurazo","twitter_misc":{"Escrito por":"Redacci\u00f3n","Tiempo de lectura":"2 minutos"},"schema":{"@context":"https:\/\/schema.org","@graph":[{"@type":"Organization","@id":"https:\/\/soledaddurazo.com\/#organization","name":"Soledad Durazo","url":"https:\/\/soledaddurazo.com\/","sameAs":["https:\/\/www.facebook.com\/soledad.durazo.9\/","https:\/\/www.instagram.com\/soledaddurazo","https:\/\/www.youtube.com\/channel\/UC9yGPw8-Vbl_B2XNkRwPS-w","https:\/\/twitter.com\/SoledadDurazo"],"logo":{"@type":"ImageObject","@id":"https:\/\/soledaddurazo.com\/#logo","inLanguage":"es","url":"https:\/\/soledaddurazo.com\/storage\/2021\/11\/nllp-720x375-1-2.png","contentUrl":"https:\/\/soledaddurazo.com\/storage\/2021\/11\/nllp-720x375-1-2.png","width":720,"height":375,"caption":"Soledad Durazo"},"image":{"@id":"https:\/\/soledaddurazo.com\/#logo"}},{"@type":"WebSite","@id":"https:\/\/soledaddurazo.com\/#website","url":"https:\/\/soledaddurazo.com\/","name":"Periodista SoledadDurazo.com","description":"Periodista sonorense. Directora de www.SoledadDurazo.com Columnista, conductora de radio y Tv. Catedr\u00e1tica en la UNISON","publisher":{"@id":"https:\/\/soledaddurazo.com\/#organization"},"potentialAction":[{"@type":"SearchAction","target":{"@type":"EntryPoint","urlTemplate":"https:\/\/soledaddurazo.com\/?s={search_term_string}"},"query-input":"required name=search_term_string"}],"inLanguage":"es"},{"@type":"ImageObject","@id":"https:\/\/soledaddurazo.com\/blog\/2026\/04\/27\/el-ruido-y-su-impacto-en-la-vida-cotidiana\/#primaryimage","inLanguage":"es","url":"https:\/\/soledaddurazo.com\/storage\/2026\/04\/images-1.jpg","contentUrl":"https:\/\/soledaddurazo.com\/storage\/2026\/04\/images-1.jpg","width":327,"height":154},{"@type":"WebPage","@id":"https:\/\/soledaddurazo.com\/blog\/2026\/04\/27\/el-ruido-y-su-impacto-en-la-vida-cotidiana\/#webpage","url":"https:\/\/soledaddurazo.com\/blog\/2026\/04\/27\/el-ruido-y-su-impacto-en-la-vida-cotidiana\/","name":"El ruido y su impacto en la vida cotidiana - Periodista SoledadDurazo.com","isPartOf":{"@id":"https:\/\/soledaddurazo.com\/#website"},"primaryImageOfPage":{"@id":"https:\/\/soledaddurazo.com\/blog\/2026\/04\/27\/el-ruido-y-su-impacto-en-la-vida-cotidiana\/#primaryimage"},"datePublished":"2026-04-27T07:40:43+00:00","dateModified":"2026-04-27T07:40:43+00:00","breadcrumb":{"@id":"https:\/\/soledaddurazo.com\/blog\/2026\/04\/27\/el-ruido-y-su-impacto-en-la-vida-cotidiana\/#breadcrumb"},"inLanguage":"es","potentialAction":[{"@type":"ReadAction","target":["https:\/\/soledaddurazo.com\/blog\/2026\/04\/27\/el-ruido-y-su-impacto-en-la-vida-cotidiana\/"]}]},{"@type":"BreadcrumbList","@id":"https:\/\/soledaddurazo.com\/blog\/2026\/04\/27\/el-ruido-y-su-impacto-en-la-vida-cotidiana\/#breadcrumb","itemListElement":[{"@type":"ListItem","position":1,"name":"Home","item":"https:\/\/soledaddurazo.com\/"},{"@type":"ListItem","position":2,"name":"El ruido y su impacto en la vida cotidiana"}]},{"@type":"Article","@id":"https:\/\/soledaddurazo.com\/blog\/2026\/04\/27\/el-ruido-y-su-impacto-en-la-vida-cotidiana\/#article","isPartOf":{"@id":"https:\/\/soledaddurazo.com\/blog\/2026\/04\/27\/el-ruido-y-su-impacto-en-la-vida-cotidiana\/#webpage"},"author":{"@id":"https:\/\/soledaddurazo.com\/#\/schema\/person\/822d8e13aa288585e6546f179853758b"},"headline":"El ruido y su impacto en la vida cotidiana","datePublished":"2026-04-27T07:40:43+00:00","dateModified":"2026-04-27T07:40:43+00:00","mainEntityOfPage":{"@id":"https:\/\/soledaddurazo.com\/blog\/2026\/04\/27\/el-ruido-y-su-impacto-en-la-vida-cotidiana\/#webpage"},"wordCount":399,"commentCount":0,"publisher":{"@id":"https:\/\/soledaddurazo.com\/#organization"},"image":{"@id":"https:\/\/soledaddurazo.com\/blog\/2026\/04\/27\/el-ruido-y-su-impacto-en-la-vida-cotidiana\/#primaryimage"},"thumbnailUrl":"https:\/\/soledaddurazo.com\/storage\/2026\/04\/images-1.jpg","articleSection":["principal"],"inLanguage":"es","potentialAction":[{"@type":"CommentAction","name":"Comment","target":["https:\/\/soledaddurazo.com\/blog\/2026\/04\/27\/el-ruido-y-su-impacto-en-la-vida-cotidiana\/#respond"]}]},{"@type":"Person","@id":"https:\/\/soledaddurazo.com\/#\/schema\/person\/822d8e13aa288585e6546f179853758b","name":"Redacci\u00f3n","image":{"@type":"ImageObject","@id":"https:\/\/soledaddurazo.com\/#personlogo","inLanguage":"es","url":"https:\/\/secure.gravatar.com\/avatar\/c4e193752f756fd61f04deebed3a3a20dc188d37edb53682d313ac57f2725d54?s=96&d=mm&r=g","contentUrl":"https:\/\/secure.gravatar.com\/avatar\/c4e193752f756fd61f04deebed3a3a20dc188d37edb53682d313ac57f2725d54?s=96&d=mm&r=g","caption":"Redacci\u00f3n"},"sameAs":["https:\/\/soledaddurazo.com"]}]}},"_links":{"self":[{"href":"https:\/\/soledaddurazo.com\/api\/wp\/v2\/posts\/24989","targetHints":{"allow":["GET"]}}],"collection":[{"href":"https:\/\/soledaddurazo.com\/api\/wp\/v2\/posts"}],"about":[{"href":"https:\/\/soledaddurazo.com\/api\/wp\/v2\/types\/post"}],"author":[{"embeddable":true,"href":"https:\/\/soledaddurazo.com\/api\/wp\/v2\/users\/1"}],"replies":[{"embeddable":true,"href":"https:\/\/soledaddurazo.com\/api\/wp\/v2\/comments?post=24989"}],"version-history":[{"count":1,"href":"https:\/\/soledaddurazo.com\/api\/wp\/v2\/posts\/24989\/revisions"}],"predecessor-version":[{"id":24991,"href":"https:\/\/soledaddurazo.com\/api\/wp\/v2\/posts\/24989\/revisions\/24991"}],"wp:featuredmedia":[{"embeddable":true,"href":"https:\/\/soledaddurazo.com\/api\/wp\/v2\/media\/24990"}],"wp:attachment":[{"href":"https:\/\/soledaddurazo.com\/api\/wp\/v2\/media?parent=24989"}],"wp:term":[{"taxonomy":"category","embeddable":true,"href":"https:\/\/soledaddurazo.com\/api\/wp\/v2\/categories?post=24989"},{"taxonomy":"post_tag","embeddable":true,"href":"https:\/\/soledaddurazo.com\/api\/wp\/v2\/tags?post=24989"}],"curies":[{"name":"wp","href":"https:\/\/api.w.org\/{rel}","templated":true}]}}