{"id":24965,"date":"2026-04-24T16:58:21","date_gmt":"2026-04-24T23:58:21","guid":{"rendered":"https:\/\/soledaddurazo.com\/?p=24965"},"modified":"2026-04-24T16:58:21","modified_gmt":"2026-04-24T23:58:21","slug":"impulsan-en-caborca-la-ley-de-tarifa-social-con-participacion-ciudadana","status":"publish","type":"post","link":"https:\/\/soledaddurazo.com\/blog\/2026\/04\/24\/impulsan-en-caborca-la-ley-de-tarifa-social-con-participacion-ciudadana\/","title":{"rendered":"Impulsan en Caborca la Ley de Tarifa Social con participaci\u00f3n ciudadana"},"content":{"rendered":"<p data-start=\"0\" data-end=\"218\">La Comisi\u00f3n de Bienestar del Congreso del Estado realiz\u00f3 en Caborca el tercer foro de consulta ciudadana sobre la Ley de Tarifa Social, con el prop\u00f3sito de recoger opiniones y fomentar la participaci\u00f3n de la poblaci\u00f3n.<\/p>\n<p data-start=\"220\" data-end=\"503\">En este encuentro participaron las diputadas Mar\u00eda Eduwiges Espinoza Tapia y Mar\u00eda Alicia Gayt\u00e1n S\u00e1nchez, ambas del Grupo Parlamentario de Morena. Durante su intervenci\u00f3n, Espinoza Tapia explic\u00f3 que la iniciativa busca integrar el concepto de tarifa social en la legislaci\u00f3n estatal.<\/p>\n<p data-start=\"505\" data-end=\"847\">Precis\u00f3 que, a trav\u00e9s de reformas a diversas leyes \u2014como las de Desarrollo Social, Gobierno y Administraci\u00f3n Municipal, y Hacienda estatal y municipal\u2014 se pretende que personas adultas mayores, con discapacidad y familias en pobreza extrema accedan a servicios p\u00fablicos en condiciones m\u00e1s justas, mediante descuentos o tarifas preferenciales.<\/p>\n<p data-start=\"849\" data-end=\"1080\">A\u00f1adi\u00f3 que, aunque actualmente existen algunos apoyos y descuentos en tr\u00e1mites estatales, incluir formalmente la tarifa social en la ley brindar\u00e1 mayor certeza jur\u00eddica y permitir\u00e1 establecer lineamientos claros para su aplicaci\u00f3n.<\/p>\n<p data-start=\"1082\" data-end=\"1267\">Por su parte, la diputada Gayt\u00e1n S\u00e1nchez manifest\u00f3 su respaldo a la propuesta, al considerarla una acci\u00f3n de justicia social que beneficiar\u00e1 la econom\u00eda de las familias m\u00e1s vulnerables.<\/p>\n<p data-start=\"1269\" data-end=\"1638\" data-is-last-node=\"\" data-is-only-node=\"\">Durante el foro, las y los asistentes compartieron propuestas para enriquecer la iniciativa, subrayando la necesidad de impulsar pol\u00edticas p\u00fablicas con enfoque social que mejoren la calidad de vida. Tambi\u00e9n estuvieron presentes representantes de los ayuntamientos de Caborca, Pitiquito, S\u00e1ric, Altar, Tubutama y Benjam\u00edn Hill, as\u00ed como integrantes de la sociedad civil.<\/p>\n","protected":false},"excerpt":{"rendered":"<p>La Comisi\u00f3n de Bienestar del Congreso del Estado realiz\u00f3 en Caborca el tercer foro de consulta ciudadana sobre la Ley de Tarifa Social, con el prop\u00f3sito de recoger opiniones y fomentar la participaci\u00f3n de la poblaci\u00f3n. En este encuentro participaron las diputadas Mar\u00eda Eduwiges Espinoza Tapia y Mar\u00eda Alicia Gayt\u00e1n S\u00e1nchez, ambas del Grupo Parlamentario [&hellip;]<\/p>\n","protected":false},"author":1,"featured_media":24966,"comment_status":"open","ping_status":"open","sticky":false,"template":"","format":"standard","meta":{"footnotes":""},"categories":[159],"tags":[],"class_list":["post"],"yoast_head":" \n<title>Impulsan en Caborca la Ley de Tarifa Social con participaci\u00f3n ciudadana - Periodista SoledadDurazo.com<\/title>\n<meta name=\"robots\" content=\"index, follow, max-snippet:-1, max-image-preview:large, max-video-preview:-1\" \/>\n<link rel=\"canonical\" href=\"https:\/\/soledaddurazo.com\/blog\/2026\/04\/24\/impulsan-en-caborca-la-ley-de-tarifa-social-con-participacion-ciudadana\/\" \/>\n<meta property=\"og:locale\" content=\"es_MX\" \/>\n<meta property=\"og:type\" content=\"article\" \/>\n<meta property=\"og:title\" content=\"Impulsan en Caborca la Ley de Tarifa Social con participaci\u00f3n ciudadana\" \/>\n<meta property=\"og:description\" content=\"La Comisi\u00f3n de Bienestar del Congreso del Estado realiz\u00f3 en Caborca el tercer foro de consulta ciudadana sobre la Ley de Tarifa Social, con el prop\u00f3sito de recoger opiniones y fomentar la participaci\u00f3n de la poblaci\u00f3n. En este encuentro participaron las diputadas Mar\u00eda Eduwiges Espinoza Tapia y Mar\u00eda Alicia Gayt\u00e1n S\u00e1nchez, ambas del Grupo Parlamentario [&hellip;]\" \/>\n<meta property=\"og:url\" content=\"https:\/\/soledaddurazo.com\/blog\/2026\/04\/24\/impulsan-en-caborca-la-ley-de-tarifa-social-con-participacion-ciudadana\/\" \/>\n<meta property=\"og:site_name\" content=\"Periodista SoledadDurazo.com\" \/>\n<meta property=\"article:publisher\" content=\"https:\/\/www.facebook.com\/soledad.durazo.9\/\" \/>\n<meta property=\"article:published_time\" content=\"2026-04-24T23:58:21+00:00\" \/>\n<meta property=\"og:image\" content=\"https:\/\/soledaddurazo.com\/storage\/2026\/04\/bc2ff9ab-cfab-4d97-8b2b-b090def722ac.jpg\" \/>\n\t<meta property=\"og:image:width\" content=\"1600\" \/>\n\t<meta property=\"og:image:height\" content=\"540\" \/>\n<meta name=\"twitter:card\" content=\"summary_large_image\" \/>\n<meta name=\"twitter:creator\" content=\"@SoledadDurazo\" \/>\n<meta name=\"twitter:site\" content=\"@SoledadDurazo\" \/>\n<meta name=\"twitter:label1\" content=\"Escrito por\" \/>\n\t<meta name=\"twitter:data1\" content=\"Redacci\u00f3n\" \/>\n\t<meta name=\"twitter:label2\" content=\"Tiempo de lectura\" \/>\n\t<meta name=\"twitter:data2\" content=\"1 minuto\" \/>\n<script type=\"application\/ld+json\" class=\"yoast-schema-graph\">{\"@context\":\"https:\/\/schema.org\",\"@graph\":[{\"@type\":\"Organization\",\"@id\":\"https:\/\/soledaddurazo.com\/#organization\",\"name\":\"Soledad Durazo\",\"url\":\"https:\/\/soledaddurazo.com\/\",\"sameAs\":[\"https:\/\/www.facebook.com\/soledad.durazo.9\/\",\"https:\/\/www.instagram.com\/soledaddurazo\",\"https:\/\/www.youtube.com\/channel\/UC9yGPw8-Vbl_B2XNkRwPS-w\",\"https:\/\/twitter.com\/SoledadDurazo\"],\"logo\":{\"@type\":\"ImageObject\",\"@id\":\"https:\/\/soledaddurazo.com\/#logo\",\"inLanguage\":\"es\",\"url\":\"https:\/\/soledaddurazo.com\/storage\/2021\/11\/nllp-720x375-1-2.png\",\"contentUrl\":\"https:\/\/soledaddurazo.com\/storage\/2021\/11\/nllp-720x375-1-2.png\",\"width\":720,\"height\":375,\"caption\":\"Soledad Durazo\"},\"image\":{\"@id\":\"https:\/\/soledaddurazo.com\/#logo\"}},{\"@type\":\"WebSite\",\"@id\":\"https:\/\/soledaddurazo.com\/#website\",\"url\":\"https:\/\/soledaddurazo.com\/\",\"name\":\"Periodista SoledadDurazo.com\",\"description\":\"Periodista sonorense. Directora de www.SoledadDurazo.com Columnista, conductora de radio y Tv. Catedr\\u00e1tica en la UNISON\",\"publisher\":{\"@id\":\"https:\/\/soledaddurazo.com\/#organization\"},\"potentialAction\":[{\"@type\":\"SearchAction\",\"target\":{\"@type\":\"EntryPoint\",\"urlTemplate\":\"https:\/\/soledaddurazo.com\/?s={search_term_string}\"},\"query-input\":\"required name=search_term_string\"}],\"inLanguage\":\"es\"},{\"@type\":\"ImageObject\",\"@id\":\"https:\/\/soledaddurazo.com\/blog\/2026\/04\/24\/impulsan-en-caborca-la-ley-de-tarifa-social-con-participacion-ciudadana\/#primaryimage\",\"inLanguage\":\"es\",\"url\":\"https:\/\/soledaddurazo.com\/storage\/2026\/04\/bc2ff9ab-cfab-4d97-8b2b-b090def722ac.jpg\",\"contentUrl\":\"https:\/\/soledaddurazo.com\/storage\/2026\/04\/bc2ff9ab-cfab-4d97-8b2b-b090def722ac.jpg\",\"width\":1600,\"height\":540},{\"@type\":\"WebPage\",\"@id\":\"https:\/\/soledaddurazo.com\/blog\/2026\/04\/24\/impulsan-en-caborca-la-ley-de-tarifa-social-con-participacion-ciudadana\/#webpage\",\"url\":\"https:\/\/soledaddurazo.com\/blog\/2026\/04\/24\/impulsan-en-caborca-la-ley-de-tarifa-social-con-participacion-ciudadana\/\",\"name\":\"Impulsan en Caborca la Ley de Tarifa Social con participaci\\u00f3n ciudadana - Periodista SoledadDurazo.com\",\"isPartOf\":{\"@id\":\"https:\/\/soledaddurazo.com\/#website\"},\"primaryImageOfPage\":{\"@id\":\"https:\/\/soledaddurazo.com\/blog\/2026\/04\/24\/impulsan-en-caborca-la-ley-de-tarifa-social-con-participacion-ciudadana\/#primaryimage\"},\"datePublished\":\"2026-04-24T23:58:21+00:00\",\"dateModified\":\"2026-04-24T23:58:21+00:00\",\"breadcrumb\":{\"@id\":\"https:\/\/soledaddurazo.com\/blog\/2026\/04\/24\/impulsan-en-caborca-la-ley-de-tarifa-social-con-participacion-ciudadana\/#breadcrumb\"},\"inLanguage\":\"es\",\"potentialAction\":[{\"@type\":\"ReadAction\",\"target\":[\"https:\/\/soledaddurazo.com\/blog\/2026\/04\/24\/impulsan-en-caborca-la-ley-de-tarifa-social-con-participacion-ciudadana\/\"]}]},{\"@type\":\"BreadcrumbList\",\"@id\":\"https:\/\/soledaddurazo.com\/blog\/2026\/04\/24\/impulsan-en-caborca-la-ley-de-tarifa-social-con-participacion-ciudadana\/#breadcrumb\",\"itemListElement\":[{\"@type\":\"ListItem\",\"position\":1,\"name\":\"Home\",\"item\":\"https:\/\/soledaddurazo.com\/\"},{\"@type\":\"ListItem\",\"position\":2,\"name\":\"Impulsan en Caborca la Ley de Tarifa Social con participaci\\u00f3n ciudadana\"}]},{\"@type\":\"Article\",\"@id\":\"https:\/\/soledaddurazo.com\/blog\/2026\/04\/24\/impulsan-en-caborca-la-ley-de-tarifa-social-con-participacion-ciudadana\/#article\",\"isPartOf\":{\"@id\":\"https:\/\/soledaddurazo.com\/blog\/2026\/04\/24\/impulsan-en-caborca-la-ley-de-tarifa-social-con-participacion-ciudadana\/#webpage\"},\"author\":{\"@id\":\"https:\/\/soledaddurazo.com\/#\/schema\/person\/822d8e13aa288585e6546f179853758b\"},\"headline\":\"Impulsan en Caborca la Ley de Tarifa Social con participaci\\u00f3n ciudadana\",\"datePublished\":\"2026-04-24T23:58:21+00:00\",\"dateModified\":\"2026-04-24T23:58:21+00:00\",\"mainEntityOfPage\":{\"@id\":\"https:\/\/soledaddurazo.com\/blog\/2026\/04\/24\/impulsan-en-caborca-la-ley-de-tarifa-social-con-participacion-ciudadana\/#webpage\"},\"wordCount\":279,\"commentCount\":0,\"publisher\":{\"@id\":\"https:\/\/soledaddurazo.com\/#organization\"},\"image\":{\"@id\":\"https:\/\/soledaddurazo.com\/blog\/2026\/04\/24\/impulsan-en-caborca-la-ley-de-tarifa-social-con-participacion-ciudadana\/#primaryimage\"},\"thumbnailUrl\":\"https:\/\/soledaddurazo.com\/storage\/2026\/04\/bc2ff9ab-cfab-4d97-8b2b-b090def722ac.jpg\",\"articleSection\":[\"Mi Sonora\"],\"inLanguage\":\"es\",\"potentialAction\":[{\"@type\":\"CommentAction\",\"name\":\"Comment\",\"target\":[\"https:\/\/soledaddurazo.com\/blog\/2026\/04\/24\/impulsan-en-caborca-la-ley-de-tarifa-social-con-participacion-ciudadana\/#respond\"]}]},{\"@type\":\"Person\",\"@id\":\"https:\/\/soledaddurazo.com\/#\/schema\/person\/822d8e13aa288585e6546f179853758b\",\"name\":\"Redacci\\u00f3n\",\"image\":{\"@type\":\"ImageObject\",\"@id\":\"https:\/\/soledaddurazo.com\/#personlogo\",\"inLanguage\":\"es\",\"url\":\"https:\/\/secure.gravatar.com\/avatar\/c4e193752f756fd61f04deebed3a3a20dc188d37edb53682d313ac57f2725d54?s=96&d=mm&r=g\",\"contentUrl\":\"https:\/\/secure.gravatar.com\/avatar\/c4e193752f756fd61f04deebed3a3a20dc188d37edb53682d313ac57f2725d54?s=96&d=mm&r=g\",\"caption\":\"Redacci\\u00f3n\"},\"sameAs\":[\"https:\/\/soledaddurazo.com\"]}]}<\/script>\n ","yoast_head_json":{"title":"Impulsan en Caborca la Ley de Tarifa Social con participaci\u00f3n ciudadana - Periodista SoledadDurazo.com","robots":{"index":"index","follow":"follow","max-snippet":"max-snippet:-1","max-image-preview":"max-image-preview:large","max-video-preview":"max-video-preview:-1"},"canonical":"https:\/\/soledaddurazo.com\/blog\/2026\/04\/24\/impulsan-en-caborca-la-ley-de-tarifa-social-con-participacion-ciudadana\/","og_locale":"es_MX","og_type":"article","og_title":"Impulsan en Caborca la Ley de Tarifa Social con participaci\u00f3n ciudadana","og_description":"La Comisi\u00f3n de Bienestar del Congreso del Estado realiz\u00f3 en Caborca el tercer foro de consulta ciudadana sobre la Ley de Tarifa Social, con el prop\u00f3sito de recoger opiniones y fomentar la participaci\u00f3n de la poblaci\u00f3n. En este encuentro participaron las diputadas Mar\u00eda Eduwiges Espinoza Tapia y Mar\u00eda Alicia Gayt\u00e1n S\u00e1nchez, ambas del Grupo Parlamentario [&hellip;]","og_url":"https:\/\/soledaddurazo.com\/blog\/2026\/04\/24\/impulsan-en-caborca-la-ley-de-tarifa-social-con-participacion-ciudadana\/","og_site_name":"Periodista SoledadDurazo.com","article_publisher":"https:\/\/www.facebook.com\/soledad.durazo.9\/","article_published_time":"2026-04-24T23:58:21+00:00","og_image":[{"width":1600,"height":540,"url":"https:\/\/soledaddurazo.com\/storage\/2026\/04\/bc2ff9ab-cfab-4d97-8b2b-b090def722ac.jpg","type":"image\/jpeg"}],"twitter_card":"summary_large_image","twitter_creator":"@SoledadDurazo","twitter_site":"@SoledadDurazo","twitter_misc":{"Escrito por":"Redacci\u00f3n","Tiempo de lectura":"1 minuto"},"schema":{"@context":"https:\/\/schema.org","@graph":[{"@type":"Organization","@id":"https:\/\/soledaddurazo.com\/#organization","name":"Soledad Durazo","url":"https:\/\/soledaddurazo.com\/","sameAs":["https:\/\/www.facebook.com\/soledad.durazo.9\/","https:\/\/www.instagram.com\/soledaddurazo","https:\/\/www.youtube.com\/channel\/UC9yGPw8-Vbl_B2XNkRwPS-w","https:\/\/twitter.com\/SoledadDurazo"],"logo":{"@type":"ImageObject","@id":"https:\/\/soledaddurazo.com\/#logo","inLanguage":"es","url":"https:\/\/soledaddurazo.com\/storage\/2021\/11\/nllp-720x375-1-2.png","contentUrl":"https:\/\/soledaddurazo.com\/storage\/2021\/11\/nllp-720x375-1-2.png","width":720,"height":375,"caption":"Soledad Durazo"},"image":{"@id":"https:\/\/soledaddurazo.com\/#logo"}},{"@type":"WebSite","@id":"https:\/\/soledaddurazo.com\/#website","url":"https:\/\/soledaddurazo.com\/","name":"Periodista SoledadDurazo.com","description":"Periodista sonorense. Directora de www.SoledadDurazo.com Columnista, conductora de radio y Tv. Catedr\u00e1tica en la UNISON","publisher":{"@id":"https:\/\/soledaddurazo.com\/#organization"},"potentialAction":[{"@type":"SearchAction","target":{"@type":"EntryPoint","urlTemplate":"https:\/\/soledaddurazo.com\/?s={search_term_string}"},"query-input":"required name=search_term_string"}],"inLanguage":"es"},{"@type":"ImageObject","@id":"https:\/\/soledaddurazo.com\/blog\/2026\/04\/24\/impulsan-en-caborca-la-ley-de-tarifa-social-con-participacion-ciudadana\/#primaryimage","inLanguage":"es","url":"https:\/\/soledaddurazo.com\/storage\/2026\/04\/bc2ff9ab-cfab-4d97-8b2b-b090def722ac.jpg","contentUrl":"https:\/\/soledaddurazo.com\/storage\/2026\/04\/bc2ff9ab-cfab-4d97-8b2b-b090def722ac.jpg","width":1600,"height":540},{"@type":"WebPage","@id":"https:\/\/soledaddurazo.com\/blog\/2026\/04\/24\/impulsan-en-caborca-la-ley-de-tarifa-social-con-participacion-ciudadana\/#webpage","url":"https:\/\/soledaddurazo.com\/blog\/2026\/04\/24\/impulsan-en-caborca-la-ley-de-tarifa-social-con-participacion-ciudadana\/","name":"Impulsan en Caborca la Ley de Tarifa Social con participaci\u00f3n ciudadana - Periodista SoledadDurazo.com","isPartOf":{"@id":"https:\/\/soledaddurazo.com\/#website"},"primaryImageOfPage":{"@id":"https:\/\/soledaddurazo.com\/blog\/2026\/04\/24\/impulsan-en-caborca-la-ley-de-tarifa-social-con-participacion-ciudadana\/#primaryimage"},"datePublished":"2026-04-24T23:58:21+00:00","dateModified":"2026-04-24T23:58:21+00:00","breadcrumb":{"@id":"https:\/\/soledaddurazo.com\/blog\/2026\/04\/24\/impulsan-en-caborca-la-ley-de-tarifa-social-con-participacion-ciudadana\/#breadcrumb"},"inLanguage":"es","potentialAction":[{"@type":"ReadAction","target":["https:\/\/soledaddurazo.com\/blog\/2026\/04\/24\/impulsan-en-caborca-la-ley-de-tarifa-social-con-participacion-ciudadana\/"]}]},{"@type":"BreadcrumbList","@id":"https:\/\/soledaddurazo.com\/blog\/2026\/04\/24\/impulsan-en-caborca-la-ley-de-tarifa-social-con-participacion-ciudadana\/#breadcrumb","itemListElement":[{"@type":"ListItem","position":1,"name":"Home","item":"https:\/\/soledaddurazo.com\/"},{"@type":"ListItem","position":2,"name":"Impulsan en Caborca la Ley de Tarifa Social con participaci\u00f3n ciudadana"}]},{"@type":"Article","@id":"https:\/\/soledaddurazo.com\/blog\/2026\/04\/24\/impulsan-en-caborca-la-ley-de-tarifa-social-con-participacion-ciudadana\/#article","isPartOf":{"@id":"https:\/\/soledaddurazo.com\/blog\/2026\/04\/24\/impulsan-en-caborca-la-ley-de-tarifa-social-con-participacion-ciudadana\/#webpage"},"author":{"@id":"https:\/\/soledaddurazo.com\/#\/schema\/person\/822d8e13aa288585e6546f179853758b"},"headline":"Impulsan en Caborca la Ley de Tarifa Social con participaci\u00f3n ciudadana","datePublished":"2026-04-24T23:58:21+00:00","dateModified":"2026-04-24T23:58:21+00:00","mainEntityOfPage":{"@id":"https:\/\/soledaddurazo.com\/blog\/2026\/04\/24\/impulsan-en-caborca-la-ley-de-tarifa-social-con-participacion-ciudadana\/#webpage"},"wordCount":279,"commentCount":0,"publisher":{"@id":"https:\/\/soledaddurazo.com\/#organization"},"image":{"@id":"https:\/\/soledaddurazo.com\/blog\/2026\/04\/24\/impulsan-en-caborca-la-ley-de-tarifa-social-con-participacion-ciudadana\/#primaryimage"},"thumbnailUrl":"https:\/\/soledaddurazo.com\/storage\/2026\/04\/bc2ff9ab-cfab-4d97-8b2b-b090def722ac.jpg","articleSection":["Mi Sonora"],"inLanguage":"es","potentialAction":[{"@type":"CommentAction","name":"Comment","target":["https:\/\/soledaddurazo.com\/blog\/2026\/04\/24\/impulsan-en-caborca-la-ley-de-tarifa-social-con-participacion-ciudadana\/#respond"]}]},{"@type":"Person","@id":"https:\/\/soledaddurazo.com\/#\/schema\/person\/822d8e13aa288585e6546f179853758b","name":"Redacci\u00f3n","image":{"@type":"ImageObject","@id":"https:\/\/soledaddurazo.com\/#personlogo","inLanguage":"es","url":"https:\/\/secure.gravatar.com\/avatar\/c4e193752f756fd61f04deebed3a3a20dc188d37edb53682d313ac57f2725d54?s=96&d=mm&r=g","contentUrl":"https:\/\/secure.gravatar.com\/avatar\/c4e193752f756fd61f04deebed3a3a20dc188d37edb53682d313ac57f2725d54?s=96&d=mm&r=g","caption":"Redacci\u00f3n"},"sameAs":["https:\/\/soledaddurazo.com"]}]}},"_links":{"self":[{"href":"https:\/\/soledaddurazo.com\/api\/wp\/v2\/posts\/24965","targetHints":{"allow":["GET"]}}],"collection":[{"href":"https:\/\/soledaddurazo.com\/api\/wp\/v2\/posts"}],"about":[{"href":"https:\/\/soledaddurazo.com\/api\/wp\/v2\/types\/post"}],"author":[{"embeddable":true,"href":"https:\/\/soledaddurazo.com\/api\/wp\/v2\/users\/1"}],"replies":[{"embeddable":true,"href":"https:\/\/soledaddurazo.com\/api\/wp\/v2\/comments?post=24965"}],"version-history":[{"count":1,"href":"https:\/\/soledaddurazo.com\/api\/wp\/v2\/posts\/24965\/revisions"}],"predecessor-version":[{"id":24967,"href":"https:\/\/soledaddurazo.com\/api\/wp\/v2\/posts\/24965\/revisions\/24967"}],"wp:featuredmedia":[{"embeddable":true,"href":"https:\/\/soledaddurazo.com\/api\/wp\/v2\/media\/24966"}],"wp:attachment":[{"href":"https:\/\/soledaddurazo.com\/api\/wp\/v2\/media?parent=24965"}],"wp:term":[{"taxonomy":"category","embeddable":true,"href":"https:\/\/soledaddurazo.com\/api\/wp\/v2\/categories?post=24965"},{"taxonomy":"post_tag","embeddable":true,"href":"https:\/\/soledaddurazo.com\/api\/wp\/v2\/tags?post=24965"}],"curies":[{"name":"wp","href":"https:\/\/api.w.org\/{rel}","templated":true}]}}