{"id":2495,"date":"2020-09-14T01:45:51","date_gmt":"2020-09-14T01:45:51","guid":{"rendered":"https:\/\/soledaddurazo.com\/?p=2495"},"modified":"2020-09-14T01:45:51","modified_gmt":"2020-09-14T01:45:51","slug":"interesante-historia-de-nuestro-himno-nacional","status":"publish","type":"post","link":"https:\/\/soledaddurazo.com\/blog\/2020\/09\/14\/interesante-historia-de-nuestro-himno-nacional\/","title":{"rendered":"Interesante Historia de Nuestro Himno Nacional"},"content":{"rendered":"<p class=\"MsoNormal\"><span style=\"font-size: 16.0pt; line-height: 107%;\">Al leer que el 8 de septiembre de 1824 en una poblaci\u00f3n catalana naci\u00f3 <b style=\"mso-bidi-font-weight: normal;\">Jaime Nun\u00f3 Roca<\/b>, record\u00e9 que este ilustre espa\u00f1ol musicaliz\u00f3 el coro y las estrofas del <b style=\"mso-bidi-font-weight: normal;\">Himno Nacional Mexicano<\/b>, es el \u00fanico extranjero que tiene un lugar en la Rotonda de las Personas Ilustres, en el Pante\u00f3n Civil de Dolores, al Poniente de la Ciudad de M\u00e9xico. Su tumba est\u00e1 junto a la del potosino <b style=\"mso-bidi-font-weight: normal;\">Francisco\u00a0 Gonz\u00e1lez Bocanegra<\/b>, quien qued\u00f3 encerrado bajo llave, por su amada<span style=\"mso-spacerun: yes;\">\u00a0 <\/span>Guadalupe, en una amplia habitaci\u00f3n donde ella coloc\u00f3 un escritorio, tinta y pluma, as\u00ed como suficiente papel suficiente para escribir la composici\u00f3n de un himno. A lo que Francisco se resist\u00eda. \u201cSaldr\u00e1s cuando termines el himno\u201d, le advirti\u00f3 su musa. <\/span><\/p>\n<p class=\"MsoNormal\"><span style=\"font-size: 16.0pt; line-height: 107%;\">La historia comienza cuando el 12 de noviembre de 1853 el xalape\u00f1o <b style=\"mso-bidi-font-weight: normal;\">Antonio L\u00f3pez de Santa Anna<\/b>, en su und\u00e9cimo y \u00faltimo<span style=\"mso-spacerun: yes;\">\u00a0 <\/span>\u201cturno\u201d presidencial, convoc\u00f3 a los poetas para que escribieran la letra de lo que ser\u00eda un himno que cantaran todos los mexicanos, que reflejara la fuerza y el amor por nuestro pa\u00eds. Hubo 26<span style=\"mso-spacerun: yes;\">\u00a0 <\/span>participantes y el trabajo fue galardonado con el primer lugar a<span style=\"mso-spacerun: yes;\">\u00a0 <\/span>Gonz\u00e1lez Bocanegra. La segunda convocatoria fue para los m\u00fasicos y el compositor, director de orquesta, maestro de m\u00fasica, espa\u00f1ol de nacimiento, Jaime Nun\u00f3 result\u00f3 triunfador. <\/span><\/p>\n<p class=\"MsoNormal\"><span style=\"font-size: 16.0pt; line-height: 107%;\">Hasta aqu\u00ed lo que una mayor\u00eda de mis connacionales ya sab\u00edan en torno a los autores de nuestro Himno Nacional. Un primer dato curioso es que Francisco naci\u00f3 en la capital potosina el 8 de enero de 1824 y el 8 de septiembre del mismo a\u00f1o en Gerona, Espa\u00f1a, lleg\u00f3 Jaime a este mundo. El catal\u00e1n en 1904 asisti\u00f3, en la Capital Mexicana, a la conmemoraci\u00f3n del cincuentenario del Himno Nacional. El potosino, v\u00edctima del tifo, falleci\u00f3 en 1861.<\/span><\/p>\n<p class=\"MsoNormal\"><span style=\"font-size: 16.0pt; line-height: 107%;\">\u00a0<\/span><\/p>\n<p class=\"MsoNormal\"><b style=\"mso-bidi-font-weight: normal;\"><span style=\"font-size: 16.0pt; line-height: 107%;\">\u201cPANCHO, \u00a1T\u00da PUEDES!\u201d<\/span><\/b><\/p>\n<p class=\"MsoNormal\"><span style=\"font-size: 16.0pt; line-height: 107%;\">De acuerdo con cr\u00f3nicas de la \u00e9poca, Gonz\u00e1lez Bocanegra era un reconocido dramaturgo, poeta y articulista. Su padre Jos\u00e9 Mar\u00eda Gonz\u00e1lez Y\u00e1\u00f1ez era militar espa\u00f1ol, lo desterr\u00f3 el gobierno a su natal Espa\u00f1a junto con su esposa Francisca Bocanegra, hermana del abogado zacatecano <b style=\"mso-bidi-font-weight: normal;\">Jos\u00e9 Mar\u00eda Bocanegra<\/b>, el primer Presidente Interino de M\u00e9xico, en 1829; lo fue del 17 al 23 de diciembre del citado a\u00f1o. La familia vivi\u00f3 9 a\u00f1os en Valencia y<br \/>\nretorn\u00f3 a San Luis Potos\u00ed. <\/span><\/p>\n<p class=\"MsoNormal\"><span style=\"font-size: 16.0pt; line-height: 107%;\">Se cuenta que Francisco no quer\u00eda participar en el concurso. Argumentaba todos los pretextos posibles para rehuir al certamen. Sin embargo, la que ser\u00eda su esposa y con quien tuvo cinco hijas, su prima <b style=\"mso-bidi-font-weight: normal;\">Guadalupe Gonz\u00e1lez del Pino y Villalpando <\/b>con enga\u00f1os lo hizo entrar a una habitaci\u00f3n, dici\u00e9ndole: \u201c\u00a1Claro que puedes Pancho y vas a hacerlo!\u201d. En cuatro horas estuvo terminada la letra<span style=\"mso-spacerun: yes;\">\u00a0 <\/span>del que es desde hace 166 a\u00f1os nuestro Himno Nacional.<\/span><\/p>\n<p class=\"MsoNormal\"><span style=\"font-size: 16.0pt; line-height: 107%;\">El Himno Nacional Mexicano fue interpretado por primera vez el 15 de septiembre de 1854 en el <b style=\"mso-bidi-font-weight: normal;\">Teatro Santa Anna<\/b> (despu\u00e9s Teatro Iturbide y Teatro Nacional de M\u00e9xico) donde se construy\u00f3 el Palacio de Bellas Artes. Los m\u00fasicos de la Compa\u00f1\u00eda de \u00d3pera Italiana dirigidos por el maestro Giovanni Bottesini, acompa\u00f1aron al tenor Lorenzo Salvia y a la soprano Claudina Florenti que cantaron lo escrito por Gonz\u00e1lez Bocanegra..\u00a0<\/span><\/p>\n<p class=\"MsoNormal\"><b style=\"mso-bidi-font-weight: normal;\"><span style=\"font-size: 16.0pt; line-height: 107%;\">HUBO CAMBIOS POR POL\u00cdTICA<\/span><\/b><\/p>\n<p class=\"MsoNormal\"><span style=\"font-size: 16.0pt; line-height: 107%;\">Gonz\u00e1lez Bocanegra es descrito por los historiadores <span style=\"mso-spacerun: yes;\">\u00a0<\/span>como un hombre t\u00edmido, acomplejado, no amiguero y en su trabajo como bur\u00f3crata sol\u00eda cumplir. El presidente Miguel Miram\u00f3n le dio empleo y en 1860 el potosino escribi\u00f3 otro himno, en el que ensalzaba al presidente m\u00e1s joven que ha tenido M\u00e9xico, Miram\u00f3n rebasaba los 27 a\u00f1os de edad y ya ten\u00eda, adem\u00e1s, el grado de general. Eran los d\u00edas del segundo imperio en M\u00e9xico.<\/span><\/p>\n<p class=\"MsoNormal\"><span style=\"font-size: 16.0pt; line-height: 107%;\">Por supuesto que esa modificaci\u00f3n no encontr\u00f3 eco en el gobierno juarista y no hay datos de que fuese ejecutada en actos oficiales durante el imperio que encabez\u00f3 Maximiliano. Lo que si propici\u00f3 un cambio radical fue la orden del presidente <b style=\"mso-bidi-font-weight: normal;\">Benito<span style=\"mso-spacerun: yes;\"> \u00a0<\/span>Ju\u00e1rez<\/b>, quien decret\u00f3 como Himno Nacional, la composici\u00f3n del m\u00fasico hidalguense Antonio Ortega del Villar titulada \u201cMarcha Zaragoza\u201d, referida al triunfo del Ej\u00e9rcito comandado por Ignacio Zaragoza, el 5 de mayo de 1862, frente a los franceses. Ese fue el himno en los eventos oficiales del oaxaque\u00f1o.<\/span><\/p>\n<p class=\"MsoNormal\"><span style=\"font-size: 16.0pt; line-height: 107%;\">Antes de ese poco conocido giro juarista, el guerrerense <b style=\"mso-bidi-font-weight: normal;\">Juan N. \u00c1lvarez, <\/b>presidente en 1855, orden\u00f3 la supresi\u00f3n de dos estrofas que hac\u00edan referencia al dictador Santa Anna y a los imperialistas.<span style=\"mso-spacerun: yes;\">\u00a0 <\/span>La pol\u00edtica tambi\u00e9n oper\u00f3<br \/>\nen este terreno e inclusive en 1910 el coro que comienza \u201cMexicanos al grito de guerra\u2026.\u201d lo eliminaron por otro estribillo, que no se volvi\u00f3 a ejecutar. En<br \/>\n1904, en el cincuentenario de nuestro Himno Nacional se interpretaron letra y<br \/>\nm\u00fasica <span style=\"mso-spacerun: yes;\">\u00a0<\/span>originales. <\/span><\/p>\n<p class=\"MsoNormal\"><b style=\"mso-bidi-font-weight: normal;\"><span style=\"font-size: 16.0pt; line-height: 107%;\">LOS DOS EN LA ROTONDA<\/span><\/b><\/p>\n<p class=\"MsoNormal\"><span style=\"font-size: 16.0pt; line-height: 107%;\">Los autores de letra y m\u00fasica del Himno Nacional Mexicano jam\u00e1s recibieron el premio se\u00f1alado en la convocatoria. Ambos no llegaron a saber que el Himno Nacional Mexicano qued\u00f3 reconocido, universalmente, como bello, armonioso y nacionalista. No pocas veces se ha dicho que compite con La Marsellesa. Tampoco advirtieron que el Derecho de Autor en cuanto a la m\u00fasica ser\u00eda comercializado.<br \/>\nEn una operaci\u00f3n mercantil, el norteamericano Henneman Harry adquiri\u00f3 los<br \/>\nderechos de autor\u00eda. Guillermo Larrea en 2004 supo que los descendientes de<br \/>\nJaime Nun\u00f3 radicados en Nueva York vendieron los derechos.<\/span><\/p>\n<p class=\"MsoNormal\"><span style=\"font-size: 16.0pt; line-height: 107%;\">Jaime Nun\u00f3 Roca desde ni\u00f1o gust\u00f3 de la m\u00fasica y a la edad de 15 a\u00f1os triunf\u00f3 con una \u00f3pera titulada Trisagio, compuesta para ser interpretada por coro mixto y ejecutada en \u00f3rgano o en piano. Estando en Cuba conoci\u00f3 al general L\u00f3pez de Santa Anna con quien hizo buena amistad. Al retornar a M\u00e9xico se enter\u00f3 de la convocatoria para musicalizar la composici\u00f3n de Gonz\u00e1lez Bocanegra. Trabaj\u00f3 durante varios d\u00edas y en agosto de 1854 lo declararon ganador del certamen..<\/span><\/p>\n<p class=\"MsoNormal\"><span style=\"font-size: 16.0pt; line-height: 107%;\">A la ca\u00edda de L\u00f3pez de Santa Anna, por la promulgaci\u00f3n del Plan de Ayutla, Jaime Nun\u00f3 decidi\u00f3 ir a radicar en Nueva York, donde fue concertista y director de \u00f3peras e hizo una gira por varios pa\u00edses latinoamericanos dando conciertos. En 1848 se cas\u00f3 con Dolores Tal\u00f3 y tuvieron una hija, se desconoce si ella muri\u00f3 o se divorciaron porque en 1873<span style=\"mso-spacerun: yes;\">\u00a0 <\/span>contrajo nupcias con su exalumna Catalina Cecilia Remington, uni\u00f3n de la que nacieron Cristina y Jaime, <span style=\"mso-spacerun: yes;\">\u00a0<\/span>quien lo acompa\u00f1\u00f3 hasta el d\u00eda de su muerte.<\/span><\/p>\n<p class=\"MsoNormal\"><span style=\"font-size: 16.0pt; line-height: 107%;\">En 1942 el presidente Manuel \u00c1vila Camacho solicit\u00f3 la exhumaci\u00f3n de los restos de Nun\u00f3 y los trasladaron a M\u00e9xico para inhumarlos en la Rotonda de los Hombres Ilustres, donde desde 1932 estaba sepultado Francisco Gonz\u00e1lez Bocanegra, quien originalmente fue inhumado en el Pante\u00f3n de San Fernando y en 1901 en el Civil de Dolores.<\/span><\/p>\n<p class=\"MsoNormal\"><span style=\"font-size: 16.0pt; line-height: 107%;\">Adem\u00e1s de mis apuntes personales, consulte <span style=\"mso-spacerun: yes;\">\u00a0<\/span>el Diccionario Enciclop\u00e9dico de M\u00e9xico, <b style=\"mso-bidi-font-weight: normal;\">Humberto Musacchio<\/b>; Francisco Gonz\u00e1lez Bocanegra, vida y obra, obra de <b style=\"mso-bidi-font-weight: normal;\">Joaqu\u00edn Antonio Pe\u00f1a Losa<\/b>, Imprenta Universitaria 1954; <b style=\"mso-bidi-font-weight: normal;\">Biograf\u00edas y Vidas<\/b>, La Enciclopedia Biogr\u00e1fica en l\u00ednea, Barcelona, Espa\u00f1a. <\/span><\/p>\n<p class=\"MsoNormal\"><b style=\"mso-bidi-font-weight: normal;\"><span style=\"font-size: 16.0pt; line-height: 107%;\">\u00bfRECUERDAN A \u201cLA ABUELITA DEL CINE\u201d? <\/span><\/b><span style=\"font-size: 16.0pt; line-height: 107%;\"><span style=\"mso-spacerun: yes;\">\u00a0<\/span><\/span><\/p>\n<p class=\"MsoNormal\"><span style=\"font-size: 16.0pt; line-height: 107%;\">En verdad es muy grato recordar a personajes<span style=\"mso-spacerun: yes;\">\u00a0 <\/span>que con su actuaci\u00f3n nos hicieron pasar ratos muy agradables y m\u00e1s cuando se trata de una abuelita cuya imagen aparece en la envoltura de un chocolate. Era rega\u00f1ona, gru\u00f1ona, humor\u00edstica y vers\u00e1til<span style=\"mso-spacerun: yes;\">\u00a0 <\/span>en sus personajes de pobre o de rica. Nunca la olvidar\u00e9 con el bast\u00f3n en la mano para \u201cajusticiar\u201d a sus \u201cnietos\u201d.<\/span><\/p>\n<p class=\"MsoNormal\"><span style=\"font-size: 16.0pt; line-height: 107%;\">La simp\u00e1tica orizabe\u00f1a, hija de padres espa\u00f1oles, naci\u00f3 en el Siglo XIX y fue bautizada como <b style=\"mso-bidi-font-weight: normal;\">Sara Garc\u00eda Hidalgo<\/b>. Art\u00edsticamente no us\u00f3 el apellido materno. Lleg\u00f3 el 8 de septiembre de 1895 y en noviembre pr\u00f3ximo se cumplir\u00e1n 40 a\u00f1os de su partida. Trabaj\u00f3 62 a\u00f1os en escenarios teatrales, frente a los micr\u00f3fonos radiof\u00f3nicos, nos deleit\u00f3 con sus actuaciones en la televisi\u00f3n y qu\u00e9 no comentar de sus pel\u00edculas en el cine mudo y del sonoro, \u00e9ste a partir de 1936.<\/span><\/p>\n<p class=\"MsoNormal\"><span style=\"font-size: 16.0pt; line-height: 107%;\">A los 23 a\u00f1os ya era estrella en el medio art\u00edstico. A esa edad contrajo matrimonio con Fernando Ib\u00e1\u00f1ez y tuvieron una hija, Mar\u00eda Fernanda Mercedes que muri\u00f3 muy joven al seguir los pasos de su mam\u00e1. El matrimonio dur\u00f3 5 a\u00f1os y Do\u00f1a Sara no volvi\u00f3 a casarse. Su primera pel\u00edcula en el cine mudo fue \u201cEn Defensa Propia\u201d dirigida por Joaqu\u00edn Coss y veinte a\u00f1os despu\u00e9s debuta en el cine sonoro con el film \u201cAs\u00ed es la Mujer\u201d; en aquella con <b style=\"mso-bidi-font-weight: normal;\">Mim\u00ed Derba<\/b>, actriz y cantante en aquellos d\u00edas. Mim\u00ed se llam\u00f3 Mar\u00eda Herminia<br \/>\nP\u00e9rez de Le\u00f3n Avenda\u00f1o y muri\u00f3 en 1953.\u00a0<\/span><\/p>\n<p class=\"MsoNormal\"><span style=\"font-size: 16.0pt; line-height: 107%;\">En1940 se quit\u00f3 su dentadura original porque la requer\u00edan para interpretar a una abuelita y Sarita decidi\u00f3 no simular que hablaba como \u201cabuelita\u201d y as\u00ed la vimos en \u201cLos Tres Garc\u00eda\u201d y \u201cVuelven los Garc\u00eda\u201d donde sus \u201cnietos\u201d fueron <b style=\"mso-bidi-font-weight: normal;\">Pedro Infante, Abel Salazar y Victor Manuel Mendoza; <\/b>\u201cla nieta\u201d, <b style=\"mso-bidi-font-weight: normal;\">Marga L\u00f3pez.\u00a0 <\/b>Film\u00f3 146 pel\u00edculas donde figuraron los Hermanos los Soler, as\u00ed como Joaqu\u00edn Pardav\u00e9, \u201cMantequilla\u201d, \u201cEl Nanche\u201d Arozamena, \u201cCantinflas\u201d. Entre muchos m\u00e1s. V\u00edctima de neumon\u00eda falleci\u00f3 en una sala del Centro M\u00e9dico Nacional del IMSS. <\/span><\/p>\n<p class=\"MsoNormal\"><b style=\"mso-bidi-font-weight: normal;\"><span style=\"font-size: 16.0pt; line-height: 107%;\">C\u00c1RDENAS A 50 A\u00d1OS DE SU MUERTE<\/span><\/b><\/p>\n<p class=\"MsoNormal\"><span style=\"font-size: 16.0pt; line-height: 107%;\">La Sociedad Mexicana de Geograf\u00eda y Estad\u00edstica inici\u00f3 el jueves pasado un Coloquio titulado <b style=\"mso-bidi-font-weight: normal;\">Construcci\u00f3n del Estado Social Mexicano<\/b>, para recordar que hace 50 a\u00f1os falleci\u00f3, un19 de octubre el michoacano <b style=\"mso-bidi-font-weight: normal;\">L\u00e1zaro C\u00e1rdenas del R\u00edo<\/b>. El ciclo constar\u00e1 de 14 sesiones, un seminario y el acto de clausura el 10 de diciembre pr\u00f3ximo. Estas conferencias virtuales ser\u00e1n los jueves de 11 a 13 horas. Cuenta con asistentes virtuales de Espa\u00f1a, de Uruguay y de casi todos los Estados de la Rep\u00fablica Mexicana. <\/span><\/p>\n<p class=\"MsoNormal\"><span style=\"font-size: 16.0pt; line-height: 107%;\">El licenciado <b style=\"mso-bidi-font-weight: normal;\">Hugo Castro Aranda, presidente de la SMGE, <\/b>inaugur\u00f3 el Coloquio y se\u00f1al\u00f3 la trascendencia de las conferencias, relacionadas con los gobiernos de Venustiano Carranza y del general C\u00e1rdenas, estar\u00e1n a cargo de reconocidos personajes como los tres primeros participantes: Antonio Tenorio Adame, Alfredo R\u00edos Camarena y Daniel Luna, \u00e9ste en representaci\u00f3n del Instituto Nacional de Estudios Hist\u00f3ricos de las Revoluciones de M\u00e9xico.\u00a0<\/span><\/p>\n<p class=\"MsoNormal\"><b style=\"mso-bidi-font-weight: normal;\"><\/b><span style=\"font-size: 16.0pt; line-height: 107%;\">Me percat\u00e9 de la presencia virtual del embajador V\u00edctor Manuel Barcel\u00f3, del abogado y criminalista Mario Hern\u00e1ndez Malda y de las estudiosas de la historia Susana Avil\u00e9s e Isabel Orva\u00f1anos y desde luego del secretario general de la SGME, maestro Oscar Gonz\u00e1lez Azuela.<b style=\"mso-bidi-font-weight: normal;\"><\/b><\/span><\/p>\n<p class=\"MsoNormal\"><b style=\"mso-bidi-font-weight: normal;\"><span style=\"font-size: 16.0pt; line-height: 107%;\">P.D.<\/span><\/b><span style=\"font-size: 16.0pt; line-height: 107%;\"> Este domingo 13<span style=\"mso-spacerun: yes;\">\u00a0 <\/span>habr\u00e1 un acto simb\u00f3lico en el Monumento a los Ni\u00f1os H\u00e9roes. Normalmente asiste el Presidente de M\u00e9xico y parte de su gabinete. Un cadete del H. Colegio Militar es el orador\u2026La Noche del Grito tanto en la Plaza de la Constituci\u00f3n como en las ciudades capitales de los Estados, ser\u00e1 una austera y sin asistencia masiva como tradicionalmente ocurre. La pandemia cambi\u00f3 todo en nuestras vidas\u2026El viernes pasado se cumplieron 19 a\u00f1os del ataque a\u00e9reo a <b style=\"mso-bidi-font-weight: normal;\">las Torres Gemelas <\/b>de Nueva York, donde perdieron la vida m\u00e1s de tres mil personas.<\/span><\/p>\n<p class=\"MsoNormal\"><b style=\"mso-bidi-font-weight: normal;\"><span style=\"font-size: 16.0pt; line-height: 107%;\">Jherrerav@live.com.mx<\/span><\/b><\/p>\n","protected":false},"excerpt":{"rendered":"<p>Al leer que el 8 de septiembre de 1824 en una poblaci\u00f3n catalana naci\u00f3 Jaime Nun\u00f3 Roca, record\u00e9 que este ilustre espa\u00f1ol musicaliz\u00f3 el coro y las estrofas del Himno Nacional Mexicano, es el \u00fanico extranjero que tiene un lugar en la Rotonda de las Personas Ilustres, en el Pante\u00f3n Civil de Dolores, al Poniente [&hellip;]<\/p>\n","protected":false},"author":1,"featured_media":2496,"comment_status":"open","ping_status":"open","sticky":false,"template":"","format":"standard","meta":{"footnotes":""},"categories":[163,172],"tags":[],"class_list":["post"],"yoast_head":" \n<title>Interesante Historia de Nuestro Himno Nacional - Periodista SoledadDurazo.com<\/title>\n<meta name=\"robots\" content=\"index, follow, max-snippet:-1, max-image-preview:large, max-video-preview:-1\" \/>\n<link rel=\"canonical\" href=\"https:\/\/soledaddurazo.com\/blog\/2020\/09\/14\/interesante-historia-de-nuestro-himno-nacional\/\" \/>\n<meta property=\"og:locale\" content=\"es_MX\" \/>\n<meta property=\"og:type\" content=\"article\" \/>\n<meta property=\"og:title\" content=\"Interesante Historia de Nuestro Himno Nacional\" \/>\n<meta property=\"og:description\" content=\"Al leer que el 8 de septiembre de 1824 en una poblaci\u00f3n catalana naci\u00f3 Jaime Nun\u00f3 Roca, record\u00e9 que este ilustre espa\u00f1ol musicaliz\u00f3 el coro y las estrofas del Himno Nacional Mexicano, es el \u00fanico extranjero que tiene un lugar en la Rotonda de las Personas Ilustres, en el Pante\u00f3n Civil de Dolores, al Poniente [&hellip;]\" \/>\n<meta property=\"og:url\" content=\"https:\/\/soledaddurazo.com\/blog\/2020\/09\/14\/interesante-historia-de-nuestro-himno-nacional\/\" \/>\n<meta property=\"og:site_name\" content=\"Periodista SoledadDurazo.com\" \/>\n<meta property=\"article:publisher\" content=\"https:\/\/www.facebook.com\/soledad.durazo.9\/\" \/>\n<meta property=\"article:published_time\" content=\"2020-09-14T01:45:51+00:00\" \/>\n<meta property=\"og:image\" content=\"https:\/\/soledaddurazo.com\/storage\/2020\/09\/134859581.jpeg\" \/>\n\t<meta property=\"og:image:width\" content=\"307\" \/>\n\t<meta property=\"og:image:height\" content=\"400\" \/>\n<meta name=\"twitter:card\" content=\"summary_large_image\" \/>\n<meta name=\"twitter:creator\" content=\"@SoledadDurazo\" \/>\n<meta name=\"twitter:site\" content=\"@SoledadDurazo\" \/>\n<meta name=\"twitter:label1\" content=\"Escrito por\" \/>\n\t<meta name=\"twitter:data1\" content=\"Redacci\u00f3n\" \/>\n\t<meta name=\"twitter:label2\" content=\"Tiempo de lectura\" \/>\n\t<meta name=\"twitter:data2\" content=\"9 minutos\" \/>\n<script type=\"application\/ld+json\" class=\"yoast-schema-graph\">{\"@context\":\"https:\/\/schema.org\",\"@graph\":[{\"@type\":\"Organization\",\"@id\":\"https:\/\/soledaddurazo.com\/#organization\",\"name\":\"Soledad Durazo\",\"url\":\"https:\/\/soledaddurazo.com\/\",\"sameAs\":[\"https:\/\/www.facebook.com\/soledad.durazo.9\/\",\"https:\/\/www.instagram.com\/soledaddurazo\",\"https:\/\/www.youtube.com\/channel\/UC9yGPw8-Vbl_B2XNkRwPS-w\",\"https:\/\/twitter.com\/SoledadDurazo\"],\"logo\":{\"@type\":\"ImageObject\",\"@id\":\"https:\/\/soledaddurazo.com\/#logo\",\"inLanguage\":\"es\",\"url\":\"https:\/\/soledaddurazo.com\/storage\/2021\/11\/nllp-720x375-1-2.png\",\"contentUrl\":\"https:\/\/soledaddurazo.com\/storage\/2021\/11\/nllp-720x375-1-2.png\",\"width\":720,\"height\":375,\"caption\":\"Soledad Durazo\"},\"image\":{\"@id\":\"https:\/\/soledaddurazo.com\/#logo\"}},{\"@type\":\"WebSite\",\"@id\":\"https:\/\/soledaddurazo.com\/#website\",\"url\":\"https:\/\/soledaddurazo.com\/\",\"name\":\"Periodista SoledadDurazo.com\",\"description\":\"Periodista sonorense. Directora de www.SoledadDurazo.com Columnista, conductora de radio y Tv. Catedr\\u00e1tica en la UNISON\",\"publisher\":{\"@id\":\"https:\/\/soledaddurazo.com\/#organization\"},\"potentialAction\":[{\"@type\":\"SearchAction\",\"target\":{\"@type\":\"EntryPoint\",\"urlTemplate\":\"https:\/\/soledaddurazo.com\/?s={search_term_string}\"},\"query-input\":\"required name=search_term_string\"}],\"inLanguage\":\"es\"},{\"@type\":\"ImageObject\",\"@id\":\"https:\/\/soledaddurazo.com\/blog\/2020\/09\/14\/interesante-historia-de-nuestro-himno-nacional\/#primaryimage\",\"inLanguage\":\"es\",\"url\":\"https:\/\/soledaddurazo.com\/storage\/2020\/09\/134859581.jpeg\",\"contentUrl\":\"https:\/\/soledaddurazo.com\/storage\/2020\/09\/134859581.jpeg\",\"width\":307,\"height\":400},{\"@type\":\"WebPage\",\"@id\":\"https:\/\/soledaddurazo.com\/blog\/2020\/09\/14\/interesante-historia-de-nuestro-himno-nacional\/#webpage\",\"url\":\"https:\/\/soledaddurazo.com\/blog\/2020\/09\/14\/interesante-historia-de-nuestro-himno-nacional\/\",\"name\":\"Interesante Historia de Nuestro Himno Nacional - Periodista SoledadDurazo.com\",\"isPartOf\":{\"@id\":\"https:\/\/soledaddurazo.com\/#website\"},\"primaryImageOfPage\":{\"@id\":\"https:\/\/soledaddurazo.com\/blog\/2020\/09\/14\/interesante-historia-de-nuestro-himno-nacional\/#primaryimage\"},\"datePublished\":\"2020-09-14T01:45:51+00:00\",\"dateModified\":\"2020-09-14T01:45:51+00:00\",\"breadcrumb\":{\"@id\":\"https:\/\/soledaddurazo.com\/blog\/2020\/09\/14\/interesante-historia-de-nuestro-himno-nacional\/#breadcrumb\"},\"inLanguage\":\"es\",\"potentialAction\":[{\"@type\":\"ReadAction\",\"target\":[\"https:\/\/soledaddurazo.com\/blog\/2020\/09\/14\/interesante-historia-de-nuestro-himno-nacional\/\"]}]},{\"@type\":\"BreadcrumbList\",\"@id\":\"https:\/\/soledaddurazo.com\/blog\/2020\/09\/14\/interesante-historia-de-nuestro-himno-nacional\/#breadcrumb\",\"itemListElement\":[{\"@type\":\"ListItem\",\"position\":1,\"name\":\"Home\",\"item\":\"https:\/\/soledaddurazo.com\/\"},{\"@type\":\"ListItem\",\"position\":2,\"name\":\"Interesante Historia de Nuestro Himno Nacional\"}]},{\"@type\":\"Article\",\"@id\":\"https:\/\/soledaddurazo.com\/blog\/2020\/09\/14\/interesante-historia-de-nuestro-himno-nacional\/#article\",\"isPartOf\":{\"@id\":\"https:\/\/soledaddurazo.com\/blog\/2020\/09\/14\/interesante-historia-de-nuestro-himno-nacional\/#webpage\"},\"author\":{\"@id\":\"https:\/\/soledaddurazo.com\/#\/schema\/person\/822d8e13aa288585e6546f179853758b\"},\"headline\":\"Interesante Historia de Nuestro Himno Nacional\",\"datePublished\":\"2020-09-14T01:45:51+00:00\",\"dateModified\":\"2020-09-14T01:45:51+00:00\",\"mainEntityOfPage\":{\"@id\":\"https:\/\/soledaddurazo.com\/blog\/2020\/09\/14\/interesante-historia-de-nuestro-himno-nacional\/#webpage\"},\"wordCount\":1895,\"commentCount\":0,\"publisher\":{\"@id\":\"https:\/\/soledaddurazo.com\/#organization\"},\"image\":{\"@id\":\"https:\/\/soledaddurazo.com\/blog\/2020\/09\/14\/interesante-historia-de-nuestro-himno-nacional\/#primaryimage\"},\"thumbnailUrl\":\"https:\/\/soledaddurazo.com\/storage\/2020\/09\/134859581.jpeg\",\"articleSection\":[\"Columnas invitadas\",\"Jorge Herrera\"],\"inLanguage\":\"es\",\"potentialAction\":[{\"@type\":\"CommentAction\",\"name\":\"Comment\",\"target\":[\"https:\/\/soledaddurazo.com\/blog\/2020\/09\/14\/interesante-historia-de-nuestro-himno-nacional\/#respond\"]}]},{\"@type\":\"Person\",\"@id\":\"https:\/\/soledaddurazo.com\/#\/schema\/person\/822d8e13aa288585e6546f179853758b\",\"name\":\"Redacci\\u00f3n\",\"image\":{\"@type\":\"ImageObject\",\"@id\":\"https:\/\/soledaddurazo.com\/#personlogo\",\"inLanguage\":\"es\",\"url\":\"https:\/\/secure.gravatar.com\/avatar\/c4e193752f756fd61f04deebed3a3a20dc188d37edb53682d313ac57f2725d54?s=96&d=mm&r=g\",\"contentUrl\":\"https:\/\/secure.gravatar.com\/avatar\/c4e193752f756fd61f04deebed3a3a20dc188d37edb53682d313ac57f2725d54?s=96&d=mm&r=g\",\"caption\":\"Redacci\\u00f3n\"},\"sameAs\":[\"https:\/\/soledaddurazo.com\"]}]}<\/script>\n ","yoast_head_json":{"title":"Interesante Historia de Nuestro Himno Nacional - Periodista SoledadDurazo.com","robots":{"index":"index","follow":"follow","max-snippet":"max-snippet:-1","max-image-preview":"max-image-preview:large","max-video-preview":"max-video-preview:-1"},"canonical":"https:\/\/soledaddurazo.com\/blog\/2020\/09\/14\/interesante-historia-de-nuestro-himno-nacional\/","og_locale":"es_MX","og_type":"article","og_title":"Interesante Historia de Nuestro Himno Nacional","og_description":"Al leer que el 8 de septiembre de 1824 en una poblaci\u00f3n catalana naci\u00f3 Jaime Nun\u00f3 Roca, record\u00e9 que este ilustre espa\u00f1ol musicaliz\u00f3 el coro y las estrofas del Himno Nacional Mexicano, es el \u00fanico extranjero que tiene un lugar en la Rotonda de las Personas Ilustres, en el Pante\u00f3n Civil de Dolores, al Poniente [&hellip;]","og_url":"https:\/\/soledaddurazo.com\/blog\/2020\/09\/14\/interesante-historia-de-nuestro-himno-nacional\/","og_site_name":"Periodista SoledadDurazo.com","article_publisher":"https:\/\/www.facebook.com\/soledad.durazo.9\/","article_published_time":"2020-09-14T01:45:51+00:00","og_image":[{"width":307,"height":400,"url":"https:\/\/soledaddurazo.com\/storage\/2020\/09\/134859581.jpeg","type":"image\/jpeg"}],"twitter_card":"summary_large_image","twitter_creator":"@SoledadDurazo","twitter_site":"@SoledadDurazo","twitter_misc":{"Escrito por":"Redacci\u00f3n","Tiempo de lectura":"9 minutos"},"schema":{"@context":"https:\/\/schema.org","@graph":[{"@type":"Organization","@id":"https:\/\/soledaddurazo.com\/#organization","name":"Soledad Durazo","url":"https:\/\/soledaddurazo.com\/","sameAs":["https:\/\/www.facebook.com\/soledad.durazo.9\/","https:\/\/www.instagram.com\/soledaddurazo","https:\/\/www.youtube.com\/channel\/UC9yGPw8-Vbl_B2XNkRwPS-w","https:\/\/twitter.com\/SoledadDurazo"],"logo":{"@type":"ImageObject","@id":"https:\/\/soledaddurazo.com\/#logo","inLanguage":"es","url":"https:\/\/soledaddurazo.com\/storage\/2021\/11\/nllp-720x375-1-2.png","contentUrl":"https:\/\/soledaddurazo.com\/storage\/2021\/11\/nllp-720x375-1-2.png","width":720,"height":375,"caption":"Soledad Durazo"},"image":{"@id":"https:\/\/soledaddurazo.com\/#logo"}},{"@type":"WebSite","@id":"https:\/\/soledaddurazo.com\/#website","url":"https:\/\/soledaddurazo.com\/","name":"Periodista SoledadDurazo.com","description":"Periodista sonorense. Directora de www.SoledadDurazo.com Columnista, conductora de radio y Tv. Catedr\u00e1tica en la UNISON","publisher":{"@id":"https:\/\/soledaddurazo.com\/#organization"},"potentialAction":[{"@type":"SearchAction","target":{"@type":"EntryPoint","urlTemplate":"https:\/\/soledaddurazo.com\/?s={search_term_string}"},"query-input":"required name=search_term_string"}],"inLanguage":"es"},{"@type":"ImageObject","@id":"https:\/\/soledaddurazo.com\/blog\/2020\/09\/14\/interesante-historia-de-nuestro-himno-nacional\/#primaryimage","inLanguage":"es","url":"https:\/\/soledaddurazo.com\/storage\/2020\/09\/134859581.jpeg","contentUrl":"https:\/\/soledaddurazo.com\/storage\/2020\/09\/134859581.jpeg","width":307,"height":400},{"@type":"WebPage","@id":"https:\/\/soledaddurazo.com\/blog\/2020\/09\/14\/interesante-historia-de-nuestro-himno-nacional\/#webpage","url":"https:\/\/soledaddurazo.com\/blog\/2020\/09\/14\/interesante-historia-de-nuestro-himno-nacional\/","name":"Interesante Historia de Nuestro Himno Nacional - Periodista SoledadDurazo.com","isPartOf":{"@id":"https:\/\/soledaddurazo.com\/#website"},"primaryImageOfPage":{"@id":"https:\/\/soledaddurazo.com\/blog\/2020\/09\/14\/interesante-historia-de-nuestro-himno-nacional\/#primaryimage"},"datePublished":"2020-09-14T01:45:51+00:00","dateModified":"2020-09-14T01:45:51+00:00","breadcrumb":{"@id":"https:\/\/soledaddurazo.com\/blog\/2020\/09\/14\/interesante-historia-de-nuestro-himno-nacional\/#breadcrumb"},"inLanguage":"es","potentialAction":[{"@type":"ReadAction","target":["https:\/\/soledaddurazo.com\/blog\/2020\/09\/14\/interesante-historia-de-nuestro-himno-nacional\/"]}]},{"@type":"BreadcrumbList","@id":"https:\/\/soledaddurazo.com\/blog\/2020\/09\/14\/interesante-historia-de-nuestro-himno-nacional\/#breadcrumb","itemListElement":[{"@type":"ListItem","position":1,"name":"Home","item":"https:\/\/soledaddurazo.com\/"},{"@type":"ListItem","position":2,"name":"Interesante Historia de Nuestro Himno Nacional"}]},{"@type":"Article","@id":"https:\/\/soledaddurazo.com\/blog\/2020\/09\/14\/interesante-historia-de-nuestro-himno-nacional\/#article","isPartOf":{"@id":"https:\/\/soledaddurazo.com\/blog\/2020\/09\/14\/interesante-historia-de-nuestro-himno-nacional\/#webpage"},"author":{"@id":"https:\/\/soledaddurazo.com\/#\/schema\/person\/822d8e13aa288585e6546f179853758b"},"headline":"Interesante Historia de Nuestro Himno Nacional","datePublished":"2020-09-14T01:45:51+00:00","dateModified":"2020-09-14T01:45:51+00:00","mainEntityOfPage":{"@id":"https:\/\/soledaddurazo.com\/blog\/2020\/09\/14\/interesante-historia-de-nuestro-himno-nacional\/#webpage"},"wordCount":1895,"commentCount":0,"publisher":{"@id":"https:\/\/soledaddurazo.com\/#organization"},"image":{"@id":"https:\/\/soledaddurazo.com\/blog\/2020\/09\/14\/interesante-historia-de-nuestro-himno-nacional\/#primaryimage"},"thumbnailUrl":"https:\/\/soledaddurazo.com\/storage\/2020\/09\/134859581.jpeg","articleSection":["Columnas invitadas","Jorge Herrera"],"inLanguage":"es","potentialAction":[{"@type":"CommentAction","name":"Comment","target":["https:\/\/soledaddurazo.com\/blog\/2020\/09\/14\/interesante-historia-de-nuestro-himno-nacional\/#respond"]}]},{"@type":"Person","@id":"https:\/\/soledaddurazo.com\/#\/schema\/person\/822d8e13aa288585e6546f179853758b","name":"Redacci\u00f3n","image":{"@type":"ImageObject","@id":"https:\/\/soledaddurazo.com\/#personlogo","inLanguage":"es","url":"https:\/\/secure.gravatar.com\/avatar\/c4e193752f756fd61f04deebed3a3a20dc188d37edb53682d313ac57f2725d54?s=96&d=mm&r=g","contentUrl":"https:\/\/secure.gravatar.com\/avatar\/c4e193752f756fd61f04deebed3a3a20dc188d37edb53682d313ac57f2725d54?s=96&d=mm&r=g","caption":"Redacci\u00f3n"},"sameAs":["https:\/\/soledaddurazo.com"]}]}},"_links":{"self":[{"href":"https:\/\/soledaddurazo.com\/api\/wp\/v2\/posts\/2495","targetHints":{"allow":["GET"]}}],"collection":[{"href":"https:\/\/soledaddurazo.com\/api\/wp\/v2\/posts"}],"about":[{"href":"https:\/\/soledaddurazo.com\/api\/wp\/v2\/types\/post"}],"author":[{"embeddable":true,"href":"https:\/\/soledaddurazo.com\/api\/wp\/v2\/users\/1"}],"replies":[{"embeddable":true,"href":"https:\/\/soledaddurazo.com\/api\/wp\/v2\/comments?post=2495"}],"version-history":[{"count":1,"href":"https:\/\/soledaddurazo.com\/api\/wp\/v2\/posts\/2495\/revisions"}],"predecessor-version":[{"id":2497,"href":"https:\/\/soledaddurazo.com\/api\/wp\/v2\/posts\/2495\/revisions\/2497"}],"wp:featuredmedia":[{"embeddable":true,"href":"https:\/\/soledaddurazo.com\/api\/wp\/v2\/media\/2496"}],"wp:attachment":[{"href":"https:\/\/soledaddurazo.com\/api\/wp\/v2\/media?parent=2495"}],"wp:term":[{"taxonomy":"category","embeddable":true,"href":"https:\/\/soledaddurazo.com\/api\/wp\/v2\/categories?post=2495"},{"taxonomy":"post_tag","embeddable":true,"href":"https:\/\/soledaddurazo.com\/api\/wp\/v2\/tags?post=2495"}],"curies":[{"name":"wp","href":"https:\/\/api.w.org\/{rel}","templated":true}]}}