{"id":24464,"date":"2026-03-13T18:15:58","date_gmt":"2026-03-14T01:15:58","guid":{"rendered":"https:\/\/soledaddurazo.com\/?p=24464"},"modified":"2026-03-13T18:15:58","modified_gmt":"2026-03-14T01:15:58","slug":"ofrecera-gobierno-de-sonora-300-terapias-asistidas-con-delfines-para-personas-con-discapacidad","status":"publish","type":"post","link":"https:\/\/soledaddurazo.com\/blog\/2026\/03\/13\/ofrecera-gobierno-de-sonora-300-terapias-asistidas-con-delfines-para-personas-con-discapacidad\/","title":{"rendered":"Ofrecer\u00e1 Gobierno de Sonora 300 terapias asistidas con delfines para personas con discapacidad"},"content":{"rendered":"<div class=\"flex flex-col text-sm pb-25\">\n<article class=\"text-token-text-primary w-full focus:outline-none [--shadow-height:45px] has-data-writing-block:pointer-events-none has-data-writing-block:-mt-(--shadow-height) has-data-writing-block:pt-(--shadow-height) [&amp;:has([data-writing-block])&gt;*]:pointer-events-auto scroll-mt-[calc(var(--header-height)+min(200px,max(70px,20svh)))]\" dir=\"auto\" tabindex=\"-1\" data-turn-id=\"request-WEB:2bc536ad-ea5a-470b-903c-6707a83c3786-1\" data-testid=\"conversation-turn-4\" data-scroll-anchor=\"true\" data-turn=\"assistant\">\n<div class=\"text-base my-auto mx-auto pb-10 [--thread-content-margin:var(--thread-content-margin-xs,calc(var(--spacing)*4))] @w-sm\/main:[--thread-content-margin:var(--thread-content-margin-sm,calc(var(--spacing)*6))] @w-lg\/main:[--thread-content-margin:var(--thread-content-margin-lg,calc(var(--spacing)*16))] px-(--thread-content-margin)\">\n<div class=\"[--thread-content-max-width:40rem] @w-lg\/main:[--thread-content-max-width:48rem] mx-auto max-w-(--thread-content-max-width) flex-1 group\/turn-messages focus-visible:outline-hidden relative flex w-full min-w-0 flex-col agent-turn\" tabindex=\"-1\">\n<div class=\"flex max-w-full flex-col gap-4 grow\">\n<div class=\"min-h-8 text-message relative flex w-full flex-col items-end gap-2 text-start break-words whitespace-normal [.text-message+&amp;]:mt-1\" dir=\"auto\" data-message-author-role=\"assistant\" data-message-id=\"c0970724-e9b7-46ae-81d3-881ca69fad26\" data-message-model-slug=\"gpt-5-3\">\n<div class=\"flex w-full flex-col gap-1 empty:hidden\">\n<div class=\"markdown prose dark:prose-invert w-full wrap-break-word light markdown-new-styling\">\n<p data-start=\"0\" data-end=\"98\">\n<p data-start=\"100\" data-end=\"587\">Con el objetivo de fortalecer la atenci\u00f3n y rehabilitaci\u00f3n de personas con discapacidad, el Gobierno de Sonora, a trav\u00e9s del Sistema DIF Sonora y en coordinaci\u00f3n con la Comisi\u00f3n de Ecolog\u00eda y Desarrollo Sustentable del Estado de Sonora (CEDES), otorgar\u00e1 300 terapias asistidas con delfines de manera gratuita. El programa estar\u00e1 dirigido principalmente a ni\u00f1as, ni\u00f1os y adolescentes diagnosticados con s\u00edndrome de Down, par\u00e1lisis cerebral infantil y trastorno del espectro autista (TEA).<\/p>\n<p data-start=\"589\" data-end=\"888\">Para poner en marcha esta iniciativa, ambas instituciones firmaron un convenio de colaboraci\u00f3n que permitir\u00e1 implementar el Programa de Terapia Asistida con Delfines, enfocado en fortalecer los procesos de rehabilitaci\u00f3n y promover la inclusi\u00f3n social de las personas con discapacidad en la entidad.<\/p>\n<p data-start=\"890\" data-end=\"1180\">La directora general de DIF Sonora, Lizeth V\u00e1squez Ochoa, destac\u00f3 que esta acci\u00f3n forma parte de las estrategias impulsadas por el Gobierno del Estado para ampliar el acceso a terapias especializadas y contribuir a mejorar la calidad de vida de las personas con discapacidad y sus familias.<\/p>\n<p data-start=\"1182\" data-end=\"1524\">Por su parte, el titular de CEDES, Carlos Ernesto Zatarain Gonz\u00e1lez, inform\u00f3 que las sesiones se llevar\u00e1n a cabo en el Delfinario ubicado en el kil\u00f3metro 5.5 de la carretera San Carlos\u2013Tinajas, en Guaymas, donde se realizar\u00e1n actividades dise\u00f1adas para estimular el desarrollo f\u00edsico, cognitivo, emocional y social de las y los participantes.<\/p>\n<p data-start=\"1526\" data-end=\"1750\" data-is-last-node=\"\" data-is-only-node=\"\">La convocatoria para acceder a estas terapias se dar\u00e1 a conocer en los pr\u00f3ximos d\u00edas a trav\u00e9s de los canales oficiales de DIF Sonora, donde se publicar\u00e1n los requisitos y el proceso de registro para las familias interesadas.<\/p>\n<\/div>\n<\/div>\n<\/div>\n<\/div>\n<div class=\"z-0 flex min-h-[46px] justify-start\"><\/div>\n<\/div>\n<\/div>\n<\/article>\n<\/div>\n<div class=\"pointer-events-none h-px w-px absolute bottom-0\" aria-hidden=\"true\" data-edge=\"true\"><\/div>\n","protected":false},"excerpt":{"rendered":"<p>Con el objetivo de fortalecer la atenci\u00f3n y rehabilitaci\u00f3n de personas con discapacidad, el Gobierno de Sonora, a trav\u00e9s del Sistema DIF Sonora y en coordinaci\u00f3n con la Comisi\u00f3n de Ecolog\u00eda y Desarrollo Sustentable del Estado de Sonora (CEDES), otorgar\u00e1 300 terapias asistidas con delfines de manera gratuita. El programa estar\u00e1 dirigido principalmente a ni\u00f1as, [&hellip;]<\/p>\n","protected":false},"author":1,"featured_media":24465,"comment_status":"open","ping_status":"open","sticky":false,"template":"","format":"standard","meta":{"footnotes":""},"categories":[159],"tags":[],"class_list":["post"],"yoast_head":" \n<title>Ofrecer\u00e1 Gobierno de Sonora 300 terapias asistidas con delfines para personas con discapacidad - Periodista SoledadDurazo.com<\/title>\n<meta name=\"robots\" content=\"index, follow, max-snippet:-1, max-image-preview:large, max-video-preview:-1\" \/>\n<link rel=\"canonical\" href=\"https:\/\/soledaddurazo.com\/blog\/2026\/03\/13\/ofrecera-gobierno-de-sonora-300-terapias-asistidas-con-delfines-para-personas-con-discapacidad\/\" \/>\n<meta property=\"og:locale\" content=\"es_MX\" \/>\n<meta property=\"og:type\" content=\"article\" \/>\n<meta property=\"og:title\" content=\"Ofrecer\u00e1 Gobierno de Sonora 300 terapias asistidas con delfines para personas con discapacidad\" \/>\n<meta property=\"og:description\" content=\"Con el objetivo de fortalecer la atenci\u00f3n y rehabilitaci\u00f3n de personas con discapacidad, el Gobierno de Sonora, a trav\u00e9s del Sistema DIF Sonora y en coordinaci\u00f3n con la Comisi\u00f3n de Ecolog\u00eda y Desarrollo Sustentable del Estado de Sonora (CEDES), otorgar\u00e1 300 terapias asistidas con delfines de manera gratuita. El programa estar\u00e1 dirigido principalmente a ni\u00f1as, [&hellip;]\" \/>\n<meta property=\"og:url\" content=\"https:\/\/soledaddurazo.com\/blog\/2026\/03\/13\/ofrecera-gobierno-de-sonora-300-terapias-asistidas-con-delfines-para-personas-con-discapacidad\/\" \/>\n<meta property=\"og:site_name\" content=\"Periodista SoledadDurazo.com\" \/>\n<meta property=\"article:publisher\" content=\"https:\/\/www.facebook.com\/soledad.durazo.9\/\" \/>\n<meta property=\"article:published_time\" content=\"2026-03-14T01:15:58+00:00\" \/>\n<meta property=\"og:image\" content=\"https:\/\/soledaddurazo.com\/storage\/2026\/03\/mail.jpg\" \/>\n\t<meta property=\"og:image:width\" content=\"1200\" \/>\n\t<meta property=\"og:image:height\" content=\"800\" \/>\n<meta name=\"twitter:card\" content=\"summary_large_image\" \/>\n<meta name=\"twitter:creator\" content=\"@SoledadDurazo\" \/>\n<meta name=\"twitter:site\" content=\"@SoledadDurazo\" \/>\n<meta name=\"twitter:label1\" content=\"Escrito por\" \/>\n\t<meta name=\"twitter:data1\" content=\"Redacci\u00f3n\" \/>\n\t<meta name=\"twitter:label2\" content=\"Tiempo de lectura\" \/>\n\t<meta name=\"twitter:data2\" content=\"1 minuto\" \/>\n<script type=\"application\/ld+json\" class=\"yoast-schema-graph\">{\"@context\":\"https:\/\/schema.org\",\"@graph\":[{\"@type\":\"Organization\",\"@id\":\"https:\/\/soledaddurazo.com\/#organization\",\"name\":\"Soledad Durazo\",\"url\":\"https:\/\/soledaddurazo.com\/\",\"sameAs\":[\"https:\/\/www.facebook.com\/soledad.durazo.9\/\",\"https:\/\/www.instagram.com\/soledaddurazo\",\"https:\/\/www.youtube.com\/channel\/UC9yGPw8-Vbl_B2XNkRwPS-w\",\"https:\/\/twitter.com\/SoledadDurazo\"],\"logo\":{\"@type\":\"ImageObject\",\"@id\":\"https:\/\/soledaddurazo.com\/#logo\",\"inLanguage\":\"es\",\"url\":\"https:\/\/soledaddurazo.com\/storage\/2021\/11\/nllp-720x375-1-2.png\",\"contentUrl\":\"https:\/\/soledaddurazo.com\/storage\/2021\/11\/nllp-720x375-1-2.png\",\"width\":720,\"height\":375,\"caption\":\"Soledad Durazo\"},\"image\":{\"@id\":\"https:\/\/soledaddurazo.com\/#logo\"}},{\"@type\":\"WebSite\",\"@id\":\"https:\/\/soledaddurazo.com\/#website\",\"url\":\"https:\/\/soledaddurazo.com\/\",\"name\":\"Periodista SoledadDurazo.com\",\"description\":\"Periodista sonorense. Directora de www.SoledadDurazo.com Columnista, conductora de radio y Tv. Catedr\\u00e1tica en la UNISON\",\"publisher\":{\"@id\":\"https:\/\/soledaddurazo.com\/#organization\"},\"potentialAction\":[{\"@type\":\"SearchAction\",\"target\":{\"@type\":\"EntryPoint\",\"urlTemplate\":\"https:\/\/soledaddurazo.com\/?s={search_term_string}\"},\"query-input\":\"required name=search_term_string\"}],\"inLanguage\":\"es\"},{\"@type\":\"ImageObject\",\"@id\":\"https:\/\/soledaddurazo.com\/blog\/2026\/03\/13\/ofrecera-gobierno-de-sonora-300-terapias-asistidas-con-delfines-para-personas-con-discapacidad\/#primaryimage\",\"inLanguage\":\"es\",\"url\":\"https:\/\/soledaddurazo.com\/storage\/2026\/03\/mail.jpg\",\"contentUrl\":\"https:\/\/soledaddurazo.com\/storage\/2026\/03\/mail.jpg\",\"width\":1200,\"height\":800},{\"@type\":\"WebPage\",\"@id\":\"https:\/\/soledaddurazo.com\/blog\/2026\/03\/13\/ofrecera-gobierno-de-sonora-300-terapias-asistidas-con-delfines-para-personas-con-discapacidad\/#webpage\",\"url\":\"https:\/\/soledaddurazo.com\/blog\/2026\/03\/13\/ofrecera-gobierno-de-sonora-300-terapias-asistidas-con-delfines-para-personas-con-discapacidad\/\",\"name\":\"Ofrecer\\u00e1 Gobierno de Sonora 300 terapias asistidas con delfines para personas con discapacidad - Periodista SoledadDurazo.com\",\"isPartOf\":{\"@id\":\"https:\/\/soledaddurazo.com\/#website\"},\"primaryImageOfPage\":{\"@id\":\"https:\/\/soledaddurazo.com\/blog\/2026\/03\/13\/ofrecera-gobierno-de-sonora-300-terapias-asistidas-con-delfines-para-personas-con-discapacidad\/#primaryimage\"},\"datePublished\":\"2026-03-14T01:15:58+00:00\",\"dateModified\":\"2026-03-14T01:15:58+00:00\",\"breadcrumb\":{\"@id\":\"https:\/\/soledaddurazo.com\/blog\/2026\/03\/13\/ofrecera-gobierno-de-sonora-300-terapias-asistidas-con-delfines-para-personas-con-discapacidad\/#breadcrumb\"},\"inLanguage\":\"es\",\"potentialAction\":[{\"@type\":\"ReadAction\",\"target\":[\"https:\/\/soledaddurazo.com\/blog\/2026\/03\/13\/ofrecera-gobierno-de-sonora-300-terapias-asistidas-con-delfines-para-personas-con-discapacidad\/\"]}]},{\"@type\":\"BreadcrumbList\",\"@id\":\"https:\/\/soledaddurazo.com\/blog\/2026\/03\/13\/ofrecera-gobierno-de-sonora-300-terapias-asistidas-con-delfines-para-personas-con-discapacidad\/#breadcrumb\",\"itemListElement\":[{\"@type\":\"ListItem\",\"position\":1,\"name\":\"Home\",\"item\":\"https:\/\/soledaddurazo.com\/\"},{\"@type\":\"ListItem\",\"position\":2,\"name\":\"Ofrecer\\u00e1 Gobierno de Sonora 300 terapias asistidas con delfines para personas con discapacidad\"}]},{\"@type\":\"Article\",\"@id\":\"https:\/\/soledaddurazo.com\/blog\/2026\/03\/13\/ofrecera-gobierno-de-sonora-300-terapias-asistidas-con-delfines-para-personas-con-discapacidad\/#article\",\"isPartOf\":{\"@id\":\"https:\/\/soledaddurazo.com\/blog\/2026\/03\/13\/ofrecera-gobierno-de-sonora-300-terapias-asistidas-con-delfines-para-personas-con-discapacidad\/#webpage\"},\"author\":{\"@id\":\"https:\/\/soledaddurazo.com\/#\/schema\/person\/822d8e13aa288585e6546f179853758b\"},\"headline\":\"Ofrecer\\u00e1 Gobierno de Sonora 300 terapias asistidas con delfines para personas con discapacidad\",\"datePublished\":\"2026-03-14T01:15:58+00:00\",\"dateModified\":\"2026-03-14T01:15:58+00:00\",\"mainEntityOfPage\":{\"@id\":\"https:\/\/soledaddurazo.com\/blog\/2026\/03\/13\/ofrecera-gobierno-de-sonora-300-terapias-asistidas-con-delfines-para-personas-con-discapacidad\/#webpage\"},\"wordCount\":289,\"commentCount\":0,\"publisher\":{\"@id\":\"https:\/\/soledaddurazo.com\/#organization\"},\"image\":{\"@id\":\"https:\/\/soledaddurazo.com\/blog\/2026\/03\/13\/ofrecera-gobierno-de-sonora-300-terapias-asistidas-con-delfines-para-personas-con-discapacidad\/#primaryimage\"},\"thumbnailUrl\":\"https:\/\/soledaddurazo.com\/storage\/2026\/03\/mail.jpg\",\"articleSection\":[\"Mi Sonora\"],\"inLanguage\":\"es\",\"potentialAction\":[{\"@type\":\"CommentAction\",\"name\":\"Comment\",\"target\":[\"https:\/\/soledaddurazo.com\/blog\/2026\/03\/13\/ofrecera-gobierno-de-sonora-300-terapias-asistidas-con-delfines-para-personas-con-discapacidad\/#respond\"]}]},{\"@type\":\"Person\",\"@id\":\"https:\/\/soledaddurazo.com\/#\/schema\/person\/822d8e13aa288585e6546f179853758b\",\"name\":\"Redacci\\u00f3n\",\"image\":{\"@type\":\"ImageObject\",\"@id\":\"https:\/\/soledaddurazo.com\/#personlogo\",\"inLanguage\":\"es\",\"url\":\"https:\/\/secure.gravatar.com\/avatar\/c4e193752f756fd61f04deebed3a3a20dc188d37edb53682d313ac57f2725d54?s=96&d=mm&r=g\",\"contentUrl\":\"https:\/\/secure.gravatar.com\/avatar\/c4e193752f756fd61f04deebed3a3a20dc188d37edb53682d313ac57f2725d54?s=96&d=mm&r=g\",\"caption\":\"Redacci\\u00f3n\"},\"sameAs\":[\"https:\/\/soledaddurazo.com\"]}]}<\/script>\n ","yoast_head_json":{"title":"Ofrecer\u00e1 Gobierno de Sonora 300 terapias asistidas con delfines para personas con discapacidad - Periodista SoledadDurazo.com","robots":{"index":"index","follow":"follow","max-snippet":"max-snippet:-1","max-image-preview":"max-image-preview:large","max-video-preview":"max-video-preview:-1"},"canonical":"https:\/\/soledaddurazo.com\/blog\/2026\/03\/13\/ofrecera-gobierno-de-sonora-300-terapias-asistidas-con-delfines-para-personas-con-discapacidad\/","og_locale":"es_MX","og_type":"article","og_title":"Ofrecer\u00e1 Gobierno de Sonora 300 terapias asistidas con delfines para personas con discapacidad","og_description":"Con el objetivo de fortalecer la atenci\u00f3n y rehabilitaci\u00f3n de personas con discapacidad, el Gobierno de Sonora, a trav\u00e9s del Sistema DIF Sonora y en coordinaci\u00f3n con la Comisi\u00f3n de Ecolog\u00eda y Desarrollo Sustentable del Estado de Sonora (CEDES), otorgar\u00e1 300 terapias asistidas con delfines de manera gratuita. El programa estar\u00e1 dirigido principalmente a ni\u00f1as, [&hellip;]","og_url":"https:\/\/soledaddurazo.com\/blog\/2026\/03\/13\/ofrecera-gobierno-de-sonora-300-terapias-asistidas-con-delfines-para-personas-con-discapacidad\/","og_site_name":"Periodista SoledadDurazo.com","article_publisher":"https:\/\/www.facebook.com\/soledad.durazo.9\/","article_published_time":"2026-03-14T01:15:58+00:00","og_image":[{"width":1200,"height":800,"url":"https:\/\/soledaddurazo.com\/storage\/2026\/03\/mail.jpg","type":"image\/jpeg"}],"twitter_card":"summary_large_image","twitter_creator":"@SoledadDurazo","twitter_site":"@SoledadDurazo","twitter_misc":{"Escrito por":"Redacci\u00f3n","Tiempo de lectura":"1 minuto"},"schema":{"@context":"https:\/\/schema.org","@graph":[{"@type":"Organization","@id":"https:\/\/soledaddurazo.com\/#organization","name":"Soledad Durazo","url":"https:\/\/soledaddurazo.com\/","sameAs":["https:\/\/www.facebook.com\/soledad.durazo.9\/","https:\/\/www.instagram.com\/soledaddurazo","https:\/\/www.youtube.com\/channel\/UC9yGPw8-Vbl_B2XNkRwPS-w","https:\/\/twitter.com\/SoledadDurazo"],"logo":{"@type":"ImageObject","@id":"https:\/\/soledaddurazo.com\/#logo","inLanguage":"es","url":"https:\/\/soledaddurazo.com\/storage\/2021\/11\/nllp-720x375-1-2.png","contentUrl":"https:\/\/soledaddurazo.com\/storage\/2021\/11\/nllp-720x375-1-2.png","width":720,"height":375,"caption":"Soledad Durazo"},"image":{"@id":"https:\/\/soledaddurazo.com\/#logo"}},{"@type":"WebSite","@id":"https:\/\/soledaddurazo.com\/#website","url":"https:\/\/soledaddurazo.com\/","name":"Periodista SoledadDurazo.com","description":"Periodista sonorense. Directora de www.SoledadDurazo.com Columnista, conductora de radio y Tv. Catedr\u00e1tica en la UNISON","publisher":{"@id":"https:\/\/soledaddurazo.com\/#organization"},"potentialAction":[{"@type":"SearchAction","target":{"@type":"EntryPoint","urlTemplate":"https:\/\/soledaddurazo.com\/?s={search_term_string}"},"query-input":"required name=search_term_string"}],"inLanguage":"es"},{"@type":"ImageObject","@id":"https:\/\/soledaddurazo.com\/blog\/2026\/03\/13\/ofrecera-gobierno-de-sonora-300-terapias-asistidas-con-delfines-para-personas-con-discapacidad\/#primaryimage","inLanguage":"es","url":"https:\/\/soledaddurazo.com\/storage\/2026\/03\/mail.jpg","contentUrl":"https:\/\/soledaddurazo.com\/storage\/2026\/03\/mail.jpg","width":1200,"height":800},{"@type":"WebPage","@id":"https:\/\/soledaddurazo.com\/blog\/2026\/03\/13\/ofrecera-gobierno-de-sonora-300-terapias-asistidas-con-delfines-para-personas-con-discapacidad\/#webpage","url":"https:\/\/soledaddurazo.com\/blog\/2026\/03\/13\/ofrecera-gobierno-de-sonora-300-terapias-asistidas-con-delfines-para-personas-con-discapacidad\/","name":"Ofrecer\u00e1 Gobierno de Sonora 300 terapias asistidas con delfines para personas con discapacidad - Periodista SoledadDurazo.com","isPartOf":{"@id":"https:\/\/soledaddurazo.com\/#website"},"primaryImageOfPage":{"@id":"https:\/\/soledaddurazo.com\/blog\/2026\/03\/13\/ofrecera-gobierno-de-sonora-300-terapias-asistidas-con-delfines-para-personas-con-discapacidad\/#primaryimage"},"datePublished":"2026-03-14T01:15:58+00:00","dateModified":"2026-03-14T01:15:58+00:00","breadcrumb":{"@id":"https:\/\/soledaddurazo.com\/blog\/2026\/03\/13\/ofrecera-gobierno-de-sonora-300-terapias-asistidas-con-delfines-para-personas-con-discapacidad\/#breadcrumb"},"inLanguage":"es","potentialAction":[{"@type":"ReadAction","target":["https:\/\/soledaddurazo.com\/blog\/2026\/03\/13\/ofrecera-gobierno-de-sonora-300-terapias-asistidas-con-delfines-para-personas-con-discapacidad\/"]}]},{"@type":"BreadcrumbList","@id":"https:\/\/soledaddurazo.com\/blog\/2026\/03\/13\/ofrecera-gobierno-de-sonora-300-terapias-asistidas-con-delfines-para-personas-con-discapacidad\/#breadcrumb","itemListElement":[{"@type":"ListItem","position":1,"name":"Home","item":"https:\/\/soledaddurazo.com\/"},{"@type":"ListItem","position":2,"name":"Ofrecer\u00e1 Gobierno de Sonora 300 terapias asistidas con delfines para personas con discapacidad"}]},{"@type":"Article","@id":"https:\/\/soledaddurazo.com\/blog\/2026\/03\/13\/ofrecera-gobierno-de-sonora-300-terapias-asistidas-con-delfines-para-personas-con-discapacidad\/#article","isPartOf":{"@id":"https:\/\/soledaddurazo.com\/blog\/2026\/03\/13\/ofrecera-gobierno-de-sonora-300-terapias-asistidas-con-delfines-para-personas-con-discapacidad\/#webpage"},"author":{"@id":"https:\/\/soledaddurazo.com\/#\/schema\/person\/822d8e13aa288585e6546f179853758b"},"headline":"Ofrecer\u00e1 Gobierno de Sonora 300 terapias asistidas con delfines para personas con discapacidad","datePublished":"2026-03-14T01:15:58+00:00","dateModified":"2026-03-14T01:15:58+00:00","mainEntityOfPage":{"@id":"https:\/\/soledaddurazo.com\/blog\/2026\/03\/13\/ofrecera-gobierno-de-sonora-300-terapias-asistidas-con-delfines-para-personas-con-discapacidad\/#webpage"},"wordCount":289,"commentCount":0,"publisher":{"@id":"https:\/\/soledaddurazo.com\/#organization"},"image":{"@id":"https:\/\/soledaddurazo.com\/blog\/2026\/03\/13\/ofrecera-gobierno-de-sonora-300-terapias-asistidas-con-delfines-para-personas-con-discapacidad\/#primaryimage"},"thumbnailUrl":"https:\/\/soledaddurazo.com\/storage\/2026\/03\/mail.jpg","articleSection":["Mi Sonora"],"inLanguage":"es","potentialAction":[{"@type":"CommentAction","name":"Comment","target":["https:\/\/soledaddurazo.com\/blog\/2026\/03\/13\/ofrecera-gobierno-de-sonora-300-terapias-asistidas-con-delfines-para-personas-con-discapacidad\/#respond"]}]},{"@type":"Person","@id":"https:\/\/soledaddurazo.com\/#\/schema\/person\/822d8e13aa288585e6546f179853758b","name":"Redacci\u00f3n","image":{"@type":"ImageObject","@id":"https:\/\/soledaddurazo.com\/#personlogo","inLanguage":"es","url":"https:\/\/secure.gravatar.com\/avatar\/c4e193752f756fd61f04deebed3a3a20dc188d37edb53682d313ac57f2725d54?s=96&d=mm&r=g","contentUrl":"https:\/\/secure.gravatar.com\/avatar\/c4e193752f756fd61f04deebed3a3a20dc188d37edb53682d313ac57f2725d54?s=96&d=mm&r=g","caption":"Redacci\u00f3n"},"sameAs":["https:\/\/soledaddurazo.com"]}]}},"_links":{"self":[{"href":"https:\/\/soledaddurazo.com\/api\/wp\/v2\/posts\/24464","targetHints":{"allow":["GET"]}}],"collection":[{"href":"https:\/\/soledaddurazo.com\/api\/wp\/v2\/posts"}],"about":[{"href":"https:\/\/soledaddurazo.com\/api\/wp\/v2\/types\/post"}],"author":[{"embeddable":true,"href":"https:\/\/soledaddurazo.com\/api\/wp\/v2\/users\/1"}],"replies":[{"embeddable":true,"href":"https:\/\/soledaddurazo.com\/api\/wp\/v2\/comments?post=24464"}],"version-history":[{"count":1,"href":"https:\/\/soledaddurazo.com\/api\/wp\/v2\/posts\/24464\/revisions"}],"predecessor-version":[{"id":24466,"href":"https:\/\/soledaddurazo.com\/api\/wp\/v2\/posts\/24464\/revisions\/24466"}],"wp:featuredmedia":[{"embeddable":true,"href":"https:\/\/soledaddurazo.com\/api\/wp\/v2\/media\/24465"}],"wp:attachment":[{"href":"https:\/\/soledaddurazo.com\/api\/wp\/v2\/media?parent=24464"}],"wp:term":[{"taxonomy":"category","embeddable":true,"href":"https:\/\/soledaddurazo.com\/api\/wp\/v2\/categories?post=24464"},{"taxonomy":"post_tag","embeddable":true,"href":"https:\/\/soledaddurazo.com\/api\/wp\/v2\/tags?post=24464"}],"curies":[{"name":"wp","href":"https:\/\/api.w.org\/{rel}","templated":true}]}}