{"id":24460,"date":"2026-03-13T18:01:40","date_gmt":"2026-03-14T01:01:40","guid":{"rendered":"https:\/\/soledaddurazo.com\/?p=24460"},"modified":"2026-03-13T18:01:40","modified_gmt":"2026-03-14T01:01:40","slug":"guaymas-prepara-operativo-de-seguridad-para-semana-santa","status":"publish","type":"post","link":"https:\/\/soledaddurazo.com\/blog\/2026\/03\/13\/guaymas-prepara-operativo-de-seguridad-para-semana-santa\/","title":{"rendered":"Guaymas prepara operativo de seguridad para Semana Santa"},"content":{"rendered":"<div class=\"relative basis-auto flex-col -mb-(--composer-overlap-px) [--composer-overlap-px:28px] grow flex\">\n<div class=\"flex flex-col text-sm pb-25\">\n<article class=\"text-token-text-primary w-full focus:outline-none [--shadow-height:45px] has-data-writing-block:pointer-events-none has-data-writing-block:-mt-(--shadow-height) has-data-writing-block:pt-(--shadow-height) [&amp;:has([data-writing-block])&gt;*]:pointer-events-auto scroll-mt-[calc(var(--header-height)+min(200px,max(70px,20svh)))]\" dir=\"auto\" tabindex=\"-1\" data-turn-id=\"request-WEB:3f370d3c-8d4e-4750-8b73-65254aed16d8-1\" data-testid=\"conversation-turn-4\" data-scroll-anchor=\"true\" data-turn=\"assistant\">\n<div class=\"text-base my-auto mx-auto pb-10 [--thread-content-margin:var(--thread-content-margin-xs,calc(var(--spacing)*4))] @w-sm\/main:[--thread-content-margin:var(--thread-content-margin-sm,calc(var(--spacing)*6))] @w-lg\/main:[--thread-content-margin:var(--thread-content-margin-lg,calc(var(--spacing)*16))] px-(--thread-content-margin)\">\n<div class=\"[--thread-content-max-width:40rem] @w-lg\/main:[--thread-content-max-width:48rem] mx-auto max-w-(--thread-content-max-width) flex-1 group\/turn-messages focus-visible:outline-hidden relative flex w-full min-w-0 flex-col agent-turn\" tabindex=\"-1\">\n<div class=\"flex max-w-full flex-col gap-4 grow\">\n<div class=\"min-h-8 text-message relative flex w-full flex-col items-end gap-2 text-start break-words whitespace-normal [.text-message+&amp;]:mt-1\" dir=\"auto\" data-message-author-role=\"assistant\" data-message-id=\"409952f1-8511-487f-a0eb-7379ce54a7be\" data-message-model-slug=\"gpt-5-3\">\n<div class=\"flex w-full flex-col gap-1 empty:hidden\">\n<div class=\"markdown prose dark:prose-invert w-full wrap-break-word light markdown-new-styling\">\n<p data-start=\"62\" data-end=\"430\">Con el objetivo de fortalecer las acciones preventivas y garantizar la seguridad de residentes y visitantes durante el pr\u00f3ximo periodo vacacional de Semana Santa, el Ayuntamiento de Guaymas, a trav\u00e9s de la Coordinaci\u00f3n Municipal de Protecci\u00f3n Civil, llev\u00f3 a cabo una reuni\u00f3n de trabajo para definir los acuerdos y estrategias que formar\u00e1n parte del operativo especial.<\/p>\n<p data-start=\"432\" data-end=\"908\">El titular de la dependencia, Jos\u00e9 \u00c1ngel Burruel Mariscal, inform\u00f3 que durante el encuentro se analizaron diversos aspectos relacionados con la coordinaci\u00f3n interinstitucional que permitir\u00e1 brindar una atenci\u00f3n oportuna ante cualquier eventualidad durante las vacaciones. Asimismo, explic\u00f3 que se establecieron horarios de cierre en algunas zonas, puntos de atenci\u00f3n para emergencias y el estado de fuerza que participar\u00e1 en las labores de vigilancia y auxilio a la poblaci\u00f3n.<\/p>\n<p data-start=\"910\" data-end=\"1360\">En la reuni\u00f3n participaron representantes de distintas dependencias de los tres niveles de gobierno, entre ellas Bomberos, Cruz Roja de San Carlos, la Secretar\u00eda de la Defensa Nacional, la Secretar\u00eda de Marina-Armada de M\u00e9xico (SEMAR), Capitan\u00eda de Puerto, Servicios P\u00fablicos, Infraestructura Urbana y Ecolog\u00eda, Secretar\u00eda T\u00e9cnica, C5, Guardia Nacional, Seguridad P\u00fablica y Tr\u00e1nsito Municipal, as\u00ed como la Polic\u00eda Estatal de Seguridad P\u00fablica (PESP).<\/p>\n<p data-start=\"1362\" data-end=\"1572\" data-is-last-node=\"\" data-is-only-node=\"\">Con estas acciones, el Ayuntamiento busca reforzar la coordinaci\u00f3n entre instituciones y garantizar un ambiente seguro para quienes visiten los destinos tur\u00edsticos del municipio durante la temporada vacacional.<\/p>\n<\/div>\n<\/div>\n<\/div>\n<\/div>\n<div class=\"z-0 flex min-h-[46px] justify-start\"><\/div>\n<\/div>\n<\/div>\n<\/article>\n<\/div>\n<div class=\"pointer-events-none h-px w-px absolute bottom-0\" aria-hidden=\"true\" data-edge=\"true\"><\/div>\n<\/div>\n<div id=\"thread-bottom-container\" class=\"sticky bottom-0 group\/thread-bottom-container relative isolate z-10 w-full basis-auto has-data-has-thread-error:pt-2 has-data-has-thread-error:[box-shadow:var(--sharp-edge-bottom-shadow)] md:border-transparent md:pt-0 dark:border-white\/20 md:dark:border-transparent print:hidden content-fade single-line flex flex-col\">\n<div class=\"relative h-0\"><\/div>\n<div id=\"thread-bottom\">\n<div>\n<div class=\"text-base mx-auto [--thread-content-margin:var(--thread-content-margin-xs,calc(var(--spacing)*4))] @w-sm\/main:[--thread-content-margin:var(--thread-content-margin-sm,calc(var(--spacing)*6))] @w-lg\/main:[--thread-content-margin:var(--thread-content-margin-lg,calc(var(--spacing)*16))] px-(--thread-content-margin)\">\n<div class=\"[--thread-content-max-width:40rem] @w-lg\/main:[--thread-content-max-width:48rem] mx-auto max-w-(--thread-content-max-width) flex-1 mb-[var(--thread-component-gap,1rem)]\">\n<div class=\"flex justify-center empty:hidden\"><\/div>\n<div class=\"pointer-events-auto relative z-1 flex h-(--composer-container-height,100%) max-w-full flex-(--composer-container-flex,1) flex-col\">\n<div class=\"absolute start-0 end-0 bottom-full z-20\"><\/div>\n<form class=\"group\/composer w-full\" data-type=\"unified-composer\">\n<div class=\"hidden\"><input tabindex=\"-1\" accept=\"image\/webp,.webp,image\/png,.png,image\/gif,.gif,image\/jpeg,.jpg,.jpeg,.mpo\" multiple=\"multiple\" type=\"file\" \/><\/div>\n<div class=\"\">\n<div class=\"bg-token-bg-primary corner-superellipse\/1.1 cursor-text overflow-clip bg-clip-padding p-2.5 contain-inline-size motion-safe:transition-colors motion-safe:duration-200 motion-safe:ease-in-out dark:bg-[#303030] grid grid-cols-[auto_1fr_auto] [grid-template-areas:'header_header_header'_'leading_primary_trailing'_'._footer_.'] group-data-expanded\/composer:[grid-template-areas:'header_header_header'_'primary_primary_primary'_'leading_footer_trailing'] shadow-short-composer\" data-composer-surface=\"true\">\n<div class=\"-my-2.5 flex min-h-14 items-center overflow-x-hidden px-1.5 [grid-area:primary] group-data-expanded\/composer:mb-0 group-data-expanded\/composer:px-2.5\">\n<div class=\"wcDTda_prosemirror-parent text-token-text-primary max-h-[max(30svh,5rem)] max-h-52 min-h-[var(--deep-research-composer-extra-height,unset)] flex-1 overflow-auto [scrollbar-width:thin] default-browser vertical-scroll-fade-mask\"><textarea class=\"wcDTda_fallbackTextarea\" name=\"prompt-textarea\" autofocus=\"\" placeholder=\"Pregunta lo que quieras\" data-virtualkeyboard=\"true\"><\/textarea><\/p>\n<div id=\"prompt-textarea\" class=\"ProseMirror\" role=\"textbox\" contenteditable=\"true\" translate=\"no\" data-virtualkeyboard=\"true\" aria-multiline=\"true\"><\/div>\n<\/div>\n<\/div>\n<div class=\"[grid-area:leading]\"><\/div>\n<div class=\"flex items-center gap-2 [grid-area:trailing]\">\n<div class=\"ms-auto flex items-center gap-1.5\">\n<div class=\"min-w-9\" data-testid=\"composer-speech-button-container\">\n<div class=\"flex items-center justify-center\"><\/div>\n<\/div>\n<\/div>\n<\/div>\n<\/div>\n<\/div>\n<\/form>\n<\/div>\n<\/div>\n<\/div>\n<\/div>\n<\/div>\n<\/div>\n","protected":false},"excerpt":{"rendered":"<p>Con el objetivo de fortalecer las acciones preventivas y garantizar la seguridad de residentes y visitantes durante el pr\u00f3ximo periodo vacacional de Semana Santa, el Ayuntamiento de Guaymas, a trav\u00e9s de la Coordinaci\u00f3n Municipal de Protecci\u00f3n Civil, llev\u00f3 a cabo una reuni\u00f3n de trabajo para definir los acuerdos y estrategias que formar\u00e1n parte del operativo [&hellip;]<\/p>\n","protected":false},"author":1,"featured_media":24461,"comment_status":"open","ping_status":"open","sticky":false,"template":"","format":"standard","meta":{"footnotes":""},"categories":[160],"tags":[],"class_list":["post"],"yoast_head":" \n<title>Guaymas prepara operativo de seguridad para Semana Santa - Periodista SoledadDurazo.com<\/title>\n<meta name=\"robots\" content=\"index, follow, max-snippet:-1, max-image-preview:large, max-video-preview:-1\" \/>\n<link rel=\"canonical\" href=\"https:\/\/soledaddurazo.com\/blog\/2026\/03\/13\/guaymas-prepara-operativo-de-seguridad-para-semana-santa\/\" \/>\n<meta property=\"og:locale\" content=\"es_MX\" \/>\n<meta property=\"og:type\" content=\"article\" \/>\n<meta property=\"og:title\" content=\"Guaymas prepara operativo de seguridad para Semana Santa\" \/>\n<meta property=\"og:description\" content=\"Con el objetivo de fortalecer las acciones preventivas y garantizar la seguridad de residentes y visitantes durante el pr\u00f3ximo periodo vacacional de Semana Santa, el Ayuntamiento de Guaymas, a trav\u00e9s de la Coordinaci\u00f3n Municipal de Protecci\u00f3n Civil, llev\u00f3 a cabo una reuni\u00f3n de trabajo para definir los acuerdos y estrategias que formar\u00e1n parte del operativo [&hellip;]\" \/>\n<meta property=\"og:url\" content=\"https:\/\/soledaddurazo.com\/blog\/2026\/03\/13\/guaymas-prepara-operativo-de-seguridad-para-semana-santa\/\" \/>\n<meta property=\"og:site_name\" content=\"Periodista SoledadDurazo.com\" \/>\n<meta property=\"article:publisher\" content=\"https:\/\/www.facebook.com\/soledad.durazo.9\/\" \/>\n<meta property=\"article:published_time\" content=\"2026-03-14T01:01:40+00:00\" \/>\n<meta property=\"og:image\" content=\"https:\/\/soledaddurazo.com\/storage\/2026\/03\/28056705-a8bb-44a4-8adb-af626de98cc9.jpg\" \/>\n\t<meta property=\"og:image:width\" content=\"1600\" \/>\n\t<meta property=\"og:image:height\" content=\"900\" \/>\n<meta name=\"twitter:card\" content=\"summary_large_image\" \/>\n<meta name=\"twitter:creator\" content=\"@SoledadDurazo\" \/>\n<meta name=\"twitter:site\" content=\"@SoledadDurazo\" \/>\n<meta name=\"twitter:label1\" content=\"Escrito por\" \/>\n\t<meta name=\"twitter:data1\" content=\"Redacci\u00f3n\" \/>\n\t<meta name=\"twitter:label2\" content=\"Tiempo de lectura\" \/>\n\t<meta name=\"twitter:data2\" content=\"1 minuto\" \/>\n<script type=\"application\/ld+json\" class=\"yoast-schema-graph\">{\"@context\":\"https:\/\/schema.org\",\"@graph\":[{\"@type\":\"Organization\",\"@id\":\"https:\/\/soledaddurazo.com\/#organization\",\"name\":\"Soledad Durazo\",\"url\":\"https:\/\/soledaddurazo.com\/\",\"sameAs\":[\"https:\/\/www.facebook.com\/soledad.durazo.9\/\",\"https:\/\/www.instagram.com\/soledaddurazo\",\"https:\/\/www.youtube.com\/channel\/UC9yGPw8-Vbl_B2XNkRwPS-w\",\"https:\/\/twitter.com\/SoledadDurazo\"],\"logo\":{\"@type\":\"ImageObject\",\"@id\":\"https:\/\/soledaddurazo.com\/#logo\",\"inLanguage\":\"es\",\"url\":\"https:\/\/soledaddurazo.com\/storage\/2021\/11\/nllp-720x375-1-2.png\",\"contentUrl\":\"https:\/\/soledaddurazo.com\/storage\/2021\/11\/nllp-720x375-1-2.png\",\"width\":720,\"height\":375,\"caption\":\"Soledad Durazo\"},\"image\":{\"@id\":\"https:\/\/soledaddurazo.com\/#logo\"}},{\"@type\":\"WebSite\",\"@id\":\"https:\/\/soledaddurazo.com\/#website\",\"url\":\"https:\/\/soledaddurazo.com\/\",\"name\":\"Periodista SoledadDurazo.com\",\"description\":\"Periodista sonorense. Directora de www.SoledadDurazo.com Columnista, conductora de radio y Tv. Catedr\\u00e1tica en la UNISON\",\"publisher\":{\"@id\":\"https:\/\/soledaddurazo.com\/#organization\"},\"potentialAction\":[{\"@type\":\"SearchAction\",\"target\":{\"@type\":\"EntryPoint\",\"urlTemplate\":\"https:\/\/soledaddurazo.com\/?s={search_term_string}\"},\"query-input\":\"required name=search_term_string\"}],\"inLanguage\":\"es\"},{\"@type\":\"ImageObject\",\"@id\":\"https:\/\/soledaddurazo.com\/blog\/2026\/03\/13\/guaymas-prepara-operativo-de-seguridad-para-semana-santa\/#primaryimage\",\"inLanguage\":\"es\",\"url\":\"https:\/\/soledaddurazo.com\/storage\/2026\/03\/28056705-a8bb-44a4-8adb-af626de98cc9.jpg\",\"contentUrl\":\"https:\/\/soledaddurazo.com\/storage\/2026\/03\/28056705-a8bb-44a4-8adb-af626de98cc9.jpg\",\"width\":1600,\"height\":900},{\"@type\":\"WebPage\",\"@id\":\"https:\/\/soledaddurazo.com\/blog\/2026\/03\/13\/guaymas-prepara-operativo-de-seguridad-para-semana-santa\/#webpage\",\"url\":\"https:\/\/soledaddurazo.com\/blog\/2026\/03\/13\/guaymas-prepara-operativo-de-seguridad-para-semana-santa\/\",\"name\":\"Guaymas prepara operativo de seguridad para Semana Santa - Periodista SoledadDurazo.com\",\"isPartOf\":{\"@id\":\"https:\/\/soledaddurazo.com\/#website\"},\"primaryImageOfPage\":{\"@id\":\"https:\/\/soledaddurazo.com\/blog\/2026\/03\/13\/guaymas-prepara-operativo-de-seguridad-para-semana-santa\/#primaryimage\"},\"datePublished\":\"2026-03-14T01:01:40+00:00\",\"dateModified\":\"2026-03-14T01:01:40+00:00\",\"breadcrumb\":{\"@id\":\"https:\/\/soledaddurazo.com\/blog\/2026\/03\/13\/guaymas-prepara-operativo-de-seguridad-para-semana-santa\/#breadcrumb\"},\"inLanguage\":\"es\",\"potentialAction\":[{\"@type\":\"ReadAction\",\"target\":[\"https:\/\/soledaddurazo.com\/blog\/2026\/03\/13\/guaymas-prepara-operativo-de-seguridad-para-semana-santa\/\"]}]},{\"@type\":\"BreadcrumbList\",\"@id\":\"https:\/\/soledaddurazo.com\/blog\/2026\/03\/13\/guaymas-prepara-operativo-de-seguridad-para-semana-santa\/#breadcrumb\",\"itemListElement\":[{\"@type\":\"ListItem\",\"position\":1,\"name\":\"Home\",\"item\":\"https:\/\/soledaddurazo.com\/\"},{\"@type\":\"ListItem\",\"position\":2,\"name\":\"Guaymas prepara operativo de seguridad para Semana Santa\"}]},{\"@type\":\"Article\",\"@id\":\"https:\/\/soledaddurazo.com\/blog\/2026\/03\/13\/guaymas-prepara-operativo-de-seguridad-para-semana-santa\/#article\",\"isPartOf\":{\"@id\":\"https:\/\/soledaddurazo.com\/blog\/2026\/03\/13\/guaymas-prepara-operativo-de-seguridad-para-semana-santa\/#webpage\"},\"author\":{\"@id\":\"https:\/\/soledaddurazo.com\/#\/schema\/person\/822d8e13aa288585e6546f179853758b\"},\"headline\":\"Guaymas prepara operativo de seguridad para Semana Santa\",\"datePublished\":\"2026-03-14T01:01:40+00:00\",\"dateModified\":\"2026-03-14T01:01:40+00:00\",\"mainEntityOfPage\":{\"@id\":\"https:\/\/soledaddurazo.com\/blog\/2026\/03\/13\/guaymas-prepara-operativo-de-seguridad-para-semana-santa\/#webpage\"},\"wordCount\":248,\"commentCount\":0,\"publisher\":{\"@id\":\"https:\/\/soledaddurazo.com\/#organization\"},\"image\":{\"@id\":\"https:\/\/soledaddurazo.com\/blog\/2026\/03\/13\/guaymas-prepara-operativo-de-seguridad-para-semana-santa\/#primaryimage\"},\"thumbnailUrl\":\"https:\/\/soledaddurazo.com\/storage\/2026\/03\/28056705-a8bb-44a4-8adb-af626de98cc9.jpg\",\"articleSection\":[\"Mas noticias\"],\"inLanguage\":\"es\",\"potentialAction\":[{\"@type\":\"CommentAction\",\"name\":\"Comment\",\"target\":[\"https:\/\/soledaddurazo.com\/blog\/2026\/03\/13\/guaymas-prepara-operativo-de-seguridad-para-semana-santa\/#respond\"]}]},{\"@type\":\"Person\",\"@id\":\"https:\/\/soledaddurazo.com\/#\/schema\/person\/822d8e13aa288585e6546f179853758b\",\"name\":\"Redacci\\u00f3n\",\"image\":{\"@type\":\"ImageObject\",\"@id\":\"https:\/\/soledaddurazo.com\/#personlogo\",\"inLanguage\":\"es\",\"url\":\"https:\/\/secure.gravatar.com\/avatar\/c4e193752f756fd61f04deebed3a3a20dc188d37edb53682d313ac57f2725d54?s=96&d=mm&r=g\",\"contentUrl\":\"https:\/\/secure.gravatar.com\/avatar\/c4e193752f756fd61f04deebed3a3a20dc188d37edb53682d313ac57f2725d54?s=96&d=mm&r=g\",\"caption\":\"Redacci\\u00f3n\"},\"sameAs\":[\"https:\/\/soledaddurazo.com\"]}]}<\/script>\n ","yoast_head_json":{"title":"Guaymas prepara operativo de seguridad para Semana Santa - Periodista SoledadDurazo.com","robots":{"index":"index","follow":"follow","max-snippet":"max-snippet:-1","max-image-preview":"max-image-preview:large","max-video-preview":"max-video-preview:-1"},"canonical":"https:\/\/soledaddurazo.com\/blog\/2026\/03\/13\/guaymas-prepara-operativo-de-seguridad-para-semana-santa\/","og_locale":"es_MX","og_type":"article","og_title":"Guaymas prepara operativo de seguridad para Semana Santa","og_description":"Con el objetivo de fortalecer las acciones preventivas y garantizar la seguridad de residentes y visitantes durante el pr\u00f3ximo periodo vacacional de Semana Santa, el Ayuntamiento de Guaymas, a trav\u00e9s de la Coordinaci\u00f3n Municipal de Protecci\u00f3n Civil, llev\u00f3 a cabo una reuni\u00f3n de trabajo para definir los acuerdos y estrategias que formar\u00e1n parte del operativo [&hellip;]","og_url":"https:\/\/soledaddurazo.com\/blog\/2026\/03\/13\/guaymas-prepara-operativo-de-seguridad-para-semana-santa\/","og_site_name":"Periodista SoledadDurazo.com","article_publisher":"https:\/\/www.facebook.com\/soledad.durazo.9\/","article_published_time":"2026-03-14T01:01:40+00:00","og_image":[{"width":1600,"height":900,"url":"https:\/\/soledaddurazo.com\/storage\/2026\/03\/28056705-a8bb-44a4-8adb-af626de98cc9.jpg","type":"image\/jpeg"}],"twitter_card":"summary_large_image","twitter_creator":"@SoledadDurazo","twitter_site":"@SoledadDurazo","twitter_misc":{"Escrito por":"Redacci\u00f3n","Tiempo de lectura":"1 minuto"},"schema":{"@context":"https:\/\/schema.org","@graph":[{"@type":"Organization","@id":"https:\/\/soledaddurazo.com\/#organization","name":"Soledad Durazo","url":"https:\/\/soledaddurazo.com\/","sameAs":["https:\/\/www.facebook.com\/soledad.durazo.9\/","https:\/\/www.instagram.com\/soledaddurazo","https:\/\/www.youtube.com\/channel\/UC9yGPw8-Vbl_B2XNkRwPS-w","https:\/\/twitter.com\/SoledadDurazo"],"logo":{"@type":"ImageObject","@id":"https:\/\/soledaddurazo.com\/#logo","inLanguage":"es","url":"https:\/\/soledaddurazo.com\/storage\/2021\/11\/nllp-720x375-1-2.png","contentUrl":"https:\/\/soledaddurazo.com\/storage\/2021\/11\/nllp-720x375-1-2.png","width":720,"height":375,"caption":"Soledad Durazo"},"image":{"@id":"https:\/\/soledaddurazo.com\/#logo"}},{"@type":"WebSite","@id":"https:\/\/soledaddurazo.com\/#website","url":"https:\/\/soledaddurazo.com\/","name":"Periodista SoledadDurazo.com","description":"Periodista sonorense. Directora de www.SoledadDurazo.com Columnista, conductora de radio y Tv. Catedr\u00e1tica en la UNISON","publisher":{"@id":"https:\/\/soledaddurazo.com\/#organization"},"potentialAction":[{"@type":"SearchAction","target":{"@type":"EntryPoint","urlTemplate":"https:\/\/soledaddurazo.com\/?s={search_term_string}"},"query-input":"required name=search_term_string"}],"inLanguage":"es"},{"@type":"ImageObject","@id":"https:\/\/soledaddurazo.com\/blog\/2026\/03\/13\/guaymas-prepara-operativo-de-seguridad-para-semana-santa\/#primaryimage","inLanguage":"es","url":"https:\/\/soledaddurazo.com\/storage\/2026\/03\/28056705-a8bb-44a4-8adb-af626de98cc9.jpg","contentUrl":"https:\/\/soledaddurazo.com\/storage\/2026\/03\/28056705-a8bb-44a4-8adb-af626de98cc9.jpg","width":1600,"height":900},{"@type":"WebPage","@id":"https:\/\/soledaddurazo.com\/blog\/2026\/03\/13\/guaymas-prepara-operativo-de-seguridad-para-semana-santa\/#webpage","url":"https:\/\/soledaddurazo.com\/blog\/2026\/03\/13\/guaymas-prepara-operativo-de-seguridad-para-semana-santa\/","name":"Guaymas prepara operativo de seguridad para Semana Santa - Periodista SoledadDurazo.com","isPartOf":{"@id":"https:\/\/soledaddurazo.com\/#website"},"primaryImageOfPage":{"@id":"https:\/\/soledaddurazo.com\/blog\/2026\/03\/13\/guaymas-prepara-operativo-de-seguridad-para-semana-santa\/#primaryimage"},"datePublished":"2026-03-14T01:01:40+00:00","dateModified":"2026-03-14T01:01:40+00:00","breadcrumb":{"@id":"https:\/\/soledaddurazo.com\/blog\/2026\/03\/13\/guaymas-prepara-operativo-de-seguridad-para-semana-santa\/#breadcrumb"},"inLanguage":"es","potentialAction":[{"@type":"ReadAction","target":["https:\/\/soledaddurazo.com\/blog\/2026\/03\/13\/guaymas-prepara-operativo-de-seguridad-para-semana-santa\/"]}]},{"@type":"BreadcrumbList","@id":"https:\/\/soledaddurazo.com\/blog\/2026\/03\/13\/guaymas-prepara-operativo-de-seguridad-para-semana-santa\/#breadcrumb","itemListElement":[{"@type":"ListItem","position":1,"name":"Home","item":"https:\/\/soledaddurazo.com\/"},{"@type":"ListItem","position":2,"name":"Guaymas prepara operativo de seguridad para Semana Santa"}]},{"@type":"Article","@id":"https:\/\/soledaddurazo.com\/blog\/2026\/03\/13\/guaymas-prepara-operativo-de-seguridad-para-semana-santa\/#article","isPartOf":{"@id":"https:\/\/soledaddurazo.com\/blog\/2026\/03\/13\/guaymas-prepara-operativo-de-seguridad-para-semana-santa\/#webpage"},"author":{"@id":"https:\/\/soledaddurazo.com\/#\/schema\/person\/822d8e13aa288585e6546f179853758b"},"headline":"Guaymas prepara operativo de seguridad para Semana Santa","datePublished":"2026-03-14T01:01:40+00:00","dateModified":"2026-03-14T01:01:40+00:00","mainEntityOfPage":{"@id":"https:\/\/soledaddurazo.com\/blog\/2026\/03\/13\/guaymas-prepara-operativo-de-seguridad-para-semana-santa\/#webpage"},"wordCount":248,"commentCount":0,"publisher":{"@id":"https:\/\/soledaddurazo.com\/#organization"},"image":{"@id":"https:\/\/soledaddurazo.com\/blog\/2026\/03\/13\/guaymas-prepara-operativo-de-seguridad-para-semana-santa\/#primaryimage"},"thumbnailUrl":"https:\/\/soledaddurazo.com\/storage\/2026\/03\/28056705-a8bb-44a4-8adb-af626de98cc9.jpg","articleSection":["Mas noticias"],"inLanguage":"es","potentialAction":[{"@type":"CommentAction","name":"Comment","target":["https:\/\/soledaddurazo.com\/blog\/2026\/03\/13\/guaymas-prepara-operativo-de-seguridad-para-semana-santa\/#respond"]}]},{"@type":"Person","@id":"https:\/\/soledaddurazo.com\/#\/schema\/person\/822d8e13aa288585e6546f179853758b","name":"Redacci\u00f3n","image":{"@type":"ImageObject","@id":"https:\/\/soledaddurazo.com\/#personlogo","inLanguage":"es","url":"https:\/\/secure.gravatar.com\/avatar\/c4e193752f756fd61f04deebed3a3a20dc188d37edb53682d313ac57f2725d54?s=96&d=mm&r=g","contentUrl":"https:\/\/secure.gravatar.com\/avatar\/c4e193752f756fd61f04deebed3a3a20dc188d37edb53682d313ac57f2725d54?s=96&d=mm&r=g","caption":"Redacci\u00f3n"},"sameAs":["https:\/\/soledaddurazo.com"]}]}},"_links":{"self":[{"href":"https:\/\/soledaddurazo.com\/api\/wp\/v2\/posts\/24460","targetHints":{"allow":["GET"]}}],"collection":[{"href":"https:\/\/soledaddurazo.com\/api\/wp\/v2\/posts"}],"about":[{"href":"https:\/\/soledaddurazo.com\/api\/wp\/v2\/types\/post"}],"author":[{"embeddable":true,"href":"https:\/\/soledaddurazo.com\/api\/wp\/v2\/users\/1"}],"replies":[{"embeddable":true,"href":"https:\/\/soledaddurazo.com\/api\/wp\/v2\/comments?post=24460"}],"version-history":[{"count":1,"href":"https:\/\/soledaddurazo.com\/api\/wp\/v2\/posts\/24460\/revisions"}],"predecessor-version":[{"id":24462,"href":"https:\/\/soledaddurazo.com\/api\/wp\/v2\/posts\/24460\/revisions\/24462"}],"wp:featuredmedia":[{"embeddable":true,"href":"https:\/\/soledaddurazo.com\/api\/wp\/v2\/media\/24461"}],"wp:attachment":[{"href":"https:\/\/soledaddurazo.com\/api\/wp\/v2\/media?parent=24460"}],"wp:term":[{"taxonomy":"category","embeddable":true,"href":"https:\/\/soledaddurazo.com\/api\/wp\/v2\/categories?post=24460"},{"taxonomy":"post_tag","embeddable":true,"href":"https:\/\/soledaddurazo.com\/api\/wp\/v2\/tags?post=24460"}],"curies":[{"name":"wp","href":"https:\/\/api.w.org\/{rel}","templated":true}]}}