{"id":24450,"date":"2026-03-13T15:10:24","date_gmt":"2026-03-13T22:10:24","guid":{"rendered":"https:\/\/soledaddurazo.com\/?p=24450"},"modified":"2026-03-13T15:10:24","modified_gmt":"2026-03-13T22:10:24","slug":"menos-alcohol-mas-vapeadores-el-cambio-en-el-consumo-de-sustancias-entre-nuevas-generaciones","status":"publish","type":"post","link":"https:\/\/soledaddurazo.com\/blog\/2026\/03\/13\/menos-alcohol-mas-vapeadores-el-cambio-en-el-consumo-de-sustancias-entre-nuevas-generaciones\/","title":{"rendered":"Menos alcohol, m\u00e1s vapeadores: el cambio en el consumo de sustancias entre nuevas generaciones"},"content":{"rendered":"<p>En los \u00faltimos a\u00f1os se ha vuelto com\u00fan escuchar que las nuevas generaciones est\u00e1n tomando menos alcohol. La idea circula en redes sociales, entre especialistas e incluso en escuelas. Pero \u00bfqu\u00e9 tan cierto es realmente?<\/p>\n<p>Algunos datos sugieren que el consumo de alcohol entre adolescentes podr\u00eda estar disminuyendo. Sin embargo, especialistas advierten que el problema no necesariamente est\u00e1 desapareciendo, sino transform\u00e1ndose.<\/p>\n<p>De acuerdo con la Encuesta Nacional de Consumo de Drogas, Alcohol y Tabaco (ENCODAT) 2025, el porcentaje de adolescentes de 12 a 17 a\u00f1os que ha consumido alcohol alguna vez en su vida disminuy\u00f3 en los \u00faltimos a\u00f1os.<\/p>\n<p>En 2016, el 39.8% de los adolescentes reportaba haber probado alcohol. Para 2025, la cifra baj\u00f3 a 33.9%. En n\u00fameros absolutos, esto significa que el n\u00famero de j\u00f3venes que hab\u00edan consumido alcohol pas\u00f3 de aproximadamente 5.7 millones a 4.5 millones.<\/p>\n<p>Sin embargo, los mismos datos muestran algo que preocupa a especialistas; quienes s\u00ed comienzan a consumir alcohol lo est\u00e1n haciendo cada vez m\u00e1s temprano. La edad promedio de inicio pas\u00f3 de 13.6 a\u00f1os a 13.2 a\u00f1os.<\/p>\n<p>&nbsp;<\/p>\n<p><strong>Panorama en Sonora<\/strong><\/p>\n<p>En Sonora, organizaciones que trabajan directamente con adolescentes tambi\u00e9n han comenzado a escuchar esta idea de que los j\u00f3venes est\u00e1n tomando menos alcohol. Sin embargo, todav\u00eda no existen datos estatales suficientes que permitan confirmar si esa tendencia se est\u00e1 replicando en la entidad.<\/p>\n<p>En entrevista, la presidenta de la Fundaci\u00f3n Nueva Generaci\u00f3n Sonora, Michelle Lucero, explica que hasta ahora lo que existe es m\u00e1s bien una percepci\u00f3n que se repite en escuelas y espacios comunitarios.<\/p>\n<p>&nbsp;<\/p>\n<p><strong>\u201cA\u00fan no tenemos un dato estad\u00edstico oficial aqu\u00ed en el estado que nos permita medir qu\u00e9 est\u00e1 sucediendo con estas nuevas generaciones y el consumo de alcohol. Pero en nuestra presencia en escuelas, en los centros de integraci\u00f3n juvenil y con familias s\u00ed hemos escuchado que hablan de que estas nuevas generaciones tienen una tendencia a no consumo de alcohol\u201d<\/strong>, se\u00f1ala.<\/p>\n<p>&nbsp;<\/p>\n<p>Sin embargo, advierte que el fen\u00f3meno no necesariamente significa que los adolescentes est\u00e9n dejando de consumir sustancias.<\/p>\n<p><strong>\u00a0<\/strong><\/p>\n<p><strong>\u201cAlgo muy importante que tenemos que destacar es que los menores de edad han sustituido esta sustancia por otras, como lo son los vapeadores. Los maestros han expresado que una de sus principales preocupaciones es que pasaron muy r\u00e1pido del alcohol, que generalmente se consum\u00eda en reuniones o fiestas sin supervisi\u00f3n, a otro tipo de consumo\u201d, <\/strong>explica.<\/p>\n<p>De acuerdo con Lucero, este cambio tambi\u00e9n est\u00e1 modificando la forma en que ocurre el consumo entre adolescentes.<\/p>\n<p><strong>\u201cEl alcohol generalmente se consum\u00eda en actividades como reuniones en casas o fiestas clandestinas. Ahora lo que vemos es que muchos j\u00f3venes est\u00e1n encerrados en sus cuartos consumiendo vapeadores y esto lleva a un tipo de adicci\u00f3n muy relacionada con un tema de salud mental\u201d,<\/strong> a\u00f1ade.<\/p>\n<p>A pesar de estos cambios, el alcohol sigue siendo la sustancia con la que muchos j\u00f3venes tienen su primer contacto con el consumo.<\/p>\n<p>Datos del reporte epidemiol\u00f3gico de los Centros de Integraci\u00f3n Juvenil muestran que el <strong>87%<\/strong> de las personas que ingresan a tratamiento por consumo de sustancias reporta haber <strong>consumido alcohol <\/strong>alguna vez en su vida.<\/p>\n<p>Adem\u00e1s, el 84% de quienes iniciaron tratamiento comenz\u00f3 a consumir drogas il\u00edcitas entre los 10 y los 19 a\u00f1os, lo que coloca a la adolescencia como una etapa cr\u00edtica para la prevenci\u00f3n.<\/p>\n<p><strong>\u201cLa ni\u00f1ez y la adolescencia son periodos muy cr\u00edticos donde es importante que las familias tengan mayor presencia respecto a las actividades de sus hijos, con qui\u00e9nes se relacionan y hablarles previamente sobre estos temas\u201d,<\/strong> se\u00f1ala Lucero.<\/p>\n<p>&nbsp;<\/p>\n<p><strong>La importancia de la prevenci\u00f3n<\/strong><\/p>\n<p>La presidenta de la fundaci\u00f3n tambi\u00e9n advierte que el entorno familiar influye directamente en la forma en que los adolescentes perciben el consumo.<\/p>\n<p><strong>\u201cSi dentro de sus hogares ven que el consumo es algo permisivo, donde incluso los padres facilitan este tipo de sustancias, los j\u00f3venes pueden formar la opini\u00f3n de que es algo permitido, que no pasa nada y que no tiene repercusiones\u201d,<\/strong> explica.<\/p>\n<p>Por ello, insiste en que la prevenci\u00f3n debe comenzar dentro del hogar, con conversaciones abiertas y acompa\u00f1amiento.<\/p>\n<p><strong>\u201cA veces ese tipo de conversaciones son muy necesarias. Hay que explicarles con palabras simples qu\u00e9 son las drogas, por qu\u00e9 pueden da\u00f1ar su cuerpo y su vida y c\u00f3mo pueden decir que no cuando alguien les ofrece\u201d, <\/strong>a\u00f1ade.<\/p>\n<p>&nbsp;<\/p>\n<p><strong>Sugerencias de la OMS<\/strong><\/p>\n<p>Aunque algunos indicadores apuntan a que menos adolescentes est\u00e1n probando alcohol, organismos internacionales advierten que el consumo en menores sigue siendo un problema de salud p\u00fablica.<\/p>\n<p>La Organizaci\u00f3n Mundial de la Salud se\u00f1ala que iniciar el consumo a edades tempranas aumenta el riesgo de dependencia en la vida adulta, adem\u00e1s de afectar el desarrollo del cerebro, el rendimiento escolar y la salud mental.<\/p>\n<p>Por ello, recomienda fortalecer las estrategias de prevenci\u00f3n desde las familias, las escuelas y las comunidades, as\u00ed como limitar la exposici\u00f3n de ni\u00f1as, ni\u00f1os y adolescentes a la publicidad y disponibilidad de bebidas alcoh\u00f3licas.<\/p>\n","protected":false},"excerpt":{"rendered":"<p>En los \u00faltimos a\u00f1os se ha vuelto com\u00fan escuchar que las nuevas generaciones est\u00e1n tomando menos alcohol. La idea circula en redes sociales, entre especialistas e incluso en escuelas. Pero \u00bfqu\u00e9 tan cierto es realmente? Algunos datos sugieren que el consumo de alcohol entre adolescentes podr\u00eda estar disminuyendo. Sin embargo, especialistas advierten que el problema [&hellip;]<\/p>\n","protected":false},"author":1,"featured_media":24452,"comment_status":"open","ping_status":"open","sticky":false,"template":"","format":"standard","meta":{"footnotes":""},"categories":[153],"tags":[],"class_list":["post"],"yoast_head":" \n<title>Menos alcohol, m\u00e1s vapeadores: el cambio en el consumo de sustancias entre nuevas generaciones - Periodista SoledadDurazo.com<\/title>\n<meta name=\"robots\" content=\"index, follow, max-snippet:-1, max-image-preview:large, max-video-preview:-1\" \/>\n<link rel=\"canonical\" href=\"https:\/\/soledaddurazo.com\/blog\/2026\/03\/13\/menos-alcohol-mas-vapeadores-el-cambio-en-el-consumo-de-sustancias-entre-nuevas-generaciones\/\" \/>\n<meta property=\"og:locale\" content=\"es_MX\" \/>\n<meta property=\"og:type\" content=\"article\" \/>\n<meta property=\"og:title\" content=\"Menos alcohol, m\u00e1s vapeadores: el cambio en el consumo de sustancias entre nuevas generaciones\" \/>\n<meta property=\"og:description\" content=\"En los \u00faltimos a\u00f1os se ha vuelto com\u00fan escuchar que las nuevas generaciones est\u00e1n tomando menos alcohol. La idea circula en redes sociales, entre especialistas e incluso en escuelas. Pero \u00bfqu\u00e9 tan cierto es realmente? Algunos datos sugieren que el consumo de alcohol entre adolescentes podr\u00eda estar disminuyendo. Sin embargo, especialistas advierten que el problema [&hellip;]\" \/>\n<meta property=\"og:url\" content=\"https:\/\/soledaddurazo.com\/blog\/2026\/03\/13\/menos-alcohol-mas-vapeadores-el-cambio-en-el-consumo-de-sustancias-entre-nuevas-generaciones\/\" \/>\n<meta property=\"og:site_name\" content=\"Periodista SoledadDurazo.com\" \/>\n<meta property=\"article:publisher\" content=\"https:\/\/www.facebook.com\/soledad.durazo.9\/\" \/>\n<meta property=\"article:published_time\" content=\"2026-03-13T22:10:24+00:00\" \/>\n<meta property=\"og:image\" content=\"https:\/\/soledaddurazo.com\/storage\/2026\/03\/1a29f794-6a1b-42f5-9b6c-66ff9826f176.jpg\" \/>\n\t<meta property=\"og:image:width\" content=\"1200\" \/>\n\t<meta property=\"og:image:height\" content=\"675\" \/>\n<meta name=\"twitter:card\" content=\"summary_large_image\" \/>\n<meta name=\"twitter:creator\" content=\"@SoledadDurazo\" \/>\n<meta name=\"twitter:site\" content=\"@SoledadDurazo\" \/>\n<meta name=\"twitter:label1\" content=\"Escrito por\" \/>\n\t<meta name=\"twitter:data1\" content=\"Redacci\u00f3n\" \/>\n\t<meta name=\"twitter:label2\" content=\"Tiempo de lectura\" \/>\n\t<meta name=\"twitter:data2\" content=\"4 minutos\" \/>\n<script type=\"application\/ld+json\" class=\"yoast-schema-graph\">{\"@context\":\"https:\/\/schema.org\",\"@graph\":[{\"@type\":\"Organization\",\"@id\":\"https:\/\/soledaddurazo.com\/#organization\",\"name\":\"Soledad Durazo\",\"url\":\"https:\/\/soledaddurazo.com\/\",\"sameAs\":[\"https:\/\/www.facebook.com\/soledad.durazo.9\/\",\"https:\/\/www.instagram.com\/soledaddurazo\",\"https:\/\/www.youtube.com\/channel\/UC9yGPw8-Vbl_B2XNkRwPS-w\",\"https:\/\/twitter.com\/SoledadDurazo\"],\"logo\":{\"@type\":\"ImageObject\",\"@id\":\"https:\/\/soledaddurazo.com\/#logo\",\"inLanguage\":\"es\",\"url\":\"https:\/\/soledaddurazo.com\/storage\/2021\/11\/nllp-720x375-1-2.png\",\"contentUrl\":\"https:\/\/soledaddurazo.com\/storage\/2021\/11\/nllp-720x375-1-2.png\",\"width\":720,\"height\":375,\"caption\":\"Soledad Durazo\"},\"image\":{\"@id\":\"https:\/\/soledaddurazo.com\/#logo\"}},{\"@type\":\"WebSite\",\"@id\":\"https:\/\/soledaddurazo.com\/#website\",\"url\":\"https:\/\/soledaddurazo.com\/\",\"name\":\"Periodista SoledadDurazo.com\",\"description\":\"Periodista sonorense. Directora de www.SoledadDurazo.com Columnista, conductora de radio y Tv. Catedr\\u00e1tica en la UNISON\",\"publisher\":{\"@id\":\"https:\/\/soledaddurazo.com\/#organization\"},\"potentialAction\":[{\"@type\":\"SearchAction\",\"target\":{\"@type\":\"EntryPoint\",\"urlTemplate\":\"https:\/\/soledaddurazo.com\/?s={search_term_string}\"},\"query-input\":\"required name=search_term_string\"}],\"inLanguage\":\"es\"},{\"@type\":\"ImageObject\",\"@id\":\"https:\/\/soledaddurazo.com\/blog\/2026\/03\/13\/menos-alcohol-mas-vapeadores-el-cambio-en-el-consumo-de-sustancias-entre-nuevas-generaciones\/#primaryimage\",\"inLanguage\":\"es\",\"url\":\"https:\/\/soledaddurazo.com\/storage\/2026\/03\/1a29f794-6a1b-42f5-9b6c-66ff9826f176.jpg\",\"contentUrl\":\"https:\/\/soledaddurazo.com\/storage\/2026\/03\/1a29f794-6a1b-42f5-9b6c-66ff9826f176.jpg\",\"width\":1200,\"height\":675},{\"@type\":\"WebPage\",\"@id\":\"https:\/\/soledaddurazo.com\/blog\/2026\/03\/13\/menos-alcohol-mas-vapeadores-el-cambio-en-el-consumo-de-sustancias-entre-nuevas-generaciones\/#webpage\",\"url\":\"https:\/\/soledaddurazo.com\/blog\/2026\/03\/13\/menos-alcohol-mas-vapeadores-el-cambio-en-el-consumo-de-sustancias-entre-nuevas-generaciones\/\",\"name\":\"Menos alcohol, m\\u00e1s vapeadores: el cambio en el consumo de sustancias entre nuevas generaciones - Periodista SoledadDurazo.com\",\"isPartOf\":{\"@id\":\"https:\/\/soledaddurazo.com\/#website\"},\"primaryImageOfPage\":{\"@id\":\"https:\/\/soledaddurazo.com\/blog\/2026\/03\/13\/menos-alcohol-mas-vapeadores-el-cambio-en-el-consumo-de-sustancias-entre-nuevas-generaciones\/#primaryimage\"},\"datePublished\":\"2026-03-13T22:10:24+00:00\",\"dateModified\":\"2026-03-13T22:10:24+00:00\",\"breadcrumb\":{\"@id\":\"https:\/\/soledaddurazo.com\/blog\/2026\/03\/13\/menos-alcohol-mas-vapeadores-el-cambio-en-el-consumo-de-sustancias-entre-nuevas-generaciones\/#breadcrumb\"},\"inLanguage\":\"es\",\"potentialAction\":[{\"@type\":\"ReadAction\",\"target\":[\"https:\/\/soledaddurazo.com\/blog\/2026\/03\/13\/menos-alcohol-mas-vapeadores-el-cambio-en-el-consumo-de-sustancias-entre-nuevas-generaciones\/\"]}]},{\"@type\":\"BreadcrumbList\",\"@id\":\"https:\/\/soledaddurazo.com\/blog\/2026\/03\/13\/menos-alcohol-mas-vapeadores-el-cambio-en-el-consumo-de-sustancias-entre-nuevas-generaciones\/#breadcrumb\",\"itemListElement\":[{\"@type\":\"ListItem\",\"position\":1,\"name\":\"Home\",\"item\":\"https:\/\/soledaddurazo.com\/\"},{\"@type\":\"ListItem\",\"position\":2,\"name\":\"Menos alcohol, m\\u00e1s vapeadores: el cambio en el consumo de sustancias entre nuevas generaciones\"}]},{\"@type\":\"Article\",\"@id\":\"https:\/\/soledaddurazo.com\/blog\/2026\/03\/13\/menos-alcohol-mas-vapeadores-el-cambio-en-el-consumo-de-sustancias-entre-nuevas-generaciones\/#article\",\"isPartOf\":{\"@id\":\"https:\/\/soledaddurazo.com\/blog\/2026\/03\/13\/menos-alcohol-mas-vapeadores-el-cambio-en-el-consumo-de-sustancias-entre-nuevas-generaciones\/#webpage\"},\"author\":{\"@id\":\"https:\/\/soledaddurazo.com\/#\/schema\/person\/822d8e13aa288585e6546f179853758b\"},\"headline\":\"Menos alcohol, m\\u00e1s vapeadores: el cambio en el consumo de sustancias entre nuevas generaciones\",\"datePublished\":\"2026-03-13T22:10:24+00:00\",\"dateModified\":\"2026-03-13T22:10:24+00:00\",\"mainEntityOfPage\":{\"@id\":\"https:\/\/soledaddurazo.com\/blog\/2026\/03\/13\/menos-alcohol-mas-vapeadores-el-cambio-en-el-consumo-de-sustancias-entre-nuevas-generaciones\/#webpage\"},\"wordCount\":880,\"commentCount\":0,\"publisher\":{\"@id\":\"https:\/\/soledaddurazo.com\/#organization\"},\"image\":{\"@id\":\"https:\/\/soledaddurazo.com\/blog\/2026\/03\/13\/menos-alcohol-mas-vapeadores-el-cambio-en-el-consumo-de-sustancias-entre-nuevas-generaciones\/#primaryimage\"},\"thumbnailUrl\":\"https:\/\/soledaddurazo.com\/storage\/2026\/03\/1a29f794-6a1b-42f5-9b6c-66ff9826f176.jpg\",\"articleSection\":[\"principal\"],\"inLanguage\":\"es\",\"potentialAction\":[{\"@type\":\"CommentAction\",\"name\":\"Comment\",\"target\":[\"https:\/\/soledaddurazo.com\/blog\/2026\/03\/13\/menos-alcohol-mas-vapeadores-el-cambio-en-el-consumo-de-sustancias-entre-nuevas-generaciones\/#respond\"]}]},{\"@type\":\"Person\",\"@id\":\"https:\/\/soledaddurazo.com\/#\/schema\/person\/822d8e13aa288585e6546f179853758b\",\"name\":\"Redacci\\u00f3n\",\"image\":{\"@type\":\"ImageObject\",\"@id\":\"https:\/\/soledaddurazo.com\/#personlogo\",\"inLanguage\":\"es\",\"url\":\"https:\/\/secure.gravatar.com\/avatar\/c4e193752f756fd61f04deebed3a3a20dc188d37edb53682d313ac57f2725d54?s=96&d=mm&r=g\",\"contentUrl\":\"https:\/\/secure.gravatar.com\/avatar\/c4e193752f756fd61f04deebed3a3a20dc188d37edb53682d313ac57f2725d54?s=96&d=mm&r=g\",\"caption\":\"Redacci\\u00f3n\"},\"sameAs\":[\"https:\/\/soledaddurazo.com\"]}]}<\/script>\n ","yoast_head_json":{"title":"Menos alcohol, m\u00e1s vapeadores: el cambio en el consumo de sustancias entre nuevas generaciones - Periodista SoledadDurazo.com","robots":{"index":"index","follow":"follow","max-snippet":"max-snippet:-1","max-image-preview":"max-image-preview:large","max-video-preview":"max-video-preview:-1"},"canonical":"https:\/\/soledaddurazo.com\/blog\/2026\/03\/13\/menos-alcohol-mas-vapeadores-el-cambio-en-el-consumo-de-sustancias-entre-nuevas-generaciones\/","og_locale":"es_MX","og_type":"article","og_title":"Menos alcohol, m\u00e1s vapeadores: el cambio en el consumo de sustancias entre nuevas generaciones","og_description":"En los \u00faltimos a\u00f1os se ha vuelto com\u00fan escuchar que las nuevas generaciones est\u00e1n tomando menos alcohol. La idea circula en redes sociales, entre especialistas e incluso en escuelas. Pero \u00bfqu\u00e9 tan cierto es realmente? Algunos datos sugieren que el consumo de alcohol entre adolescentes podr\u00eda estar disminuyendo. Sin embargo, especialistas advierten que el problema [&hellip;]","og_url":"https:\/\/soledaddurazo.com\/blog\/2026\/03\/13\/menos-alcohol-mas-vapeadores-el-cambio-en-el-consumo-de-sustancias-entre-nuevas-generaciones\/","og_site_name":"Periodista SoledadDurazo.com","article_publisher":"https:\/\/www.facebook.com\/soledad.durazo.9\/","article_published_time":"2026-03-13T22:10:24+00:00","og_image":[{"width":1200,"height":675,"url":"https:\/\/soledaddurazo.com\/storage\/2026\/03\/1a29f794-6a1b-42f5-9b6c-66ff9826f176.jpg","type":"image\/jpeg"}],"twitter_card":"summary_large_image","twitter_creator":"@SoledadDurazo","twitter_site":"@SoledadDurazo","twitter_misc":{"Escrito por":"Redacci\u00f3n","Tiempo de lectura":"4 minutos"},"schema":{"@context":"https:\/\/schema.org","@graph":[{"@type":"Organization","@id":"https:\/\/soledaddurazo.com\/#organization","name":"Soledad Durazo","url":"https:\/\/soledaddurazo.com\/","sameAs":["https:\/\/www.facebook.com\/soledad.durazo.9\/","https:\/\/www.instagram.com\/soledaddurazo","https:\/\/www.youtube.com\/channel\/UC9yGPw8-Vbl_B2XNkRwPS-w","https:\/\/twitter.com\/SoledadDurazo"],"logo":{"@type":"ImageObject","@id":"https:\/\/soledaddurazo.com\/#logo","inLanguage":"es","url":"https:\/\/soledaddurazo.com\/storage\/2021\/11\/nllp-720x375-1-2.png","contentUrl":"https:\/\/soledaddurazo.com\/storage\/2021\/11\/nllp-720x375-1-2.png","width":720,"height":375,"caption":"Soledad Durazo"},"image":{"@id":"https:\/\/soledaddurazo.com\/#logo"}},{"@type":"WebSite","@id":"https:\/\/soledaddurazo.com\/#website","url":"https:\/\/soledaddurazo.com\/","name":"Periodista SoledadDurazo.com","description":"Periodista sonorense. Directora de www.SoledadDurazo.com Columnista, conductora de radio y Tv. Catedr\u00e1tica en la UNISON","publisher":{"@id":"https:\/\/soledaddurazo.com\/#organization"},"potentialAction":[{"@type":"SearchAction","target":{"@type":"EntryPoint","urlTemplate":"https:\/\/soledaddurazo.com\/?s={search_term_string}"},"query-input":"required name=search_term_string"}],"inLanguage":"es"},{"@type":"ImageObject","@id":"https:\/\/soledaddurazo.com\/blog\/2026\/03\/13\/menos-alcohol-mas-vapeadores-el-cambio-en-el-consumo-de-sustancias-entre-nuevas-generaciones\/#primaryimage","inLanguage":"es","url":"https:\/\/soledaddurazo.com\/storage\/2026\/03\/1a29f794-6a1b-42f5-9b6c-66ff9826f176.jpg","contentUrl":"https:\/\/soledaddurazo.com\/storage\/2026\/03\/1a29f794-6a1b-42f5-9b6c-66ff9826f176.jpg","width":1200,"height":675},{"@type":"WebPage","@id":"https:\/\/soledaddurazo.com\/blog\/2026\/03\/13\/menos-alcohol-mas-vapeadores-el-cambio-en-el-consumo-de-sustancias-entre-nuevas-generaciones\/#webpage","url":"https:\/\/soledaddurazo.com\/blog\/2026\/03\/13\/menos-alcohol-mas-vapeadores-el-cambio-en-el-consumo-de-sustancias-entre-nuevas-generaciones\/","name":"Menos alcohol, m\u00e1s vapeadores: el cambio en el consumo de sustancias entre nuevas generaciones - Periodista SoledadDurazo.com","isPartOf":{"@id":"https:\/\/soledaddurazo.com\/#website"},"primaryImageOfPage":{"@id":"https:\/\/soledaddurazo.com\/blog\/2026\/03\/13\/menos-alcohol-mas-vapeadores-el-cambio-en-el-consumo-de-sustancias-entre-nuevas-generaciones\/#primaryimage"},"datePublished":"2026-03-13T22:10:24+00:00","dateModified":"2026-03-13T22:10:24+00:00","breadcrumb":{"@id":"https:\/\/soledaddurazo.com\/blog\/2026\/03\/13\/menos-alcohol-mas-vapeadores-el-cambio-en-el-consumo-de-sustancias-entre-nuevas-generaciones\/#breadcrumb"},"inLanguage":"es","potentialAction":[{"@type":"ReadAction","target":["https:\/\/soledaddurazo.com\/blog\/2026\/03\/13\/menos-alcohol-mas-vapeadores-el-cambio-en-el-consumo-de-sustancias-entre-nuevas-generaciones\/"]}]},{"@type":"BreadcrumbList","@id":"https:\/\/soledaddurazo.com\/blog\/2026\/03\/13\/menos-alcohol-mas-vapeadores-el-cambio-en-el-consumo-de-sustancias-entre-nuevas-generaciones\/#breadcrumb","itemListElement":[{"@type":"ListItem","position":1,"name":"Home","item":"https:\/\/soledaddurazo.com\/"},{"@type":"ListItem","position":2,"name":"Menos alcohol, m\u00e1s vapeadores: el cambio en el consumo de sustancias entre nuevas generaciones"}]},{"@type":"Article","@id":"https:\/\/soledaddurazo.com\/blog\/2026\/03\/13\/menos-alcohol-mas-vapeadores-el-cambio-en-el-consumo-de-sustancias-entre-nuevas-generaciones\/#article","isPartOf":{"@id":"https:\/\/soledaddurazo.com\/blog\/2026\/03\/13\/menos-alcohol-mas-vapeadores-el-cambio-en-el-consumo-de-sustancias-entre-nuevas-generaciones\/#webpage"},"author":{"@id":"https:\/\/soledaddurazo.com\/#\/schema\/person\/822d8e13aa288585e6546f179853758b"},"headline":"Menos alcohol, m\u00e1s vapeadores: el cambio en el consumo de sustancias entre nuevas generaciones","datePublished":"2026-03-13T22:10:24+00:00","dateModified":"2026-03-13T22:10:24+00:00","mainEntityOfPage":{"@id":"https:\/\/soledaddurazo.com\/blog\/2026\/03\/13\/menos-alcohol-mas-vapeadores-el-cambio-en-el-consumo-de-sustancias-entre-nuevas-generaciones\/#webpage"},"wordCount":880,"commentCount":0,"publisher":{"@id":"https:\/\/soledaddurazo.com\/#organization"},"image":{"@id":"https:\/\/soledaddurazo.com\/blog\/2026\/03\/13\/menos-alcohol-mas-vapeadores-el-cambio-en-el-consumo-de-sustancias-entre-nuevas-generaciones\/#primaryimage"},"thumbnailUrl":"https:\/\/soledaddurazo.com\/storage\/2026\/03\/1a29f794-6a1b-42f5-9b6c-66ff9826f176.jpg","articleSection":["principal"],"inLanguage":"es","potentialAction":[{"@type":"CommentAction","name":"Comment","target":["https:\/\/soledaddurazo.com\/blog\/2026\/03\/13\/menos-alcohol-mas-vapeadores-el-cambio-en-el-consumo-de-sustancias-entre-nuevas-generaciones\/#respond"]}]},{"@type":"Person","@id":"https:\/\/soledaddurazo.com\/#\/schema\/person\/822d8e13aa288585e6546f179853758b","name":"Redacci\u00f3n","image":{"@type":"ImageObject","@id":"https:\/\/soledaddurazo.com\/#personlogo","inLanguage":"es","url":"https:\/\/secure.gravatar.com\/avatar\/c4e193752f756fd61f04deebed3a3a20dc188d37edb53682d313ac57f2725d54?s=96&d=mm&r=g","contentUrl":"https:\/\/secure.gravatar.com\/avatar\/c4e193752f756fd61f04deebed3a3a20dc188d37edb53682d313ac57f2725d54?s=96&d=mm&r=g","caption":"Redacci\u00f3n"},"sameAs":["https:\/\/soledaddurazo.com"]}]}},"_links":{"self":[{"href":"https:\/\/soledaddurazo.com\/api\/wp\/v2\/posts\/24450","targetHints":{"allow":["GET"]}}],"collection":[{"href":"https:\/\/soledaddurazo.com\/api\/wp\/v2\/posts"}],"about":[{"href":"https:\/\/soledaddurazo.com\/api\/wp\/v2\/types\/post"}],"author":[{"embeddable":true,"href":"https:\/\/soledaddurazo.com\/api\/wp\/v2\/users\/1"}],"replies":[{"embeddable":true,"href":"https:\/\/soledaddurazo.com\/api\/wp\/v2\/comments?post=24450"}],"version-history":[{"count":1,"href":"https:\/\/soledaddurazo.com\/api\/wp\/v2\/posts\/24450\/revisions"}],"predecessor-version":[{"id":24453,"href":"https:\/\/soledaddurazo.com\/api\/wp\/v2\/posts\/24450\/revisions\/24453"}],"wp:featuredmedia":[{"embeddable":true,"href":"https:\/\/soledaddurazo.com\/api\/wp\/v2\/media\/24452"}],"wp:attachment":[{"href":"https:\/\/soledaddurazo.com\/api\/wp\/v2\/media?parent=24450"}],"wp:term":[{"taxonomy":"category","embeddable":true,"href":"https:\/\/soledaddurazo.com\/api\/wp\/v2\/categories?post=24450"},{"taxonomy":"post_tag","embeddable":true,"href":"https:\/\/soledaddurazo.com\/api\/wp\/v2\/tags?post=24450"}],"curies":[{"name":"wp","href":"https:\/\/api.w.org\/{rel}","templated":true}]}}