{"id":24446,"date":"2026-03-13T12:57:32","date_gmt":"2026-03-13T19:57:32","guid":{"rendered":"https:\/\/soledaddurazo.com\/?p=24446"},"modified":"2026-03-13T12:57:32","modified_gmt":"2026-03-13T19:57:32","slug":"plan-b-de-claudia-sheinbaum-contra-privilegios-o-la-ruta-al-regimen-hegemonico","status":"publish","type":"post","link":"https:\/\/soledaddurazo.com\/blog\/2026\/03\/13\/plan-b-de-claudia-sheinbaum-contra-privilegios-o-la-ruta-al-regimen-hegemonico\/","title":{"rendered":"Plan B de Claudia Sheinbaum \u00bfContra privilegios o la ruta al r\u00e9gimen hegem\u00f3nico?"},"content":{"rendered":"<p>&nbsp;<\/p>\n<ul>\n<li><strong>David Figueroa; cobrar predial s\u00ed, abusar no<\/strong><\/li>\n<li><strong>Presenta Diputada Maval iniciativa vs obesidad infantil<\/strong><\/li>\n<\/ul>\n<p><a href=\"https:\/\/soledaddurazo.com\/storage\/2026\/03\/1-1.jpg\"><img loading=\"lazy\" decoding=\"async\" class=\"aligncenter  wp-image-24447\" src=\"https:\/\/soledaddurazo.com\/storage\/2026\/03\/1-1.jpg\" alt=\"\" width=\"477\" height=\"268\" srcset=\"https:\/\/soledaddurazo.com\/storage\/2026\/03\/1-1.jpg 1200w, https:\/\/soledaddurazo.com\/storage\/2026\/03\/1-1-300x169.jpg 300w, https:\/\/soledaddurazo.com\/storage\/2026\/03\/1-1-1024x576.jpg 1024w, https:\/\/soledaddurazo.com\/storage\/2026\/03\/1-1-768x432.jpg 768w, https:\/\/soledaddurazo.com\/storage\/2026\/03\/1-1-600x338.jpg 600w, https:\/\/soledaddurazo.com\/storage\/2026\/03\/1-1-750x422.jpg 750w, https:\/\/soledaddurazo.com\/storage\/2026\/03\/1-1-1140x641.jpg 1140w\" sizes=\"auto, (max-width: 477px) 100vw, 477px\" \/><\/a>La iniciativa de Reforma Electoral enviada por la Presidenta Claudia Sheinbaum no alcanz\u00f3 la mayor\u00eda calificada necesaria para ser aprobada, los partidos aliados de Morena, no acompa\u00f1aron la iniciativa y fueron factor para su rechazo.<\/p>\n<p>En las horas posteriores, la Presidenta se reuni\u00f3 en Palacio Nacional con los Presidentes de la Junta de Coordinaci\u00f3n Pol\u00edtica en el Senado y en la C\u00e1mara de Diputados, Ignacio Mier y Ricardo Monreal, para trabajar en la propuesta del Plan B, cuyos puntos principales fueron anunciados en la conferencia de prensa del jueves.<\/p>\n<p>Recortar privilegios en Congresos locales; en la C\u00e1mara de Diputados; el Senado de la Rep\u00fablica y hasta en Cabildos municipales; para terminar con dobles funciones; sueldos desproporcionados; estructuras que poco le sirven al ciudadano de a pie y consolidar la consulta popular.<\/p>\n<p>Esta propuesta surgida de la voluntad del pueblo, que le expres\u00f3 en campa\u00f1a a Claudia Sheinbaum, hacer una reforma para acabar con los privilegios del poder, se presenta en un contexto en el que la Cuarta Transformaci\u00f3n enfrenta una gran contradicci\u00f3n.<\/p>\n<p>La austeridad republicana repetida como mantra en la Cuarta Transformaci\u00f3n contrasta con los esc\u00e1ndalos por huachicol fiscal; influyentismo; contratos de obra p\u00fablica en opacidad y hasta un Secretario de Seguridad del estado de Tabasco, l\u00edder de una organizaci\u00f3n criminal; han salpicado a instituciones como la Secretar\u00eda de Marina, las Aduanas y hasta de una reci\u00e9n reformada Suprema Corte de Justicia de la Naci\u00f3n; \u00a0que se suman a la ola de episodios bochornosos por el licencioso estilo de vida propios de multimillonarios, que muchos protagonistas de la clase pol\u00edtica de la Cuarta Transformaci\u00f3n adoptan, que de ninguna manera coincide con los ingresos que perciben.<\/p>\n<p>Estos episodios han golpeado la imagen de la clase pol\u00edtica de la Cuarta Transformaci\u00f3n, permanecen en la total impunidad, sin que sus protagonistas reciban un castigo o apercibimiento, tampoco se aprecia voluntad pol\u00edtica para ponerles un alto; as\u00ed que el discurso de acabar con privilegios, es popular, cualquiera lo aplaude, pero si por los antecedentes sacamos cuentas, vemos que los privilegios no acaban, solo han cambiado de manos.<\/p>\n<p>As\u00ed, el Plan B se vende como combate a privilegios, un ajuste al cintur\u00f3n de los excesos desde el poder que el maldito neoliberalismo implement\u00f3, pero percibo, que m\u00e1s bien es un esfuerzo por consolidar un modelo m\u00e1s centralista, un nuevo r\u00e9gimen hegem\u00f3nico a la par de un partido de Estado. \u00bfSer\u00e1 sano para nuestra incipiente y a veces muy aldeana democracia?<\/p>\n<p>Y usted estimado y escaso lector \u00bfC\u00f3mo la ve?<\/p>\n<p><strong>DAVID FIGUEROA; COBRAR PREDIAL S\u00cd, ABUSAR NO<\/strong><\/p>\n<p>Hoy en d\u00eda cada peso cuenta para los ciudadanos de a pie, esa visi\u00f3n tiene el Diputado del Partido Verde Ecologista, David Figueroa Ortega y lo llev\u00f3 a poner sobre la mesa una propuesta que muchos contribuyentes agradecer\u00edan, aplicar un tope del 10% al aumento anual del impuesto predial.<\/p>\n<p>La reforma al art\u00edculo 52 de la Ley de Hacienda Municipal busca frenar incrementos abruptos que, en varios municipios, han golpeado el bolsillo de las familias y generado inconformidad social.<\/p>\n<p>Esta propuesta no trata de eliminar el predial ni de congelar valores catastrales, trata de poner orden en su aplicaci\u00f3n y reducir la discrecionalidad administrativa.<\/p>\n<p>La iniciativa tambi\u00e9n contempla excepciones \u2014como nuevas construcciones o ampliaciones, para que el impuesto refleje aumentos reales del valor del inmueble.<\/p>\n<p>En pocas palabras, se trata de transitar por la delgada l\u00ednea entre el cobro de un impuesto y el abuso, el cobrar s\u00ed; abusar no.<\/p>\n<p>Es una medida de justicia fiscal que, bien aplicada, podr\u00eda devolver algo que hoy escasea en muchos ayuntamientos: confianza ciudadana.<\/p>\n<p><strong>PRESENTA DIPUTADA MAVAL INICIATIVA VS OBESIDAD INFANTIL<\/strong><\/p>\n<p>En Sonora, la salud de los m\u00e1s j\u00f3venes no puede seguir en la lista de espera, con el paso firme que la caracteriza, la diputada Marcela \u201cMaval\u201d Valenzuela subi\u00f3 al Pleno del Congreso del Estado para proponer una reforma a la Ley de Educaci\u00f3n que busca obligar a escuelas p\u00fablicas y privadas, a garantizar una hora diaria de actividad f\u00edsica.<\/p>\n<p>El tema abordado en la iniciativa de la Diputada Marcel Valenzuela, no es secundario, por el contrario, urge legislar pues nuestro estado encabeza a nivel nacional los \u00edndices de obesidad infantil y diabetes tipo 2.<\/p>\n<p>La propuesta de la Diputada Maval, sigue las recomendaciones de la Organizaci\u00f3n Mundial de la Salud para combatir el sobrepeso y prevenir enfermedades cr\u00f3nico degenerativas a temprana edad, tambi\u00e9n exige a la Secretar\u00eda de Educaci\u00f3n y Cultura y a la Secretar\u00eda de Salud Estatal lineamientos reales, no solo discursos, propone clases activas, recreos din\u00e1micos, pausas dentro del aula o deporte supervisado, en pocas palabras, m\u00e1s movimiento, menos sedentarismo en nuestros ni\u00f1os, ni\u00f1as y j\u00f3venes estudiantes.<\/p>\n<p>Sacar a nuestros ni\u00f1os del sedentarismo es una urgencia que no admite m\u00e1s diagn\u00f3sticos, sino acciones. La reforma de la Diputada Valenzuela puede ser el primer paso firme frente a las alarmantes cifras de obesidad infantil en el estado.<\/p>\n<p>Como advert\u00ed anteriormente, el liderazgo de la legisladora trae paso largo y mira hacia nuevos horizontes; hoy, ese camino pasa por rescatar a las nuevas generaciones del sedentarismo. Una iniciativa necesaria para los de a pie.<\/p>\n<p>Los invito a escuchar los viernes la mesa de an\u00e1lisis de SONORA EN RED NOTICIAS, ejercicio de opini\u00f3n que realizo en compa\u00f1\u00eda de mis amigos Arturo Chapo Soto, Arturo Ballesteros y Gustavo Valenzuela, por el 93.3 del cuadrante de F.M. desde Guaymas para todo el sur de Sonora, y por la se\u00f1al del canal 14 de Estrella Tucson TV, en el sur de Arizona.<\/p>\n<p>Y en Radio Sol 104.7 F.M. LENGUAS VESPERTINAS, de lunes a viernes a las 17:00 horas, le vamos a ofrecer una peque\u00f1a dosis de grilla.<\/p>\n<p>Podemos interactuar a trav\u00e9s de mi cuenta de Twitter @feroropeza20 o en mi correo electr\u00f3nico <a href=\"mailto:luiso@hmo.megared.net.mx\">luiso@hmo.megared.net.mx<\/a><\/p>\n<p>&nbsp;<\/p>\n","protected":false},"excerpt":{"rendered":"<p>&nbsp; David Figueroa; cobrar predial s\u00ed, abusar no Presenta Diputada Maval iniciativa vs obesidad infantil La iniciativa de Reforma Electoral enviada por la Presidenta Claudia Sheinbaum no alcanz\u00f3 la mayor\u00eda calificada necesaria para ser aprobada, los partidos aliados de Morena, no acompa\u00f1aron la iniciativa y fueron factor para su rechazo. En las horas posteriores, la [&hellip;]<\/p>\n","protected":false},"author":1,"featured_media":24448,"comment_status":"open","ping_status":"open","sticky":false,"template":"","format":"standard","meta":{"footnotes":""},"categories":[173],"tags":[],"class_list":["post"],"yoast_head":" \n<title>Plan B de Claudia Sheinbaum \u00bfContra privilegios o la ruta al r\u00e9gimen hegem\u00f3nico? - Periodista SoledadDurazo.com<\/title>\n<meta name=\"robots\" content=\"index, follow, max-snippet:-1, max-image-preview:large, max-video-preview:-1\" \/>\n<link rel=\"canonical\" href=\"https:\/\/soledaddurazo.com\/blog\/2026\/03\/13\/plan-b-de-claudia-sheinbaum-contra-privilegios-o-la-ruta-al-regimen-hegemonico\/\" \/>\n<meta property=\"og:locale\" content=\"es_MX\" \/>\n<meta property=\"og:type\" content=\"article\" \/>\n<meta property=\"og:title\" content=\"Plan B de Claudia Sheinbaum \u00bfContra privilegios o la ruta al r\u00e9gimen hegem\u00f3nico?\" \/>\n<meta property=\"og:description\" content=\"&nbsp; David Figueroa; cobrar predial s\u00ed, abusar no Presenta Diputada Maval iniciativa vs obesidad infantil La iniciativa de Reforma Electoral enviada por la Presidenta Claudia Sheinbaum no alcanz\u00f3 la mayor\u00eda calificada necesaria para ser aprobada, los partidos aliados de Morena, no acompa\u00f1aron la iniciativa y fueron factor para su rechazo. En las horas posteriores, la [&hellip;]\" \/>\n<meta property=\"og:url\" content=\"https:\/\/soledaddurazo.com\/blog\/2026\/03\/13\/plan-b-de-claudia-sheinbaum-contra-privilegios-o-la-ruta-al-regimen-hegemonico\/\" \/>\n<meta property=\"og:site_name\" content=\"Periodista SoledadDurazo.com\" \/>\n<meta property=\"article:publisher\" content=\"https:\/\/www.facebook.com\/soledad.durazo.9\/\" \/>\n<meta property=\"article:published_time\" content=\"2026-03-13T19:57:32+00:00\" \/>\n<meta property=\"og:image\" content=\"https:\/\/soledaddurazo.com\/storage\/2026\/03\/9a-GRAFICO-FERNANDO-OROPEZA.jpeg\" \/>\n\t<meta property=\"og:image:width\" content=\"1092\" \/>\n\t<meta property=\"og:image:height\" content=\"983\" \/>\n<meta name=\"twitter:card\" content=\"summary_large_image\" \/>\n<meta name=\"twitter:creator\" content=\"@SoledadDurazo\" \/>\n<meta name=\"twitter:site\" content=\"@SoledadDurazo\" \/>\n<meta name=\"twitter:label1\" content=\"Escrito por\" \/>\n\t<meta name=\"twitter:data1\" content=\"Redacci\u00f3n\" \/>\n\t<meta name=\"twitter:label2\" content=\"Tiempo de lectura\" \/>\n\t<meta name=\"twitter:data2\" content=\"5 minutos\" \/>\n<script type=\"application\/ld+json\" class=\"yoast-schema-graph\">{\"@context\":\"https:\/\/schema.org\",\"@graph\":[{\"@type\":\"Organization\",\"@id\":\"https:\/\/soledaddurazo.com\/#organization\",\"name\":\"Soledad Durazo\",\"url\":\"https:\/\/soledaddurazo.com\/\",\"sameAs\":[\"https:\/\/www.facebook.com\/soledad.durazo.9\/\",\"https:\/\/www.instagram.com\/soledaddurazo\",\"https:\/\/www.youtube.com\/channel\/UC9yGPw8-Vbl_B2XNkRwPS-w\",\"https:\/\/twitter.com\/SoledadDurazo\"],\"logo\":{\"@type\":\"ImageObject\",\"@id\":\"https:\/\/soledaddurazo.com\/#logo\",\"inLanguage\":\"es\",\"url\":\"https:\/\/soledaddurazo.com\/storage\/2021\/11\/nllp-720x375-1-2.png\",\"contentUrl\":\"https:\/\/soledaddurazo.com\/storage\/2021\/11\/nllp-720x375-1-2.png\",\"width\":720,\"height\":375,\"caption\":\"Soledad Durazo\"},\"image\":{\"@id\":\"https:\/\/soledaddurazo.com\/#logo\"}},{\"@type\":\"WebSite\",\"@id\":\"https:\/\/soledaddurazo.com\/#website\",\"url\":\"https:\/\/soledaddurazo.com\/\",\"name\":\"Periodista SoledadDurazo.com\",\"description\":\"Periodista sonorense. Directora de www.SoledadDurazo.com Columnista, conductora de radio y Tv. Catedr\\u00e1tica en la UNISON\",\"publisher\":{\"@id\":\"https:\/\/soledaddurazo.com\/#organization\"},\"potentialAction\":[{\"@type\":\"SearchAction\",\"target\":{\"@type\":\"EntryPoint\",\"urlTemplate\":\"https:\/\/soledaddurazo.com\/?s={search_term_string}\"},\"query-input\":\"required name=search_term_string\"}],\"inLanguage\":\"es\"},{\"@type\":\"ImageObject\",\"@id\":\"https:\/\/soledaddurazo.com\/blog\/2026\/03\/13\/plan-b-de-claudia-sheinbaum-contra-privilegios-o-la-ruta-al-regimen-hegemonico\/#primaryimage\",\"inLanguage\":\"es\",\"url\":\"https:\/\/soledaddurazo.com\/storage\/2026\/03\/9a-GRAFICO-FERNANDO-OROPEZA.jpeg\",\"contentUrl\":\"https:\/\/soledaddurazo.com\/storage\/2026\/03\/9a-GRAFICO-FERNANDO-OROPEZA.jpeg\",\"width\":1092,\"height\":983},{\"@type\":\"WebPage\",\"@id\":\"https:\/\/soledaddurazo.com\/blog\/2026\/03\/13\/plan-b-de-claudia-sheinbaum-contra-privilegios-o-la-ruta-al-regimen-hegemonico\/#webpage\",\"url\":\"https:\/\/soledaddurazo.com\/blog\/2026\/03\/13\/plan-b-de-claudia-sheinbaum-contra-privilegios-o-la-ruta-al-regimen-hegemonico\/\",\"name\":\"Plan B de Claudia Sheinbaum \\u00bfContra privilegios o la ruta al r\\u00e9gimen hegem\\u00f3nico? - Periodista SoledadDurazo.com\",\"isPartOf\":{\"@id\":\"https:\/\/soledaddurazo.com\/#website\"},\"primaryImageOfPage\":{\"@id\":\"https:\/\/soledaddurazo.com\/blog\/2026\/03\/13\/plan-b-de-claudia-sheinbaum-contra-privilegios-o-la-ruta-al-regimen-hegemonico\/#primaryimage\"},\"datePublished\":\"2026-03-13T19:57:32+00:00\",\"dateModified\":\"2026-03-13T19:57:32+00:00\",\"breadcrumb\":{\"@id\":\"https:\/\/soledaddurazo.com\/blog\/2026\/03\/13\/plan-b-de-claudia-sheinbaum-contra-privilegios-o-la-ruta-al-regimen-hegemonico\/#breadcrumb\"},\"inLanguage\":\"es\",\"potentialAction\":[{\"@type\":\"ReadAction\",\"target\":[\"https:\/\/soledaddurazo.com\/blog\/2026\/03\/13\/plan-b-de-claudia-sheinbaum-contra-privilegios-o-la-ruta-al-regimen-hegemonico\/\"]}]},{\"@type\":\"BreadcrumbList\",\"@id\":\"https:\/\/soledaddurazo.com\/blog\/2026\/03\/13\/plan-b-de-claudia-sheinbaum-contra-privilegios-o-la-ruta-al-regimen-hegemonico\/#breadcrumb\",\"itemListElement\":[{\"@type\":\"ListItem\",\"position\":1,\"name\":\"Home\",\"item\":\"https:\/\/soledaddurazo.com\/\"},{\"@type\":\"ListItem\",\"position\":2,\"name\":\"Plan B de Claudia Sheinbaum \\u00bfContra privilegios o la ruta al r\\u00e9gimen hegem\\u00f3nico?\"}]},{\"@type\":\"Article\",\"@id\":\"https:\/\/soledaddurazo.com\/blog\/2026\/03\/13\/plan-b-de-claudia-sheinbaum-contra-privilegios-o-la-ruta-al-regimen-hegemonico\/#article\",\"isPartOf\":{\"@id\":\"https:\/\/soledaddurazo.com\/blog\/2026\/03\/13\/plan-b-de-claudia-sheinbaum-contra-privilegios-o-la-ruta-al-regimen-hegemonico\/#webpage\"},\"author\":{\"@id\":\"https:\/\/soledaddurazo.com\/#\/schema\/person\/822d8e13aa288585e6546f179853758b\"},\"headline\":\"Plan B de Claudia Sheinbaum \\u00bfContra privilegios o la ruta al r\\u00e9gimen hegem\\u00f3nico?\",\"datePublished\":\"2026-03-13T19:57:32+00:00\",\"dateModified\":\"2026-03-13T19:57:32+00:00\",\"mainEntityOfPage\":{\"@id\":\"https:\/\/soledaddurazo.com\/blog\/2026\/03\/13\/plan-b-de-claudia-sheinbaum-contra-privilegios-o-la-ruta-al-regimen-hegemonico\/#webpage\"},\"wordCount\":1041,\"commentCount\":0,\"publisher\":{\"@id\":\"https:\/\/soledaddurazo.com\/#organization\"},\"image\":{\"@id\":\"https:\/\/soledaddurazo.com\/blog\/2026\/03\/13\/plan-b-de-claudia-sheinbaum-contra-privilegios-o-la-ruta-al-regimen-hegemonico\/#primaryimage\"},\"thumbnailUrl\":\"https:\/\/soledaddurazo.com\/storage\/2026\/03\/9a-GRAFICO-FERNANDO-OROPEZA.jpeg\",\"articleSection\":[\"Fernando Oropeza\"],\"inLanguage\":\"es\",\"potentialAction\":[{\"@type\":\"CommentAction\",\"name\":\"Comment\",\"target\":[\"https:\/\/soledaddurazo.com\/blog\/2026\/03\/13\/plan-b-de-claudia-sheinbaum-contra-privilegios-o-la-ruta-al-regimen-hegemonico\/#respond\"]}]},{\"@type\":\"Person\",\"@id\":\"https:\/\/soledaddurazo.com\/#\/schema\/person\/822d8e13aa288585e6546f179853758b\",\"name\":\"Redacci\\u00f3n\",\"image\":{\"@type\":\"ImageObject\",\"@id\":\"https:\/\/soledaddurazo.com\/#personlogo\",\"inLanguage\":\"es\",\"url\":\"https:\/\/secure.gravatar.com\/avatar\/c4e193752f756fd61f04deebed3a3a20dc188d37edb53682d313ac57f2725d54?s=96&d=mm&r=g\",\"contentUrl\":\"https:\/\/secure.gravatar.com\/avatar\/c4e193752f756fd61f04deebed3a3a20dc188d37edb53682d313ac57f2725d54?s=96&d=mm&r=g\",\"caption\":\"Redacci\\u00f3n\"},\"sameAs\":[\"https:\/\/soledaddurazo.com\"]}]}<\/script>\n ","yoast_head_json":{"title":"Plan B de Claudia Sheinbaum \u00bfContra privilegios o la ruta al r\u00e9gimen hegem\u00f3nico? - Periodista SoledadDurazo.com","robots":{"index":"index","follow":"follow","max-snippet":"max-snippet:-1","max-image-preview":"max-image-preview:large","max-video-preview":"max-video-preview:-1"},"canonical":"https:\/\/soledaddurazo.com\/blog\/2026\/03\/13\/plan-b-de-claudia-sheinbaum-contra-privilegios-o-la-ruta-al-regimen-hegemonico\/","og_locale":"es_MX","og_type":"article","og_title":"Plan B de Claudia Sheinbaum \u00bfContra privilegios o la ruta al r\u00e9gimen hegem\u00f3nico?","og_description":"&nbsp; David Figueroa; cobrar predial s\u00ed, abusar no Presenta Diputada Maval iniciativa vs obesidad infantil La iniciativa de Reforma Electoral enviada por la Presidenta Claudia Sheinbaum no alcanz\u00f3 la mayor\u00eda calificada necesaria para ser aprobada, los partidos aliados de Morena, no acompa\u00f1aron la iniciativa y fueron factor para su rechazo. En las horas posteriores, la [&hellip;]","og_url":"https:\/\/soledaddurazo.com\/blog\/2026\/03\/13\/plan-b-de-claudia-sheinbaum-contra-privilegios-o-la-ruta-al-regimen-hegemonico\/","og_site_name":"Periodista SoledadDurazo.com","article_publisher":"https:\/\/www.facebook.com\/soledad.durazo.9\/","article_published_time":"2026-03-13T19:57:32+00:00","og_image":[{"width":1092,"height":983,"url":"https:\/\/soledaddurazo.com\/storage\/2026\/03\/9a-GRAFICO-FERNANDO-OROPEZA.jpeg","type":"image\/jpeg"}],"twitter_card":"summary_large_image","twitter_creator":"@SoledadDurazo","twitter_site":"@SoledadDurazo","twitter_misc":{"Escrito por":"Redacci\u00f3n","Tiempo de lectura":"5 minutos"},"schema":{"@context":"https:\/\/schema.org","@graph":[{"@type":"Organization","@id":"https:\/\/soledaddurazo.com\/#organization","name":"Soledad Durazo","url":"https:\/\/soledaddurazo.com\/","sameAs":["https:\/\/www.facebook.com\/soledad.durazo.9\/","https:\/\/www.instagram.com\/soledaddurazo","https:\/\/www.youtube.com\/channel\/UC9yGPw8-Vbl_B2XNkRwPS-w","https:\/\/twitter.com\/SoledadDurazo"],"logo":{"@type":"ImageObject","@id":"https:\/\/soledaddurazo.com\/#logo","inLanguage":"es","url":"https:\/\/soledaddurazo.com\/storage\/2021\/11\/nllp-720x375-1-2.png","contentUrl":"https:\/\/soledaddurazo.com\/storage\/2021\/11\/nllp-720x375-1-2.png","width":720,"height":375,"caption":"Soledad Durazo"},"image":{"@id":"https:\/\/soledaddurazo.com\/#logo"}},{"@type":"WebSite","@id":"https:\/\/soledaddurazo.com\/#website","url":"https:\/\/soledaddurazo.com\/","name":"Periodista SoledadDurazo.com","description":"Periodista sonorense. Directora de www.SoledadDurazo.com Columnista, conductora de radio y Tv. Catedr\u00e1tica en la UNISON","publisher":{"@id":"https:\/\/soledaddurazo.com\/#organization"},"potentialAction":[{"@type":"SearchAction","target":{"@type":"EntryPoint","urlTemplate":"https:\/\/soledaddurazo.com\/?s={search_term_string}"},"query-input":"required name=search_term_string"}],"inLanguage":"es"},{"@type":"ImageObject","@id":"https:\/\/soledaddurazo.com\/blog\/2026\/03\/13\/plan-b-de-claudia-sheinbaum-contra-privilegios-o-la-ruta-al-regimen-hegemonico\/#primaryimage","inLanguage":"es","url":"https:\/\/soledaddurazo.com\/storage\/2026\/03\/9a-GRAFICO-FERNANDO-OROPEZA.jpeg","contentUrl":"https:\/\/soledaddurazo.com\/storage\/2026\/03\/9a-GRAFICO-FERNANDO-OROPEZA.jpeg","width":1092,"height":983},{"@type":"WebPage","@id":"https:\/\/soledaddurazo.com\/blog\/2026\/03\/13\/plan-b-de-claudia-sheinbaum-contra-privilegios-o-la-ruta-al-regimen-hegemonico\/#webpage","url":"https:\/\/soledaddurazo.com\/blog\/2026\/03\/13\/plan-b-de-claudia-sheinbaum-contra-privilegios-o-la-ruta-al-regimen-hegemonico\/","name":"Plan B de Claudia Sheinbaum \u00bfContra privilegios o la ruta al r\u00e9gimen hegem\u00f3nico? - Periodista SoledadDurazo.com","isPartOf":{"@id":"https:\/\/soledaddurazo.com\/#website"},"primaryImageOfPage":{"@id":"https:\/\/soledaddurazo.com\/blog\/2026\/03\/13\/plan-b-de-claudia-sheinbaum-contra-privilegios-o-la-ruta-al-regimen-hegemonico\/#primaryimage"},"datePublished":"2026-03-13T19:57:32+00:00","dateModified":"2026-03-13T19:57:32+00:00","breadcrumb":{"@id":"https:\/\/soledaddurazo.com\/blog\/2026\/03\/13\/plan-b-de-claudia-sheinbaum-contra-privilegios-o-la-ruta-al-regimen-hegemonico\/#breadcrumb"},"inLanguage":"es","potentialAction":[{"@type":"ReadAction","target":["https:\/\/soledaddurazo.com\/blog\/2026\/03\/13\/plan-b-de-claudia-sheinbaum-contra-privilegios-o-la-ruta-al-regimen-hegemonico\/"]}]},{"@type":"BreadcrumbList","@id":"https:\/\/soledaddurazo.com\/blog\/2026\/03\/13\/plan-b-de-claudia-sheinbaum-contra-privilegios-o-la-ruta-al-regimen-hegemonico\/#breadcrumb","itemListElement":[{"@type":"ListItem","position":1,"name":"Home","item":"https:\/\/soledaddurazo.com\/"},{"@type":"ListItem","position":2,"name":"Plan B de Claudia Sheinbaum \u00bfContra privilegios o la ruta al r\u00e9gimen hegem\u00f3nico?"}]},{"@type":"Article","@id":"https:\/\/soledaddurazo.com\/blog\/2026\/03\/13\/plan-b-de-claudia-sheinbaum-contra-privilegios-o-la-ruta-al-regimen-hegemonico\/#article","isPartOf":{"@id":"https:\/\/soledaddurazo.com\/blog\/2026\/03\/13\/plan-b-de-claudia-sheinbaum-contra-privilegios-o-la-ruta-al-regimen-hegemonico\/#webpage"},"author":{"@id":"https:\/\/soledaddurazo.com\/#\/schema\/person\/822d8e13aa288585e6546f179853758b"},"headline":"Plan B de Claudia Sheinbaum \u00bfContra privilegios o la ruta al r\u00e9gimen hegem\u00f3nico?","datePublished":"2026-03-13T19:57:32+00:00","dateModified":"2026-03-13T19:57:32+00:00","mainEntityOfPage":{"@id":"https:\/\/soledaddurazo.com\/blog\/2026\/03\/13\/plan-b-de-claudia-sheinbaum-contra-privilegios-o-la-ruta-al-regimen-hegemonico\/#webpage"},"wordCount":1041,"commentCount":0,"publisher":{"@id":"https:\/\/soledaddurazo.com\/#organization"},"image":{"@id":"https:\/\/soledaddurazo.com\/blog\/2026\/03\/13\/plan-b-de-claudia-sheinbaum-contra-privilegios-o-la-ruta-al-regimen-hegemonico\/#primaryimage"},"thumbnailUrl":"https:\/\/soledaddurazo.com\/storage\/2026\/03\/9a-GRAFICO-FERNANDO-OROPEZA.jpeg","articleSection":["Fernando Oropeza"],"inLanguage":"es","potentialAction":[{"@type":"CommentAction","name":"Comment","target":["https:\/\/soledaddurazo.com\/blog\/2026\/03\/13\/plan-b-de-claudia-sheinbaum-contra-privilegios-o-la-ruta-al-regimen-hegemonico\/#respond"]}]},{"@type":"Person","@id":"https:\/\/soledaddurazo.com\/#\/schema\/person\/822d8e13aa288585e6546f179853758b","name":"Redacci\u00f3n","image":{"@type":"ImageObject","@id":"https:\/\/soledaddurazo.com\/#personlogo","inLanguage":"es","url":"https:\/\/secure.gravatar.com\/avatar\/c4e193752f756fd61f04deebed3a3a20dc188d37edb53682d313ac57f2725d54?s=96&d=mm&r=g","contentUrl":"https:\/\/secure.gravatar.com\/avatar\/c4e193752f756fd61f04deebed3a3a20dc188d37edb53682d313ac57f2725d54?s=96&d=mm&r=g","caption":"Redacci\u00f3n"},"sameAs":["https:\/\/soledaddurazo.com"]}]}},"_links":{"self":[{"href":"https:\/\/soledaddurazo.com\/api\/wp\/v2\/posts\/24446","targetHints":{"allow":["GET"]}}],"collection":[{"href":"https:\/\/soledaddurazo.com\/api\/wp\/v2\/posts"}],"about":[{"href":"https:\/\/soledaddurazo.com\/api\/wp\/v2\/types\/post"}],"author":[{"embeddable":true,"href":"https:\/\/soledaddurazo.com\/api\/wp\/v2\/users\/1"}],"replies":[{"embeddable":true,"href":"https:\/\/soledaddurazo.com\/api\/wp\/v2\/comments?post=24446"}],"version-history":[{"count":1,"href":"https:\/\/soledaddurazo.com\/api\/wp\/v2\/posts\/24446\/revisions"}],"predecessor-version":[{"id":24449,"href":"https:\/\/soledaddurazo.com\/api\/wp\/v2\/posts\/24446\/revisions\/24449"}],"wp:featuredmedia":[{"embeddable":true,"href":"https:\/\/soledaddurazo.com\/api\/wp\/v2\/media\/24448"}],"wp:attachment":[{"href":"https:\/\/soledaddurazo.com\/api\/wp\/v2\/media?parent=24446"}],"wp:term":[{"taxonomy":"category","embeddable":true,"href":"https:\/\/soledaddurazo.com\/api\/wp\/v2\/categories?post=24446"},{"taxonomy":"post_tag","embeddable":true,"href":"https:\/\/soledaddurazo.com\/api\/wp\/v2\/tags?post=24446"}],"curies":[{"name":"wp","href":"https:\/\/api.w.org\/{rel}","templated":true}]}}