{"id":24441,"date":"2026-03-11T11:52:04","date_gmt":"2026-03-11T18:52:04","guid":{"rendered":"https:\/\/soledaddurazo.com\/?p=24441"},"modified":"2026-03-11T11:52:04","modified_gmt":"2026-03-11T18:52:04","slug":"priistas-mandando-en-tierra-de-morena-el-cuchupo-fotovoltaico","status":"publish","type":"post","link":"https:\/\/soledaddurazo.com\/blog\/2026\/03\/11\/priistas-mandando-en-tierra-de-morena-el-cuchupo-fotovoltaico\/","title":{"rendered":"Pri\u00edstas mandando en tierra de Morena; el cuchupo fotovoltaico"},"content":{"rendered":"<ul>\n<li>Acuerdo por La Sauceda para que no vuelva a caer en el abandono<\/li>\n<li>Jorge Alberto El\u00edas Retes impulsa pol\u00edtica de justicia social en Navojoa<\/li>\n<\/ul>\n<p><a href=\"https:\/\/soledaddurazo.com\/storage\/2026\/03\/7657ac1c-1107-4f70-800c-d174738e845e.jpg\"><img loading=\"lazy\" decoding=\"async\" class=\"wp-image-24442 alignleft\" src=\"https:\/\/soledaddurazo.com\/storage\/2026\/03\/7657ac1c-1107-4f70-800c-d174738e845e.jpg\" alt=\"\" width=\"171\" height=\"179\" srcset=\"https:\/\/soledaddurazo.com\/storage\/2026\/03\/7657ac1c-1107-4f70-800c-d174738e845e.jpg 692w, https:\/\/soledaddurazo.com\/storage\/2026\/03\/7657ac1c-1107-4f70-800c-d174738e845e-287x300.jpg 287w, https:\/\/soledaddurazo.com\/storage\/2026\/03\/7657ac1c-1107-4f70-800c-d174738e845e-600x627.jpg 600w\" sizes=\"auto, (max-width: 171px) 100vw, 171px\" \/><\/a><\/p>\n<p>Las obras del proyecto fotovoltaico, de las m\u00e1s importantes en la regi\u00f3n de Puerto Pe\u00f1asco, est\u00e1n en el centro de la controversia, y no precisamente por la generaci\u00f3n de energ\u00eda, sino por los intereses que giran alrededor del negocio.<\/p>\n<p>El Presidente Municipal Alejandro Verdugo Angulo, que lleg\u00f3 al cargo tras la ca\u00edda de su primo \u00d3scar Castro Castro, parece no renegar de su origen priista, por el contrario, se sabe que junto a su socio y compadre, H\u00e9ctor Acosta F\u00e9lix, tienen lista maquinaria, camiones de volteo y pipas ya que han movido las piezas a base de tr\u00e1fico de influencias para apoderarse de un jugoso negocio, las obras de las etapas 3 y 4 del parque fotovoltaico, hasta se dejaron fotografiar en un comedero el pasado 5 de febrero celebrando el acontecimiento.<\/p>\n<p>Para hacerse de esta tajada del pastel, H\u00e9ctor Acosta F\u00e9lix pas\u00f3 por encima del liderazgo de Armando Bustamante Figueroa, dirigente de la CTM en Puerto Pe\u00f1asco, con la complicidad del malagradecido de Alejandro Verdugo, que olvida lleg\u00f3 al puesto gracias a la licencia que pidi\u00f3 como Regidor Armando Bustamante Figueroa, quien lo llevaba como suplente.<\/p>\n<p>Es sabido tambi\u00e9n que Acosta F\u00e9lix y Verdugo Angulo, son los autores de un cuchupo para dar un golpe de estado a la CTM Sonora, H\u00e9ctor Acosta F\u00e9lix se ostenta como delegado de la CTM Sonora en la regi\u00f3n noroeste y autonombrado representante de Tereso Medina, m\u00e1ximo dirigente de la CTM Nacional.<\/p>\n<p>En Puerto Pe\u00f1asco, tierra donde los favores se pagan con traiciones, hay m\u00e1s priistas en puestos estrat\u00e9gicos que miembros de Morena, para nadie es un secreto el descontento, rechazo y repudio que esto provoca en las filas de la Cuarta Transformaci\u00f3n, pues la vieja pol\u00edtica que combatieron en luchas del pasado ahora lleg\u00f3 a mandarlos.<\/p>\n<p>A Javier Villarreal l\u00edder de la CTM en Sonora, le quieren crecer los enanos, sus detractores seguramente desconocen sus fortalezas ni el peso de su mano, Alejandro Verdugo a lo largo de su corta carrera pol\u00edtica se ha distinguido por sus deslealtades, pese a que enfrenta muchos desaf\u00edos y compromisos que le dej\u00f3 su primo.<\/p>\n<p>Entrar a un conflicto con la CTM para pagar favores del pasado cuando fue funcionario segund\u00f3n en Oomapas, donde se hizo \u201cde mulas Pedro\u201d, es un riesgo muy alto. No hay que olvidar que, a consecuencia del desaseo en esa dependencia, fue inhabilitado tres a\u00f1os, solo por entregar contratos de obras para Oomapas, a su pap\u00e1, una nimiedad.<\/p>\n<p>C\u00f3mo buen oportunista aspira a la reelecci\u00f3n y buscar\u00e1 el apoyo de todos los sectores, entre ellos lo de la CTM que est\u00e1n con la Cuarta Transformaci\u00f3n que depende de Javier Villarreal, mientras la CTM de empresarios, seguramente le estar\u00e1 apoyando a trav\u00e9s de su compadre H\u00e9ctor Acosta F\u00e9lix.<\/p>\n<p>En su ambici\u00f3n por el poder, Alejandro Verdugo dinamita la poca credibilidad que le otorga la ciudadan\u00eda, quien lo ve como un testaferro de sus primos Oscar y Medardo Castro, quienes en realidad ejercen el poder en lo oscurito.<\/p>\n<p>Un choque frontal contra la CTM de Sonora seguro lo dejar\u00e1 sin el cuadro y sin la estampa. Proteger a quien en el pasado le dio de comer lo puede llevar a tener un debut y despedida en la pol\u00edtica de aquel municipio. Al tiempo.<\/p>\n<p><strong>ACUERDO POR LA SAUCEDA PARA QUE NO VUELVA A CAER EN EL ABANDONO<\/strong><\/p>\n<p>A casi un a\u00f1o de su inauguraci\u00f3n, el gobernador Alfonso Durazo firm\u00f3 en la Ciudad de M\u00e9xico un convenio de colaboraci\u00f3n con el Bosque de Chapultepec, acompa\u00f1ado por la jefa de Gobierno Clara Brugada, buscando fortalecer la gesti\u00f3n ambiental, administrativa y financiera de uno de los espacios p\u00fablicos m\u00e1s emblem\u00e1ticos de Hermosillo.<\/p>\n<p>Chapultepec tiene m\u00e1s de un siglo de historia y ha logrado mantenerse vigente gracias a un modelo de administraci\u00f3n que combina respaldo gubernamental con esquemas de autosuficiencia financiera. Justo ese es el modelo que Sonora busca adaptar para La Sauceda.<\/p>\n<p>La Sauceda no es solo un parque, para miles de hermosillenses representa un pedazo de historia, un espacio de convivencia familiar y un s\u00edmbolo de identidad urbana.<\/p>\n<p>Si el acuerdo con Chapultepec logra traducirse en un modelo s\u00f3lido de gesti\u00f3n, La Sauceda podr\u00eda convertirse no solo en un pulm\u00f3n verde, sino en un ejemplo de c\u00f3mo rescatar espacios p\u00fablicos sin condenarlos otra vez al olvido.<\/p>\n<p><strong>JORGE ALBERTO EL\u00cdAS RETES IMPULSA POL\u00cdTICA DE JUSTICIA SOCIAL EN NAVOJOA<\/strong><\/p>\n<p>El Presidente Municipal de Navojoa, Jorge Alberto El\u00edas Retes, sigue impulsando la pol\u00edtica de justicia social con acciones que impactan directamente en la vida de las familias, con la Mega Jornada Oftalmol\u00f3gica instalada en el Gimnasio Municipal, que se realiz\u00f3 en coordinaci\u00f3n con la Direcci\u00f3n de Salud Municipal y el apoyo de voluntarios del Club Rotario Pitic Hermosillo y de la Fundaci\u00f3n Internacional Vosh.<\/p>\n<p>De manera ordenada, fueron atendidas en la jornada m\u00e1s de 2 mil 200 personas que se realizaron diagn\u00f3sticos visuales, recibieron lentes gratuitos y se detectaron casos que requieren cirug\u00edas de cataratas, que se realizar\u00e1n sin costo, una intervenci\u00f3n que para muchas familias resulta pr\u00e1cticamente inaccesible, si se busca en el sector privado.<\/p>\n<p>El Instituto Mexicano del Seguro Social instal\u00f3 un m\u00f3dulo de vacunaci\u00f3n donde se aplican dosis contra sarampi\u00f3n, neumococo e influenza, para reforzar la cobertura sanitaria en la comunidad.<\/p>\n<p>M\u00e1s de 2 mil 200 personas atendidas no es un n\u00famero menor en un municipio como Navojoa, fueron adultos mayores que vuelven a ver mejor, trabajadores que recuperan calidad de vida y ni\u00f1os que podr\u00e1n estudiar sin limitaciones visuales.<\/p>\n<p>Si algo queda claro es que, cuando los gobiernos municipales se enfocan en salud y prevenci\u00f3n, el impacto social se multiplica, porque al final, para los de a pie, ver mejor, tambi\u00e9n es vivir mejor.<\/p>\n<p>Por cierto, quien ha jugado un papel determinante para el dise\u00f1o de las pol\u00edticas de justicia social del gobierno municipal que encabeza Jorge Alberto El\u00edas, ha sido la sensibilidad y determinaci\u00f3n de la se\u00f1ora Luz Argel Gaxiola, Presidenta del DIF Municipal, que estar\u00e1 rindiendo su informe de labores 2026 el pr\u00f3ximo martes 17 de marzo.<\/p>\n<p>Los invito a escuchar los viernes la mesa de an\u00e1lisis de SONORA EN RED NOTICIAS, ejercicio de opini\u00f3n que realizo en compa\u00f1\u00eda de mis amigos Arturo Chapo Soto, Arturo Ballesteros y Gustavo Valenzuela, por el 93.3 del cuadrante de F.M. desde Guaymas para todo el sur de Sonora, y por la se\u00f1al del canal 14 de Estrella Tucson TV, en el sur de Arizona.<\/p>\n<p>Y en Radio Sol 104.7 F.M. LENGUAS VESPERTINAS, de lunes a viernes a las 17:00 horas, le vamos a ofrecer una peque\u00f1a dosis de grilla.<\/p>\n<p>Podemos interactuar a trav\u00e9s de mi cuenta de Twitter @feroropeza20 o en mi correo electr\u00f3nico <a href=\"mailto:luiso@hmo.megared.net.mx\">luiso@hmo.megared.net.mx<\/a><\/p>\n<p>&nbsp;<\/p>\n","protected":false},"excerpt":{"rendered":"<p>Acuerdo por La Sauceda para que no vuelva a caer en el abandono Jorge Alberto El\u00edas Retes impulsa pol\u00edtica de justicia social en Navojoa Las obras del proyecto fotovoltaico, de las m\u00e1s importantes en la regi\u00f3n de Puerto Pe\u00f1asco, est\u00e1n en el centro de la controversia, y no precisamente por la generaci\u00f3n de energ\u00eda, sino [&hellip;]<\/p>\n","protected":false},"author":1,"featured_media":24030,"comment_status":"open","ping_status":"open","sticky":false,"template":"","format":"standard","meta":{"footnotes":""},"categories":[173],"tags":[],"class_list":["post"],"yoast_head":" \n<title>Pri\u00edstas mandando en tierra de Morena; el cuchupo fotovoltaico - Periodista SoledadDurazo.com<\/title>\n<meta name=\"robots\" content=\"index, follow, max-snippet:-1, max-image-preview:large, max-video-preview:-1\" \/>\n<link rel=\"canonical\" href=\"https:\/\/soledaddurazo.com\/blog\/2026\/03\/11\/priistas-mandando-en-tierra-de-morena-el-cuchupo-fotovoltaico\/\" \/>\n<meta property=\"og:locale\" content=\"es_MX\" \/>\n<meta property=\"og:type\" content=\"article\" \/>\n<meta property=\"og:title\" content=\"Pri\u00edstas mandando en tierra de Morena; el cuchupo fotovoltaico\" \/>\n<meta property=\"og:description\" content=\"Acuerdo por La Sauceda para que no vuelva a caer en el abandono Jorge Alberto El\u00edas Retes impulsa pol\u00edtica de justicia social en Navojoa Las obras del proyecto fotovoltaico, de las m\u00e1s importantes en la regi\u00f3n de Puerto Pe\u00f1asco, est\u00e1n en el centro de la controversia, y no precisamente por la generaci\u00f3n de energ\u00eda, sino [&hellip;]\" \/>\n<meta property=\"og:url\" content=\"https:\/\/soledaddurazo.com\/blog\/2026\/03\/11\/priistas-mandando-en-tierra-de-morena-el-cuchupo-fotovoltaico\/\" \/>\n<meta property=\"og:site_name\" content=\"Periodista SoledadDurazo.com\" \/>\n<meta property=\"article:publisher\" content=\"https:\/\/www.facebook.com\/soledad.durazo.9\/\" \/>\n<meta property=\"article:published_time\" content=\"2026-03-11T18:52:04+00:00\" \/>\n<meta property=\"og:image\" content=\"https:\/\/soledaddurazo.com\/storage\/2026\/01\/9a-GRAFICO-FERNANDO-OROPEZA.jpeg\" \/>\n\t<meta property=\"og:image:width\" content=\"1092\" \/>\n\t<meta property=\"og:image:height\" content=\"983\" \/>\n<meta name=\"twitter:card\" content=\"summary_large_image\" \/>\n<meta name=\"twitter:creator\" content=\"@SoledadDurazo\" \/>\n<meta name=\"twitter:site\" content=\"@SoledadDurazo\" \/>\n<meta name=\"twitter:label1\" content=\"Escrito por\" \/>\n\t<meta name=\"twitter:data1\" content=\"Redacci\u00f3n\" \/>\n\t<meta name=\"twitter:label2\" content=\"Tiempo de lectura\" \/>\n\t<meta name=\"twitter:data2\" content=\"6 minutos\" \/>\n<script type=\"application\/ld+json\" class=\"yoast-schema-graph\">{\"@context\":\"https:\/\/schema.org\",\"@graph\":[{\"@type\":\"Organization\",\"@id\":\"https:\/\/soledaddurazo.com\/#organization\",\"name\":\"Soledad Durazo\",\"url\":\"https:\/\/soledaddurazo.com\/\",\"sameAs\":[\"https:\/\/www.facebook.com\/soledad.durazo.9\/\",\"https:\/\/www.instagram.com\/soledaddurazo\",\"https:\/\/www.youtube.com\/channel\/UC9yGPw8-Vbl_B2XNkRwPS-w\",\"https:\/\/twitter.com\/SoledadDurazo\"],\"logo\":{\"@type\":\"ImageObject\",\"@id\":\"https:\/\/soledaddurazo.com\/#logo\",\"inLanguage\":\"es\",\"url\":\"https:\/\/soledaddurazo.com\/storage\/2021\/11\/nllp-720x375-1-2.png\",\"contentUrl\":\"https:\/\/soledaddurazo.com\/storage\/2021\/11\/nllp-720x375-1-2.png\",\"width\":720,\"height\":375,\"caption\":\"Soledad Durazo\"},\"image\":{\"@id\":\"https:\/\/soledaddurazo.com\/#logo\"}},{\"@type\":\"WebSite\",\"@id\":\"https:\/\/soledaddurazo.com\/#website\",\"url\":\"https:\/\/soledaddurazo.com\/\",\"name\":\"Periodista SoledadDurazo.com\",\"description\":\"Periodista sonorense. Directora de www.SoledadDurazo.com Columnista, conductora de radio y Tv. Catedr\\u00e1tica en la UNISON\",\"publisher\":{\"@id\":\"https:\/\/soledaddurazo.com\/#organization\"},\"potentialAction\":[{\"@type\":\"SearchAction\",\"target\":{\"@type\":\"EntryPoint\",\"urlTemplate\":\"https:\/\/soledaddurazo.com\/?s={search_term_string}\"},\"query-input\":\"required name=search_term_string\"}],\"inLanguage\":\"es\"},{\"@type\":\"ImageObject\",\"@id\":\"https:\/\/soledaddurazo.com\/blog\/2026\/03\/11\/priistas-mandando-en-tierra-de-morena-el-cuchupo-fotovoltaico\/#primaryimage\",\"inLanguage\":\"es\",\"url\":\"https:\/\/soledaddurazo.com\/storage\/2026\/01\/9a-GRAFICO-FERNANDO-OROPEZA.jpeg\",\"contentUrl\":\"https:\/\/soledaddurazo.com\/storage\/2026\/01\/9a-GRAFICO-FERNANDO-OROPEZA.jpeg\",\"width\":1092,\"height\":983},{\"@type\":\"WebPage\",\"@id\":\"https:\/\/soledaddurazo.com\/blog\/2026\/03\/11\/priistas-mandando-en-tierra-de-morena-el-cuchupo-fotovoltaico\/#webpage\",\"url\":\"https:\/\/soledaddurazo.com\/blog\/2026\/03\/11\/priistas-mandando-en-tierra-de-morena-el-cuchupo-fotovoltaico\/\",\"name\":\"Pri\\u00edstas mandando en tierra de Morena; el cuchupo fotovoltaico - Periodista SoledadDurazo.com\",\"isPartOf\":{\"@id\":\"https:\/\/soledaddurazo.com\/#website\"},\"primaryImageOfPage\":{\"@id\":\"https:\/\/soledaddurazo.com\/blog\/2026\/03\/11\/priistas-mandando-en-tierra-de-morena-el-cuchupo-fotovoltaico\/#primaryimage\"},\"datePublished\":\"2026-03-11T18:52:04+00:00\",\"dateModified\":\"2026-03-11T18:52:04+00:00\",\"breadcrumb\":{\"@id\":\"https:\/\/soledaddurazo.com\/blog\/2026\/03\/11\/priistas-mandando-en-tierra-de-morena-el-cuchupo-fotovoltaico\/#breadcrumb\"},\"inLanguage\":\"es\",\"potentialAction\":[{\"@type\":\"ReadAction\",\"target\":[\"https:\/\/soledaddurazo.com\/blog\/2026\/03\/11\/priistas-mandando-en-tierra-de-morena-el-cuchupo-fotovoltaico\/\"]}]},{\"@type\":\"BreadcrumbList\",\"@id\":\"https:\/\/soledaddurazo.com\/blog\/2026\/03\/11\/priistas-mandando-en-tierra-de-morena-el-cuchupo-fotovoltaico\/#breadcrumb\",\"itemListElement\":[{\"@type\":\"ListItem\",\"position\":1,\"name\":\"Home\",\"item\":\"https:\/\/soledaddurazo.com\/\"},{\"@type\":\"ListItem\",\"position\":2,\"name\":\"Pri\\u00edstas mandando en tierra de Morena; el cuchupo fotovoltaico\"}]},{\"@type\":\"Article\",\"@id\":\"https:\/\/soledaddurazo.com\/blog\/2026\/03\/11\/priistas-mandando-en-tierra-de-morena-el-cuchupo-fotovoltaico\/#article\",\"isPartOf\":{\"@id\":\"https:\/\/soledaddurazo.com\/blog\/2026\/03\/11\/priistas-mandando-en-tierra-de-morena-el-cuchupo-fotovoltaico\/#webpage\"},\"author\":{\"@id\":\"https:\/\/soledaddurazo.com\/#\/schema\/person\/822d8e13aa288585e6546f179853758b\"},\"headline\":\"Pri\\u00edstas mandando en tierra de Morena; el cuchupo fotovoltaico\",\"datePublished\":\"2026-03-11T18:52:04+00:00\",\"dateModified\":\"2026-03-11T18:52:04+00:00\",\"mainEntityOfPage\":{\"@id\":\"https:\/\/soledaddurazo.com\/blog\/2026\/03\/11\/priistas-mandando-en-tierra-de-morena-el-cuchupo-fotovoltaico\/#webpage\"},\"wordCount\":1222,\"commentCount\":0,\"publisher\":{\"@id\":\"https:\/\/soledaddurazo.com\/#organization\"},\"image\":{\"@id\":\"https:\/\/soledaddurazo.com\/blog\/2026\/03\/11\/priistas-mandando-en-tierra-de-morena-el-cuchupo-fotovoltaico\/#primaryimage\"},\"thumbnailUrl\":\"https:\/\/soledaddurazo.com\/storage\/2026\/01\/9a-GRAFICO-FERNANDO-OROPEZA.jpeg\",\"articleSection\":[\"Fernando Oropeza\"],\"inLanguage\":\"es\",\"potentialAction\":[{\"@type\":\"CommentAction\",\"name\":\"Comment\",\"target\":[\"https:\/\/soledaddurazo.com\/blog\/2026\/03\/11\/priistas-mandando-en-tierra-de-morena-el-cuchupo-fotovoltaico\/#respond\"]}]},{\"@type\":\"Person\",\"@id\":\"https:\/\/soledaddurazo.com\/#\/schema\/person\/822d8e13aa288585e6546f179853758b\",\"name\":\"Redacci\\u00f3n\",\"image\":{\"@type\":\"ImageObject\",\"@id\":\"https:\/\/soledaddurazo.com\/#personlogo\",\"inLanguage\":\"es\",\"url\":\"https:\/\/secure.gravatar.com\/avatar\/c4e193752f756fd61f04deebed3a3a20dc188d37edb53682d313ac57f2725d54?s=96&d=mm&r=g\",\"contentUrl\":\"https:\/\/secure.gravatar.com\/avatar\/c4e193752f756fd61f04deebed3a3a20dc188d37edb53682d313ac57f2725d54?s=96&d=mm&r=g\",\"caption\":\"Redacci\\u00f3n\"},\"sameAs\":[\"https:\/\/soledaddurazo.com\"]}]}<\/script>\n ","yoast_head_json":{"title":"Pri\u00edstas mandando en tierra de Morena; el cuchupo fotovoltaico - Periodista SoledadDurazo.com","robots":{"index":"index","follow":"follow","max-snippet":"max-snippet:-1","max-image-preview":"max-image-preview:large","max-video-preview":"max-video-preview:-1"},"canonical":"https:\/\/soledaddurazo.com\/blog\/2026\/03\/11\/priistas-mandando-en-tierra-de-morena-el-cuchupo-fotovoltaico\/","og_locale":"es_MX","og_type":"article","og_title":"Pri\u00edstas mandando en tierra de Morena; el cuchupo fotovoltaico","og_description":"Acuerdo por La Sauceda para que no vuelva a caer en el abandono Jorge Alberto El\u00edas Retes impulsa pol\u00edtica de justicia social en Navojoa Las obras del proyecto fotovoltaico, de las m\u00e1s importantes en la regi\u00f3n de Puerto Pe\u00f1asco, est\u00e1n en el centro de la controversia, y no precisamente por la generaci\u00f3n de energ\u00eda, sino [&hellip;]","og_url":"https:\/\/soledaddurazo.com\/blog\/2026\/03\/11\/priistas-mandando-en-tierra-de-morena-el-cuchupo-fotovoltaico\/","og_site_name":"Periodista SoledadDurazo.com","article_publisher":"https:\/\/www.facebook.com\/soledad.durazo.9\/","article_published_time":"2026-03-11T18:52:04+00:00","og_image":[{"width":1092,"height":983,"url":"https:\/\/soledaddurazo.com\/storage\/2026\/01\/9a-GRAFICO-FERNANDO-OROPEZA.jpeg","type":"image\/jpeg"}],"twitter_card":"summary_large_image","twitter_creator":"@SoledadDurazo","twitter_site":"@SoledadDurazo","twitter_misc":{"Escrito por":"Redacci\u00f3n","Tiempo de lectura":"6 minutos"},"schema":{"@context":"https:\/\/schema.org","@graph":[{"@type":"Organization","@id":"https:\/\/soledaddurazo.com\/#organization","name":"Soledad Durazo","url":"https:\/\/soledaddurazo.com\/","sameAs":["https:\/\/www.facebook.com\/soledad.durazo.9\/","https:\/\/www.instagram.com\/soledaddurazo","https:\/\/www.youtube.com\/channel\/UC9yGPw8-Vbl_B2XNkRwPS-w","https:\/\/twitter.com\/SoledadDurazo"],"logo":{"@type":"ImageObject","@id":"https:\/\/soledaddurazo.com\/#logo","inLanguage":"es","url":"https:\/\/soledaddurazo.com\/storage\/2021\/11\/nllp-720x375-1-2.png","contentUrl":"https:\/\/soledaddurazo.com\/storage\/2021\/11\/nllp-720x375-1-2.png","width":720,"height":375,"caption":"Soledad Durazo"},"image":{"@id":"https:\/\/soledaddurazo.com\/#logo"}},{"@type":"WebSite","@id":"https:\/\/soledaddurazo.com\/#website","url":"https:\/\/soledaddurazo.com\/","name":"Periodista SoledadDurazo.com","description":"Periodista sonorense. Directora de www.SoledadDurazo.com Columnista, conductora de radio y Tv. Catedr\u00e1tica en la UNISON","publisher":{"@id":"https:\/\/soledaddurazo.com\/#organization"},"potentialAction":[{"@type":"SearchAction","target":{"@type":"EntryPoint","urlTemplate":"https:\/\/soledaddurazo.com\/?s={search_term_string}"},"query-input":"required name=search_term_string"}],"inLanguage":"es"},{"@type":"ImageObject","@id":"https:\/\/soledaddurazo.com\/blog\/2026\/03\/11\/priistas-mandando-en-tierra-de-morena-el-cuchupo-fotovoltaico\/#primaryimage","inLanguage":"es","url":"https:\/\/soledaddurazo.com\/storage\/2026\/01\/9a-GRAFICO-FERNANDO-OROPEZA.jpeg","contentUrl":"https:\/\/soledaddurazo.com\/storage\/2026\/01\/9a-GRAFICO-FERNANDO-OROPEZA.jpeg","width":1092,"height":983},{"@type":"WebPage","@id":"https:\/\/soledaddurazo.com\/blog\/2026\/03\/11\/priistas-mandando-en-tierra-de-morena-el-cuchupo-fotovoltaico\/#webpage","url":"https:\/\/soledaddurazo.com\/blog\/2026\/03\/11\/priistas-mandando-en-tierra-de-morena-el-cuchupo-fotovoltaico\/","name":"Pri\u00edstas mandando en tierra de Morena; el cuchupo fotovoltaico - Periodista SoledadDurazo.com","isPartOf":{"@id":"https:\/\/soledaddurazo.com\/#website"},"primaryImageOfPage":{"@id":"https:\/\/soledaddurazo.com\/blog\/2026\/03\/11\/priistas-mandando-en-tierra-de-morena-el-cuchupo-fotovoltaico\/#primaryimage"},"datePublished":"2026-03-11T18:52:04+00:00","dateModified":"2026-03-11T18:52:04+00:00","breadcrumb":{"@id":"https:\/\/soledaddurazo.com\/blog\/2026\/03\/11\/priistas-mandando-en-tierra-de-morena-el-cuchupo-fotovoltaico\/#breadcrumb"},"inLanguage":"es","potentialAction":[{"@type":"ReadAction","target":["https:\/\/soledaddurazo.com\/blog\/2026\/03\/11\/priistas-mandando-en-tierra-de-morena-el-cuchupo-fotovoltaico\/"]}]},{"@type":"BreadcrumbList","@id":"https:\/\/soledaddurazo.com\/blog\/2026\/03\/11\/priistas-mandando-en-tierra-de-morena-el-cuchupo-fotovoltaico\/#breadcrumb","itemListElement":[{"@type":"ListItem","position":1,"name":"Home","item":"https:\/\/soledaddurazo.com\/"},{"@type":"ListItem","position":2,"name":"Pri\u00edstas mandando en tierra de Morena; el cuchupo fotovoltaico"}]},{"@type":"Article","@id":"https:\/\/soledaddurazo.com\/blog\/2026\/03\/11\/priistas-mandando-en-tierra-de-morena-el-cuchupo-fotovoltaico\/#article","isPartOf":{"@id":"https:\/\/soledaddurazo.com\/blog\/2026\/03\/11\/priistas-mandando-en-tierra-de-morena-el-cuchupo-fotovoltaico\/#webpage"},"author":{"@id":"https:\/\/soledaddurazo.com\/#\/schema\/person\/822d8e13aa288585e6546f179853758b"},"headline":"Pri\u00edstas mandando en tierra de Morena; el cuchupo fotovoltaico","datePublished":"2026-03-11T18:52:04+00:00","dateModified":"2026-03-11T18:52:04+00:00","mainEntityOfPage":{"@id":"https:\/\/soledaddurazo.com\/blog\/2026\/03\/11\/priistas-mandando-en-tierra-de-morena-el-cuchupo-fotovoltaico\/#webpage"},"wordCount":1222,"commentCount":0,"publisher":{"@id":"https:\/\/soledaddurazo.com\/#organization"},"image":{"@id":"https:\/\/soledaddurazo.com\/blog\/2026\/03\/11\/priistas-mandando-en-tierra-de-morena-el-cuchupo-fotovoltaico\/#primaryimage"},"thumbnailUrl":"https:\/\/soledaddurazo.com\/storage\/2026\/01\/9a-GRAFICO-FERNANDO-OROPEZA.jpeg","articleSection":["Fernando Oropeza"],"inLanguage":"es","potentialAction":[{"@type":"CommentAction","name":"Comment","target":["https:\/\/soledaddurazo.com\/blog\/2026\/03\/11\/priistas-mandando-en-tierra-de-morena-el-cuchupo-fotovoltaico\/#respond"]}]},{"@type":"Person","@id":"https:\/\/soledaddurazo.com\/#\/schema\/person\/822d8e13aa288585e6546f179853758b","name":"Redacci\u00f3n","image":{"@type":"ImageObject","@id":"https:\/\/soledaddurazo.com\/#personlogo","inLanguage":"es","url":"https:\/\/secure.gravatar.com\/avatar\/c4e193752f756fd61f04deebed3a3a20dc188d37edb53682d313ac57f2725d54?s=96&d=mm&r=g","contentUrl":"https:\/\/secure.gravatar.com\/avatar\/c4e193752f756fd61f04deebed3a3a20dc188d37edb53682d313ac57f2725d54?s=96&d=mm&r=g","caption":"Redacci\u00f3n"},"sameAs":["https:\/\/soledaddurazo.com"]}]}},"_links":{"self":[{"href":"https:\/\/soledaddurazo.com\/api\/wp\/v2\/posts\/24441","targetHints":{"allow":["GET"]}}],"collection":[{"href":"https:\/\/soledaddurazo.com\/api\/wp\/v2\/posts"}],"about":[{"href":"https:\/\/soledaddurazo.com\/api\/wp\/v2\/types\/post"}],"author":[{"embeddable":true,"href":"https:\/\/soledaddurazo.com\/api\/wp\/v2\/users\/1"}],"replies":[{"embeddable":true,"href":"https:\/\/soledaddurazo.com\/api\/wp\/v2\/comments?post=24441"}],"version-history":[{"count":1,"href":"https:\/\/soledaddurazo.com\/api\/wp\/v2\/posts\/24441\/revisions"}],"predecessor-version":[{"id":24443,"href":"https:\/\/soledaddurazo.com\/api\/wp\/v2\/posts\/24441\/revisions\/24443"}],"wp:featuredmedia":[{"embeddable":true,"href":"https:\/\/soledaddurazo.com\/api\/wp\/v2\/media\/24030"}],"wp:attachment":[{"href":"https:\/\/soledaddurazo.com\/api\/wp\/v2\/media?parent=24441"}],"wp:term":[{"taxonomy":"category","embeddable":true,"href":"https:\/\/soledaddurazo.com\/api\/wp\/v2\/categories?post=24441"},{"taxonomy":"post_tag","embeddable":true,"href":"https:\/\/soledaddurazo.com\/api\/wp\/v2\/tags?post=24441"}],"curies":[{"name":"wp","href":"https:\/\/api.w.org\/{rel}","templated":true}]}}