{"id":24437,"date":"2026-03-11T11:36:21","date_gmt":"2026-03-11T18:36:21","guid":{"rendered":"https:\/\/soledaddurazo.com\/?p=24437"},"modified":"2026-03-11T11:36:21","modified_gmt":"2026-03-11T18:36:21","slug":"realizan-segunda-reunion-del-consejo-de-paz-y-justicia-civica-en-guaymas","status":"publish","type":"post","link":"https:\/\/soledaddurazo.com\/blog\/2026\/03\/11\/realizan-segunda-reunion-del-consejo-de-paz-y-justicia-civica-en-guaymas\/","title":{"rendered":"Realizan Segunda Reuni\u00f3n del Consejo de Paz y Justicia C\u00edvica en Guaymas"},"content":{"rendered":"<p data-start=\"78\" data-end=\"343\">De llev\u00f3 a cabo la Segunda Reuni\u00f3n del Consejo de Paz y Justicia C\u00edvica del Municipio de <span class=\"hover:entity-accent entity-underline inline cursor-pointer align-baseline\"><span class=\"whitespace-normal\">Guaymas<\/span><\/span>, donde se cont\u00f3 con la participaci\u00f3n de la presidenta municipal de Guaymas Karla C\u00f3rdova Gonz\u00e1lez.\u00a0 en el auditorio de Seguridad P\u00fablica.<\/p>\n<p data-start=\"345\" data-end=\"666\">Durante la sesi\u00f3n se present\u00f3 para su an\u00e1lisis y posible aprobaci\u00f3n el Diagn\u00f3stico de Violencia Social de Guaymas 2025, as\u00ed como los planes de trabajo correspondientes a los 10 pol\u00edgonos de atenci\u00f3n, con el objetivo de fortalecer las estrategias de prevenci\u00f3n, atenci\u00f3n y reconstrucci\u00f3n del tejido social en la localidad.<\/p>\n<p data-start=\"345\" data-end=\"666\"><a href=\"https:\/\/soledaddurazo.com\/storage\/2026\/03\/32d6979c-e99e-4460-9a97-f0af8b28aa6f-scaled.jpg\"><img loading=\"lazy\" decoding=\"async\" class=\"aligncenter size-full wp-image-24439\" src=\"https:\/\/soledaddurazo.com\/storage\/2026\/03\/32d6979c-e99e-4460-9a97-f0af8b28aa6f-scaled.jpg\" alt=\"\" width=\"2560\" height=\"1610\" srcset=\"https:\/\/soledaddurazo.com\/storage\/2026\/03\/32d6979c-e99e-4460-9a97-f0af8b28aa6f-scaled.jpg 2560w, https:\/\/soledaddurazo.com\/storage\/2026\/03\/32d6979c-e99e-4460-9a97-f0af8b28aa6f-300x189.jpg 300w, https:\/\/soledaddurazo.com\/storage\/2026\/03\/32d6979c-e99e-4460-9a97-f0af8b28aa6f-1024x644.jpg 1024w, https:\/\/soledaddurazo.com\/storage\/2026\/03\/32d6979c-e99e-4460-9a97-f0af8b28aa6f-768x483.jpg 768w, https:\/\/soledaddurazo.com\/storage\/2026\/03\/32d6979c-e99e-4460-9a97-f0af8b28aa6f-1536x966.jpg 1536w, https:\/\/soledaddurazo.com\/storage\/2026\/03\/32d6979c-e99e-4460-9a97-f0af8b28aa6f-2048x1288.jpg 2048w, https:\/\/soledaddurazo.com\/storage\/2026\/03\/32d6979c-e99e-4460-9a97-f0af8b28aa6f-600x377.jpg 600w, https:\/\/soledaddurazo.com\/storage\/2026\/03\/32d6979c-e99e-4460-9a97-f0af8b28aa6f-750x472.jpg 750w, https:\/\/soledaddurazo.com\/storage\/2026\/03\/32d6979c-e99e-4460-9a97-f0af8b28aa6f-1140x717.jpg 1140w\" sizes=\"auto, (max-width: 2560px) 100vw, 2560px\" \/><\/a><\/p>\n<p data-start=\"668\" data-end=\"909\">El encuentro permiti\u00f3 dar seguimiento a lo establecido en el Reglamento de Paz y Justicia C\u00edvica, adem\u00e1s de reforzar la coordinaci\u00f3n entre autoridades de los distintos niveles de gobierno, instituciones y representantes de la sociedad civil.<\/p>\n<p data-start=\"911\" data-end=\"1215\" data-is-last-node=\"\" data-is-only-node=\"\">En la reuni\u00f3n participaron funcionarios de los gobiernos estatal y federal, as\u00ed como integrantes del Ayuntamiento y representantes de diversos sectores sociales, quienes reiteraron su compromiso de trabajar de manera conjunta para prevenir la violencia y fortalecer la justicia c\u00edvica en el municipio<\/p>\n","protected":false},"excerpt":{"rendered":"<p>De llev\u00f3 a cabo la Segunda Reuni\u00f3n del Consejo de Paz y Justicia C\u00edvica del Municipio de Guaymas, donde se cont\u00f3 con la participaci\u00f3n de la presidenta municipal de Guaymas Karla C\u00f3rdova Gonz\u00e1lez.\u00a0 en el auditorio de Seguridad P\u00fablica. Durante la sesi\u00f3n se present\u00f3 para su an\u00e1lisis y posible aprobaci\u00f3n el Diagn\u00f3stico de Violencia Social [&hellip;]<\/p>\n","protected":false},"author":1,"featured_media":24438,"comment_status":"open","ping_status":"open","sticky":false,"template":"","format":"standard","meta":{"footnotes":""},"categories":[160],"tags":[],"class_list":["post"],"yoast_head":" \n<title>Realizan Segunda Reuni\u00f3n del Consejo de Paz y Justicia C\u00edvica en Guaymas - Periodista SoledadDurazo.com<\/title>\n<meta name=\"robots\" content=\"index, follow, max-snippet:-1, max-image-preview:large, max-video-preview:-1\" \/>\n<link rel=\"canonical\" href=\"https:\/\/soledaddurazo.com\/blog\/2026\/03\/11\/realizan-segunda-reunion-del-consejo-de-paz-y-justicia-civica-en-guaymas\/\" \/>\n<meta property=\"og:locale\" content=\"es_MX\" \/>\n<meta property=\"og:type\" content=\"article\" \/>\n<meta property=\"og:title\" content=\"Realizan Segunda Reuni\u00f3n del Consejo de Paz y Justicia C\u00edvica en Guaymas\" \/>\n<meta property=\"og:description\" content=\"De llev\u00f3 a cabo la Segunda Reuni\u00f3n del Consejo de Paz y Justicia C\u00edvica del Municipio de Guaymas, donde se cont\u00f3 con la participaci\u00f3n de la presidenta municipal de Guaymas Karla C\u00f3rdova Gonz\u00e1lez.\u00a0 en el auditorio de Seguridad P\u00fablica. Durante la sesi\u00f3n se present\u00f3 para su an\u00e1lisis y posible aprobaci\u00f3n el Diagn\u00f3stico de Violencia Social [&hellip;]\" \/>\n<meta property=\"og:url\" content=\"https:\/\/soledaddurazo.com\/blog\/2026\/03\/11\/realizan-segunda-reunion-del-consejo-de-paz-y-justicia-civica-en-guaymas\/\" \/>\n<meta property=\"og:site_name\" content=\"Periodista SoledadDurazo.com\" \/>\n<meta property=\"article:publisher\" content=\"https:\/\/www.facebook.com\/soledad.durazo.9\/\" \/>\n<meta property=\"article:published_time\" content=\"2026-03-11T18:36:21+00:00\" \/>\n<meta property=\"og:image\" content=\"https:\/\/soledaddurazo.com\/storage\/2026\/03\/1cc97887-90b1-46aa-ac65-9fdec5b1a87e-scaled.jpg\" \/>\n\t<meta property=\"og:image:width\" content=\"2560\" \/>\n\t<meta property=\"og:image:height\" content=\"1440\" \/>\n<meta name=\"twitter:card\" content=\"summary_large_image\" \/>\n<meta name=\"twitter:creator\" content=\"@SoledadDurazo\" \/>\n<meta name=\"twitter:site\" content=\"@SoledadDurazo\" \/>\n<meta name=\"twitter:label1\" content=\"Escrito por\" \/>\n\t<meta name=\"twitter:data1\" content=\"Redacci\u00f3n\" \/>\n\t<meta name=\"twitter:label2\" content=\"Tiempo de lectura\" \/>\n\t<meta name=\"twitter:data2\" content=\"1 minuto\" \/>\n<script type=\"application\/ld+json\" class=\"yoast-schema-graph\">{\"@context\":\"https:\/\/schema.org\",\"@graph\":[{\"@type\":\"Organization\",\"@id\":\"https:\/\/soledaddurazo.com\/#organization\",\"name\":\"Soledad Durazo\",\"url\":\"https:\/\/soledaddurazo.com\/\",\"sameAs\":[\"https:\/\/www.facebook.com\/soledad.durazo.9\/\",\"https:\/\/www.instagram.com\/soledaddurazo\",\"https:\/\/www.youtube.com\/channel\/UC9yGPw8-Vbl_B2XNkRwPS-w\",\"https:\/\/twitter.com\/SoledadDurazo\"],\"logo\":{\"@type\":\"ImageObject\",\"@id\":\"https:\/\/soledaddurazo.com\/#logo\",\"inLanguage\":\"es\",\"url\":\"https:\/\/soledaddurazo.com\/storage\/2021\/11\/nllp-720x375-1-2.png\",\"contentUrl\":\"https:\/\/soledaddurazo.com\/storage\/2021\/11\/nllp-720x375-1-2.png\",\"width\":720,\"height\":375,\"caption\":\"Soledad Durazo\"},\"image\":{\"@id\":\"https:\/\/soledaddurazo.com\/#logo\"}},{\"@type\":\"WebSite\",\"@id\":\"https:\/\/soledaddurazo.com\/#website\",\"url\":\"https:\/\/soledaddurazo.com\/\",\"name\":\"Periodista SoledadDurazo.com\",\"description\":\"Periodista sonorense. Directora de www.SoledadDurazo.com Columnista, conductora de radio y Tv. Catedr\\u00e1tica en la UNISON\",\"publisher\":{\"@id\":\"https:\/\/soledaddurazo.com\/#organization\"},\"potentialAction\":[{\"@type\":\"SearchAction\",\"target\":{\"@type\":\"EntryPoint\",\"urlTemplate\":\"https:\/\/soledaddurazo.com\/?s={search_term_string}\"},\"query-input\":\"required name=search_term_string\"}],\"inLanguage\":\"es\"},{\"@type\":\"ImageObject\",\"@id\":\"https:\/\/soledaddurazo.com\/blog\/2026\/03\/11\/realizan-segunda-reunion-del-consejo-de-paz-y-justicia-civica-en-guaymas\/#primaryimage\",\"inLanguage\":\"es\",\"url\":\"https:\/\/soledaddurazo.com\/storage\/2026\/03\/1cc97887-90b1-46aa-ac65-9fdec5b1a87e-scaled.jpg\",\"contentUrl\":\"https:\/\/soledaddurazo.com\/storage\/2026\/03\/1cc97887-90b1-46aa-ac65-9fdec5b1a87e-scaled.jpg\",\"width\":2560,\"height\":1440},{\"@type\":\"WebPage\",\"@id\":\"https:\/\/soledaddurazo.com\/blog\/2026\/03\/11\/realizan-segunda-reunion-del-consejo-de-paz-y-justicia-civica-en-guaymas\/#webpage\",\"url\":\"https:\/\/soledaddurazo.com\/blog\/2026\/03\/11\/realizan-segunda-reunion-del-consejo-de-paz-y-justicia-civica-en-guaymas\/\",\"name\":\"Realizan Segunda Reuni\\u00f3n del Consejo de Paz y Justicia C\\u00edvica en Guaymas - Periodista SoledadDurazo.com\",\"isPartOf\":{\"@id\":\"https:\/\/soledaddurazo.com\/#website\"},\"primaryImageOfPage\":{\"@id\":\"https:\/\/soledaddurazo.com\/blog\/2026\/03\/11\/realizan-segunda-reunion-del-consejo-de-paz-y-justicia-civica-en-guaymas\/#primaryimage\"},\"datePublished\":\"2026-03-11T18:36:21+00:00\",\"dateModified\":\"2026-03-11T18:36:21+00:00\",\"breadcrumb\":{\"@id\":\"https:\/\/soledaddurazo.com\/blog\/2026\/03\/11\/realizan-segunda-reunion-del-consejo-de-paz-y-justicia-civica-en-guaymas\/#breadcrumb\"},\"inLanguage\":\"es\",\"potentialAction\":[{\"@type\":\"ReadAction\",\"target\":[\"https:\/\/soledaddurazo.com\/blog\/2026\/03\/11\/realizan-segunda-reunion-del-consejo-de-paz-y-justicia-civica-en-guaymas\/\"]}]},{\"@type\":\"BreadcrumbList\",\"@id\":\"https:\/\/soledaddurazo.com\/blog\/2026\/03\/11\/realizan-segunda-reunion-del-consejo-de-paz-y-justicia-civica-en-guaymas\/#breadcrumb\",\"itemListElement\":[{\"@type\":\"ListItem\",\"position\":1,\"name\":\"Home\",\"item\":\"https:\/\/soledaddurazo.com\/\"},{\"@type\":\"ListItem\",\"position\":2,\"name\":\"Realizan Segunda Reuni\\u00f3n del Consejo de Paz y Justicia C\\u00edvica en Guaymas\"}]},{\"@type\":\"Article\",\"@id\":\"https:\/\/soledaddurazo.com\/blog\/2026\/03\/11\/realizan-segunda-reunion-del-consejo-de-paz-y-justicia-civica-en-guaymas\/#article\",\"isPartOf\":{\"@id\":\"https:\/\/soledaddurazo.com\/blog\/2026\/03\/11\/realizan-segunda-reunion-del-consejo-de-paz-y-justicia-civica-en-guaymas\/#webpage\"},\"author\":{\"@id\":\"https:\/\/soledaddurazo.com\/#\/schema\/person\/822d8e13aa288585e6546f179853758b\"},\"headline\":\"Realizan Segunda Reuni\\u00f3n del Consejo de Paz y Justicia C\\u00edvica en Guaymas\",\"datePublished\":\"2026-03-11T18:36:21+00:00\",\"dateModified\":\"2026-03-11T18:36:21+00:00\",\"mainEntityOfPage\":{\"@id\":\"https:\/\/soledaddurazo.com\/blog\/2026\/03\/11\/realizan-segunda-reunion-del-consejo-de-paz-y-justicia-civica-en-guaymas\/#webpage\"},\"wordCount\":200,\"commentCount\":0,\"publisher\":{\"@id\":\"https:\/\/soledaddurazo.com\/#organization\"},\"image\":{\"@id\":\"https:\/\/soledaddurazo.com\/blog\/2026\/03\/11\/realizan-segunda-reunion-del-consejo-de-paz-y-justicia-civica-en-guaymas\/#primaryimage\"},\"thumbnailUrl\":\"https:\/\/soledaddurazo.com\/storage\/2026\/03\/1cc97887-90b1-46aa-ac65-9fdec5b1a87e-scaled.jpg\",\"articleSection\":[\"Mas noticias\"],\"inLanguage\":\"es\",\"potentialAction\":[{\"@type\":\"CommentAction\",\"name\":\"Comment\",\"target\":[\"https:\/\/soledaddurazo.com\/blog\/2026\/03\/11\/realizan-segunda-reunion-del-consejo-de-paz-y-justicia-civica-en-guaymas\/#respond\"]}]},{\"@type\":\"Person\",\"@id\":\"https:\/\/soledaddurazo.com\/#\/schema\/person\/822d8e13aa288585e6546f179853758b\",\"name\":\"Redacci\\u00f3n\",\"image\":{\"@type\":\"ImageObject\",\"@id\":\"https:\/\/soledaddurazo.com\/#personlogo\",\"inLanguage\":\"es\",\"url\":\"https:\/\/secure.gravatar.com\/avatar\/c4e193752f756fd61f04deebed3a3a20dc188d37edb53682d313ac57f2725d54?s=96&d=mm&r=g\",\"contentUrl\":\"https:\/\/secure.gravatar.com\/avatar\/c4e193752f756fd61f04deebed3a3a20dc188d37edb53682d313ac57f2725d54?s=96&d=mm&r=g\",\"caption\":\"Redacci\\u00f3n\"},\"sameAs\":[\"https:\/\/soledaddurazo.com\"]}]}<\/script>\n ","yoast_head_json":{"title":"Realizan Segunda Reuni\u00f3n del Consejo de Paz y Justicia C\u00edvica en Guaymas - Periodista SoledadDurazo.com","robots":{"index":"index","follow":"follow","max-snippet":"max-snippet:-1","max-image-preview":"max-image-preview:large","max-video-preview":"max-video-preview:-1"},"canonical":"https:\/\/soledaddurazo.com\/blog\/2026\/03\/11\/realizan-segunda-reunion-del-consejo-de-paz-y-justicia-civica-en-guaymas\/","og_locale":"es_MX","og_type":"article","og_title":"Realizan Segunda Reuni\u00f3n del Consejo de Paz y Justicia C\u00edvica en Guaymas","og_description":"De llev\u00f3 a cabo la Segunda Reuni\u00f3n del Consejo de Paz y Justicia C\u00edvica del Municipio de Guaymas, donde se cont\u00f3 con la participaci\u00f3n de la presidenta municipal de Guaymas Karla C\u00f3rdova Gonz\u00e1lez.\u00a0 en el auditorio de Seguridad P\u00fablica. Durante la sesi\u00f3n se present\u00f3 para su an\u00e1lisis y posible aprobaci\u00f3n el Diagn\u00f3stico de Violencia Social [&hellip;]","og_url":"https:\/\/soledaddurazo.com\/blog\/2026\/03\/11\/realizan-segunda-reunion-del-consejo-de-paz-y-justicia-civica-en-guaymas\/","og_site_name":"Periodista SoledadDurazo.com","article_publisher":"https:\/\/www.facebook.com\/soledad.durazo.9\/","article_published_time":"2026-03-11T18:36:21+00:00","og_image":[{"width":2560,"height":1440,"url":"https:\/\/soledaddurazo.com\/storage\/2026\/03\/1cc97887-90b1-46aa-ac65-9fdec5b1a87e-scaled.jpg","type":"image\/jpeg"}],"twitter_card":"summary_large_image","twitter_creator":"@SoledadDurazo","twitter_site":"@SoledadDurazo","twitter_misc":{"Escrito por":"Redacci\u00f3n","Tiempo de lectura":"1 minuto"},"schema":{"@context":"https:\/\/schema.org","@graph":[{"@type":"Organization","@id":"https:\/\/soledaddurazo.com\/#organization","name":"Soledad Durazo","url":"https:\/\/soledaddurazo.com\/","sameAs":["https:\/\/www.facebook.com\/soledad.durazo.9\/","https:\/\/www.instagram.com\/soledaddurazo","https:\/\/www.youtube.com\/channel\/UC9yGPw8-Vbl_B2XNkRwPS-w","https:\/\/twitter.com\/SoledadDurazo"],"logo":{"@type":"ImageObject","@id":"https:\/\/soledaddurazo.com\/#logo","inLanguage":"es","url":"https:\/\/soledaddurazo.com\/storage\/2021\/11\/nllp-720x375-1-2.png","contentUrl":"https:\/\/soledaddurazo.com\/storage\/2021\/11\/nllp-720x375-1-2.png","width":720,"height":375,"caption":"Soledad Durazo"},"image":{"@id":"https:\/\/soledaddurazo.com\/#logo"}},{"@type":"WebSite","@id":"https:\/\/soledaddurazo.com\/#website","url":"https:\/\/soledaddurazo.com\/","name":"Periodista SoledadDurazo.com","description":"Periodista sonorense. Directora de www.SoledadDurazo.com Columnista, conductora de radio y Tv. Catedr\u00e1tica en la UNISON","publisher":{"@id":"https:\/\/soledaddurazo.com\/#organization"},"potentialAction":[{"@type":"SearchAction","target":{"@type":"EntryPoint","urlTemplate":"https:\/\/soledaddurazo.com\/?s={search_term_string}"},"query-input":"required name=search_term_string"}],"inLanguage":"es"},{"@type":"ImageObject","@id":"https:\/\/soledaddurazo.com\/blog\/2026\/03\/11\/realizan-segunda-reunion-del-consejo-de-paz-y-justicia-civica-en-guaymas\/#primaryimage","inLanguage":"es","url":"https:\/\/soledaddurazo.com\/storage\/2026\/03\/1cc97887-90b1-46aa-ac65-9fdec5b1a87e-scaled.jpg","contentUrl":"https:\/\/soledaddurazo.com\/storage\/2026\/03\/1cc97887-90b1-46aa-ac65-9fdec5b1a87e-scaled.jpg","width":2560,"height":1440},{"@type":"WebPage","@id":"https:\/\/soledaddurazo.com\/blog\/2026\/03\/11\/realizan-segunda-reunion-del-consejo-de-paz-y-justicia-civica-en-guaymas\/#webpage","url":"https:\/\/soledaddurazo.com\/blog\/2026\/03\/11\/realizan-segunda-reunion-del-consejo-de-paz-y-justicia-civica-en-guaymas\/","name":"Realizan Segunda Reuni\u00f3n del Consejo de Paz y Justicia C\u00edvica en Guaymas - Periodista SoledadDurazo.com","isPartOf":{"@id":"https:\/\/soledaddurazo.com\/#website"},"primaryImageOfPage":{"@id":"https:\/\/soledaddurazo.com\/blog\/2026\/03\/11\/realizan-segunda-reunion-del-consejo-de-paz-y-justicia-civica-en-guaymas\/#primaryimage"},"datePublished":"2026-03-11T18:36:21+00:00","dateModified":"2026-03-11T18:36:21+00:00","breadcrumb":{"@id":"https:\/\/soledaddurazo.com\/blog\/2026\/03\/11\/realizan-segunda-reunion-del-consejo-de-paz-y-justicia-civica-en-guaymas\/#breadcrumb"},"inLanguage":"es","potentialAction":[{"@type":"ReadAction","target":["https:\/\/soledaddurazo.com\/blog\/2026\/03\/11\/realizan-segunda-reunion-del-consejo-de-paz-y-justicia-civica-en-guaymas\/"]}]},{"@type":"BreadcrumbList","@id":"https:\/\/soledaddurazo.com\/blog\/2026\/03\/11\/realizan-segunda-reunion-del-consejo-de-paz-y-justicia-civica-en-guaymas\/#breadcrumb","itemListElement":[{"@type":"ListItem","position":1,"name":"Home","item":"https:\/\/soledaddurazo.com\/"},{"@type":"ListItem","position":2,"name":"Realizan Segunda Reuni\u00f3n del Consejo de Paz y Justicia C\u00edvica en Guaymas"}]},{"@type":"Article","@id":"https:\/\/soledaddurazo.com\/blog\/2026\/03\/11\/realizan-segunda-reunion-del-consejo-de-paz-y-justicia-civica-en-guaymas\/#article","isPartOf":{"@id":"https:\/\/soledaddurazo.com\/blog\/2026\/03\/11\/realizan-segunda-reunion-del-consejo-de-paz-y-justicia-civica-en-guaymas\/#webpage"},"author":{"@id":"https:\/\/soledaddurazo.com\/#\/schema\/person\/822d8e13aa288585e6546f179853758b"},"headline":"Realizan Segunda Reuni\u00f3n del Consejo de Paz y Justicia C\u00edvica en Guaymas","datePublished":"2026-03-11T18:36:21+00:00","dateModified":"2026-03-11T18:36:21+00:00","mainEntityOfPage":{"@id":"https:\/\/soledaddurazo.com\/blog\/2026\/03\/11\/realizan-segunda-reunion-del-consejo-de-paz-y-justicia-civica-en-guaymas\/#webpage"},"wordCount":200,"commentCount":0,"publisher":{"@id":"https:\/\/soledaddurazo.com\/#organization"},"image":{"@id":"https:\/\/soledaddurazo.com\/blog\/2026\/03\/11\/realizan-segunda-reunion-del-consejo-de-paz-y-justicia-civica-en-guaymas\/#primaryimage"},"thumbnailUrl":"https:\/\/soledaddurazo.com\/storage\/2026\/03\/1cc97887-90b1-46aa-ac65-9fdec5b1a87e-scaled.jpg","articleSection":["Mas noticias"],"inLanguage":"es","potentialAction":[{"@type":"CommentAction","name":"Comment","target":["https:\/\/soledaddurazo.com\/blog\/2026\/03\/11\/realizan-segunda-reunion-del-consejo-de-paz-y-justicia-civica-en-guaymas\/#respond"]}]},{"@type":"Person","@id":"https:\/\/soledaddurazo.com\/#\/schema\/person\/822d8e13aa288585e6546f179853758b","name":"Redacci\u00f3n","image":{"@type":"ImageObject","@id":"https:\/\/soledaddurazo.com\/#personlogo","inLanguage":"es","url":"https:\/\/secure.gravatar.com\/avatar\/c4e193752f756fd61f04deebed3a3a20dc188d37edb53682d313ac57f2725d54?s=96&d=mm&r=g","contentUrl":"https:\/\/secure.gravatar.com\/avatar\/c4e193752f756fd61f04deebed3a3a20dc188d37edb53682d313ac57f2725d54?s=96&d=mm&r=g","caption":"Redacci\u00f3n"},"sameAs":["https:\/\/soledaddurazo.com"]}]}},"_links":{"self":[{"href":"https:\/\/soledaddurazo.com\/api\/wp\/v2\/posts\/24437","targetHints":{"allow":["GET"]}}],"collection":[{"href":"https:\/\/soledaddurazo.com\/api\/wp\/v2\/posts"}],"about":[{"href":"https:\/\/soledaddurazo.com\/api\/wp\/v2\/types\/post"}],"author":[{"embeddable":true,"href":"https:\/\/soledaddurazo.com\/api\/wp\/v2\/users\/1"}],"replies":[{"embeddable":true,"href":"https:\/\/soledaddurazo.com\/api\/wp\/v2\/comments?post=24437"}],"version-history":[{"count":1,"href":"https:\/\/soledaddurazo.com\/api\/wp\/v2\/posts\/24437\/revisions"}],"predecessor-version":[{"id":24440,"href":"https:\/\/soledaddurazo.com\/api\/wp\/v2\/posts\/24437\/revisions\/24440"}],"wp:featuredmedia":[{"embeddable":true,"href":"https:\/\/soledaddurazo.com\/api\/wp\/v2\/media\/24438"}],"wp:attachment":[{"href":"https:\/\/soledaddurazo.com\/api\/wp\/v2\/media?parent=24437"}],"wp:term":[{"taxonomy":"category","embeddable":true,"href":"https:\/\/soledaddurazo.com\/api\/wp\/v2\/categories?post=24437"},{"taxonomy":"post_tag","embeddable":true,"href":"https:\/\/soledaddurazo.com\/api\/wp\/v2\/tags?post=24437"}],"curies":[{"name":"wp","href":"https:\/\/api.w.org\/{rel}","templated":true}]}}