{"id":24425,"date":"2026-03-09T17:11:27","date_gmt":"2026-03-10T00:11:27","guid":{"rendered":"https:\/\/soledaddurazo.com\/?p=24425"},"modified":"2026-03-09T17:11:27","modified_gmt":"2026-03-10T00:11:27","slug":"vinofest-san-carlos-2026-vino-playa-y-pasarela-politica","status":"publish","type":"post","link":"https:\/\/soledaddurazo.com\/blog\/2026\/03\/09\/vinofest-san-carlos-2026-vino-playa-y-pasarela-politica\/","title":{"rendered":"Vinofest San Carlos 2026; vino, playa y pasarela pol\u00edtica"},"content":{"rendered":"<ul>\n<li><em>Consejo pol\u00edtico de Morena sin sorpresas<\/em><\/li>\n<li><em>Karla C\u00f3rdoba en el top 10 nacional de Mitofsky y en el aparador pol\u00edtico<\/em><\/li>\n<\/ul>\n<p><a href=\"https:\/\/soledaddurazo.com\/storage\/2026\/03\/fer1.jpg\"><img loading=\"lazy\" decoding=\"async\" class=\"wp-image-24426 alignleft\" src=\"https:\/\/soledaddurazo.com\/storage\/2026\/03\/fer1.jpg\" alt=\"\" width=\"350\" height=\"221\" srcset=\"https:\/\/soledaddurazo.com\/storage\/2026\/03\/fer1.jpg 1577w, https:\/\/soledaddurazo.com\/storage\/2026\/03\/fer1-300x190.jpg 300w, https:\/\/soledaddurazo.com\/storage\/2026\/03\/fer1-1024x647.jpg 1024w, https:\/\/soledaddurazo.com\/storage\/2026\/03\/fer1-768x486.jpg 768w, https:\/\/soledaddurazo.com\/storage\/2026\/03\/fer1-1536x971.jpg 1536w, https:\/\/soledaddurazo.com\/storage\/2026\/03\/fer1-600x379.jpg 600w, https:\/\/soledaddurazo.com\/storage\/2026\/03\/fer1-750x474.jpg 750w, https:\/\/soledaddurazo.com\/storage\/2026\/03\/fer1-1140x721.jpg 1140w\" sizes=\"auto, (max-width: 350px) 100vw, 350px\" \/><\/a> <a href=\"https:\/\/soledaddurazo.com\/storage\/2026\/03\/fer2.jpg\"><img loading=\"lazy\" decoding=\"async\" class=\"wp-image-24427 alignleft\" src=\"https:\/\/soledaddurazo.com\/storage\/2026\/03\/fer2.jpg\" alt=\"\" width=\"330\" height=\"220\" srcset=\"https:\/\/soledaddurazo.com\/storage\/2026\/03\/fer2.jpg 1600w, https:\/\/soledaddurazo.com\/storage\/2026\/03\/fer2-300x200.jpg 300w, https:\/\/soledaddurazo.com\/storage\/2026\/03\/fer2-1024x683.jpg 1024w, https:\/\/soledaddurazo.com\/storage\/2026\/03\/fer2-768x512.jpg 768w, https:\/\/soledaddurazo.com\/storage\/2026\/03\/fer2-1536x1024.jpg 1536w, https:\/\/soledaddurazo.com\/storage\/2026\/03\/fer2-600x400.jpg 600w, https:\/\/soledaddurazo.com\/storage\/2026\/03\/fer2-750x500.jpg 750w, https:\/\/soledaddurazo.com\/storage\/2026\/03\/fer2-1140x760.jpg 1140w\" sizes=\"auto, (max-width: 330px) 100vw, 330px\" \/><\/a><\/p>\n<p>&nbsp;<\/p>\n<p>&nbsp;<\/p>\n<p>&nbsp;<\/p>\n<p>&nbsp;<\/p>\n<p>&nbsp;<\/p>\n<p>&nbsp;<\/p>\n<p>&nbsp;<\/p>\n<p>El vino es un espacio donde el tiempo se detiene, en San Carlos, el tiempo no se detiene\u2026 m\u00e1s bien se relaja, se sienta frente al Mar de Cort\u00e9s y se sirve una copa.<\/p>\n<p>Con esa filosof\u00eda a cuestas, se llev\u00f3 a cabo el Vinofest San Carlos 2026, evento que ya es una tradici\u00f3n despu\u00e9s de ocho ediciones en donde se mezclan turismo, gastronom\u00eda\u2026 y, c\u00f3mo no, la pol\u00edtica que nunca falta, sobre todo en este 2026 que es un a\u00f1o de definiciones pol\u00edticas.<\/p>\n<p>El corte de list\u00f3n estuvo a cargo de la Presidenta Municipal de Guaymas, Karla C\u00f3rdoba, acompa\u00f1ada del siempre activo Presidente Municipal de Caborca, Abraham \u201cEl Cubano\u201d Mier; el comandante de la Regi\u00f3n Naval de Guaymas, Almirante Juan Mart\u00edn Aguilar; el C\u00f3nsul de Estados Unidos en Hermosillo, Drew Hoster; y los empresarios Roberto Lemmen Meyer y Luis Felipe Seldner.<\/p>\n<p>La sede fue Club D\u00fao, que por unas horas dej\u00f3 de ser solo un lugar frente al mar para convertirse en algo parecido a un mapa del vino mexicano, en la que se sometieron al gusto de los asistentes, etiquetas del Valle de Guadalupe, proyectos emergentes de Sonora y bodegas de distintas regiones del pa\u00eds.<\/p>\n<p>Los autores intelectuales de esta sofisticada experiencia del sabor, el empresario Roberto Lemmen Meyer y su esposa Patty Cadena de Lemmen Meyer, como buenos anfitriones, condujeron a los invitados especiales por los stands de las 45 casas vin\u00edcolas, la secci\u00f3n de la cerveza artesanal y el bacanora, vimos al C\u00f3nsul Hoster hacerle un gui\u00f1o a la dolce vita, mientras que Abraham \u201cEl cubano\u201d Mier conquistaba a los asistentes desde su concurrido stand de Caborca.<\/p>\n<p>En el Vinofest San Carlos, no se trata solo de beber vino, se trata de entender de d\u00f3nde viene, de qu\u00e9 tierra naci\u00f3 y de paso acompa\u00f1arlo con un buen plato de mariscos del Mar de Cort\u00e9s, que en estas latitudes no necesita mucha presentaci\u00f3n.\u00a0 La tarde avanz\u00f3 en un ambiente de exclusividad entre catas guiadas, bacanora, cerveza artesanal y largas pl\u00e1ticas, de esas que empiezan hablando de vino y terminan inevitablemente hablando de pol\u00edtica y cuando el sol se escondi\u00f3 detr\u00e1s del imponente cerro Tetakawi, el ambiente cambi\u00f3 de tono, al ritmo de salsa, y m\u00e1s de uno sac\u00f3 su lado chavorruco cuando empezaron a sonar los cl\u00e1sicos de Timbiriche y las copas, por cierto, nunca estuvieron vac\u00edas.<\/p>\n<p>Lo interesante del Vinofest San Carlos fue la pasarela de pol\u00edticos, empresarios y personajes de distintas ideolog\u00edas, que se mantienen vigentes en la arena pol\u00edtica, cuando es raro verlos coincidir fuera del \u00e1mbito p\u00fablico. Por ah\u00ed se dej\u00f3 ver el exgobernador Eduardo Bours, acompa\u00f1ado de sus hermanos Ricardo y Rodrigo, tambi\u00e9n apareci\u00f3 el exgobernador Guillermo Padr\u00e9s, el Presidente Municipal de Cajeme, Javier Lamarque y la Senadora Lorenia Valles, reci\u00e9n llegados de la CDMX despu\u00e9s de un compromiso partidista, con todos ellos fue posible intercambiar palabras y conceptos sobre el acontecer actual.<\/p>\n<p>Y ya entrada la noche lleg\u00f3 el momento m\u00e1s esperado, las luces del escenario se encendieron, apareci\u00f3 la silueta de Emmanuel, la leyenda de la m\u00fasica latina que ha puesto a cantar a varias generaciones, miles de asistentes corearon cl\u00e1sicos como Coraz\u00f3n de melao; \u00a0Pobre diablo; \u00a0Tengo mucho que aprender de ti; \u00a0Quiero dormir cansado; Detenedla ya; Bella se\u00f1ora; Quiero dormir cansado; Toda la vida; Chica de humo, entre otras.<\/p>\n<p>Los anfitriones del evento, Roberto Lemmen Meyer y su esposa Patricia Cadena de Lemmen Meyer, le entregaron un reconocimiento a manera de homenaje al cantante Emmanuel, que con su actuaci\u00f3n hizo vibrar el coraz\u00f3n del principal destino tur\u00edstico de Sonora, en la noche m\u00e1s luminosa del a\u00f1o, cuando las estrellas iluminaron el Mar de Cort\u00e9s.<\/p>\n<p>Se\u00f1oras y se\u00f1ores, San Carlos no solo produce paisajes espectaculares, con eventos como el Vinofest, donde se produjeron muchos recuerdos, de esos que, como el buen vino, se quedan guardados en la memoria\u2026.. y en los sentidos.<\/p>\n<p><strong>CONSEJO POL\u00cdTICO DE MORENA SIN SORPRESAS<\/strong><\/p>\n<p>Morena no se conf\u00eda, el 2027 ya se juega en este 2026 que es de definiciones pol\u00edticas, en reuni\u00f3n de Consejo Pol\u00edtico Nacional realizada el pasado s\u00e1bado, los Delegados de Morena, aprobaron definir los Coordinadores Estatales para la Defensa de la Cuarta Transformaci\u00f3n para el 22 de junio, que a la postre, ser\u00e1n los candidatos para las 17 gubernaturas en juego en el 2027, incluyendo a Sonora.<\/p>\n<p>En la reuni\u00f3n tambi\u00e9n se fijaron reglas de austeridad y de convivencia partidista para evitar el fuego amigo y fracturas internas del pasado. Por cierto, no se cumplieron los pron\u00f3sticos que daban como un hecho, desde el jueves pasado, cambios en la dirigencia nacional que ser\u00edan formalizados en la reuni\u00f3n convocada el s\u00e1bado.<\/p>\n<p>El presidente del Consejo Nacional de Morena, Alfonso Durazo Monta\u00f1o, lanz\u00f3 un mensaje directo a la militancia y fue claro; la prioridad para el proceso electoral es la unidad.<\/p>\n<p>Durazo fue claro al recordar que en el movimiento no est\u00e1 en juego el destino de proyectos personales, sino la continuidad de la Cuarta Transformaci\u00f3n.<\/p>\n<p>Por eso su llamado a la militancia a actuar con congruencia, disciplina y apego a los principios fundacionales de Morena, lo que el Gobernador de Sonora quiso pedir a los militantes de Morena, menos grilla interna y m\u00e1s cohesi\u00f3n.<\/p>\n<p>Se\u00f1oras y se\u00f1ores, como siempre ha sucedido en la pol\u00edtica mexicana, nadie dice que anda en campa\u00f1a, pero todos act\u00faan como si ya anduvieran desde hace rato, mientras los posibles candidatos ya hacen lo que mejor saben hacer, medirse, posicionarse y esperar el momento.<\/p>\n<p><strong>KARLA C\u00d3RDOBA EN EL TOP 10 NACIONAL DE MITOFSKY Y EN EL APARADOR POL\u00cdTICO <\/strong><\/p>\n<p>Paralelamente, aqu\u00ed en Sonora, en el reciente estudio demosc\u00f3pico realizado por la casa encuestadora Mitofsky, la Doctora Karla C\u00f3rdoba entr\u00f3 al ranking de los mejores diez Presidentes Municipales a nivel nacional, la mejor en Sonora surgidas del partido en el poder y la segunda a nivel estado.<\/p>\n<p>La doctora C\u00f3rdoba se ha dedicado a hacer la tarea con resultados cuantificables y medibles en el puerto, capitalizando con pericia pol\u00edtica su exitosa gesti\u00f3n como su mejor carta de presentaci\u00f3n, mientras muchos de sus hom\u00f3logos compa\u00f1eros de partido, todav\u00eda no pueden tomar bien la manija del control.<\/p>\n<p>La doctora C\u00f3rdoba ya est\u00e1 en el aparador pol\u00edtico de las definiciones que vienen, an\u00f3tela y no la pierda de vista.<\/p>\n<p>Los invito a escuchar los viernes la mesa de an\u00e1lisis de SONORA EN RED NOTICIAS, ejercicio de opini\u00f3n que realizo en compa\u00f1\u00eda de mis amigos Arturo Chapo Soto, Arturo Ballesteros y Gustavo Valenzuela, por el 93.3 del cuadrante de F.M. desde Guaymas para todo el sur de Sonora, y por la se\u00f1al del canal 14 de Estrella Tucson TV, en el sur de Arizona.<\/p>\n<p>Y en Radio Sol 104.7 F.M. LENGUAS VESPERTINAS, de lunes a viernes a las 17:00 horas, le vamos a ofrecer una peque\u00f1a dosis de grilla.<\/p>\n<p>Podemos interactuar a trav\u00e9s de mi cuenta de Twitter @feroropeza20 o en mi correo electr\u00f3nico <a href=\"mailto:luiso@hmo.megared.net.mx\">luiso@hmo.megared.net.mx<\/a><\/p>\n<p>&nbsp;<\/p>\n<p>&nbsp;<\/p>\n","protected":false},"excerpt":{"rendered":"<p>Consejo pol\u00edtico de Morena sin sorpresas Karla C\u00f3rdoba en el top 10 nacional de Mitofsky y en el aparador pol\u00edtico &nbsp; &nbsp; &nbsp; &nbsp; &nbsp; &nbsp; &nbsp; El vino es un espacio donde el tiempo se detiene, en San Carlos, el tiempo no se detiene\u2026 m\u00e1s bien se relaja, se sienta frente al Mar de [&hellip;]<\/p>\n","protected":false},"author":1,"featured_media":24030,"comment_status":"open","ping_status":"open","sticky":false,"template":"","format":"standard","meta":{"footnotes":""},"categories":[173],"tags":[],"class_list":["post"],"yoast_head":" \n<title>Vinofest San Carlos 2026; vino, playa y pasarela pol\u00edtica - Periodista SoledadDurazo.com<\/title>\n<meta name=\"robots\" content=\"index, follow, max-snippet:-1, max-image-preview:large, max-video-preview:-1\" \/>\n<link rel=\"canonical\" href=\"https:\/\/soledaddurazo.com\/blog\/2026\/03\/09\/vinofest-san-carlos-2026-vino-playa-y-pasarela-politica\/\" \/>\n<meta property=\"og:locale\" content=\"es_MX\" \/>\n<meta property=\"og:type\" content=\"article\" \/>\n<meta property=\"og:title\" content=\"Vinofest San Carlos 2026; vino, playa y pasarela pol\u00edtica\" \/>\n<meta property=\"og:description\" content=\"Consejo pol\u00edtico de Morena sin sorpresas Karla C\u00f3rdoba en el top 10 nacional de Mitofsky y en el aparador pol\u00edtico &nbsp; &nbsp; &nbsp; &nbsp; &nbsp; &nbsp; &nbsp; El vino es un espacio donde el tiempo se detiene, en San Carlos, el tiempo no se detiene\u2026 m\u00e1s bien se relaja, se sienta frente al Mar de [&hellip;]\" \/>\n<meta property=\"og:url\" content=\"https:\/\/soledaddurazo.com\/blog\/2026\/03\/09\/vinofest-san-carlos-2026-vino-playa-y-pasarela-politica\/\" \/>\n<meta property=\"og:site_name\" content=\"Periodista SoledadDurazo.com\" \/>\n<meta property=\"article:publisher\" content=\"https:\/\/www.facebook.com\/soledad.durazo.9\/\" \/>\n<meta property=\"article:published_time\" content=\"2026-03-10T00:11:27+00:00\" \/>\n<meta property=\"og:image\" content=\"https:\/\/soledaddurazo.com\/storage\/2026\/01\/9a-GRAFICO-FERNANDO-OROPEZA.jpeg\" \/>\n\t<meta property=\"og:image:width\" content=\"1092\" \/>\n\t<meta property=\"og:image:height\" content=\"983\" \/>\n<meta name=\"twitter:card\" content=\"summary_large_image\" \/>\n<meta name=\"twitter:creator\" content=\"@SoledadDurazo\" \/>\n<meta name=\"twitter:site\" content=\"@SoledadDurazo\" \/>\n<meta name=\"twitter:label1\" content=\"Escrito por\" \/>\n\t<meta name=\"twitter:data1\" content=\"Redacci\u00f3n\" \/>\n\t<meta name=\"twitter:label2\" content=\"Tiempo de lectura\" \/>\n\t<meta name=\"twitter:data2\" content=\"6 minutos\" \/>\n<script type=\"application\/ld+json\" class=\"yoast-schema-graph\">{\"@context\":\"https:\/\/schema.org\",\"@graph\":[{\"@type\":\"Organization\",\"@id\":\"https:\/\/soledaddurazo.com\/#organization\",\"name\":\"Soledad Durazo\",\"url\":\"https:\/\/soledaddurazo.com\/\",\"sameAs\":[\"https:\/\/www.facebook.com\/soledad.durazo.9\/\",\"https:\/\/www.instagram.com\/soledaddurazo\",\"https:\/\/www.youtube.com\/channel\/UC9yGPw8-Vbl_B2XNkRwPS-w\",\"https:\/\/twitter.com\/SoledadDurazo\"],\"logo\":{\"@type\":\"ImageObject\",\"@id\":\"https:\/\/soledaddurazo.com\/#logo\",\"inLanguage\":\"es\",\"url\":\"https:\/\/soledaddurazo.com\/storage\/2021\/11\/nllp-720x375-1-2.png\",\"contentUrl\":\"https:\/\/soledaddurazo.com\/storage\/2021\/11\/nllp-720x375-1-2.png\",\"width\":720,\"height\":375,\"caption\":\"Soledad Durazo\"},\"image\":{\"@id\":\"https:\/\/soledaddurazo.com\/#logo\"}},{\"@type\":\"WebSite\",\"@id\":\"https:\/\/soledaddurazo.com\/#website\",\"url\":\"https:\/\/soledaddurazo.com\/\",\"name\":\"Periodista SoledadDurazo.com\",\"description\":\"Periodista sonorense. Directora de www.SoledadDurazo.com Columnista, conductora de radio y Tv. Catedr\\u00e1tica en la UNISON\",\"publisher\":{\"@id\":\"https:\/\/soledaddurazo.com\/#organization\"},\"potentialAction\":[{\"@type\":\"SearchAction\",\"target\":{\"@type\":\"EntryPoint\",\"urlTemplate\":\"https:\/\/soledaddurazo.com\/?s={search_term_string}\"},\"query-input\":\"required name=search_term_string\"}],\"inLanguage\":\"es\"},{\"@type\":\"ImageObject\",\"@id\":\"https:\/\/soledaddurazo.com\/blog\/2026\/03\/09\/vinofest-san-carlos-2026-vino-playa-y-pasarela-politica\/#primaryimage\",\"inLanguage\":\"es\",\"url\":\"https:\/\/soledaddurazo.com\/storage\/2026\/01\/9a-GRAFICO-FERNANDO-OROPEZA.jpeg\",\"contentUrl\":\"https:\/\/soledaddurazo.com\/storage\/2026\/01\/9a-GRAFICO-FERNANDO-OROPEZA.jpeg\",\"width\":1092,\"height\":983},{\"@type\":\"WebPage\",\"@id\":\"https:\/\/soledaddurazo.com\/blog\/2026\/03\/09\/vinofest-san-carlos-2026-vino-playa-y-pasarela-politica\/#webpage\",\"url\":\"https:\/\/soledaddurazo.com\/blog\/2026\/03\/09\/vinofest-san-carlos-2026-vino-playa-y-pasarela-politica\/\",\"name\":\"Vinofest San Carlos 2026; vino, playa y pasarela pol\\u00edtica - Periodista SoledadDurazo.com\",\"isPartOf\":{\"@id\":\"https:\/\/soledaddurazo.com\/#website\"},\"primaryImageOfPage\":{\"@id\":\"https:\/\/soledaddurazo.com\/blog\/2026\/03\/09\/vinofest-san-carlos-2026-vino-playa-y-pasarela-politica\/#primaryimage\"},\"datePublished\":\"2026-03-10T00:11:27+00:00\",\"dateModified\":\"2026-03-10T00:11:27+00:00\",\"breadcrumb\":{\"@id\":\"https:\/\/soledaddurazo.com\/blog\/2026\/03\/09\/vinofest-san-carlos-2026-vino-playa-y-pasarela-politica\/#breadcrumb\"},\"inLanguage\":\"es\",\"potentialAction\":[{\"@type\":\"ReadAction\",\"target\":[\"https:\/\/soledaddurazo.com\/blog\/2026\/03\/09\/vinofest-san-carlos-2026-vino-playa-y-pasarela-politica\/\"]}]},{\"@type\":\"BreadcrumbList\",\"@id\":\"https:\/\/soledaddurazo.com\/blog\/2026\/03\/09\/vinofest-san-carlos-2026-vino-playa-y-pasarela-politica\/#breadcrumb\",\"itemListElement\":[{\"@type\":\"ListItem\",\"position\":1,\"name\":\"Home\",\"item\":\"https:\/\/soledaddurazo.com\/\"},{\"@type\":\"ListItem\",\"position\":2,\"name\":\"Vinofest San Carlos 2026; vino, playa y pasarela pol\\u00edtica\"}]},{\"@type\":\"Article\",\"@id\":\"https:\/\/soledaddurazo.com\/blog\/2026\/03\/09\/vinofest-san-carlos-2026-vino-playa-y-pasarela-politica\/#article\",\"isPartOf\":{\"@id\":\"https:\/\/soledaddurazo.com\/blog\/2026\/03\/09\/vinofest-san-carlos-2026-vino-playa-y-pasarela-politica\/#webpage\"},\"author\":{\"@id\":\"https:\/\/soledaddurazo.com\/#\/schema\/person\/822d8e13aa288585e6546f179853758b\"},\"headline\":\"Vinofest San Carlos 2026; vino, playa y pasarela pol\\u00edtica\",\"datePublished\":\"2026-03-10T00:11:27+00:00\",\"dateModified\":\"2026-03-10T00:11:27+00:00\",\"mainEntityOfPage\":{\"@id\":\"https:\/\/soledaddurazo.com\/blog\/2026\/03\/09\/vinofest-san-carlos-2026-vino-playa-y-pasarela-politica\/#webpage\"},\"wordCount\":1272,\"commentCount\":0,\"publisher\":{\"@id\":\"https:\/\/soledaddurazo.com\/#organization\"},\"image\":{\"@id\":\"https:\/\/soledaddurazo.com\/blog\/2026\/03\/09\/vinofest-san-carlos-2026-vino-playa-y-pasarela-politica\/#primaryimage\"},\"thumbnailUrl\":\"https:\/\/soledaddurazo.com\/storage\/2026\/01\/9a-GRAFICO-FERNANDO-OROPEZA.jpeg\",\"articleSection\":[\"Fernando Oropeza\"],\"inLanguage\":\"es\",\"potentialAction\":[{\"@type\":\"CommentAction\",\"name\":\"Comment\",\"target\":[\"https:\/\/soledaddurazo.com\/blog\/2026\/03\/09\/vinofest-san-carlos-2026-vino-playa-y-pasarela-politica\/#respond\"]}]},{\"@type\":\"Person\",\"@id\":\"https:\/\/soledaddurazo.com\/#\/schema\/person\/822d8e13aa288585e6546f179853758b\",\"name\":\"Redacci\\u00f3n\",\"image\":{\"@type\":\"ImageObject\",\"@id\":\"https:\/\/soledaddurazo.com\/#personlogo\",\"inLanguage\":\"es\",\"url\":\"https:\/\/secure.gravatar.com\/avatar\/c4e193752f756fd61f04deebed3a3a20dc188d37edb53682d313ac57f2725d54?s=96&d=mm&r=g\",\"contentUrl\":\"https:\/\/secure.gravatar.com\/avatar\/c4e193752f756fd61f04deebed3a3a20dc188d37edb53682d313ac57f2725d54?s=96&d=mm&r=g\",\"caption\":\"Redacci\\u00f3n\"},\"sameAs\":[\"https:\/\/soledaddurazo.com\"]}]}<\/script>\n ","yoast_head_json":{"title":"Vinofest San Carlos 2026; vino, playa y pasarela pol\u00edtica - Periodista SoledadDurazo.com","robots":{"index":"index","follow":"follow","max-snippet":"max-snippet:-1","max-image-preview":"max-image-preview:large","max-video-preview":"max-video-preview:-1"},"canonical":"https:\/\/soledaddurazo.com\/blog\/2026\/03\/09\/vinofest-san-carlos-2026-vino-playa-y-pasarela-politica\/","og_locale":"es_MX","og_type":"article","og_title":"Vinofest San Carlos 2026; vino, playa y pasarela pol\u00edtica","og_description":"Consejo pol\u00edtico de Morena sin sorpresas Karla C\u00f3rdoba en el top 10 nacional de Mitofsky y en el aparador pol\u00edtico &nbsp; &nbsp; &nbsp; &nbsp; &nbsp; &nbsp; &nbsp; El vino es un espacio donde el tiempo se detiene, en San Carlos, el tiempo no se detiene\u2026 m\u00e1s bien se relaja, se sienta frente al Mar de [&hellip;]","og_url":"https:\/\/soledaddurazo.com\/blog\/2026\/03\/09\/vinofest-san-carlos-2026-vino-playa-y-pasarela-politica\/","og_site_name":"Periodista SoledadDurazo.com","article_publisher":"https:\/\/www.facebook.com\/soledad.durazo.9\/","article_published_time":"2026-03-10T00:11:27+00:00","og_image":[{"width":1092,"height":983,"url":"https:\/\/soledaddurazo.com\/storage\/2026\/01\/9a-GRAFICO-FERNANDO-OROPEZA.jpeg","type":"image\/jpeg"}],"twitter_card":"summary_large_image","twitter_creator":"@SoledadDurazo","twitter_site":"@SoledadDurazo","twitter_misc":{"Escrito por":"Redacci\u00f3n","Tiempo de lectura":"6 minutos"},"schema":{"@context":"https:\/\/schema.org","@graph":[{"@type":"Organization","@id":"https:\/\/soledaddurazo.com\/#organization","name":"Soledad Durazo","url":"https:\/\/soledaddurazo.com\/","sameAs":["https:\/\/www.facebook.com\/soledad.durazo.9\/","https:\/\/www.instagram.com\/soledaddurazo","https:\/\/www.youtube.com\/channel\/UC9yGPw8-Vbl_B2XNkRwPS-w","https:\/\/twitter.com\/SoledadDurazo"],"logo":{"@type":"ImageObject","@id":"https:\/\/soledaddurazo.com\/#logo","inLanguage":"es","url":"https:\/\/soledaddurazo.com\/storage\/2021\/11\/nllp-720x375-1-2.png","contentUrl":"https:\/\/soledaddurazo.com\/storage\/2021\/11\/nllp-720x375-1-2.png","width":720,"height":375,"caption":"Soledad Durazo"},"image":{"@id":"https:\/\/soledaddurazo.com\/#logo"}},{"@type":"WebSite","@id":"https:\/\/soledaddurazo.com\/#website","url":"https:\/\/soledaddurazo.com\/","name":"Periodista SoledadDurazo.com","description":"Periodista sonorense. Directora de www.SoledadDurazo.com Columnista, conductora de radio y Tv. Catedr\u00e1tica en la UNISON","publisher":{"@id":"https:\/\/soledaddurazo.com\/#organization"},"potentialAction":[{"@type":"SearchAction","target":{"@type":"EntryPoint","urlTemplate":"https:\/\/soledaddurazo.com\/?s={search_term_string}"},"query-input":"required name=search_term_string"}],"inLanguage":"es"},{"@type":"ImageObject","@id":"https:\/\/soledaddurazo.com\/blog\/2026\/03\/09\/vinofest-san-carlos-2026-vino-playa-y-pasarela-politica\/#primaryimage","inLanguage":"es","url":"https:\/\/soledaddurazo.com\/storage\/2026\/01\/9a-GRAFICO-FERNANDO-OROPEZA.jpeg","contentUrl":"https:\/\/soledaddurazo.com\/storage\/2026\/01\/9a-GRAFICO-FERNANDO-OROPEZA.jpeg","width":1092,"height":983},{"@type":"WebPage","@id":"https:\/\/soledaddurazo.com\/blog\/2026\/03\/09\/vinofest-san-carlos-2026-vino-playa-y-pasarela-politica\/#webpage","url":"https:\/\/soledaddurazo.com\/blog\/2026\/03\/09\/vinofest-san-carlos-2026-vino-playa-y-pasarela-politica\/","name":"Vinofest San Carlos 2026; vino, playa y pasarela pol\u00edtica - Periodista SoledadDurazo.com","isPartOf":{"@id":"https:\/\/soledaddurazo.com\/#website"},"primaryImageOfPage":{"@id":"https:\/\/soledaddurazo.com\/blog\/2026\/03\/09\/vinofest-san-carlos-2026-vino-playa-y-pasarela-politica\/#primaryimage"},"datePublished":"2026-03-10T00:11:27+00:00","dateModified":"2026-03-10T00:11:27+00:00","breadcrumb":{"@id":"https:\/\/soledaddurazo.com\/blog\/2026\/03\/09\/vinofest-san-carlos-2026-vino-playa-y-pasarela-politica\/#breadcrumb"},"inLanguage":"es","potentialAction":[{"@type":"ReadAction","target":["https:\/\/soledaddurazo.com\/blog\/2026\/03\/09\/vinofest-san-carlos-2026-vino-playa-y-pasarela-politica\/"]}]},{"@type":"BreadcrumbList","@id":"https:\/\/soledaddurazo.com\/blog\/2026\/03\/09\/vinofest-san-carlos-2026-vino-playa-y-pasarela-politica\/#breadcrumb","itemListElement":[{"@type":"ListItem","position":1,"name":"Home","item":"https:\/\/soledaddurazo.com\/"},{"@type":"ListItem","position":2,"name":"Vinofest San Carlos 2026; vino, playa y pasarela pol\u00edtica"}]},{"@type":"Article","@id":"https:\/\/soledaddurazo.com\/blog\/2026\/03\/09\/vinofest-san-carlos-2026-vino-playa-y-pasarela-politica\/#article","isPartOf":{"@id":"https:\/\/soledaddurazo.com\/blog\/2026\/03\/09\/vinofest-san-carlos-2026-vino-playa-y-pasarela-politica\/#webpage"},"author":{"@id":"https:\/\/soledaddurazo.com\/#\/schema\/person\/822d8e13aa288585e6546f179853758b"},"headline":"Vinofest San Carlos 2026; vino, playa y pasarela pol\u00edtica","datePublished":"2026-03-10T00:11:27+00:00","dateModified":"2026-03-10T00:11:27+00:00","mainEntityOfPage":{"@id":"https:\/\/soledaddurazo.com\/blog\/2026\/03\/09\/vinofest-san-carlos-2026-vino-playa-y-pasarela-politica\/#webpage"},"wordCount":1272,"commentCount":0,"publisher":{"@id":"https:\/\/soledaddurazo.com\/#organization"},"image":{"@id":"https:\/\/soledaddurazo.com\/blog\/2026\/03\/09\/vinofest-san-carlos-2026-vino-playa-y-pasarela-politica\/#primaryimage"},"thumbnailUrl":"https:\/\/soledaddurazo.com\/storage\/2026\/01\/9a-GRAFICO-FERNANDO-OROPEZA.jpeg","articleSection":["Fernando Oropeza"],"inLanguage":"es","potentialAction":[{"@type":"CommentAction","name":"Comment","target":["https:\/\/soledaddurazo.com\/blog\/2026\/03\/09\/vinofest-san-carlos-2026-vino-playa-y-pasarela-politica\/#respond"]}]},{"@type":"Person","@id":"https:\/\/soledaddurazo.com\/#\/schema\/person\/822d8e13aa288585e6546f179853758b","name":"Redacci\u00f3n","image":{"@type":"ImageObject","@id":"https:\/\/soledaddurazo.com\/#personlogo","inLanguage":"es","url":"https:\/\/secure.gravatar.com\/avatar\/c4e193752f756fd61f04deebed3a3a20dc188d37edb53682d313ac57f2725d54?s=96&d=mm&r=g","contentUrl":"https:\/\/secure.gravatar.com\/avatar\/c4e193752f756fd61f04deebed3a3a20dc188d37edb53682d313ac57f2725d54?s=96&d=mm&r=g","caption":"Redacci\u00f3n"},"sameAs":["https:\/\/soledaddurazo.com"]}]}},"_links":{"self":[{"href":"https:\/\/soledaddurazo.com\/api\/wp\/v2\/posts\/24425","targetHints":{"allow":["GET"]}}],"collection":[{"href":"https:\/\/soledaddurazo.com\/api\/wp\/v2\/posts"}],"about":[{"href":"https:\/\/soledaddurazo.com\/api\/wp\/v2\/types\/post"}],"author":[{"embeddable":true,"href":"https:\/\/soledaddurazo.com\/api\/wp\/v2\/users\/1"}],"replies":[{"embeddable":true,"href":"https:\/\/soledaddurazo.com\/api\/wp\/v2\/comments?post=24425"}],"version-history":[{"count":1,"href":"https:\/\/soledaddurazo.com\/api\/wp\/v2\/posts\/24425\/revisions"}],"predecessor-version":[{"id":24428,"href":"https:\/\/soledaddurazo.com\/api\/wp\/v2\/posts\/24425\/revisions\/24428"}],"wp:featuredmedia":[{"embeddable":true,"href":"https:\/\/soledaddurazo.com\/api\/wp\/v2\/media\/24030"}],"wp:attachment":[{"href":"https:\/\/soledaddurazo.com\/api\/wp\/v2\/media?parent=24425"}],"wp:term":[{"taxonomy":"category","embeddable":true,"href":"https:\/\/soledaddurazo.com\/api\/wp\/v2\/categories?post=24425"},{"taxonomy":"post_tag","embeddable":true,"href":"https:\/\/soledaddurazo.com\/api\/wp\/v2\/tags?post=24425"}],"curies":[{"name":"wp","href":"https:\/\/api.w.org\/{rel}","templated":true}]}}