{"id":24407,"date":"2026-03-06T19:42:08","date_gmt":"2026-03-07T02:42:08","guid":{"rendered":"https:\/\/soledaddurazo.com\/?p=24407"},"modified":"2026-03-06T19:44:15","modified_gmt":"2026-03-07T02:44:15","slug":"a-un-ano-del-rancho-izaguirre-la-situacion-sigue-igual-o-peor-ahora-se-llevan-a-menores-de-11-a-14-anos","status":"publish","type":"post","link":"https:\/\/soledaddurazo.com\/blog\/2026\/03\/06\/a-un-ano-del-rancho-izaguirre-la-situacion-sigue-igual-o-peor-ahora-se-llevan-a-menores-de-11-a-14-anos\/","title":{"rendered":"A un a\u00f1o del Rancho Izaguirre: \u201cLa situaci\u00f3n sigue igual o peor; ahora se llevan a menores de 11 a 14 a\u00f1os\u201d"},"content":{"rendered":"<p><strong>\u00a0<\/strong>A un a\u00f1o del hallazgo del Rancho Izaguirre, uno de los casos que evidenci\u00f3 la crisis de desapariciones y reclutamiento forzado hacia el crimen organizado que vive el pa\u00eds; las desapariciones en Jalisco no se han detenido y, de acuerdo con el colectivo <strong>Guerreros Buscadores de Jalisco<\/strong>, el <strong>organismo que localiz\u00f3 el Rancho Izaguirre<\/strong>, incluso se ha agravado con el<strong> aumento de casos de ni\u00f1as, ni\u00f1os y adolescentes.<\/strong><\/p>\n<p><strong>\u00a0<\/strong><strong>\u201cLa situaci\u00f3n sigue igual o hasta peor, porque ahorita desgraciadamente est\u00e1n haciendo levantamiento de menores de edad, de 11 hasta 14 a\u00f1os se est\u00e1n llevando, antes eran de m\u00e1s edad\u201d, <\/strong>advirti\u00f3 Ra\u00fal Serv\u00edn, miembro del colectivo Guerreros Buscadores de Jalisco en entrevista para Radio F\u00f3rmula Sonora en el noticiero de Soledad Durazo.<\/p>\n<p>Seg\u00fan datos del Registro Nacional de Personas Desaparecidas y No Localizadas, en el \u00faltimo a\u00f1o el estado ha registrado 920 personas reportadas como desaparecidas, no localizadas o posteriormente localizadas.<\/p>\n<p>De ese total:<\/p>\n<ul>\n<li><strong><strong>429 personas siguen sin aparecer.<\/strong><\/strong><\/li>\n<li><strong>35 fueron localizadas sin vida.<\/strong><\/li>\n<\/ul>\n<p><strong><u>(Las cifras no incluyen casos que nunca son denunciados formalmente).<\/u><\/strong><\/p>\n<p>De acuerdo con el integrante del colectivo, los casos ocurren en situaciones cotidianas:<\/p>\n<p><strong>\u201cHan sucedido casos de unos que fueron a tirar la basura, otros que fueron a la tienda y ya no regresaron; otros estaban en la calle y pues al pasar los veh\u00edculos o las motos los jalan y se los llevan\u201d.<\/strong><\/p>\n<p><strong>\u00a0<\/strong>Al ser cuestionado sobre cu\u00e1ntos casos recientes tienen identificados, Serv\u00edn explic\u00f3 que al menos <strong>30 menores desaparecido<\/strong>s han sido reportados al colectivo para la elaboraci\u00f3n de fichas de b\u00fasqueda.<\/p>\n<p><strong>\u201cYo ahorita s\u00ed tengo en mente como 30\u2026 de personas que nos habla o se pone en contacto con nosotros para hacerles una ficha a su familiar que desapareci\u00f3\u201d.<\/strong><\/p>\n<p><strong>\u00a0<\/strong>Pese a ello, afirm\u00f3 que las b\u00fasquedas contin\u00faan principalmente por iniciativa de las familias, ante la falta de respuesta institucional.<\/p>\n<p><strong>\u00a0<\/strong><strong>\u201cLas b\u00fasquedas siguen. El gobierno no nos debe impedir absolutamente para nada; si ellos no quieren hacer el trabajo lo tenemos que hacer nosotros\u2026 el gobierno nunca nos va a apoyar\u201d.<\/strong><\/p>\n<p><strong>\u00a0<\/strong>Serv\u00edn tambi\u00e9n se\u00f1al\u00f3 que han advertido a las autoridades sobre otros predios donde podr\u00edan existir restos humanos, cercanos al sitio del hallazgo.<\/p>\n<p><strong>\u00a0<\/strong><strong>\u201cSiepre se los hemos mencionado al gobierno o a las fiscal\u00edas de los ranchos que est\u00e1n enseguida; el Rancho La Vega y el Rancho Ahualulco del Mercado, donde tambi\u00e9n encontramos restos de personas calcinadas\u201d.<\/strong><\/p>\n<p><strong>\u00a0<\/strong>A un a\u00f1o del hallazgo del Rancho Izaguirre, el balance deja m\u00e1s preguntas que respuestas: \u00bfqu\u00e9 cambi\u00f3 realmente tras el descubrimiento del predio? \u00bfQu\u00e9 acciones se tomaron para frenar las desapariciones y el reclutamiento forzado? \u00bfPor qu\u00e9 siguen desapareciendo menores?<\/p>\n<p>Mientras las <strong>autoridades no logran contener la crisis<\/strong>, las <strong>familias <\/strong>contin\u00faan <strong>buscando<\/strong>, en un estado donde la violencia no solo desaparece personas, sino que ahora tambi\u00e9n alcanza a<strong> ni\u00f1os y adolescentes.<\/strong><\/p>\n<p><strong>\u00a0<\/strong><\/p>\n","protected":false},"excerpt":{"rendered":"<p>\u00a0A un a\u00f1o del hallazgo del Rancho Izaguirre, uno de los casos que evidenci\u00f3 la crisis de desapariciones y reclutamiento forzado hacia el crimen organizado que vive el pa\u00eds; las desapariciones en Jalisco no se han detenido y, de acuerdo con el colectivo Guerreros Buscadores de Jalisco, el organismo que localiz\u00f3 el Rancho Izaguirre, incluso [&hellip;]<\/p>\n","protected":false},"author":1,"featured_media":24408,"comment_status":"open","ping_status":"open","sticky":false,"template":"","format":"standard","meta":{"footnotes":""},"categories":[153],"tags":[],"class_list":["post"],"yoast_head":" \n<title>A un a\u00f1o del Rancho Izaguirre: \u201cLa situaci\u00f3n sigue igual o peor; ahora se llevan a menores de 11 a 14 a\u00f1os\u201d - Periodista SoledadDurazo.com<\/title>\n<meta name=\"robots\" content=\"index, follow, max-snippet:-1, max-image-preview:large, max-video-preview:-1\" \/>\n<link rel=\"canonical\" href=\"https:\/\/soledaddurazo.com\/blog\/2026\/03\/06\/a-un-ano-del-rancho-izaguirre-la-situacion-sigue-igual-o-peor-ahora-se-llevan-a-menores-de-11-a-14-anos\/\" \/>\n<meta property=\"og:locale\" content=\"es_MX\" \/>\n<meta property=\"og:type\" content=\"article\" \/>\n<meta property=\"og:title\" content=\"A un a\u00f1o del Rancho Izaguirre: \u201cLa situaci\u00f3n sigue igual o peor; ahora se llevan a menores de 11 a 14 a\u00f1os\u201d\" \/>\n<meta property=\"og:description\" content=\"\u00a0A un a\u00f1o del hallazgo del Rancho Izaguirre, uno de los casos que evidenci\u00f3 la crisis de desapariciones y reclutamiento forzado hacia el crimen organizado que vive el pa\u00eds; las desapariciones en Jalisco no se han detenido y, de acuerdo con el colectivo Guerreros Buscadores de Jalisco, el organismo que localiz\u00f3 el Rancho Izaguirre, incluso [&hellip;]\" \/>\n<meta property=\"og:url\" content=\"https:\/\/soledaddurazo.com\/blog\/2026\/03\/06\/a-un-ano-del-rancho-izaguirre-la-situacion-sigue-igual-o-peor-ahora-se-llevan-a-menores-de-11-a-14-anos\/\" \/>\n<meta property=\"og:site_name\" content=\"Periodista SoledadDurazo.com\" \/>\n<meta property=\"article:publisher\" content=\"https:\/\/www.facebook.com\/soledad.durazo.9\/\" \/>\n<meta property=\"article:published_time\" content=\"2026-03-07T02:42:08+00:00\" \/>\n<meta property=\"article:modified_time\" content=\"2026-03-07T02:44:15+00:00\" \/>\n<meta property=\"og:image\" content=\"https:\/\/soledaddurazo.com\/storage\/2026\/03\/0a379eb7-fe9b-4ad4-842b-aa630fa60e33.jpg\" \/>\n\t<meta property=\"og:image:width\" content=\"1280\" \/>\n\t<meta property=\"og:image:height\" content=\"720\" \/>\n<meta name=\"twitter:card\" content=\"summary_large_image\" \/>\n<meta name=\"twitter:creator\" content=\"@SoledadDurazo\" \/>\n<meta name=\"twitter:site\" content=\"@SoledadDurazo\" \/>\n<meta name=\"twitter:label1\" content=\"Escrito por\" \/>\n\t<meta name=\"twitter:data1\" content=\"Redacci\u00f3n\" \/>\n\t<meta name=\"twitter:label2\" content=\"Tiempo de lectura\" \/>\n\t<meta name=\"twitter:data2\" content=\"2 minutos\" \/>\n<script type=\"application\/ld+json\" class=\"yoast-schema-graph\">{\"@context\":\"https:\/\/schema.org\",\"@graph\":[{\"@type\":\"Organization\",\"@id\":\"https:\/\/soledaddurazo.com\/#organization\",\"name\":\"Soledad Durazo\",\"url\":\"https:\/\/soledaddurazo.com\/\",\"sameAs\":[\"https:\/\/www.facebook.com\/soledad.durazo.9\/\",\"https:\/\/www.instagram.com\/soledaddurazo\",\"https:\/\/www.youtube.com\/channel\/UC9yGPw8-Vbl_B2XNkRwPS-w\",\"https:\/\/twitter.com\/SoledadDurazo\"],\"logo\":{\"@type\":\"ImageObject\",\"@id\":\"https:\/\/soledaddurazo.com\/#logo\",\"inLanguage\":\"es\",\"url\":\"https:\/\/soledaddurazo.com\/storage\/2021\/11\/nllp-720x375-1-2.png\",\"contentUrl\":\"https:\/\/soledaddurazo.com\/storage\/2021\/11\/nllp-720x375-1-2.png\",\"width\":720,\"height\":375,\"caption\":\"Soledad Durazo\"},\"image\":{\"@id\":\"https:\/\/soledaddurazo.com\/#logo\"}},{\"@type\":\"WebSite\",\"@id\":\"https:\/\/soledaddurazo.com\/#website\",\"url\":\"https:\/\/soledaddurazo.com\/\",\"name\":\"Periodista SoledadDurazo.com\",\"description\":\"Periodista sonorense. Directora de www.SoledadDurazo.com Columnista, conductora de radio y Tv. Catedr\\u00e1tica en la UNISON\",\"publisher\":{\"@id\":\"https:\/\/soledaddurazo.com\/#organization\"},\"potentialAction\":[{\"@type\":\"SearchAction\",\"target\":{\"@type\":\"EntryPoint\",\"urlTemplate\":\"https:\/\/soledaddurazo.com\/?s={search_term_string}\"},\"query-input\":\"required name=search_term_string\"}],\"inLanguage\":\"es\"},{\"@type\":\"ImageObject\",\"@id\":\"https:\/\/soledaddurazo.com\/blog\/2026\/03\/06\/a-un-ano-del-rancho-izaguirre-la-situacion-sigue-igual-o-peor-ahora-se-llevan-a-menores-de-11-a-14-anos\/#primaryimage\",\"inLanguage\":\"es\",\"url\":\"https:\/\/soledaddurazo.com\/storage\/2026\/03\/0a379eb7-fe9b-4ad4-842b-aa630fa60e33.jpg\",\"contentUrl\":\"https:\/\/soledaddurazo.com\/storage\/2026\/03\/0a379eb7-fe9b-4ad4-842b-aa630fa60e33.jpg\",\"width\":1280,\"height\":720},{\"@type\":\"WebPage\",\"@id\":\"https:\/\/soledaddurazo.com\/blog\/2026\/03\/06\/a-un-ano-del-rancho-izaguirre-la-situacion-sigue-igual-o-peor-ahora-se-llevan-a-menores-de-11-a-14-anos\/#webpage\",\"url\":\"https:\/\/soledaddurazo.com\/blog\/2026\/03\/06\/a-un-ano-del-rancho-izaguirre-la-situacion-sigue-igual-o-peor-ahora-se-llevan-a-menores-de-11-a-14-anos\/\",\"name\":\"A un a\\u00f1o del Rancho Izaguirre: \\u201cLa situaci\\u00f3n sigue igual o peor; ahora se llevan a menores de 11 a 14 a\\u00f1os\\u201d - Periodista SoledadDurazo.com\",\"isPartOf\":{\"@id\":\"https:\/\/soledaddurazo.com\/#website\"},\"primaryImageOfPage\":{\"@id\":\"https:\/\/soledaddurazo.com\/blog\/2026\/03\/06\/a-un-ano-del-rancho-izaguirre-la-situacion-sigue-igual-o-peor-ahora-se-llevan-a-menores-de-11-a-14-anos\/#primaryimage\"},\"datePublished\":\"2026-03-07T02:42:08+00:00\",\"dateModified\":\"2026-03-07T02:44:15+00:00\",\"breadcrumb\":{\"@id\":\"https:\/\/soledaddurazo.com\/blog\/2026\/03\/06\/a-un-ano-del-rancho-izaguirre-la-situacion-sigue-igual-o-peor-ahora-se-llevan-a-menores-de-11-a-14-anos\/#breadcrumb\"},\"inLanguage\":\"es\",\"potentialAction\":[{\"@type\":\"ReadAction\",\"target\":[\"https:\/\/soledaddurazo.com\/blog\/2026\/03\/06\/a-un-ano-del-rancho-izaguirre-la-situacion-sigue-igual-o-peor-ahora-se-llevan-a-menores-de-11-a-14-anos\/\"]}]},{\"@type\":\"BreadcrumbList\",\"@id\":\"https:\/\/soledaddurazo.com\/blog\/2026\/03\/06\/a-un-ano-del-rancho-izaguirre-la-situacion-sigue-igual-o-peor-ahora-se-llevan-a-menores-de-11-a-14-anos\/#breadcrumb\",\"itemListElement\":[{\"@type\":\"ListItem\",\"position\":1,\"name\":\"Home\",\"item\":\"https:\/\/soledaddurazo.com\/\"},{\"@type\":\"ListItem\",\"position\":2,\"name\":\"A un a\\u00f1o del Rancho Izaguirre: \\u201cLa situaci\\u00f3n sigue igual o peor; ahora se llevan a menores de 11 a 14 a\\u00f1os\\u201d\"}]},{\"@type\":\"Article\",\"@id\":\"https:\/\/soledaddurazo.com\/blog\/2026\/03\/06\/a-un-ano-del-rancho-izaguirre-la-situacion-sigue-igual-o-peor-ahora-se-llevan-a-menores-de-11-a-14-anos\/#article\",\"isPartOf\":{\"@id\":\"https:\/\/soledaddurazo.com\/blog\/2026\/03\/06\/a-un-ano-del-rancho-izaguirre-la-situacion-sigue-igual-o-peor-ahora-se-llevan-a-menores-de-11-a-14-anos\/#webpage\"},\"author\":{\"@id\":\"https:\/\/soledaddurazo.com\/#\/schema\/person\/822d8e13aa288585e6546f179853758b\"},\"headline\":\"A un a\\u00f1o del Rancho Izaguirre: \\u201cLa situaci\\u00f3n sigue igual o peor; ahora se llevan a menores de 11 a 14 a\\u00f1os\\u201d\",\"datePublished\":\"2026-03-07T02:42:08+00:00\",\"dateModified\":\"2026-03-07T02:44:15+00:00\",\"mainEntityOfPage\":{\"@id\":\"https:\/\/soledaddurazo.com\/blog\/2026\/03\/06\/a-un-ano-del-rancho-izaguirre-la-situacion-sigue-igual-o-peor-ahora-se-llevan-a-menores-de-11-a-14-anos\/#webpage\"},\"wordCount\":512,\"commentCount\":0,\"publisher\":{\"@id\":\"https:\/\/soledaddurazo.com\/#organization\"},\"image\":{\"@id\":\"https:\/\/soledaddurazo.com\/blog\/2026\/03\/06\/a-un-ano-del-rancho-izaguirre-la-situacion-sigue-igual-o-peor-ahora-se-llevan-a-menores-de-11-a-14-anos\/#primaryimage\"},\"thumbnailUrl\":\"https:\/\/soledaddurazo.com\/storage\/2026\/03\/0a379eb7-fe9b-4ad4-842b-aa630fa60e33.jpg\",\"articleSection\":[\"principal\"],\"inLanguage\":\"es\",\"potentialAction\":[{\"@type\":\"CommentAction\",\"name\":\"Comment\",\"target\":[\"https:\/\/soledaddurazo.com\/blog\/2026\/03\/06\/a-un-ano-del-rancho-izaguirre-la-situacion-sigue-igual-o-peor-ahora-se-llevan-a-menores-de-11-a-14-anos\/#respond\"]}]},{\"@type\":\"Person\",\"@id\":\"https:\/\/soledaddurazo.com\/#\/schema\/person\/822d8e13aa288585e6546f179853758b\",\"name\":\"Redacci\\u00f3n\",\"image\":{\"@type\":\"ImageObject\",\"@id\":\"https:\/\/soledaddurazo.com\/#personlogo\",\"inLanguage\":\"es\",\"url\":\"https:\/\/secure.gravatar.com\/avatar\/c4e193752f756fd61f04deebed3a3a20dc188d37edb53682d313ac57f2725d54?s=96&d=mm&r=g\",\"contentUrl\":\"https:\/\/secure.gravatar.com\/avatar\/c4e193752f756fd61f04deebed3a3a20dc188d37edb53682d313ac57f2725d54?s=96&d=mm&r=g\",\"caption\":\"Redacci\\u00f3n\"},\"sameAs\":[\"https:\/\/soledaddurazo.com\"]}]}<\/script>\n ","yoast_head_json":{"title":"A un a\u00f1o del Rancho Izaguirre: \u201cLa situaci\u00f3n sigue igual o peor; ahora se llevan a menores de 11 a 14 a\u00f1os\u201d - Periodista SoledadDurazo.com","robots":{"index":"index","follow":"follow","max-snippet":"max-snippet:-1","max-image-preview":"max-image-preview:large","max-video-preview":"max-video-preview:-1"},"canonical":"https:\/\/soledaddurazo.com\/blog\/2026\/03\/06\/a-un-ano-del-rancho-izaguirre-la-situacion-sigue-igual-o-peor-ahora-se-llevan-a-menores-de-11-a-14-anos\/","og_locale":"es_MX","og_type":"article","og_title":"A un a\u00f1o del Rancho Izaguirre: \u201cLa situaci\u00f3n sigue igual o peor; ahora se llevan a menores de 11 a 14 a\u00f1os\u201d","og_description":"\u00a0A un a\u00f1o del hallazgo del Rancho Izaguirre, uno de los casos que evidenci\u00f3 la crisis de desapariciones y reclutamiento forzado hacia el crimen organizado que vive el pa\u00eds; las desapariciones en Jalisco no se han detenido y, de acuerdo con el colectivo Guerreros Buscadores de Jalisco, el organismo que localiz\u00f3 el Rancho Izaguirre, incluso [&hellip;]","og_url":"https:\/\/soledaddurazo.com\/blog\/2026\/03\/06\/a-un-ano-del-rancho-izaguirre-la-situacion-sigue-igual-o-peor-ahora-se-llevan-a-menores-de-11-a-14-anos\/","og_site_name":"Periodista SoledadDurazo.com","article_publisher":"https:\/\/www.facebook.com\/soledad.durazo.9\/","article_published_time":"2026-03-07T02:42:08+00:00","article_modified_time":"2026-03-07T02:44:15+00:00","og_image":[{"width":1280,"height":720,"url":"https:\/\/soledaddurazo.com\/storage\/2026\/03\/0a379eb7-fe9b-4ad4-842b-aa630fa60e33.jpg","type":"image\/jpeg"}],"twitter_card":"summary_large_image","twitter_creator":"@SoledadDurazo","twitter_site":"@SoledadDurazo","twitter_misc":{"Escrito por":"Redacci\u00f3n","Tiempo de lectura":"2 minutos"},"schema":{"@context":"https:\/\/schema.org","@graph":[{"@type":"Organization","@id":"https:\/\/soledaddurazo.com\/#organization","name":"Soledad Durazo","url":"https:\/\/soledaddurazo.com\/","sameAs":["https:\/\/www.facebook.com\/soledad.durazo.9\/","https:\/\/www.instagram.com\/soledaddurazo","https:\/\/www.youtube.com\/channel\/UC9yGPw8-Vbl_B2XNkRwPS-w","https:\/\/twitter.com\/SoledadDurazo"],"logo":{"@type":"ImageObject","@id":"https:\/\/soledaddurazo.com\/#logo","inLanguage":"es","url":"https:\/\/soledaddurazo.com\/storage\/2021\/11\/nllp-720x375-1-2.png","contentUrl":"https:\/\/soledaddurazo.com\/storage\/2021\/11\/nllp-720x375-1-2.png","width":720,"height":375,"caption":"Soledad Durazo"},"image":{"@id":"https:\/\/soledaddurazo.com\/#logo"}},{"@type":"WebSite","@id":"https:\/\/soledaddurazo.com\/#website","url":"https:\/\/soledaddurazo.com\/","name":"Periodista SoledadDurazo.com","description":"Periodista sonorense. Directora de www.SoledadDurazo.com Columnista, conductora de radio y Tv. Catedr\u00e1tica en la UNISON","publisher":{"@id":"https:\/\/soledaddurazo.com\/#organization"},"potentialAction":[{"@type":"SearchAction","target":{"@type":"EntryPoint","urlTemplate":"https:\/\/soledaddurazo.com\/?s={search_term_string}"},"query-input":"required name=search_term_string"}],"inLanguage":"es"},{"@type":"ImageObject","@id":"https:\/\/soledaddurazo.com\/blog\/2026\/03\/06\/a-un-ano-del-rancho-izaguirre-la-situacion-sigue-igual-o-peor-ahora-se-llevan-a-menores-de-11-a-14-anos\/#primaryimage","inLanguage":"es","url":"https:\/\/soledaddurazo.com\/storage\/2026\/03\/0a379eb7-fe9b-4ad4-842b-aa630fa60e33.jpg","contentUrl":"https:\/\/soledaddurazo.com\/storage\/2026\/03\/0a379eb7-fe9b-4ad4-842b-aa630fa60e33.jpg","width":1280,"height":720},{"@type":"WebPage","@id":"https:\/\/soledaddurazo.com\/blog\/2026\/03\/06\/a-un-ano-del-rancho-izaguirre-la-situacion-sigue-igual-o-peor-ahora-se-llevan-a-menores-de-11-a-14-anos\/#webpage","url":"https:\/\/soledaddurazo.com\/blog\/2026\/03\/06\/a-un-ano-del-rancho-izaguirre-la-situacion-sigue-igual-o-peor-ahora-se-llevan-a-menores-de-11-a-14-anos\/","name":"A un a\u00f1o del Rancho Izaguirre: \u201cLa situaci\u00f3n sigue igual o peor; ahora se llevan a menores de 11 a 14 a\u00f1os\u201d - Periodista SoledadDurazo.com","isPartOf":{"@id":"https:\/\/soledaddurazo.com\/#website"},"primaryImageOfPage":{"@id":"https:\/\/soledaddurazo.com\/blog\/2026\/03\/06\/a-un-ano-del-rancho-izaguirre-la-situacion-sigue-igual-o-peor-ahora-se-llevan-a-menores-de-11-a-14-anos\/#primaryimage"},"datePublished":"2026-03-07T02:42:08+00:00","dateModified":"2026-03-07T02:44:15+00:00","breadcrumb":{"@id":"https:\/\/soledaddurazo.com\/blog\/2026\/03\/06\/a-un-ano-del-rancho-izaguirre-la-situacion-sigue-igual-o-peor-ahora-se-llevan-a-menores-de-11-a-14-anos\/#breadcrumb"},"inLanguage":"es","potentialAction":[{"@type":"ReadAction","target":["https:\/\/soledaddurazo.com\/blog\/2026\/03\/06\/a-un-ano-del-rancho-izaguirre-la-situacion-sigue-igual-o-peor-ahora-se-llevan-a-menores-de-11-a-14-anos\/"]}]},{"@type":"BreadcrumbList","@id":"https:\/\/soledaddurazo.com\/blog\/2026\/03\/06\/a-un-ano-del-rancho-izaguirre-la-situacion-sigue-igual-o-peor-ahora-se-llevan-a-menores-de-11-a-14-anos\/#breadcrumb","itemListElement":[{"@type":"ListItem","position":1,"name":"Home","item":"https:\/\/soledaddurazo.com\/"},{"@type":"ListItem","position":2,"name":"A un a\u00f1o del Rancho Izaguirre: \u201cLa situaci\u00f3n sigue igual o peor; ahora se llevan a menores de 11 a 14 a\u00f1os\u201d"}]},{"@type":"Article","@id":"https:\/\/soledaddurazo.com\/blog\/2026\/03\/06\/a-un-ano-del-rancho-izaguirre-la-situacion-sigue-igual-o-peor-ahora-se-llevan-a-menores-de-11-a-14-anos\/#article","isPartOf":{"@id":"https:\/\/soledaddurazo.com\/blog\/2026\/03\/06\/a-un-ano-del-rancho-izaguirre-la-situacion-sigue-igual-o-peor-ahora-se-llevan-a-menores-de-11-a-14-anos\/#webpage"},"author":{"@id":"https:\/\/soledaddurazo.com\/#\/schema\/person\/822d8e13aa288585e6546f179853758b"},"headline":"A un a\u00f1o del Rancho Izaguirre: \u201cLa situaci\u00f3n sigue igual o peor; ahora se llevan a menores de 11 a 14 a\u00f1os\u201d","datePublished":"2026-03-07T02:42:08+00:00","dateModified":"2026-03-07T02:44:15+00:00","mainEntityOfPage":{"@id":"https:\/\/soledaddurazo.com\/blog\/2026\/03\/06\/a-un-ano-del-rancho-izaguirre-la-situacion-sigue-igual-o-peor-ahora-se-llevan-a-menores-de-11-a-14-anos\/#webpage"},"wordCount":512,"commentCount":0,"publisher":{"@id":"https:\/\/soledaddurazo.com\/#organization"},"image":{"@id":"https:\/\/soledaddurazo.com\/blog\/2026\/03\/06\/a-un-ano-del-rancho-izaguirre-la-situacion-sigue-igual-o-peor-ahora-se-llevan-a-menores-de-11-a-14-anos\/#primaryimage"},"thumbnailUrl":"https:\/\/soledaddurazo.com\/storage\/2026\/03\/0a379eb7-fe9b-4ad4-842b-aa630fa60e33.jpg","articleSection":["principal"],"inLanguage":"es","potentialAction":[{"@type":"CommentAction","name":"Comment","target":["https:\/\/soledaddurazo.com\/blog\/2026\/03\/06\/a-un-ano-del-rancho-izaguirre-la-situacion-sigue-igual-o-peor-ahora-se-llevan-a-menores-de-11-a-14-anos\/#respond"]}]},{"@type":"Person","@id":"https:\/\/soledaddurazo.com\/#\/schema\/person\/822d8e13aa288585e6546f179853758b","name":"Redacci\u00f3n","image":{"@type":"ImageObject","@id":"https:\/\/soledaddurazo.com\/#personlogo","inLanguage":"es","url":"https:\/\/secure.gravatar.com\/avatar\/c4e193752f756fd61f04deebed3a3a20dc188d37edb53682d313ac57f2725d54?s=96&d=mm&r=g","contentUrl":"https:\/\/secure.gravatar.com\/avatar\/c4e193752f756fd61f04deebed3a3a20dc188d37edb53682d313ac57f2725d54?s=96&d=mm&r=g","caption":"Redacci\u00f3n"},"sameAs":["https:\/\/soledaddurazo.com"]}]}},"_links":{"self":[{"href":"https:\/\/soledaddurazo.com\/api\/wp\/v2\/posts\/24407","targetHints":{"allow":["GET"]}}],"collection":[{"href":"https:\/\/soledaddurazo.com\/api\/wp\/v2\/posts"}],"about":[{"href":"https:\/\/soledaddurazo.com\/api\/wp\/v2\/types\/post"}],"author":[{"embeddable":true,"href":"https:\/\/soledaddurazo.com\/api\/wp\/v2\/users\/1"}],"replies":[{"embeddable":true,"href":"https:\/\/soledaddurazo.com\/api\/wp\/v2\/comments?post=24407"}],"version-history":[{"count":3,"href":"https:\/\/soledaddurazo.com\/api\/wp\/v2\/posts\/24407\/revisions"}],"predecessor-version":[{"id":24411,"href":"https:\/\/soledaddurazo.com\/api\/wp\/v2\/posts\/24407\/revisions\/24411"}],"wp:featuredmedia":[{"embeddable":true,"href":"https:\/\/soledaddurazo.com\/api\/wp\/v2\/media\/24408"}],"wp:attachment":[{"href":"https:\/\/soledaddurazo.com\/api\/wp\/v2\/media?parent=24407"}],"wp:term":[{"taxonomy":"category","embeddable":true,"href":"https:\/\/soledaddurazo.com\/api\/wp\/v2\/categories?post=24407"},{"taxonomy":"post_tag","embeddable":true,"href":"https:\/\/soledaddurazo.com\/api\/wp\/v2\/tags?post=24407"}],"curies":[{"name":"wp","href":"https:\/\/api.w.org\/{rel}","templated":true}]}}