{"id":24404,"date":"2026-03-06T19:34:39","date_gmt":"2026-03-07T02:34:39","guid":{"rendered":"https:\/\/soledaddurazo.com\/?p=24404"},"modified":"2026-03-06T19:34:39","modified_gmt":"2026-03-07T02:34:39","slug":"realizaran-en-sonora-el-xv-foro-regional-de-intervencion-educativa-2026","status":"publish","type":"post","link":"https:\/\/soledaddurazo.com\/blog\/2026\/03\/06\/realizaran-en-sonora-el-xv-foro-regional-de-intervencion-educativa-2026\/","title":{"rendered":"Realizar\u00e1n en Sonora el XV Foro Regional de Intervenci\u00f3n Educativa 2026"},"content":{"rendered":"<p data-start=\"0\" data-end=\"75\">\n<p data-start=\"77\" data-end=\"444\">Con el prop\u00f3sito de analizar los desaf\u00edos actuales de la educaci\u00f3n y fortalecer el papel del interventor educativo como agente de transformaci\u00f3n social, se llevar\u00e1 a cabo el XV Foro Regional de la Licenciatura en Intervenci\u00f3n Educativa (LIE) 2026 los d\u00edas 7, 8 y 9 de mayo en modalidad presencial en la <span class=\"hover:entity-accent entity-underline inline cursor-pointer align-baseline\"><span class=\"whitespace-normal\">Universidad Pedag\u00f3gica Nacional<\/span><\/span> (UPN), plantel Hermosillo.<\/p>\n<p data-start=\"446\" data-end=\"865\">El encuentro acad\u00e9mico es organizado por las unidades y subsedes de la UPN de la regi\u00f3n noroeste \u2014que comprende Sonora, Chihuahua, Baja California y Baja California Sur\u2014 en coordinaci\u00f3n con el <span class=\"hover:entity-accent entity-underline inline cursor-pointer align-baseline\"><span class=\"whitespace-normal\">Centro Regional de Formaci\u00f3n Profesional Docente de Sonora<\/span><\/span> (Creson). En esta edici\u00f3n, el foro se desarrollar\u00e1 bajo el lema <em data-start=\"741\" data-end=\"864\">\u201cEducaci\u00f3n y comunidad: el interventor educativo como agente de cambio, tejiendo soluciones para los retos del siglo XXI\u201d<\/em>.<\/p>\n<p data-start=\"867\" data-end=\"1287\">De acuerdo con el comit\u00e9 organizador, el evento busca generar un espacio de an\u00e1lisis, intercambio de experiencias y construcci\u00f3n de propuestas frente a problem\u00e1ticas que impactan actualmente en el \u00e1mbito educativo, entre ellas la deserci\u00f3n escolar, la salud mental en el aula, la violencia escolar, la inclusi\u00f3n de poblaciones diversas, as\u00ed como los retos relacionados con la inteligencia artificial y la brecha digital.<\/p>\n<p data-start=\"1289\" data-end=\"1585\">Asimismo, el foro pretende fortalecer redes acad\u00e9micas y el compromiso social de estudiantes, egresados y profesionales dedicados a la intervenci\u00f3n educativa, en un contexto marcado por transformaciones tecnol\u00f3gicas y sociales que influyen directamente en los procesos de ense\u00f1anza y aprendizaje.<\/p>\n<p data-start=\"1587\" data-end=\"1828\">La convocatoria est\u00e1 dirigida a estudiantes, egresados, acad\u00e9micos, coordinadores y responsables de l\u00edneas de la Licenciatura en Intervenci\u00f3n Educativa, adem\u00e1s de personal directivo de las unidades y subsedes de la UPN en la regi\u00f3n noroeste.<\/p>\n<p data-start=\"1830\" data-end=\"2194\" data-is-last-node=\"\" data-is-only-node=\"\">Entre las modalidades de participaci\u00f3n se incluyen ponencias, cartel o p\u00f3ster acad\u00e9mico, podcast, fotograf\u00eda y dibujo o pintura. El registro y env\u00edo de contribuciones estar\u00e1 abierto hasta el 13 de marzo de 2026, mientras que la dictaminaci\u00f3n de propuestas se realizar\u00e1 del 14 al 20 de marzo. El registro para asistentes permanecer\u00e1 disponible hasta el 20 de marzo.<\/p>\n","protected":false},"excerpt":{"rendered":"<p>Con el prop\u00f3sito de analizar los desaf\u00edos actuales de la educaci\u00f3n y fortalecer el papel del interventor educativo como agente de transformaci\u00f3n social, se llevar\u00e1 a cabo el XV Foro Regional de la Licenciatura en Intervenci\u00f3n Educativa (LIE) 2026 los d\u00edas 7, 8 y 9 de mayo en modalidad presencial en la Universidad Pedag\u00f3gica Nacional [&hellip;]<\/p>\n","protected":false},"author":1,"featured_media":24405,"comment_status":"open","ping_status":"open","sticky":false,"template":"","format":"standard","meta":{"footnotes":""},"categories":[160],"tags":[],"class_list":["post"],"yoast_head":" \n<title>Realizar\u00e1n en Sonora el XV Foro Regional de Intervenci\u00f3n Educativa 2026 - Periodista SoledadDurazo.com<\/title>\n<meta name=\"robots\" content=\"index, follow, max-snippet:-1, max-image-preview:large, max-video-preview:-1\" \/>\n<link rel=\"canonical\" href=\"https:\/\/soledaddurazo.com\/blog\/2026\/03\/06\/realizaran-en-sonora-el-xv-foro-regional-de-intervencion-educativa-2026\/\" \/>\n<meta property=\"og:locale\" content=\"es_MX\" \/>\n<meta property=\"og:type\" content=\"article\" \/>\n<meta property=\"og:title\" content=\"Realizar\u00e1n en Sonora el XV Foro Regional de Intervenci\u00f3n Educativa 2026\" \/>\n<meta property=\"og:description\" content=\"Con el prop\u00f3sito de analizar los desaf\u00edos actuales de la educaci\u00f3n y fortalecer el papel del interventor educativo como agente de transformaci\u00f3n social, se llevar\u00e1 a cabo el XV Foro Regional de la Licenciatura en Intervenci\u00f3n Educativa (LIE) 2026 los d\u00edas 7, 8 y 9 de mayo en modalidad presencial en la Universidad Pedag\u00f3gica Nacional [&hellip;]\" \/>\n<meta property=\"og:url\" content=\"https:\/\/soledaddurazo.com\/blog\/2026\/03\/06\/realizaran-en-sonora-el-xv-foro-regional-de-intervencion-educativa-2026\/\" \/>\n<meta property=\"og:site_name\" content=\"Periodista SoledadDurazo.com\" \/>\n<meta property=\"article:publisher\" content=\"https:\/\/www.facebook.com\/soledad.durazo.9\/\" \/>\n<meta property=\"article:published_time\" content=\"2026-03-07T02:34:39+00:00\" \/>\n<meta property=\"og:image\" content=\"https:\/\/soledaddurazo.com\/storage\/2026\/03\/Logo-UPN-Zamora.png\" \/>\n\t<meta property=\"og:image:width\" content=\"1000\" \/>\n\t<meta property=\"og:image:height\" content=\"1000\" \/>\n<meta name=\"twitter:card\" content=\"summary_large_image\" \/>\n<meta name=\"twitter:creator\" content=\"@SoledadDurazo\" \/>\n<meta name=\"twitter:site\" content=\"@SoledadDurazo\" \/>\n<meta name=\"twitter:label1\" content=\"Escrito por\" \/>\n\t<meta name=\"twitter:data1\" content=\"Redacci\u00f3n\" \/>\n\t<meta name=\"twitter:label2\" content=\"Tiempo de lectura\" \/>\n\t<meta name=\"twitter:data2\" content=\"2 minutos\" \/>\n<script type=\"application\/ld+json\" class=\"yoast-schema-graph\">{\"@context\":\"https:\/\/schema.org\",\"@graph\":[{\"@type\":\"Organization\",\"@id\":\"https:\/\/soledaddurazo.com\/#organization\",\"name\":\"Soledad Durazo\",\"url\":\"https:\/\/soledaddurazo.com\/\",\"sameAs\":[\"https:\/\/www.facebook.com\/soledad.durazo.9\/\",\"https:\/\/www.instagram.com\/soledaddurazo\",\"https:\/\/www.youtube.com\/channel\/UC9yGPw8-Vbl_B2XNkRwPS-w\",\"https:\/\/twitter.com\/SoledadDurazo\"],\"logo\":{\"@type\":\"ImageObject\",\"@id\":\"https:\/\/soledaddurazo.com\/#logo\",\"inLanguage\":\"es\",\"url\":\"https:\/\/soledaddurazo.com\/storage\/2021\/11\/nllp-720x375-1-2.png\",\"contentUrl\":\"https:\/\/soledaddurazo.com\/storage\/2021\/11\/nllp-720x375-1-2.png\",\"width\":720,\"height\":375,\"caption\":\"Soledad Durazo\"},\"image\":{\"@id\":\"https:\/\/soledaddurazo.com\/#logo\"}},{\"@type\":\"WebSite\",\"@id\":\"https:\/\/soledaddurazo.com\/#website\",\"url\":\"https:\/\/soledaddurazo.com\/\",\"name\":\"Periodista SoledadDurazo.com\",\"description\":\"Periodista sonorense. Directora de www.SoledadDurazo.com Columnista, conductora de radio y Tv. Catedr\\u00e1tica en la UNISON\",\"publisher\":{\"@id\":\"https:\/\/soledaddurazo.com\/#organization\"},\"potentialAction\":[{\"@type\":\"SearchAction\",\"target\":{\"@type\":\"EntryPoint\",\"urlTemplate\":\"https:\/\/soledaddurazo.com\/?s={search_term_string}\"},\"query-input\":\"required name=search_term_string\"}],\"inLanguage\":\"es\"},{\"@type\":\"ImageObject\",\"@id\":\"https:\/\/soledaddurazo.com\/blog\/2026\/03\/06\/realizaran-en-sonora-el-xv-foro-regional-de-intervencion-educativa-2026\/#primaryimage\",\"inLanguage\":\"es\",\"url\":\"https:\/\/soledaddurazo.com\/storage\/2026\/03\/Logo-UPN-Zamora.png\",\"contentUrl\":\"https:\/\/soledaddurazo.com\/storage\/2026\/03\/Logo-UPN-Zamora.png\",\"width\":1000,\"height\":1000},{\"@type\":\"WebPage\",\"@id\":\"https:\/\/soledaddurazo.com\/blog\/2026\/03\/06\/realizaran-en-sonora-el-xv-foro-regional-de-intervencion-educativa-2026\/#webpage\",\"url\":\"https:\/\/soledaddurazo.com\/blog\/2026\/03\/06\/realizaran-en-sonora-el-xv-foro-regional-de-intervencion-educativa-2026\/\",\"name\":\"Realizar\\u00e1n en Sonora el XV Foro Regional de Intervenci\\u00f3n Educativa 2026 - Periodista SoledadDurazo.com\",\"isPartOf\":{\"@id\":\"https:\/\/soledaddurazo.com\/#website\"},\"primaryImageOfPage\":{\"@id\":\"https:\/\/soledaddurazo.com\/blog\/2026\/03\/06\/realizaran-en-sonora-el-xv-foro-regional-de-intervencion-educativa-2026\/#primaryimage\"},\"datePublished\":\"2026-03-07T02:34:39+00:00\",\"dateModified\":\"2026-03-07T02:34:39+00:00\",\"breadcrumb\":{\"@id\":\"https:\/\/soledaddurazo.com\/blog\/2026\/03\/06\/realizaran-en-sonora-el-xv-foro-regional-de-intervencion-educativa-2026\/#breadcrumb\"},\"inLanguage\":\"es\",\"potentialAction\":[{\"@type\":\"ReadAction\",\"target\":[\"https:\/\/soledaddurazo.com\/blog\/2026\/03\/06\/realizaran-en-sonora-el-xv-foro-regional-de-intervencion-educativa-2026\/\"]}]},{\"@type\":\"BreadcrumbList\",\"@id\":\"https:\/\/soledaddurazo.com\/blog\/2026\/03\/06\/realizaran-en-sonora-el-xv-foro-regional-de-intervencion-educativa-2026\/#breadcrumb\",\"itemListElement\":[{\"@type\":\"ListItem\",\"position\":1,\"name\":\"Home\",\"item\":\"https:\/\/soledaddurazo.com\/\"},{\"@type\":\"ListItem\",\"position\":2,\"name\":\"Realizar\\u00e1n en Sonora el XV Foro Regional de Intervenci\\u00f3n Educativa 2026\"}]},{\"@type\":\"Article\",\"@id\":\"https:\/\/soledaddurazo.com\/blog\/2026\/03\/06\/realizaran-en-sonora-el-xv-foro-regional-de-intervencion-educativa-2026\/#article\",\"isPartOf\":{\"@id\":\"https:\/\/soledaddurazo.com\/blog\/2026\/03\/06\/realizaran-en-sonora-el-xv-foro-regional-de-intervencion-educativa-2026\/#webpage\"},\"author\":{\"@id\":\"https:\/\/soledaddurazo.com\/#\/schema\/person\/822d8e13aa288585e6546f179853758b\"},\"headline\":\"Realizar\\u00e1n en Sonora el XV Foro Regional de Intervenci\\u00f3n Educativa 2026\",\"datePublished\":\"2026-03-07T02:34:39+00:00\",\"dateModified\":\"2026-03-07T02:34:39+00:00\",\"mainEntityOfPage\":{\"@id\":\"https:\/\/soledaddurazo.com\/blog\/2026\/03\/06\/realizaran-en-sonora-el-xv-foro-regional-de-intervencion-educativa-2026\/#webpage\"},\"wordCount\":358,\"commentCount\":0,\"publisher\":{\"@id\":\"https:\/\/soledaddurazo.com\/#organization\"},\"image\":{\"@id\":\"https:\/\/soledaddurazo.com\/blog\/2026\/03\/06\/realizaran-en-sonora-el-xv-foro-regional-de-intervencion-educativa-2026\/#primaryimage\"},\"thumbnailUrl\":\"https:\/\/soledaddurazo.com\/storage\/2026\/03\/Logo-UPN-Zamora.png\",\"articleSection\":[\"Mas noticias\"],\"inLanguage\":\"es\",\"potentialAction\":[{\"@type\":\"CommentAction\",\"name\":\"Comment\",\"target\":[\"https:\/\/soledaddurazo.com\/blog\/2026\/03\/06\/realizaran-en-sonora-el-xv-foro-regional-de-intervencion-educativa-2026\/#respond\"]}]},{\"@type\":\"Person\",\"@id\":\"https:\/\/soledaddurazo.com\/#\/schema\/person\/822d8e13aa288585e6546f179853758b\",\"name\":\"Redacci\\u00f3n\",\"image\":{\"@type\":\"ImageObject\",\"@id\":\"https:\/\/soledaddurazo.com\/#personlogo\",\"inLanguage\":\"es\",\"url\":\"https:\/\/secure.gravatar.com\/avatar\/c4e193752f756fd61f04deebed3a3a20dc188d37edb53682d313ac57f2725d54?s=96&d=mm&r=g\",\"contentUrl\":\"https:\/\/secure.gravatar.com\/avatar\/c4e193752f756fd61f04deebed3a3a20dc188d37edb53682d313ac57f2725d54?s=96&d=mm&r=g\",\"caption\":\"Redacci\\u00f3n\"},\"sameAs\":[\"https:\/\/soledaddurazo.com\"]}]}<\/script>\n ","yoast_head_json":{"title":"Realizar\u00e1n en Sonora el XV Foro Regional de Intervenci\u00f3n Educativa 2026 - Periodista SoledadDurazo.com","robots":{"index":"index","follow":"follow","max-snippet":"max-snippet:-1","max-image-preview":"max-image-preview:large","max-video-preview":"max-video-preview:-1"},"canonical":"https:\/\/soledaddurazo.com\/blog\/2026\/03\/06\/realizaran-en-sonora-el-xv-foro-regional-de-intervencion-educativa-2026\/","og_locale":"es_MX","og_type":"article","og_title":"Realizar\u00e1n en Sonora el XV Foro Regional de Intervenci\u00f3n Educativa 2026","og_description":"Con el prop\u00f3sito de analizar los desaf\u00edos actuales de la educaci\u00f3n y fortalecer el papel del interventor educativo como agente de transformaci\u00f3n social, se llevar\u00e1 a cabo el XV Foro Regional de la Licenciatura en Intervenci\u00f3n Educativa (LIE) 2026 los d\u00edas 7, 8 y 9 de mayo en modalidad presencial en la Universidad Pedag\u00f3gica Nacional [&hellip;]","og_url":"https:\/\/soledaddurazo.com\/blog\/2026\/03\/06\/realizaran-en-sonora-el-xv-foro-regional-de-intervencion-educativa-2026\/","og_site_name":"Periodista SoledadDurazo.com","article_publisher":"https:\/\/www.facebook.com\/soledad.durazo.9\/","article_published_time":"2026-03-07T02:34:39+00:00","og_image":[{"width":1000,"height":1000,"url":"https:\/\/soledaddurazo.com\/storage\/2026\/03\/Logo-UPN-Zamora.png","type":"image\/png"}],"twitter_card":"summary_large_image","twitter_creator":"@SoledadDurazo","twitter_site":"@SoledadDurazo","twitter_misc":{"Escrito por":"Redacci\u00f3n","Tiempo de lectura":"2 minutos"},"schema":{"@context":"https:\/\/schema.org","@graph":[{"@type":"Organization","@id":"https:\/\/soledaddurazo.com\/#organization","name":"Soledad Durazo","url":"https:\/\/soledaddurazo.com\/","sameAs":["https:\/\/www.facebook.com\/soledad.durazo.9\/","https:\/\/www.instagram.com\/soledaddurazo","https:\/\/www.youtube.com\/channel\/UC9yGPw8-Vbl_B2XNkRwPS-w","https:\/\/twitter.com\/SoledadDurazo"],"logo":{"@type":"ImageObject","@id":"https:\/\/soledaddurazo.com\/#logo","inLanguage":"es","url":"https:\/\/soledaddurazo.com\/storage\/2021\/11\/nllp-720x375-1-2.png","contentUrl":"https:\/\/soledaddurazo.com\/storage\/2021\/11\/nllp-720x375-1-2.png","width":720,"height":375,"caption":"Soledad Durazo"},"image":{"@id":"https:\/\/soledaddurazo.com\/#logo"}},{"@type":"WebSite","@id":"https:\/\/soledaddurazo.com\/#website","url":"https:\/\/soledaddurazo.com\/","name":"Periodista SoledadDurazo.com","description":"Periodista sonorense. Directora de www.SoledadDurazo.com Columnista, conductora de radio y Tv. Catedr\u00e1tica en la UNISON","publisher":{"@id":"https:\/\/soledaddurazo.com\/#organization"},"potentialAction":[{"@type":"SearchAction","target":{"@type":"EntryPoint","urlTemplate":"https:\/\/soledaddurazo.com\/?s={search_term_string}"},"query-input":"required name=search_term_string"}],"inLanguage":"es"},{"@type":"ImageObject","@id":"https:\/\/soledaddurazo.com\/blog\/2026\/03\/06\/realizaran-en-sonora-el-xv-foro-regional-de-intervencion-educativa-2026\/#primaryimage","inLanguage":"es","url":"https:\/\/soledaddurazo.com\/storage\/2026\/03\/Logo-UPN-Zamora.png","contentUrl":"https:\/\/soledaddurazo.com\/storage\/2026\/03\/Logo-UPN-Zamora.png","width":1000,"height":1000},{"@type":"WebPage","@id":"https:\/\/soledaddurazo.com\/blog\/2026\/03\/06\/realizaran-en-sonora-el-xv-foro-regional-de-intervencion-educativa-2026\/#webpage","url":"https:\/\/soledaddurazo.com\/blog\/2026\/03\/06\/realizaran-en-sonora-el-xv-foro-regional-de-intervencion-educativa-2026\/","name":"Realizar\u00e1n en Sonora el XV Foro Regional de Intervenci\u00f3n Educativa 2026 - Periodista SoledadDurazo.com","isPartOf":{"@id":"https:\/\/soledaddurazo.com\/#website"},"primaryImageOfPage":{"@id":"https:\/\/soledaddurazo.com\/blog\/2026\/03\/06\/realizaran-en-sonora-el-xv-foro-regional-de-intervencion-educativa-2026\/#primaryimage"},"datePublished":"2026-03-07T02:34:39+00:00","dateModified":"2026-03-07T02:34:39+00:00","breadcrumb":{"@id":"https:\/\/soledaddurazo.com\/blog\/2026\/03\/06\/realizaran-en-sonora-el-xv-foro-regional-de-intervencion-educativa-2026\/#breadcrumb"},"inLanguage":"es","potentialAction":[{"@type":"ReadAction","target":["https:\/\/soledaddurazo.com\/blog\/2026\/03\/06\/realizaran-en-sonora-el-xv-foro-regional-de-intervencion-educativa-2026\/"]}]},{"@type":"BreadcrumbList","@id":"https:\/\/soledaddurazo.com\/blog\/2026\/03\/06\/realizaran-en-sonora-el-xv-foro-regional-de-intervencion-educativa-2026\/#breadcrumb","itemListElement":[{"@type":"ListItem","position":1,"name":"Home","item":"https:\/\/soledaddurazo.com\/"},{"@type":"ListItem","position":2,"name":"Realizar\u00e1n en Sonora el XV Foro Regional de Intervenci\u00f3n Educativa 2026"}]},{"@type":"Article","@id":"https:\/\/soledaddurazo.com\/blog\/2026\/03\/06\/realizaran-en-sonora-el-xv-foro-regional-de-intervencion-educativa-2026\/#article","isPartOf":{"@id":"https:\/\/soledaddurazo.com\/blog\/2026\/03\/06\/realizaran-en-sonora-el-xv-foro-regional-de-intervencion-educativa-2026\/#webpage"},"author":{"@id":"https:\/\/soledaddurazo.com\/#\/schema\/person\/822d8e13aa288585e6546f179853758b"},"headline":"Realizar\u00e1n en Sonora el XV Foro Regional de Intervenci\u00f3n Educativa 2026","datePublished":"2026-03-07T02:34:39+00:00","dateModified":"2026-03-07T02:34:39+00:00","mainEntityOfPage":{"@id":"https:\/\/soledaddurazo.com\/blog\/2026\/03\/06\/realizaran-en-sonora-el-xv-foro-regional-de-intervencion-educativa-2026\/#webpage"},"wordCount":358,"commentCount":0,"publisher":{"@id":"https:\/\/soledaddurazo.com\/#organization"},"image":{"@id":"https:\/\/soledaddurazo.com\/blog\/2026\/03\/06\/realizaran-en-sonora-el-xv-foro-regional-de-intervencion-educativa-2026\/#primaryimage"},"thumbnailUrl":"https:\/\/soledaddurazo.com\/storage\/2026\/03\/Logo-UPN-Zamora.png","articleSection":["Mas noticias"],"inLanguage":"es","potentialAction":[{"@type":"CommentAction","name":"Comment","target":["https:\/\/soledaddurazo.com\/blog\/2026\/03\/06\/realizaran-en-sonora-el-xv-foro-regional-de-intervencion-educativa-2026\/#respond"]}]},{"@type":"Person","@id":"https:\/\/soledaddurazo.com\/#\/schema\/person\/822d8e13aa288585e6546f179853758b","name":"Redacci\u00f3n","image":{"@type":"ImageObject","@id":"https:\/\/soledaddurazo.com\/#personlogo","inLanguage":"es","url":"https:\/\/secure.gravatar.com\/avatar\/c4e193752f756fd61f04deebed3a3a20dc188d37edb53682d313ac57f2725d54?s=96&d=mm&r=g","contentUrl":"https:\/\/secure.gravatar.com\/avatar\/c4e193752f756fd61f04deebed3a3a20dc188d37edb53682d313ac57f2725d54?s=96&d=mm&r=g","caption":"Redacci\u00f3n"},"sameAs":["https:\/\/soledaddurazo.com"]}]}},"_links":{"self":[{"href":"https:\/\/soledaddurazo.com\/api\/wp\/v2\/posts\/24404","targetHints":{"allow":["GET"]}}],"collection":[{"href":"https:\/\/soledaddurazo.com\/api\/wp\/v2\/posts"}],"about":[{"href":"https:\/\/soledaddurazo.com\/api\/wp\/v2\/types\/post"}],"author":[{"embeddable":true,"href":"https:\/\/soledaddurazo.com\/api\/wp\/v2\/users\/1"}],"replies":[{"embeddable":true,"href":"https:\/\/soledaddurazo.com\/api\/wp\/v2\/comments?post=24404"}],"version-history":[{"count":1,"href":"https:\/\/soledaddurazo.com\/api\/wp\/v2\/posts\/24404\/revisions"}],"predecessor-version":[{"id":24406,"href":"https:\/\/soledaddurazo.com\/api\/wp\/v2\/posts\/24404\/revisions\/24406"}],"wp:featuredmedia":[{"embeddable":true,"href":"https:\/\/soledaddurazo.com\/api\/wp\/v2\/media\/24405"}],"wp:attachment":[{"href":"https:\/\/soledaddurazo.com\/api\/wp\/v2\/media?parent=24404"}],"wp:term":[{"taxonomy":"category","embeddable":true,"href":"https:\/\/soledaddurazo.com\/api\/wp\/v2\/categories?post=24404"},{"taxonomy":"post_tag","embeddable":true,"href":"https:\/\/soledaddurazo.com\/api\/wp\/v2\/tags?post=24404"}],"curies":[{"name":"wp","href":"https:\/\/api.w.org\/{rel}","templated":true}]}}