{"id":24398,"date":"2026-03-06T19:03:53","date_gmt":"2026-03-07T02:03:53","guid":{"rendered":"https:\/\/soledaddurazo.com\/?p=24398"},"modified":"2026-03-06T19:03:53","modified_gmt":"2026-03-07T02:03:53","slug":"viejos-de-30-o-cana-temprana","status":"publish","type":"post","link":"https:\/\/soledaddurazo.com\/blog\/2026\/03\/06\/viejos-de-30-o-cana-temprana\/","title":{"rendered":"Viejos de 30&#8230; o cana temprana"},"content":{"rendered":"<p data-start=\"0\" data-end=\"276\">Las <strong data-start=\"4\" data-end=\"29\">canas a temprana edad<\/strong> son un fen\u00f3meno cada vez m\u00e1s com\u00fan y pueden aparecer incluso antes de los 30 a\u00f1os. Aunque muchas personas las asocian con el envejecimiento, en realidad existen diversos factores que pueden provocar la p\u00e9rdida prematura de pigmento en el cabello.<\/p>\n<h2 data-section-id=\"83s0yy\" data-start=\"278\" data-end=\"309\">\u00bfPor qu\u00e9 aparecen las canas?<\/h2>\n<p data-start=\"311\" data-end=\"566\">El color del cabello depende de la <strong data-start=\"346\" data-end=\"358\">melanina<\/strong>, un pigmento producido por c\u00e9lulas llamadas melanocitos en los fol\u00edculos capilares. Con el tiempo, estos melanocitos disminuyen su actividad y el cabello comienza a crecer sin color, es decir, gris o blanco.<\/p>\n<p data-start=\"568\" data-end=\"654\">Cuando este proceso ocurre antes de lo esperado, se conoce como <strong data-start=\"632\" data-end=\"653\">canicie prematura<\/strong>.<\/p>\n<h2 data-section-id=\"4jqyp3\" data-start=\"656\" data-end=\"694\">Causas de las canas a temprana edad<\/h2>\n<h3 data-section-id=\"s8kbxh\" data-start=\"696\" data-end=\"721\">1. Factores gen\u00e9ticos<\/h3>\n<p data-start=\"722\" data-end=\"876\">La gen\u00e9tica es una de las causas m\u00e1s importantes. Si tus padres o abuelos tuvieron canas j\u00f3venes, es muy probable que t\u00fa tambi\u00e9n las desarrolles temprano.<\/p>\n<h3 data-section-id=\"16pxfv4\" data-start=\"878\" data-end=\"891\">2. Estr\u00e9s<\/h3>\n<p data-start=\"892\" data-end=\"1099\">El estr\u00e9s prolongado puede afectar diferentes funciones del organismo. Investigaciones recientes sugieren que el estr\u00e9s puede da\u00f1ar o agotar las c\u00e9lulas madre responsables de producir melanina en el cabello.<\/p>\n<h3 data-section-id=\"drc86g\" data-start=\"1101\" data-end=\"1134\">3. Deficiencias nutricionales<\/h3>\n<p data-start=\"1135\" data-end=\"1194\">La falta de ciertos nutrientes tambi\u00e9n puede influir, como:<\/p>\n<ul data-start=\"1196\" data-end=\"1256\">\n<li data-section-id=\"18aj67c\" data-start=\"1196\" data-end=\"1212\">\n<p data-start=\"1198\" data-end=\"1212\">Vitamina B12<\/p>\n<\/li>\n<li data-section-id=\"ahon6r\" data-start=\"1213\" data-end=\"1223\">\n<p data-start=\"1215\" data-end=\"1223\">Hierro<\/p>\n<\/li>\n<li data-section-id=\"1ys8t2\" data-start=\"1224\" data-end=\"1232\">\n<p data-start=\"1226\" data-end=\"1232\">Zinc<\/p>\n<\/li>\n<li data-section-id=\"5xpb0x\" data-start=\"1233\" data-end=\"1242\">\n<p data-start=\"1235\" data-end=\"1242\">Cobre<\/p>\n<\/li>\n<li data-section-id=\"1860tyd\" data-start=\"1243\" data-end=\"1256\">\n<p data-start=\"1245\" data-end=\"1256\">Prote\u00ednas<\/p>\n<\/li>\n<\/ul>\n<p data-start=\"1258\" data-end=\"1327\">Una alimentaci\u00f3n desequilibrada puede acelerar la aparici\u00f3n de canas.<\/p>\n<h3 data-section-id=\"9y7664\" data-start=\"1329\" data-end=\"1370\">4. Enfermedades o condiciones m\u00e9dicas<\/h3>\n<p data-start=\"1371\" data-end=\"1475\">Algunas enfermedades autoinmunes o trastornos de la tiroides pueden alterar la pigmentaci\u00f3n del cabello.<\/p>\n<h3 data-section-id=\"1cubbm4\" data-start=\"1477\" data-end=\"1499\">5. H\u00e1bitos de vida<\/h3>\n<p data-start=\"1500\" data-end=\"1514\">Factores como:<\/p>\n<ul data-start=\"1516\" data-end=\"1603\">\n<li data-section-id=\"1h7c8f9\" data-start=\"1516\" data-end=\"1525\">\n<p data-start=\"1518\" data-end=\"1525\">Fumar<\/p>\n<\/li>\n<li data-section-id=\"1splk2c\" data-start=\"1526\" data-end=\"1541\">\n<p data-start=\"1528\" data-end=\"1541\">Dormir poco<\/p>\n<\/li>\n<li data-section-id=\"1chi4sp\" data-start=\"1542\" data-end=\"1563\">\n<p data-start=\"1544\" data-end=\"1563\">Mala alimentaci\u00f3n<\/p>\n<\/li>\n<li data-section-id=\"dpfr4\" data-start=\"1564\" data-end=\"1603\">\n<p data-start=\"1566\" data-end=\"1603\">Exposici\u00f3n excesiva a contaminantes<\/p>\n<\/li>\n<\/ul>\n<p data-start=\"1605\" data-end=\"1663\">pueden contribuir al envejecimiento prematuro del cabello.<\/p>\n<h2 data-section-id=\"k34vel\" data-start=\"1665\" data-end=\"1698\">\u00bfSe pueden prevenir las canas?<\/h2>\n<p data-start=\"1700\" data-end=\"1841\">No siempre es posible prevenirlas, especialmente si la causa es gen\u00e9tica. Sin embargo, algunos h\u00e1bitos pueden ayudar a retrasar su aparici\u00f3n:<\/p>\n<ul data-start=\"1843\" data-end=\"2057\">\n<li data-section-id=\"1pkm4w9\" data-start=\"1843\" data-end=\"1907\">\n<p data-start=\"1845\" data-end=\"1907\">Mantener una <strong data-start=\"1858\" data-end=\"1904\">alimentaci\u00f3n rica en vitaminas y minerales<\/strong>.<\/p>\n<\/li>\n<li data-section-id=\"nuzd7j\" data-start=\"1908\" data-end=\"1966\">\n<p data-start=\"1910\" data-end=\"1966\">Reducir el <strong data-start=\"1921\" data-end=\"1931\">estr\u00e9s<\/strong> mediante ejercicio o meditaci\u00f3n.<\/p>\n<\/li>\n<li data-section-id=\"1ssepig\" data-start=\"1967\" data-end=\"1992\">\n<p data-start=\"1969\" data-end=\"1992\">Evitar el <strong data-start=\"1979\" data-end=\"1989\">tabaco<\/strong>.<\/p>\n<\/li>\n<li data-section-id=\"f6woxf\" data-start=\"1993\" data-end=\"2018\">\n<p data-start=\"1995\" data-end=\"2018\">Dormir lo suficiente.<\/p>\n<\/li>\n<li data-section-id=\"eq4ndp\" data-start=\"2019\" data-end=\"2057\">\n<p data-start=\"2021\" data-end=\"2057\">Cuidar la salud general del cabello.<\/p>\n<\/li>\n<\/ul>\n<h2 data-section-id=\"1ykhy05\" data-start=\"2059\" data-end=\"2092\">\u00bfLas canas se pueden revertir?<\/h2>\n<p data-start=\"2094\" data-end=\"2311\">En la mayor\u00eda de los casos, las canas no pueden volver a su color original. Sin embargo, si la causa es una deficiencia nutricional o un problema de salud tratable, el cabello puede recuperar parcialmente su pigmento.<\/p>\n<p data-start=\"2328\" data-end=\"2580\">Las canas a temprana edad no siempre indican un problema de salud; muchas veces forman parte de la gen\u00e9tica. Aun as\u00ed, llevar un estilo de vida saludable y mantener una buena nutrici\u00f3n puede ayudar a retrasar su aparici\u00f3n y mejorar la salud del cabello.<\/p>\n","protected":false},"excerpt":{"rendered":"<p>Las canas a temprana edad son un fen\u00f3meno cada vez m\u00e1s com\u00fan y pueden aparecer incluso antes de los 30 a\u00f1os. Aunque muchas personas las asocian con el envejecimiento, en realidad existen diversos factores que pueden provocar la p\u00e9rdida prematura de pigmento en el cabello. \u00bfPor qu\u00e9 aparecen las canas? El color del cabello depende [&hellip;]<\/p>\n","protected":false},"author":1,"featured_media":24399,"comment_status":"open","ping_status":"open","sticky":false,"template":"","format":"standard","meta":{"footnotes":""},"categories":[153],"tags":[],"class_list":["post"],"yoast_head":" \n<title>Viejos de 30... o cana temprana - Periodista SoledadDurazo.com<\/title>\n<meta name=\"robots\" content=\"index, follow, max-snippet:-1, max-image-preview:large, max-video-preview:-1\" \/>\n<link rel=\"canonical\" href=\"https:\/\/soledaddurazo.com\/blog\/2026\/03\/06\/viejos-de-30-o-cana-temprana\/\" \/>\n<meta property=\"og:locale\" content=\"es_MX\" \/>\n<meta property=\"og:type\" content=\"article\" \/>\n<meta property=\"og:title\" content=\"Viejos de 30... o cana temprana\" \/>\n<meta property=\"og:description\" content=\"Las canas a temprana edad son un fen\u00f3meno cada vez m\u00e1s com\u00fan y pueden aparecer incluso antes de los 30 a\u00f1os. Aunque muchas personas las asocian con el envejecimiento, en realidad existen diversos factores que pueden provocar la p\u00e9rdida prematura de pigmento en el cabello. \u00bfPor qu\u00e9 aparecen las canas? El color del cabello depende [&hellip;]\" \/>\n<meta property=\"og:url\" content=\"https:\/\/soledaddurazo.com\/blog\/2026\/03\/06\/viejos-de-30-o-cana-temprana\/\" \/>\n<meta property=\"og:site_name\" content=\"Periodista SoledadDurazo.com\" \/>\n<meta property=\"article:publisher\" content=\"https:\/\/www.facebook.com\/soledad.durazo.9\/\" \/>\n<meta property=\"article:published_time\" content=\"2026-03-07T02:03:53+00:00\" \/>\n<meta name=\"twitter:card\" content=\"summary_large_image\" \/>\n<meta name=\"twitter:image\" content=\"https:\/\/soledaddurazo.com\/storage\/2026\/03\/util-e-interesante-que-causa-que-persona-joven-tenga-canas-temprana-edad-n511521-938x528-1116809.webp\" \/>\n<meta name=\"twitter:creator\" content=\"@SoledadDurazo\" \/>\n<meta name=\"twitter:site\" content=\"@SoledadDurazo\" \/>\n<meta name=\"twitter:label1\" content=\"Escrito por\" \/>\n\t<meta name=\"twitter:data1\" content=\"Redacci\u00f3n\" \/>\n\t<meta name=\"twitter:label2\" content=\"Tiempo de lectura\" \/>\n\t<meta name=\"twitter:data2\" content=\"2 minutos\" \/>\n<script type=\"application\/ld+json\" class=\"yoast-schema-graph\">{\"@context\":\"https:\/\/schema.org\",\"@graph\":[{\"@type\":\"Organization\",\"@id\":\"https:\/\/soledaddurazo.com\/#organization\",\"name\":\"Soledad Durazo\",\"url\":\"https:\/\/soledaddurazo.com\/\",\"sameAs\":[\"https:\/\/www.facebook.com\/soledad.durazo.9\/\",\"https:\/\/www.instagram.com\/soledaddurazo\",\"https:\/\/www.youtube.com\/channel\/UC9yGPw8-Vbl_B2XNkRwPS-w\",\"https:\/\/twitter.com\/SoledadDurazo\"],\"logo\":{\"@type\":\"ImageObject\",\"@id\":\"https:\/\/soledaddurazo.com\/#logo\",\"inLanguage\":\"es\",\"url\":\"https:\/\/soledaddurazo.com\/storage\/2021\/11\/nllp-720x375-1-2.png\",\"contentUrl\":\"https:\/\/soledaddurazo.com\/storage\/2021\/11\/nllp-720x375-1-2.png\",\"width\":720,\"height\":375,\"caption\":\"Soledad Durazo\"},\"image\":{\"@id\":\"https:\/\/soledaddurazo.com\/#logo\"}},{\"@type\":\"WebSite\",\"@id\":\"https:\/\/soledaddurazo.com\/#website\",\"url\":\"https:\/\/soledaddurazo.com\/\",\"name\":\"Periodista SoledadDurazo.com\",\"description\":\"Periodista sonorense. Directora de www.SoledadDurazo.com Columnista, conductora de radio y Tv. Catedr\\u00e1tica en la UNISON\",\"publisher\":{\"@id\":\"https:\/\/soledaddurazo.com\/#organization\"},\"potentialAction\":[{\"@type\":\"SearchAction\",\"target\":{\"@type\":\"EntryPoint\",\"urlTemplate\":\"https:\/\/soledaddurazo.com\/?s={search_term_string}\"},\"query-input\":\"required name=search_term_string\"}],\"inLanguage\":\"es\"},{\"@type\":\"ImageObject\",\"@id\":\"https:\/\/soledaddurazo.com\/blog\/2026\/03\/06\/viejos-de-30-o-cana-temprana\/#primaryimage\",\"inLanguage\":\"es\",\"url\":\"https:\/\/soledaddurazo.com\/storage\/2026\/03\/util-e-interesante-que-causa-que-persona-joven-tenga-canas-temprana-edad-n511521-938x528-1116809.webp\",\"contentUrl\":\"https:\/\/soledaddurazo.com\/storage\/2026\/03\/util-e-interesante-que-causa-que-persona-joven-tenga-canas-temprana-edad-n511521-938x528-1116809.webp\",\"width\":938,\"height\":528},{\"@type\":\"WebPage\",\"@id\":\"https:\/\/soledaddurazo.com\/blog\/2026\/03\/06\/viejos-de-30-o-cana-temprana\/#webpage\",\"url\":\"https:\/\/soledaddurazo.com\/blog\/2026\/03\/06\/viejos-de-30-o-cana-temprana\/\",\"name\":\"Viejos de 30... o cana temprana - Periodista SoledadDurazo.com\",\"isPartOf\":{\"@id\":\"https:\/\/soledaddurazo.com\/#website\"},\"primaryImageOfPage\":{\"@id\":\"https:\/\/soledaddurazo.com\/blog\/2026\/03\/06\/viejos-de-30-o-cana-temprana\/#primaryimage\"},\"datePublished\":\"2026-03-07T02:03:53+00:00\",\"dateModified\":\"2026-03-07T02:03:53+00:00\",\"breadcrumb\":{\"@id\":\"https:\/\/soledaddurazo.com\/blog\/2026\/03\/06\/viejos-de-30-o-cana-temprana\/#breadcrumb\"},\"inLanguage\":\"es\",\"potentialAction\":[{\"@type\":\"ReadAction\",\"target\":[\"https:\/\/soledaddurazo.com\/blog\/2026\/03\/06\/viejos-de-30-o-cana-temprana\/\"]}]},{\"@type\":\"BreadcrumbList\",\"@id\":\"https:\/\/soledaddurazo.com\/blog\/2026\/03\/06\/viejos-de-30-o-cana-temprana\/#breadcrumb\",\"itemListElement\":[{\"@type\":\"ListItem\",\"position\":1,\"name\":\"Home\",\"item\":\"https:\/\/soledaddurazo.com\/\"},{\"@type\":\"ListItem\",\"position\":2,\"name\":\"Viejos de 30&#8230; o cana temprana\"}]},{\"@type\":\"Article\",\"@id\":\"https:\/\/soledaddurazo.com\/blog\/2026\/03\/06\/viejos-de-30-o-cana-temprana\/#article\",\"isPartOf\":{\"@id\":\"https:\/\/soledaddurazo.com\/blog\/2026\/03\/06\/viejos-de-30-o-cana-temprana\/#webpage\"},\"author\":{\"@id\":\"https:\/\/soledaddurazo.com\/#\/schema\/person\/822d8e13aa288585e6546f179853758b\"},\"headline\":\"Viejos de 30&#8230; o cana temprana\",\"datePublished\":\"2026-03-07T02:03:53+00:00\",\"dateModified\":\"2026-03-07T02:03:53+00:00\",\"mainEntityOfPage\":{\"@id\":\"https:\/\/soledaddurazo.com\/blog\/2026\/03\/06\/viejos-de-30-o-cana-temprana\/#webpage\"},\"wordCount\":412,\"commentCount\":0,\"publisher\":{\"@id\":\"https:\/\/soledaddurazo.com\/#organization\"},\"image\":{\"@id\":\"https:\/\/soledaddurazo.com\/blog\/2026\/03\/06\/viejos-de-30-o-cana-temprana\/#primaryimage\"},\"thumbnailUrl\":\"https:\/\/soledaddurazo.com\/storage\/2026\/03\/util-e-interesante-que-causa-que-persona-joven-tenga-canas-temprana-edad-n511521-938x528-1116809.webp\",\"articleSection\":[\"principal\"],\"inLanguage\":\"es\",\"potentialAction\":[{\"@type\":\"CommentAction\",\"name\":\"Comment\",\"target\":[\"https:\/\/soledaddurazo.com\/blog\/2026\/03\/06\/viejos-de-30-o-cana-temprana\/#respond\"]}]},{\"@type\":\"Person\",\"@id\":\"https:\/\/soledaddurazo.com\/#\/schema\/person\/822d8e13aa288585e6546f179853758b\",\"name\":\"Redacci\\u00f3n\",\"image\":{\"@type\":\"ImageObject\",\"@id\":\"https:\/\/soledaddurazo.com\/#personlogo\",\"inLanguage\":\"es\",\"url\":\"https:\/\/secure.gravatar.com\/avatar\/c4e193752f756fd61f04deebed3a3a20dc188d37edb53682d313ac57f2725d54?s=96&d=mm&r=g\",\"contentUrl\":\"https:\/\/secure.gravatar.com\/avatar\/c4e193752f756fd61f04deebed3a3a20dc188d37edb53682d313ac57f2725d54?s=96&d=mm&r=g\",\"caption\":\"Redacci\\u00f3n\"},\"sameAs\":[\"https:\/\/soledaddurazo.com\"]}]}<\/script>\n ","yoast_head_json":{"title":"Viejos de 30... o cana temprana - Periodista SoledadDurazo.com","robots":{"index":"index","follow":"follow","max-snippet":"max-snippet:-1","max-image-preview":"max-image-preview:large","max-video-preview":"max-video-preview:-1"},"canonical":"https:\/\/soledaddurazo.com\/blog\/2026\/03\/06\/viejos-de-30-o-cana-temprana\/","og_locale":"es_MX","og_type":"article","og_title":"Viejos de 30... o cana temprana","og_description":"Las canas a temprana edad son un fen\u00f3meno cada vez m\u00e1s com\u00fan y pueden aparecer incluso antes de los 30 a\u00f1os. Aunque muchas personas las asocian con el envejecimiento, en realidad existen diversos factores que pueden provocar la p\u00e9rdida prematura de pigmento en el cabello. \u00bfPor qu\u00e9 aparecen las canas? El color del cabello depende [&hellip;]","og_url":"https:\/\/soledaddurazo.com\/blog\/2026\/03\/06\/viejos-de-30-o-cana-temprana\/","og_site_name":"Periodista SoledadDurazo.com","article_publisher":"https:\/\/www.facebook.com\/soledad.durazo.9\/","article_published_time":"2026-03-07T02:03:53+00:00","twitter_card":"summary_large_image","twitter_image":"https:\/\/soledaddurazo.com\/storage\/2026\/03\/util-e-interesante-que-causa-que-persona-joven-tenga-canas-temprana-edad-n511521-938x528-1116809.webp","twitter_creator":"@SoledadDurazo","twitter_site":"@SoledadDurazo","twitter_misc":{"Escrito por":"Redacci\u00f3n","Tiempo de lectura":"2 minutos"},"schema":{"@context":"https:\/\/schema.org","@graph":[{"@type":"Organization","@id":"https:\/\/soledaddurazo.com\/#organization","name":"Soledad Durazo","url":"https:\/\/soledaddurazo.com\/","sameAs":["https:\/\/www.facebook.com\/soledad.durazo.9\/","https:\/\/www.instagram.com\/soledaddurazo","https:\/\/www.youtube.com\/channel\/UC9yGPw8-Vbl_B2XNkRwPS-w","https:\/\/twitter.com\/SoledadDurazo"],"logo":{"@type":"ImageObject","@id":"https:\/\/soledaddurazo.com\/#logo","inLanguage":"es","url":"https:\/\/soledaddurazo.com\/storage\/2021\/11\/nllp-720x375-1-2.png","contentUrl":"https:\/\/soledaddurazo.com\/storage\/2021\/11\/nllp-720x375-1-2.png","width":720,"height":375,"caption":"Soledad Durazo"},"image":{"@id":"https:\/\/soledaddurazo.com\/#logo"}},{"@type":"WebSite","@id":"https:\/\/soledaddurazo.com\/#website","url":"https:\/\/soledaddurazo.com\/","name":"Periodista SoledadDurazo.com","description":"Periodista sonorense. Directora de www.SoledadDurazo.com Columnista, conductora de radio y Tv. Catedr\u00e1tica en la UNISON","publisher":{"@id":"https:\/\/soledaddurazo.com\/#organization"},"potentialAction":[{"@type":"SearchAction","target":{"@type":"EntryPoint","urlTemplate":"https:\/\/soledaddurazo.com\/?s={search_term_string}"},"query-input":"required name=search_term_string"}],"inLanguage":"es"},{"@type":"ImageObject","@id":"https:\/\/soledaddurazo.com\/blog\/2026\/03\/06\/viejos-de-30-o-cana-temprana\/#primaryimage","inLanguage":"es","url":"https:\/\/soledaddurazo.com\/storage\/2026\/03\/util-e-interesante-que-causa-que-persona-joven-tenga-canas-temprana-edad-n511521-938x528-1116809.webp","contentUrl":"https:\/\/soledaddurazo.com\/storage\/2026\/03\/util-e-interesante-que-causa-que-persona-joven-tenga-canas-temprana-edad-n511521-938x528-1116809.webp","width":938,"height":528},{"@type":"WebPage","@id":"https:\/\/soledaddurazo.com\/blog\/2026\/03\/06\/viejos-de-30-o-cana-temprana\/#webpage","url":"https:\/\/soledaddurazo.com\/blog\/2026\/03\/06\/viejos-de-30-o-cana-temprana\/","name":"Viejos de 30... o cana temprana - Periodista SoledadDurazo.com","isPartOf":{"@id":"https:\/\/soledaddurazo.com\/#website"},"primaryImageOfPage":{"@id":"https:\/\/soledaddurazo.com\/blog\/2026\/03\/06\/viejos-de-30-o-cana-temprana\/#primaryimage"},"datePublished":"2026-03-07T02:03:53+00:00","dateModified":"2026-03-07T02:03:53+00:00","breadcrumb":{"@id":"https:\/\/soledaddurazo.com\/blog\/2026\/03\/06\/viejos-de-30-o-cana-temprana\/#breadcrumb"},"inLanguage":"es","potentialAction":[{"@type":"ReadAction","target":["https:\/\/soledaddurazo.com\/blog\/2026\/03\/06\/viejos-de-30-o-cana-temprana\/"]}]},{"@type":"BreadcrumbList","@id":"https:\/\/soledaddurazo.com\/blog\/2026\/03\/06\/viejos-de-30-o-cana-temprana\/#breadcrumb","itemListElement":[{"@type":"ListItem","position":1,"name":"Home","item":"https:\/\/soledaddurazo.com\/"},{"@type":"ListItem","position":2,"name":"Viejos de 30&#8230; o cana temprana"}]},{"@type":"Article","@id":"https:\/\/soledaddurazo.com\/blog\/2026\/03\/06\/viejos-de-30-o-cana-temprana\/#article","isPartOf":{"@id":"https:\/\/soledaddurazo.com\/blog\/2026\/03\/06\/viejos-de-30-o-cana-temprana\/#webpage"},"author":{"@id":"https:\/\/soledaddurazo.com\/#\/schema\/person\/822d8e13aa288585e6546f179853758b"},"headline":"Viejos de 30&#8230; o cana temprana","datePublished":"2026-03-07T02:03:53+00:00","dateModified":"2026-03-07T02:03:53+00:00","mainEntityOfPage":{"@id":"https:\/\/soledaddurazo.com\/blog\/2026\/03\/06\/viejos-de-30-o-cana-temprana\/#webpage"},"wordCount":412,"commentCount":0,"publisher":{"@id":"https:\/\/soledaddurazo.com\/#organization"},"image":{"@id":"https:\/\/soledaddurazo.com\/blog\/2026\/03\/06\/viejos-de-30-o-cana-temprana\/#primaryimage"},"thumbnailUrl":"https:\/\/soledaddurazo.com\/storage\/2026\/03\/util-e-interesante-que-causa-que-persona-joven-tenga-canas-temprana-edad-n511521-938x528-1116809.webp","articleSection":["principal"],"inLanguage":"es","potentialAction":[{"@type":"CommentAction","name":"Comment","target":["https:\/\/soledaddurazo.com\/blog\/2026\/03\/06\/viejos-de-30-o-cana-temprana\/#respond"]}]},{"@type":"Person","@id":"https:\/\/soledaddurazo.com\/#\/schema\/person\/822d8e13aa288585e6546f179853758b","name":"Redacci\u00f3n","image":{"@type":"ImageObject","@id":"https:\/\/soledaddurazo.com\/#personlogo","inLanguage":"es","url":"https:\/\/secure.gravatar.com\/avatar\/c4e193752f756fd61f04deebed3a3a20dc188d37edb53682d313ac57f2725d54?s=96&d=mm&r=g","contentUrl":"https:\/\/secure.gravatar.com\/avatar\/c4e193752f756fd61f04deebed3a3a20dc188d37edb53682d313ac57f2725d54?s=96&d=mm&r=g","caption":"Redacci\u00f3n"},"sameAs":["https:\/\/soledaddurazo.com"]}]}},"_links":{"self":[{"href":"https:\/\/soledaddurazo.com\/api\/wp\/v2\/posts\/24398","targetHints":{"allow":["GET"]}}],"collection":[{"href":"https:\/\/soledaddurazo.com\/api\/wp\/v2\/posts"}],"about":[{"href":"https:\/\/soledaddurazo.com\/api\/wp\/v2\/types\/post"}],"author":[{"embeddable":true,"href":"https:\/\/soledaddurazo.com\/api\/wp\/v2\/users\/1"}],"replies":[{"embeddable":true,"href":"https:\/\/soledaddurazo.com\/api\/wp\/v2\/comments?post=24398"}],"version-history":[{"count":1,"href":"https:\/\/soledaddurazo.com\/api\/wp\/v2\/posts\/24398\/revisions"}],"predecessor-version":[{"id":24400,"href":"https:\/\/soledaddurazo.com\/api\/wp\/v2\/posts\/24398\/revisions\/24400"}],"wp:featuredmedia":[{"embeddable":true,"href":"https:\/\/soledaddurazo.com\/api\/wp\/v2\/media\/24399"}],"wp:attachment":[{"href":"https:\/\/soledaddurazo.com\/api\/wp\/v2\/media?parent=24398"}],"wp:term":[{"taxonomy":"category","embeddable":true,"href":"https:\/\/soledaddurazo.com\/api\/wp\/v2\/categories?post=24398"},{"taxonomy":"post_tag","embeddable":true,"href":"https:\/\/soledaddurazo.com\/api\/wp\/v2\/tags?post=24398"}],"curies":[{"name":"wp","href":"https:\/\/api.w.org\/{rel}","templated":true}]}}