{"id":24161,"date":"2026-01-28T17:32:37","date_gmt":"2026-01-29T00:32:37","guid":{"rendered":"https:\/\/soledaddurazo.com\/?p=24161"},"modified":"2026-01-28T17:42:00","modified_gmt":"2026-01-29T00:42:00","slug":"el-periodismo-de-las-cavernas-de-hilario-olea-a-quien-bautizaron-con-bacanora-celebra-50-anos-de-trayectoria","status":"publish","type":"post","link":"https:\/\/soledaddurazo.com\/blog\/2026\/01\/28\/el-periodismo-de-las-cavernas-de-hilario-olea-a-quien-bautizaron-con-bacanora-celebra-50-anos-de-trayectoria\/","title":{"rendered":"Hilario Olea, el periodista de las cavernas, a quien bautizaron con Bacanora. Celebra 50 a\u00f1os de trayectoria"},"content":{"rendered":"<ul>\n<li><em><strong>Define al periodismo como: Donde los hechos son sagrados y las opiniones libres<\/strong><\/em><\/li>\n<\/ul>\n<p>El primer trabajo como periodista fue traerle una soda al subdirector.<\/p>\n<p>Corr\u00eda el a\u00f1o de 1975, cuando ocurri\u00f3 la ca\u00edda del gobernador Luis Armando Biebrich en Sonora. \u00c9l estudiaba Agronom\u00eda, pero se fue en la \u201cbola\u201d y se \u201cclav\u00f3\u201d: dice, que fue amor a primera vista. Lo dej\u00f3 todo para dedicarse al periodismo y hoy siente que, sin saberlo, estaba buscando su verdadera vocaci\u00f3n.<\/p>\n<p>Se trata de Hilario Olea Ruiz, uno de los referentes hist\u00f3ricos del periodismo en Sonora. Con 50 a\u00f1os en el ejercicio profesional y 72 de edad, ha sido testigo y protagonista de todas las etapas del oficio: del periodismo nocturno y de rotativas, hasta la radio, la televisi\u00f3n y las plataformas actuales. Recientemente recibi\u00f3 un reconocimiento por su trayectoria.<\/p>\n<p><a href=\"https:\/\/soledaddurazo.com\/storage\/2026\/01\/hilario-olea-libro_-25112016r19.jpg\"><img loading=\"lazy\" decoding=\"async\" class=\"aligncenter size-full wp-image-24162\" src=\"https:\/\/soledaddurazo.com\/storage\/2026\/01\/hilario-olea-libro_-25112016r19.jpg\" alt=\"\" width=\"729\" height=\"408\" srcset=\"https:\/\/soledaddurazo.com\/storage\/2026\/01\/hilario-olea-libro_-25112016r19.jpg 729w, https:\/\/soledaddurazo.com\/storage\/2026\/01\/hilario-olea-libro_-25112016r19-300x168.jpg 300w, https:\/\/soledaddurazo.com\/storage\/2026\/01\/hilario-olea-libro_-25112016r19-600x336.jpg 600w\" sizes=\"auto, (max-width: 729px) 100vw, 729px\" \/><\/a><\/p>\n<p>En una entrevista realizada por Soledad Durazo en su espacio de Radio F\u00f3rmula, donde Hilario comparti\u00f3 reflexiones, an\u00e9cdotas y pasajes clave de su vida profesional, ofreciendo una mirada cercana y honesta sobre el periodismo y su evoluci\u00f3n en Sonora.<\/p>\n<p>Aunque inici\u00f3 estudios en Agronom\u00eda, su vocaci\u00f3n real apareci\u00f3 cuando lleg\u00f3 como aprendiz a la redacci\u00f3n de El Sonorense en 1975. Empez\u00f3 literalmente desde abajo, realizando tareas m\u00ednimas, pero con una convicci\u00f3n clara: dedicarse por completo al periodismo, al que define como un amor a primera vista.<\/p>\n<p>Durante sus primeros a\u00f1os cubri\u00f3 las fuentes m\u00e1s conflictivas, aquellas enfrentadas con el poder o con la l\u00ednea editorial. Esa experiencia lo form\u00f3 como reportero de car\u00e1cter, respetado por las fuentes y comprometido con la objetividad y la veracidad, principios que considera esenciales: los hechos son sagrados y las opiniones libres.<\/p>\n<p>Adem\u00e1s de reportero y analista, Hilario ha sido formador de generaciones. Como director de noticias y conductor de espacios como Entre Todos, ha compartido su experiencia con j\u00f3venes periodistas, a quienes apoya cuando detecta vocaci\u00f3n, disciplina y compromiso real con el oficio.<\/p>\n<p>En lo personal, es un hombre profundamente familiar y arraigado a Villa de Seris, donde ha vivido la mayor parte de su vida. Casado desde 1977, padre de tres hijos y abuelo de nueve, Hilario Olea combina el periodismo con la lectura constante, el humor filoso y una identidad muy sonorense, marcada por el bacanora artesanal.<\/p>\n<p>Le invitamos a ver la entrevista completa aqu\u00ed\ud83d\udc47<\/p>\n<div class=\"lyte-wrapper fourthree\" style=\"width:420px;max-width:100%;margin:5px;\"><div class=\"lyMe\" id=\"WYL_ZLg2R5bLrsM\"><div id=\"lyte_ZLg2R5bLrsM\" data-src=\"\/\/i.ytimg.com\/vi\/ZLg2R5bLrsM\/hqdefault.jpg\" class=\"pL\"><div class=\"tC\"><div class=\"tT\"><\/div><\/div><div class=\"play\"><\/div><div class=\"ctrl\"><div class=\"Lctrl\"><\/div><div class=\"Rctrl\"><\/div><\/div><\/div><noscript><a href=\"https:\/\/youtu.be\/ZLg2R5bLrsM\"><img loading=\"lazy\" decoding=\"async\" src=\"https:\/\/i.ytimg.com\/vi\/ZLg2R5bLrsM\/0.jpg\" alt=\"\" width=\"420\" height=\"295\" \/><br \/>Ver este video en YouTube<\/a><\/noscript><\/div><\/div><div class=\"lL\" style=\"max-width:100%;width:420px;margin:5px;\"><\/div>\n","protected":false},"excerpt":{"rendered":"<p>Define al periodismo como: Donde los hechos son sagrados y las opiniones libres El primer trabajo como periodista fue traerle una soda al subdirector. Corr\u00eda el a\u00f1o de 1975, cuando ocurri\u00f3 la ca\u00edda del gobernador Luis Armando Biebrich en Sonora. \u00c9l estudiaba Agronom\u00eda, pero se fue en la \u201cbola\u201d y se \u201cclav\u00f3\u201d: dice, que fue [&hellip;]<\/p>\n","protected":false},"author":1,"featured_media":24163,"comment_status":"open","ping_status":"open","sticky":false,"template":"","format":"standard","meta":{"footnotes":""},"categories":[162,153],"tags":[],"class_list":["post"],"yoast_head":" \n<title>Hilario Olea, el periodista de las cavernas, a quien bautizaron con Bacanora. Celebra 50 a\u00f1os de trayectoria - Periodista SoledadDurazo.com<\/title>\n<meta name=\"robots\" content=\"index, follow, max-snippet:-1, max-image-preview:large, max-video-preview:-1\" \/>\n<link rel=\"canonical\" href=\"https:\/\/soledaddurazo.com\/blog\/2026\/01\/28\/el-periodismo-de-las-cavernas-de-hilario-olea-a-quien-bautizaron-con-bacanora-celebra-50-anos-de-trayectoria\/\" \/>\n<meta property=\"og:locale\" content=\"es_MX\" \/>\n<meta property=\"og:type\" content=\"article\" \/>\n<meta property=\"og:title\" content=\"Hilario Olea, el periodista de las cavernas, a quien bautizaron con Bacanora. Celebra 50 a\u00f1os de trayectoria\" \/>\n<meta property=\"og:description\" content=\"Define al periodismo como: Donde los hechos son sagrados y las opiniones libres El primer trabajo como periodista fue traerle una soda al subdirector. Corr\u00eda el a\u00f1o de 1975, cuando ocurri\u00f3 la ca\u00edda del gobernador Luis Armando Biebrich en Sonora. \u00c9l estudiaba Agronom\u00eda, pero se fue en la \u201cbola\u201d y se \u201cclav\u00f3\u201d: dice, que fue [&hellip;]\" \/>\n<meta property=\"og:url\" content=\"https:\/\/soledaddurazo.com\/blog\/2026\/01\/28\/el-periodismo-de-las-cavernas-de-hilario-olea-a-quien-bautizaron-con-bacanora-celebra-50-anos-de-trayectoria\/\" \/>\n<meta property=\"og:site_name\" content=\"Periodista SoledadDurazo.com\" \/>\n<meta property=\"article:publisher\" content=\"https:\/\/www.facebook.com\/soledad.durazo.9\/\" \/>\n<meta property=\"article:published_time\" content=\"2026-01-29T00:32:37+00:00\" \/>\n<meta property=\"article:modified_time\" content=\"2026-01-29T00:42:00+00:00\" \/>\n<meta property=\"og:image\" content=\"https:\/\/soledaddurazo.com\/storage\/2026\/01\/hilario-olea-portada-.jpg\" \/>\n\t<meta property=\"og:image:width\" content=\"1008\" \/>\n\t<meta property=\"og:image:height\" content=\"611\" \/>\n<meta name=\"twitter:card\" content=\"summary_large_image\" \/>\n<meta name=\"twitter:creator\" content=\"@SoledadDurazo\" \/>\n<meta name=\"twitter:site\" content=\"@SoledadDurazo\" \/>\n<meta name=\"twitter:label1\" content=\"Escrito por\" \/>\n\t<meta name=\"twitter:data1\" content=\"Redacci\u00f3n\" \/>\n\t<meta name=\"twitter:label2\" content=\"Tiempo de lectura\" \/>\n\t<meta name=\"twitter:data2\" content=\"2 minutos\" \/>\n<script type=\"application\/ld+json\" class=\"yoast-schema-graph\">{\"@context\":\"https:\/\/schema.org\",\"@graph\":[{\"@type\":\"Organization\",\"@id\":\"https:\/\/soledaddurazo.com\/#organization\",\"name\":\"Soledad Durazo\",\"url\":\"https:\/\/soledaddurazo.com\/\",\"sameAs\":[\"https:\/\/www.facebook.com\/soledad.durazo.9\/\",\"https:\/\/www.instagram.com\/soledaddurazo\",\"https:\/\/www.youtube.com\/channel\/UC9yGPw8-Vbl_B2XNkRwPS-w\",\"https:\/\/twitter.com\/SoledadDurazo\"],\"logo\":{\"@type\":\"ImageObject\",\"@id\":\"https:\/\/soledaddurazo.com\/#logo\",\"inLanguage\":\"es\",\"url\":\"https:\/\/soledaddurazo.com\/storage\/2021\/11\/nllp-720x375-1-2.png\",\"contentUrl\":\"https:\/\/soledaddurazo.com\/storage\/2021\/11\/nllp-720x375-1-2.png\",\"width\":720,\"height\":375,\"caption\":\"Soledad Durazo\"},\"image\":{\"@id\":\"https:\/\/soledaddurazo.com\/#logo\"}},{\"@type\":\"WebSite\",\"@id\":\"https:\/\/soledaddurazo.com\/#website\",\"url\":\"https:\/\/soledaddurazo.com\/\",\"name\":\"Periodista SoledadDurazo.com\",\"description\":\"Periodista sonorense. Directora de www.SoledadDurazo.com Columnista, conductora de radio y Tv. Catedr\\u00e1tica en la UNISON\",\"publisher\":{\"@id\":\"https:\/\/soledaddurazo.com\/#organization\"},\"potentialAction\":[{\"@type\":\"SearchAction\",\"target\":{\"@type\":\"EntryPoint\",\"urlTemplate\":\"https:\/\/soledaddurazo.com\/?s={search_term_string}\"},\"query-input\":\"required name=search_term_string\"}],\"inLanguage\":\"es\"},{\"@type\":\"ImageObject\",\"@id\":\"https:\/\/soledaddurazo.com\/blog\/2026\/01\/28\/el-periodismo-de-las-cavernas-de-hilario-olea-a-quien-bautizaron-con-bacanora-celebra-50-anos-de-trayectoria\/#primaryimage\",\"inLanguage\":\"es\",\"url\":\"https:\/\/soledaddurazo.com\/storage\/2026\/01\/hilario-olea-portada-.jpg\",\"contentUrl\":\"https:\/\/soledaddurazo.com\/storage\/2026\/01\/hilario-olea-portada-.jpg\",\"width\":1008,\"height\":611,\"caption\":\"????????????????????????????????????\"},{\"@type\":\"WebPage\",\"@id\":\"https:\/\/soledaddurazo.com\/blog\/2026\/01\/28\/el-periodismo-de-las-cavernas-de-hilario-olea-a-quien-bautizaron-con-bacanora-celebra-50-anos-de-trayectoria\/#webpage\",\"url\":\"https:\/\/soledaddurazo.com\/blog\/2026\/01\/28\/el-periodismo-de-las-cavernas-de-hilario-olea-a-quien-bautizaron-con-bacanora-celebra-50-anos-de-trayectoria\/\",\"name\":\"Hilario Olea, el periodista de las cavernas, a quien bautizaron con Bacanora. Celebra 50 a\\u00f1os de trayectoria - Periodista SoledadDurazo.com\",\"isPartOf\":{\"@id\":\"https:\/\/soledaddurazo.com\/#website\"},\"primaryImageOfPage\":{\"@id\":\"https:\/\/soledaddurazo.com\/blog\/2026\/01\/28\/el-periodismo-de-las-cavernas-de-hilario-olea-a-quien-bautizaron-con-bacanora-celebra-50-anos-de-trayectoria\/#primaryimage\"},\"datePublished\":\"2026-01-29T00:32:37+00:00\",\"dateModified\":\"2026-01-29T00:42:00+00:00\",\"breadcrumb\":{\"@id\":\"https:\/\/soledaddurazo.com\/blog\/2026\/01\/28\/el-periodismo-de-las-cavernas-de-hilario-olea-a-quien-bautizaron-con-bacanora-celebra-50-anos-de-trayectoria\/#breadcrumb\"},\"inLanguage\":\"es\",\"potentialAction\":[{\"@type\":\"ReadAction\",\"target\":[\"https:\/\/soledaddurazo.com\/blog\/2026\/01\/28\/el-periodismo-de-las-cavernas-de-hilario-olea-a-quien-bautizaron-con-bacanora-celebra-50-anos-de-trayectoria\/\"]}]},{\"@type\":\"BreadcrumbList\",\"@id\":\"https:\/\/soledaddurazo.com\/blog\/2026\/01\/28\/el-periodismo-de-las-cavernas-de-hilario-olea-a-quien-bautizaron-con-bacanora-celebra-50-anos-de-trayectoria\/#breadcrumb\",\"itemListElement\":[{\"@type\":\"ListItem\",\"position\":1,\"name\":\"Home\",\"item\":\"https:\/\/soledaddurazo.com\/\"},{\"@type\":\"ListItem\",\"position\":2,\"name\":\"Hilario Olea, el periodista de las cavernas, a quien bautizaron con Bacanora. Celebra 50 a\\u00f1os de trayectoria\"}]},{\"@type\":\"Article\",\"@id\":\"https:\/\/soledaddurazo.com\/blog\/2026\/01\/28\/el-periodismo-de-las-cavernas-de-hilario-olea-a-quien-bautizaron-con-bacanora-celebra-50-anos-de-trayectoria\/#article\",\"isPartOf\":{\"@id\":\"https:\/\/soledaddurazo.com\/blog\/2026\/01\/28\/el-periodismo-de-las-cavernas-de-hilario-olea-a-quien-bautizaron-con-bacanora-celebra-50-anos-de-trayectoria\/#webpage\"},\"author\":{\"@id\":\"https:\/\/soledaddurazo.com\/#\/schema\/person\/822d8e13aa288585e6546f179853758b\"},\"headline\":\"Hilario Olea, el periodista de las cavernas, a quien bautizaron con Bacanora. Celebra 50 a\\u00f1os de trayectoria\",\"datePublished\":\"2026-01-29T00:32:37+00:00\",\"dateModified\":\"2026-01-29T00:42:00+00:00\",\"mainEntityOfPage\":{\"@id\":\"https:\/\/soledaddurazo.com\/blog\/2026\/01\/28\/el-periodismo-de-las-cavernas-de-hilario-olea-a-quien-bautizaron-con-bacanora-celebra-50-anos-de-trayectoria\/#webpage\"},\"wordCount\":420,\"commentCount\":0,\"publisher\":{\"@id\":\"https:\/\/soledaddurazo.com\/#organization\"},\"image\":{\"@id\":\"https:\/\/soledaddurazo.com\/blog\/2026\/01\/28\/el-periodismo-de-las-cavernas-de-hilario-olea-a-quien-bautizaron-con-bacanora-celebra-50-anos-de-trayectoria\/#primaryimage\"},\"thumbnailUrl\":\"https:\/\/soledaddurazo.com\/storage\/2026\/01\/hilario-olea-portada-.jpg\",\"articleSection\":[\"Lo digo como es\",\"principal\"],\"inLanguage\":\"es\",\"potentialAction\":[{\"@type\":\"CommentAction\",\"name\":\"Comment\",\"target\":[\"https:\/\/soledaddurazo.com\/blog\/2026\/01\/28\/el-periodismo-de-las-cavernas-de-hilario-olea-a-quien-bautizaron-con-bacanora-celebra-50-anos-de-trayectoria\/#respond\"]}]},{\"@type\":\"Person\",\"@id\":\"https:\/\/soledaddurazo.com\/#\/schema\/person\/822d8e13aa288585e6546f179853758b\",\"name\":\"Redacci\\u00f3n\",\"image\":{\"@type\":\"ImageObject\",\"@id\":\"https:\/\/soledaddurazo.com\/#personlogo\",\"inLanguage\":\"es\",\"url\":\"https:\/\/secure.gravatar.com\/avatar\/c4e193752f756fd61f04deebed3a3a20dc188d37edb53682d313ac57f2725d54?s=96&d=mm&r=g\",\"contentUrl\":\"https:\/\/secure.gravatar.com\/avatar\/c4e193752f756fd61f04deebed3a3a20dc188d37edb53682d313ac57f2725d54?s=96&d=mm&r=g\",\"caption\":\"Redacci\\u00f3n\"},\"sameAs\":[\"https:\/\/soledaddurazo.com\"]}]}<\/script>\n ","yoast_head_json":{"title":"Hilario Olea, el periodista de las cavernas, a quien bautizaron con Bacanora. Celebra 50 a\u00f1os de trayectoria - Periodista SoledadDurazo.com","robots":{"index":"index","follow":"follow","max-snippet":"max-snippet:-1","max-image-preview":"max-image-preview:large","max-video-preview":"max-video-preview:-1"},"canonical":"https:\/\/soledaddurazo.com\/blog\/2026\/01\/28\/el-periodismo-de-las-cavernas-de-hilario-olea-a-quien-bautizaron-con-bacanora-celebra-50-anos-de-trayectoria\/","og_locale":"es_MX","og_type":"article","og_title":"Hilario Olea, el periodista de las cavernas, a quien bautizaron con Bacanora. Celebra 50 a\u00f1os de trayectoria","og_description":"Define al periodismo como: Donde los hechos son sagrados y las opiniones libres El primer trabajo como periodista fue traerle una soda al subdirector. Corr\u00eda el a\u00f1o de 1975, cuando ocurri\u00f3 la ca\u00edda del gobernador Luis Armando Biebrich en Sonora. \u00c9l estudiaba Agronom\u00eda, pero se fue en la \u201cbola\u201d y se \u201cclav\u00f3\u201d: dice, que fue [&hellip;]","og_url":"https:\/\/soledaddurazo.com\/blog\/2026\/01\/28\/el-periodismo-de-las-cavernas-de-hilario-olea-a-quien-bautizaron-con-bacanora-celebra-50-anos-de-trayectoria\/","og_site_name":"Periodista SoledadDurazo.com","article_publisher":"https:\/\/www.facebook.com\/soledad.durazo.9\/","article_published_time":"2026-01-29T00:32:37+00:00","article_modified_time":"2026-01-29T00:42:00+00:00","og_image":[{"width":1008,"height":611,"url":"https:\/\/soledaddurazo.com\/storage\/2026\/01\/hilario-olea-portada-.jpg","type":"image\/jpeg"}],"twitter_card":"summary_large_image","twitter_creator":"@SoledadDurazo","twitter_site":"@SoledadDurazo","twitter_misc":{"Escrito por":"Redacci\u00f3n","Tiempo de lectura":"2 minutos"},"schema":{"@context":"https:\/\/schema.org","@graph":[{"@type":"Organization","@id":"https:\/\/soledaddurazo.com\/#organization","name":"Soledad Durazo","url":"https:\/\/soledaddurazo.com\/","sameAs":["https:\/\/www.facebook.com\/soledad.durazo.9\/","https:\/\/www.instagram.com\/soledaddurazo","https:\/\/www.youtube.com\/channel\/UC9yGPw8-Vbl_B2XNkRwPS-w","https:\/\/twitter.com\/SoledadDurazo"],"logo":{"@type":"ImageObject","@id":"https:\/\/soledaddurazo.com\/#logo","inLanguage":"es","url":"https:\/\/soledaddurazo.com\/storage\/2021\/11\/nllp-720x375-1-2.png","contentUrl":"https:\/\/soledaddurazo.com\/storage\/2021\/11\/nllp-720x375-1-2.png","width":720,"height":375,"caption":"Soledad Durazo"},"image":{"@id":"https:\/\/soledaddurazo.com\/#logo"}},{"@type":"WebSite","@id":"https:\/\/soledaddurazo.com\/#website","url":"https:\/\/soledaddurazo.com\/","name":"Periodista SoledadDurazo.com","description":"Periodista sonorense. Directora de www.SoledadDurazo.com Columnista, conductora de radio y Tv. Catedr\u00e1tica en la UNISON","publisher":{"@id":"https:\/\/soledaddurazo.com\/#organization"},"potentialAction":[{"@type":"SearchAction","target":{"@type":"EntryPoint","urlTemplate":"https:\/\/soledaddurazo.com\/?s={search_term_string}"},"query-input":"required name=search_term_string"}],"inLanguage":"es"},{"@type":"ImageObject","@id":"https:\/\/soledaddurazo.com\/blog\/2026\/01\/28\/el-periodismo-de-las-cavernas-de-hilario-olea-a-quien-bautizaron-con-bacanora-celebra-50-anos-de-trayectoria\/#primaryimage","inLanguage":"es","url":"https:\/\/soledaddurazo.com\/storage\/2026\/01\/hilario-olea-portada-.jpg","contentUrl":"https:\/\/soledaddurazo.com\/storage\/2026\/01\/hilario-olea-portada-.jpg","width":1008,"height":611,"caption":"????????????????????????????????????"},{"@type":"WebPage","@id":"https:\/\/soledaddurazo.com\/blog\/2026\/01\/28\/el-periodismo-de-las-cavernas-de-hilario-olea-a-quien-bautizaron-con-bacanora-celebra-50-anos-de-trayectoria\/#webpage","url":"https:\/\/soledaddurazo.com\/blog\/2026\/01\/28\/el-periodismo-de-las-cavernas-de-hilario-olea-a-quien-bautizaron-con-bacanora-celebra-50-anos-de-trayectoria\/","name":"Hilario Olea, el periodista de las cavernas, a quien bautizaron con Bacanora. Celebra 50 a\u00f1os de trayectoria - Periodista SoledadDurazo.com","isPartOf":{"@id":"https:\/\/soledaddurazo.com\/#website"},"primaryImageOfPage":{"@id":"https:\/\/soledaddurazo.com\/blog\/2026\/01\/28\/el-periodismo-de-las-cavernas-de-hilario-olea-a-quien-bautizaron-con-bacanora-celebra-50-anos-de-trayectoria\/#primaryimage"},"datePublished":"2026-01-29T00:32:37+00:00","dateModified":"2026-01-29T00:42:00+00:00","breadcrumb":{"@id":"https:\/\/soledaddurazo.com\/blog\/2026\/01\/28\/el-periodismo-de-las-cavernas-de-hilario-olea-a-quien-bautizaron-con-bacanora-celebra-50-anos-de-trayectoria\/#breadcrumb"},"inLanguage":"es","potentialAction":[{"@type":"ReadAction","target":["https:\/\/soledaddurazo.com\/blog\/2026\/01\/28\/el-periodismo-de-las-cavernas-de-hilario-olea-a-quien-bautizaron-con-bacanora-celebra-50-anos-de-trayectoria\/"]}]},{"@type":"BreadcrumbList","@id":"https:\/\/soledaddurazo.com\/blog\/2026\/01\/28\/el-periodismo-de-las-cavernas-de-hilario-olea-a-quien-bautizaron-con-bacanora-celebra-50-anos-de-trayectoria\/#breadcrumb","itemListElement":[{"@type":"ListItem","position":1,"name":"Home","item":"https:\/\/soledaddurazo.com\/"},{"@type":"ListItem","position":2,"name":"Hilario Olea, el periodista de las cavernas, a quien bautizaron con Bacanora. Celebra 50 a\u00f1os de trayectoria"}]},{"@type":"Article","@id":"https:\/\/soledaddurazo.com\/blog\/2026\/01\/28\/el-periodismo-de-las-cavernas-de-hilario-olea-a-quien-bautizaron-con-bacanora-celebra-50-anos-de-trayectoria\/#article","isPartOf":{"@id":"https:\/\/soledaddurazo.com\/blog\/2026\/01\/28\/el-periodismo-de-las-cavernas-de-hilario-olea-a-quien-bautizaron-con-bacanora-celebra-50-anos-de-trayectoria\/#webpage"},"author":{"@id":"https:\/\/soledaddurazo.com\/#\/schema\/person\/822d8e13aa288585e6546f179853758b"},"headline":"Hilario Olea, el periodista de las cavernas, a quien bautizaron con Bacanora. Celebra 50 a\u00f1os de trayectoria","datePublished":"2026-01-29T00:32:37+00:00","dateModified":"2026-01-29T00:42:00+00:00","mainEntityOfPage":{"@id":"https:\/\/soledaddurazo.com\/blog\/2026\/01\/28\/el-periodismo-de-las-cavernas-de-hilario-olea-a-quien-bautizaron-con-bacanora-celebra-50-anos-de-trayectoria\/#webpage"},"wordCount":420,"commentCount":0,"publisher":{"@id":"https:\/\/soledaddurazo.com\/#organization"},"image":{"@id":"https:\/\/soledaddurazo.com\/blog\/2026\/01\/28\/el-periodismo-de-las-cavernas-de-hilario-olea-a-quien-bautizaron-con-bacanora-celebra-50-anos-de-trayectoria\/#primaryimage"},"thumbnailUrl":"https:\/\/soledaddurazo.com\/storage\/2026\/01\/hilario-olea-portada-.jpg","articleSection":["Lo digo como es","principal"],"inLanguage":"es","potentialAction":[{"@type":"CommentAction","name":"Comment","target":["https:\/\/soledaddurazo.com\/blog\/2026\/01\/28\/el-periodismo-de-las-cavernas-de-hilario-olea-a-quien-bautizaron-con-bacanora-celebra-50-anos-de-trayectoria\/#respond"]}]},{"@type":"Person","@id":"https:\/\/soledaddurazo.com\/#\/schema\/person\/822d8e13aa288585e6546f179853758b","name":"Redacci\u00f3n","image":{"@type":"ImageObject","@id":"https:\/\/soledaddurazo.com\/#personlogo","inLanguage":"es","url":"https:\/\/secure.gravatar.com\/avatar\/c4e193752f756fd61f04deebed3a3a20dc188d37edb53682d313ac57f2725d54?s=96&d=mm&r=g","contentUrl":"https:\/\/secure.gravatar.com\/avatar\/c4e193752f756fd61f04deebed3a3a20dc188d37edb53682d313ac57f2725d54?s=96&d=mm&r=g","caption":"Redacci\u00f3n"},"sameAs":["https:\/\/soledaddurazo.com"]}]}},"_links":{"self":[{"href":"https:\/\/soledaddurazo.com\/api\/wp\/v2\/posts\/24161","targetHints":{"allow":["GET"]}}],"collection":[{"href":"https:\/\/soledaddurazo.com\/api\/wp\/v2\/posts"}],"about":[{"href":"https:\/\/soledaddurazo.com\/api\/wp\/v2\/types\/post"}],"author":[{"embeddable":true,"href":"https:\/\/soledaddurazo.com\/api\/wp\/v2\/users\/1"}],"replies":[{"embeddable":true,"href":"https:\/\/soledaddurazo.com\/api\/wp\/v2\/comments?post=24161"}],"version-history":[{"count":3,"href":"https:\/\/soledaddurazo.com\/api\/wp\/v2\/posts\/24161\/revisions"}],"predecessor-version":[{"id":24166,"href":"https:\/\/soledaddurazo.com\/api\/wp\/v2\/posts\/24161\/revisions\/24166"}],"wp:featuredmedia":[{"embeddable":true,"href":"https:\/\/soledaddurazo.com\/api\/wp\/v2\/media\/24163"}],"wp:attachment":[{"href":"https:\/\/soledaddurazo.com\/api\/wp\/v2\/media?parent=24161"}],"wp:term":[{"taxonomy":"category","embeddable":true,"href":"https:\/\/soledaddurazo.com\/api\/wp\/v2\/categories?post=24161"},{"taxonomy":"post_tag","embeddable":true,"href":"https:\/\/soledaddurazo.com\/api\/wp\/v2\/tags?post=24161"}],"curies":[{"name":"wp","href":"https:\/\/api.w.org\/{rel}","templated":true}]}}