{"id":24154,"date":"2026-01-26T11:40:17","date_gmt":"2026-01-26T18:40:17","guid":{"rendered":"https:\/\/soledaddurazo.com\/?p=24154"},"modified":"2026-01-26T11:40:17","modified_gmt":"2026-01-26T18:40:17","slug":"el-segundo-piso-de-la-gran-contradiccion","status":"publish","type":"post","link":"https:\/\/soledaddurazo.com\/blog\/2026\/01\/26\/el-segundo-piso-de-la-gran-contradiccion\/","title":{"rendered":"El segundo piso de la gran contradicci\u00f3n"},"content":{"rendered":"<p>&nbsp;<\/p>\n<ul>\n<li><strong>Froyl\u00e1n G\u00e1mez entre la educaci\u00f3n y las se\u00f1ales pol\u00edticas<\/strong><\/li>\n<li><strong>Aniversario 28 del Informativo Entre Todos<\/strong><\/li>\n<\/ul>\n<p>&nbsp;<\/p>\n<p><a href=\"https:\/\/soledaddurazo.com\/storage\/2026\/01\/49849bde-d4d1-4915-93ab-099a7af7e8dd.jpg\"><img loading=\"lazy\" decoding=\"async\" class=\"aligncenter  wp-image-24155\" src=\"https:\/\/soledaddurazo.com\/storage\/2026\/01\/49849bde-d4d1-4915-93ab-099a7af7e8dd.jpg\" alt=\"\" width=\"498\" height=\"266\" srcset=\"https:\/\/soledaddurazo.com\/storage\/2026\/01\/49849bde-d4d1-4915-93ab-099a7af7e8dd.jpg 640w, https:\/\/soledaddurazo.com\/storage\/2026\/01\/49849bde-d4d1-4915-93ab-099a7af7e8dd-300x160.jpg 300w, https:\/\/soledaddurazo.com\/storage\/2026\/01\/49849bde-d4d1-4915-93ab-099a7af7e8dd-600x321.jpg 600w\" sizes=\"auto, (max-width: 498px) 100vw, 498px\" \/><\/a><\/p>\n<p>La bandera de la esperanza, de la austeridad republicana y de la cuarta transformaci\u00f3n de la vida p\u00fablica nacional, que enarbol\u00f3 Morena como mantra para acceder al poder, parecer deste\u00f1irse vertiginosamente al estrellarse una y otra vez, con episodios que exhiben una realidad vergonzante.<\/p>\n<p>La austeridad republicana ha recibido un tiro en la cabeza, gracias a los esc\u00e1ndalos de muchos de los actores protag\u00f3nicos de la nueva clase pol\u00edtica en el poder, viajes de s\u00faper lujo por el mundo en vuelos de primera clase; estancias en hoteles de cinco estrellas; compras en tiendas de dise\u00f1ador; residencias millonarias; relojes, joyas y festejos dignos de jeques \u00e1rabes.<\/p>\n<p>La cuarta transformaci\u00f3n se ahoga en el pantano de sus contradicciones, al salir a la luz p\u00fabica la corrupta red de huachicol que salpic\u00f3 al sistema de aduanas y a mandos de la Secretar\u00eda de Marina; un Secretario de Seguridad estatal era jefe regional de un poderoso cartel del narco en el sureste del pa\u00eds y contratos gubernamentales en opacidad, son esc\u00e1ndalos que levantan sospechosismo y muestran impunidad para los involucrados que gozan de impunidad, pues las detenciones, brillan por su ausencia.<\/p>\n<p>Los protagonistas de los esc\u00e1ndalos anteriormente enumerados, no pueden justificar su repentino nivel de vida con sus ingresos declarados, quienes ayer pontificaban contra los excesos de la clase pol\u00edtica en el poder y que juraron combatir, hoy incurren sin rubor en las mismas acciones.<\/p>\n<p>El colmo del cinismo estalla en la Suprema Corte de Justicia de la Naci\u00f3n con la adquisici\u00f3n de camionetas blindadas con valor de tres millones de pesos cada una, para los autodenominados Ministros del Pueblo.<\/p>\n<p>\u00bfNo que la Reforma Judicial era para abaratar la justicia y para tener cercan\u00eda con el pueblo? \u00a0Aunque los Ministros del Pueblo, tard\u00edamente renunciaron a ese privilegio, en respuesta a la ventaneada period\u00edstica, su proceder inicial, ah\u00ed queda.<\/p>\n<p>Aunque la Presidenta Claudia Sheinbaum exhorta a la mesura, parece que muchos no le hacen caso en Morena, la borrachera de soberbia y poder, parece dominar la narrativa.<\/p>\n<p>Los mexicanos vemos que se repite el guion del PAN cuando la alternancia democr\u00e1tica hizo su arribo a la vida nacional, presumieron ser por a\u00f1os, el partido de la gente decente, mientras fueron de oposici\u00f3n, terminaron superando las pr\u00e1cticas corruptas del viejo sistema pol\u00edtico, inventado por el PRI. Se sintieron c\u00f3modos y no movieron ni una pieza de ese viejo sistema.<\/p>\n<p>Si la borrachera en el poder del segundo piso contin\u00faa, sin autocr\u00edtica, sin voces de alerta, ni medidas que recompongan el camino y las sancionen con la aplicaci\u00f3n de la ley a quienes traicionan los principios del movimiento, no ser\u00e1 segundo piso de la transformaci\u00f3n, ser\u00e1 el segundo piso, de lo que el mismo movimiento jur\u00f3 destruir.<\/p>\n<p>La historia de esta gran naci\u00f3n nos ha ense\u00f1ado que no perdona a quienes, en nombre del pueblo, terminan sirvi\u00e9ndose de \u00e9l.<\/p>\n<p><strong>FROYL\u00c1N G\u00c1MEZ ENTRE LA EDUCACI\u00d3N Y LAS SE\u00d1ALES POL\u00cdTICAS<\/strong><\/p>\n<p>La reuni\u00f3n semanal del Colectivo de Reporteros Sonorense A.C. recibi\u00f3 al titular de la Secretar\u00eda de Educaci\u00f3n y Cultura, Froyl\u00e1n G\u00e1mez, que dio cuenta de que la entrega cuentas no solo son n\u00fameros, que sirven para la construcci\u00f3n de capital pol\u00edtico.<\/p>\n<p>Saldo blanco reportado en los planteles educativos del estado despu\u00e9s del periodo vacacional decembrino, gracias al Programa Escuela Segura Siempre, gracias al apoyo coordinado entre polic\u00edas, padres de familia y vecinos de planteles educativos, que demostr\u00f3 su eficacia al lograr la detenci\u00f3n de buscado malandro que tra\u00eda asoleado al sector educativo con m\u00e1s de 40 atracos a distintos planteles, lo que se ha traducido en importantes ahorros.<\/p>\n<p>Al hablar del modelo educativo de Sonora, G\u00e1mez Gamboa destaco dos pilares fundamentales, el Programa Becas Sonora de Oportunidades y el Programa de Uniformes Gratuitos. El Gobierno del Estado destina para ambos Programas, m\u00e1s de mil 300 millones.<\/p>\n<p>El Programa de Uniformes Gratuitos, este a\u00f1o, ejercer\u00e1 300 millones de pesos para beneficiar a 440 mil estudiantes de educaci\u00f3n b\u00e1sica, este a\u00f1o se adelantaron las licitaciones, para que el d\u00eda 30 de julio, antes de que concluya el ciclo escolar, todos y cada uno de los alumnos, cuenten con su uniforme escolar completo, incluyendo calzado, para que los padres de familia, puedan organizar con tiempo el gasto para el pr\u00f3ximo ciclo escolar.<\/p>\n<p>Froyl\u00e1n G\u00e1mez Considera que Becas Sonora de Oportunidades es un Programa que quedar\u00e1 como legado del Gobernador Alfonso Durazo, en el que actualmente se han beneficiado m\u00e1s de 500 mil estudiantes, el programa se ha enfocado a la educaci\u00f3n superior, porque era el nivel educativo con m\u00e1s \u00edndice de deserci\u00f3n escolar y que menos se apoyaba con becas. En el primer semestre de este 2026 el Programa beneficiar\u00e1 a 42 mil estudiantes universitarios y el segundo semestre cerrar\u00e1 con 72 mil estudiantes beneficiados, el 70% de la matricula total en universidades p\u00fablicas en el estado.<\/p>\n<p>Gracias a que este 2026 ser\u00e1 el \u00faltimo a\u00f1o que el Instituto de Becas y Cr\u00e9dito Educativo entregue becas para educaci\u00f3n b\u00e1sica, porque la beca Rita Cetina Guti\u00e9rrez del Gobierno Federal, se entregar\u00e1 a m\u00e1s de 240 mil estudiantes de primaria p\u00fablica y desde el a\u00f1o pasado se entreg\u00f3 a los 125 mil estudiantes de secundaria p\u00fablica. En el nivel medio superior, la totalidad de alumnos est\u00e1n becados con la beca Benito Ju\u00e1rez del Gobierno Federal.<\/p>\n<p>Alfonso Durazo cumplir\u00e1 su promesa de campa\u00f1a, al finalizar su administraci\u00f3n, todos los estudiantes de universidades p\u00fablicas, ser\u00e1n beneficiados con una beca que asciende de mil pesos a dos mil pesos mensuales.<\/p>\n<p>No es casualidad que el nombre de Froyl\u00e1n G\u00e1mez, suene fuerte para la candidatura a la Presidencia Municipal o para una posici\u00f3n legislativa; \u00e9l se\u00f1ala que est\u00e1 clavado en su responsabilidad en la SEC, pero su llamado a la unidad y civilidad en el movimiento de la Cuarta Transformaci\u00f3n, se interpreta como un \u201cestoy listo para lo que venga si el movimiento me necesita\u201d.<\/p>\n<p><strong>ANIVERSARIO 28 DEL INFORMATIVO ENTRE TODOS<\/strong><\/p>\n<p>Que un espacio informativo celebre 27 a\u00f1os de estar al aire, se dice f\u00e1cil, el \u00e9xito por alcanzar el a\u00f1orado rating de las audiencias, se logra con credibilidad, que a la vez se alcanza en base a la constancia; dando voz a todas las expresiones e ideolog\u00edas, aplicando siempre el rigor period\u00edstico, para informar los acontecimientos.<\/p>\n<p>Don V\u00edctor Mendoza e Hilario Olea dieron comienzo a la aventura informativa llamada Entre Todos, hace 27 a\u00f1os, en las distintas facetas de ese espacio noticioso, ya sea en radio, en televisi\u00f3n por cable y abierta o en las plataformas digitales; el Informativo Entre Todos ha demostrado su compromiso con una audiencia que demanda algo m\u00e1s que titulares a modo, ah\u00ed reside uno de los secretos de la longevidad medi\u00e1tica del Informativo Entre Todos.<\/p>\n<p>Como el buen vino, Don V\u00edctor Mendoza e Hilario Olea, siguen bien afilados en el micr\u00f3fono, adem\u00e1s que lucen igualitos que hace 27 a\u00f1os. Dicen los que saben que\u2026..viejos\u2026..los cerros y tambi\u00e9n reverdecen. \u00a1Muchas felicidades!<\/p>\n<p><strong>RETAZOS INTERESANTES<\/strong><\/p>\n<p>1.- Arranc\u00f3 el Festival Alfonso Ortiz Tirado, el mejor Festival Cultural del noroeste del pa\u00eds, con gran actividad desplegada durante el fin de semana. Toc\u00f3 al Secretario de Educaci\u00f3n y Cultura, Froyl\u00e1n G\u00e1mez, inaugurar este evento que primordialmente se centra en el bel canto, pero, otras disciplinas art\u00edsticas se han sumado a\u00f1o con a\u00f1o a su cartelera.<\/p>\n<p>Los invito a escuchar los viernes la mesa de an\u00e1lisis de SONORA EN RED NOTICIAS, ejercicio de opini\u00f3n que realizo en compa\u00f1\u00eda de mis amigos Arturo Chapo Soto, Arturo Ballesteros y Gustavo Valenzuela, por el 93.3 del cuadrante de F.M. desde Guaymas para todo el sur de Sonora, y por la se\u00f1al del canal 14 de Estrella Tucson TV, en el sur de Arizona.<\/p>\n<p>Y en Radio Sol 104.7 F.M. LENGUAS VESPERTINAS, de lunes a viernes a las 17:00 horas, le vamos a ofrecer una peque\u00f1a dosis de grilla.<\/p>\n<p>Podemos interactuar a trav\u00e9s de mi cuenta de Twitter @feroropeza20 o en mi correo electr\u00f3nico <a href=\"mailto:luiso@hmo.megared.net.mx\">luiso@hmo.megared.net.mx<\/a><\/p>\n<p>&nbsp;<\/p>\n","protected":false},"excerpt":{"rendered":"<p>&nbsp; Froyl\u00e1n G\u00e1mez entre la educaci\u00f3n y las se\u00f1ales pol\u00edticas Aniversario 28 del Informativo Entre Todos &nbsp; La bandera de la esperanza, de la austeridad republicana y de la cuarta transformaci\u00f3n de la vida p\u00fablica nacional, que enarbol\u00f3 Morena como mantra para acceder al poder, parecer deste\u00f1irse vertiginosamente al estrellarse una y otra vez, con [&hellip;]<\/p>\n","protected":false},"author":1,"featured_media":24030,"comment_status":"open","ping_status":"open","sticky":false,"template":"","format":"standard","meta":{"footnotes":""},"categories":[173],"tags":[],"class_list":["post"],"yoast_head":" \n<title>El segundo piso de la gran contradicci\u00f3n - Periodista SoledadDurazo.com<\/title>\n<meta name=\"robots\" content=\"index, follow, max-snippet:-1, max-image-preview:large, max-video-preview:-1\" \/>\n<link rel=\"canonical\" href=\"https:\/\/soledaddurazo.com\/blog\/2026\/01\/26\/el-segundo-piso-de-la-gran-contradiccion\/\" \/>\n<meta property=\"og:locale\" content=\"es_MX\" \/>\n<meta property=\"og:type\" content=\"article\" \/>\n<meta property=\"og:title\" content=\"El segundo piso de la gran contradicci\u00f3n\" \/>\n<meta property=\"og:description\" content=\"&nbsp; Froyl\u00e1n G\u00e1mez entre la educaci\u00f3n y las se\u00f1ales pol\u00edticas Aniversario 28 del Informativo Entre Todos &nbsp; La bandera de la esperanza, de la austeridad republicana y de la cuarta transformaci\u00f3n de la vida p\u00fablica nacional, que enarbol\u00f3 Morena como mantra para acceder al poder, parecer deste\u00f1irse vertiginosamente al estrellarse una y otra vez, con [&hellip;]\" \/>\n<meta property=\"og:url\" content=\"https:\/\/soledaddurazo.com\/blog\/2026\/01\/26\/el-segundo-piso-de-la-gran-contradiccion\/\" \/>\n<meta property=\"og:site_name\" content=\"Periodista SoledadDurazo.com\" \/>\n<meta property=\"article:publisher\" content=\"https:\/\/www.facebook.com\/soledad.durazo.9\/\" \/>\n<meta property=\"article:published_time\" content=\"2026-01-26T18:40:17+00:00\" \/>\n<meta property=\"og:image\" content=\"https:\/\/soledaddurazo.com\/storage\/2026\/01\/9a-GRAFICO-FERNANDO-OROPEZA.jpeg\" \/>\n\t<meta property=\"og:image:width\" content=\"1092\" \/>\n\t<meta property=\"og:image:height\" content=\"983\" \/>\n<meta name=\"twitter:card\" content=\"summary_large_image\" \/>\n<meta name=\"twitter:creator\" content=\"@SoledadDurazo\" \/>\n<meta name=\"twitter:site\" content=\"@SoledadDurazo\" \/>\n<meta name=\"twitter:label1\" content=\"Escrito por\" \/>\n\t<meta name=\"twitter:data1\" content=\"Redacci\u00f3n\" \/>\n\t<meta name=\"twitter:label2\" content=\"Tiempo de lectura\" \/>\n\t<meta name=\"twitter:data2\" content=\"7 minutos\" \/>\n<script type=\"application\/ld+json\" class=\"yoast-schema-graph\">{\"@context\":\"https:\/\/schema.org\",\"@graph\":[{\"@type\":\"Organization\",\"@id\":\"https:\/\/soledaddurazo.com\/#organization\",\"name\":\"Soledad Durazo\",\"url\":\"https:\/\/soledaddurazo.com\/\",\"sameAs\":[\"https:\/\/www.facebook.com\/soledad.durazo.9\/\",\"https:\/\/www.instagram.com\/soledaddurazo\",\"https:\/\/www.youtube.com\/channel\/UC9yGPw8-Vbl_B2XNkRwPS-w\",\"https:\/\/twitter.com\/SoledadDurazo\"],\"logo\":{\"@type\":\"ImageObject\",\"@id\":\"https:\/\/soledaddurazo.com\/#logo\",\"inLanguage\":\"es\",\"url\":\"https:\/\/soledaddurazo.com\/storage\/2021\/11\/nllp-720x375-1-2.png\",\"contentUrl\":\"https:\/\/soledaddurazo.com\/storage\/2021\/11\/nllp-720x375-1-2.png\",\"width\":720,\"height\":375,\"caption\":\"Soledad Durazo\"},\"image\":{\"@id\":\"https:\/\/soledaddurazo.com\/#logo\"}},{\"@type\":\"WebSite\",\"@id\":\"https:\/\/soledaddurazo.com\/#website\",\"url\":\"https:\/\/soledaddurazo.com\/\",\"name\":\"Periodista SoledadDurazo.com\",\"description\":\"Periodista sonorense. Directora de www.SoledadDurazo.com Columnista, conductora de radio y Tv. Catedr\\u00e1tica en la UNISON\",\"publisher\":{\"@id\":\"https:\/\/soledaddurazo.com\/#organization\"},\"potentialAction\":[{\"@type\":\"SearchAction\",\"target\":{\"@type\":\"EntryPoint\",\"urlTemplate\":\"https:\/\/soledaddurazo.com\/?s={search_term_string}\"},\"query-input\":\"required name=search_term_string\"}],\"inLanguage\":\"es\"},{\"@type\":\"ImageObject\",\"@id\":\"https:\/\/soledaddurazo.com\/blog\/2026\/01\/26\/el-segundo-piso-de-la-gran-contradiccion\/#primaryimage\",\"inLanguage\":\"es\",\"url\":\"https:\/\/soledaddurazo.com\/storage\/2026\/01\/9a-GRAFICO-FERNANDO-OROPEZA.jpeg\",\"contentUrl\":\"https:\/\/soledaddurazo.com\/storage\/2026\/01\/9a-GRAFICO-FERNANDO-OROPEZA.jpeg\",\"width\":1092,\"height\":983},{\"@type\":\"WebPage\",\"@id\":\"https:\/\/soledaddurazo.com\/blog\/2026\/01\/26\/el-segundo-piso-de-la-gran-contradiccion\/#webpage\",\"url\":\"https:\/\/soledaddurazo.com\/blog\/2026\/01\/26\/el-segundo-piso-de-la-gran-contradiccion\/\",\"name\":\"El segundo piso de la gran contradicci\\u00f3n - Periodista SoledadDurazo.com\",\"isPartOf\":{\"@id\":\"https:\/\/soledaddurazo.com\/#website\"},\"primaryImageOfPage\":{\"@id\":\"https:\/\/soledaddurazo.com\/blog\/2026\/01\/26\/el-segundo-piso-de-la-gran-contradiccion\/#primaryimage\"},\"datePublished\":\"2026-01-26T18:40:17+00:00\",\"dateModified\":\"2026-01-26T18:40:17+00:00\",\"breadcrumb\":{\"@id\":\"https:\/\/soledaddurazo.com\/blog\/2026\/01\/26\/el-segundo-piso-de-la-gran-contradiccion\/#breadcrumb\"},\"inLanguage\":\"es\",\"potentialAction\":[{\"@type\":\"ReadAction\",\"target\":[\"https:\/\/soledaddurazo.com\/blog\/2026\/01\/26\/el-segundo-piso-de-la-gran-contradiccion\/\"]}]},{\"@type\":\"BreadcrumbList\",\"@id\":\"https:\/\/soledaddurazo.com\/blog\/2026\/01\/26\/el-segundo-piso-de-la-gran-contradiccion\/#breadcrumb\",\"itemListElement\":[{\"@type\":\"ListItem\",\"position\":1,\"name\":\"Home\",\"item\":\"https:\/\/soledaddurazo.com\/\"},{\"@type\":\"ListItem\",\"position\":2,\"name\":\"El segundo piso de la gran contradicci\\u00f3n\"}]},{\"@type\":\"Article\",\"@id\":\"https:\/\/soledaddurazo.com\/blog\/2026\/01\/26\/el-segundo-piso-de-la-gran-contradiccion\/#article\",\"isPartOf\":{\"@id\":\"https:\/\/soledaddurazo.com\/blog\/2026\/01\/26\/el-segundo-piso-de-la-gran-contradiccion\/#webpage\"},\"author\":{\"@id\":\"https:\/\/soledaddurazo.com\/#\/schema\/person\/822d8e13aa288585e6546f179853758b\"},\"headline\":\"El segundo piso de la gran contradicci\\u00f3n\",\"datePublished\":\"2026-01-26T18:40:17+00:00\",\"dateModified\":\"2026-01-26T18:40:17+00:00\",\"mainEntityOfPage\":{\"@id\":\"https:\/\/soledaddurazo.com\/blog\/2026\/01\/26\/el-segundo-piso-de-la-gran-contradiccion\/#webpage\"},\"wordCount\":1435,\"commentCount\":0,\"publisher\":{\"@id\":\"https:\/\/soledaddurazo.com\/#organization\"},\"image\":{\"@id\":\"https:\/\/soledaddurazo.com\/blog\/2026\/01\/26\/el-segundo-piso-de-la-gran-contradiccion\/#primaryimage\"},\"thumbnailUrl\":\"https:\/\/soledaddurazo.com\/storage\/2026\/01\/9a-GRAFICO-FERNANDO-OROPEZA.jpeg\",\"articleSection\":[\"Fernando Oropeza\"],\"inLanguage\":\"es\",\"potentialAction\":[{\"@type\":\"CommentAction\",\"name\":\"Comment\",\"target\":[\"https:\/\/soledaddurazo.com\/blog\/2026\/01\/26\/el-segundo-piso-de-la-gran-contradiccion\/#respond\"]}]},{\"@type\":\"Person\",\"@id\":\"https:\/\/soledaddurazo.com\/#\/schema\/person\/822d8e13aa288585e6546f179853758b\",\"name\":\"Redacci\\u00f3n\",\"image\":{\"@type\":\"ImageObject\",\"@id\":\"https:\/\/soledaddurazo.com\/#personlogo\",\"inLanguage\":\"es\",\"url\":\"https:\/\/secure.gravatar.com\/avatar\/c4e193752f756fd61f04deebed3a3a20dc188d37edb53682d313ac57f2725d54?s=96&d=mm&r=g\",\"contentUrl\":\"https:\/\/secure.gravatar.com\/avatar\/c4e193752f756fd61f04deebed3a3a20dc188d37edb53682d313ac57f2725d54?s=96&d=mm&r=g\",\"caption\":\"Redacci\\u00f3n\"},\"sameAs\":[\"https:\/\/soledaddurazo.com\"]}]}<\/script>\n ","yoast_head_json":{"title":"El segundo piso de la gran contradicci\u00f3n - Periodista SoledadDurazo.com","robots":{"index":"index","follow":"follow","max-snippet":"max-snippet:-1","max-image-preview":"max-image-preview:large","max-video-preview":"max-video-preview:-1"},"canonical":"https:\/\/soledaddurazo.com\/blog\/2026\/01\/26\/el-segundo-piso-de-la-gran-contradiccion\/","og_locale":"es_MX","og_type":"article","og_title":"El segundo piso de la gran contradicci\u00f3n","og_description":"&nbsp; Froyl\u00e1n G\u00e1mez entre la educaci\u00f3n y las se\u00f1ales pol\u00edticas Aniversario 28 del Informativo Entre Todos &nbsp; La bandera de la esperanza, de la austeridad republicana y de la cuarta transformaci\u00f3n de la vida p\u00fablica nacional, que enarbol\u00f3 Morena como mantra para acceder al poder, parecer deste\u00f1irse vertiginosamente al estrellarse una y otra vez, con [&hellip;]","og_url":"https:\/\/soledaddurazo.com\/blog\/2026\/01\/26\/el-segundo-piso-de-la-gran-contradiccion\/","og_site_name":"Periodista SoledadDurazo.com","article_publisher":"https:\/\/www.facebook.com\/soledad.durazo.9\/","article_published_time":"2026-01-26T18:40:17+00:00","og_image":[{"width":1092,"height":983,"url":"https:\/\/soledaddurazo.com\/storage\/2026\/01\/9a-GRAFICO-FERNANDO-OROPEZA.jpeg","type":"image\/jpeg"}],"twitter_card":"summary_large_image","twitter_creator":"@SoledadDurazo","twitter_site":"@SoledadDurazo","twitter_misc":{"Escrito por":"Redacci\u00f3n","Tiempo de lectura":"7 minutos"},"schema":{"@context":"https:\/\/schema.org","@graph":[{"@type":"Organization","@id":"https:\/\/soledaddurazo.com\/#organization","name":"Soledad Durazo","url":"https:\/\/soledaddurazo.com\/","sameAs":["https:\/\/www.facebook.com\/soledad.durazo.9\/","https:\/\/www.instagram.com\/soledaddurazo","https:\/\/www.youtube.com\/channel\/UC9yGPw8-Vbl_B2XNkRwPS-w","https:\/\/twitter.com\/SoledadDurazo"],"logo":{"@type":"ImageObject","@id":"https:\/\/soledaddurazo.com\/#logo","inLanguage":"es","url":"https:\/\/soledaddurazo.com\/storage\/2021\/11\/nllp-720x375-1-2.png","contentUrl":"https:\/\/soledaddurazo.com\/storage\/2021\/11\/nllp-720x375-1-2.png","width":720,"height":375,"caption":"Soledad Durazo"},"image":{"@id":"https:\/\/soledaddurazo.com\/#logo"}},{"@type":"WebSite","@id":"https:\/\/soledaddurazo.com\/#website","url":"https:\/\/soledaddurazo.com\/","name":"Periodista SoledadDurazo.com","description":"Periodista sonorense. Directora de www.SoledadDurazo.com Columnista, conductora de radio y Tv. Catedr\u00e1tica en la UNISON","publisher":{"@id":"https:\/\/soledaddurazo.com\/#organization"},"potentialAction":[{"@type":"SearchAction","target":{"@type":"EntryPoint","urlTemplate":"https:\/\/soledaddurazo.com\/?s={search_term_string}"},"query-input":"required name=search_term_string"}],"inLanguage":"es"},{"@type":"ImageObject","@id":"https:\/\/soledaddurazo.com\/blog\/2026\/01\/26\/el-segundo-piso-de-la-gran-contradiccion\/#primaryimage","inLanguage":"es","url":"https:\/\/soledaddurazo.com\/storage\/2026\/01\/9a-GRAFICO-FERNANDO-OROPEZA.jpeg","contentUrl":"https:\/\/soledaddurazo.com\/storage\/2026\/01\/9a-GRAFICO-FERNANDO-OROPEZA.jpeg","width":1092,"height":983},{"@type":"WebPage","@id":"https:\/\/soledaddurazo.com\/blog\/2026\/01\/26\/el-segundo-piso-de-la-gran-contradiccion\/#webpage","url":"https:\/\/soledaddurazo.com\/blog\/2026\/01\/26\/el-segundo-piso-de-la-gran-contradiccion\/","name":"El segundo piso de la gran contradicci\u00f3n - Periodista SoledadDurazo.com","isPartOf":{"@id":"https:\/\/soledaddurazo.com\/#website"},"primaryImageOfPage":{"@id":"https:\/\/soledaddurazo.com\/blog\/2026\/01\/26\/el-segundo-piso-de-la-gran-contradiccion\/#primaryimage"},"datePublished":"2026-01-26T18:40:17+00:00","dateModified":"2026-01-26T18:40:17+00:00","breadcrumb":{"@id":"https:\/\/soledaddurazo.com\/blog\/2026\/01\/26\/el-segundo-piso-de-la-gran-contradiccion\/#breadcrumb"},"inLanguage":"es","potentialAction":[{"@type":"ReadAction","target":["https:\/\/soledaddurazo.com\/blog\/2026\/01\/26\/el-segundo-piso-de-la-gran-contradiccion\/"]}]},{"@type":"BreadcrumbList","@id":"https:\/\/soledaddurazo.com\/blog\/2026\/01\/26\/el-segundo-piso-de-la-gran-contradiccion\/#breadcrumb","itemListElement":[{"@type":"ListItem","position":1,"name":"Home","item":"https:\/\/soledaddurazo.com\/"},{"@type":"ListItem","position":2,"name":"El segundo piso de la gran contradicci\u00f3n"}]},{"@type":"Article","@id":"https:\/\/soledaddurazo.com\/blog\/2026\/01\/26\/el-segundo-piso-de-la-gran-contradiccion\/#article","isPartOf":{"@id":"https:\/\/soledaddurazo.com\/blog\/2026\/01\/26\/el-segundo-piso-de-la-gran-contradiccion\/#webpage"},"author":{"@id":"https:\/\/soledaddurazo.com\/#\/schema\/person\/822d8e13aa288585e6546f179853758b"},"headline":"El segundo piso de la gran contradicci\u00f3n","datePublished":"2026-01-26T18:40:17+00:00","dateModified":"2026-01-26T18:40:17+00:00","mainEntityOfPage":{"@id":"https:\/\/soledaddurazo.com\/blog\/2026\/01\/26\/el-segundo-piso-de-la-gran-contradiccion\/#webpage"},"wordCount":1435,"commentCount":0,"publisher":{"@id":"https:\/\/soledaddurazo.com\/#organization"},"image":{"@id":"https:\/\/soledaddurazo.com\/blog\/2026\/01\/26\/el-segundo-piso-de-la-gran-contradiccion\/#primaryimage"},"thumbnailUrl":"https:\/\/soledaddurazo.com\/storage\/2026\/01\/9a-GRAFICO-FERNANDO-OROPEZA.jpeg","articleSection":["Fernando Oropeza"],"inLanguage":"es","potentialAction":[{"@type":"CommentAction","name":"Comment","target":["https:\/\/soledaddurazo.com\/blog\/2026\/01\/26\/el-segundo-piso-de-la-gran-contradiccion\/#respond"]}]},{"@type":"Person","@id":"https:\/\/soledaddurazo.com\/#\/schema\/person\/822d8e13aa288585e6546f179853758b","name":"Redacci\u00f3n","image":{"@type":"ImageObject","@id":"https:\/\/soledaddurazo.com\/#personlogo","inLanguage":"es","url":"https:\/\/secure.gravatar.com\/avatar\/c4e193752f756fd61f04deebed3a3a20dc188d37edb53682d313ac57f2725d54?s=96&d=mm&r=g","contentUrl":"https:\/\/secure.gravatar.com\/avatar\/c4e193752f756fd61f04deebed3a3a20dc188d37edb53682d313ac57f2725d54?s=96&d=mm&r=g","caption":"Redacci\u00f3n"},"sameAs":["https:\/\/soledaddurazo.com"]}]}},"_links":{"self":[{"href":"https:\/\/soledaddurazo.com\/api\/wp\/v2\/posts\/24154","targetHints":{"allow":["GET"]}}],"collection":[{"href":"https:\/\/soledaddurazo.com\/api\/wp\/v2\/posts"}],"about":[{"href":"https:\/\/soledaddurazo.com\/api\/wp\/v2\/types\/post"}],"author":[{"embeddable":true,"href":"https:\/\/soledaddurazo.com\/api\/wp\/v2\/users\/1"}],"replies":[{"embeddable":true,"href":"https:\/\/soledaddurazo.com\/api\/wp\/v2\/comments?post=24154"}],"version-history":[{"count":1,"href":"https:\/\/soledaddurazo.com\/api\/wp\/v2\/posts\/24154\/revisions"}],"predecessor-version":[{"id":24156,"href":"https:\/\/soledaddurazo.com\/api\/wp\/v2\/posts\/24154\/revisions\/24156"}],"wp:featuredmedia":[{"embeddable":true,"href":"https:\/\/soledaddurazo.com\/api\/wp\/v2\/media\/24030"}],"wp:attachment":[{"href":"https:\/\/soledaddurazo.com\/api\/wp\/v2\/media?parent=24154"}],"wp:term":[{"taxonomy":"category","embeddable":true,"href":"https:\/\/soledaddurazo.com\/api\/wp\/v2\/categories?post=24154"},{"taxonomy":"post_tag","embeddable":true,"href":"https:\/\/soledaddurazo.com\/api\/wp\/v2\/tags?post=24154"}],"curies":[{"name":"wp","href":"https:\/\/api.w.org\/{rel}","templated":true}]}}